{"id":170303,"date":"2023-12-19T07:12:43","date_gmt":"2023-12-19T06:12:43","guid":{"rendered":"https:\/\/novice.si\/page\/?p=170303"},"modified":"2023-12-18T17:16:28","modified_gmt":"2023-12-18T16:16:28","slug":"celje-pirotehnika-od-danes-na-prodaj-opozorila-na-mestu","status":"publish","type":"post","link":"https:\/\/novice.si\/page\/celje-pirotehnika-od-danes-na-prodaj-opozorila-na-mestu\/","title":{"rendered":"CELJE Pirotehnika od danes na prodaj, opozorila na mestu"},"content":{"rendered":"<p><img loading=\"lazy\" decoding=\"async\" class=\"wp-image-170304 alignleft\" src=\"https:\/\/novice.si\/page\/wp-content\/uploads\/2023\/12\/okrogla-miza-pirotehnika-1-600x338.jpg\" alt=\"\" width=\"295\" height=\"166\" srcset=\"https:\/\/novice.si\/page\/wp-content\/uploads\/2023\/12\/okrogla-miza-pirotehnika-1-600x338.jpg 600w, https:\/\/novice.si\/page\/wp-content\/uploads\/2023\/12\/okrogla-miza-pirotehnika-1-1024x576.jpg 1024w, https:\/\/novice.si\/page\/wp-content\/uploads\/2023\/12\/okrogla-miza-pirotehnika-1-768x432.jpg 768w, https:\/\/novice.si\/page\/wp-content\/uploads\/2023\/12\/okrogla-miza-pirotehnika-1-1536x865.jpg 1536w, https:\/\/novice.si\/page\/wp-content\/uploads\/2023\/12\/okrogla-miza-pirotehnika-1-696x392.jpg 696w, https:\/\/novice.si\/page\/wp-content\/uploads\/2023\/12\/okrogla-miza-pirotehnika-1-1068x601.jpg 1068w, https:\/\/novice.si\/page\/wp-content\/uploads\/2023\/12\/okrogla-miza-pirotehnika-1-746x420.jpg 746w, https:\/\/novice.si\/page\/wp-content\/uploads\/2023\/12\/okrogla-miza-pirotehnika-1-24x14.jpg 24w, https:\/\/novice.si\/page\/wp-content\/uploads\/2023\/12\/okrogla-miza-pirotehnika-1-36x20.jpg 36w, https:\/\/novice.si\/page\/wp-content\/uploads\/2023\/12\/okrogla-miza-pirotehnika-1-48x27.jpg 48w, https:\/\/novice.si\/page\/wp-content\/uploads\/2023\/12\/okrogla-miza-pirotehnika-1.jpg 1819w\" sizes=\"auto, (max-width: 295px) 100vw, 295px\" \/>Z dana\u0161njim in do konca leta je znova dovoljena prodaja pirotehni\u010dnih izdelkov, njihova uporaba pa je omejena od 26. decembra do prvega januarja.<\/p>\n<p>O uporabi pirotehnike je v\u010deraj tekla beseda tudi na okrogli mizi celjske srednje zdravstvene in kozmeti\u010dne \u0161ole.<\/p>\n<p>Policijski in\u0161pektor <strong>Bo\u0161tjan Kavc<\/strong> je spomnil, da so v zvezi s tem lani na Celjskem obravnavali 16 mladoletnikov in zasegli 410 kosov prepovedanih petard in raket. \u00bbMed drugim smo lani obravnavali mlaj\u0161ega mladoletnika, ki je v navzo\u010dnosti sovrstnikov uporabljal petarde, od katerih je ena eksplodirala mladoletniku v bli\u017eini o\u010desa in ga<img loading=\"lazy\" decoding=\"async\" class=\" wp-image-170305 alignright\" src=\"https:\/\/novice.si\/page\/wp-content\/uploads\/2023\/12\/Dlan-I-600x450.jpg\" alt=\"\" width=\"279\" height=\"209\" srcset=\"https:\/\/novice.si\/page\/wp-content\/uploads\/2023\/12\/Dlan-I-600x450.jpg 600w, https:\/\/novice.si\/page\/wp-content\/uploads\/2023\/12\/Dlan-I-768x576.jpg 768w, https:\/\/novice.si\/page\/wp-content\/uploads\/2023\/12\/Dlan-I-80x60.jpg 80w, https:\/\/novice.si\/page\/wp-content\/uploads\/2023\/12\/Dlan-I-265x198.jpg 265w, https:\/\/novice.si\/page\/wp-content\/uploads\/2023\/12\/Dlan-I-696x522.jpg 696w, https:\/\/novice.si\/page\/wp-content\/uploads\/2023\/12\/Dlan-I-560x420.jpg 560w, https:\/\/novice.si\/page\/wp-content\/uploads\/2023\/12\/Dlan-I-24x18.jpg 24w, https:\/\/novice.si\/page\/wp-content\/uploads\/2023\/12\/Dlan-I-36x27.jpg 36w, https:\/\/novice.si\/page\/wp-content\/uploads\/2023\/12\/Dlan-I-48x36.jpg 48w, https:\/\/novice.si\/page\/wp-content\/uploads\/2023\/12\/Dlan-I.jpg 1024w\" sizes=\"auto, (max-width: 279px) 100vw, 279px\" \/> po\u0161kodovala.\u00ab<\/p>\n<p>Kirurg <strong>Andrej Strahovnik<\/strong> je dopolnil, da je kar 80 odstotkov po\u0161kodovanih oseb v aktivni delovni dobi, najve\u010d jih prihaja iz starostne skupine od 21 do 30 let. \u00bbNajve\u010dkrat so po\u0161kodovane roke in obraz, po\u0161kodbe vplivajo na vid in sluh. V ve\u010dini primerov gre za visokoenergetske po\u0161kodbe, saj gre za globoke po\u0161kodbe tkiv in \u017eivcev, kar vse vodi v dolgotrajne posledice in zdravljenje.\u00ab<\/p>\n<p>P\u0160<\/p>\n","protected":false},"excerpt":{"rendered":"<p>Z dana\u0161njim in do konca leta je znova dovoljena prodaja pirotehni\u010dnih izdelkov, njihova uporaba pa je omejena od 26. decembra do prvega januarja. O uporabi pirotehnike je v\u010deraj tekla beseda tudi na okrogli mizi celjske srednje zdravstvene in kozmeti\u010dne \u0161ole. Policijski in\u0161pektor Bo\u0161tjan Kavc je spomnil, da so v zvezi s tem lani na Celjskem [&hellip;]<\/p>\n","protected":false},"author":33,"featured_media":170306,"comment_status":"closed","ping_status":"closed","sticky":false,"template":"","format":"standard","meta":{"footnotes":""},"categories":[14,17,29],"tags":[19380,16721,19379,11559],"class_list":{"0":"post-170303","1":"post","2":"type-post","3":"status-publish","4":"format-standard","5":"has-post-thumbnail","7":"category-aktualno","8":"category-celjsko","9":"category-kronika","10":"tag-andrej-strahovnik","11":"tag-bostjan-kavc","12":"tag-okrogla-miza-pirotehnika","13":"tag-srednja-zdravstvena-in-kozmeticna-sola-celje"},"yoast_head":"<!-- This site is optimized with the Yoast SEO plugin v27.4 - https:\/\/yoast.com\/product\/yoast-seo-wordpress\/ -->\n<title>CELJE Pirotehnika od danes na prodaj, opozorila na mestu - Novice.si<\/title>\n<meta name=\"robots\" content=\"index, follow, max-snippet:-1, max-image-preview:large, max-video-preview:-1\" \/>\n<link rel=\"canonical\" href=\"https:\/\/novice.si\/page\/celje-pirotehnika-od-danes-na-prodaj-opozorila-na-mestu\/\" \/>\n<meta property=\"og:locale\" content=\"sl_SI\" \/>\n<meta property=\"og:type\" content=\"article\" \/>\n<meta property=\"og:title\" content=\"CELJE Pirotehnika od danes na prodaj, opozorila na mestu - Novice.si\" \/>\n<meta property=\"og:description\" content=\"Z dana\u0161njim in do konca leta je znova dovoljena prodaja pirotehni\u010dnih izdelkov, njihova uporaba pa je omejena od 26. decembra do prvega januarja. O uporabi pirotehnike je v\u010deraj tekla beseda tudi na okrogli mizi celjske srednje zdravstvene in kozmeti\u010dne \u0161ole. Policijski in\u0161pektor Bo\u0161tjan Kavc je spomnil, da so v zvezi s tem lani na Celjskem [&hellip;]\" \/>\n<meta property=\"og:url\" content=\"https:\/\/novice.si\/page\/celje-pirotehnika-od-danes-na-prodaj-opozorila-na-mestu\/\" \/>\n<meta property=\"og:site_name\" content=\"Novice.si\" \/>\n<meta property=\"article:published_time\" content=\"2023-12-19T06:12:43+00:00\" \/>\n<meta property=\"og:image\" content=\"https:\/\/novice.si\/page\/wp-content\/uploads\/2023\/12\/okrogla-miza-pirotehnika-2.jpg\" \/>\n\t<meta property=\"og:image:width\" content=\"1024\" \/>\n\t<meta property=\"og:image:height\" content=\"577\" \/>\n\t<meta property=\"og:image:type\" content=\"image\/jpeg\" \/>\n<meta name=\"author\" content=\"Uredni\u0161tvo Celjana\" \/>\n<meta name=\"twitter:card\" content=\"summary_large_image\" \/>\n<meta name=\"twitter:label1\" content=\"Written by\" \/>\n\t<meta name=\"twitter:data1\" content=\"Uredni\u0161tvo Celjana\" \/>\n\t<meta name=\"twitter:label2\" content=\"Est. reading time\" \/>\n\t<meta name=\"twitter:data2\" content=\"2 minuti\" \/>\n<script type=\"application\/ld+json\" class=\"yoast-schema-graph\">{\"@context\":\"https:\\\/\\\/schema.org\",\"@graph\":[{\"@type\":\"Article\",\"@id\":\"https:\\\/\\\/novice.si\\\/page\\\/celje-pirotehnika-od-danes-na-prodaj-opozorila-na-mestu\\\/#article\",\"isPartOf\":{\"@id\":\"https:\\\/\\\/novice.si\\\/page\\\/celje-pirotehnika-od-danes-na-prodaj-opozorila-na-mestu\\\/\"},\"author\":{\"name\":\"Uredni\u0161tvo Celjana\",\"@id\":\"https:\\\/\\\/novice.si\\\/page\\\/#\\\/schema\\\/person\\\/57f25c9642a9541c7349c65d32032c3e\"},\"headline\":\"CELJE Pirotehnika od danes na prodaj, opozorila na mestu\",\"datePublished\":\"2023-12-19T06:12:43+00:00\",\"mainEntityOfPage\":{\"@id\":\"https:\\\/\\\/novice.si\\\/page\\\/celje-pirotehnika-od-danes-na-prodaj-opozorila-na-mestu\\\/\"},\"wordCount\":176,\"publisher\":{\"@id\":\"https:\\\/\\\/novice.si\\\/page\\\/#organization\"},\"image\":{\"@id\":\"https:\\\/\\\/novice.si\\\/page\\\/celje-pirotehnika-od-danes-na-prodaj-opozorila-na-mestu\\\/#primaryimage\"},\"thumbnailUrl\":\"https:\\\/\\\/novice.si\\\/page\\\/wp-content\\\/uploads\\\/2023\\\/12\\\/okrogla-miza-pirotehnika-2.jpg\",\"keywords\":[\"Andrej Strahovnik\",\"bo\u0161tjan kavc\",\"okrogla miza Pirotehnika\",\"Srednja zdravstvena in kozmeti\u010dna \u0161ola Celje\"],\"articleSection\":[\"Aktualno\",\"Celjsko\",\"Kronika\"],\"inLanguage\":\"sl-SI\"},{\"@type\":\"WebPage\",\"@id\":\"https:\\\/\\\/novice.si\\\/page\\\/celje-pirotehnika-od-danes-na-prodaj-opozorila-na-mestu\\\/\",\"url\":\"https:\\\/\\\/novice.si\\\/page\\\/celje-pirotehnika-od-danes-na-prodaj-opozorila-na-mestu\\\/\",\"name\":\"CELJE Pirotehnika od danes na prodaj, opozorila na mestu - Novice.si\",\"isPartOf\":{\"@id\":\"https:\\\/\\\/novice.si\\\/page\\\/#website\"},\"primaryImageOfPage\":{\"@id\":\"https:\\\/\\\/novice.si\\\/page\\\/celje-pirotehnika-od-danes-na-prodaj-opozorila-na-mestu\\\/#primaryimage\"},\"image\":{\"@id\":\"https:\\\/\\\/novice.si\\\/page\\\/celje-pirotehnika-od-danes-na-prodaj-opozorila-na-mestu\\\/#primaryimage\"},\"thumbnailUrl\":\"https:\\\/\\\/novice.si\\\/page\\\/wp-content\\\/uploads\\\/2023\\\/12\\\/okrogla-miza-pirotehnika-2.jpg\",\"datePublished\":\"2023-12-19T06:12:43+00:00\",\"breadcrumb\":{\"@id\":\"https:\\\/\\\/novice.si\\\/page\\\/celje-pirotehnika-od-danes-na-prodaj-opozorila-na-mestu\\\/#breadcrumb\"},\"inLanguage\":\"sl-SI\",\"potentialAction\":[{\"@type\":\"ReadAction\",\"target\":[\"https:\\\/\\\/novice.si\\\/page\\\/celje-pirotehnika-od-danes-na-prodaj-opozorila-na-mestu\\\/\"]}]},{\"@type\":\"ImageObject\",\"inLanguage\":\"sl-SI\",\"@id\":\"https:\\\/\\\/novice.si\\\/page\\\/celje-pirotehnika-od-danes-na-prodaj-opozorila-na-mestu\\\/#primaryimage\",\"url\":\"https:\\\/\\\/novice.si\\\/page\\\/wp-content\\\/uploads\\\/2023\\\/12\\\/okrogla-miza-pirotehnika-2.jpg\",\"contentUrl\":\"https:\\\/\\\/novice.si\\\/page\\\/wp-content\\\/uploads\\\/2023\\\/12\\\/okrogla-miza-pirotehnika-2.jpg\",\"width\":1024,\"height\":577},{\"@type\":\"BreadcrumbList\",\"@id\":\"https:\\\/\\\/novice.si\\\/page\\\/celje-pirotehnika-od-danes-na-prodaj-opozorila-na-mestu\\\/#breadcrumb\",\"itemListElement\":[{\"@type\":\"ListItem\",\"position\":1,\"name\":\"Home\",\"item\":\"https:\\\/\\\/novice.si\\\/page\\\/\"},{\"@type\":\"ListItem\",\"position\":2,\"name\":\"CELJE Pirotehnika od danes na prodaj, opozorila na mestu\"}]},{\"@type\":\"WebSite\",\"@id\":\"https:\\\/\\\/novice.si\\\/page\\\/#website\",\"url\":\"https:\\\/\\\/novice.si\\\/page\\\/\",\"name\":\"Novice.si\",\"description\":\"\",\"publisher\":{\"@id\":\"https:\\\/\\\/novice.si\\\/page\\\/#organization\"},\"potentialAction\":[{\"@type\":\"SearchAction\",\"target\":{\"@type\":\"EntryPoint\",\"urlTemplate\":\"https:\\\/\\\/novice.si\\\/page\\\/?s={search_term_string}\"},\"query-input\":{\"@type\":\"PropertyValueSpecification\",\"valueRequired\":true,\"valueName\":\"search_term_string\"}}],\"inLanguage\":\"sl-SI\"},{\"@type\":\"Organization\",\"@id\":\"https:\\\/\\\/novice.si\\\/page\\\/#organization\",\"name\":\"Novice.si\",\"url\":\"https:\\\/\\\/novice.si\\\/page\\\/\",\"logo\":{\"@type\":\"ImageObject\",\"inLanguage\":\"sl-SI\",\"@id\":\"https:\\\/\\\/novice.si\\\/page\\\/#\\\/schema\\\/logo\\\/image\\\/\",\"url\":\"https:\\\/\\\/novice.si\\\/page\\\/wp-content\\\/uploads\\\/2023\\\/03\\\/novice_si.png\",\"contentUrl\":\"https:\\\/\\\/novice.si\\\/page\\\/wp-content\\\/uploads\\\/2023\\\/03\\\/novice_si.png\",\"width\":576,\"height\":200,\"caption\":\"Novice.si\"},\"image\":{\"@id\":\"https:\\\/\\\/novice.si\\\/page\\\/#\\\/schema\\\/logo\\\/image\\\/\"}},{\"@type\":\"Person\",\"@id\":\"https:\\\/\\\/novice.si\\\/page\\\/#\\\/schema\\\/person\\\/57f25c9642a9541c7349c65d32032c3e\",\"name\":\"Uredni\u0161tvo Celjana\",\"image\":{\"@type\":\"ImageObject\",\"inLanguage\":\"sl-SI\",\"@id\":\"https:\\\/\\\/secure.gravatar.com\\\/avatar\\\/78e52bc4279b65f6df6345e0ef0f7b792d361361f230cf4ffecfe0afe6d5629c?s=96&d=mm&r=g\",\"url\":\"https:\\\/\\\/secure.gravatar.com\\\/avatar\\\/78e52bc4279b65f6df6345e0ef0f7b792d361361f230cf4ffecfe0afe6d5629c?s=96&d=mm&r=g\",\"contentUrl\":\"https:\\\/\\\/secure.gravatar.com\\\/avatar\\\/78e52bc4279b65f6df6345e0ef0f7b792d361361f230cf4ffecfe0afe6d5629c?s=96&d=mm&r=g\",\"caption\":\"Uredni\u0161tvo Celjana\"},\"url\":\"https:\\\/\\\/novice.si\\\/page\\\/author\\\/primoz\\\/\"}]}<\/script>\n<!-- \/ Yoast SEO plugin. -->","yoast_head_json":{"title":"CELJE Pirotehnika od danes na prodaj, opozorila na mestu - Novice.si","robots":{"index":"index","follow":"follow","max-snippet":"max-snippet:-1","max-image-preview":"max-image-preview:large","max-video-preview":"max-video-preview:-1"},"canonical":"https:\/\/novice.si\/page\/celje-pirotehnika-od-danes-na-prodaj-opozorila-na-mestu\/","og_locale":"sl_SI","og_type":"article","og_title":"CELJE Pirotehnika od danes na prodaj, opozorila na mestu - Novice.si","og_description":"Z dana\u0161njim in do konca leta je znova dovoljena prodaja pirotehni\u010dnih izdelkov, njihova uporaba pa je omejena od 26. decembra do prvega januarja. O uporabi pirotehnike je v\u010deraj tekla beseda tudi na okrogli mizi celjske srednje zdravstvene in kozmeti\u010dne \u0161ole. Policijski in\u0161pektor Bo\u0161tjan Kavc je spomnil, da so v zvezi s tem lani na Celjskem [&hellip;]","og_url":"https:\/\/novice.si\/page\/celje-pirotehnika-od-danes-na-prodaj-opozorila-na-mestu\/","og_site_name":"Novice.si","article_published_time":"2023-12-19T06:12:43+00:00","og_image":[{"width":1024,"height":577,"url":"https:\/\/novice.si\/page\/wp-content\/uploads\/2023\/12\/okrogla-miza-pirotehnika-2.jpg","type":"image\/jpeg"}],"author":"Uredni\u0161tvo Celjana","twitter_card":"summary_large_image","twitter_misc":{"Written by":"Uredni\u0161tvo Celjana","Est. reading time":"2 minuti"},"schema":{"@context":"https:\/\/schema.org","@graph":[{"@type":"Article","@id":"https:\/\/novice.si\/page\/celje-pirotehnika-od-danes-na-prodaj-opozorila-na-mestu\/#article","isPartOf":{"@id":"https:\/\/novice.si\/page\/celje-pirotehnika-od-danes-na-prodaj-opozorila-na-mestu\/"},"author":{"name":"Uredni\u0161tvo Celjana","@id":"https:\/\/novice.si\/page\/#\/schema\/person\/57f25c9642a9541c7349c65d32032c3e"},"headline":"CELJE Pirotehnika od danes na prodaj, opozorila na mestu","datePublished":"2023-12-19T06:12:43+00:00","mainEntityOfPage":{"@id":"https:\/\/novice.si\/page\/celje-pirotehnika-od-danes-na-prodaj-opozorila-na-mestu\/"},"wordCount":176,"publisher":{"@id":"https:\/\/novice.si\/page\/#organization"},"image":{"@id":"https:\/\/novice.si\/page\/celje-pirotehnika-od-danes-na-prodaj-opozorila-na-mestu\/#primaryimage"},"thumbnailUrl":"https:\/\/novice.si\/page\/wp-content\/uploads\/2023\/12\/okrogla-miza-pirotehnika-2.jpg","keywords":["Andrej Strahovnik","bo\u0161tjan kavc","okrogla miza Pirotehnika","Srednja zdravstvena in kozmeti\u010dna \u0161ola Celje"],"articleSection":["Aktualno","Celjsko","Kronika"],"inLanguage":"sl-SI"},{"@type":"WebPage","@id":"https:\/\/novice.si\/page\/celje-pirotehnika-od-danes-na-prodaj-opozorila-na-mestu\/","url":"https:\/\/novice.si\/page\/celje-pirotehnika-od-danes-na-prodaj-opozorila-na-mestu\/","name":"CELJE Pirotehnika od danes na prodaj, opozorila na mestu - Novice.si","isPartOf":{"@id":"https:\/\/novice.si\/page\/#website"},"primaryImageOfPage":{"@id":"https:\/\/novice.si\/page\/celje-pirotehnika-od-danes-na-prodaj-opozorila-na-mestu\/#primaryimage"},"image":{"@id":"https:\/\/novice.si\/page\/celje-pirotehnika-od-danes-na-prodaj-opozorila-na-mestu\/#primaryimage"},"thumbnailUrl":"https:\/\/novice.si\/page\/wp-content\/uploads\/2023\/12\/okrogla-miza-pirotehnika-2.jpg","datePublished":"2023-12-19T06:12:43+00:00","breadcrumb":{"@id":"https:\/\/novice.si\/page\/celje-pirotehnika-od-danes-na-prodaj-opozorila-na-mestu\/#breadcrumb"},"inLanguage":"sl-SI","potentialAction":[{"@type":"ReadAction","target":["https:\/\/novice.si\/page\/celje-pirotehnika-od-danes-na-prodaj-opozorila-na-mestu\/"]}]},{"@type":"ImageObject","inLanguage":"sl-SI","@id":"https:\/\/novice.si\/page\/celje-pirotehnika-od-danes-na-prodaj-opozorila-na-mestu\/#primaryimage","url":"https:\/\/novice.si\/page\/wp-content\/uploads\/2023\/12\/okrogla-miza-pirotehnika-2.jpg","contentUrl":"https:\/\/novice.si\/page\/wp-content\/uploads\/2023\/12\/okrogla-miza-pirotehnika-2.jpg","width":1024,"height":577},{"@type":"BreadcrumbList","@id":"https:\/\/novice.si\/page\/celje-pirotehnika-od-danes-na-prodaj-opozorila-na-mestu\/#breadcrumb","itemListElement":[{"@type":"ListItem","position":1,"name":"Home","item":"https:\/\/novice.si\/page\/"},{"@type":"ListItem","position":2,"name":"CELJE Pirotehnika od danes na prodaj, opozorila na mestu"}]},{"@type":"WebSite","@id":"https:\/\/novice.si\/page\/#website","url":"https:\/\/novice.si\/page\/","name":"Novice.si","description":"","publisher":{"@id":"https:\/\/novice.si\/page\/#organization"},"potentialAction":[{"@type":"SearchAction","target":{"@type":"EntryPoint","urlTemplate":"https:\/\/novice.si\/page\/?s={search_term_string}"},"query-input":{"@type":"PropertyValueSpecification","valueRequired":true,"valueName":"search_term_string"}}],"inLanguage":"sl-SI"},{"@type":"Organization","@id":"https:\/\/novice.si\/page\/#organization","name":"Novice.si","url":"https:\/\/novice.si\/page\/","logo":{"@type":"ImageObject","inLanguage":"sl-SI","@id":"https:\/\/novice.si\/page\/#\/schema\/logo\/image\/","url":"https:\/\/novice.si\/page\/wp-content\/uploads\/2023\/03\/novice_si.png","contentUrl":"https:\/\/novice.si\/page\/wp-content\/uploads\/2023\/03\/novice_si.png","width":576,"height":200,"caption":"Novice.si"},"image":{"@id":"https:\/\/novice.si\/page\/#\/schema\/logo\/image\/"}},{"@type":"Person","@id":"https:\/\/novice.si\/page\/#\/schema\/person\/57f25c9642a9541c7349c65d32032c3e","name":"Uredni\u0161tvo Celjana","image":{"@type":"ImageObject","inLanguage":"sl-SI","@id":"https:\/\/secure.gravatar.com\/avatar\/78e52bc4279b65f6df6345e0ef0f7b792d361361f230cf4ffecfe0afe6d5629c?s=96&d=mm&r=g","url":"https:\/\/secure.gravatar.com\/avatar\/78e52bc4279b65f6df6345e0ef0f7b792d361361f230cf4ffecfe0afe6d5629c?s=96&d=mm&r=g","contentUrl":"https:\/\/secure.gravatar.com\/avatar\/78e52bc4279b65f6df6345e0ef0f7b792d361361f230cf4ffecfe0afe6d5629c?s=96&d=mm&r=g","caption":"Uredni\u0161tvo Celjana"},"url":"https:\/\/novice.si\/page\/author\/primoz\/"}]}},"_links":{"self":[{"href":"https:\/\/novice.si\/page\/wp-json\/wp\/v2\/posts\/170303","targetHints":{"allow":["GET"]}}],"collection":[{"href":"https:\/\/novice.si\/page\/wp-json\/wp\/v2\/posts"}],"about":[{"href":"https:\/\/novice.si\/page\/wp-json\/wp\/v2\/types\/post"}],"author":[{"embeddable":true,"href":"https:\/\/novice.si\/page\/wp-json\/wp\/v2\/users\/33"}],"replies":[{"embeddable":true,"href":"https:\/\/novice.si\/page\/wp-json\/wp\/v2\/comments?post=170303"}],"version-history":[{"count":1,"href":"https:\/\/novice.si\/page\/wp-json\/wp\/v2\/posts\/170303\/revisions"}],"predecessor-version":[{"id":170307,"href":"https:\/\/novice.si\/page\/wp-json\/wp\/v2\/posts\/170303\/revisions\/170307"}],"wp:featuredmedia":[{"embeddable":true,"href":"https:\/\/novice.si\/page\/wp-json\/wp\/v2\/media\/170306"}],"wp:attachment":[{"href":"https:\/\/novice.si\/page\/wp-json\/wp\/v2\/media?parent=170303"}],"wp:term":[{"taxonomy":"category","embeddable":true,"href":"https:\/\/novice.si\/page\/wp-json\/wp\/v2\/categories?post=170303"},{"taxonomy":"post_tag","embeddable":true,"href":"https:\/\/novice.si\/page\/wp-json\/wp\/v2\/tags?post=170303"}],"curies":[{"name":"wp","href":"https:\/\/api.w.org\/{rel}","templated":true}]}}