{"id":170300,"date":"2023-12-18T07:34:23","date_gmt":"2023-12-18T06:34:23","guid":{"rendered":"https:\/\/novice.si\/page\/?p=170300"},"modified":"2023-12-17T21:00:13","modified_gmt":"2023-12-17T20:00:13","slug":"knjiga-tedna-celjske-mohorjeve-sveta-noc-blazena-noc-5","status":"publish","type":"post","link":"https:\/\/novice.si\/page\/knjiga-tedna-celjske-mohorjeve-sveta-noc-blazena-noc-5\/","title":{"rendered":"Knjiga tedna Celjske Mohorjeve: SVETA NO\u010c, BLA\u017dENA NO\u010c!*"},"content":{"rendered":"<p style=\"text-align: right\"><img loading=\"lazy\" decoding=\"async\" class=\"wp-image-170301 alignleft\" src=\"https:\/\/novice.si\/page\/wp-content\/uploads\/2023\/12\/splet-sveta-noc-600x401.jpg\" alt=\"\" width=\"383\" height=\"256\" srcset=\"https:\/\/novice.si\/page\/wp-content\/uploads\/2023\/12\/splet-sveta-noc-600x401.jpg 600w, https:\/\/novice.si\/page\/wp-content\/uploads\/2023\/12\/splet-sveta-noc-768x513.jpg 768w, https:\/\/novice.si\/page\/wp-content\/uploads\/2023\/12\/splet-sveta-noc-696x465.jpg 696w, https:\/\/novice.si\/page\/wp-content\/uploads\/2023\/12\/splet-sveta-noc-629x420.jpg 629w, https:\/\/novice.si\/page\/wp-content\/uploads\/2023\/12\/splet-sveta-noc-24x16.jpg 24w, https:\/\/novice.si\/page\/wp-content\/uploads\/2023\/12\/splet-sveta-noc-36x24.jpg 36w, https:\/\/novice.si\/page\/wp-content\/uploads\/2023\/12\/splet-sveta-noc-48x32.jpg 48w, https:\/\/novice.si\/page\/wp-content\/uploads\/2023\/12\/splet-sveta-noc.jpg 800w\" sizes=\"auto, (max-width: 383px) 100vw, 383px\" \/><strong>* oglasno sporo\u010dilo<\/strong><\/p>\n<p>Pesem, ki svet odeva v mir.<\/p>\n<p>\u010cudovito ilustrirana zgodba o tem, kako je v majhni avstrijski vasi nekega svetega ve\u010dera nastala pesem Sveta no\u010d, ki jo danes pozna ves svet. Besedilo uveljavljenega avstrijskega avtorja dopolnjujejo upodobitve avstralskega slikarja. Slikanica vsebuje tudi celotno besedilo pesmi, ki pooseblja ljubezen, mir in bo\u017ei\u010dno vzdu\u0161je.<\/p>\n<p>Celjska Mohorjeva dru\u017eba vam \u017eeli prijetno branje!<\/p>\n<p style=\"text-align: right\"><strong>* oglasno sporo\u010dilo<\/strong><\/p>\n","protected":false},"excerpt":{"rendered":"<p>* oglasno sporo\u010dilo Pesem, ki svet odeva v mir. \u010cudovito ilustrirana zgodba o tem, kako je v majhni avstrijski vasi nekega svetega ve\u010dera nastala pesem Sveta no\u010d, ki jo danes pozna ves svet. Besedilo uveljavljenega avstrijskega avtorja dopolnjujejo upodobitve avstralskega slikarja. Slikanica vsebuje tudi celotno besedilo pesmi, ki pooseblja ljubezen, mir in bo\u017ei\u010dno vzdu\u0161je. Celjska [&hellip;]<\/p>\n","protected":false},"author":14,"featured_media":170301,"comment_status":"closed","ping_status":"closed","sticky":false,"template":"","format":"standard","meta":{"footnotes":""},"categories":[2544],"tags":[2593,15842,19378,4843,7226],"class_list":{"0":"post-170300","1":"post","2":"type-post","3":"status-publish","4":"format-standard","5":"has-post-thumbnail","7":"category-oglasna-sporocila","8":"tag-celjska-mohorjeva","9":"tag-ljubezen","10":"tag-mir","11":"tag-mohorjeva-druzba","12":"tag-sveta-noc"},"yoast_head":"<!-- This site is optimized with the Yoast SEO plugin v27.4 - https:\/\/yoast.com\/product\/yoast-seo-wordpress\/ -->\n<title>Knjiga tedna Celjske Mohorjeve: SVETA NO\u010c, BLA\u017dENA NO\u010c!* - Novice.si<\/title>\n<meta name=\"robots\" content=\"index, follow, max-snippet:-1, max-image-preview:large, max-video-preview:-1\" \/>\n<link rel=\"canonical\" href=\"https:\/\/novice.si\/page\/knjiga-tedna-celjske-mohorjeve-sveta-noc-blazena-noc-5\/\" \/>\n<meta property=\"og:locale\" content=\"sl_SI\" \/>\n<meta property=\"og:type\" content=\"article\" \/>\n<meta property=\"og:title\" content=\"Knjiga tedna Celjske Mohorjeve: SVETA NO\u010c, BLA\u017dENA NO\u010c!* - Novice.si\" \/>\n<meta property=\"og:description\" content=\"* oglasno sporo\u010dilo Pesem, ki svet odeva v mir. \u010cudovito ilustrirana zgodba o tem, kako je v majhni avstrijski vasi nekega svetega ve\u010dera nastala pesem Sveta no\u010d, ki jo danes pozna ves svet. Besedilo uveljavljenega avstrijskega avtorja dopolnjujejo upodobitve avstralskega slikarja. Slikanica vsebuje tudi celotno besedilo pesmi, ki pooseblja ljubezen, mir in bo\u017ei\u010dno vzdu\u0161je. Celjska [&hellip;]\" \/>\n<meta property=\"og:url\" content=\"https:\/\/novice.si\/page\/knjiga-tedna-celjske-mohorjeve-sveta-noc-blazena-noc-5\/\" \/>\n<meta property=\"og:site_name\" content=\"Novice.si\" \/>\n<meta property=\"article:published_time\" content=\"2023-12-18T06:34:23+00:00\" \/>\n<meta property=\"og:image\" content=\"https:\/\/novice.si\/page\/wp-content\/uploads\/2023\/12\/splet-sveta-noc.jpg\" \/>\n\t<meta property=\"og:image:width\" content=\"800\" \/>\n\t<meta property=\"og:image:height\" content=\"534\" \/>\n\t<meta property=\"og:image:type\" content=\"image\/jpeg\" \/>\n<meta name=\"author\" content=\"Uredni\u0161tvo Celjana\" \/>\n<meta name=\"twitter:card\" content=\"summary_large_image\" \/>\n<meta name=\"twitter:label1\" content=\"Written by\" \/>\n\t<meta name=\"twitter:data1\" content=\"Uredni\u0161tvo Celjana\" \/>\n\t<meta name=\"twitter:label2\" content=\"Est. reading time\" \/>\n\t<meta name=\"twitter:data2\" content=\"1 minuta\" \/>\n<script type=\"application\/ld+json\" class=\"yoast-schema-graph\">{\"@context\":\"https:\\\/\\\/schema.org\",\"@graph\":[{\"@type\":\"Article\",\"@id\":\"https:\\\/\\\/novice.si\\\/page\\\/knjiga-tedna-celjske-mohorjeve-sveta-noc-blazena-noc-5\\\/#article\",\"isPartOf\":{\"@id\":\"https:\\\/\\\/novice.si\\\/page\\\/knjiga-tedna-celjske-mohorjeve-sveta-noc-blazena-noc-5\\\/\"},\"author\":{\"name\":\"Uredni\u0161tvo Celjana\",\"@id\":\"https:\\\/\\\/novice.si\\\/page\\\/#\\\/schema\\\/person\\\/a9db4b6feec0e2914c4b6bba66880105\"},\"headline\":\"Knjiga tedna Celjske Mohorjeve: SVETA NO\u010c, BLA\u017dENA NO\u010c!*\",\"datePublished\":\"2023-12-18T06:34:23+00:00\",\"mainEntityOfPage\":{\"@id\":\"https:\\\/\\\/novice.si\\\/page\\\/knjiga-tedna-celjske-mohorjeve-sveta-noc-blazena-noc-5\\\/\"},\"wordCount\":78,\"publisher\":{\"@id\":\"https:\\\/\\\/novice.si\\\/page\\\/#organization\"},\"image\":{\"@id\":\"https:\\\/\\\/novice.si\\\/page\\\/knjiga-tedna-celjske-mohorjeve-sveta-noc-blazena-noc-5\\\/#primaryimage\"},\"thumbnailUrl\":\"https:\\\/\\\/novice.si\\\/page\\\/wp-content\\\/uploads\\\/2023\\\/12\\\/splet-sveta-noc.jpg\",\"keywords\":[\"celjska mohorjeva\",\"ljubezen\",\"Mir\",\"Mohorjeva dru\u017eba\",\"Sveta no\u010d\"],\"articleSection\":[\"Oglasna sporo\u010dila\"],\"inLanguage\":\"sl-SI\"},{\"@type\":\"WebPage\",\"@id\":\"https:\\\/\\\/novice.si\\\/page\\\/knjiga-tedna-celjske-mohorjeve-sveta-noc-blazena-noc-5\\\/\",\"url\":\"https:\\\/\\\/novice.si\\\/page\\\/knjiga-tedna-celjske-mohorjeve-sveta-noc-blazena-noc-5\\\/\",\"name\":\"Knjiga tedna Celjske Mohorjeve: SVETA NO\u010c, BLA\u017dENA NO\u010c!* - Novice.si\",\"isPartOf\":{\"@id\":\"https:\\\/\\\/novice.si\\\/page\\\/#website\"},\"primaryImageOfPage\":{\"@id\":\"https:\\\/\\\/novice.si\\\/page\\\/knjiga-tedna-celjske-mohorjeve-sveta-noc-blazena-noc-5\\\/#primaryimage\"},\"image\":{\"@id\":\"https:\\\/\\\/novice.si\\\/page\\\/knjiga-tedna-celjske-mohorjeve-sveta-noc-blazena-noc-5\\\/#primaryimage\"},\"thumbnailUrl\":\"https:\\\/\\\/novice.si\\\/page\\\/wp-content\\\/uploads\\\/2023\\\/12\\\/splet-sveta-noc.jpg\",\"datePublished\":\"2023-12-18T06:34:23+00:00\",\"breadcrumb\":{\"@id\":\"https:\\\/\\\/novice.si\\\/page\\\/knjiga-tedna-celjske-mohorjeve-sveta-noc-blazena-noc-5\\\/#breadcrumb\"},\"inLanguage\":\"sl-SI\",\"potentialAction\":[{\"@type\":\"ReadAction\",\"target\":[\"https:\\\/\\\/novice.si\\\/page\\\/knjiga-tedna-celjske-mohorjeve-sveta-noc-blazena-noc-5\\\/\"]}]},{\"@type\":\"ImageObject\",\"inLanguage\":\"sl-SI\",\"@id\":\"https:\\\/\\\/novice.si\\\/page\\\/knjiga-tedna-celjske-mohorjeve-sveta-noc-blazena-noc-5\\\/#primaryimage\",\"url\":\"https:\\\/\\\/novice.si\\\/page\\\/wp-content\\\/uploads\\\/2023\\\/12\\\/splet-sveta-noc.jpg\",\"contentUrl\":\"https:\\\/\\\/novice.si\\\/page\\\/wp-content\\\/uploads\\\/2023\\\/12\\\/splet-sveta-noc.jpg\",\"width\":800,\"height\":534},{\"@type\":\"BreadcrumbList\",\"@id\":\"https:\\\/\\\/novice.si\\\/page\\\/knjiga-tedna-celjske-mohorjeve-sveta-noc-blazena-noc-5\\\/#breadcrumb\",\"itemListElement\":[{\"@type\":\"ListItem\",\"position\":1,\"name\":\"Home\",\"item\":\"https:\\\/\\\/novice.si\\\/page\\\/\"},{\"@type\":\"ListItem\",\"position\":2,\"name\":\"Knjiga tedna Celjske Mohorjeve: SVETA NO\u010c, BLA\u017dENA NO\u010c!*\"}]},{\"@type\":\"WebSite\",\"@id\":\"https:\\\/\\\/novice.si\\\/page\\\/#website\",\"url\":\"https:\\\/\\\/novice.si\\\/page\\\/\",\"name\":\"Novice.si\",\"description\":\"\",\"publisher\":{\"@id\":\"https:\\\/\\\/novice.si\\\/page\\\/#organization\"},\"potentialAction\":[{\"@type\":\"SearchAction\",\"target\":{\"@type\":\"EntryPoint\",\"urlTemplate\":\"https:\\\/\\\/novice.si\\\/page\\\/?s={search_term_string}\"},\"query-input\":{\"@type\":\"PropertyValueSpecification\",\"valueRequired\":true,\"valueName\":\"search_term_string\"}}],\"inLanguage\":\"sl-SI\"},{\"@type\":\"Organization\",\"@id\":\"https:\\\/\\\/novice.si\\\/page\\\/#organization\",\"name\":\"Novice.si\",\"url\":\"https:\\\/\\\/novice.si\\\/page\\\/\",\"logo\":{\"@type\":\"ImageObject\",\"inLanguage\":\"sl-SI\",\"@id\":\"https:\\\/\\\/novice.si\\\/page\\\/#\\\/schema\\\/logo\\\/image\\\/\",\"url\":\"https:\\\/\\\/novice.si\\\/page\\\/wp-content\\\/uploads\\\/2023\\\/03\\\/novice_si.png\",\"contentUrl\":\"https:\\\/\\\/novice.si\\\/page\\\/wp-content\\\/uploads\\\/2023\\\/03\\\/novice_si.png\",\"width\":576,\"height\":200,\"caption\":\"Novice.si\"},\"image\":{\"@id\":\"https:\\\/\\\/novice.si\\\/page\\\/#\\\/schema\\\/logo\\\/image\\\/\"}},{\"@type\":\"Person\",\"@id\":\"https:\\\/\\\/novice.si\\\/page\\\/#\\\/schema\\\/person\\\/a9db4b6feec0e2914c4b6bba66880105\",\"name\":\"Uredni\u0161tvo Celjana\",\"image\":{\"@type\":\"ImageObject\",\"inLanguage\":\"sl-SI\",\"@id\":\"https:\\\/\\\/secure.gravatar.com\\\/avatar\\\/81f0c61a80bf0defdd4c23615cef66d8ec18f810ee16ce148367f5a1a180cf17?s=96&d=mm&r=g\",\"url\":\"https:\\\/\\\/secure.gravatar.com\\\/avatar\\\/81f0c61a80bf0defdd4c23615cef66d8ec18f810ee16ce148367f5a1a180cf17?s=96&d=mm&r=g\",\"contentUrl\":\"https:\\\/\\\/secure.gravatar.com\\\/avatar\\\/81f0c61a80bf0defdd4c23615cef66d8ec18f810ee16ce148367f5a1a180cf17?s=96&d=mm&r=g\",\"caption\":\"Uredni\u0161tvo Celjana\"},\"url\":\"https:\\\/\\\/novice.si\\\/page\\\/author\\\/uros\\\/\"}]}<\/script>\n<!-- \/ Yoast SEO plugin. -->","yoast_head_json":{"title":"Knjiga tedna Celjske Mohorjeve: SVETA NO\u010c, BLA\u017dENA NO\u010c!* - Novice.si","robots":{"index":"index","follow":"follow","max-snippet":"max-snippet:-1","max-image-preview":"max-image-preview:large","max-video-preview":"max-video-preview:-1"},"canonical":"https:\/\/novice.si\/page\/knjiga-tedna-celjske-mohorjeve-sveta-noc-blazena-noc-5\/","og_locale":"sl_SI","og_type":"article","og_title":"Knjiga tedna Celjske Mohorjeve: SVETA NO\u010c, BLA\u017dENA NO\u010c!* - Novice.si","og_description":"* oglasno sporo\u010dilo Pesem, ki svet odeva v mir. \u010cudovito ilustrirana zgodba o tem, kako je v majhni avstrijski vasi nekega svetega ve\u010dera nastala pesem Sveta no\u010d, ki jo danes pozna ves svet. Besedilo uveljavljenega avstrijskega avtorja dopolnjujejo upodobitve avstralskega slikarja. Slikanica vsebuje tudi celotno besedilo pesmi, ki pooseblja ljubezen, mir in bo\u017ei\u010dno vzdu\u0161je. Celjska [&hellip;]","og_url":"https:\/\/novice.si\/page\/knjiga-tedna-celjske-mohorjeve-sveta-noc-blazena-noc-5\/","og_site_name":"Novice.si","article_published_time":"2023-12-18T06:34:23+00:00","og_image":[{"width":800,"height":534,"url":"https:\/\/novice.si\/page\/wp-content\/uploads\/2023\/12\/splet-sveta-noc.jpg","type":"image\/jpeg"}],"author":"Uredni\u0161tvo Celjana","twitter_card":"summary_large_image","twitter_misc":{"Written by":"Uredni\u0161tvo Celjana","Est. reading time":"1 minuta"},"schema":{"@context":"https:\/\/schema.org","@graph":[{"@type":"Article","@id":"https:\/\/novice.si\/page\/knjiga-tedna-celjske-mohorjeve-sveta-noc-blazena-noc-5\/#article","isPartOf":{"@id":"https:\/\/novice.si\/page\/knjiga-tedna-celjske-mohorjeve-sveta-noc-blazena-noc-5\/"},"author":{"name":"Uredni\u0161tvo Celjana","@id":"https:\/\/novice.si\/page\/#\/schema\/person\/a9db4b6feec0e2914c4b6bba66880105"},"headline":"Knjiga tedna Celjske Mohorjeve: SVETA NO\u010c, BLA\u017dENA NO\u010c!*","datePublished":"2023-12-18T06:34:23+00:00","mainEntityOfPage":{"@id":"https:\/\/novice.si\/page\/knjiga-tedna-celjske-mohorjeve-sveta-noc-blazena-noc-5\/"},"wordCount":78,"publisher":{"@id":"https:\/\/novice.si\/page\/#organization"},"image":{"@id":"https:\/\/novice.si\/page\/knjiga-tedna-celjske-mohorjeve-sveta-noc-blazena-noc-5\/#primaryimage"},"thumbnailUrl":"https:\/\/novice.si\/page\/wp-content\/uploads\/2023\/12\/splet-sveta-noc.jpg","keywords":["celjska mohorjeva","ljubezen","Mir","Mohorjeva dru\u017eba","Sveta no\u010d"],"articleSection":["Oglasna sporo\u010dila"],"inLanguage":"sl-SI"},{"@type":"WebPage","@id":"https:\/\/novice.si\/page\/knjiga-tedna-celjske-mohorjeve-sveta-noc-blazena-noc-5\/","url":"https:\/\/novice.si\/page\/knjiga-tedna-celjske-mohorjeve-sveta-noc-blazena-noc-5\/","name":"Knjiga tedna Celjske Mohorjeve: SVETA NO\u010c, BLA\u017dENA NO\u010c!* - Novice.si","isPartOf":{"@id":"https:\/\/novice.si\/page\/#website"},"primaryImageOfPage":{"@id":"https:\/\/novice.si\/page\/knjiga-tedna-celjske-mohorjeve-sveta-noc-blazena-noc-5\/#primaryimage"},"image":{"@id":"https:\/\/novice.si\/page\/knjiga-tedna-celjske-mohorjeve-sveta-noc-blazena-noc-5\/#primaryimage"},"thumbnailUrl":"https:\/\/novice.si\/page\/wp-content\/uploads\/2023\/12\/splet-sveta-noc.jpg","datePublished":"2023-12-18T06:34:23+00:00","breadcrumb":{"@id":"https:\/\/novice.si\/page\/knjiga-tedna-celjske-mohorjeve-sveta-noc-blazena-noc-5\/#breadcrumb"},"inLanguage":"sl-SI","potentialAction":[{"@type":"ReadAction","target":["https:\/\/novice.si\/page\/knjiga-tedna-celjske-mohorjeve-sveta-noc-blazena-noc-5\/"]}]},{"@type":"ImageObject","inLanguage":"sl-SI","@id":"https:\/\/novice.si\/page\/knjiga-tedna-celjske-mohorjeve-sveta-noc-blazena-noc-5\/#primaryimage","url":"https:\/\/novice.si\/page\/wp-content\/uploads\/2023\/12\/splet-sveta-noc.jpg","contentUrl":"https:\/\/novice.si\/page\/wp-content\/uploads\/2023\/12\/splet-sveta-noc.jpg","width":800,"height":534},{"@type":"BreadcrumbList","@id":"https:\/\/novice.si\/page\/knjiga-tedna-celjske-mohorjeve-sveta-noc-blazena-noc-5\/#breadcrumb","itemListElement":[{"@type":"ListItem","position":1,"name":"Home","item":"https:\/\/novice.si\/page\/"},{"@type":"ListItem","position":2,"name":"Knjiga tedna Celjske Mohorjeve: SVETA NO\u010c, BLA\u017dENA NO\u010c!*"}]},{"@type":"WebSite","@id":"https:\/\/novice.si\/page\/#website","url":"https:\/\/novice.si\/page\/","name":"Novice.si","description":"","publisher":{"@id":"https:\/\/novice.si\/page\/#organization"},"potentialAction":[{"@type":"SearchAction","target":{"@type":"EntryPoint","urlTemplate":"https:\/\/novice.si\/page\/?s={search_term_string}"},"query-input":{"@type":"PropertyValueSpecification","valueRequired":true,"valueName":"search_term_string"}}],"inLanguage":"sl-SI"},{"@type":"Organization","@id":"https:\/\/novice.si\/page\/#organization","name":"Novice.si","url":"https:\/\/novice.si\/page\/","logo":{"@type":"ImageObject","inLanguage":"sl-SI","@id":"https:\/\/novice.si\/page\/#\/schema\/logo\/image\/","url":"https:\/\/novice.si\/page\/wp-content\/uploads\/2023\/03\/novice_si.png","contentUrl":"https:\/\/novice.si\/page\/wp-content\/uploads\/2023\/03\/novice_si.png","width":576,"height":200,"caption":"Novice.si"},"image":{"@id":"https:\/\/novice.si\/page\/#\/schema\/logo\/image\/"}},{"@type":"Person","@id":"https:\/\/novice.si\/page\/#\/schema\/person\/a9db4b6feec0e2914c4b6bba66880105","name":"Uredni\u0161tvo Celjana","image":{"@type":"ImageObject","inLanguage":"sl-SI","@id":"https:\/\/secure.gravatar.com\/avatar\/81f0c61a80bf0defdd4c23615cef66d8ec18f810ee16ce148367f5a1a180cf17?s=96&d=mm&r=g","url":"https:\/\/secure.gravatar.com\/avatar\/81f0c61a80bf0defdd4c23615cef66d8ec18f810ee16ce148367f5a1a180cf17?s=96&d=mm&r=g","contentUrl":"https:\/\/secure.gravatar.com\/avatar\/81f0c61a80bf0defdd4c23615cef66d8ec18f810ee16ce148367f5a1a180cf17?s=96&d=mm&r=g","caption":"Uredni\u0161tvo Celjana"},"url":"https:\/\/novice.si\/page\/author\/uros\/"}]}},"_links":{"self":[{"href":"https:\/\/novice.si\/page\/wp-json\/wp\/v2\/posts\/170300","targetHints":{"allow":["GET"]}}],"collection":[{"href":"https:\/\/novice.si\/page\/wp-json\/wp\/v2\/posts"}],"about":[{"href":"https:\/\/novice.si\/page\/wp-json\/wp\/v2\/types\/post"}],"author":[{"embeddable":true,"href":"https:\/\/novice.si\/page\/wp-json\/wp\/v2\/users\/14"}],"replies":[{"embeddable":true,"href":"https:\/\/novice.si\/page\/wp-json\/wp\/v2\/comments?post=170300"}],"version-history":[{"count":1,"href":"https:\/\/novice.si\/page\/wp-json\/wp\/v2\/posts\/170300\/revisions"}],"predecessor-version":[{"id":170302,"href":"https:\/\/novice.si\/page\/wp-json\/wp\/v2\/posts\/170300\/revisions\/170302"}],"wp:featuredmedia":[{"embeddable":true,"href":"https:\/\/novice.si\/page\/wp-json\/wp\/v2\/media\/170301"}],"wp:attachment":[{"href":"https:\/\/novice.si\/page\/wp-json\/wp\/v2\/media?parent=170300"}],"wp:term":[{"taxonomy":"category","embeddable":true,"href":"https:\/\/novice.si\/page\/wp-json\/wp\/v2\/categories?post=170300"},{"taxonomy":"post_tag","embeddable":true,"href":"https:\/\/novice.si\/page\/wp-json\/wp\/v2\/tags?post=170300"}],"curies":[{"name":"wp","href":"https:\/\/api.w.org\/{rel}","templated":true}]}}