{"id":170274,"date":"2023-12-17T13:49:38","date_gmt":"2023-12-17T12:49:38","guid":{"rendered":"https:\/\/novice.si\/page\/?p=170274"},"modified":"2023-12-17T13:49:38","modified_gmt":"2023-12-17T12:49:38","slug":"vojnik-zasijal-je-bozicni-vojnik","status":"publish","type":"post","link":"https:\/\/novice.si\/page\/vojnik-zasijal-je-bozicni-vojnik\/","title":{"rendered":"VOJNIK Zasijal je Bo\u017ei\u010dni Vojnik"},"content":{"rendered":"<p>S kraj\u0161o otvoritveno slovesnostjo pred Cerkvijo Sv. Jerneja in koncertom Godbe na pohala <img loading=\"lazy\" decoding=\"async\" class=\"wp-image-170278 alignleft\" src=\"https:\/\/novice.si\/page\/wp-content\/uploads\/2023\/12\/Bozicni-Vojnik-2023-6-600x450.jpg\" alt=\"\" width=\"283\" height=\"212\" srcset=\"https:\/\/novice.si\/page\/wp-content\/uploads\/2023\/12\/Bozicni-Vojnik-2023-6-600x450.jpg 600w, https:\/\/novice.si\/page\/wp-content\/uploads\/2023\/12\/Bozicni-Vojnik-2023-6-1024x768.jpg 1024w, https:\/\/novice.si\/page\/wp-content\/uploads\/2023\/12\/Bozicni-Vojnik-2023-6-768x576.jpg 768w, https:\/\/novice.si\/page\/wp-content\/uploads\/2023\/12\/Bozicni-Vojnik-2023-6-1536x1152.jpg 1536w, https:\/\/novice.si\/page\/wp-content\/uploads\/2023\/12\/Bozicni-Vojnik-2023-6-80x60.jpg 80w, https:\/\/novice.si\/page\/wp-content\/uploads\/2023\/12\/Bozicni-Vojnik-2023-6-265x198.jpg 265w, https:\/\/novice.si\/page\/wp-content\/uploads\/2023\/12\/Bozicni-Vojnik-2023-6-696x522.jpg 696w, https:\/\/novice.si\/page\/wp-content\/uploads\/2023\/12\/Bozicni-Vojnik-2023-6-1068x801.jpg 1068w, https:\/\/novice.si\/page\/wp-content\/uploads\/2023\/12\/Bozicni-Vojnik-2023-6-560x420.jpg 560w, https:\/\/novice.si\/page\/wp-content\/uploads\/2023\/12\/Bozicni-Vojnik-2023-6-24x18.jpg 24w, https:\/\/novice.si\/page\/wp-content\/uploads\/2023\/12\/Bozicni-Vojnik-2023-6-36x27.jpg 36w, https:\/\/novice.si\/page\/wp-content\/uploads\/2023\/12\/Bozicni-Vojnik-2023-6-48x36.jpg 48w, https:\/\/novice.si\/page\/wp-content\/uploads\/2023\/12\/Bozicni-Vojnik-2023-6.jpg 1600w\" sizes=\"auto, (max-width: 283px) 100vw, 283px\" \/> Nova Cerkev z gostjo Manco \u0160pik so se v\u010deraj za\u010dele prireditve leto\u0161njega Bo\u017ei\u010dnega Vojnika.<\/p>\n<p>Do 6. januarja bo med drugi na ogled tudi najve\u010dja vseslovenska razstava jaslic (teh so na ulicah, vrtovih in v Domu Sv. Jerneja na razstavili okoli 220), vse prireditve so brezpla\u010dne, poseben poudarek so namenili tudi najmlaj\u0161im.<\/p>\n<p>Bo\u017ei\u010dni Vojnik je na sporedu devetih, doslej si ga je ogledalo krepko \u010dez 100 tiso\u010d obiskovalcev, tudi tokrat naj bi jih pri\u0161lo pribli\u017eno 20 tiso\u010d.<\/p>\n<p><img loading=\"lazy\" decoding=\"async\" class=\"wp-image-170280 alignright\" src=\"https:\/\/novice.si\/page\/wp-content\/uploads\/2023\/12\/Bozicni-Vojnik-2023-9-600x450.jpg\" alt=\"\" width=\"196\" height=\"147\" srcset=\"https:\/\/novice.si\/page\/wp-content\/uploads\/2023\/12\/Bozicni-Vojnik-2023-9-600x450.jpg 600w, https:\/\/novice.si\/page\/wp-content\/uploads\/2023\/12\/Bozicni-Vojnik-2023-9-1024x768.jpg 1024w, https:\/\/novice.si\/page\/wp-content\/uploads\/2023\/12\/Bozicni-Vojnik-2023-9-768x576.jpg 768w, https:\/\/novice.si\/page\/wp-content\/uploads\/2023\/12\/Bozicni-Vojnik-2023-9-1536x1152.jpg 1536w, https:\/\/novice.si\/page\/wp-content\/uploads\/2023\/12\/Bozicni-Vojnik-2023-9-80x60.jpg 80w, https:\/\/novice.si\/page\/wp-content\/uploads\/2023\/12\/Bozicni-Vojnik-2023-9-265x198.jpg 265w, https:\/\/novice.si\/page\/wp-content\/uploads\/2023\/12\/Bozicni-Vojnik-2023-9-696x522.jpg 696w, https:\/\/novice.si\/page\/wp-content\/uploads\/2023\/12\/Bozicni-Vojnik-2023-9-1068x801.jpg 1068w, https:\/\/novice.si\/page\/wp-content\/uploads\/2023\/12\/Bozicni-Vojnik-2023-9-560x420.jpg 560w, https:\/\/novice.si\/page\/wp-content\/uploads\/2023\/12\/Bozicni-Vojnik-2023-9-24x18.jpg 24w, https:\/\/novice.si\/page\/wp-content\/uploads\/2023\/12\/Bozicni-Vojnik-2023-9-36x27.jpg 36w, https:\/\/novice.si\/page\/wp-content\/uploads\/2023\/12\/Bozicni-Vojnik-2023-9-48x36.jpg 48w, https:\/\/novice.si\/page\/wp-content\/uploads\/2023\/12\/Bozicni-Vojnik-2023-9.jpg 1600w\" sizes=\"auto, (max-width: 196px) 100vw, 196px\" \/><\/p>\n<p>To leto obele\u017eujemo 800 let prvih jaslic, Vojnik pa si je na podro\u010dju jasli\u010darstva (razstave) v Sloveniji izboril vodilno mesto.<\/p>\n<p>P\u0160<\/p>\n","protected":false},"excerpt":{"rendered":"<p>S kraj\u0161o otvoritveno slovesnostjo pred Cerkvijo Sv. Jerneja in koncertom Godbe na pohala Nova Cerkev z gostjo Manco \u0160pik so se v\u010deraj za\u010dele prireditve leto\u0161njega Bo\u017ei\u010dnega Vojnika. Do 6. januarja bo med drugi na ogled tudi najve\u010dja vseslovenska razstava jaslic (teh so na ulicah, vrtovih in v Domu Sv. Jerneja na razstavili okoli 220), vse [&hellip;]<\/p>\n","protected":false},"author":33,"featured_media":170298,"comment_status":"closed","ping_status":"closed","sticky":false,"template":"","format":"standard","meta":{"footnotes":""},"categories":[17],"tags":[7170,4320,4111,7328],"class_list":{"0":"post-170274","1":"post","2":"type-post","3":"status-publish","4":"format-standard","5":"has-post-thumbnail","7":"category-celjsko","8":"tag-bozicni-vojnik","9":"tag-otvoritev","10":"tag-program-prireditev","11":"tag-razstava-jaslic"},"yoast_head":"<!-- This site is optimized with the Yoast SEO plugin v27.4 - https:\/\/yoast.com\/product\/yoast-seo-wordpress\/ -->\n<title>VOJNIK Zasijal je Bo\u017ei\u010dni Vojnik - Novice.si<\/title>\n<meta name=\"robots\" content=\"index, follow, max-snippet:-1, max-image-preview:large, max-video-preview:-1\" \/>\n<link rel=\"canonical\" href=\"https:\/\/novice.si\/page\/vojnik-zasijal-je-bozicni-vojnik\/\" \/>\n<meta property=\"og:locale\" content=\"sl_SI\" \/>\n<meta property=\"og:type\" content=\"article\" \/>\n<meta property=\"og:title\" content=\"VOJNIK Zasijal je Bo\u017ei\u010dni Vojnik - Novice.si\" \/>\n<meta property=\"og:description\" content=\"S kraj\u0161o otvoritveno slovesnostjo pred Cerkvijo Sv. Jerneja in koncertom Godbe na pohala Nova Cerkev z gostjo Manco \u0160pik so se v\u010deraj za\u010dele prireditve leto\u0161njega Bo\u017ei\u010dnega Vojnika. Do 6. januarja bo med drugi na ogled tudi najve\u010dja vseslovenska razstava jaslic (teh so na ulicah, vrtovih in v Domu Sv. Jerneja na razstavili okoli 220), vse [&hellip;]\" \/>\n<meta property=\"og:url\" content=\"https:\/\/novice.si\/page\/vojnik-zasijal-je-bozicni-vojnik\/\" \/>\n<meta property=\"og:site_name\" content=\"Novice.si\" \/>\n<meta property=\"article:published_time\" content=\"2023-12-17T12:49:38+00:00\" \/>\n<meta property=\"og:image\" content=\"https:\/\/novice.si\/page\/wp-content\/uploads\/2023\/12\/Bozicni-Vojnik-2023-2-1.jpg\" \/>\n\t<meta property=\"og:image:width\" content=\"1600\" \/>\n\t<meta property=\"og:image:height\" content=\"1200\" \/>\n\t<meta property=\"og:image:type\" content=\"image\/jpeg\" \/>\n<meta name=\"author\" content=\"Uredni\u0161tvo Celjana\" \/>\n<meta name=\"twitter:card\" content=\"summary_large_image\" \/>\n<meta name=\"twitter:label1\" content=\"Written by\" \/>\n\t<meta name=\"twitter:data1\" content=\"Uredni\u0161tvo Celjana\" \/>\n\t<meta name=\"twitter:label2\" content=\"Est. reading time\" \/>\n\t<meta name=\"twitter:data2\" content=\"2 minuti\" \/>\n<script type=\"application\/ld+json\" class=\"yoast-schema-graph\">{\"@context\":\"https:\\\/\\\/schema.org\",\"@graph\":[{\"@type\":\"Article\",\"@id\":\"https:\\\/\\\/novice.si\\\/page\\\/vojnik-zasijal-je-bozicni-vojnik\\\/#article\",\"isPartOf\":{\"@id\":\"https:\\\/\\\/novice.si\\\/page\\\/vojnik-zasijal-je-bozicni-vojnik\\\/\"},\"author\":{\"name\":\"Uredni\u0161tvo Celjana\",\"@id\":\"https:\\\/\\\/novice.si\\\/page\\\/#\\\/schema\\\/person\\\/57f25c9642a9541c7349c65d32032c3e\"},\"headline\":\"VOJNIK Zasijal je Bo\u017ei\u010dni Vojnik\",\"datePublished\":\"2023-12-17T12:49:38+00:00\",\"mainEntityOfPage\":{\"@id\":\"https:\\\/\\\/novice.si\\\/page\\\/vojnik-zasijal-je-bozicni-vojnik\\\/\"},\"wordCount\":128,\"publisher\":{\"@id\":\"https:\\\/\\\/novice.si\\\/page\\\/#organization\"},\"image\":{\"@id\":\"https:\\\/\\\/novice.si\\\/page\\\/vojnik-zasijal-je-bozicni-vojnik\\\/#primaryimage\"},\"thumbnailUrl\":\"https:\\\/\\\/novice.si\\\/page\\\/wp-content\\\/uploads\\\/2023\\\/12\\\/Bozicni-Vojnik-2023-2-1.jpg\",\"keywords\":[\"Bo\u017ei\u010dni Vojnik\",\"otvoritev\",\"program prireditev\",\"razstava jaslic\"],\"articleSection\":[\"Celjsko\"],\"inLanguage\":\"sl-SI\"},{\"@type\":\"WebPage\",\"@id\":\"https:\\\/\\\/novice.si\\\/page\\\/vojnik-zasijal-je-bozicni-vojnik\\\/\",\"url\":\"https:\\\/\\\/novice.si\\\/page\\\/vojnik-zasijal-je-bozicni-vojnik\\\/\",\"name\":\"VOJNIK Zasijal je Bo\u017ei\u010dni Vojnik - Novice.si\",\"isPartOf\":{\"@id\":\"https:\\\/\\\/novice.si\\\/page\\\/#website\"},\"primaryImageOfPage\":{\"@id\":\"https:\\\/\\\/novice.si\\\/page\\\/vojnik-zasijal-je-bozicni-vojnik\\\/#primaryimage\"},\"image\":{\"@id\":\"https:\\\/\\\/novice.si\\\/page\\\/vojnik-zasijal-je-bozicni-vojnik\\\/#primaryimage\"},\"thumbnailUrl\":\"https:\\\/\\\/novice.si\\\/page\\\/wp-content\\\/uploads\\\/2023\\\/12\\\/Bozicni-Vojnik-2023-2-1.jpg\",\"datePublished\":\"2023-12-17T12:49:38+00:00\",\"breadcrumb\":{\"@id\":\"https:\\\/\\\/novice.si\\\/page\\\/vojnik-zasijal-je-bozicni-vojnik\\\/#breadcrumb\"},\"inLanguage\":\"sl-SI\",\"potentialAction\":[{\"@type\":\"ReadAction\",\"target\":[\"https:\\\/\\\/novice.si\\\/page\\\/vojnik-zasijal-je-bozicni-vojnik\\\/\"]}]},{\"@type\":\"ImageObject\",\"inLanguage\":\"sl-SI\",\"@id\":\"https:\\\/\\\/novice.si\\\/page\\\/vojnik-zasijal-je-bozicni-vojnik\\\/#primaryimage\",\"url\":\"https:\\\/\\\/novice.si\\\/page\\\/wp-content\\\/uploads\\\/2023\\\/12\\\/Bozicni-Vojnik-2023-2-1.jpg\",\"contentUrl\":\"https:\\\/\\\/novice.si\\\/page\\\/wp-content\\\/uploads\\\/2023\\\/12\\\/Bozicni-Vojnik-2023-2-1.jpg\",\"width\":1600,\"height\":1200},{\"@type\":\"BreadcrumbList\",\"@id\":\"https:\\\/\\\/novice.si\\\/page\\\/vojnik-zasijal-je-bozicni-vojnik\\\/#breadcrumb\",\"itemListElement\":[{\"@type\":\"ListItem\",\"position\":1,\"name\":\"Home\",\"item\":\"https:\\\/\\\/novice.si\\\/page\\\/\"},{\"@type\":\"ListItem\",\"position\":2,\"name\":\"VOJNIK Zasijal je Bo\u017ei\u010dni Vojnik\"}]},{\"@type\":\"WebSite\",\"@id\":\"https:\\\/\\\/novice.si\\\/page\\\/#website\",\"url\":\"https:\\\/\\\/novice.si\\\/page\\\/\",\"name\":\"Novice.si\",\"description\":\"\",\"publisher\":{\"@id\":\"https:\\\/\\\/novice.si\\\/page\\\/#organization\"},\"potentialAction\":[{\"@type\":\"SearchAction\",\"target\":{\"@type\":\"EntryPoint\",\"urlTemplate\":\"https:\\\/\\\/novice.si\\\/page\\\/?s={search_term_string}\"},\"query-input\":{\"@type\":\"PropertyValueSpecification\",\"valueRequired\":true,\"valueName\":\"search_term_string\"}}],\"inLanguage\":\"sl-SI\"},{\"@type\":\"Organization\",\"@id\":\"https:\\\/\\\/novice.si\\\/page\\\/#organization\",\"name\":\"Novice.si\",\"url\":\"https:\\\/\\\/novice.si\\\/page\\\/\",\"logo\":{\"@type\":\"ImageObject\",\"inLanguage\":\"sl-SI\",\"@id\":\"https:\\\/\\\/novice.si\\\/page\\\/#\\\/schema\\\/logo\\\/image\\\/\",\"url\":\"https:\\\/\\\/novice.si\\\/page\\\/wp-content\\\/uploads\\\/2023\\\/03\\\/novice_si.png\",\"contentUrl\":\"https:\\\/\\\/novice.si\\\/page\\\/wp-content\\\/uploads\\\/2023\\\/03\\\/novice_si.png\",\"width\":576,\"height\":200,\"caption\":\"Novice.si\"},\"image\":{\"@id\":\"https:\\\/\\\/novice.si\\\/page\\\/#\\\/schema\\\/logo\\\/image\\\/\"}},{\"@type\":\"Person\",\"@id\":\"https:\\\/\\\/novice.si\\\/page\\\/#\\\/schema\\\/person\\\/57f25c9642a9541c7349c65d32032c3e\",\"name\":\"Uredni\u0161tvo Celjana\",\"image\":{\"@type\":\"ImageObject\",\"inLanguage\":\"sl-SI\",\"@id\":\"https:\\\/\\\/secure.gravatar.com\\\/avatar\\\/78e52bc4279b65f6df6345e0ef0f7b792d361361f230cf4ffecfe0afe6d5629c?s=96&d=mm&r=g\",\"url\":\"https:\\\/\\\/secure.gravatar.com\\\/avatar\\\/78e52bc4279b65f6df6345e0ef0f7b792d361361f230cf4ffecfe0afe6d5629c?s=96&d=mm&r=g\",\"contentUrl\":\"https:\\\/\\\/secure.gravatar.com\\\/avatar\\\/78e52bc4279b65f6df6345e0ef0f7b792d361361f230cf4ffecfe0afe6d5629c?s=96&d=mm&r=g\",\"caption\":\"Uredni\u0161tvo Celjana\"},\"url\":\"https:\\\/\\\/novice.si\\\/page\\\/author\\\/primoz\\\/\"}]}<\/script>\n<!-- \/ Yoast SEO plugin. -->","yoast_head_json":{"title":"VOJNIK Zasijal je Bo\u017ei\u010dni Vojnik - Novice.si","robots":{"index":"index","follow":"follow","max-snippet":"max-snippet:-1","max-image-preview":"max-image-preview:large","max-video-preview":"max-video-preview:-1"},"canonical":"https:\/\/novice.si\/page\/vojnik-zasijal-je-bozicni-vojnik\/","og_locale":"sl_SI","og_type":"article","og_title":"VOJNIK Zasijal je Bo\u017ei\u010dni Vojnik - Novice.si","og_description":"S kraj\u0161o otvoritveno slovesnostjo pred Cerkvijo Sv. Jerneja in koncertom Godbe na pohala Nova Cerkev z gostjo Manco \u0160pik so se v\u010deraj za\u010dele prireditve leto\u0161njega Bo\u017ei\u010dnega Vojnika. Do 6. januarja bo med drugi na ogled tudi najve\u010dja vseslovenska razstava jaslic (teh so na ulicah, vrtovih in v Domu Sv. Jerneja na razstavili okoli 220), vse [&hellip;]","og_url":"https:\/\/novice.si\/page\/vojnik-zasijal-je-bozicni-vojnik\/","og_site_name":"Novice.si","article_published_time":"2023-12-17T12:49:38+00:00","og_image":[{"width":1600,"height":1200,"url":"https:\/\/novice.si\/page\/wp-content\/uploads\/2023\/12\/Bozicni-Vojnik-2023-2-1.jpg","type":"image\/jpeg"}],"author":"Uredni\u0161tvo Celjana","twitter_card":"summary_large_image","twitter_misc":{"Written by":"Uredni\u0161tvo Celjana","Est. reading time":"2 minuti"},"schema":{"@context":"https:\/\/schema.org","@graph":[{"@type":"Article","@id":"https:\/\/novice.si\/page\/vojnik-zasijal-je-bozicni-vojnik\/#article","isPartOf":{"@id":"https:\/\/novice.si\/page\/vojnik-zasijal-je-bozicni-vojnik\/"},"author":{"name":"Uredni\u0161tvo Celjana","@id":"https:\/\/novice.si\/page\/#\/schema\/person\/57f25c9642a9541c7349c65d32032c3e"},"headline":"VOJNIK Zasijal je Bo\u017ei\u010dni Vojnik","datePublished":"2023-12-17T12:49:38+00:00","mainEntityOfPage":{"@id":"https:\/\/novice.si\/page\/vojnik-zasijal-je-bozicni-vojnik\/"},"wordCount":128,"publisher":{"@id":"https:\/\/novice.si\/page\/#organization"},"image":{"@id":"https:\/\/novice.si\/page\/vojnik-zasijal-je-bozicni-vojnik\/#primaryimage"},"thumbnailUrl":"https:\/\/novice.si\/page\/wp-content\/uploads\/2023\/12\/Bozicni-Vojnik-2023-2-1.jpg","keywords":["Bo\u017ei\u010dni Vojnik","otvoritev","program prireditev","razstava jaslic"],"articleSection":["Celjsko"],"inLanguage":"sl-SI"},{"@type":"WebPage","@id":"https:\/\/novice.si\/page\/vojnik-zasijal-je-bozicni-vojnik\/","url":"https:\/\/novice.si\/page\/vojnik-zasijal-je-bozicni-vojnik\/","name":"VOJNIK Zasijal je Bo\u017ei\u010dni Vojnik - Novice.si","isPartOf":{"@id":"https:\/\/novice.si\/page\/#website"},"primaryImageOfPage":{"@id":"https:\/\/novice.si\/page\/vojnik-zasijal-je-bozicni-vojnik\/#primaryimage"},"image":{"@id":"https:\/\/novice.si\/page\/vojnik-zasijal-je-bozicni-vojnik\/#primaryimage"},"thumbnailUrl":"https:\/\/novice.si\/page\/wp-content\/uploads\/2023\/12\/Bozicni-Vojnik-2023-2-1.jpg","datePublished":"2023-12-17T12:49:38+00:00","breadcrumb":{"@id":"https:\/\/novice.si\/page\/vojnik-zasijal-je-bozicni-vojnik\/#breadcrumb"},"inLanguage":"sl-SI","potentialAction":[{"@type":"ReadAction","target":["https:\/\/novice.si\/page\/vojnik-zasijal-je-bozicni-vojnik\/"]}]},{"@type":"ImageObject","inLanguage":"sl-SI","@id":"https:\/\/novice.si\/page\/vojnik-zasijal-je-bozicni-vojnik\/#primaryimage","url":"https:\/\/novice.si\/page\/wp-content\/uploads\/2023\/12\/Bozicni-Vojnik-2023-2-1.jpg","contentUrl":"https:\/\/novice.si\/page\/wp-content\/uploads\/2023\/12\/Bozicni-Vojnik-2023-2-1.jpg","width":1600,"height":1200},{"@type":"BreadcrumbList","@id":"https:\/\/novice.si\/page\/vojnik-zasijal-je-bozicni-vojnik\/#breadcrumb","itemListElement":[{"@type":"ListItem","position":1,"name":"Home","item":"https:\/\/novice.si\/page\/"},{"@type":"ListItem","position":2,"name":"VOJNIK Zasijal je Bo\u017ei\u010dni Vojnik"}]},{"@type":"WebSite","@id":"https:\/\/novice.si\/page\/#website","url":"https:\/\/novice.si\/page\/","name":"Novice.si","description":"","publisher":{"@id":"https:\/\/novice.si\/page\/#organization"},"potentialAction":[{"@type":"SearchAction","target":{"@type":"EntryPoint","urlTemplate":"https:\/\/novice.si\/page\/?s={search_term_string}"},"query-input":{"@type":"PropertyValueSpecification","valueRequired":true,"valueName":"search_term_string"}}],"inLanguage":"sl-SI"},{"@type":"Organization","@id":"https:\/\/novice.si\/page\/#organization","name":"Novice.si","url":"https:\/\/novice.si\/page\/","logo":{"@type":"ImageObject","inLanguage":"sl-SI","@id":"https:\/\/novice.si\/page\/#\/schema\/logo\/image\/","url":"https:\/\/novice.si\/page\/wp-content\/uploads\/2023\/03\/novice_si.png","contentUrl":"https:\/\/novice.si\/page\/wp-content\/uploads\/2023\/03\/novice_si.png","width":576,"height":200,"caption":"Novice.si"},"image":{"@id":"https:\/\/novice.si\/page\/#\/schema\/logo\/image\/"}},{"@type":"Person","@id":"https:\/\/novice.si\/page\/#\/schema\/person\/57f25c9642a9541c7349c65d32032c3e","name":"Uredni\u0161tvo Celjana","image":{"@type":"ImageObject","inLanguage":"sl-SI","@id":"https:\/\/secure.gravatar.com\/avatar\/78e52bc4279b65f6df6345e0ef0f7b792d361361f230cf4ffecfe0afe6d5629c?s=96&d=mm&r=g","url":"https:\/\/secure.gravatar.com\/avatar\/78e52bc4279b65f6df6345e0ef0f7b792d361361f230cf4ffecfe0afe6d5629c?s=96&d=mm&r=g","contentUrl":"https:\/\/secure.gravatar.com\/avatar\/78e52bc4279b65f6df6345e0ef0f7b792d361361f230cf4ffecfe0afe6d5629c?s=96&d=mm&r=g","caption":"Uredni\u0161tvo Celjana"},"url":"https:\/\/novice.si\/page\/author\/primoz\/"}]}},"_links":{"self":[{"href":"https:\/\/novice.si\/page\/wp-json\/wp\/v2\/posts\/170274","targetHints":{"allow":["GET"]}}],"collection":[{"href":"https:\/\/novice.si\/page\/wp-json\/wp\/v2\/posts"}],"about":[{"href":"https:\/\/novice.si\/page\/wp-json\/wp\/v2\/types\/post"}],"author":[{"embeddable":true,"href":"https:\/\/novice.si\/page\/wp-json\/wp\/v2\/users\/33"}],"replies":[{"embeddable":true,"href":"https:\/\/novice.si\/page\/wp-json\/wp\/v2\/comments?post=170274"}],"version-history":[{"count":1,"href":"https:\/\/novice.si\/page\/wp-json\/wp\/v2\/posts\/170274\/revisions"}],"predecessor-version":[{"id":170299,"href":"https:\/\/novice.si\/page\/wp-json\/wp\/v2\/posts\/170274\/revisions\/170299"}],"wp:featuredmedia":[{"embeddable":true,"href":"https:\/\/novice.si\/page\/wp-json\/wp\/v2\/media\/170298"}],"wp:attachment":[{"href":"https:\/\/novice.si\/page\/wp-json\/wp\/v2\/media?parent=170274"}],"wp:term":[{"taxonomy":"category","embeddable":true,"href":"https:\/\/novice.si\/page\/wp-json\/wp\/v2\/categories?post=170274"},{"taxonomy":"post_tag","embeddable":true,"href":"https:\/\/novice.si\/page\/wp-json\/wp\/v2\/tags?post=170274"}],"curies":[{"name":"wp","href":"https:\/\/api.w.org\/{rel}","templated":true}]}}