{"id":170234,"date":"2023-12-14T22:42:46","date_gmt":"2023-12-14T21:42:46","guid":{"rendered":"https:\/\/novice.si\/page\/?p=170234"},"modified":"2023-12-15T11:12:11","modified_gmt":"2023-12-15T10:12:11","slug":"slovenska-motosportnika-leta-znova-tim-gajser-in-tjasa-fifer","status":"publish","type":"post","link":"https:\/\/novice.si\/page\/slovenska-motosportnika-leta-znova-tim-gajser-in-tjasa-fifer\/","title":{"rendered":"Slovenska moto\u0161portnika leta znova Tim Gajser in Tja\u0161a Fifer"},"content":{"rendered":"<p><img loading=\"lazy\" decoding=\"async\" class=\"alignnone size-medium wp-image-170250\" src=\"https:\/\/novice.si\/page\/wp-content\/uploads\/2023\/12\/AMZS_Motosportnik-leta-2023_14.12.2023_foto_Damjan-Koncar_-08872_resize-600x400.jpg\" alt=\"\" width=\"600\" height=\"400\" srcset=\"https:\/\/novice.si\/page\/wp-content\/uploads\/2023\/12\/AMZS_Motosportnik-leta-2023_14.12.2023_foto_Damjan-Koncar_-08872_resize-600x400.jpg 600w, https:\/\/novice.si\/page\/wp-content\/uploads\/2023\/12\/AMZS_Motosportnik-leta-2023_14.12.2023_foto_Damjan-Koncar_-08872_resize-768x512.jpg 768w, https:\/\/novice.si\/page\/wp-content\/uploads\/2023\/12\/AMZS_Motosportnik-leta-2023_14.12.2023_foto_Damjan-Koncar_-08872_resize-696x464.jpg 696w, https:\/\/novice.si\/page\/wp-content\/uploads\/2023\/12\/AMZS_Motosportnik-leta-2023_14.12.2023_foto_Damjan-Koncar_-08872_resize-630x420.jpg 630w, https:\/\/novice.si\/page\/wp-content\/uploads\/2023\/12\/AMZS_Motosportnik-leta-2023_14.12.2023_foto_Damjan-Koncar_-08872_resize-24x16.jpg 24w, https:\/\/novice.si\/page\/wp-content\/uploads\/2023\/12\/AMZS_Motosportnik-leta-2023_14.12.2023_foto_Damjan-Koncar_-08872_resize-36x24.jpg 36w, https:\/\/novice.si\/page\/wp-content\/uploads\/2023\/12\/AMZS_Motosportnik-leta-2023_14.12.2023_foto_Damjan-Koncar_-08872_resize-48x32.jpg 48w, https:\/\/novice.si\/page\/wp-content\/uploads\/2023\/12\/AMZS_Motosportnik-leta-2023_14.12.2023_foto_Damjan-Koncar_-08872_resize.jpg 800w\" sizes=\"auto, (max-width: 600px) 100vw, 600px\" \/><br \/>\nNajbolj\u0161a moto\u0161portnika leta 2023 v Sloveniji sta motokrosist <strong>Tim Gajser<\/strong> iz Makol in dirka\u010dica v vzdr\u017eljivostnem motociklizmu <strong>Tja\u0161a Fifer <\/strong>iz\u00a0Bukovca, torej iz okolice Slovenske Bistrice. Krovna zveza AMZS je na podelitvi priznanj v Ljubljani nagradila \u0161tevilne tekmovalce za uspehe na mednarodni in doma\u010di sceni v iztekajo\u010dem se letu.<br \/>\nZa Tima Gajserja je nagrada \u017ee deveta v nizu, Tja\u0161a Fifer je najbolj\u0161a tretji\u010d. AMZS pri izbiri moto\u0161portnika leta ni imela kak\u0161nih ve\u010djih te\u017eav, saj je Gajser \u017ee leta za\u0161\u010ditni znak slovenskega moto\u0161porta in vselej poskrbi za odmevne dose\u017eke na najvi\u0161ji ravni. Tako je bilo tudi letos, \u010deprav je ve\u010dji del sezone izgubil zaradi hude po\u0161kodbe noge med februarskimi pripravami. A ob koncu se je vrnil v zmagovitem slogu in napovedal lov na novo lovoriko v svetovnem prvenstvu razreda MXGP. V \u017eenski konkurenci nagrado za najbolj\u0161o v koledarskem letu podeljujejo tretji\u010d, \u0161e tretji\u010d pa je pristala v rokah Tja\u0161e Fifer. V zadnjem \u010dasu se posve\u010da predvsem enduru, kjer je letos v skupnem se\u0161tevku SP osvojila 15. mesto. (STA)<br \/>\nFoto: Damjan Kon\u010dar\/AMZS<\/p>\n","protected":false},"excerpt":{"rendered":"<p>Najbolj\u0161a moto\u0161portnika leta 2023 v Sloveniji sta motokrosist Tim Gajser iz Makol in dirka\u010dica v vzdr\u017eljivostnem motociklizmu Tja\u0161a Fifer iz\u00a0Bukovca, torej iz okolice Slovenske Bistrice. Krovna zveza AMZS je na podelitvi priznanj v Ljubljani nagradila \u0161tevilne tekmovalce za uspehe na mednarodni in doma\u010di sceni v iztekajo\u010dem se letu. Za Tima Gajserja je nagrada \u017ee deveta [&hellip;]<\/p>\n","protected":false},"author":7,"featured_media":170250,"comment_status":"closed","ping_status":"closed","sticky":false,"template":"","format":"standard","meta":{"footnotes":""},"categories":[14,32,68],"tags":[1599,13066],"class_list":{"0":"post-170234","1":"post","2":"type-post","3":"status-publish","4":"format-standard","5":"has-post-thumbnail","7":"category-aktualno","8":"category-bistrisko","9":"category-sport","10":"tag-tim-gajser","11":"tag-tjasa-fifer"},"yoast_head":"<!-- This site is optimized with the Yoast SEO plugin v27.4 - https:\/\/yoast.com\/product\/yoast-seo-wordpress\/ -->\n<title>Slovenska moto\u0161portnika leta znova Tim Gajser in Tja\u0161a Fifer - Novice.si<\/title>\n<meta name=\"robots\" content=\"index, follow, max-snippet:-1, max-image-preview:large, max-video-preview:-1\" \/>\n<link rel=\"canonical\" href=\"https:\/\/novice.si\/page\/slovenska-motosportnika-leta-znova-tim-gajser-in-tjasa-fifer\/\" \/>\n<meta property=\"og:locale\" content=\"sl_SI\" \/>\n<meta property=\"og:type\" content=\"article\" \/>\n<meta property=\"og:title\" content=\"Slovenska moto\u0161portnika leta znova Tim Gajser in Tja\u0161a Fifer - Novice.si\" \/>\n<meta property=\"og:description\" content=\"Najbolj\u0161a moto\u0161portnika leta 2023 v Sloveniji sta motokrosist Tim Gajser iz Makol in dirka\u010dica v vzdr\u017eljivostnem motociklizmu Tja\u0161a Fifer iz\u00a0Bukovca, torej iz okolice Slovenske Bistrice. Krovna zveza AMZS je na podelitvi priznanj v Ljubljani nagradila \u0161tevilne tekmovalce za uspehe na mednarodni in doma\u010di sceni v iztekajo\u010dem se letu. Za Tima Gajserja je nagrada \u017ee deveta [&hellip;]\" \/>\n<meta property=\"og:url\" content=\"https:\/\/novice.si\/page\/slovenska-motosportnika-leta-znova-tim-gajser-in-tjasa-fifer\/\" \/>\n<meta property=\"og:site_name\" content=\"Novice.si\" \/>\n<meta property=\"article:published_time\" content=\"2023-12-14T21:42:46+00:00\" \/>\n<meta property=\"article:modified_time\" content=\"2023-12-15T10:12:11+00:00\" \/>\n<meta property=\"og:image\" content=\"https:\/\/novice.si\/page\/wp-content\/uploads\/2023\/12\/AMZS_Motosportnik-leta-2023_14.12.2023_foto_Damjan-Koncar_-08872_resize.jpg\" \/>\n\t<meta property=\"og:image:width\" content=\"800\" \/>\n\t<meta property=\"og:image:height\" content=\"533\" \/>\n\t<meta property=\"og:image:type\" content=\"image\/jpeg\" \/>\n<meta name=\"author\" content=\"Uredni\u0161tvo Novic\" \/>\n<meta name=\"twitter:card\" content=\"summary_large_image\" \/>\n<meta name=\"twitter:label1\" content=\"Written by\" \/>\n\t<meta name=\"twitter:data1\" content=\"Uredni\u0161tvo Novic\" \/>\n\t<meta name=\"twitter:label2\" content=\"Est. reading time\" \/>\n\t<meta name=\"twitter:data2\" content=\"2 minuti\" \/>\n<script type=\"application\/ld+json\" class=\"yoast-schema-graph\">{\"@context\":\"https:\\\/\\\/schema.org\",\"@graph\":[{\"@type\":\"Article\",\"@id\":\"https:\\\/\\\/novice.si\\\/page\\\/slovenska-motosportnika-leta-znova-tim-gajser-in-tjasa-fifer\\\/#article\",\"isPartOf\":{\"@id\":\"https:\\\/\\\/novice.si\\\/page\\\/slovenska-motosportnika-leta-znova-tim-gajser-in-tjasa-fifer\\\/\"},\"author\":{\"name\":\"Uredni\u0161tvo Novic\",\"@id\":\"https:\\\/\\\/novice.si\\\/page\\\/#\\\/schema\\\/person\\\/a877dbb8680d441357ce27663beb35ca\"},\"headline\":\"Slovenska moto\u0161portnika leta znova Tim Gajser in Tja\u0161a Fifer\",\"datePublished\":\"2023-12-14T21:42:46+00:00\",\"dateModified\":\"2023-12-15T10:12:11+00:00\",\"mainEntityOfPage\":{\"@id\":\"https:\\\/\\\/novice.si\\\/page\\\/slovenska-motosportnika-leta-znova-tim-gajser-in-tjasa-fifer\\\/\"},\"wordCount\":204,\"publisher\":{\"@id\":\"https:\\\/\\\/novice.si\\\/page\\\/#organization\"},\"image\":{\"@id\":\"https:\\\/\\\/novice.si\\\/page\\\/slovenska-motosportnika-leta-znova-tim-gajser-in-tjasa-fifer\\\/#primaryimage\"},\"thumbnailUrl\":\"https:\\\/\\\/novice.si\\\/page\\\/wp-content\\\/uploads\\\/2023\\\/12\\\/AMZS_Motosportnik-leta-2023_14.12.2023_foto_Damjan-Koncar_-08872_resize.jpg\",\"keywords\":[\"Tim Gajser\",\"Tja\u0161a Fifer\"],\"articleSection\":[\"Aktualno\",\"Bistri\u0161ko\",\"\u0160port\"],\"inLanguage\":\"sl-SI\"},{\"@type\":\"WebPage\",\"@id\":\"https:\\\/\\\/novice.si\\\/page\\\/slovenska-motosportnika-leta-znova-tim-gajser-in-tjasa-fifer\\\/\",\"url\":\"https:\\\/\\\/novice.si\\\/page\\\/slovenska-motosportnika-leta-znova-tim-gajser-in-tjasa-fifer\\\/\",\"name\":\"Slovenska moto\u0161portnika leta znova Tim Gajser in Tja\u0161a Fifer - Novice.si\",\"isPartOf\":{\"@id\":\"https:\\\/\\\/novice.si\\\/page\\\/#website\"},\"primaryImageOfPage\":{\"@id\":\"https:\\\/\\\/novice.si\\\/page\\\/slovenska-motosportnika-leta-znova-tim-gajser-in-tjasa-fifer\\\/#primaryimage\"},\"image\":{\"@id\":\"https:\\\/\\\/novice.si\\\/page\\\/slovenska-motosportnika-leta-znova-tim-gajser-in-tjasa-fifer\\\/#primaryimage\"},\"thumbnailUrl\":\"https:\\\/\\\/novice.si\\\/page\\\/wp-content\\\/uploads\\\/2023\\\/12\\\/AMZS_Motosportnik-leta-2023_14.12.2023_foto_Damjan-Koncar_-08872_resize.jpg\",\"datePublished\":\"2023-12-14T21:42:46+00:00\",\"dateModified\":\"2023-12-15T10:12:11+00:00\",\"breadcrumb\":{\"@id\":\"https:\\\/\\\/novice.si\\\/page\\\/slovenska-motosportnika-leta-znova-tim-gajser-in-tjasa-fifer\\\/#breadcrumb\"},\"inLanguage\":\"sl-SI\",\"potentialAction\":[{\"@type\":\"ReadAction\",\"target\":[\"https:\\\/\\\/novice.si\\\/page\\\/slovenska-motosportnika-leta-znova-tim-gajser-in-tjasa-fifer\\\/\"]}]},{\"@type\":\"ImageObject\",\"inLanguage\":\"sl-SI\",\"@id\":\"https:\\\/\\\/novice.si\\\/page\\\/slovenska-motosportnika-leta-znova-tim-gajser-in-tjasa-fifer\\\/#primaryimage\",\"url\":\"https:\\\/\\\/novice.si\\\/page\\\/wp-content\\\/uploads\\\/2023\\\/12\\\/AMZS_Motosportnik-leta-2023_14.12.2023_foto_Damjan-Koncar_-08872_resize.jpg\",\"contentUrl\":\"https:\\\/\\\/novice.si\\\/page\\\/wp-content\\\/uploads\\\/2023\\\/12\\\/AMZS_Motosportnik-leta-2023_14.12.2023_foto_Damjan-Koncar_-08872_resize.jpg\",\"width\":800,\"height\":533},{\"@type\":\"BreadcrumbList\",\"@id\":\"https:\\\/\\\/novice.si\\\/page\\\/slovenska-motosportnika-leta-znova-tim-gajser-in-tjasa-fifer\\\/#breadcrumb\",\"itemListElement\":[{\"@type\":\"ListItem\",\"position\":1,\"name\":\"Home\",\"item\":\"https:\\\/\\\/novice.si\\\/page\\\/\"},{\"@type\":\"ListItem\",\"position\":2,\"name\":\"Slovenska moto\u0161portnika leta znova Tim Gajser in Tja\u0161a Fifer\"}]},{\"@type\":\"WebSite\",\"@id\":\"https:\\\/\\\/novice.si\\\/page\\\/#website\",\"url\":\"https:\\\/\\\/novice.si\\\/page\\\/\",\"name\":\"Novice.si\",\"description\":\"\",\"publisher\":{\"@id\":\"https:\\\/\\\/novice.si\\\/page\\\/#organization\"},\"potentialAction\":[{\"@type\":\"SearchAction\",\"target\":{\"@type\":\"EntryPoint\",\"urlTemplate\":\"https:\\\/\\\/novice.si\\\/page\\\/?s={search_term_string}\"},\"query-input\":{\"@type\":\"PropertyValueSpecification\",\"valueRequired\":true,\"valueName\":\"search_term_string\"}}],\"inLanguage\":\"sl-SI\"},{\"@type\":\"Organization\",\"@id\":\"https:\\\/\\\/novice.si\\\/page\\\/#organization\",\"name\":\"Novice.si\",\"url\":\"https:\\\/\\\/novice.si\\\/page\\\/\",\"logo\":{\"@type\":\"ImageObject\",\"inLanguage\":\"sl-SI\",\"@id\":\"https:\\\/\\\/novice.si\\\/page\\\/#\\\/schema\\\/logo\\\/image\\\/\",\"url\":\"https:\\\/\\\/novice.si\\\/page\\\/wp-content\\\/uploads\\\/2023\\\/03\\\/novice_si.png\",\"contentUrl\":\"https:\\\/\\\/novice.si\\\/page\\\/wp-content\\\/uploads\\\/2023\\\/03\\\/novice_si.png\",\"width\":576,\"height\":200,\"caption\":\"Novice.si\"},\"image\":{\"@id\":\"https:\\\/\\\/novice.si\\\/page\\\/#\\\/schema\\\/logo\\\/image\\\/\"}},{\"@type\":\"Person\",\"@id\":\"https:\\\/\\\/novice.si\\\/page\\\/#\\\/schema\\\/person\\\/a877dbb8680d441357ce27663beb35ca\",\"name\":\"Uredni\u0161tvo Novic\",\"image\":{\"@type\":\"ImageObject\",\"inLanguage\":\"sl-SI\",\"@id\":\"https:\\\/\\\/secure.gravatar.com\\\/avatar\\\/f19c0ae874706cc9ba19d2f6da5f74a5a5ee7674f283fed29ce0ad16a9f1893e?s=96&d=mm&r=g\",\"url\":\"https:\\\/\\\/secure.gravatar.com\\\/avatar\\\/f19c0ae874706cc9ba19d2f6da5f74a5a5ee7674f283fed29ce0ad16a9f1893e?s=96&d=mm&r=g\",\"contentUrl\":\"https:\\\/\\\/secure.gravatar.com\\\/avatar\\\/f19c0ae874706cc9ba19d2f6da5f74a5a5ee7674f283fed29ce0ad16a9f1893e?s=96&d=mm&r=g\",\"caption\":\"Uredni\u0161tvo Novic\"},\"url\":\"https:\\\/\\\/novice.si\\\/page\\\/author\\\/jure\\\/\"}]}<\/script>\n<!-- \/ Yoast SEO plugin. -->","yoast_head_json":{"title":"Slovenska moto\u0161portnika leta znova Tim Gajser in Tja\u0161a Fifer - Novice.si","robots":{"index":"index","follow":"follow","max-snippet":"max-snippet:-1","max-image-preview":"max-image-preview:large","max-video-preview":"max-video-preview:-1"},"canonical":"https:\/\/novice.si\/page\/slovenska-motosportnika-leta-znova-tim-gajser-in-tjasa-fifer\/","og_locale":"sl_SI","og_type":"article","og_title":"Slovenska moto\u0161portnika leta znova Tim Gajser in Tja\u0161a Fifer - Novice.si","og_description":"Najbolj\u0161a moto\u0161portnika leta 2023 v Sloveniji sta motokrosist Tim Gajser iz Makol in dirka\u010dica v vzdr\u017eljivostnem motociklizmu Tja\u0161a Fifer iz\u00a0Bukovca, torej iz okolice Slovenske Bistrice. Krovna zveza AMZS je na podelitvi priznanj v Ljubljani nagradila \u0161tevilne tekmovalce za uspehe na mednarodni in doma\u010di sceni v iztekajo\u010dem se letu. Za Tima Gajserja je nagrada \u017ee deveta [&hellip;]","og_url":"https:\/\/novice.si\/page\/slovenska-motosportnika-leta-znova-tim-gajser-in-tjasa-fifer\/","og_site_name":"Novice.si","article_published_time":"2023-12-14T21:42:46+00:00","article_modified_time":"2023-12-15T10:12:11+00:00","og_image":[{"width":800,"height":533,"url":"https:\/\/novice.si\/page\/wp-content\/uploads\/2023\/12\/AMZS_Motosportnik-leta-2023_14.12.2023_foto_Damjan-Koncar_-08872_resize.jpg","type":"image\/jpeg"}],"author":"Uredni\u0161tvo Novic","twitter_card":"summary_large_image","twitter_misc":{"Written by":"Uredni\u0161tvo Novic","Est. reading time":"2 minuti"},"schema":{"@context":"https:\/\/schema.org","@graph":[{"@type":"Article","@id":"https:\/\/novice.si\/page\/slovenska-motosportnika-leta-znova-tim-gajser-in-tjasa-fifer\/#article","isPartOf":{"@id":"https:\/\/novice.si\/page\/slovenska-motosportnika-leta-znova-tim-gajser-in-tjasa-fifer\/"},"author":{"name":"Uredni\u0161tvo Novic","@id":"https:\/\/novice.si\/page\/#\/schema\/person\/a877dbb8680d441357ce27663beb35ca"},"headline":"Slovenska moto\u0161portnika leta znova Tim Gajser in Tja\u0161a Fifer","datePublished":"2023-12-14T21:42:46+00:00","dateModified":"2023-12-15T10:12:11+00:00","mainEntityOfPage":{"@id":"https:\/\/novice.si\/page\/slovenska-motosportnika-leta-znova-tim-gajser-in-tjasa-fifer\/"},"wordCount":204,"publisher":{"@id":"https:\/\/novice.si\/page\/#organization"},"image":{"@id":"https:\/\/novice.si\/page\/slovenska-motosportnika-leta-znova-tim-gajser-in-tjasa-fifer\/#primaryimage"},"thumbnailUrl":"https:\/\/novice.si\/page\/wp-content\/uploads\/2023\/12\/AMZS_Motosportnik-leta-2023_14.12.2023_foto_Damjan-Koncar_-08872_resize.jpg","keywords":["Tim Gajser","Tja\u0161a Fifer"],"articleSection":["Aktualno","Bistri\u0161ko","\u0160port"],"inLanguage":"sl-SI"},{"@type":"WebPage","@id":"https:\/\/novice.si\/page\/slovenska-motosportnika-leta-znova-tim-gajser-in-tjasa-fifer\/","url":"https:\/\/novice.si\/page\/slovenska-motosportnika-leta-znova-tim-gajser-in-tjasa-fifer\/","name":"Slovenska moto\u0161portnika leta znova Tim Gajser in Tja\u0161a Fifer - Novice.si","isPartOf":{"@id":"https:\/\/novice.si\/page\/#website"},"primaryImageOfPage":{"@id":"https:\/\/novice.si\/page\/slovenska-motosportnika-leta-znova-tim-gajser-in-tjasa-fifer\/#primaryimage"},"image":{"@id":"https:\/\/novice.si\/page\/slovenska-motosportnika-leta-znova-tim-gajser-in-tjasa-fifer\/#primaryimage"},"thumbnailUrl":"https:\/\/novice.si\/page\/wp-content\/uploads\/2023\/12\/AMZS_Motosportnik-leta-2023_14.12.2023_foto_Damjan-Koncar_-08872_resize.jpg","datePublished":"2023-12-14T21:42:46+00:00","dateModified":"2023-12-15T10:12:11+00:00","breadcrumb":{"@id":"https:\/\/novice.si\/page\/slovenska-motosportnika-leta-znova-tim-gajser-in-tjasa-fifer\/#breadcrumb"},"inLanguage":"sl-SI","potentialAction":[{"@type":"ReadAction","target":["https:\/\/novice.si\/page\/slovenska-motosportnika-leta-znova-tim-gajser-in-tjasa-fifer\/"]}]},{"@type":"ImageObject","inLanguage":"sl-SI","@id":"https:\/\/novice.si\/page\/slovenska-motosportnika-leta-znova-tim-gajser-in-tjasa-fifer\/#primaryimage","url":"https:\/\/novice.si\/page\/wp-content\/uploads\/2023\/12\/AMZS_Motosportnik-leta-2023_14.12.2023_foto_Damjan-Koncar_-08872_resize.jpg","contentUrl":"https:\/\/novice.si\/page\/wp-content\/uploads\/2023\/12\/AMZS_Motosportnik-leta-2023_14.12.2023_foto_Damjan-Koncar_-08872_resize.jpg","width":800,"height":533},{"@type":"BreadcrumbList","@id":"https:\/\/novice.si\/page\/slovenska-motosportnika-leta-znova-tim-gajser-in-tjasa-fifer\/#breadcrumb","itemListElement":[{"@type":"ListItem","position":1,"name":"Home","item":"https:\/\/novice.si\/page\/"},{"@type":"ListItem","position":2,"name":"Slovenska moto\u0161portnika leta znova Tim Gajser in Tja\u0161a Fifer"}]},{"@type":"WebSite","@id":"https:\/\/novice.si\/page\/#website","url":"https:\/\/novice.si\/page\/","name":"Novice.si","description":"","publisher":{"@id":"https:\/\/novice.si\/page\/#organization"},"potentialAction":[{"@type":"SearchAction","target":{"@type":"EntryPoint","urlTemplate":"https:\/\/novice.si\/page\/?s={search_term_string}"},"query-input":{"@type":"PropertyValueSpecification","valueRequired":true,"valueName":"search_term_string"}}],"inLanguage":"sl-SI"},{"@type":"Organization","@id":"https:\/\/novice.si\/page\/#organization","name":"Novice.si","url":"https:\/\/novice.si\/page\/","logo":{"@type":"ImageObject","inLanguage":"sl-SI","@id":"https:\/\/novice.si\/page\/#\/schema\/logo\/image\/","url":"https:\/\/novice.si\/page\/wp-content\/uploads\/2023\/03\/novice_si.png","contentUrl":"https:\/\/novice.si\/page\/wp-content\/uploads\/2023\/03\/novice_si.png","width":576,"height":200,"caption":"Novice.si"},"image":{"@id":"https:\/\/novice.si\/page\/#\/schema\/logo\/image\/"}},{"@type":"Person","@id":"https:\/\/novice.si\/page\/#\/schema\/person\/a877dbb8680d441357ce27663beb35ca","name":"Uredni\u0161tvo Novic","image":{"@type":"ImageObject","inLanguage":"sl-SI","@id":"https:\/\/secure.gravatar.com\/avatar\/f19c0ae874706cc9ba19d2f6da5f74a5a5ee7674f283fed29ce0ad16a9f1893e?s=96&d=mm&r=g","url":"https:\/\/secure.gravatar.com\/avatar\/f19c0ae874706cc9ba19d2f6da5f74a5a5ee7674f283fed29ce0ad16a9f1893e?s=96&d=mm&r=g","contentUrl":"https:\/\/secure.gravatar.com\/avatar\/f19c0ae874706cc9ba19d2f6da5f74a5a5ee7674f283fed29ce0ad16a9f1893e?s=96&d=mm&r=g","caption":"Uredni\u0161tvo Novic"},"url":"https:\/\/novice.si\/page\/author\/jure\/"}]}},"_links":{"self":[{"href":"https:\/\/novice.si\/page\/wp-json\/wp\/v2\/posts\/170234","targetHints":{"allow":["GET"]}}],"collection":[{"href":"https:\/\/novice.si\/page\/wp-json\/wp\/v2\/posts"}],"about":[{"href":"https:\/\/novice.si\/page\/wp-json\/wp\/v2\/types\/post"}],"author":[{"embeddable":true,"href":"https:\/\/novice.si\/page\/wp-json\/wp\/v2\/users\/7"}],"replies":[{"embeddable":true,"href":"https:\/\/novice.si\/page\/wp-json\/wp\/v2\/comments?post=170234"}],"version-history":[{"count":3,"href":"https:\/\/novice.si\/page\/wp-json\/wp\/v2\/posts\/170234\/revisions"}],"predecessor-version":[{"id":170252,"href":"https:\/\/novice.si\/page\/wp-json\/wp\/v2\/posts\/170234\/revisions\/170252"}],"wp:featuredmedia":[{"embeddable":true,"href":"https:\/\/novice.si\/page\/wp-json\/wp\/v2\/media\/170250"}],"wp:attachment":[{"href":"https:\/\/novice.si\/page\/wp-json\/wp\/v2\/media?parent=170234"}],"wp:term":[{"taxonomy":"category","embeddable":true,"href":"https:\/\/novice.si\/page\/wp-json\/wp\/v2\/categories?post=170234"},{"taxonomy":"post_tag","embeddable":true,"href":"https:\/\/novice.si\/page\/wp-json\/wp\/v2\/tags?post=170234"}],"curies":[{"name":"wp","href":"https:\/\/api.w.org\/{rel}","templated":true}]}}