{"id":170174,"date":"2023-12-14T11:52:18","date_gmt":"2023-12-14T10:52:18","guid":{"rendered":"https:\/\/novice.si\/page\/?p=170174"},"modified":"2023-12-14T11:52:18","modified_gmt":"2023-12-14T10:52:18","slug":"miha-mavsar-mlad-raziskovalec-in-prejemnik-krkinega-priznanja","status":"publish","type":"post","link":"https:\/\/novice.si\/page\/miha-mavsar-mlad-raziskovalec-in-prejemnik-krkinega-priznanja\/","title":{"rendered":"Miha Mavsar, mlad raziskovalec in prejemnik Krkinega priznanja"},"content":{"rendered":"<p>Miha Mavsar je nadobuden gimnazijec na Srednji \u0161oli Slovenska Bistrica, ki je \u017eelen znanja in novih izzivov. Po naravi je \u010disti naravoslovec, v naravoslovju ceni in ob\u010duduje predvsem logi\u010dnost in predvidljivost. \u0160e posebej ga navdu\u0161ujeta fizika in kemija. Spreten pa je tudi v jezikih. Je Bistri\u010dan, priseljen iz Bele Krajine, dobri dve leti je \u017eivel tudi v \u0160vici, zaradi \u010desar se je bil primoran nau\u010diti nem\u0161\u010dine. Danes poleg maternega jezika govori tudi angle\u0161ko, nem\u0161ko in francosko.<\/p>\n<p>Na razpisu Krkinih nagrad je z raziskovalno nalogo \u00bbSpremljanje koncentracije aktivnih komponent pri ekstrakciji kurkume\u00ab prejel Krkino priznanje. A kaj to sploh pomeni? \u00bbV raziskovalni nalogi se gre predvsem za to, da smo \u017eeleli izvedeti, kako najbolj optimalno izvle\u010di t.i. kurkumine oz. aktivne komponente kurkume,\u00ab pojasnjuje Miha. Kurkumini imajo namre\u010d antioksidativne lastnosti, ki so lahko za \u010dlovekovo zdravje nadvse koristne. Raziskava je vsebovala veliko laboratorijskega dela,\u00a0 ki ga je dijak opravljal na medicinski fakulteti. Zaradi specifi\u010dnosti naloge je imel namre\u010d kar 3 mentorje \u2013 doc. dr. Petro Kotnik, ki pou\u010duje na Fakulteti za kemijo in kemijsko tehnologijo ter na Medicinski fakulteti v Mariboru. \u00bbBrez njenega ob\u0161irnega znanja in laboratorijske opreme, do katere mi je omogo\u010dila dostop, ne bi mogel izdelati tako kvalitetne raziskovalne naloge.\u00ab In potem sta tukaj \u0161e srednje\u0161olska profesorja mag. Damijana Gregori\u010d in mag. Marko \u017digart.<\/p>\n\r\n                <style type=\"text\/css\">\r\n                    \r\n                    #tdi_1  .td-doubleSlider-2 .td-item1 {\r\n                        background: url(https:\/\/novice.si\/page\/wp-content\/uploads\/2023\/12\/387499543_249245144656605_7578896913242657758_n-80x60.jpg) 0 0 no-repeat;\r\n                    }\r\n                    #tdi_1  .td-doubleSlider-2 .td-item2 {\r\n                        background: url(https:\/\/novice.si\/page\/wp-content\/uploads\/2023\/12\/385552418_1691114287964621_3282203184361952374_n-80x60.jpg) 0 0 no-repeat;\r\n                    }\r\n                    #tdi_1  .td-doubleSlider-2 .td-item3 {\r\n                        background: url(https:\/\/novice.si\/page\/wp-content\/uploads\/2023\/12\/387499688_694920852395536_7101991367317272712_n-80x60.jpg) 0 0 no-repeat;\r\n                    }\r\n                    #tdi_1  .td-doubleSlider-2 .td-item4 {\r\n                        background: url(https:\/\/novice.si\/page\/wp-content\/uploads\/2023\/12\/387488912_1017657652629720_4768432370927358128_n-80x60.jpg) 0 0 no-repeat;\r\n                    }\r\n                <\/style>\r\n\r\n                <div id=\"tdi_1\" class=\"td-gallery td-slide-on-2-columns\">\r\n                    <div class=\"post_td_gallery\">\r\n                        <div class=\"td-gallery-slide-top\">\r\n                           <div class=\"td-gallery-title\"><\/div>\r\n\r\n                            <div class=\"td-gallery-controls-wrapper\">\r\n                                <div class=\"td-gallery-slide-count\"><span class=\"td-gallery-slide-item-focus\">1<\/span> od 4<\/div>\r\n                                <div class=\"td-gallery-slide-prev-next-but\">\r\n                                    <i class = \"td-icon-left doubleSliderPrevButton\"><\/i>\r\n                                    <i class = \"td-icon-right doubleSliderNextButton\"><\/i>\r\n                                <\/div>\r\n                            <\/div>\r\n                        <\/div>\r\n\r\n                        <div class = \"td-doubleSlider-1 \">\r\n                            <div class = \"td-slider\">\r\n                                \r\n                    <div class = \"td-slide-item td-item1\">\r\n                        <figure class=\"td-slide-galery-figure td-slide-popup-gallery\">\r\n                            <a class=\"slide-gallery-image-link\" href=\"https:\/\/novice.si\/page\/wp-content\/uploads\/2023\/12\/387499543_249245144656605_7578896913242657758_n.jpg\" title=\"387499543_249245144656605_7578896913242657758_n\"  data-caption=\"Arhiv Miha Mavsarja.\"  data-description=\"\" data-gallery>\r\n                                <img decoding=\"async\" src=\"https:\/\/novice.si\/page\/wp-content\/uploads\/2023\/12\/387499543_249245144656605_7578896913242657758_n-560x420.jpg\" srcset=\"https:\/\/novice.si\/page\/wp-content\/uploads\/2023\/12\/387499543_249245144656605_7578896913242657758_n-560x420.jpg 560w, https:\/\/novice.si\/page\/wp-content\/uploads\/2023\/12\/387499543_249245144656605_7578896913242657758_n-600x450.jpg 600w, https:\/\/novice.si\/page\/wp-content\/uploads\/2023\/12\/387499543_249245144656605_7578896913242657758_n-1024x768.jpg 1024w, https:\/\/novice.si\/page\/wp-content\/uploads\/2023\/12\/387499543_249245144656605_7578896913242657758_n-768x576.jpg 768w, https:\/\/novice.si\/page\/wp-content\/uploads\/2023\/12\/387499543_249245144656605_7578896913242657758_n-1536x1152.jpg 1536w, https:\/\/novice.si\/page\/wp-content\/uploads\/2023\/12\/387499543_249245144656605_7578896913242657758_n-80x60.jpg 80w, https:\/\/novice.si\/page\/wp-content\/uploads\/2023\/12\/387499543_249245144656605_7578896913242657758_n-265x198.jpg 265w, https:\/\/novice.si\/page\/wp-content\/uploads\/2023\/12\/387499543_249245144656605_7578896913242657758_n-696x522.jpg 696w, https:\/\/novice.si\/page\/wp-content\/uploads\/2023\/12\/387499543_249245144656605_7578896913242657758_n-1068x801.jpg 1068w, https:\/\/novice.si\/page\/wp-content\/uploads\/2023\/12\/387499543_249245144656605_7578896913242657758_n-1920x1440.jpg 1920w, https:\/\/novice.si\/page\/wp-content\/uploads\/2023\/12\/387499543_249245144656605_7578896913242657758_n-24x18.jpg 24w, https:\/\/novice.si\/page\/wp-content\/uploads\/2023\/12\/387499543_249245144656605_7578896913242657758_n-36x27.jpg 36w, https:\/\/novice.si\/page\/wp-content\/uploads\/2023\/12\/387499543_249245144656605_7578896913242657758_n-48x36.jpg 48w, https:\/\/novice.si\/page\/wp-content\/uploads\/2023\/12\/387499543_249245144656605_7578896913242657758_n.jpg 2048w\" sizes=\"(max-width: 560px) 100vw, 560px\" alt=\"\">\r\n                            <\/a>\r\n                            <figcaption class = \"td-slide-caption td-gallery-slide-content\"><div class = \"td-gallery-slide-copywrite\">Arhiv Miha Mavsarja.<\/div><\/figcaption>\r\n                        <\/figure>\r\n                    <\/div>\r\n                    <div class = \"td-slide-item td-item2\">\r\n                        <figure class=\"td-slide-galery-figure td-slide-popup-gallery\">\r\n                            <a class=\"slide-gallery-image-link\" href=\"https:\/\/novice.si\/page\/wp-content\/uploads\/2023\/12\/385552418_1691114287964621_3282203184361952374_n.jpg\" title=\"385552418_1691114287964621_3282203184361952374_n\"  data-caption=\"Arhiv: Krka, d. d., Novo mesto.\"  data-description=\"\" data-gallery>\r\n                                <img decoding=\"async\" src=\"https:\/\/novice.si\/page\/wp-content\/uploads\/2023\/12\/385552418_1691114287964621_3282203184361952374_n-288x420.jpg\" srcset=\"https:\/\/novice.si\/page\/wp-content\/uploads\/2023\/12\/385552418_1691114287964621_3282203184361952374_n-288x420.jpg 288w, https:\/\/novice.si\/page\/wp-content\/uploads\/2023\/12\/385552418_1691114287964621_3282203184361952374_n-412x600.jpg 412w, https:\/\/novice.si\/page\/wp-content\/uploads\/2023\/12\/385552418_1691114287964621_3282203184361952374_n-703x1024.jpg 703w, https:\/\/novice.si\/page\/wp-content\/uploads\/2023\/12\/385552418_1691114287964621_3282203184361952374_n-768x1119.jpg 768w, https:\/\/novice.si\/page\/wp-content\/uploads\/2023\/12\/385552418_1691114287964621_3282203184361952374_n-1055x1536.jpg 1055w, https:\/\/novice.si\/page\/wp-content\/uploads\/2023\/12\/385552418_1691114287964621_3282203184361952374_n-696x1014.jpg 696w, https:\/\/novice.si\/page\/wp-content\/uploads\/2023\/12\/385552418_1691114287964621_3282203184361952374_n-1068x1556.jpg 1068w, https:\/\/novice.si\/page\/wp-content\/uploads\/2023\/12\/385552418_1691114287964621_3282203184361952374_n-16x24.jpg 16w, https:\/\/novice.si\/page\/wp-content\/uploads\/2023\/12\/385552418_1691114287964621_3282203184361952374_n-25x36.jpg 25w, https:\/\/novice.si\/page\/wp-content\/uploads\/2023\/12\/385552418_1691114287964621_3282203184361952374_n-33x48.jpg 33w, https:\/\/novice.si\/page\/wp-content\/uploads\/2023\/12\/385552418_1691114287964621_3282203184361952374_n.jpg 1406w\" sizes=\"(max-width: 288px) 100vw, 288px\" alt=\"\">\r\n                            <\/a>\r\n                            <figcaption class = \"td-slide-caption td-gallery-slide-content\"><div class = \"td-gallery-slide-copywrite\">Arhiv: Krka, d. d., Novo mesto.<\/div><\/figcaption>\r\n                        <\/figure>\r\n                    <\/div>\r\n                    <div class = \"td-slide-item td-item3\">\r\n                        <figure class=\"td-slide-galery-figure td-slide-popup-gallery\">\r\n                            <a class=\"slide-gallery-image-link\" href=\"https:\/\/novice.si\/page\/wp-content\/uploads\/2023\/12\/387499688_694920852395536_7101991367317272712_n.jpg\" title=\"387499688_694920852395536_7101991367317272712_n\"  data-caption=\"Arhiv: Krka, d. d., Novo mesto.\"  data-description=\"\" data-gallery>\r\n                                <img decoding=\"async\" src=\"https:\/\/novice.si\/page\/wp-content\/uploads\/2023\/12\/387499688_694920852395536_7101991367317272712_n-630x420.jpg\" srcset=\"https:\/\/novice.si\/page\/wp-content\/uploads\/2023\/12\/387499688_694920852395536_7101991367317272712_n-630x420.jpg 630w, https:\/\/novice.si\/page\/wp-content\/uploads\/2023\/12\/387499688_694920852395536_7101991367317272712_n-600x400.jpg 600w, https:\/\/novice.si\/page\/wp-content\/uploads\/2023\/12\/387499688_694920852395536_7101991367317272712_n-1024x683.jpg 1024w, https:\/\/novice.si\/page\/wp-content\/uploads\/2023\/12\/387499688_694920852395536_7101991367317272712_n-768x512.jpg 768w, https:\/\/novice.si\/page\/wp-content\/uploads\/2023\/12\/387499688_694920852395536_7101991367317272712_n-1536x1024.jpg 1536w, https:\/\/novice.si\/page\/wp-content\/uploads\/2023\/12\/387499688_694920852395536_7101991367317272712_n-696x464.jpg 696w, https:\/\/novice.si\/page\/wp-content\/uploads\/2023\/12\/387499688_694920852395536_7101991367317272712_n-1068x712.jpg 1068w, https:\/\/novice.si\/page\/wp-content\/uploads\/2023\/12\/387499688_694920852395536_7101991367317272712_n-24x16.jpg 24w, https:\/\/novice.si\/page\/wp-content\/uploads\/2023\/12\/387499688_694920852395536_7101991367317272712_n-36x24.jpg 36w, https:\/\/novice.si\/page\/wp-content\/uploads\/2023\/12\/387499688_694920852395536_7101991367317272712_n-48x32.jpg 48w, https:\/\/novice.si\/page\/wp-content\/uploads\/2023\/12\/387499688_694920852395536_7101991367317272712_n.jpg 1920w\" sizes=\"(max-width: 630px) 100vw, 630px\" alt=\"\">\r\n                            <\/a>\r\n                            <figcaption class = \"td-slide-caption td-gallery-slide-content\"><div class = \"td-gallery-slide-copywrite\">Arhiv: Krka, d. d., Novo mesto.<\/div><\/figcaption>\r\n                        <\/figure>\r\n                    <\/div>\r\n                    <div class = \"td-slide-item td-item4\">\r\n                        <figure class=\"td-slide-galery-figure td-slide-popup-gallery\">\r\n                            <a class=\"slide-gallery-image-link\" href=\"https:\/\/novice.si\/page\/wp-content\/uploads\/2023\/12\/387488912_1017657652629720_4768432370927358128_n.jpg\" title=\"387488912_1017657652629720_4768432370927358128_n\"  data-caption=\"Arhiv: Krka, d. d., Novo mesto.\"  data-description=\"\" data-gallery>\r\n                                <img decoding=\"async\" src=\"https:\/\/novice.si\/page\/wp-content\/uploads\/2023\/12\/387488912_1017657652629720_4768432370927358128_n-905x420.jpg\" srcset=\"https:\/\/novice.si\/page\/wp-content\/uploads\/2023\/12\/387488912_1017657652629720_4768432370927358128_n-905x420.jpg 905w, https:\/\/novice.si\/page\/wp-content\/uploads\/2023\/12\/387488912_1017657652629720_4768432370927358128_n-600x278.jpg 600w, https:\/\/novice.si\/page\/wp-content\/uploads\/2023\/12\/387488912_1017657652629720_4768432370927358128_n-1024x475.jpg 1024w, https:\/\/novice.si\/page\/wp-content\/uploads\/2023\/12\/387488912_1017657652629720_4768432370927358128_n-768x356.jpg 768w, https:\/\/novice.si\/page\/wp-content\/uploads\/2023\/12\/387488912_1017657652629720_4768432370927358128_n-1536x713.jpg 1536w, https:\/\/novice.si\/page\/wp-content\/uploads\/2023\/12\/387488912_1017657652629720_4768432370927358128_n-696x323.jpg 696w, https:\/\/novice.si\/page\/wp-content\/uploads\/2023\/12\/387488912_1017657652629720_4768432370927358128_n-1068x496.jpg 1068w, https:\/\/novice.si\/page\/wp-content\/uploads\/2023\/12\/387488912_1017657652629720_4768432370927358128_n-24x11.jpg 24w, https:\/\/novice.si\/page\/wp-content\/uploads\/2023\/12\/387488912_1017657652629720_4768432370927358128_n-36x17.jpg 36w, https:\/\/novice.si\/page\/wp-content\/uploads\/2023\/12\/387488912_1017657652629720_4768432370927358128_n-48x22.jpg 48w, https:\/\/novice.si\/page\/wp-content\/uploads\/2023\/12\/387488912_1017657652629720_4768432370927358128_n.jpg 1920w\" sizes=\"(max-width: 905px) 100vw, 905px\" alt=\"\">\r\n                            <\/a>\r\n                            <figcaption class = \"td-slide-caption td-gallery-slide-content\"><div class = \"td-gallery-slide-copywrite\">Arhiv: Krka, d. d., Novo mesto.<\/div><\/figcaption>\r\n                        <\/figure>\r\n                    <\/div>\r\n                            <\/div>\r\n                        <\/div>\r\n\r\n                        <div class = \"td-doubleSlider-2\">\r\n                            <div class = \"td-slider\">\r\n                                \r\n                    <div class = \"td-button td-item1\">\r\n                        <div class = \"td-border\"><\/div>\r\n                    <\/div>\r\n                    <div class = \"td-button td-item2\">\r\n                        <div class = \"td-border\"><\/div>\r\n                    <\/div>\r\n                    <div class = \"td-button td-item3\">\r\n                        <div class = \"td-border\"><\/div>\r\n                    <\/div>\r\n                    <div class = \"td-button td-item4\">\r\n                        <div class = \"td-border\"><\/div>\r\n                    <\/div>\r\n                            <\/div>\r\n                        <\/div>\r\n\r\n                    <\/div>\r\n\r\n                <\/div>\r\n                \n<p>Kaj je raziskoval?<\/p>\n<p>Z metodo, poimenovano maceracija, je iz mlete kurkume pridobil ekstrakte. Nato je mlad raziskovalec ekstrakte pripravil v metanolu, etanolu, acetonu in heksanu. \u00bbV raziskovalni nalogi smo v ekstraktih dolo\u010dali vsebnost aktivnih komponent, ki jih najdemo v kurkumi in vzorce na razli\u010dne na\u010dine medsebojno primerjali,\u00ab kar se da lai\u010dno pojasnjuje Miha in ugotavlja, da bi v prihodnje lahko raziskovalno delo nadgradil na na\u010din, da bi uporabili \u0161e druge oblike bolj naprednih ekstrakcijskih metod.<\/p>\n<p>Mavsar je za celotno raziskav potreboval slabo polovico leta. \u00bbPostopek pridobivanja podatkov in analize vzorcev je trajal okoli dva meseca,\u00ab pravi Miha. Po prakti\u010dnem delu je bilo potrebno nalogo in ugotovitve tudi spisati. Nalogo je pripravljal za 57. sre\u010danje mladih raziskovalcev Slovenije 2023: \u00bbMoj prvoten namen je bil predvsem ta, da \u010de bom nalogo predstavil na sre\u010danju raziskovalcev, jo bom lahko uveljavljal kot del interne ocene na maturi.\u00ab Za Krkine nagrade je izvedel \u0161ele, ko je bila raziskovalna naloga \u017ee kon\u010dana.<\/p>\n<p>Leto\u0161njo jesen je Miha z nalogo usvojil Krkino priznanje. V obrazlo\u017eitvi so pri Krki zapisali, da ima Miha znanje in pogum, ki sta pomembni vrlini prodornih raziskovalcev. \u00bbPriznanje mi pomeni zelo veliko. Je dokaz, da je bilo vredno vlo\u017eiti ves \u010das in trud za izdelavo naloge. Dalo mi je tudi ponovno vedeti, da velika podjetja, kot je Krka d. d., res i\u0161\u010dejo napredek in ne le dobi\u010dka, kar dokazujejo s tem, da podpirajo mlade raziskovalce in jih spodbujajo pri \u0161irjenju obzorij znanosti,\u00ab pravi nadobuden naravoslovec.<\/p>\n<p>Pa prihodnost? \u00bbV prihodnosti se bi mogo\u010de \u017eelel ukvarjati z aktualnimi problemi, kot so npr. globalno segrevanje, onesna\u017eevanje okolje itd. Mislim (\u010deprav mogo\u010de po krivici), da je na mladih ljudeh in raziskovalcih, da izbolj\u0161amo trenutne razmere po svetu. Na nas je, da se pove\u017eemo in se upremo vsem problemom sveta.\u00ab Ker je Miha optimist, verjame v uspeh. Razmi\u0161lja pa tudi o podjetni\u0161tvu, prav verjetno se zdi, da se neko\u010d znajde prav tam: \u00bb\u017de nekaj \u010dasa pa sanjam, da bi enkrat sam imel svoje lastno podjetje. Podjetnost me je \u017ee od nekdaj navdu\u0161evala.\u00ab<\/p>\n<p>\u010clanek je v celoti objavljen v aktualni decembrski \u0161tevilki Bistri\u0161kih novic. (A. S.)<\/p>\n","protected":false},"excerpt":{"rendered":"<p>Miha Mavsar je nadobuden gimnazijec na Srednji \u0161oli Slovenska Bistrica, ki je \u017eelen znanja in novih izzivov. Po naravi je \u010disti naravoslovec, v naravoslovju ceni in ob\u010duduje predvsem logi\u010dnost in predvidljivost. \u0160e posebej ga navdu\u0161ujeta fizika in kemija. Spreten pa je tudi v jezikih. Je Bistri\u010dan, priseljen iz Bele Krajine, dobri dve leti je \u017eivel [&hellip;]<\/p>\n","protected":false},"author":12,"featured_media":170183,"comment_status":"closed","ping_status":"closed","sticky":false,"template":"","format":"standard","meta":{"footnotes":""},"categories":[14,32],"tags":[19365,10356],"class_list":{"0":"post-170174","1":"post","2":"type-post","3":"status-publish","4":"format-standard","5":"has-post-thumbnail","7":"category-aktualno","8":"category-bistrisko","9":"tag-miha-mavsar","10":"tag-sssb"},"yoast_head":"<!-- This site is optimized with the Yoast SEO plugin v27.4 - https:\/\/yoast.com\/product\/yoast-seo-wordpress\/ -->\n<title>Miha Mavsar, mlad raziskovalec in prejemnik Krkinega priznanja - Novice.si<\/title>\n<meta name=\"robots\" content=\"index, follow, max-snippet:-1, max-image-preview:large, max-video-preview:-1\" \/>\n<link rel=\"canonical\" href=\"https:\/\/novice.si\/page\/miha-mavsar-mlad-raziskovalec-in-prejemnik-krkinega-priznanja\/\" \/>\n<meta property=\"og:locale\" content=\"sl_SI\" \/>\n<meta property=\"og:type\" content=\"article\" \/>\n<meta property=\"og:title\" content=\"Miha Mavsar, mlad raziskovalec in prejemnik Krkinega priznanja - Novice.si\" \/>\n<meta property=\"og:description\" content=\"Miha Mavsar je nadobuden gimnazijec na Srednji \u0161oli Slovenska Bistrica, ki je \u017eelen znanja in novih izzivov. Po naravi je \u010disti naravoslovec, v naravoslovju ceni in ob\u010duduje predvsem logi\u010dnost in predvidljivost. \u0160e posebej ga navdu\u0161ujeta fizika in kemija. Spreten pa je tudi v jezikih. Je Bistri\u010dan, priseljen iz Bele Krajine, dobri dve leti je \u017eivel [&hellip;]\" \/>\n<meta property=\"og:url\" content=\"https:\/\/novice.si\/page\/miha-mavsar-mlad-raziskovalec-in-prejemnik-krkinega-priznanja\/\" \/>\n<meta property=\"og:site_name\" content=\"Novice.si\" \/>\n<meta property=\"article:published_time\" content=\"2023-12-14T10:52:18+00:00\" \/>\n<meta property=\"og:image\" content=\"https:\/\/novice.si\/page\/wp-content\/uploads\/2023\/12\/385552418_1691114287964621_3282203184361952374_n.jpg\" \/>\n\t<meta property=\"og:image:width\" content=\"1406\" \/>\n\t<meta property=\"og:image:height\" content=\"2048\" \/>\n\t<meta property=\"og:image:type\" content=\"image\/jpeg\" \/>\n<meta name=\"author\" content=\"Uredni\u0161tvo Celjana\" \/>\n<meta name=\"twitter:card\" content=\"summary_large_image\" \/>\n<meta name=\"twitter:label1\" content=\"Written by\" \/>\n\t<meta name=\"twitter:data1\" content=\"Uredni\u0161tvo Celjana\" \/>\n\t<meta name=\"twitter:label2\" content=\"Est. reading time\" \/>\n\t<meta name=\"twitter:data2\" content=\"4 minute\" \/>\n<script type=\"application\/ld+json\" class=\"yoast-schema-graph\">{\"@context\":\"https:\\\/\\\/schema.org\",\"@graph\":[{\"@type\":\"Article\",\"@id\":\"https:\\\/\\\/novice.si\\\/page\\\/miha-mavsar-mlad-raziskovalec-in-prejemnik-krkinega-priznanja\\\/#article\",\"isPartOf\":{\"@id\":\"https:\\\/\\\/novice.si\\\/page\\\/miha-mavsar-mlad-raziskovalec-in-prejemnik-krkinega-priznanja\\\/\"},\"author\":{\"name\":\"Uredni\u0161tvo Celjana\",\"@id\":\"https:\\\/\\\/novice.si\\\/page\\\/#\\\/schema\\\/person\\\/51903923b50fefb075bc1cd24fe4d065\"},\"headline\":\"Miha Mavsar, mlad raziskovalec in prejemnik Krkinega priznanja\",\"datePublished\":\"2023-12-14T10:52:18+00:00\",\"mainEntityOfPage\":{\"@id\":\"https:\\\/\\\/novice.si\\\/page\\\/miha-mavsar-mlad-raziskovalec-in-prejemnik-krkinega-priznanja\\\/\"},\"wordCount\":609,\"publisher\":{\"@id\":\"https:\\\/\\\/novice.si\\\/page\\\/#organization\"},\"image\":{\"@id\":\"https:\\\/\\\/novice.si\\\/page\\\/miha-mavsar-mlad-raziskovalec-in-prejemnik-krkinega-priznanja\\\/#primaryimage\"},\"thumbnailUrl\":\"https:\\\/\\\/novice.si\\\/page\\\/wp-content\\\/uploads\\\/2023\\\/12\\\/385552418_1691114287964621_3282203184361952374_n.jpg\",\"keywords\":[\"Miha Mavsar\",\"S\u0160SB\"],\"articleSection\":[\"Aktualno\",\"Bistri\u0161ko\"],\"inLanguage\":\"sl-SI\"},{\"@type\":\"WebPage\",\"@id\":\"https:\\\/\\\/novice.si\\\/page\\\/miha-mavsar-mlad-raziskovalec-in-prejemnik-krkinega-priznanja\\\/\",\"url\":\"https:\\\/\\\/novice.si\\\/page\\\/miha-mavsar-mlad-raziskovalec-in-prejemnik-krkinega-priznanja\\\/\",\"name\":\"Miha Mavsar, mlad raziskovalec in prejemnik Krkinega priznanja - Novice.si\",\"isPartOf\":{\"@id\":\"https:\\\/\\\/novice.si\\\/page\\\/#website\"},\"primaryImageOfPage\":{\"@id\":\"https:\\\/\\\/novice.si\\\/page\\\/miha-mavsar-mlad-raziskovalec-in-prejemnik-krkinega-priznanja\\\/#primaryimage\"},\"image\":{\"@id\":\"https:\\\/\\\/novice.si\\\/page\\\/miha-mavsar-mlad-raziskovalec-in-prejemnik-krkinega-priznanja\\\/#primaryimage\"},\"thumbnailUrl\":\"https:\\\/\\\/novice.si\\\/page\\\/wp-content\\\/uploads\\\/2023\\\/12\\\/385552418_1691114287964621_3282203184361952374_n.jpg\",\"datePublished\":\"2023-12-14T10:52:18+00:00\",\"breadcrumb\":{\"@id\":\"https:\\\/\\\/novice.si\\\/page\\\/miha-mavsar-mlad-raziskovalec-in-prejemnik-krkinega-priznanja\\\/#breadcrumb\"},\"inLanguage\":\"sl-SI\",\"potentialAction\":[{\"@type\":\"ReadAction\",\"target\":[\"https:\\\/\\\/novice.si\\\/page\\\/miha-mavsar-mlad-raziskovalec-in-prejemnik-krkinega-priznanja\\\/\"]}]},{\"@type\":\"ImageObject\",\"inLanguage\":\"sl-SI\",\"@id\":\"https:\\\/\\\/novice.si\\\/page\\\/miha-mavsar-mlad-raziskovalec-in-prejemnik-krkinega-priznanja\\\/#primaryimage\",\"url\":\"https:\\\/\\\/novice.si\\\/page\\\/wp-content\\\/uploads\\\/2023\\\/12\\\/385552418_1691114287964621_3282203184361952374_n.jpg\",\"contentUrl\":\"https:\\\/\\\/novice.si\\\/page\\\/wp-content\\\/uploads\\\/2023\\\/12\\\/385552418_1691114287964621_3282203184361952374_n.jpg\",\"width\":1406,\"height\":2048,\"caption\":\"Arhiv: Krka, d. d., Novo mesto.\"},{\"@type\":\"BreadcrumbList\",\"@id\":\"https:\\\/\\\/novice.si\\\/page\\\/miha-mavsar-mlad-raziskovalec-in-prejemnik-krkinega-priznanja\\\/#breadcrumb\",\"itemListElement\":[{\"@type\":\"ListItem\",\"position\":1,\"name\":\"Home\",\"item\":\"https:\\\/\\\/novice.si\\\/page\\\/\"},{\"@type\":\"ListItem\",\"position\":2,\"name\":\"Miha Mavsar, mlad raziskovalec in prejemnik Krkinega priznanja\"}]},{\"@type\":\"WebSite\",\"@id\":\"https:\\\/\\\/novice.si\\\/page\\\/#website\",\"url\":\"https:\\\/\\\/novice.si\\\/page\\\/\",\"name\":\"Novice.si\",\"description\":\"\",\"publisher\":{\"@id\":\"https:\\\/\\\/novice.si\\\/page\\\/#organization\"},\"potentialAction\":[{\"@type\":\"SearchAction\",\"target\":{\"@type\":\"EntryPoint\",\"urlTemplate\":\"https:\\\/\\\/novice.si\\\/page\\\/?s={search_term_string}\"},\"query-input\":{\"@type\":\"PropertyValueSpecification\",\"valueRequired\":true,\"valueName\":\"search_term_string\"}}],\"inLanguage\":\"sl-SI\"},{\"@type\":\"Organization\",\"@id\":\"https:\\\/\\\/novice.si\\\/page\\\/#organization\",\"name\":\"Novice.si\",\"url\":\"https:\\\/\\\/novice.si\\\/page\\\/\",\"logo\":{\"@type\":\"ImageObject\",\"inLanguage\":\"sl-SI\",\"@id\":\"https:\\\/\\\/novice.si\\\/page\\\/#\\\/schema\\\/logo\\\/image\\\/\",\"url\":\"https:\\\/\\\/novice.si\\\/page\\\/wp-content\\\/uploads\\\/2023\\\/03\\\/novice_si.png\",\"contentUrl\":\"https:\\\/\\\/novice.si\\\/page\\\/wp-content\\\/uploads\\\/2023\\\/03\\\/novice_si.png\",\"width\":576,\"height\":200,\"caption\":\"Novice.si\"},\"image\":{\"@id\":\"https:\\\/\\\/novice.si\\\/page\\\/#\\\/schema\\\/logo\\\/image\\\/\"}},{\"@type\":\"Person\",\"@id\":\"https:\\\/\\\/novice.si\\\/page\\\/#\\\/schema\\\/person\\\/51903923b50fefb075bc1cd24fe4d065\",\"name\":\"Uredni\u0161tvo Celjana\",\"image\":{\"@type\":\"ImageObject\",\"inLanguage\":\"sl-SI\",\"@id\":\"https:\\\/\\\/secure.gravatar.com\\\/avatar\\\/b516f102aa90b53619e09722b8ea56721c99bfcb4f1035f9b333d99f52330226?s=96&d=mm&r=g\",\"url\":\"https:\\\/\\\/secure.gravatar.com\\\/avatar\\\/b516f102aa90b53619e09722b8ea56721c99bfcb4f1035f9b333d99f52330226?s=96&d=mm&r=g\",\"contentUrl\":\"https:\\\/\\\/secure.gravatar.com\\\/avatar\\\/b516f102aa90b53619e09722b8ea56721c99bfcb4f1035f9b333d99f52330226?s=96&d=mm&r=g\",\"caption\":\"Uredni\u0161tvo Celjana\"},\"url\":\"https:\\\/\\\/novice.si\\\/page\\\/author\\\/nejc\\\/\"}]}<\/script>\n<!-- \/ Yoast SEO plugin. -->","yoast_head_json":{"title":"Miha Mavsar, mlad raziskovalec in prejemnik Krkinega priznanja - Novice.si","robots":{"index":"index","follow":"follow","max-snippet":"max-snippet:-1","max-image-preview":"max-image-preview:large","max-video-preview":"max-video-preview:-1"},"canonical":"https:\/\/novice.si\/page\/miha-mavsar-mlad-raziskovalec-in-prejemnik-krkinega-priznanja\/","og_locale":"sl_SI","og_type":"article","og_title":"Miha Mavsar, mlad raziskovalec in prejemnik Krkinega priznanja - Novice.si","og_description":"Miha Mavsar je nadobuden gimnazijec na Srednji \u0161oli Slovenska Bistrica, ki je \u017eelen znanja in novih izzivov. Po naravi je \u010disti naravoslovec, v naravoslovju ceni in ob\u010duduje predvsem logi\u010dnost in predvidljivost. \u0160e posebej ga navdu\u0161ujeta fizika in kemija. Spreten pa je tudi v jezikih. Je Bistri\u010dan, priseljen iz Bele Krajine, dobri dve leti je \u017eivel [&hellip;]","og_url":"https:\/\/novice.si\/page\/miha-mavsar-mlad-raziskovalec-in-prejemnik-krkinega-priznanja\/","og_site_name":"Novice.si","article_published_time":"2023-12-14T10:52:18+00:00","og_image":[{"width":1406,"height":2048,"url":"https:\/\/novice.si\/page\/wp-content\/uploads\/2023\/12\/385552418_1691114287964621_3282203184361952374_n.jpg","type":"image\/jpeg"}],"author":"Uredni\u0161tvo Celjana","twitter_card":"summary_large_image","twitter_misc":{"Written by":"Uredni\u0161tvo Celjana","Est. reading time":"4 minute"},"schema":{"@context":"https:\/\/schema.org","@graph":[{"@type":"Article","@id":"https:\/\/novice.si\/page\/miha-mavsar-mlad-raziskovalec-in-prejemnik-krkinega-priznanja\/#article","isPartOf":{"@id":"https:\/\/novice.si\/page\/miha-mavsar-mlad-raziskovalec-in-prejemnik-krkinega-priznanja\/"},"author":{"name":"Uredni\u0161tvo Celjana","@id":"https:\/\/novice.si\/page\/#\/schema\/person\/51903923b50fefb075bc1cd24fe4d065"},"headline":"Miha Mavsar, mlad raziskovalec in prejemnik Krkinega priznanja","datePublished":"2023-12-14T10:52:18+00:00","mainEntityOfPage":{"@id":"https:\/\/novice.si\/page\/miha-mavsar-mlad-raziskovalec-in-prejemnik-krkinega-priznanja\/"},"wordCount":609,"publisher":{"@id":"https:\/\/novice.si\/page\/#organization"},"image":{"@id":"https:\/\/novice.si\/page\/miha-mavsar-mlad-raziskovalec-in-prejemnik-krkinega-priznanja\/#primaryimage"},"thumbnailUrl":"https:\/\/novice.si\/page\/wp-content\/uploads\/2023\/12\/385552418_1691114287964621_3282203184361952374_n.jpg","keywords":["Miha Mavsar","S\u0160SB"],"articleSection":["Aktualno","Bistri\u0161ko"],"inLanguage":"sl-SI"},{"@type":"WebPage","@id":"https:\/\/novice.si\/page\/miha-mavsar-mlad-raziskovalec-in-prejemnik-krkinega-priznanja\/","url":"https:\/\/novice.si\/page\/miha-mavsar-mlad-raziskovalec-in-prejemnik-krkinega-priznanja\/","name":"Miha Mavsar, mlad raziskovalec in prejemnik Krkinega priznanja - Novice.si","isPartOf":{"@id":"https:\/\/novice.si\/page\/#website"},"primaryImageOfPage":{"@id":"https:\/\/novice.si\/page\/miha-mavsar-mlad-raziskovalec-in-prejemnik-krkinega-priznanja\/#primaryimage"},"image":{"@id":"https:\/\/novice.si\/page\/miha-mavsar-mlad-raziskovalec-in-prejemnik-krkinega-priznanja\/#primaryimage"},"thumbnailUrl":"https:\/\/novice.si\/page\/wp-content\/uploads\/2023\/12\/385552418_1691114287964621_3282203184361952374_n.jpg","datePublished":"2023-12-14T10:52:18+00:00","breadcrumb":{"@id":"https:\/\/novice.si\/page\/miha-mavsar-mlad-raziskovalec-in-prejemnik-krkinega-priznanja\/#breadcrumb"},"inLanguage":"sl-SI","potentialAction":[{"@type":"ReadAction","target":["https:\/\/novice.si\/page\/miha-mavsar-mlad-raziskovalec-in-prejemnik-krkinega-priznanja\/"]}]},{"@type":"ImageObject","inLanguage":"sl-SI","@id":"https:\/\/novice.si\/page\/miha-mavsar-mlad-raziskovalec-in-prejemnik-krkinega-priznanja\/#primaryimage","url":"https:\/\/novice.si\/page\/wp-content\/uploads\/2023\/12\/385552418_1691114287964621_3282203184361952374_n.jpg","contentUrl":"https:\/\/novice.si\/page\/wp-content\/uploads\/2023\/12\/385552418_1691114287964621_3282203184361952374_n.jpg","width":1406,"height":2048,"caption":"Arhiv: Krka, d. d., Novo mesto."},{"@type":"BreadcrumbList","@id":"https:\/\/novice.si\/page\/miha-mavsar-mlad-raziskovalec-in-prejemnik-krkinega-priznanja\/#breadcrumb","itemListElement":[{"@type":"ListItem","position":1,"name":"Home","item":"https:\/\/novice.si\/page\/"},{"@type":"ListItem","position":2,"name":"Miha Mavsar, mlad raziskovalec in prejemnik Krkinega priznanja"}]},{"@type":"WebSite","@id":"https:\/\/novice.si\/page\/#website","url":"https:\/\/novice.si\/page\/","name":"Novice.si","description":"","publisher":{"@id":"https:\/\/novice.si\/page\/#organization"},"potentialAction":[{"@type":"SearchAction","target":{"@type":"EntryPoint","urlTemplate":"https:\/\/novice.si\/page\/?s={search_term_string}"},"query-input":{"@type":"PropertyValueSpecification","valueRequired":true,"valueName":"search_term_string"}}],"inLanguage":"sl-SI"},{"@type":"Organization","@id":"https:\/\/novice.si\/page\/#organization","name":"Novice.si","url":"https:\/\/novice.si\/page\/","logo":{"@type":"ImageObject","inLanguage":"sl-SI","@id":"https:\/\/novice.si\/page\/#\/schema\/logo\/image\/","url":"https:\/\/novice.si\/page\/wp-content\/uploads\/2023\/03\/novice_si.png","contentUrl":"https:\/\/novice.si\/page\/wp-content\/uploads\/2023\/03\/novice_si.png","width":576,"height":200,"caption":"Novice.si"},"image":{"@id":"https:\/\/novice.si\/page\/#\/schema\/logo\/image\/"}},{"@type":"Person","@id":"https:\/\/novice.si\/page\/#\/schema\/person\/51903923b50fefb075bc1cd24fe4d065","name":"Uredni\u0161tvo Celjana","image":{"@type":"ImageObject","inLanguage":"sl-SI","@id":"https:\/\/secure.gravatar.com\/avatar\/b516f102aa90b53619e09722b8ea56721c99bfcb4f1035f9b333d99f52330226?s=96&d=mm&r=g","url":"https:\/\/secure.gravatar.com\/avatar\/b516f102aa90b53619e09722b8ea56721c99bfcb4f1035f9b333d99f52330226?s=96&d=mm&r=g","contentUrl":"https:\/\/secure.gravatar.com\/avatar\/b516f102aa90b53619e09722b8ea56721c99bfcb4f1035f9b333d99f52330226?s=96&d=mm&r=g","caption":"Uredni\u0161tvo Celjana"},"url":"https:\/\/novice.si\/page\/author\/nejc\/"}]}},"_links":{"self":[{"href":"https:\/\/novice.si\/page\/wp-json\/wp\/v2\/posts\/170174","targetHints":{"allow":["GET"]}}],"collection":[{"href":"https:\/\/novice.si\/page\/wp-json\/wp\/v2\/posts"}],"about":[{"href":"https:\/\/novice.si\/page\/wp-json\/wp\/v2\/types\/post"}],"author":[{"embeddable":true,"href":"https:\/\/novice.si\/page\/wp-json\/wp\/v2\/users\/12"}],"replies":[{"embeddable":true,"href":"https:\/\/novice.si\/page\/wp-json\/wp\/v2\/comments?post=170174"}],"version-history":[{"count":1,"href":"https:\/\/novice.si\/page\/wp-json\/wp\/v2\/posts\/170174\/revisions"}],"predecessor-version":[{"id":170188,"href":"https:\/\/novice.si\/page\/wp-json\/wp\/v2\/posts\/170174\/revisions\/170188"}],"wp:featuredmedia":[{"embeddable":true,"href":"https:\/\/novice.si\/page\/wp-json\/wp\/v2\/media\/170183"}],"wp:attachment":[{"href":"https:\/\/novice.si\/page\/wp-json\/wp\/v2\/media?parent=170174"}],"wp:term":[{"taxonomy":"category","embeddable":true,"href":"https:\/\/novice.si\/page\/wp-json\/wp\/v2\/categories?post=170174"},{"taxonomy":"post_tag","embeddable":true,"href":"https:\/\/novice.si\/page\/wp-json\/wp\/v2\/tags?post=170174"}],"curies":[{"name":"wp","href":"https:\/\/api.w.org\/{rel}","templated":true}]}}