{"id":170142,"date":"2023-12-14T08:39:41","date_gmt":"2023-12-14T07:39:41","guid":{"rendered":"https:\/\/novice.si\/page\/?p=170142"},"modified":"2023-12-14T08:39:41","modified_gmt":"2023-12-14T07:39:41","slug":"margareta-voglar-od-otrok-ne-mores-zahtevati-necesa-cemur-sam-nisi-zvest","status":"publish","type":"post","link":"https:\/\/novice.si\/page\/margareta-voglar-od-otrok-ne-mores-zahtevati-necesa-cemur-sam-nisi-zvest\/","title":{"rendered":"Margareta Voglar: \u00bbOd otrok ne more\u0161 zahtevati ne\u010desa, \u010demur sam nisi zvest\u00ab"},"content":{"rendered":"<p><strong>Margareta Voglar <\/strong>je ravnateljica osnovne \u0161ole v Laporju, ki z novem letom odhaja v pokoj. Kdo jo bo nadomestil?<\/p>\n<p>\u017de 24 let uspe\u0161no vodi Osnovno \u0161olo Gustava \u0160iliha Laporje, od leta 2009 pa tudi laporski vrtec. Pod njeno taktirko je O\u0160 v Laporju prejela najvi\u0161je priznanje na podro\u010dju \u0161olstva. \u0160ola ponuja \u0161tevilne ob\u0161olske dejavnosti, vsako leto pri njih potekajo \u0161tevilni projekti \u2026 Margareta, oz. za doma\u010dine kar Greta, sicer prihaja iz Polj\u010dan. A po skoraj 40 letih zaposlitve na osnovni \u0161oli v Laporju pravi, da pripada dvema okoli\u0161ema \u2013 polj\u010danskemu in laporskemu. Lokalno okolje ji zares pomeni veliko in lokalno skupnost podpira na razli\u010dne na\u010dine, tudi\u00a0 z obiski dogodkov. Po du\u0161i je kulturnica, rada gre v ve\u010dja in manj\u0161a gledali\u0161\u010da, in zmeraj i\u0161\u010de nove prilo\u017enosti, kako vedeti in znati ve\u010d. Tudi sama je ob delu pridobila dodaten naziv \u2013 tako ima zdaj poleg naziva profesorice razrednega pouka in etike tudi naziv specialistka mened\u017ementa v izobra\u017eevanju. Z ravnateljico v odhodu smo se pogovarjali na enega izmed zadnjih novembrskih dni.<\/p>\n<p><strong>Fotografije in napisi na hodniku dajo vedeti, da imate na va\u0161i \u0161oli aktivnih veliko projektov \u2026 Jih ni skorajda preve\u010d?<\/strong><\/p>\n<p>Imamo kolektiv, ki se zaveda, da smo tukaj zaradi otrok. Kolektiv je delaven in u\u010ditelji sprejemajo neke nove projekte, saj se zavedajo, da se s projekti vedno nekaj novega nau\u010dimo. In to delamo za otroke. Nikoli ne sme\u0161 imeti projekta samo za to, da z njim pridobi\u0161 pohvale ali to\u010dke za napredovanje. Projekti so tukaj za to, da lahko sodelujemo z nekimi zunanjimi strokovnjaki in \u010de si odprtega duha, te ti strokovnjaki vedno veliko nau\u010dijo. Vedno si lahko korak naprej. Hkrati pa ti ta prejeta znanja dajo neko \u0161irino in ta znanja lahko potem porabi\u0161 pri svojem delu na \u0161oli: pri pouku ali ob\u0161olskih dejavnostih.<\/p>\n<p><strong>Lapor\u010dani pogosto hodite tudi na Erasmus izmenjave \u2026<\/strong><\/p>\n<p>Smo ena izmed \u0161ol, ki je v ta projekt vklju\u010dena najdlje \u010dasa nepretrgoma, in to 17 let. Konec septembra sem bila povabljena v Postojno, da sem predstavila, kako smo motivirali u\u010ditelje \u2013 zanje je to nenazadnje dodatno delo. Pa tudi star\u0161e in otroke, ampak njih ni tako te\u017eko motivirati, saj \u010de jih pelje\u0161 v tujino, imajo to vsi radi. Izziv je bil projekt obdr\u017eati toliko let zapored. Ponavadi se pri prvi ali drugi izmenjavi kaj zaplete. In potem \u0161ole to hitro opustijo \u2026<\/p>\n<p><strong>Vse izgleda, da zares \u017eivite za pedago\u0161ki poklic \u2026<\/strong><\/p>\n<p>\u010ce bi poklicno pot izbirala \u0161e enkrat, bi \u0161e enkrat bila u\u010diteljica. Tudi kot u\u010diteljica sem neizmerno u\u017eivala. Otroci so tukaj ve\u010d kot \u010dudoviti in ti dajo ogromno energije. Treba jih je poslu\u0161ati in vzeti resno, v zameno pa dobi\u0161 to, da si dolgo mlad po srcu. Kajti od otrok ne more\u0161 zahtevati ne\u010desa, \u010demur sam nisi zvest. Otrok bo zamujal v razred, \u010de zamuja tudi u\u010ditelj! Odrasli smo otrokom vzgled in s tem vzgledom nau\u010dimo najve\u010d. Z verbalno komunikacijo jih nau\u010dimo bistveno manj kot z vzgledom. Rada sem bila u\u010diteljica. Ko sem postala ravnateljica, pa sem sprva bila nekoliko prestra\u0161ena \u2026 A, ko sem enkrat ugotovila, da imam sodelavce, ki so odli\u010dni, sem lahko bila tudi dobra ravnateljica.<\/p>\n<p><strong>Kaj vam v \u0161oli predstavlja najve\u010dji izziv?<\/strong><\/p>\n<p>Nadarjeni u\u010denci. Na tem podro\u010dju imamo v Sloveniji najmanj znanj. V Laporju se za nadarjene u\u010dence zavzemamo, a \u0161e vedno je veliko prostora za u\u010denje in napredek. \u010ce nadaljujeva prej\u0161njo zgodbo, o dobrih u\u010diteljih \u2013 ugotovila sem, da v zbornici delam s samimi nadarjenimi u\u010denci. Tisti, ki se je iz\u0161olal za u\u010ditelja, mora biti bister. In ugotavljam, da u\u010ditelji potrebujejo izziv \u2013 ko u\u010ditelj postane povsem zadovoljen s svojim delom, za\u010dne stagnirati. Vedno je kje kak\u0161no podro\u010dje, ki se ga da izbolj\u0161ati.<\/p>\n\r\n                <style type=\"text\/css\">\r\n                    \r\n                    #tdi_1  .td-doubleSlider-2 .td-item1 {\r\n                        background: url(https:\/\/novice.si\/page\/wp-content\/uploads\/2023\/12\/370212378_337217475710701_4065936460551413826_n-1-80x60.jpg) 0 0 no-repeat;\r\n                    }\r\n                    #tdi_1  .td-doubleSlider-2 .td-item2 {\r\n                        background: url(https:\/\/novice.si\/page\/wp-content\/uploads\/2023\/12\/387458985_184178318109406_2248924037456484010_n-1-80x60.jpg) 0 0 no-repeat;\r\n                    }\r\n                    #tdi_1  .td-doubleSlider-2 .td-item3 {\r\n                        background: url(https:\/\/novice.si\/page\/wp-content\/uploads\/2023\/12\/384570171_362477846325506_5851316065008645721_n-1-80x60.jpg) 0 0 no-repeat;\r\n                    }\r\n                <\/style>\r\n\r\n                <div id=\"tdi_1\" class=\"td-gallery td-slide-on-2-columns\">\r\n                    <div class=\"post_td_gallery\">\r\n                        <div class=\"td-gallery-slide-top\">\r\n                           <div class=\"td-gallery-title\"><\/div>\r\n\r\n                            <div class=\"td-gallery-controls-wrapper\">\r\n                                <div class=\"td-gallery-slide-count\"><span class=\"td-gallery-slide-item-focus\">1<\/span> od 3<\/div>\r\n                                <div class=\"td-gallery-slide-prev-next-but\">\r\n                                    <i class = \"td-icon-left doubleSliderPrevButton\"><\/i>\r\n                                    <i class = \"td-icon-right doubleSliderNextButton\"><\/i>\r\n                                <\/div>\r\n                            <\/div>\r\n                        <\/div>\r\n\r\n                        <div class = \"td-doubleSlider-1 \">\r\n                            <div class = \"td-slider\">\r\n                                \r\n                    <div class = \"td-slide-item td-item1\">\r\n                        <figure class=\"td-slide-galery-figure td-slide-popup-gallery\">\r\n                            <a class=\"slide-gallery-image-link\" href=\"https:\/\/novice.si\/page\/wp-content\/uploads\/2023\/12\/370212378_337217475710701_4065936460551413826_n-1.jpg\" title=\"370212378_337217475710701_4065936460551413826_n\"  data-caption=\"\"  data-description=\"\" data-gallery>\r\n                                <img decoding=\"async\" src=\"https:\/\/novice.si\/page\/wp-content\/uploads\/2023\/12\/370212378_337217475710701_4065936460551413826_n-1-315x420.jpg\" srcset=\"https:\/\/novice.si\/page\/wp-content\/uploads\/2023\/12\/370212378_337217475710701_4065936460551413826_n-1-315x420.jpg 315w, https:\/\/novice.si\/page\/wp-content\/uploads\/2023\/12\/370212378_337217475710701_4065936460551413826_n-1-450x600.jpg 450w, https:\/\/novice.si\/page\/wp-content\/uploads\/2023\/12\/370212378_337217475710701_4065936460551413826_n-1-768x1024.jpg 768w, https:\/\/novice.si\/page\/wp-content\/uploads\/2023\/12\/370212378_337217475710701_4065936460551413826_n-1-1152x1536.jpg 1152w, https:\/\/novice.si\/page\/wp-content\/uploads\/2023\/12\/370212378_337217475710701_4065936460551413826_n-1-696x928.jpg 696w, https:\/\/novice.si\/page\/wp-content\/uploads\/2023\/12\/370212378_337217475710701_4065936460551413826_n-1-1068x1424.jpg 1068w, https:\/\/novice.si\/page\/wp-content\/uploads\/2023\/12\/370212378_337217475710701_4065936460551413826_n-1-18x24.jpg 18w, https:\/\/novice.si\/page\/wp-content\/uploads\/2023\/12\/370212378_337217475710701_4065936460551413826_n-1-27x36.jpg 27w, https:\/\/novice.si\/page\/wp-content\/uploads\/2023\/12\/370212378_337217475710701_4065936460551413826_n-1-36x48.jpg 36w, https:\/\/novice.si\/page\/wp-content\/uploads\/2023\/12\/370212378_337217475710701_4065936460551413826_n-1.jpg 1440w\" sizes=\"(max-width: 315px) 100vw, 315px\" alt=\"\">\r\n                            <\/a>\r\n                            \r\n                        <\/figure>\r\n                    <\/div>\r\n                    <div class = \"td-slide-item td-item2\">\r\n                        <figure class=\"td-slide-galery-figure td-slide-popup-gallery\">\r\n                            <a class=\"slide-gallery-image-link\" href=\"https:\/\/novice.si\/page\/wp-content\/uploads\/2023\/12\/387458985_184178318109406_2248924037456484010_n-1.jpg\" title=\"387458985_184178318109406_2248924037456484010_n\"  data-caption=\"\"  data-description=\"\" data-gallery>\r\n                                <img decoding=\"async\" src=\"https:\/\/novice.si\/page\/wp-content\/uploads\/2023\/12\/387458985_184178318109406_2248924037456484010_n-1-315x420.jpg\" srcset=\"https:\/\/novice.si\/page\/wp-content\/uploads\/2023\/12\/387458985_184178318109406_2248924037456484010_n-1-315x420.jpg 315w, https:\/\/novice.si\/page\/wp-content\/uploads\/2023\/12\/387458985_184178318109406_2248924037456484010_n-1-450x600.jpg 450w, https:\/\/novice.si\/page\/wp-content\/uploads\/2023\/12\/387458985_184178318109406_2248924037456484010_n-1-768x1024.jpg 768w, https:\/\/novice.si\/page\/wp-content\/uploads\/2023\/12\/387458985_184178318109406_2248924037456484010_n-1-1152x1536.jpg 1152w, https:\/\/novice.si\/page\/wp-content\/uploads\/2023\/12\/387458985_184178318109406_2248924037456484010_n-1-696x928.jpg 696w, https:\/\/novice.si\/page\/wp-content\/uploads\/2023\/12\/387458985_184178318109406_2248924037456484010_n-1-1068x1424.jpg 1068w, https:\/\/novice.si\/page\/wp-content\/uploads\/2023\/12\/387458985_184178318109406_2248924037456484010_n-1-18x24.jpg 18w, https:\/\/novice.si\/page\/wp-content\/uploads\/2023\/12\/387458985_184178318109406_2248924037456484010_n-1-27x36.jpg 27w, https:\/\/novice.si\/page\/wp-content\/uploads\/2023\/12\/387458985_184178318109406_2248924037456484010_n-1-36x48.jpg 36w, https:\/\/novice.si\/page\/wp-content\/uploads\/2023\/12\/387458985_184178318109406_2248924037456484010_n-1.jpg 1440w\" sizes=\"(max-width: 315px) 100vw, 315px\" alt=\"\">\r\n                            <\/a>\r\n                            \r\n                        <\/figure>\r\n                    <\/div>\r\n                    <div class = \"td-slide-item td-item3\">\r\n                        <figure class=\"td-slide-galery-figure td-slide-popup-gallery\">\r\n                            <a class=\"slide-gallery-image-link\" href=\"https:\/\/novice.si\/page\/wp-content\/uploads\/2023\/12\/384570171_362477846325506_5851316065008645721_n-1.jpg\" title=\"384570171_362477846325506_5851316065008645721_n\"  data-caption=\"\"  data-description=\"\" data-gallery>\r\n                                <img decoding=\"async\" src=\"https:\/\/novice.si\/page\/wp-content\/uploads\/2023\/12\/384570171_362477846325506_5851316065008645721_n-1-315x420.jpg\" srcset=\"https:\/\/novice.si\/page\/wp-content\/uploads\/2023\/12\/384570171_362477846325506_5851316065008645721_n-1-315x420.jpg 315w, https:\/\/novice.si\/page\/wp-content\/uploads\/2023\/12\/384570171_362477846325506_5851316065008645721_n-1-450x600.jpg 450w, https:\/\/novice.si\/page\/wp-content\/uploads\/2023\/12\/384570171_362477846325506_5851316065008645721_n-1-768x1024.jpg 768w, https:\/\/novice.si\/page\/wp-content\/uploads\/2023\/12\/384570171_362477846325506_5851316065008645721_n-1-1152x1536.jpg 1152w, https:\/\/novice.si\/page\/wp-content\/uploads\/2023\/12\/384570171_362477846325506_5851316065008645721_n-1-696x928.jpg 696w, https:\/\/novice.si\/page\/wp-content\/uploads\/2023\/12\/384570171_362477846325506_5851316065008645721_n-1-1068x1424.jpg 1068w, https:\/\/novice.si\/page\/wp-content\/uploads\/2023\/12\/384570171_362477846325506_5851316065008645721_n-1-18x24.jpg 18w, https:\/\/novice.si\/page\/wp-content\/uploads\/2023\/12\/384570171_362477846325506_5851316065008645721_n-1-27x36.jpg 27w, https:\/\/novice.si\/page\/wp-content\/uploads\/2023\/12\/384570171_362477846325506_5851316065008645721_n-1-36x48.jpg 36w, https:\/\/novice.si\/page\/wp-content\/uploads\/2023\/12\/384570171_362477846325506_5851316065008645721_n-1.jpg 1440w\" sizes=\"(max-width: 315px) 100vw, 315px\" alt=\"\">\r\n                            <\/a>\r\n                            \r\n                        <\/figure>\r\n                    <\/div>\r\n                            <\/div>\r\n                        <\/div>\r\n\r\n                        <div class = \"td-doubleSlider-2\">\r\n                            <div class = \"td-slider\">\r\n                                \r\n                    <div class = \"td-button td-item1\">\r\n                        <div class = \"td-border\"><\/div>\r\n                    <\/div>\r\n                    <div class = \"td-button td-item2\">\r\n                        <div class = \"td-border\"><\/div>\r\n                    <\/div>\r\n                    <div class = \"td-button td-item3\">\r\n                        <div class = \"td-border\"><\/div>\r\n                    <\/div>\r\n                            <\/div>\r\n                        <\/div>\r\n\r\n                    <\/div>\r\n\r\n                <\/div>\r\n                \n<p><strong>V 24 letih se je v laporski O\u0160 zgodilo marsikaj \u2026 Kaj vam nikoli ne bo u\u0161lo iz spomina?<\/strong><\/p>\n<p>\u010clovek je na sre\u010do narejen tako, da slabe trenutke po ve\u010dini pozabimo, ostanejo pa lepi spomini. En tak trenutek je, ko smo dobili priznanje Bla\u017ea Kumerdeja, to je najvi\u0161je priznanje na podro\u010dju \u0161olstva, in smo v \u010dasu \u017eleda \u0161li kot skupina na podelitev v Ljubljano. Z nami je \u0161el tudi predsednik krajevne skupnosti. To so tak\u0161ni lepi spomini. Pa potem spomini na skupna dru\u017eenja \u2013 imeli smo obletnice ob 100-letnici na\u0161e \u0161ole, obele\u017eili smo 180- in 190-letnico \u0161olstva v Laporju \u2026 \u00a0Pa razni izleti s kolektivom. U\u010ditelji morajo biti povezani. Tako kot morajo biti otroci zadovoljni, morajo biti tudi delavci zadovoljni. Nujno so potrebna dodatna dru\u017eenja. \/&#8230;\/<\/p>\n<p><strong>Kaj vam pomeni priznanje Bla\u017ea Kumerdeja?<\/strong><\/p>\n<p>Zelo sem ponosna. To priznanje ima zelo malo \u0161ol in s tem priznanjem smo dobili tudi plo\u0161\u010dico z imenom na\u0161e \u0161ole v prostorih Zavoda za \u0161olstvo v Ljubljani. Je pa priznanje odraz tega, da sem vedno gledala naprej, na\u010drtno vpeljevala stvari, ki bodo v prihodnosti pomembne. Orali smo ledino pri tujih jezikih, vpeljevali smo nem\u0161\u010dino kot drugi tuji jezik po posebnem postopku in to je izgledalo tako, da smo v nem\u0161\u010dini telovadili, ra\u010dunali, imeli spoznavanje okolja \u2026 Z leti smo postopke spreminjali in pri\u0161li do najvi\u0161je stopnje raziskovanja na dr\u017eavni ravni. In danes je v u\u010dnih na\u010drtih, da se najni\u017eji razredi u\u010dijo tuji jezik 3x na teden po 30 minut. Ker se majhni otroci otroci bistveno prej nau\u010dijo tujega jezika, \u010de so z njim ve\u010dkrat v stiku. Na predmetni stopnji je potem druga\u010de. Dva tuja jezika imamo tudi v vrtcu. In tako u\u010denje poteka skozi igro. Jaz in u\u010ditelji smo v tak\u0161ne zadeve vlo\u017eili veliko energije. In jo \u0161e zmeraj vlagamo. Ne zato, da dobimo priznanje, ampak zato, ker smo presodili, da bo to za otroke najbolje. Tak primer je tudi to, da danes otroci v prvih treh razredih nimajo delovnih zvezkov \u2026 In dokazali smo, da so na\u0161i otroci v tej starosti dale\u010d nad dr\u017eavnim povpre\u010djem. In to brez delovnih zvezkov. Otroci morajo v tem obdobju veliko pisati, da se razvija fina motorika \u2026 Sicer pa je delovnih zvezkov malo tudi na predmetni stopnji.<\/p>\n<p><strong>Na prvi dan novega leta se boste upokojili. Se tega obdobja veselite, boste kaj pogre\u0161ali?<\/strong><\/p>\n<p>Sem \u017ee toliko utrujena, da se upokojitve veselim. Veselim se, da bom po\u010dela stvari, za katere zdaj ni bilo \u010dasa, da bom lahko ve\u010dkrat \u0161la na kak\u0161no predstavo v gledali\u0161\u010de ali pa kam v lokalnem okolju, veselim se, da bom lahko ve\u010dkrat \u0161la v hribe. Zdaj sem uspela le redko, velikokrat sem bila preutrujena \u2026 Sicer pa ne vem, kaj bo prinesel \u010das. Prepustim se naklju\u010dju \u2026 Ampak, sem odprta za razli\u010dne zadeve, rada sem med ljudmi, sem optimistka in mislim, da si bom na\u0161la kak\u0161no novo aktivnost. Jaz mislim, da skoraj vse, kar si \u010dlovek zamisli, lahko tudi realizira! Samo voljo mora\u0161 pokazati in iskati poti do cilja. Vedno pa smo na neki poti. Vedno sem iskala neko pot, vedno sem bila radovedna \u2026 In ko najdem nekaj novega, me to veseli. Samo da nekaj po\u010dnem! Nisem rada pri miru. \u010ceprav rada berem knjige, to ne more biti moja edina dejavnost, rabim \u0161e kaj.<\/p>\n<p>Intervju je v celoti objavljen v aktualni decembrski \u0161tevilki Bistri\u0161kih novic (A. S.).<\/p>\n","protected":false},"excerpt":{"rendered":"<p>Margareta Voglar je ravnateljica osnovne \u0161ole v Laporju, ki z novem letom odhaja v pokoj. Kdo jo bo nadomestil? \u017de 24 let uspe\u0161no vodi Osnovno \u0161olo Gustava \u0160iliha Laporje, od leta 2009 pa tudi laporski vrtec. Pod njeno taktirko je O\u0160 v Laporju prejela najvi\u0161je priznanje na podro\u010dju \u0161olstva. \u0160ola ponuja \u0161tevilne ob\u0161olske dejavnosti, vsako [&hellip;]<\/p>\n","protected":false},"author":12,"featured_media":170145,"comment_status":"closed","ping_status":"closed","sticky":false,"template":"","format":"standard","meta":{"footnotes":""},"categories":[14,32],"tags":[9365,19359,19360,19361],"class_list":{"0":"post-170142","1":"post","2":"type-post","3":"status-publish","4":"format-standard","5":"has-post-thumbnail","7":"category-aktualno","8":"category-bistrisko","9":"tag-margareta-voglar","10":"tag-os-laporje","11":"tag-priznanje-blaza-kumerdeja","12":"tag-vrtec-laporje"},"yoast_head":"<!-- This site is optimized with the Yoast SEO plugin v27.4 - https:\/\/yoast.com\/product\/yoast-seo-wordpress\/ -->\n<title>Margareta Voglar: \u00bbOd otrok ne more\u0161 zahtevati ne\u010desa, \u010demur sam nisi zvest\u00ab - Novice.si<\/title>\n<meta name=\"robots\" content=\"index, follow, max-snippet:-1, max-image-preview:large, max-video-preview:-1\" \/>\n<link rel=\"canonical\" href=\"https:\/\/novice.si\/page\/margareta-voglar-od-otrok-ne-mores-zahtevati-necesa-cemur-sam-nisi-zvest\/\" \/>\n<meta property=\"og:locale\" content=\"sl_SI\" \/>\n<meta property=\"og:type\" content=\"article\" \/>\n<meta property=\"og:title\" content=\"Margareta Voglar: \u00bbOd otrok ne more\u0161 zahtevati ne\u010desa, \u010demur sam nisi zvest\u00ab - Novice.si\" \/>\n<meta property=\"og:description\" content=\"Margareta Voglar je ravnateljica osnovne \u0161ole v Laporju, ki z novem letom odhaja v pokoj. Kdo jo bo nadomestil? \u017de 24 let uspe\u0161no vodi Osnovno \u0161olo Gustava \u0160iliha Laporje, od leta 2009 pa tudi laporski vrtec. Pod njeno taktirko je O\u0160 v Laporju prejela najvi\u0161je priznanje na podro\u010dju \u0161olstva. \u0160ola ponuja \u0161tevilne ob\u0161olske dejavnosti, vsako [&hellip;]\" \/>\n<meta property=\"og:url\" content=\"https:\/\/novice.si\/page\/margareta-voglar-od-otrok-ne-mores-zahtevati-necesa-cemur-sam-nisi-zvest\/\" \/>\n<meta property=\"og:site_name\" content=\"Novice.si\" \/>\n<meta property=\"article:published_time\" content=\"2023-12-14T07:39:41+00:00\" \/>\n<meta property=\"og:image\" content=\"https:\/\/novice.si\/page\/wp-content\/uploads\/2023\/12\/387458985_184178318109406_2248924037456484010_n.jpg\" \/>\n\t<meta property=\"og:image:width\" content=\"1440\" \/>\n\t<meta property=\"og:image:height\" content=\"1920\" \/>\n\t<meta property=\"og:image:type\" content=\"image\/jpeg\" \/>\n<meta name=\"author\" content=\"Uredni\u0161tvo Celjana\" \/>\n<meta name=\"twitter:card\" content=\"summary_large_image\" \/>\n<meta name=\"twitter:label1\" content=\"Written by\" \/>\n\t<meta name=\"twitter:data1\" content=\"Uredni\u0161tvo Celjana\" \/>\n\t<meta name=\"twitter:label2\" content=\"Est. reading time\" \/>\n\t<meta name=\"twitter:data2\" content=\"7 minut\" \/>\n<script type=\"application\/ld+json\" class=\"yoast-schema-graph\">{\"@context\":\"https:\\\/\\\/schema.org\",\"@graph\":[{\"@type\":\"Article\",\"@id\":\"https:\\\/\\\/novice.si\\\/page\\\/margareta-voglar-od-otrok-ne-mores-zahtevati-necesa-cemur-sam-nisi-zvest\\\/#article\",\"isPartOf\":{\"@id\":\"https:\\\/\\\/novice.si\\\/page\\\/margareta-voglar-od-otrok-ne-mores-zahtevati-necesa-cemur-sam-nisi-zvest\\\/\"},\"author\":{\"name\":\"Uredni\u0161tvo Celjana\",\"@id\":\"https:\\\/\\\/novice.si\\\/page\\\/#\\\/schema\\\/person\\\/51903923b50fefb075bc1cd24fe4d065\"},\"headline\":\"Margareta Voglar: \u00bbOd otrok ne more\u0161 zahtevati ne\u010desa, \u010demur sam nisi zvest\u00ab\",\"datePublished\":\"2023-12-14T07:39:41+00:00\",\"mainEntityOfPage\":{\"@id\":\"https:\\\/\\\/novice.si\\\/page\\\/margareta-voglar-od-otrok-ne-mores-zahtevati-necesa-cemur-sam-nisi-zvest\\\/\"},\"wordCount\":1250,\"publisher\":{\"@id\":\"https:\\\/\\\/novice.si\\\/page\\\/#organization\"},\"image\":{\"@id\":\"https:\\\/\\\/novice.si\\\/page\\\/margareta-voglar-od-otrok-ne-mores-zahtevati-necesa-cemur-sam-nisi-zvest\\\/#primaryimage\"},\"thumbnailUrl\":\"https:\\\/\\\/novice.si\\\/page\\\/wp-content\\\/uploads\\\/2023\\\/12\\\/387458985_184178318109406_2248924037456484010_n.jpg\",\"keywords\":[\"Margareta Voglar\",\"O\u0160 Laporje\",\"priznanje Bla\u017ea Kumerdeja\",\"vrtec Laporje\"],\"articleSection\":[\"Aktualno\",\"Bistri\u0161ko\"],\"inLanguage\":\"sl-SI\"},{\"@type\":\"WebPage\",\"@id\":\"https:\\\/\\\/novice.si\\\/page\\\/margareta-voglar-od-otrok-ne-mores-zahtevati-necesa-cemur-sam-nisi-zvest\\\/\",\"url\":\"https:\\\/\\\/novice.si\\\/page\\\/margareta-voglar-od-otrok-ne-mores-zahtevati-necesa-cemur-sam-nisi-zvest\\\/\",\"name\":\"Margareta Voglar: \u00bbOd otrok ne more\u0161 zahtevati ne\u010desa, \u010demur sam nisi zvest\u00ab - Novice.si\",\"isPartOf\":{\"@id\":\"https:\\\/\\\/novice.si\\\/page\\\/#website\"},\"primaryImageOfPage\":{\"@id\":\"https:\\\/\\\/novice.si\\\/page\\\/margareta-voglar-od-otrok-ne-mores-zahtevati-necesa-cemur-sam-nisi-zvest\\\/#primaryimage\"},\"image\":{\"@id\":\"https:\\\/\\\/novice.si\\\/page\\\/margareta-voglar-od-otrok-ne-mores-zahtevati-necesa-cemur-sam-nisi-zvest\\\/#primaryimage\"},\"thumbnailUrl\":\"https:\\\/\\\/novice.si\\\/page\\\/wp-content\\\/uploads\\\/2023\\\/12\\\/387458985_184178318109406_2248924037456484010_n.jpg\",\"datePublished\":\"2023-12-14T07:39:41+00:00\",\"breadcrumb\":{\"@id\":\"https:\\\/\\\/novice.si\\\/page\\\/margareta-voglar-od-otrok-ne-mores-zahtevati-necesa-cemur-sam-nisi-zvest\\\/#breadcrumb\"},\"inLanguage\":\"sl-SI\",\"potentialAction\":[{\"@type\":\"ReadAction\",\"target\":[\"https:\\\/\\\/novice.si\\\/page\\\/margareta-voglar-od-otrok-ne-mores-zahtevati-necesa-cemur-sam-nisi-zvest\\\/\"]}]},{\"@type\":\"ImageObject\",\"inLanguage\":\"sl-SI\",\"@id\":\"https:\\\/\\\/novice.si\\\/page\\\/margareta-voglar-od-otrok-ne-mores-zahtevati-necesa-cemur-sam-nisi-zvest\\\/#primaryimage\",\"url\":\"https:\\\/\\\/novice.si\\\/page\\\/wp-content\\\/uploads\\\/2023\\\/12\\\/387458985_184178318109406_2248924037456484010_n.jpg\",\"contentUrl\":\"https:\\\/\\\/novice.si\\\/page\\\/wp-content\\\/uploads\\\/2023\\\/12\\\/387458985_184178318109406_2248924037456484010_n.jpg\",\"width\":1440,\"height\":1920},{\"@type\":\"BreadcrumbList\",\"@id\":\"https:\\\/\\\/novice.si\\\/page\\\/margareta-voglar-od-otrok-ne-mores-zahtevati-necesa-cemur-sam-nisi-zvest\\\/#breadcrumb\",\"itemListElement\":[{\"@type\":\"ListItem\",\"position\":1,\"name\":\"Home\",\"item\":\"https:\\\/\\\/novice.si\\\/page\\\/\"},{\"@type\":\"ListItem\",\"position\":2,\"name\":\"Margareta Voglar: \u00bbOd otrok ne more\u0161 zahtevati ne\u010desa, \u010demur sam nisi zvest\u00ab\"}]},{\"@type\":\"WebSite\",\"@id\":\"https:\\\/\\\/novice.si\\\/page\\\/#website\",\"url\":\"https:\\\/\\\/novice.si\\\/page\\\/\",\"name\":\"Novice.si\",\"description\":\"\",\"publisher\":{\"@id\":\"https:\\\/\\\/novice.si\\\/page\\\/#organization\"},\"potentialAction\":[{\"@type\":\"SearchAction\",\"target\":{\"@type\":\"EntryPoint\",\"urlTemplate\":\"https:\\\/\\\/novice.si\\\/page\\\/?s={search_term_string}\"},\"query-input\":{\"@type\":\"PropertyValueSpecification\",\"valueRequired\":true,\"valueName\":\"search_term_string\"}}],\"inLanguage\":\"sl-SI\"},{\"@type\":\"Organization\",\"@id\":\"https:\\\/\\\/novice.si\\\/page\\\/#organization\",\"name\":\"Novice.si\",\"url\":\"https:\\\/\\\/novice.si\\\/page\\\/\",\"logo\":{\"@type\":\"ImageObject\",\"inLanguage\":\"sl-SI\",\"@id\":\"https:\\\/\\\/novice.si\\\/page\\\/#\\\/schema\\\/logo\\\/image\\\/\",\"url\":\"https:\\\/\\\/novice.si\\\/page\\\/wp-content\\\/uploads\\\/2023\\\/03\\\/novice_si.png\",\"contentUrl\":\"https:\\\/\\\/novice.si\\\/page\\\/wp-content\\\/uploads\\\/2023\\\/03\\\/novice_si.png\",\"width\":576,\"height\":200,\"caption\":\"Novice.si\"},\"image\":{\"@id\":\"https:\\\/\\\/novice.si\\\/page\\\/#\\\/schema\\\/logo\\\/image\\\/\"}},{\"@type\":\"Person\",\"@id\":\"https:\\\/\\\/novice.si\\\/page\\\/#\\\/schema\\\/person\\\/51903923b50fefb075bc1cd24fe4d065\",\"name\":\"Uredni\u0161tvo Celjana\",\"image\":{\"@type\":\"ImageObject\",\"inLanguage\":\"sl-SI\",\"@id\":\"https:\\\/\\\/secure.gravatar.com\\\/avatar\\\/b516f102aa90b53619e09722b8ea56721c99bfcb4f1035f9b333d99f52330226?s=96&d=mm&r=g\",\"url\":\"https:\\\/\\\/secure.gravatar.com\\\/avatar\\\/b516f102aa90b53619e09722b8ea56721c99bfcb4f1035f9b333d99f52330226?s=96&d=mm&r=g\",\"contentUrl\":\"https:\\\/\\\/secure.gravatar.com\\\/avatar\\\/b516f102aa90b53619e09722b8ea56721c99bfcb4f1035f9b333d99f52330226?s=96&d=mm&r=g\",\"caption\":\"Uredni\u0161tvo Celjana\"},\"url\":\"https:\\\/\\\/novice.si\\\/page\\\/author\\\/nejc\\\/\"}]}<\/script>\n<!-- \/ Yoast SEO plugin. -->","yoast_head_json":{"title":"Margareta Voglar: \u00bbOd otrok ne more\u0161 zahtevati ne\u010desa, \u010demur sam nisi zvest\u00ab - Novice.si","robots":{"index":"index","follow":"follow","max-snippet":"max-snippet:-1","max-image-preview":"max-image-preview:large","max-video-preview":"max-video-preview:-1"},"canonical":"https:\/\/novice.si\/page\/margareta-voglar-od-otrok-ne-mores-zahtevati-necesa-cemur-sam-nisi-zvest\/","og_locale":"sl_SI","og_type":"article","og_title":"Margareta Voglar: \u00bbOd otrok ne more\u0161 zahtevati ne\u010desa, \u010demur sam nisi zvest\u00ab - Novice.si","og_description":"Margareta Voglar je ravnateljica osnovne \u0161ole v Laporju, ki z novem letom odhaja v pokoj. Kdo jo bo nadomestil? \u017de 24 let uspe\u0161no vodi Osnovno \u0161olo Gustava \u0160iliha Laporje, od leta 2009 pa tudi laporski vrtec. Pod njeno taktirko je O\u0160 v Laporju prejela najvi\u0161je priznanje na podro\u010dju \u0161olstva. \u0160ola ponuja \u0161tevilne ob\u0161olske dejavnosti, vsako [&hellip;]","og_url":"https:\/\/novice.si\/page\/margareta-voglar-od-otrok-ne-mores-zahtevati-necesa-cemur-sam-nisi-zvest\/","og_site_name":"Novice.si","article_published_time":"2023-12-14T07:39:41+00:00","og_image":[{"width":1440,"height":1920,"url":"https:\/\/novice.si\/page\/wp-content\/uploads\/2023\/12\/387458985_184178318109406_2248924037456484010_n.jpg","type":"image\/jpeg"}],"author":"Uredni\u0161tvo Celjana","twitter_card":"summary_large_image","twitter_misc":{"Written by":"Uredni\u0161tvo Celjana","Est. reading time":"7 minut"},"schema":{"@context":"https:\/\/schema.org","@graph":[{"@type":"Article","@id":"https:\/\/novice.si\/page\/margareta-voglar-od-otrok-ne-mores-zahtevati-necesa-cemur-sam-nisi-zvest\/#article","isPartOf":{"@id":"https:\/\/novice.si\/page\/margareta-voglar-od-otrok-ne-mores-zahtevati-necesa-cemur-sam-nisi-zvest\/"},"author":{"name":"Uredni\u0161tvo Celjana","@id":"https:\/\/novice.si\/page\/#\/schema\/person\/51903923b50fefb075bc1cd24fe4d065"},"headline":"Margareta Voglar: \u00bbOd otrok ne more\u0161 zahtevati ne\u010desa, \u010demur sam nisi zvest\u00ab","datePublished":"2023-12-14T07:39:41+00:00","mainEntityOfPage":{"@id":"https:\/\/novice.si\/page\/margareta-voglar-od-otrok-ne-mores-zahtevati-necesa-cemur-sam-nisi-zvest\/"},"wordCount":1250,"publisher":{"@id":"https:\/\/novice.si\/page\/#organization"},"image":{"@id":"https:\/\/novice.si\/page\/margareta-voglar-od-otrok-ne-mores-zahtevati-necesa-cemur-sam-nisi-zvest\/#primaryimage"},"thumbnailUrl":"https:\/\/novice.si\/page\/wp-content\/uploads\/2023\/12\/387458985_184178318109406_2248924037456484010_n.jpg","keywords":["Margareta Voglar","O\u0160 Laporje","priznanje Bla\u017ea Kumerdeja","vrtec Laporje"],"articleSection":["Aktualno","Bistri\u0161ko"],"inLanguage":"sl-SI"},{"@type":"WebPage","@id":"https:\/\/novice.si\/page\/margareta-voglar-od-otrok-ne-mores-zahtevati-necesa-cemur-sam-nisi-zvest\/","url":"https:\/\/novice.si\/page\/margareta-voglar-od-otrok-ne-mores-zahtevati-necesa-cemur-sam-nisi-zvest\/","name":"Margareta Voglar: \u00bbOd otrok ne more\u0161 zahtevati ne\u010desa, \u010demur sam nisi zvest\u00ab - Novice.si","isPartOf":{"@id":"https:\/\/novice.si\/page\/#website"},"primaryImageOfPage":{"@id":"https:\/\/novice.si\/page\/margareta-voglar-od-otrok-ne-mores-zahtevati-necesa-cemur-sam-nisi-zvest\/#primaryimage"},"image":{"@id":"https:\/\/novice.si\/page\/margareta-voglar-od-otrok-ne-mores-zahtevati-necesa-cemur-sam-nisi-zvest\/#primaryimage"},"thumbnailUrl":"https:\/\/novice.si\/page\/wp-content\/uploads\/2023\/12\/387458985_184178318109406_2248924037456484010_n.jpg","datePublished":"2023-12-14T07:39:41+00:00","breadcrumb":{"@id":"https:\/\/novice.si\/page\/margareta-voglar-od-otrok-ne-mores-zahtevati-necesa-cemur-sam-nisi-zvest\/#breadcrumb"},"inLanguage":"sl-SI","potentialAction":[{"@type":"ReadAction","target":["https:\/\/novice.si\/page\/margareta-voglar-od-otrok-ne-mores-zahtevati-necesa-cemur-sam-nisi-zvest\/"]}]},{"@type":"ImageObject","inLanguage":"sl-SI","@id":"https:\/\/novice.si\/page\/margareta-voglar-od-otrok-ne-mores-zahtevati-necesa-cemur-sam-nisi-zvest\/#primaryimage","url":"https:\/\/novice.si\/page\/wp-content\/uploads\/2023\/12\/387458985_184178318109406_2248924037456484010_n.jpg","contentUrl":"https:\/\/novice.si\/page\/wp-content\/uploads\/2023\/12\/387458985_184178318109406_2248924037456484010_n.jpg","width":1440,"height":1920},{"@type":"BreadcrumbList","@id":"https:\/\/novice.si\/page\/margareta-voglar-od-otrok-ne-mores-zahtevati-necesa-cemur-sam-nisi-zvest\/#breadcrumb","itemListElement":[{"@type":"ListItem","position":1,"name":"Home","item":"https:\/\/novice.si\/page\/"},{"@type":"ListItem","position":2,"name":"Margareta Voglar: \u00bbOd otrok ne more\u0161 zahtevati ne\u010desa, \u010demur sam nisi zvest\u00ab"}]},{"@type":"WebSite","@id":"https:\/\/novice.si\/page\/#website","url":"https:\/\/novice.si\/page\/","name":"Novice.si","description":"","publisher":{"@id":"https:\/\/novice.si\/page\/#organization"},"potentialAction":[{"@type":"SearchAction","target":{"@type":"EntryPoint","urlTemplate":"https:\/\/novice.si\/page\/?s={search_term_string}"},"query-input":{"@type":"PropertyValueSpecification","valueRequired":true,"valueName":"search_term_string"}}],"inLanguage":"sl-SI"},{"@type":"Organization","@id":"https:\/\/novice.si\/page\/#organization","name":"Novice.si","url":"https:\/\/novice.si\/page\/","logo":{"@type":"ImageObject","inLanguage":"sl-SI","@id":"https:\/\/novice.si\/page\/#\/schema\/logo\/image\/","url":"https:\/\/novice.si\/page\/wp-content\/uploads\/2023\/03\/novice_si.png","contentUrl":"https:\/\/novice.si\/page\/wp-content\/uploads\/2023\/03\/novice_si.png","width":576,"height":200,"caption":"Novice.si"},"image":{"@id":"https:\/\/novice.si\/page\/#\/schema\/logo\/image\/"}},{"@type":"Person","@id":"https:\/\/novice.si\/page\/#\/schema\/person\/51903923b50fefb075bc1cd24fe4d065","name":"Uredni\u0161tvo Celjana","image":{"@type":"ImageObject","inLanguage":"sl-SI","@id":"https:\/\/secure.gravatar.com\/avatar\/b516f102aa90b53619e09722b8ea56721c99bfcb4f1035f9b333d99f52330226?s=96&d=mm&r=g","url":"https:\/\/secure.gravatar.com\/avatar\/b516f102aa90b53619e09722b8ea56721c99bfcb4f1035f9b333d99f52330226?s=96&d=mm&r=g","contentUrl":"https:\/\/secure.gravatar.com\/avatar\/b516f102aa90b53619e09722b8ea56721c99bfcb4f1035f9b333d99f52330226?s=96&d=mm&r=g","caption":"Uredni\u0161tvo Celjana"},"url":"https:\/\/novice.si\/page\/author\/nejc\/"}]}},"_links":{"self":[{"href":"https:\/\/novice.si\/page\/wp-json\/wp\/v2\/posts\/170142","targetHints":{"allow":["GET"]}}],"collection":[{"href":"https:\/\/novice.si\/page\/wp-json\/wp\/v2\/posts"}],"about":[{"href":"https:\/\/novice.si\/page\/wp-json\/wp\/v2\/types\/post"}],"author":[{"embeddable":true,"href":"https:\/\/novice.si\/page\/wp-json\/wp\/v2\/users\/12"}],"replies":[{"embeddable":true,"href":"https:\/\/novice.si\/page\/wp-json\/wp\/v2\/comments?post=170142"}],"version-history":[{"count":1,"href":"https:\/\/novice.si\/page\/wp-json\/wp\/v2\/posts\/170142\/revisions"}],"predecessor-version":[{"id":170150,"href":"https:\/\/novice.si\/page\/wp-json\/wp\/v2\/posts\/170142\/revisions\/170150"}],"wp:featuredmedia":[{"embeddable":true,"href":"https:\/\/novice.si\/page\/wp-json\/wp\/v2\/media\/170145"}],"wp:attachment":[{"href":"https:\/\/novice.si\/page\/wp-json\/wp\/v2\/media?parent=170142"}],"wp:term":[{"taxonomy":"category","embeddable":true,"href":"https:\/\/novice.si\/page\/wp-json\/wp\/v2\/categories?post=170142"},{"taxonomy":"post_tag","embeddable":true,"href":"https:\/\/novice.si\/page\/wp-json\/wp\/v2\/tags?post=170142"}],"curies":[{"name":"wp","href":"https:\/\/api.w.org\/{rel}","templated":true}]}}