{"id":170139,"date":"2023-12-13T20:27:14","date_gmt":"2023-12-13T19:27:14","guid":{"rendered":"https:\/\/novice.si\/page\/?p=170139"},"modified":"2023-12-13T20:27:14","modified_gmt":"2023-12-13T19:27:14","slug":"celje-obtoznica-za-smrt-otroka-v-avtu","status":"publish","type":"post","link":"https:\/\/novice.si\/page\/celje-obtoznica-za-smrt-otroka-v-avtu\/","title":{"rendered":"CELJE Obto\u017enica za smrt otroka v avtu"},"content":{"rendered":"<p>Celjsko kazensko sodi\u0161\u010de je prejelo obto\u017enico celjskega okro\u017enega dr\u017eavnega to\u017eilstva v <img loading=\"lazy\" decoding=\"async\" class=\"wp-image-170140 alignleft\" src=\"https:\/\/novice.si\/page\/wp-content\/uploads\/2023\/12\/sv-lovrenc-tragicno-600x450.jpg\" alt=\"\" width=\"271\" height=\"203\" srcset=\"https:\/\/novice.si\/page\/wp-content\/uploads\/2023\/12\/sv-lovrenc-tragicno-600x450.jpg 600w, https:\/\/novice.si\/page\/wp-content\/uploads\/2023\/12\/sv-lovrenc-tragicno-1024x768.jpg 1024w, https:\/\/novice.si\/page\/wp-content\/uploads\/2023\/12\/sv-lovrenc-tragicno-768x576.jpg 768w, https:\/\/novice.si\/page\/wp-content\/uploads\/2023\/12\/sv-lovrenc-tragicno-1536x1152.jpg 1536w, https:\/\/novice.si\/page\/wp-content\/uploads\/2023\/12\/sv-lovrenc-tragicno-80x60.jpg 80w, https:\/\/novice.si\/page\/wp-content\/uploads\/2023\/12\/sv-lovrenc-tragicno-265x198.jpg 265w, https:\/\/novice.si\/page\/wp-content\/uploads\/2023\/12\/sv-lovrenc-tragicno-696x522.jpg 696w, https:\/\/novice.si\/page\/wp-content\/uploads\/2023\/12\/sv-lovrenc-tragicno-1068x801.jpg 1068w, https:\/\/novice.si\/page\/wp-content\/uploads\/2023\/12\/sv-lovrenc-tragicno-560x420.jpg 560w, https:\/\/novice.si\/page\/wp-content\/uploads\/2023\/12\/sv-lovrenc-tragicno-1920x1440.jpg 1920w, https:\/\/novice.si\/page\/wp-content\/uploads\/2023\/12\/sv-lovrenc-tragicno-24x18.jpg 24w, https:\/\/novice.si\/page\/wp-content\/uploads\/2023\/12\/sv-lovrenc-tragicno-36x27.jpg 36w, https:\/\/novice.si\/page\/wp-content\/uploads\/2023\/12\/sv-lovrenc-tragicno-48x36.jpg 48w, https:\/\/novice.si\/page\/wp-content\/uploads\/2023\/12\/sv-lovrenc-tragicno.jpg 1984w\" sizes=\"auto, (max-width: 271px) 100vw, 271px\" \/>primeru smrti \u0161e ne dveletnega fantka, ki je 20. junija umrl v pregretem avtomobilu pred stanovanjsko hi\u0161o v Svetem Lovrencu pri Preboldu.<\/p>\n<p>Primer so dodelili sodnici <strong>Maji Man\u010dek \u0160porin<\/strong>, ki bi najkasneje v za\u010detku februarja \u017ee lahko razpisala predobravnavni narok.<\/p>\n<p>Tragi\u010dni primer je pretresel vso dr\u017eavo, pri\u010dakovati pa je zapleten sodni proces, saj sta otrokova mati in njen partner obto\u017eena povzro\u010ditve smrti iz malomarnosti, zanemarjanja mladoletne osebe in surovega ravnanja, kakor tudi kaznivih dejanj, povezanih z mamili.<\/p>\n<p>Oba na za\u010detek sojenja \u010dakata v priporu, imata pa \u0161e mo\u017enost ugovarjati na obto\u017enico.<\/p>\n<p>P\u0160<\/p>\n","protected":false},"excerpt":{"rendered":"<p>Celjsko kazensko sodi\u0161\u010de je prejelo obto\u017enico celjskega okro\u017enega dr\u017eavnega to\u017eilstva v primeru smrti \u0161e ne dveletnega fantka, ki je 20. junija umrl v pregretem avtomobilu pred stanovanjsko hi\u0161o v Svetem Lovrencu pri Preboldu. Primer so dodelili sodnici Maji Man\u010dek \u0160porin, ki bi najkasneje v za\u010detku februarja \u017ee lahko razpisala predobravnavni narok. Tragi\u010dni primer je pretresel [&hellip;]<\/p>\n","protected":false},"author":33,"featured_media":146109,"comment_status":"closed","ping_status":"closed","sticky":false,"template":"","format":"standard","meta":{"footnotes":""},"categories":[14,17,29],"tags":[11776,9677,19358,356,18153,9330],"class_list":{"0":"post-170139","1":"post","2":"type-post","3":"status-publish","4":"format-standard","5":"has-post-thumbnail","7":"category-aktualno","8":"category-celjsko","9":"category-kronika","10":"tag-celjsko-sodisce","11":"tag-maja-mancek-sporin","12":"tag-smrt-dveletnega-fantka","13":"tag-sojenje","14":"tag-sv-lovrenc-pri-preboldu","15":"tag-vlozena-obtoznica"},"yoast_head":"<!-- This site is optimized with the Yoast SEO plugin v27.4 - https:\/\/yoast.com\/product\/yoast-seo-wordpress\/ -->\n<title>CELJE Obto\u017enica za smrt otroka v avtu - Novice.si<\/title>\n<meta name=\"robots\" content=\"index, follow, max-snippet:-1, max-image-preview:large, max-video-preview:-1\" \/>\n<link rel=\"canonical\" href=\"https:\/\/novice.si\/page\/celje-obtoznica-za-smrt-otroka-v-avtu\/\" \/>\n<meta property=\"og:locale\" content=\"sl_SI\" \/>\n<meta property=\"og:type\" content=\"article\" \/>\n<meta property=\"og:title\" content=\"CELJE Obto\u017enica za smrt otroka v avtu - Novice.si\" \/>\n<meta property=\"og:description\" content=\"Celjsko kazensko sodi\u0161\u010de je prejelo obto\u017enico celjskega okro\u017enega dr\u017eavnega to\u017eilstva v primeru smrti \u0161e ne dveletnega fantka, ki je 20. junija umrl v pregretem avtomobilu pred stanovanjsko hi\u0161o v Svetem Lovrencu pri Preboldu. Primer so dodelili sodnici Maji Man\u010dek \u0160porin, ki bi najkasneje v za\u010detku februarja \u017ee lahko razpisala predobravnavni narok. Tragi\u010dni primer je pretresel [&hellip;]\" \/>\n<meta property=\"og:url\" content=\"https:\/\/novice.si\/page\/celje-obtoznica-za-smrt-otroka-v-avtu\/\" \/>\n<meta property=\"og:site_name\" content=\"Novice.si\" \/>\n<meta property=\"article:published_time\" content=\"2023-12-13T19:27:14+00:00\" \/>\n<meta property=\"og:image\" content=\"https:\/\/novice.si\/page\/wp-content\/uploads\/2022\/01\/policija-splosna-1-scaled.jpg\" \/>\n\t<meta property=\"og:image:width\" content=\"2560\" \/>\n\t<meta property=\"og:image:height\" content=\"1440\" \/>\n\t<meta property=\"og:image:type\" content=\"image\/jpeg\" \/>\n<meta name=\"author\" content=\"Uredni\u0161tvo Celjana\" \/>\n<meta name=\"twitter:card\" content=\"summary_large_image\" \/>\n<meta name=\"twitter:label1\" content=\"Written by\" \/>\n\t<meta name=\"twitter:data1\" content=\"Uredni\u0161tvo Celjana\" \/>\n\t<meta name=\"twitter:label2\" content=\"Est. reading time\" \/>\n\t<meta name=\"twitter:data2\" content=\"1 minuta\" \/>\n<script type=\"application\/ld+json\" class=\"yoast-schema-graph\">{\"@context\":\"https:\\\/\\\/schema.org\",\"@graph\":[{\"@type\":\"Article\",\"@id\":\"https:\\\/\\\/novice.si\\\/page\\\/celje-obtoznica-za-smrt-otroka-v-avtu\\\/#article\",\"isPartOf\":{\"@id\":\"https:\\\/\\\/novice.si\\\/page\\\/celje-obtoznica-za-smrt-otroka-v-avtu\\\/\"},\"author\":{\"name\":\"Uredni\u0161tvo Celjana\",\"@id\":\"https:\\\/\\\/novice.si\\\/page\\\/#\\\/schema\\\/person\\\/57f25c9642a9541c7349c65d32032c3e\"},\"headline\":\"CELJE Obto\u017enica za smrt otroka v avtu\",\"datePublished\":\"2023-12-13T19:27:14+00:00\",\"mainEntityOfPage\":{\"@id\":\"https:\\\/\\\/novice.si\\\/page\\\/celje-obtoznica-za-smrt-otroka-v-avtu\\\/\"},\"wordCount\":126,\"publisher\":{\"@id\":\"https:\\\/\\\/novice.si\\\/page\\\/#organization\"},\"image\":{\"@id\":\"https:\\\/\\\/novice.si\\\/page\\\/celje-obtoznica-za-smrt-otroka-v-avtu\\\/#primaryimage\"},\"thumbnailUrl\":\"https:\\\/\\\/novice.si\\\/page\\\/wp-content\\\/uploads\\\/2022\\\/01\\\/policija-splosna-1-scaled.jpg\",\"keywords\":[\"celjsko sodi\u0161\u010de\",\"Maja Man\u010dek \u0160porin\",\"smrt dveletnega fantka\",\"sojenje\",\"Sv. Lovrenc pri Preboldu\",\"vlo\u017eena obto\u017enica\"],\"articleSection\":[\"Aktualno\",\"Celjsko\",\"Kronika\"],\"inLanguage\":\"sl-SI\"},{\"@type\":\"WebPage\",\"@id\":\"https:\\\/\\\/novice.si\\\/page\\\/celje-obtoznica-za-smrt-otroka-v-avtu\\\/\",\"url\":\"https:\\\/\\\/novice.si\\\/page\\\/celje-obtoznica-za-smrt-otroka-v-avtu\\\/\",\"name\":\"CELJE Obto\u017enica za smrt otroka v avtu - Novice.si\",\"isPartOf\":{\"@id\":\"https:\\\/\\\/novice.si\\\/page\\\/#website\"},\"primaryImageOfPage\":{\"@id\":\"https:\\\/\\\/novice.si\\\/page\\\/celje-obtoznica-za-smrt-otroka-v-avtu\\\/#primaryimage\"},\"image\":{\"@id\":\"https:\\\/\\\/novice.si\\\/page\\\/celje-obtoznica-za-smrt-otroka-v-avtu\\\/#primaryimage\"},\"thumbnailUrl\":\"https:\\\/\\\/novice.si\\\/page\\\/wp-content\\\/uploads\\\/2022\\\/01\\\/policija-splosna-1-scaled.jpg\",\"datePublished\":\"2023-12-13T19:27:14+00:00\",\"breadcrumb\":{\"@id\":\"https:\\\/\\\/novice.si\\\/page\\\/celje-obtoznica-za-smrt-otroka-v-avtu\\\/#breadcrumb\"},\"inLanguage\":\"sl-SI\",\"potentialAction\":[{\"@type\":\"ReadAction\",\"target\":[\"https:\\\/\\\/novice.si\\\/page\\\/celje-obtoznica-za-smrt-otroka-v-avtu\\\/\"]}]},{\"@type\":\"ImageObject\",\"inLanguage\":\"sl-SI\",\"@id\":\"https:\\\/\\\/novice.si\\\/page\\\/celje-obtoznica-za-smrt-otroka-v-avtu\\\/#primaryimage\",\"url\":\"https:\\\/\\\/novice.si\\\/page\\\/wp-content\\\/uploads\\\/2022\\\/01\\\/policija-splosna-1-scaled.jpg\",\"contentUrl\":\"https:\\\/\\\/novice.si\\\/page\\\/wp-content\\\/uploads\\\/2022\\\/01\\\/policija-splosna-1-scaled.jpg\",\"width\":2560,\"height\":1440},{\"@type\":\"BreadcrumbList\",\"@id\":\"https:\\\/\\\/novice.si\\\/page\\\/celje-obtoznica-za-smrt-otroka-v-avtu\\\/#breadcrumb\",\"itemListElement\":[{\"@type\":\"ListItem\",\"position\":1,\"name\":\"Home\",\"item\":\"https:\\\/\\\/novice.si\\\/page\\\/\"},{\"@type\":\"ListItem\",\"position\":2,\"name\":\"CELJE Obto\u017enica za smrt otroka v avtu\"}]},{\"@type\":\"WebSite\",\"@id\":\"https:\\\/\\\/novice.si\\\/page\\\/#website\",\"url\":\"https:\\\/\\\/novice.si\\\/page\\\/\",\"name\":\"Novice.si\",\"description\":\"\",\"publisher\":{\"@id\":\"https:\\\/\\\/novice.si\\\/page\\\/#organization\"},\"potentialAction\":[{\"@type\":\"SearchAction\",\"target\":{\"@type\":\"EntryPoint\",\"urlTemplate\":\"https:\\\/\\\/novice.si\\\/page\\\/?s={search_term_string}\"},\"query-input\":{\"@type\":\"PropertyValueSpecification\",\"valueRequired\":true,\"valueName\":\"search_term_string\"}}],\"inLanguage\":\"sl-SI\"},{\"@type\":\"Organization\",\"@id\":\"https:\\\/\\\/novice.si\\\/page\\\/#organization\",\"name\":\"Novice.si\",\"url\":\"https:\\\/\\\/novice.si\\\/page\\\/\",\"logo\":{\"@type\":\"ImageObject\",\"inLanguage\":\"sl-SI\",\"@id\":\"https:\\\/\\\/novice.si\\\/page\\\/#\\\/schema\\\/logo\\\/image\\\/\",\"url\":\"https:\\\/\\\/novice.si\\\/page\\\/wp-content\\\/uploads\\\/2023\\\/03\\\/novice_si.png\",\"contentUrl\":\"https:\\\/\\\/novice.si\\\/page\\\/wp-content\\\/uploads\\\/2023\\\/03\\\/novice_si.png\",\"width\":576,\"height\":200,\"caption\":\"Novice.si\"},\"image\":{\"@id\":\"https:\\\/\\\/novice.si\\\/page\\\/#\\\/schema\\\/logo\\\/image\\\/\"}},{\"@type\":\"Person\",\"@id\":\"https:\\\/\\\/novice.si\\\/page\\\/#\\\/schema\\\/person\\\/57f25c9642a9541c7349c65d32032c3e\",\"name\":\"Uredni\u0161tvo Celjana\",\"image\":{\"@type\":\"ImageObject\",\"inLanguage\":\"sl-SI\",\"@id\":\"https:\\\/\\\/secure.gravatar.com\\\/avatar\\\/78e52bc4279b65f6df6345e0ef0f7b792d361361f230cf4ffecfe0afe6d5629c?s=96&d=mm&r=g\",\"url\":\"https:\\\/\\\/secure.gravatar.com\\\/avatar\\\/78e52bc4279b65f6df6345e0ef0f7b792d361361f230cf4ffecfe0afe6d5629c?s=96&d=mm&r=g\",\"contentUrl\":\"https:\\\/\\\/secure.gravatar.com\\\/avatar\\\/78e52bc4279b65f6df6345e0ef0f7b792d361361f230cf4ffecfe0afe6d5629c?s=96&d=mm&r=g\",\"caption\":\"Uredni\u0161tvo Celjana\"},\"url\":\"https:\\\/\\\/novice.si\\\/page\\\/author\\\/primoz\\\/\"}]}<\/script>\n<!-- \/ Yoast SEO plugin. -->","yoast_head_json":{"title":"CELJE Obto\u017enica za smrt otroka v avtu - Novice.si","robots":{"index":"index","follow":"follow","max-snippet":"max-snippet:-1","max-image-preview":"max-image-preview:large","max-video-preview":"max-video-preview:-1"},"canonical":"https:\/\/novice.si\/page\/celje-obtoznica-za-smrt-otroka-v-avtu\/","og_locale":"sl_SI","og_type":"article","og_title":"CELJE Obto\u017enica za smrt otroka v avtu - Novice.si","og_description":"Celjsko kazensko sodi\u0161\u010de je prejelo obto\u017enico celjskega okro\u017enega dr\u017eavnega to\u017eilstva v primeru smrti \u0161e ne dveletnega fantka, ki je 20. junija umrl v pregretem avtomobilu pred stanovanjsko hi\u0161o v Svetem Lovrencu pri Preboldu. Primer so dodelili sodnici Maji Man\u010dek \u0160porin, ki bi najkasneje v za\u010detku februarja \u017ee lahko razpisala predobravnavni narok. Tragi\u010dni primer je pretresel [&hellip;]","og_url":"https:\/\/novice.si\/page\/celje-obtoznica-za-smrt-otroka-v-avtu\/","og_site_name":"Novice.si","article_published_time":"2023-12-13T19:27:14+00:00","og_image":[{"width":2560,"height":1440,"url":"https:\/\/novice.si\/page\/wp-content\/uploads\/2022\/01\/policija-splosna-1-scaled.jpg","type":"image\/jpeg"}],"author":"Uredni\u0161tvo Celjana","twitter_card":"summary_large_image","twitter_misc":{"Written by":"Uredni\u0161tvo Celjana","Est. reading time":"1 minuta"},"schema":{"@context":"https:\/\/schema.org","@graph":[{"@type":"Article","@id":"https:\/\/novice.si\/page\/celje-obtoznica-za-smrt-otroka-v-avtu\/#article","isPartOf":{"@id":"https:\/\/novice.si\/page\/celje-obtoznica-za-smrt-otroka-v-avtu\/"},"author":{"name":"Uredni\u0161tvo Celjana","@id":"https:\/\/novice.si\/page\/#\/schema\/person\/57f25c9642a9541c7349c65d32032c3e"},"headline":"CELJE Obto\u017enica za smrt otroka v avtu","datePublished":"2023-12-13T19:27:14+00:00","mainEntityOfPage":{"@id":"https:\/\/novice.si\/page\/celje-obtoznica-za-smrt-otroka-v-avtu\/"},"wordCount":126,"publisher":{"@id":"https:\/\/novice.si\/page\/#organization"},"image":{"@id":"https:\/\/novice.si\/page\/celje-obtoznica-za-smrt-otroka-v-avtu\/#primaryimage"},"thumbnailUrl":"https:\/\/novice.si\/page\/wp-content\/uploads\/2022\/01\/policija-splosna-1-scaled.jpg","keywords":["celjsko sodi\u0161\u010de","Maja Man\u010dek \u0160porin","smrt dveletnega fantka","sojenje","Sv. Lovrenc pri Preboldu","vlo\u017eena obto\u017enica"],"articleSection":["Aktualno","Celjsko","Kronika"],"inLanguage":"sl-SI"},{"@type":"WebPage","@id":"https:\/\/novice.si\/page\/celje-obtoznica-za-smrt-otroka-v-avtu\/","url":"https:\/\/novice.si\/page\/celje-obtoznica-za-smrt-otroka-v-avtu\/","name":"CELJE Obto\u017enica za smrt otroka v avtu - Novice.si","isPartOf":{"@id":"https:\/\/novice.si\/page\/#website"},"primaryImageOfPage":{"@id":"https:\/\/novice.si\/page\/celje-obtoznica-za-smrt-otroka-v-avtu\/#primaryimage"},"image":{"@id":"https:\/\/novice.si\/page\/celje-obtoznica-za-smrt-otroka-v-avtu\/#primaryimage"},"thumbnailUrl":"https:\/\/novice.si\/page\/wp-content\/uploads\/2022\/01\/policija-splosna-1-scaled.jpg","datePublished":"2023-12-13T19:27:14+00:00","breadcrumb":{"@id":"https:\/\/novice.si\/page\/celje-obtoznica-za-smrt-otroka-v-avtu\/#breadcrumb"},"inLanguage":"sl-SI","potentialAction":[{"@type":"ReadAction","target":["https:\/\/novice.si\/page\/celje-obtoznica-za-smrt-otroka-v-avtu\/"]}]},{"@type":"ImageObject","inLanguage":"sl-SI","@id":"https:\/\/novice.si\/page\/celje-obtoznica-za-smrt-otroka-v-avtu\/#primaryimage","url":"https:\/\/novice.si\/page\/wp-content\/uploads\/2022\/01\/policija-splosna-1-scaled.jpg","contentUrl":"https:\/\/novice.si\/page\/wp-content\/uploads\/2022\/01\/policija-splosna-1-scaled.jpg","width":2560,"height":1440},{"@type":"BreadcrumbList","@id":"https:\/\/novice.si\/page\/celje-obtoznica-za-smrt-otroka-v-avtu\/#breadcrumb","itemListElement":[{"@type":"ListItem","position":1,"name":"Home","item":"https:\/\/novice.si\/page\/"},{"@type":"ListItem","position":2,"name":"CELJE Obto\u017enica za smrt otroka v avtu"}]},{"@type":"WebSite","@id":"https:\/\/novice.si\/page\/#website","url":"https:\/\/novice.si\/page\/","name":"Novice.si","description":"","publisher":{"@id":"https:\/\/novice.si\/page\/#organization"},"potentialAction":[{"@type":"SearchAction","target":{"@type":"EntryPoint","urlTemplate":"https:\/\/novice.si\/page\/?s={search_term_string}"},"query-input":{"@type":"PropertyValueSpecification","valueRequired":true,"valueName":"search_term_string"}}],"inLanguage":"sl-SI"},{"@type":"Organization","@id":"https:\/\/novice.si\/page\/#organization","name":"Novice.si","url":"https:\/\/novice.si\/page\/","logo":{"@type":"ImageObject","inLanguage":"sl-SI","@id":"https:\/\/novice.si\/page\/#\/schema\/logo\/image\/","url":"https:\/\/novice.si\/page\/wp-content\/uploads\/2023\/03\/novice_si.png","contentUrl":"https:\/\/novice.si\/page\/wp-content\/uploads\/2023\/03\/novice_si.png","width":576,"height":200,"caption":"Novice.si"},"image":{"@id":"https:\/\/novice.si\/page\/#\/schema\/logo\/image\/"}},{"@type":"Person","@id":"https:\/\/novice.si\/page\/#\/schema\/person\/57f25c9642a9541c7349c65d32032c3e","name":"Uredni\u0161tvo Celjana","image":{"@type":"ImageObject","inLanguage":"sl-SI","@id":"https:\/\/secure.gravatar.com\/avatar\/78e52bc4279b65f6df6345e0ef0f7b792d361361f230cf4ffecfe0afe6d5629c?s=96&d=mm&r=g","url":"https:\/\/secure.gravatar.com\/avatar\/78e52bc4279b65f6df6345e0ef0f7b792d361361f230cf4ffecfe0afe6d5629c?s=96&d=mm&r=g","contentUrl":"https:\/\/secure.gravatar.com\/avatar\/78e52bc4279b65f6df6345e0ef0f7b792d361361f230cf4ffecfe0afe6d5629c?s=96&d=mm&r=g","caption":"Uredni\u0161tvo Celjana"},"url":"https:\/\/novice.si\/page\/author\/primoz\/"}]}},"_links":{"self":[{"href":"https:\/\/novice.si\/page\/wp-json\/wp\/v2\/posts\/170139","targetHints":{"allow":["GET"]}}],"collection":[{"href":"https:\/\/novice.si\/page\/wp-json\/wp\/v2\/posts"}],"about":[{"href":"https:\/\/novice.si\/page\/wp-json\/wp\/v2\/types\/post"}],"author":[{"embeddable":true,"href":"https:\/\/novice.si\/page\/wp-json\/wp\/v2\/users\/33"}],"replies":[{"embeddable":true,"href":"https:\/\/novice.si\/page\/wp-json\/wp\/v2\/comments?post=170139"}],"version-history":[{"count":1,"href":"https:\/\/novice.si\/page\/wp-json\/wp\/v2\/posts\/170139\/revisions"}],"predecessor-version":[{"id":170141,"href":"https:\/\/novice.si\/page\/wp-json\/wp\/v2\/posts\/170139\/revisions\/170141"}],"wp:featuredmedia":[{"embeddable":true,"href":"https:\/\/novice.si\/page\/wp-json\/wp\/v2\/media\/146109"}],"wp:attachment":[{"href":"https:\/\/novice.si\/page\/wp-json\/wp\/v2\/media?parent=170139"}],"wp:term":[{"taxonomy":"category","embeddable":true,"href":"https:\/\/novice.si\/page\/wp-json\/wp\/v2\/categories?post=170139"},{"taxonomy":"post_tag","embeddable":true,"href":"https:\/\/novice.si\/page\/wp-json\/wp\/v2\/tags?post=170139"}],"curies":[{"name":"wp","href":"https:\/\/api.w.org\/{rel}","templated":true}]}}