{"id":170127,"date":"2023-12-14T09:38:16","date_gmt":"2023-12-14T08:38:16","guid":{"rendered":"https:\/\/novice.si\/page\/?p=170127"},"modified":"2023-12-13T13:39:47","modified_gmt":"2023-12-13T12:39:47","slug":"koncan-vecji-del-sanacije-romanskega-palacija","status":"publish","type":"post","link":"https:\/\/novice.si\/page\/koncan-vecji-del-sanacije-romanskega-palacija\/","title":{"rendered":"Kon\u010dan ve\u010dji del sanacije Romanskega palacija"},"content":{"rendered":"<p><em><img loading=\"lazy\" decoding=\"async\" class=\"size-medium wp-image-170128 alignright\" src=\"https:\/\/novice.si\/page\/wp-content\/uploads\/2023\/12\/Cz-romanski-palacij-2-480x600.jpg\" alt=\"rimski palacij\" width=\"480\" height=\"600\" srcset=\"https:\/\/novice.si\/page\/wp-content\/uploads\/2023\/12\/Cz-romanski-palacij-2-480x600.jpg 480w, https:\/\/novice.si\/page\/wp-content\/uploads\/2023\/12\/Cz-romanski-palacij-2-768x960.jpg 768w, https:\/\/novice.si\/page\/wp-content\/uploads\/2023\/12\/Cz-romanski-palacij-2-696x870.jpg 696w, https:\/\/novice.si\/page\/wp-content\/uploads\/2023\/12\/Cz-romanski-palacij-2-336x420.jpg 336w, https:\/\/novice.si\/page\/wp-content\/uploads\/2023\/12\/Cz-romanski-palacij-2-19x24.jpg 19w, https:\/\/novice.si\/page\/wp-content\/uploads\/2023\/12\/Cz-romanski-palacij-2-29x36.jpg 29w, https:\/\/novice.si\/page\/wp-content\/uploads\/2023\/12\/Cz-romanski-palacij-2-38x48.jpg 38w, https:\/\/novice.si\/page\/wp-content\/uploads\/2023\/12\/Cz-romanski-palacij-2.jpg 819w\" sizes=\"auto, (max-width: 480px) 100vw, 480px\" \/>Zaklju\u010dili so obse\u017enej\u0161i del sanacije zidov Romanskega palacija na Starem gradu Celje. Izpolnili so vse obveznosti in pogoje za uspe\u0161no \u010drpanje prvega dela dr\u017eavnih sredstev, obnovo namre\u010d sofinancira Ministrstvo za kulturo.<\/em><\/p>\n<p>Mestna ob\u010dina Celje Romanski palacij obnavlja v sodelovanju z Zavodom Celeia Celje, ki je pridobilo sofinanciranje iz dvoletnega razpisa Ministrstva za kulturo za leti 2023 in 2024. Vsa do sedaj izvedena dela so potekala pod nadzorom celjske obmo\u010dne enote Zavoda za varstvo kulturne dedi\u0161\u010dine Slovenije.<\/p>\n<p><strong>Nadaljujejo prihodnje leto<\/strong><\/p>\n<p>Tudi grajsko dvori\u0161\u010de ob Romanskem palaciju dobiva novo, lep\u0161o podobo, sanacija zidov pa je spomeniku povrnila zaslu\u017een sijaj. Odstranili so stare tribune in ostale neuporabne in\u0161talacije, ki so kvarile pogled na to obmo\u010dje celjskega gradu. S kamnitih zidov Romanskega palacija so odstranili kru\u0161ljive dele in zarasli br\u0161ljan. Ugodne vremenske razmere so omogo\u010dile, da so opravili ve\u010d kot 70 odstotkov pogodbenih obveznosti. Z deli bodo nadaljevali v prihodnjem letu in sanacijska dela zaklju\u010dili do maja 2024.<\/p>\n<p>Stari grad Celje letno obi\u0161\u010de ve\u010d kot 90.000 doma\u010dih in tujih obiskovalcev, obnova tega dela kulturnega spomenika pa je pomembna, da bo omogo\u010dal \u0161e dodatne vsebine. Obmo\u010dje Romanskega palacija se namre\u010d uporablja za izvajanje poro\u010dnih obredov in protokolarnih dogodkov, ki zahtevajo vi\u0161jo raven kakovosti in urejenosti.<\/p>\n","protected":false},"excerpt":{"rendered":"<p>Zaklju\u010dili so obse\u017enej\u0161i del sanacije zidov Romanskega palacija na Starem gradu Celje. Izpolnili so vse obveznosti in pogoje za uspe\u0161no \u010drpanje prvega dela dr\u017eavnih sredstev, obnovo namre\u010d sofinancira Ministrstvo za kulturo. Mestna ob\u010dina Celje Romanski palacij obnavlja v sodelovanju z Zavodom Celeia Celje, ki je pridobilo sofinanciranje iz dvoletnega razpisa Ministrstva za kulturo za leti [&hellip;]<\/p>\n","protected":false},"author":55,"featured_media":170128,"comment_status":"closed","ping_status":"closed","sticky":false,"template":"","format":"standard","meta":{"footnotes":""},"categories":[14,142,17],"tags":[],"class_list":{"0":"post-170127","1":"post","2":"type-post","3":"status-publish","4":"format-standard","5":"has-post-thumbnail","7":"category-aktualno","8":"category-celjan","9":"category-celjsko"},"yoast_head":"<!-- This site is optimized with the Yoast SEO plugin v27.4 - https:\/\/yoast.com\/product\/yoast-seo-wordpress\/ -->\n<title>Kon\u010dan ve\u010dji del sanacije Romanskega palacija - Novice.si<\/title>\n<meta name=\"robots\" content=\"index, follow, max-snippet:-1, max-image-preview:large, max-video-preview:-1\" \/>\n<link rel=\"canonical\" href=\"https:\/\/novice.si\/page\/koncan-vecji-del-sanacije-romanskega-palacija\/\" \/>\n<meta property=\"og:locale\" content=\"sl_SI\" \/>\n<meta property=\"og:type\" content=\"article\" \/>\n<meta property=\"og:title\" content=\"Kon\u010dan ve\u010dji del sanacije Romanskega palacija - Novice.si\" \/>\n<meta property=\"og:description\" content=\"Zaklju\u010dili so obse\u017enej\u0161i del sanacije zidov Romanskega palacija na Starem gradu Celje. Izpolnili so vse obveznosti in pogoje za uspe\u0161no \u010drpanje prvega dela dr\u017eavnih sredstev, obnovo namre\u010d sofinancira Ministrstvo za kulturo. Mestna ob\u010dina Celje Romanski palacij obnavlja v sodelovanju z Zavodom Celeia Celje, ki je pridobilo sofinanciranje iz dvoletnega razpisa Ministrstva za kulturo za leti [&hellip;]\" \/>\n<meta property=\"og:url\" content=\"https:\/\/novice.si\/page\/koncan-vecji-del-sanacije-romanskega-palacija\/\" \/>\n<meta property=\"og:site_name\" content=\"Novice.si\" \/>\n<meta property=\"article:published_time\" content=\"2023-12-14T08:38:16+00:00\" \/>\n<meta property=\"og:image\" content=\"https:\/\/novice.si\/page\/wp-content\/uploads\/2023\/12\/Cz-romanski-palacij-2.jpg\" \/>\n\t<meta property=\"og:image:width\" content=\"819\" \/>\n\t<meta property=\"og:image:height\" content=\"1024\" \/>\n\t<meta property=\"og:image:type\" content=\"image\/jpeg\" \/>\n<meta name=\"author\" content=\"Uredni\u0161tvo Celjana\" \/>\n<meta name=\"twitter:card\" content=\"summary_large_image\" \/>\n<meta name=\"twitter:label1\" content=\"Written by\" \/>\n\t<meta name=\"twitter:data1\" content=\"Uredni\u0161tvo Celjana\" \/>\n\t<meta name=\"twitter:label2\" content=\"Est. reading time\" \/>\n\t<meta name=\"twitter:data2\" content=\"2 minuti\" \/>\n<script type=\"application\/ld+json\" class=\"yoast-schema-graph\">{\"@context\":\"https:\\\/\\\/schema.org\",\"@graph\":[{\"@type\":\"Article\",\"@id\":\"https:\\\/\\\/novice.si\\\/page\\\/koncan-vecji-del-sanacije-romanskega-palacija\\\/#article\",\"isPartOf\":{\"@id\":\"https:\\\/\\\/novice.si\\\/page\\\/koncan-vecji-del-sanacije-romanskega-palacija\\\/\"},\"author\":{\"name\":\"Uredni\u0161tvo Celjana\",\"@id\":\"https:\\\/\\\/novice.si\\\/page\\\/#\\\/schema\\\/person\\\/a49f233ef2777ec7b2e8d0662325bb48\"},\"headline\":\"Kon\u010dan ve\u010dji del sanacije Romanskega palacija\",\"datePublished\":\"2023-12-14T08:38:16+00:00\",\"mainEntityOfPage\":{\"@id\":\"https:\\\/\\\/novice.si\\\/page\\\/koncan-vecji-del-sanacije-romanskega-palacija\\\/\"},\"wordCount\":226,\"publisher\":{\"@id\":\"https:\\\/\\\/novice.si\\\/page\\\/#organization\"},\"image\":{\"@id\":\"https:\\\/\\\/novice.si\\\/page\\\/koncan-vecji-del-sanacije-romanskega-palacija\\\/#primaryimage\"},\"thumbnailUrl\":\"https:\\\/\\\/novice.si\\\/page\\\/wp-content\\\/uploads\\\/2023\\\/12\\\/Cz-romanski-palacij-2.jpg\",\"articleSection\":[\"Aktualno\",\"Celjan\",\"Celjsko\"],\"inLanguage\":\"sl-SI\"},{\"@type\":\"WebPage\",\"@id\":\"https:\\\/\\\/novice.si\\\/page\\\/koncan-vecji-del-sanacije-romanskega-palacija\\\/\",\"url\":\"https:\\\/\\\/novice.si\\\/page\\\/koncan-vecji-del-sanacije-romanskega-palacija\\\/\",\"name\":\"Kon\u010dan ve\u010dji del sanacije Romanskega palacija - Novice.si\",\"isPartOf\":{\"@id\":\"https:\\\/\\\/novice.si\\\/page\\\/#website\"},\"primaryImageOfPage\":{\"@id\":\"https:\\\/\\\/novice.si\\\/page\\\/koncan-vecji-del-sanacije-romanskega-palacija\\\/#primaryimage\"},\"image\":{\"@id\":\"https:\\\/\\\/novice.si\\\/page\\\/koncan-vecji-del-sanacije-romanskega-palacija\\\/#primaryimage\"},\"thumbnailUrl\":\"https:\\\/\\\/novice.si\\\/page\\\/wp-content\\\/uploads\\\/2023\\\/12\\\/Cz-romanski-palacij-2.jpg\",\"datePublished\":\"2023-12-14T08:38:16+00:00\",\"breadcrumb\":{\"@id\":\"https:\\\/\\\/novice.si\\\/page\\\/koncan-vecji-del-sanacije-romanskega-palacija\\\/#breadcrumb\"},\"inLanguage\":\"sl-SI\",\"potentialAction\":[{\"@type\":\"ReadAction\",\"target\":[\"https:\\\/\\\/novice.si\\\/page\\\/koncan-vecji-del-sanacije-romanskega-palacija\\\/\"]}]},{\"@type\":\"ImageObject\",\"inLanguage\":\"sl-SI\",\"@id\":\"https:\\\/\\\/novice.si\\\/page\\\/koncan-vecji-del-sanacije-romanskega-palacija\\\/#primaryimage\",\"url\":\"https:\\\/\\\/novice.si\\\/page\\\/wp-content\\\/uploads\\\/2023\\\/12\\\/Cz-romanski-palacij-2.jpg\",\"contentUrl\":\"https:\\\/\\\/novice.si\\\/page\\\/wp-content\\\/uploads\\\/2023\\\/12\\\/Cz-romanski-palacij-2.jpg\",\"width\":819,\"height\":1024,\"caption\":\"rimski palacij\"},{\"@type\":\"BreadcrumbList\",\"@id\":\"https:\\\/\\\/novice.si\\\/page\\\/koncan-vecji-del-sanacije-romanskega-palacija\\\/#breadcrumb\",\"itemListElement\":[{\"@type\":\"ListItem\",\"position\":1,\"name\":\"Home\",\"item\":\"https:\\\/\\\/novice.si\\\/page\\\/\"},{\"@type\":\"ListItem\",\"position\":2,\"name\":\"Kon\u010dan ve\u010dji del sanacije Romanskega palacija\"}]},{\"@type\":\"WebSite\",\"@id\":\"https:\\\/\\\/novice.si\\\/page\\\/#website\",\"url\":\"https:\\\/\\\/novice.si\\\/page\\\/\",\"name\":\"Novice.si\",\"description\":\"\",\"publisher\":{\"@id\":\"https:\\\/\\\/novice.si\\\/page\\\/#organization\"},\"potentialAction\":[{\"@type\":\"SearchAction\",\"target\":{\"@type\":\"EntryPoint\",\"urlTemplate\":\"https:\\\/\\\/novice.si\\\/page\\\/?s={search_term_string}\"},\"query-input\":{\"@type\":\"PropertyValueSpecification\",\"valueRequired\":true,\"valueName\":\"search_term_string\"}}],\"inLanguage\":\"sl-SI\"},{\"@type\":\"Organization\",\"@id\":\"https:\\\/\\\/novice.si\\\/page\\\/#organization\",\"name\":\"Novice.si\",\"url\":\"https:\\\/\\\/novice.si\\\/page\\\/\",\"logo\":{\"@type\":\"ImageObject\",\"inLanguage\":\"sl-SI\",\"@id\":\"https:\\\/\\\/novice.si\\\/page\\\/#\\\/schema\\\/logo\\\/image\\\/\",\"url\":\"https:\\\/\\\/novice.si\\\/page\\\/wp-content\\\/uploads\\\/2023\\\/03\\\/novice_si.png\",\"contentUrl\":\"https:\\\/\\\/novice.si\\\/page\\\/wp-content\\\/uploads\\\/2023\\\/03\\\/novice_si.png\",\"width\":576,\"height\":200,\"caption\":\"Novice.si\"},\"image\":{\"@id\":\"https:\\\/\\\/novice.si\\\/page\\\/#\\\/schema\\\/logo\\\/image\\\/\"}},{\"@type\":\"Person\",\"@id\":\"https:\\\/\\\/novice.si\\\/page\\\/#\\\/schema\\\/person\\\/a49f233ef2777ec7b2e8d0662325bb48\",\"name\":\"Uredni\u0161tvo Celjana\",\"image\":{\"@type\":\"ImageObject\",\"inLanguage\":\"sl-SI\",\"@id\":\"https:\\\/\\\/secure.gravatar.com\\\/avatar\\\/7f7863e616af8f92806c638dd1db3f1a238d83d1cc2ec3100afc06fbb7eb303f?s=96&d=mm&r=g\",\"url\":\"https:\\\/\\\/secure.gravatar.com\\\/avatar\\\/7f7863e616af8f92806c638dd1db3f1a238d83d1cc2ec3100afc06fbb7eb303f?s=96&d=mm&r=g\",\"contentUrl\":\"https:\\\/\\\/secure.gravatar.com\\\/avatar\\\/7f7863e616af8f92806c638dd1db3f1a238d83d1cc2ec3100afc06fbb7eb303f?s=96&d=mm&r=g\",\"caption\":\"Uredni\u0161tvo Celjana\"},\"url\":\"https:\\\/\\\/novice.si\\\/page\\\/author\\\/maja\\\/\"}]}<\/script>\n<!-- \/ Yoast SEO plugin. -->","yoast_head_json":{"title":"Kon\u010dan ve\u010dji del sanacije Romanskega palacija - Novice.si","robots":{"index":"index","follow":"follow","max-snippet":"max-snippet:-1","max-image-preview":"max-image-preview:large","max-video-preview":"max-video-preview:-1"},"canonical":"https:\/\/novice.si\/page\/koncan-vecji-del-sanacije-romanskega-palacija\/","og_locale":"sl_SI","og_type":"article","og_title":"Kon\u010dan ve\u010dji del sanacije Romanskega palacija - Novice.si","og_description":"Zaklju\u010dili so obse\u017enej\u0161i del sanacije zidov Romanskega palacija na Starem gradu Celje. Izpolnili so vse obveznosti in pogoje za uspe\u0161no \u010drpanje prvega dela dr\u017eavnih sredstev, obnovo namre\u010d sofinancira Ministrstvo za kulturo. Mestna ob\u010dina Celje Romanski palacij obnavlja v sodelovanju z Zavodom Celeia Celje, ki je pridobilo sofinanciranje iz dvoletnega razpisa Ministrstva za kulturo za leti [&hellip;]","og_url":"https:\/\/novice.si\/page\/koncan-vecji-del-sanacije-romanskega-palacija\/","og_site_name":"Novice.si","article_published_time":"2023-12-14T08:38:16+00:00","og_image":[{"width":819,"height":1024,"url":"https:\/\/novice.si\/page\/wp-content\/uploads\/2023\/12\/Cz-romanski-palacij-2.jpg","type":"image\/jpeg"}],"author":"Uredni\u0161tvo Celjana","twitter_card":"summary_large_image","twitter_misc":{"Written by":"Uredni\u0161tvo Celjana","Est. reading time":"2 minuti"},"schema":{"@context":"https:\/\/schema.org","@graph":[{"@type":"Article","@id":"https:\/\/novice.si\/page\/koncan-vecji-del-sanacije-romanskega-palacija\/#article","isPartOf":{"@id":"https:\/\/novice.si\/page\/koncan-vecji-del-sanacije-romanskega-palacija\/"},"author":{"name":"Uredni\u0161tvo Celjana","@id":"https:\/\/novice.si\/page\/#\/schema\/person\/a49f233ef2777ec7b2e8d0662325bb48"},"headline":"Kon\u010dan ve\u010dji del sanacije Romanskega palacija","datePublished":"2023-12-14T08:38:16+00:00","mainEntityOfPage":{"@id":"https:\/\/novice.si\/page\/koncan-vecji-del-sanacije-romanskega-palacija\/"},"wordCount":226,"publisher":{"@id":"https:\/\/novice.si\/page\/#organization"},"image":{"@id":"https:\/\/novice.si\/page\/koncan-vecji-del-sanacije-romanskega-palacija\/#primaryimage"},"thumbnailUrl":"https:\/\/novice.si\/page\/wp-content\/uploads\/2023\/12\/Cz-romanski-palacij-2.jpg","articleSection":["Aktualno","Celjan","Celjsko"],"inLanguage":"sl-SI"},{"@type":"WebPage","@id":"https:\/\/novice.si\/page\/koncan-vecji-del-sanacije-romanskega-palacija\/","url":"https:\/\/novice.si\/page\/koncan-vecji-del-sanacije-romanskega-palacija\/","name":"Kon\u010dan ve\u010dji del sanacije Romanskega palacija - Novice.si","isPartOf":{"@id":"https:\/\/novice.si\/page\/#website"},"primaryImageOfPage":{"@id":"https:\/\/novice.si\/page\/koncan-vecji-del-sanacije-romanskega-palacija\/#primaryimage"},"image":{"@id":"https:\/\/novice.si\/page\/koncan-vecji-del-sanacije-romanskega-palacija\/#primaryimage"},"thumbnailUrl":"https:\/\/novice.si\/page\/wp-content\/uploads\/2023\/12\/Cz-romanski-palacij-2.jpg","datePublished":"2023-12-14T08:38:16+00:00","breadcrumb":{"@id":"https:\/\/novice.si\/page\/koncan-vecji-del-sanacije-romanskega-palacija\/#breadcrumb"},"inLanguage":"sl-SI","potentialAction":[{"@type":"ReadAction","target":["https:\/\/novice.si\/page\/koncan-vecji-del-sanacije-romanskega-palacija\/"]}]},{"@type":"ImageObject","inLanguage":"sl-SI","@id":"https:\/\/novice.si\/page\/koncan-vecji-del-sanacije-romanskega-palacija\/#primaryimage","url":"https:\/\/novice.si\/page\/wp-content\/uploads\/2023\/12\/Cz-romanski-palacij-2.jpg","contentUrl":"https:\/\/novice.si\/page\/wp-content\/uploads\/2023\/12\/Cz-romanski-palacij-2.jpg","width":819,"height":1024,"caption":"rimski palacij"},{"@type":"BreadcrumbList","@id":"https:\/\/novice.si\/page\/koncan-vecji-del-sanacije-romanskega-palacija\/#breadcrumb","itemListElement":[{"@type":"ListItem","position":1,"name":"Home","item":"https:\/\/novice.si\/page\/"},{"@type":"ListItem","position":2,"name":"Kon\u010dan ve\u010dji del sanacije Romanskega palacija"}]},{"@type":"WebSite","@id":"https:\/\/novice.si\/page\/#website","url":"https:\/\/novice.si\/page\/","name":"Novice.si","description":"","publisher":{"@id":"https:\/\/novice.si\/page\/#organization"},"potentialAction":[{"@type":"SearchAction","target":{"@type":"EntryPoint","urlTemplate":"https:\/\/novice.si\/page\/?s={search_term_string}"},"query-input":{"@type":"PropertyValueSpecification","valueRequired":true,"valueName":"search_term_string"}}],"inLanguage":"sl-SI"},{"@type":"Organization","@id":"https:\/\/novice.si\/page\/#organization","name":"Novice.si","url":"https:\/\/novice.si\/page\/","logo":{"@type":"ImageObject","inLanguage":"sl-SI","@id":"https:\/\/novice.si\/page\/#\/schema\/logo\/image\/","url":"https:\/\/novice.si\/page\/wp-content\/uploads\/2023\/03\/novice_si.png","contentUrl":"https:\/\/novice.si\/page\/wp-content\/uploads\/2023\/03\/novice_si.png","width":576,"height":200,"caption":"Novice.si"},"image":{"@id":"https:\/\/novice.si\/page\/#\/schema\/logo\/image\/"}},{"@type":"Person","@id":"https:\/\/novice.si\/page\/#\/schema\/person\/a49f233ef2777ec7b2e8d0662325bb48","name":"Uredni\u0161tvo Celjana","image":{"@type":"ImageObject","inLanguage":"sl-SI","@id":"https:\/\/secure.gravatar.com\/avatar\/7f7863e616af8f92806c638dd1db3f1a238d83d1cc2ec3100afc06fbb7eb303f?s=96&d=mm&r=g","url":"https:\/\/secure.gravatar.com\/avatar\/7f7863e616af8f92806c638dd1db3f1a238d83d1cc2ec3100afc06fbb7eb303f?s=96&d=mm&r=g","contentUrl":"https:\/\/secure.gravatar.com\/avatar\/7f7863e616af8f92806c638dd1db3f1a238d83d1cc2ec3100afc06fbb7eb303f?s=96&d=mm&r=g","caption":"Uredni\u0161tvo Celjana"},"url":"https:\/\/novice.si\/page\/author\/maja\/"}]}},"_links":{"self":[{"href":"https:\/\/novice.si\/page\/wp-json\/wp\/v2\/posts\/170127","targetHints":{"allow":["GET"]}}],"collection":[{"href":"https:\/\/novice.si\/page\/wp-json\/wp\/v2\/posts"}],"about":[{"href":"https:\/\/novice.si\/page\/wp-json\/wp\/v2\/types\/post"}],"author":[{"embeddable":true,"href":"https:\/\/novice.si\/page\/wp-json\/wp\/v2\/users\/55"}],"replies":[{"embeddable":true,"href":"https:\/\/novice.si\/page\/wp-json\/wp\/v2\/comments?post=170127"}],"version-history":[{"count":1,"href":"https:\/\/novice.si\/page\/wp-json\/wp\/v2\/posts\/170127\/revisions"}],"predecessor-version":[{"id":170129,"href":"https:\/\/novice.si\/page\/wp-json\/wp\/v2\/posts\/170127\/revisions\/170129"}],"wp:featuredmedia":[{"embeddable":true,"href":"https:\/\/novice.si\/page\/wp-json\/wp\/v2\/media\/170128"}],"wp:attachment":[{"href":"https:\/\/novice.si\/page\/wp-json\/wp\/v2\/media?parent=170127"}],"wp:term":[{"taxonomy":"category","embeddable":true,"href":"https:\/\/novice.si\/page\/wp-json\/wp\/v2\/categories?post=170127"},{"taxonomy":"post_tag","embeddable":true,"href":"https:\/\/novice.si\/page\/wp-json\/wp\/v2\/tags?post=170127"}],"curies":[{"name":"wp","href":"https:\/\/api.w.org\/{rel}","templated":true}]}}