{"id":170119,"date":"2023-12-13T13:32:59","date_gmt":"2023-12-13T12:32:59","guid":{"rendered":"https:\/\/novice.si\/page\/?p=170119"},"modified":"2023-12-13T13:32:59","modified_gmt":"2023-12-13T12:32:59","slug":"v-celju-se-nadaljuje-tradicija-krasitve-z-lampijoni","status":"publish","type":"post","link":"https:\/\/novice.si\/page\/v-celju-se-nadaljuje-tradicija-krasitve-z-lampijoni\/","title":{"rendered":"V Celju se nadaljuje tradicija krasitve z lampijoni"},"content":{"rendered":"<p><em><img loading=\"lazy\" decoding=\"async\" class=\" wp-image-170117 alignleft\" src=\"https:\/\/novice.si\/page\/wp-content\/uploads\/2023\/12\/cz-lampioni-600x338.jpg\" alt=\"lampioni za Savinjo\" width=\"467\" height=\"263\" srcset=\"https:\/\/novice.si\/page\/wp-content\/uploads\/2023\/12\/cz-lampioni-600x338.jpg 600w, https:\/\/novice.si\/page\/wp-content\/uploads\/2023\/12\/cz-lampioni-1024x577.jpg 1024w, https:\/\/novice.si\/page\/wp-content\/uploads\/2023\/12\/cz-lampioni-768x432.jpg 768w, https:\/\/novice.si\/page\/wp-content\/uploads\/2023\/12\/cz-lampioni-1536x865.jpg 1536w, https:\/\/novice.si\/page\/wp-content\/uploads\/2023\/12\/cz-lampioni-696x392.jpg 696w, https:\/\/novice.si\/page\/wp-content\/uploads\/2023\/12\/cz-lampioni-1068x601.jpg 1068w, https:\/\/novice.si\/page\/wp-content\/uploads\/2023\/12\/cz-lampioni-746x420.jpg 746w, https:\/\/novice.si\/page\/wp-content\/uploads\/2023\/12\/cz-lampioni-24x14.jpg 24w, https:\/\/novice.si\/page\/wp-content\/uploads\/2023\/12\/cz-lampioni-36x20.jpg 36w, https:\/\/novice.si\/page\/wp-content\/uploads\/2023\/12\/cz-lampioni-48x27.jpg 48w, https:\/\/novice.si\/page\/wp-content\/uploads\/2023\/12\/cz-lampioni.jpg 1600w\" sizes=\"auto, (max-width: 467px) 100vw, 467px\" \/>Zavod Celeia Celje in Mestna ob\u010dina Celje tudi letos nadaljujeta s tradicijo krasitve nabre\u017eja Savinje z lampijoni, ki jih poslikajo otroci celjskih vrtcev, osnovnih in srednjih \u0161ol. Letos so v 28 vzgojno-izobra\u017eevalnih zavodih ustvarili 77 razli\u010dnih poslikav, ki \u017ee krasijo priljubljeno celjsko sprehajali\u0161\u010de.<\/em><\/p>\n<p>Projekt prazni\u010dne krasitve z lampijoni v okviru Pravlji\u010dnega Celja se je pod okriljem Zavoda Celeia Celje in Mestne ob\u010dine Celje za\u010del leta 2012. Prvo leto je na Savinjskem nabre\u017eju viselo 10, nato pa vsako leto ve\u010d unikatnih poslikav. V zadnjih letih jih je vsako leto okrog 70, letos natan\u010dno 77.<\/p>\n<p><strong>Velik odziv na poziv<\/strong><\/p>\n<p>Podobno kot lani se je na poziv Mestne ob\u010dine Celje odzvalo 28 vzgojno-izobra\u017eevalnih ustanov, od tega 7 vrtcev (12 enot treh javnih vrtcev in 4 zasebni vrtci), 11 osnovnih in 10 srednjih \u0161ol ter Dija\u0161ki in \u0161tudentski dom Celje.<\/p>\n<p>\u00bbGre za edinstven \u0161iroko vklju\u010dujo\u010d projekt, v katerem vsak partner poskrbi za del izvedbe. Mestna ob\u010dina Celje skrbi za koordinacijo celotnega projekta in name\u0161\u010danje poslikav na terenu, v Zavodu Celeia Celje zagotovimo material, dijaki in dijakinje \u0160olskega centra Celje, Srednje \u0161ole za storitvene dejavnosti in logistiko, pod mentorstvom Jelke Rebov tkanine pred poslikavo za\u0161ijejo, dijaki in dijakinje Srednje \u0161ole za gradbeni\u0161tvo in varovanje okolja pa poskrbijo za monta\u017eo lampijonov v kon\u010dni izdelek. Pomagajo tudi pri name\u0161\u010danju na terenu, za kar sicer poskrbijo v podjetju Elektrosignal,\u00ab je o projektu poslikave lampijonov povedala <strong>mag. Maja Voglar<\/strong>, direktorica Zavoda Celeia Celje.<\/p>\n<p>Prazni\u010dna krasitev nabre\u017eja Savinje, priljubljenega celjskega sprehajali\u0161\u010da v vseh letnih \u010dasih, je v Celju postala tradicija. Z njo se spodbuja ustvarjalnost otrok in mladih, obenem pa se krepi ob\u010dutek soustvarjanja prazni\u010dne podobe mesta in pripadnosti \u0161ir\u0161i skupnosti.<\/p>\n","protected":false},"excerpt":{"rendered":"<p>Zavod Celeia Celje in Mestna ob\u010dina Celje tudi letos nadaljujeta s tradicijo krasitve nabre\u017eja Savinje z lampijoni, ki jih poslikajo otroci celjskih vrtcev, osnovnih in srednjih \u0161ol. Letos so v 28 vzgojno-izobra\u017eevalnih zavodih ustvarili 77 razli\u010dnih poslikav, ki \u017ee krasijo priljubljeno celjsko sprehajali\u0161\u010de. Projekt prazni\u010dne krasitve z lampijoni v okviru Pravlji\u010dnega Celja se je pod [&hellip;]<\/p>\n","protected":false},"author":55,"featured_media":170117,"comment_status":"closed","ping_status":"closed","sticky":false,"template":"","format":"standard","meta":{"footnotes":""},"categories":[14,142,17],"tags":[],"class_list":{"0":"post-170119","1":"post","2":"type-post","3":"status-publish","4":"format-standard","5":"has-post-thumbnail","7":"category-aktualno","8":"category-celjan","9":"category-celjsko"},"yoast_head":"<!-- This site is optimized with the Yoast SEO plugin v27.4 - https:\/\/yoast.com\/product\/yoast-seo-wordpress\/ -->\n<title>V Celju se nadaljuje tradicija krasitve z lampijoni - Novice.si<\/title>\n<meta name=\"robots\" content=\"index, follow, max-snippet:-1, max-image-preview:large, max-video-preview:-1\" \/>\n<link rel=\"canonical\" href=\"https:\/\/novice.si\/page\/v-celju-se-nadaljuje-tradicija-krasitve-z-lampijoni\/\" \/>\n<meta property=\"og:locale\" content=\"sl_SI\" \/>\n<meta property=\"og:type\" content=\"article\" \/>\n<meta property=\"og:title\" content=\"V Celju se nadaljuje tradicija krasitve z lampijoni - Novice.si\" \/>\n<meta property=\"og:description\" content=\"Zavod Celeia Celje in Mestna ob\u010dina Celje tudi letos nadaljujeta s tradicijo krasitve nabre\u017eja Savinje z lampijoni, ki jih poslikajo otroci celjskih vrtcev, osnovnih in srednjih \u0161ol. Letos so v 28 vzgojno-izobra\u017eevalnih zavodih ustvarili 77 razli\u010dnih poslikav, ki \u017ee krasijo priljubljeno celjsko sprehajali\u0161\u010de. Projekt prazni\u010dne krasitve z lampijoni v okviru Pravlji\u010dnega Celja se je pod [&hellip;]\" \/>\n<meta property=\"og:url\" content=\"https:\/\/novice.si\/page\/v-celju-se-nadaljuje-tradicija-krasitve-z-lampijoni\/\" \/>\n<meta property=\"og:site_name\" content=\"Novice.si\" \/>\n<meta property=\"article:published_time\" content=\"2023-12-13T12:32:59+00:00\" \/>\n<meta property=\"og:image\" content=\"https:\/\/novice.si\/page\/wp-content\/uploads\/2023\/12\/cz-lampioni.jpg\" \/>\n\t<meta property=\"og:image:width\" content=\"1600\" \/>\n\t<meta property=\"og:image:height\" content=\"901\" \/>\n\t<meta property=\"og:image:type\" content=\"image\/jpeg\" \/>\n<meta name=\"author\" content=\"Uredni\u0161tvo Celjana\" \/>\n<meta name=\"twitter:card\" content=\"summary_large_image\" \/>\n<meta name=\"twitter:label1\" content=\"Written by\" \/>\n\t<meta name=\"twitter:data1\" content=\"Uredni\u0161tvo Celjana\" \/>\n\t<meta name=\"twitter:label2\" content=\"Est. reading time\" \/>\n\t<meta name=\"twitter:data2\" content=\"2 minuti\" \/>\n<script type=\"application\/ld+json\" class=\"yoast-schema-graph\">{\"@context\":\"https:\\\/\\\/schema.org\",\"@graph\":[{\"@type\":\"Article\",\"@id\":\"https:\\\/\\\/novice.si\\\/page\\\/v-celju-se-nadaljuje-tradicija-krasitve-z-lampijoni\\\/#article\",\"isPartOf\":{\"@id\":\"https:\\\/\\\/novice.si\\\/page\\\/v-celju-se-nadaljuje-tradicija-krasitve-z-lampijoni\\\/\"},\"author\":{\"name\":\"Uredni\u0161tvo Celjana\",\"@id\":\"https:\\\/\\\/novice.si\\\/page\\\/#\\\/schema\\\/person\\\/a49f233ef2777ec7b2e8d0662325bb48\"},\"headline\":\"V Celju se nadaljuje tradicija krasitve z lampijoni\",\"datePublished\":\"2023-12-13T12:32:59+00:00\",\"mainEntityOfPage\":{\"@id\":\"https:\\\/\\\/novice.si\\\/page\\\/v-celju-se-nadaljuje-tradicija-krasitve-z-lampijoni\\\/\"},\"wordCount\":295,\"publisher\":{\"@id\":\"https:\\\/\\\/novice.si\\\/page\\\/#organization\"},\"image\":{\"@id\":\"https:\\\/\\\/novice.si\\\/page\\\/v-celju-se-nadaljuje-tradicija-krasitve-z-lampijoni\\\/#primaryimage\"},\"thumbnailUrl\":\"https:\\\/\\\/novice.si\\\/page\\\/wp-content\\\/uploads\\\/2023\\\/12\\\/cz-lampioni.jpg\",\"articleSection\":[\"Aktualno\",\"Celjan\",\"Celjsko\"],\"inLanguage\":\"sl-SI\"},{\"@type\":\"WebPage\",\"@id\":\"https:\\\/\\\/novice.si\\\/page\\\/v-celju-se-nadaljuje-tradicija-krasitve-z-lampijoni\\\/\",\"url\":\"https:\\\/\\\/novice.si\\\/page\\\/v-celju-se-nadaljuje-tradicija-krasitve-z-lampijoni\\\/\",\"name\":\"V Celju se nadaljuje tradicija krasitve z lampijoni - Novice.si\",\"isPartOf\":{\"@id\":\"https:\\\/\\\/novice.si\\\/page\\\/#website\"},\"primaryImageOfPage\":{\"@id\":\"https:\\\/\\\/novice.si\\\/page\\\/v-celju-se-nadaljuje-tradicija-krasitve-z-lampijoni\\\/#primaryimage\"},\"image\":{\"@id\":\"https:\\\/\\\/novice.si\\\/page\\\/v-celju-se-nadaljuje-tradicija-krasitve-z-lampijoni\\\/#primaryimage\"},\"thumbnailUrl\":\"https:\\\/\\\/novice.si\\\/page\\\/wp-content\\\/uploads\\\/2023\\\/12\\\/cz-lampioni.jpg\",\"datePublished\":\"2023-12-13T12:32:59+00:00\",\"breadcrumb\":{\"@id\":\"https:\\\/\\\/novice.si\\\/page\\\/v-celju-se-nadaljuje-tradicija-krasitve-z-lampijoni\\\/#breadcrumb\"},\"inLanguage\":\"sl-SI\",\"potentialAction\":[{\"@type\":\"ReadAction\",\"target\":[\"https:\\\/\\\/novice.si\\\/page\\\/v-celju-se-nadaljuje-tradicija-krasitve-z-lampijoni\\\/\"]}]},{\"@type\":\"ImageObject\",\"inLanguage\":\"sl-SI\",\"@id\":\"https:\\\/\\\/novice.si\\\/page\\\/v-celju-se-nadaljuje-tradicija-krasitve-z-lampijoni\\\/#primaryimage\",\"url\":\"https:\\\/\\\/novice.si\\\/page\\\/wp-content\\\/uploads\\\/2023\\\/12\\\/cz-lampioni.jpg\",\"contentUrl\":\"https:\\\/\\\/novice.si\\\/page\\\/wp-content\\\/uploads\\\/2023\\\/12\\\/cz-lampioni.jpg\",\"width\":1600,\"height\":901,\"caption\":\"lampioni za Savinjo\"},{\"@type\":\"BreadcrumbList\",\"@id\":\"https:\\\/\\\/novice.si\\\/page\\\/v-celju-se-nadaljuje-tradicija-krasitve-z-lampijoni\\\/#breadcrumb\",\"itemListElement\":[{\"@type\":\"ListItem\",\"position\":1,\"name\":\"Home\",\"item\":\"https:\\\/\\\/novice.si\\\/page\\\/\"},{\"@type\":\"ListItem\",\"position\":2,\"name\":\"V Celju se nadaljuje tradicija krasitve z lampijoni\"}]},{\"@type\":\"WebSite\",\"@id\":\"https:\\\/\\\/novice.si\\\/page\\\/#website\",\"url\":\"https:\\\/\\\/novice.si\\\/page\\\/\",\"name\":\"Novice.si\",\"description\":\"\",\"publisher\":{\"@id\":\"https:\\\/\\\/novice.si\\\/page\\\/#organization\"},\"potentialAction\":[{\"@type\":\"SearchAction\",\"target\":{\"@type\":\"EntryPoint\",\"urlTemplate\":\"https:\\\/\\\/novice.si\\\/page\\\/?s={search_term_string}\"},\"query-input\":{\"@type\":\"PropertyValueSpecification\",\"valueRequired\":true,\"valueName\":\"search_term_string\"}}],\"inLanguage\":\"sl-SI\"},{\"@type\":\"Organization\",\"@id\":\"https:\\\/\\\/novice.si\\\/page\\\/#organization\",\"name\":\"Novice.si\",\"url\":\"https:\\\/\\\/novice.si\\\/page\\\/\",\"logo\":{\"@type\":\"ImageObject\",\"inLanguage\":\"sl-SI\",\"@id\":\"https:\\\/\\\/novice.si\\\/page\\\/#\\\/schema\\\/logo\\\/image\\\/\",\"url\":\"https:\\\/\\\/novice.si\\\/page\\\/wp-content\\\/uploads\\\/2023\\\/03\\\/novice_si.png\",\"contentUrl\":\"https:\\\/\\\/novice.si\\\/page\\\/wp-content\\\/uploads\\\/2023\\\/03\\\/novice_si.png\",\"width\":576,\"height\":200,\"caption\":\"Novice.si\"},\"image\":{\"@id\":\"https:\\\/\\\/novice.si\\\/page\\\/#\\\/schema\\\/logo\\\/image\\\/\"}},{\"@type\":\"Person\",\"@id\":\"https:\\\/\\\/novice.si\\\/page\\\/#\\\/schema\\\/person\\\/a49f233ef2777ec7b2e8d0662325bb48\",\"name\":\"Uredni\u0161tvo Celjana\",\"image\":{\"@type\":\"ImageObject\",\"inLanguage\":\"sl-SI\",\"@id\":\"https:\\\/\\\/secure.gravatar.com\\\/avatar\\\/7f7863e616af8f92806c638dd1db3f1a238d83d1cc2ec3100afc06fbb7eb303f?s=96&d=mm&r=g\",\"url\":\"https:\\\/\\\/secure.gravatar.com\\\/avatar\\\/7f7863e616af8f92806c638dd1db3f1a238d83d1cc2ec3100afc06fbb7eb303f?s=96&d=mm&r=g\",\"contentUrl\":\"https:\\\/\\\/secure.gravatar.com\\\/avatar\\\/7f7863e616af8f92806c638dd1db3f1a238d83d1cc2ec3100afc06fbb7eb303f?s=96&d=mm&r=g\",\"caption\":\"Uredni\u0161tvo Celjana\"},\"url\":\"https:\\\/\\\/novice.si\\\/page\\\/author\\\/maja\\\/\"}]}<\/script>\n<!-- \/ Yoast SEO plugin. -->","yoast_head_json":{"title":"V Celju se nadaljuje tradicija krasitve z lampijoni - Novice.si","robots":{"index":"index","follow":"follow","max-snippet":"max-snippet:-1","max-image-preview":"max-image-preview:large","max-video-preview":"max-video-preview:-1"},"canonical":"https:\/\/novice.si\/page\/v-celju-se-nadaljuje-tradicija-krasitve-z-lampijoni\/","og_locale":"sl_SI","og_type":"article","og_title":"V Celju se nadaljuje tradicija krasitve z lampijoni - Novice.si","og_description":"Zavod Celeia Celje in Mestna ob\u010dina Celje tudi letos nadaljujeta s tradicijo krasitve nabre\u017eja Savinje z lampijoni, ki jih poslikajo otroci celjskih vrtcev, osnovnih in srednjih \u0161ol. Letos so v 28 vzgojno-izobra\u017eevalnih zavodih ustvarili 77 razli\u010dnih poslikav, ki \u017ee krasijo priljubljeno celjsko sprehajali\u0161\u010de. Projekt prazni\u010dne krasitve z lampijoni v okviru Pravlji\u010dnega Celja se je pod [&hellip;]","og_url":"https:\/\/novice.si\/page\/v-celju-se-nadaljuje-tradicija-krasitve-z-lampijoni\/","og_site_name":"Novice.si","article_published_time":"2023-12-13T12:32:59+00:00","og_image":[{"width":1600,"height":901,"url":"https:\/\/novice.si\/page\/wp-content\/uploads\/2023\/12\/cz-lampioni.jpg","type":"image\/jpeg"}],"author":"Uredni\u0161tvo Celjana","twitter_card":"summary_large_image","twitter_misc":{"Written by":"Uredni\u0161tvo Celjana","Est. reading time":"2 minuti"},"schema":{"@context":"https:\/\/schema.org","@graph":[{"@type":"Article","@id":"https:\/\/novice.si\/page\/v-celju-se-nadaljuje-tradicija-krasitve-z-lampijoni\/#article","isPartOf":{"@id":"https:\/\/novice.si\/page\/v-celju-se-nadaljuje-tradicija-krasitve-z-lampijoni\/"},"author":{"name":"Uredni\u0161tvo Celjana","@id":"https:\/\/novice.si\/page\/#\/schema\/person\/a49f233ef2777ec7b2e8d0662325bb48"},"headline":"V Celju se nadaljuje tradicija krasitve z lampijoni","datePublished":"2023-12-13T12:32:59+00:00","mainEntityOfPage":{"@id":"https:\/\/novice.si\/page\/v-celju-se-nadaljuje-tradicija-krasitve-z-lampijoni\/"},"wordCount":295,"publisher":{"@id":"https:\/\/novice.si\/page\/#organization"},"image":{"@id":"https:\/\/novice.si\/page\/v-celju-se-nadaljuje-tradicija-krasitve-z-lampijoni\/#primaryimage"},"thumbnailUrl":"https:\/\/novice.si\/page\/wp-content\/uploads\/2023\/12\/cz-lampioni.jpg","articleSection":["Aktualno","Celjan","Celjsko"],"inLanguage":"sl-SI"},{"@type":"WebPage","@id":"https:\/\/novice.si\/page\/v-celju-se-nadaljuje-tradicija-krasitve-z-lampijoni\/","url":"https:\/\/novice.si\/page\/v-celju-se-nadaljuje-tradicija-krasitve-z-lampijoni\/","name":"V Celju se nadaljuje tradicija krasitve z lampijoni - Novice.si","isPartOf":{"@id":"https:\/\/novice.si\/page\/#website"},"primaryImageOfPage":{"@id":"https:\/\/novice.si\/page\/v-celju-se-nadaljuje-tradicija-krasitve-z-lampijoni\/#primaryimage"},"image":{"@id":"https:\/\/novice.si\/page\/v-celju-se-nadaljuje-tradicija-krasitve-z-lampijoni\/#primaryimage"},"thumbnailUrl":"https:\/\/novice.si\/page\/wp-content\/uploads\/2023\/12\/cz-lampioni.jpg","datePublished":"2023-12-13T12:32:59+00:00","breadcrumb":{"@id":"https:\/\/novice.si\/page\/v-celju-se-nadaljuje-tradicija-krasitve-z-lampijoni\/#breadcrumb"},"inLanguage":"sl-SI","potentialAction":[{"@type":"ReadAction","target":["https:\/\/novice.si\/page\/v-celju-se-nadaljuje-tradicija-krasitve-z-lampijoni\/"]}]},{"@type":"ImageObject","inLanguage":"sl-SI","@id":"https:\/\/novice.si\/page\/v-celju-se-nadaljuje-tradicija-krasitve-z-lampijoni\/#primaryimage","url":"https:\/\/novice.si\/page\/wp-content\/uploads\/2023\/12\/cz-lampioni.jpg","contentUrl":"https:\/\/novice.si\/page\/wp-content\/uploads\/2023\/12\/cz-lampioni.jpg","width":1600,"height":901,"caption":"lampioni za Savinjo"},{"@type":"BreadcrumbList","@id":"https:\/\/novice.si\/page\/v-celju-se-nadaljuje-tradicija-krasitve-z-lampijoni\/#breadcrumb","itemListElement":[{"@type":"ListItem","position":1,"name":"Home","item":"https:\/\/novice.si\/page\/"},{"@type":"ListItem","position":2,"name":"V Celju se nadaljuje tradicija krasitve z lampijoni"}]},{"@type":"WebSite","@id":"https:\/\/novice.si\/page\/#website","url":"https:\/\/novice.si\/page\/","name":"Novice.si","description":"","publisher":{"@id":"https:\/\/novice.si\/page\/#organization"},"potentialAction":[{"@type":"SearchAction","target":{"@type":"EntryPoint","urlTemplate":"https:\/\/novice.si\/page\/?s={search_term_string}"},"query-input":{"@type":"PropertyValueSpecification","valueRequired":true,"valueName":"search_term_string"}}],"inLanguage":"sl-SI"},{"@type":"Organization","@id":"https:\/\/novice.si\/page\/#organization","name":"Novice.si","url":"https:\/\/novice.si\/page\/","logo":{"@type":"ImageObject","inLanguage":"sl-SI","@id":"https:\/\/novice.si\/page\/#\/schema\/logo\/image\/","url":"https:\/\/novice.si\/page\/wp-content\/uploads\/2023\/03\/novice_si.png","contentUrl":"https:\/\/novice.si\/page\/wp-content\/uploads\/2023\/03\/novice_si.png","width":576,"height":200,"caption":"Novice.si"},"image":{"@id":"https:\/\/novice.si\/page\/#\/schema\/logo\/image\/"}},{"@type":"Person","@id":"https:\/\/novice.si\/page\/#\/schema\/person\/a49f233ef2777ec7b2e8d0662325bb48","name":"Uredni\u0161tvo Celjana","image":{"@type":"ImageObject","inLanguage":"sl-SI","@id":"https:\/\/secure.gravatar.com\/avatar\/7f7863e616af8f92806c638dd1db3f1a238d83d1cc2ec3100afc06fbb7eb303f?s=96&d=mm&r=g","url":"https:\/\/secure.gravatar.com\/avatar\/7f7863e616af8f92806c638dd1db3f1a238d83d1cc2ec3100afc06fbb7eb303f?s=96&d=mm&r=g","contentUrl":"https:\/\/secure.gravatar.com\/avatar\/7f7863e616af8f92806c638dd1db3f1a238d83d1cc2ec3100afc06fbb7eb303f?s=96&d=mm&r=g","caption":"Uredni\u0161tvo Celjana"},"url":"https:\/\/novice.si\/page\/author\/maja\/"}]}},"_links":{"self":[{"href":"https:\/\/novice.si\/page\/wp-json\/wp\/v2\/posts\/170119","targetHints":{"allow":["GET"]}}],"collection":[{"href":"https:\/\/novice.si\/page\/wp-json\/wp\/v2\/posts"}],"about":[{"href":"https:\/\/novice.si\/page\/wp-json\/wp\/v2\/types\/post"}],"author":[{"embeddable":true,"href":"https:\/\/novice.si\/page\/wp-json\/wp\/v2\/users\/55"}],"replies":[{"embeddable":true,"href":"https:\/\/novice.si\/page\/wp-json\/wp\/v2\/comments?post=170119"}],"version-history":[{"count":1,"href":"https:\/\/novice.si\/page\/wp-json\/wp\/v2\/posts\/170119\/revisions"}],"predecessor-version":[{"id":170120,"href":"https:\/\/novice.si\/page\/wp-json\/wp\/v2\/posts\/170119\/revisions\/170120"}],"wp:featuredmedia":[{"embeddable":true,"href":"https:\/\/novice.si\/page\/wp-json\/wp\/v2\/media\/170117"}],"wp:attachment":[{"href":"https:\/\/novice.si\/page\/wp-json\/wp\/v2\/media?parent=170119"}],"wp:term":[{"taxonomy":"category","embeddable":true,"href":"https:\/\/novice.si\/page\/wp-json\/wp\/v2\/categories?post=170119"},{"taxonomy":"post_tag","embeddable":true,"href":"https:\/\/novice.si\/page\/wp-json\/wp\/v2\/tags?post=170119"}],"curies":[{"name":"wp","href":"https:\/\/api.w.org\/{rel}","templated":true}]}}