{"id":170109,"date":"2023-12-13T12:42:44","date_gmt":"2023-12-13T11:42:44","guid":{"rendered":"https:\/\/novice.si\/page\/?p=170109"},"modified":"2023-12-13T12:42:44","modified_gmt":"2023-12-13T11:42:44","slug":"regija-priloznost-za-razvoj-podjetniske-ideje","status":"publish","type":"post","link":"https:\/\/novice.si\/page\/regija-priloznost-za-razvoj-podjetniske-ideje\/","title":{"rendered":"REGIJA Prilo\u017enost za razvoj podjetni\u0161ke ideje"},"content":{"rendered":"<p>Zainteresirani podjetniki se lahko do devetega januarja prijavijo na ta teden objavljen <img loading=\"lazy\" decoding=\"async\" class=\"wp-image-170111 alignleft\" src=\"https:\/\/novice.si\/page\/wp-content\/uploads\/2023\/12\/rasr-poni-358x600.jpg\" alt=\"\" width=\"193\" height=\"324\" srcset=\"https:\/\/novice.si\/page\/wp-content\/uploads\/2023\/12\/rasr-poni-358x600.jpg 358w, https:\/\/novice.si\/page\/wp-content\/uploads\/2023\/12\/rasr-poni-610x1024.jpg 610w, https:\/\/novice.si\/page\/wp-content\/uploads\/2023\/12\/rasr-poni-696x1168.jpg 696w, https:\/\/novice.si\/page\/wp-content\/uploads\/2023\/12\/rasr-poni-250x420.jpg 250w, https:\/\/novice.si\/page\/wp-content\/uploads\/2023\/12\/rasr-poni-14x24.jpg 14w, https:\/\/novice.si\/page\/wp-content\/uploads\/2023\/12\/rasr-poni-21x36.jpg 21w, https:\/\/novice.si\/page\/wp-content\/uploads\/2023\/12\/rasr-poni-29x48.jpg 29w, https:\/\/novice.si\/page\/wp-content\/uploads\/2023\/12\/rasr-poni.jpg 701w\" sizes=\"auto, (max-width: 193px) 100vw, 193px\" \/>razpis Razvojne agencije Savinjske regije za program podjetni\u0161kega usposabljanja.<\/p>\n<p>\u0160tirimese\u010dno izobra\u017eevanje bodo s partnerksimi agencijami v regiji (Savinjsko-\u0160ale\u0161ko, Spodnje Savinjsko, Osrednje Celjsko, Dravinjsko, Obsotelje in Kozjansko) izvajali v okviru projekta Poni (podjetno nad izzive), ki podjetnikom pripomore k razvijanju in uresni\u010ditvi podjetni\u0161kih zamisli.<\/p>\n<p>Projekt velja za vseh 31 ob\u010din Savinjske statisti\u010dne regije. Prva skupina bo z delom za\u010dela februarja prihodnje leto v Inkubatorju Savinjske regije v Celju, druga v Aurei v Gorici pri Slivnici, tretja pa v prostorih RA Sa-\u0161a regije v Nazarjah.<\/p>\n<p>P\u0160<\/p>\n","protected":false},"excerpt":{"rendered":"<p>Zainteresirani podjetniki se lahko do devetega januarja prijavijo na ta teden objavljen razpis Razvojne agencije Savinjske regije za program podjetni\u0161kega usposabljanja. \u0160tirimese\u010dno izobra\u017eevanje bodo s partnerksimi agencijami v regiji (Savinjsko-\u0160ale\u0161ko, Spodnje Savinjsko, Osrednje Celjsko, Dravinjsko, Obsotelje in Kozjansko) izvajali v okviru projekta Poni (podjetno nad izzive), ki podjetnikom pripomore k razvijanju in uresni\u010ditvi podjetni\u0161kih zamisli. [&hellip;]<\/p>\n","protected":false},"author":33,"featured_media":170112,"comment_status":"closed","ping_status":"closed","sticky":false,"template":"","format":"standard","meta":{"footnotes":""},"categories":[17,16,57],"tags":[19356,18629,4717,19357],"class_list":{"0":"post-170109","1":"post","2":"type-post","3":"status-publish","4":"format-standard","5":"has-post-thumbnail","7":"category-celjsko","8":"category-konjisko","9":"category-sentjursko","10":"tag-projekt-poni","11":"tag-rasr","12":"tag-razpis","13":"tag-razvoj-podjetniske-ideje"},"yoast_head":"<!-- This site is optimized with the Yoast SEO plugin v27.4 - https:\/\/yoast.com\/product\/yoast-seo-wordpress\/ -->\n<title>REGIJA Prilo\u017enost za razvoj podjetni\u0161ke ideje - Novice.si<\/title>\n<meta name=\"robots\" content=\"index, follow, max-snippet:-1, max-image-preview:large, max-video-preview:-1\" \/>\n<link rel=\"canonical\" href=\"https:\/\/novice.si\/page\/regija-priloznost-za-razvoj-podjetniske-ideje\/\" \/>\n<meta property=\"og:locale\" content=\"sl_SI\" \/>\n<meta property=\"og:type\" content=\"article\" \/>\n<meta property=\"og:title\" content=\"REGIJA Prilo\u017enost za razvoj podjetni\u0161ke ideje - Novice.si\" \/>\n<meta property=\"og:description\" content=\"Zainteresirani podjetniki se lahko do devetega januarja prijavijo na ta teden objavljen razpis Razvojne agencije Savinjske regije za program podjetni\u0161kega usposabljanja. \u0160tirimese\u010dno izobra\u017eevanje bodo s partnerksimi agencijami v regiji (Savinjsko-\u0160ale\u0161ko, Spodnje Savinjsko, Osrednje Celjsko, Dravinjsko, Obsotelje in Kozjansko) izvajali v okviru projekta Poni (podjetno nad izzive), ki podjetnikom pripomore k razvijanju in uresni\u010ditvi podjetni\u0161kih zamisli. [&hellip;]\" \/>\n<meta property=\"og:url\" content=\"https:\/\/novice.si\/page\/regija-priloznost-za-razvoj-podjetniske-ideje\/\" \/>\n<meta property=\"og:site_name\" content=\"Novice.si\" \/>\n<meta property=\"article:published_time\" content=\"2023-12-13T11:42:44+00:00\" \/>\n<meta property=\"og:image\" content=\"https:\/\/novice.si\/page\/wp-content\/uploads\/2023\/12\/rasr2.jpg\" \/>\n\t<meta property=\"og:image:width\" content=\"2048\" \/>\n\t<meta property=\"og:image:height\" content=\"1536\" \/>\n\t<meta property=\"og:image:type\" content=\"image\/jpeg\" \/>\n<meta name=\"author\" content=\"Uredni\u0161tvo Celjana\" \/>\n<meta name=\"twitter:card\" content=\"summary_large_image\" \/>\n<meta name=\"twitter:label1\" content=\"Written by\" \/>\n\t<meta name=\"twitter:data1\" content=\"Uredni\u0161tvo Celjana\" \/>\n\t<meta name=\"twitter:label2\" content=\"Est. reading time\" \/>\n\t<meta name=\"twitter:data2\" content=\"1 minuta\" \/>\n<script type=\"application\/ld+json\" class=\"yoast-schema-graph\">{\"@context\":\"https:\\\/\\\/schema.org\",\"@graph\":[{\"@type\":\"Article\",\"@id\":\"https:\\\/\\\/novice.si\\\/page\\\/regija-priloznost-za-razvoj-podjetniske-ideje\\\/#article\",\"isPartOf\":{\"@id\":\"https:\\\/\\\/novice.si\\\/page\\\/regija-priloznost-za-razvoj-podjetniske-ideje\\\/\"},\"author\":{\"name\":\"Uredni\u0161tvo Celjana\",\"@id\":\"https:\\\/\\\/novice.si\\\/page\\\/#\\\/schema\\\/person\\\/57f25c9642a9541c7349c65d32032c3e\"},\"headline\":\"REGIJA Prilo\u017enost za razvoj podjetni\u0161ke ideje\",\"datePublished\":\"2023-12-13T11:42:44+00:00\",\"mainEntityOfPage\":{\"@id\":\"https:\\\/\\\/novice.si\\\/page\\\/regija-priloznost-za-razvoj-podjetniske-ideje\\\/\"},\"wordCount\":114,\"publisher\":{\"@id\":\"https:\\\/\\\/novice.si\\\/page\\\/#organization\"},\"image\":{\"@id\":\"https:\\\/\\\/novice.si\\\/page\\\/regija-priloznost-za-razvoj-podjetniske-ideje\\\/#primaryimage\"},\"thumbnailUrl\":\"https:\\\/\\\/novice.si\\\/page\\\/wp-content\\\/uploads\\\/2023\\\/12\\\/rasr2.jpg\",\"keywords\":[\"projekt Poni\",\"rasr\",\"razpis\",\"razvoj podjetni\u0161ke ideje\"],\"articleSection\":[\"Celjsko\",\"Konji\u0161ko\",\"\u0160entjursko\"],\"inLanguage\":\"sl-SI\"},{\"@type\":\"WebPage\",\"@id\":\"https:\\\/\\\/novice.si\\\/page\\\/regija-priloznost-za-razvoj-podjetniske-ideje\\\/\",\"url\":\"https:\\\/\\\/novice.si\\\/page\\\/regija-priloznost-za-razvoj-podjetniske-ideje\\\/\",\"name\":\"REGIJA Prilo\u017enost za razvoj podjetni\u0161ke ideje - Novice.si\",\"isPartOf\":{\"@id\":\"https:\\\/\\\/novice.si\\\/page\\\/#website\"},\"primaryImageOfPage\":{\"@id\":\"https:\\\/\\\/novice.si\\\/page\\\/regija-priloznost-za-razvoj-podjetniske-ideje\\\/#primaryimage\"},\"image\":{\"@id\":\"https:\\\/\\\/novice.si\\\/page\\\/regija-priloznost-za-razvoj-podjetniske-ideje\\\/#primaryimage\"},\"thumbnailUrl\":\"https:\\\/\\\/novice.si\\\/page\\\/wp-content\\\/uploads\\\/2023\\\/12\\\/rasr2.jpg\",\"datePublished\":\"2023-12-13T11:42:44+00:00\",\"breadcrumb\":{\"@id\":\"https:\\\/\\\/novice.si\\\/page\\\/regija-priloznost-za-razvoj-podjetniske-ideje\\\/#breadcrumb\"},\"inLanguage\":\"sl-SI\",\"potentialAction\":[{\"@type\":\"ReadAction\",\"target\":[\"https:\\\/\\\/novice.si\\\/page\\\/regija-priloznost-za-razvoj-podjetniske-ideje\\\/\"]}]},{\"@type\":\"ImageObject\",\"inLanguage\":\"sl-SI\",\"@id\":\"https:\\\/\\\/novice.si\\\/page\\\/regija-priloznost-za-razvoj-podjetniske-ideje\\\/#primaryimage\",\"url\":\"https:\\\/\\\/novice.si\\\/page\\\/wp-content\\\/uploads\\\/2023\\\/12\\\/rasr2.jpg\",\"contentUrl\":\"https:\\\/\\\/novice.si\\\/page\\\/wp-content\\\/uploads\\\/2023\\\/12\\\/rasr2.jpg\",\"width\":2048,\"height\":1536},{\"@type\":\"BreadcrumbList\",\"@id\":\"https:\\\/\\\/novice.si\\\/page\\\/regija-priloznost-za-razvoj-podjetniske-ideje\\\/#breadcrumb\",\"itemListElement\":[{\"@type\":\"ListItem\",\"position\":1,\"name\":\"Home\",\"item\":\"https:\\\/\\\/novice.si\\\/page\\\/\"},{\"@type\":\"ListItem\",\"position\":2,\"name\":\"REGIJA Prilo\u017enost za razvoj podjetni\u0161ke ideje\"}]},{\"@type\":\"WebSite\",\"@id\":\"https:\\\/\\\/novice.si\\\/page\\\/#website\",\"url\":\"https:\\\/\\\/novice.si\\\/page\\\/\",\"name\":\"Novice.si\",\"description\":\"\",\"publisher\":{\"@id\":\"https:\\\/\\\/novice.si\\\/page\\\/#organization\"},\"potentialAction\":[{\"@type\":\"SearchAction\",\"target\":{\"@type\":\"EntryPoint\",\"urlTemplate\":\"https:\\\/\\\/novice.si\\\/page\\\/?s={search_term_string}\"},\"query-input\":{\"@type\":\"PropertyValueSpecification\",\"valueRequired\":true,\"valueName\":\"search_term_string\"}}],\"inLanguage\":\"sl-SI\"},{\"@type\":\"Organization\",\"@id\":\"https:\\\/\\\/novice.si\\\/page\\\/#organization\",\"name\":\"Novice.si\",\"url\":\"https:\\\/\\\/novice.si\\\/page\\\/\",\"logo\":{\"@type\":\"ImageObject\",\"inLanguage\":\"sl-SI\",\"@id\":\"https:\\\/\\\/novice.si\\\/page\\\/#\\\/schema\\\/logo\\\/image\\\/\",\"url\":\"https:\\\/\\\/novice.si\\\/page\\\/wp-content\\\/uploads\\\/2023\\\/03\\\/novice_si.png\",\"contentUrl\":\"https:\\\/\\\/novice.si\\\/page\\\/wp-content\\\/uploads\\\/2023\\\/03\\\/novice_si.png\",\"width\":576,\"height\":200,\"caption\":\"Novice.si\"},\"image\":{\"@id\":\"https:\\\/\\\/novice.si\\\/page\\\/#\\\/schema\\\/logo\\\/image\\\/\"}},{\"@type\":\"Person\",\"@id\":\"https:\\\/\\\/novice.si\\\/page\\\/#\\\/schema\\\/person\\\/57f25c9642a9541c7349c65d32032c3e\",\"name\":\"Uredni\u0161tvo Celjana\",\"image\":{\"@type\":\"ImageObject\",\"inLanguage\":\"sl-SI\",\"@id\":\"https:\\\/\\\/secure.gravatar.com\\\/avatar\\\/78e52bc4279b65f6df6345e0ef0f7b792d361361f230cf4ffecfe0afe6d5629c?s=96&d=mm&r=g\",\"url\":\"https:\\\/\\\/secure.gravatar.com\\\/avatar\\\/78e52bc4279b65f6df6345e0ef0f7b792d361361f230cf4ffecfe0afe6d5629c?s=96&d=mm&r=g\",\"contentUrl\":\"https:\\\/\\\/secure.gravatar.com\\\/avatar\\\/78e52bc4279b65f6df6345e0ef0f7b792d361361f230cf4ffecfe0afe6d5629c?s=96&d=mm&r=g\",\"caption\":\"Uredni\u0161tvo Celjana\"},\"url\":\"https:\\\/\\\/novice.si\\\/page\\\/author\\\/primoz\\\/\"}]}<\/script>\n<!-- \/ Yoast SEO plugin. -->","yoast_head_json":{"title":"REGIJA Prilo\u017enost za razvoj podjetni\u0161ke ideje - Novice.si","robots":{"index":"index","follow":"follow","max-snippet":"max-snippet:-1","max-image-preview":"max-image-preview:large","max-video-preview":"max-video-preview:-1"},"canonical":"https:\/\/novice.si\/page\/regija-priloznost-za-razvoj-podjetniske-ideje\/","og_locale":"sl_SI","og_type":"article","og_title":"REGIJA Prilo\u017enost za razvoj podjetni\u0161ke ideje - Novice.si","og_description":"Zainteresirani podjetniki se lahko do devetega januarja prijavijo na ta teden objavljen razpis Razvojne agencije Savinjske regije za program podjetni\u0161kega usposabljanja. \u0160tirimese\u010dno izobra\u017eevanje bodo s partnerksimi agencijami v regiji (Savinjsko-\u0160ale\u0161ko, Spodnje Savinjsko, Osrednje Celjsko, Dravinjsko, Obsotelje in Kozjansko) izvajali v okviru projekta Poni (podjetno nad izzive), ki podjetnikom pripomore k razvijanju in uresni\u010ditvi podjetni\u0161kih zamisli. [&hellip;]","og_url":"https:\/\/novice.si\/page\/regija-priloznost-za-razvoj-podjetniske-ideje\/","og_site_name":"Novice.si","article_published_time":"2023-12-13T11:42:44+00:00","og_image":[{"width":2048,"height":1536,"url":"https:\/\/novice.si\/page\/wp-content\/uploads\/2023\/12\/rasr2.jpg","type":"image\/jpeg"}],"author":"Uredni\u0161tvo Celjana","twitter_card":"summary_large_image","twitter_misc":{"Written by":"Uredni\u0161tvo Celjana","Est. reading time":"1 minuta"},"schema":{"@context":"https:\/\/schema.org","@graph":[{"@type":"Article","@id":"https:\/\/novice.si\/page\/regija-priloznost-za-razvoj-podjetniske-ideje\/#article","isPartOf":{"@id":"https:\/\/novice.si\/page\/regija-priloznost-za-razvoj-podjetniske-ideje\/"},"author":{"name":"Uredni\u0161tvo Celjana","@id":"https:\/\/novice.si\/page\/#\/schema\/person\/57f25c9642a9541c7349c65d32032c3e"},"headline":"REGIJA Prilo\u017enost za razvoj podjetni\u0161ke ideje","datePublished":"2023-12-13T11:42:44+00:00","mainEntityOfPage":{"@id":"https:\/\/novice.si\/page\/regija-priloznost-za-razvoj-podjetniske-ideje\/"},"wordCount":114,"publisher":{"@id":"https:\/\/novice.si\/page\/#organization"},"image":{"@id":"https:\/\/novice.si\/page\/regija-priloznost-za-razvoj-podjetniske-ideje\/#primaryimage"},"thumbnailUrl":"https:\/\/novice.si\/page\/wp-content\/uploads\/2023\/12\/rasr2.jpg","keywords":["projekt Poni","rasr","razpis","razvoj podjetni\u0161ke ideje"],"articleSection":["Celjsko","Konji\u0161ko","\u0160entjursko"],"inLanguage":"sl-SI"},{"@type":"WebPage","@id":"https:\/\/novice.si\/page\/regija-priloznost-za-razvoj-podjetniske-ideje\/","url":"https:\/\/novice.si\/page\/regija-priloznost-za-razvoj-podjetniske-ideje\/","name":"REGIJA Prilo\u017enost za razvoj podjetni\u0161ke ideje - Novice.si","isPartOf":{"@id":"https:\/\/novice.si\/page\/#website"},"primaryImageOfPage":{"@id":"https:\/\/novice.si\/page\/regija-priloznost-za-razvoj-podjetniske-ideje\/#primaryimage"},"image":{"@id":"https:\/\/novice.si\/page\/regija-priloznost-za-razvoj-podjetniske-ideje\/#primaryimage"},"thumbnailUrl":"https:\/\/novice.si\/page\/wp-content\/uploads\/2023\/12\/rasr2.jpg","datePublished":"2023-12-13T11:42:44+00:00","breadcrumb":{"@id":"https:\/\/novice.si\/page\/regija-priloznost-za-razvoj-podjetniske-ideje\/#breadcrumb"},"inLanguage":"sl-SI","potentialAction":[{"@type":"ReadAction","target":["https:\/\/novice.si\/page\/regija-priloznost-za-razvoj-podjetniske-ideje\/"]}]},{"@type":"ImageObject","inLanguage":"sl-SI","@id":"https:\/\/novice.si\/page\/regija-priloznost-za-razvoj-podjetniske-ideje\/#primaryimage","url":"https:\/\/novice.si\/page\/wp-content\/uploads\/2023\/12\/rasr2.jpg","contentUrl":"https:\/\/novice.si\/page\/wp-content\/uploads\/2023\/12\/rasr2.jpg","width":2048,"height":1536},{"@type":"BreadcrumbList","@id":"https:\/\/novice.si\/page\/regija-priloznost-za-razvoj-podjetniske-ideje\/#breadcrumb","itemListElement":[{"@type":"ListItem","position":1,"name":"Home","item":"https:\/\/novice.si\/page\/"},{"@type":"ListItem","position":2,"name":"REGIJA Prilo\u017enost za razvoj podjetni\u0161ke ideje"}]},{"@type":"WebSite","@id":"https:\/\/novice.si\/page\/#website","url":"https:\/\/novice.si\/page\/","name":"Novice.si","description":"","publisher":{"@id":"https:\/\/novice.si\/page\/#organization"},"potentialAction":[{"@type":"SearchAction","target":{"@type":"EntryPoint","urlTemplate":"https:\/\/novice.si\/page\/?s={search_term_string}"},"query-input":{"@type":"PropertyValueSpecification","valueRequired":true,"valueName":"search_term_string"}}],"inLanguage":"sl-SI"},{"@type":"Organization","@id":"https:\/\/novice.si\/page\/#organization","name":"Novice.si","url":"https:\/\/novice.si\/page\/","logo":{"@type":"ImageObject","inLanguage":"sl-SI","@id":"https:\/\/novice.si\/page\/#\/schema\/logo\/image\/","url":"https:\/\/novice.si\/page\/wp-content\/uploads\/2023\/03\/novice_si.png","contentUrl":"https:\/\/novice.si\/page\/wp-content\/uploads\/2023\/03\/novice_si.png","width":576,"height":200,"caption":"Novice.si"},"image":{"@id":"https:\/\/novice.si\/page\/#\/schema\/logo\/image\/"}},{"@type":"Person","@id":"https:\/\/novice.si\/page\/#\/schema\/person\/57f25c9642a9541c7349c65d32032c3e","name":"Uredni\u0161tvo Celjana","image":{"@type":"ImageObject","inLanguage":"sl-SI","@id":"https:\/\/secure.gravatar.com\/avatar\/78e52bc4279b65f6df6345e0ef0f7b792d361361f230cf4ffecfe0afe6d5629c?s=96&d=mm&r=g","url":"https:\/\/secure.gravatar.com\/avatar\/78e52bc4279b65f6df6345e0ef0f7b792d361361f230cf4ffecfe0afe6d5629c?s=96&d=mm&r=g","contentUrl":"https:\/\/secure.gravatar.com\/avatar\/78e52bc4279b65f6df6345e0ef0f7b792d361361f230cf4ffecfe0afe6d5629c?s=96&d=mm&r=g","caption":"Uredni\u0161tvo Celjana"},"url":"https:\/\/novice.si\/page\/author\/primoz\/"}]}},"_links":{"self":[{"href":"https:\/\/novice.si\/page\/wp-json\/wp\/v2\/posts\/170109","targetHints":{"allow":["GET"]}}],"collection":[{"href":"https:\/\/novice.si\/page\/wp-json\/wp\/v2\/posts"}],"about":[{"href":"https:\/\/novice.si\/page\/wp-json\/wp\/v2\/types\/post"}],"author":[{"embeddable":true,"href":"https:\/\/novice.si\/page\/wp-json\/wp\/v2\/users\/33"}],"replies":[{"embeddable":true,"href":"https:\/\/novice.si\/page\/wp-json\/wp\/v2\/comments?post=170109"}],"version-history":[{"count":1,"href":"https:\/\/novice.si\/page\/wp-json\/wp\/v2\/posts\/170109\/revisions"}],"predecessor-version":[{"id":170113,"href":"https:\/\/novice.si\/page\/wp-json\/wp\/v2\/posts\/170109\/revisions\/170113"}],"wp:featuredmedia":[{"embeddable":true,"href":"https:\/\/novice.si\/page\/wp-json\/wp\/v2\/media\/170112"}],"wp:attachment":[{"href":"https:\/\/novice.si\/page\/wp-json\/wp\/v2\/media?parent=170109"}],"wp:term":[{"taxonomy":"category","embeddable":true,"href":"https:\/\/novice.si\/page\/wp-json\/wp\/v2\/categories?post=170109"},{"taxonomy":"post_tag","embeddable":true,"href":"https:\/\/novice.si\/page\/wp-json\/wp\/v2\/tags?post=170109"}],"curies":[{"name":"wp","href":"https:\/\/api.w.org\/{rel}","templated":true}]}}