{"id":170077,"date":"2023-12-12T15:43:45","date_gmt":"2023-12-12T14:43:45","guid":{"rendered":"https:\/\/novice.si\/page\/?p=170077"},"modified":"2023-12-12T15:43:45","modified_gmt":"2023-12-12T14:43:45","slug":"umrl-je-bistriski-sportnik-invalid-franc-pinter-anco","status":"publish","type":"post","link":"https:\/\/novice.si\/page\/umrl-je-bistriski-sportnik-invalid-franc-pinter-anco\/","title":{"rendered":"Umrl je bistri\u0161ki \u0161portnik invalid Franc Pinter \u2013 An\u010do"},"content":{"rendered":"<p>Kot je na dru\u017ebenem omre\u017eju Facebook sporo\u010dila strelska trenerka <strong>Polona Sladi\u010d<\/strong>, je v 70. letu starosti umrl parastrelec <strong>Franc Pinter \u2013 An\u010do<\/strong> iz Slovenske Bistrice. Paraplegik je bil od leta 1977, ko je utrpel po\u0161kodbe v prometni nesre\u010di. S parastrelstvom se je resno ukvarjal vse od leta\u00a01986, s svojimi dose\u017eki pa dosegel status legende, saj je ve\u010d kot 30 let sooblikoval svetovni vrh parastrelstva. Udele\u017eil se je kar osmih paraolimpijskih iger in osvojil \u0161tiri medalje. V\u00a0 Atlanti (1996), Sydneyu (2000) in Atenah (2004) je osvojil srebrno kolajno, v Pekingu leta 2008 pa bronasto.<\/p>\n<p><img loading=\"lazy\" decoding=\"async\" class=\"size-medium wp-image-170079 aligncenter\" src=\"https:\/\/novice.si\/page\/wp-content\/uploads\/2023\/12\/Pinter2-400x600.jpeg\" alt=\"\" width=\"400\" height=\"600\" srcset=\"https:\/\/novice.si\/page\/wp-content\/uploads\/2023\/12\/Pinter2-400x600.jpeg 400w, https:\/\/novice.si\/page\/wp-content\/uploads\/2023\/12\/Pinter2-280x420.jpeg 280w, https:\/\/novice.si\/page\/wp-content\/uploads\/2023\/12\/Pinter2-16x24.jpeg 16w, https:\/\/novice.si\/page\/wp-content\/uploads\/2023\/12\/Pinter2-24x36.jpeg 24w, https:\/\/novice.si\/page\/wp-content\/uploads\/2023\/12\/Pinter2-32x48.jpeg 32w, https:\/\/novice.si\/page\/wp-content\/uploads\/2023\/12\/Pinter2.jpeg 680w\" sizes=\"auto, (max-width: 400px) 100vw, 400px\" \/><\/p>\n<p>Polona Sladi\u010d je na FB med drugim zapisala: \u00bb28 let je trajal ta odnos med njim kot \u0161portnikom in mano kot trenerko. To je bil odnos, ki je spletel tako mo\u010dno vez, kot jo lahko splete le \u0161port. Zato danes zelo boli. An\u010do, ni bil \u0161e tvoj \u010das, nikakor ne. Kljub te\u017eavam zadnje \u010dase si od\u0161el nepri\u010dakovano. In ja, tako kot dostikrat ni bilo \u010disto fer, da si za tiste drobne decimalke izgubljal medalje, tudi tole ni po\u0161teno. Ni fer. A \u010de sva pri decimalkah lahko kaj popravila, tukaj ne moreva. Dragi An\u010do, po\u010divaj v miru.\u00ab (D.G.)<\/p>\n","protected":false},"excerpt":{"rendered":"<p>Kot je na dru\u017ebenem omre\u017eju Facebook sporo\u010dila strelska trenerka Polona Sladi\u010d, je v 70. letu starosti umrl parastrelec Franc Pinter \u2013 An\u010do iz Slovenske Bistrice. Paraplegik je bil od leta 1977, ko je utrpel po\u0161kodbe v prometni nesre\u010di. S parastrelstvom se je resno ukvarjal vse od leta\u00a01986, s svojimi dose\u017eki pa dosegel status legende, saj [&hellip;]<\/p>\n","protected":false},"author":12,"featured_media":170078,"comment_status":"closed","ping_status":"closed","sticky":false,"template":"","format":"standard","meta":{"footnotes":""},"categories":[14,32,68],"tags":[19351,6369,19352,19354,19353],"class_list":{"0":"post-170077","1":"post","2":"type-post","3":"status-publish","4":"format-standard","5":"has-post-thumbnail","7":"category-aktualno","8":"category-bistrisko","9":"category-sport","10":"tag-anco","11":"tag-franc-pinter","12":"tag-parastrelec","13":"tag-polona-sladic","14":"tag-stiri-medalje"},"yoast_head":"<!-- This site is optimized with the Yoast SEO plugin v27.4 - https:\/\/yoast.com\/product\/yoast-seo-wordpress\/ -->\n<title>Umrl je bistri\u0161ki \u0161portnik invalid Franc Pinter \u2013 An\u010do - Novice.si<\/title>\n<meta name=\"robots\" content=\"index, follow, max-snippet:-1, max-image-preview:large, max-video-preview:-1\" \/>\n<link rel=\"canonical\" href=\"https:\/\/novice.si\/page\/umrl-je-bistriski-sportnik-invalid-franc-pinter-anco\/\" \/>\n<meta property=\"og:locale\" content=\"sl_SI\" \/>\n<meta property=\"og:type\" content=\"article\" \/>\n<meta property=\"og:title\" content=\"Umrl je bistri\u0161ki \u0161portnik invalid Franc Pinter \u2013 An\u010do - Novice.si\" \/>\n<meta property=\"og:description\" content=\"Kot je na dru\u017ebenem omre\u017eju Facebook sporo\u010dila strelska trenerka Polona Sladi\u010d, je v 70. letu starosti umrl parastrelec Franc Pinter \u2013 An\u010do iz Slovenske Bistrice. Paraplegik je bil od leta 1977, ko je utrpel po\u0161kodbe v prometni nesre\u010di. S parastrelstvom se je resno ukvarjal vse od leta\u00a01986, s svojimi dose\u017eki pa dosegel status legende, saj [&hellip;]\" \/>\n<meta property=\"og:url\" content=\"https:\/\/novice.si\/page\/umrl-je-bistriski-sportnik-invalid-franc-pinter-anco\/\" \/>\n<meta property=\"og:site_name\" content=\"Novice.si\" \/>\n<meta property=\"article:published_time\" content=\"2023-12-12T14:43:45+00:00\" \/>\n<meta property=\"og:image\" content=\"https:\/\/novice.si\/page\/wp-content\/uploads\/2023\/12\/Pinter1.jpeg\" \/>\n\t<meta property=\"og:image:width\" content=\"768\" \/>\n\t<meta property=\"og:image:height\" content=\"512\" \/>\n\t<meta property=\"og:image:type\" content=\"image\/jpeg\" \/>\n<meta name=\"author\" content=\"Uredni\u0161tvo Celjana\" \/>\n<meta name=\"twitter:card\" content=\"summary_large_image\" \/>\n<meta name=\"twitter:label1\" content=\"Written by\" \/>\n\t<meta name=\"twitter:data1\" content=\"Uredni\u0161tvo Celjana\" \/>\n\t<meta name=\"twitter:label2\" content=\"Est. reading time\" \/>\n\t<meta name=\"twitter:data2\" content=\"2 minuti\" \/>\n<script type=\"application\/ld+json\" class=\"yoast-schema-graph\">{\"@context\":\"https:\\\/\\\/schema.org\",\"@graph\":[{\"@type\":\"Article\",\"@id\":\"https:\\\/\\\/novice.si\\\/page\\\/umrl-je-bistriski-sportnik-invalid-franc-pinter-anco\\\/#article\",\"isPartOf\":{\"@id\":\"https:\\\/\\\/novice.si\\\/page\\\/umrl-je-bistriski-sportnik-invalid-franc-pinter-anco\\\/\"},\"author\":{\"name\":\"Uredni\u0161tvo Celjana\",\"@id\":\"https:\\\/\\\/novice.si\\\/page\\\/#\\\/schema\\\/person\\\/51903923b50fefb075bc1cd24fe4d065\"},\"headline\":\"Umrl je bistri\u0161ki \u0161portnik invalid Franc Pinter \u2013 An\u010do\",\"datePublished\":\"2023-12-12T14:43:45+00:00\",\"mainEntityOfPage\":{\"@id\":\"https:\\\/\\\/novice.si\\\/page\\\/umrl-je-bistriski-sportnik-invalid-franc-pinter-anco\\\/\"},\"wordCount\":208,\"publisher\":{\"@id\":\"https:\\\/\\\/novice.si\\\/page\\\/#organization\"},\"image\":{\"@id\":\"https:\\\/\\\/novice.si\\\/page\\\/umrl-je-bistriski-sportnik-invalid-franc-pinter-anco\\\/#primaryimage\"},\"thumbnailUrl\":\"https:\\\/\\\/novice.si\\\/page\\\/wp-content\\\/uploads\\\/2023\\\/12\\\/Pinter1.jpeg\",\"keywords\":[\"An\u010do\",\"Franc Pinter\",\"parastrelec\",\"Polona Sladi\u010d\",\"\u0161tiri medalje\"],\"articleSection\":[\"Aktualno\",\"Bistri\u0161ko\",\"\u0160port\"],\"inLanguage\":\"sl-SI\"},{\"@type\":\"WebPage\",\"@id\":\"https:\\\/\\\/novice.si\\\/page\\\/umrl-je-bistriski-sportnik-invalid-franc-pinter-anco\\\/\",\"url\":\"https:\\\/\\\/novice.si\\\/page\\\/umrl-je-bistriski-sportnik-invalid-franc-pinter-anco\\\/\",\"name\":\"Umrl je bistri\u0161ki \u0161portnik invalid Franc Pinter \u2013 An\u010do - Novice.si\",\"isPartOf\":{\"@id\":\"https:\\\/\\\/novice.si\\\/page\\\/#website\"},\"primaryImageOfPage\":{\"@id\":\"https:\\\/\\\/novice.si\\\/page\\\/umrl-je-bistriski-sportnik-invalid-franc-pinter-anco\\\/#primaryimage\"},\"image\":{\"@id\":\"https:\\\/\\\/novice.si\\\/page\\\/umrl-je-bistriski-sportnik-invalid-franc-pinter-anco\\\/#primaryimage\"},\"thumbnailUrl\":\"https:\\\/\\\/novice.si\\\/page\\\/wp-content\\\/uploads\\\/2023\\\/12\\\/Pinter1.jpeg\",\"datePublished\":\"2023-12-12T14:43:45+00:00\",\"breadcrumb\":{\"@id\":\"https:\\\/\\\/novice.si\\\/page\\\/umrl-je-bistriski-sportnik-invalid-franc-pinter-anco\\\/#breadcrumb\"},\"inLanguage\":\"sl-SI\",\"potentialAction\":[{\"@type\":\"ReadAction\",\"target\":[\"https:\\\/\\\/novice.si\\\/page\\\/umrl-je-bistriski-sportnik-invalid-franc-pinter-anco\\\/\"]}]},{\"@type\":\"ImageObject\",\"inLanguage\":\"sl-SI\",\"@id\":\"https:\\\/\\\/novice.si\\\/page\\\/umrl-je-bistriski-sportnik-invalid-franc-pinter-anco\\\/#primaryimage\",\"url\":\"https:\\\/\\\/novice.si\\\/page\\\/wp-content\\\/uploads\\\/2023\\\/12\\\/Pinter1.jpeg\",\"contentUrl\":\"https:\\\/\\\/novice.si\\\/page\\\/wp-content\\\/uploads\\\/2023\\\/12\\\/Pinter1.jpeg\",\"width\":768,\"height\":512},{\"@type\":\"BreadcrumbList\",\"@id\":\"https:\\\/\\\/novice.si\\\/page\\\/umrl-je-bistriski-sportnik-invalid-franc-pinter-anco\\\/#breadcrumb\",\"itemListElement\":[{\"@type\":\"ListItem\",\"position\":1,\"name\":\"Home\",\"item\":\"https:\\\/\\\/novice.si\\\/page\\\/\"},{\"@type\":\"ListItem\",\"position\":2,\"name\":\"Umrl je bistri\u0161ki \u0161portnik invalid Franc Pinter \u2013 An\u010do\"}]},{\"@type\":\"WebSite\",\"@id\":\"https:\\\/\\\/novice.si\\\/page\\\/#website\",\"url\":\"https:\\\/\\\/novice.si\\\/page\\\/\",\"name\":\"Novice.si\",\"description\":\"\",\"publisher\":{\"@id\":\"https:\\\/\\\/novice.si\\\/page\\\/#organization\"},\"potentialAction\":[{\"@type\":\"SearchAction\",\"target\":{\"@type\":\"EntryPoint\",\"urlTemplate\":\"https:\\\/\\\/novice.si\\\/page\\\/?s={search_term_string}\"},\"query-input\":{\"@type\":\"PropertyValueSpecification\",\"valueRequired\":true,\"valueName\":\"search_term_string\"}}],\"inLanguage\":\"sl-SI\"},{\"@type\":\"Organization\",\"@id\":\"https:\\\/\\\/novice.si\\\/page\\\/#organization\",\"name\":\"Novice.si\",\"url\":\"https:\\\/\\\/novice.si\\\/page\\\/\",\"logo\":{\"@type\":\"ImageObject\",\"inLanguage\":\"sl-SI\",\"@id\":\"https:\\\/\\\/novice.si\\\/page\\\/#\\\/schema\\\/logo\\\/image\\\/\",\"url\":\"https:\\\/\\\/novice.si\\\/page\\\/wp-content\\\/uploads\\\/2023\\\/03\\\/novice_si.png\",\"contentUrl\":\"https:\\\/\\\/novice.si\\\/page\\\/wp-content\\\/uploads\\\/2023\\\/03\\\/novice_si.png\",\"width\":576,\"height\":200,\"caption\":\"Novice.si\"},\"image\":{\"@id\":\"https:\\\/\\\/novice.si\\\/page\\\/#\\\/schema\\\/logo\\\/image\\\/\"}},{\"@type\":\"Person\",\"@id\":\"https:\\\/\\\/novice.si\\\/page\\\/#\\\/schema\\\/person\\\/51903923b50fefb075bc1cd24fe4d065\",\"name\":\"Uredni\u0161tvo Celjana\",\"image\":{\"@type\":\"ImageObject\",\"inLanguage\":\"sl-SI\",\"@id\":\"https:\\\/\\\/secure.gravatar.com\\\/avatar\\\/b516f102aa90b53619e09722b8ea56721c99bfcb4f1035f9b333d99f52330226?s=96&d=mm&r=g\",\"url\":\"https:\\\/\\\/secure.gravatar.com\\\/avatar\\\/b516f102aa90b53619e09722b8ea56721c99bfcb4f1035f9b333d99f52330226?s=96&d=mm&r=g\",\"contentUrl\":\"https:\\\/\\\/secure.gravatar.com\\\/avatar\\\/b516f102aa90b53619e09722b8ea56721c99bfcb4f1035f9b333d99f52330226?s=96&d=mm&r=g\",\"caption\":\"Uredni\u0161tvo Celjana\"},\"url\":\"https:\\\/\\\/novice.si\\\/page\\\/author\\\/nejc\\\/\"}]}<\/script>\n<!-- \/ Yoast SEO plugin. -->","yoast_head_json":{"title":"Umrl je bistri\u0161ki \u0161portnik invalid Franc Pinter \u2013 An\u010do - Novice.si","robots":{"index":"index","follow":"follow","max-snippet":"max-snippet:-1","max-image-preview":"max-image-preview:large","max-video-preview":"max-video-preview:-1"},"canonical":"https:\/\/novice.si\/page\/umrl-je-bistriski-sportnik-invalid-franc-pinter-anco\/","og_locale":"sl_SI","og_type":"article","og_title":"Umrl je bistri\u0161ki \u0161portnik invalid Franc Pinter \u2013 An\u010do - Novice.si","og_description":"Kot je na dru\u017ebenem omre\u017eju Facebook sporo\u010dila strelska trenerka Polona Sladi\u010d, je v 70. letu starosti umrl parastrelec Franc Pinter \u2013 An\u010do iz Slovenske Bistrice. Paraplegik je bil od leta 1977, ko je utrpel po\u0161kodbe v prometni nesre\u010di. S parastrelstvom se je resno ukvarjal vse od leta\u00a01986, s svojimi dose\u017eki pa dosegel status legende, saj [&hellip;]","og_url":"https:\/\/novice.si\/page\/umrl-je-bistriski-sportnik-invalid-franc-pinter-anco\/","og_site_name":"Novice.si","article_published_time":"2023-12-12T14:43:45+00:00","og_image":[{"width":768,"height":512,"url":"https:\/\/novice.si\/page\/wp-content\/uploads\/2023\/12\/Pinter1.jpeg","type":"image\/jpeg"}],"author":"Uredni\u0161tvo Celjana","twitter_card":"summary_large_image","twitter_misc":{"Written by":"Uredni\u0161tvo Celjana","Est. reading time":"2 minuti"},"schema":{"@context":"https:\/\/schema.org","@graph":[{"@type":"Article","@id":"https:\/\/novice.si\/page\/umrl-je-bistriski-sportnik-invalid-franc-pinter-anco\/#article","isPartOf":{"@id":"https:\/\/novice.si\/page\/umrl-je-bistriski-sportnik-invalid-franc-pinter-anco\/"},"author":{"name":"Uredni\u0161tvo Celjana","@id":"https:\/\/novice.si\/page\/#\/schema\/person\/51903923b50fefb075bc1cd24fe4d065"},"headline":"Umrl je bistri\u0161ki \u0161portnik invalid Franc Pinter \u2013 An\u010do","datePublished":"2023-12-12T14:43:45+00:00","mainEntityOfPage":{"@id":"https:\/\/novice.si\/page\/umrl-je-bistriski-sportnik-invalid-franc-pinter-anco\/"},"wordCount":208,"publisher":{"@id":"https:\/\/novice.si\/page\/#organization"},"image":{"@id":"https:\/\/novice.si\/page\/umrl-je-bistriski-sportnik-invalid-franc-pinter-anco\/#primaryimage"},"thumbnailUrl":"https:\/\/novice.si\/page\/wp-content\/uploads\/2023\/12\/Pinter1.jpeg","keywords":["An\u010do","Franc Pinter","parastrelec","Polona Sladi\u010d","\u0161tiri medalje"],"articleSection":["Aktualno","Bistri\u0161ko","\u0160port"],"inLanguage":"sl-SI"},{"@type":"WebPage","@id":"https:\/\/novice.si\/page\/umrl-je-bistriski-sportnik-invalid-franc-pinter-anco\/","url":"https:\/\/novice.si\/page\/umrl-je-bistriski-sportnik-invalid-franc-pinter-anco\/","name":"Umrl je bistri\u0161ki \u0161portnik invalid Franc Pinter \u2013 An\u010do - Novice.si","isPartOf":{"@id":"https:\/\/novice.si\/page\/#website"},"primaryImageOfPage":{"@id":"https:\/\/novice.si\/page\/umrl-je-bistriski-sportnik-invalid-franc-pinter-anco\/#primaryimage"},"image":{"@id":"https:\/\/novice.si\/page\/umrl-je-bistriski-sportnik-invalid-franc-pinter-anco\/#primaryimage"},"thumbnailUrl":"https:\/\/novice.si\/page\/wp-content\/uploads\/2023\/12\/Pinter1.jpeg","datePublished":"2023-12-12T14:43:45+00:00","breadcrumb":{"@id":"https:\/\/novice.si\/page\/umrl-je-bistriski-sportnik-invalid-franc-pinter-anco\/#breadcrumb"},"inLanguage":"sl-SI","potentialAction":[{"@type":"ReadAction","target":["https:\/\/novice.si\/page\/umrl-je-bistriski-sportnik-invalid-franc-pinter-anco\/"]}]},{"@type":"ImageObject","inLanguage":"sl-SI","@id":"https:\/\/novice.si\/page\/umrl-je-bistriski-sportnik-invalid-franc-pinter-anco\/#primaryimage","url":"https:\/\/novice.si\/page\/wp-content\/uploads\/2023\/12\/Pinter1.jpeg","contentUrl":"https:\/\/novice.si\/page\/wp-content\/uploads\/2023\/12\/Pinter1.jpeg","width":768,"height":512},{"@type":"BreadcrumbList","@id":"https:\/\/novice.si\/page\/umrl-je-bistriski-sportnik-invalid-franc-pinter-anco\/#breadcrumb","itemListElement":[{"@type":"ListItem","position":1,"name":"Home","item":"https:\/\/novice.si\/page\/"},{"@type":"ListItem","position":2,"name":"Umrl je bistri\u0161ki \u0161portnik invalid Franc Pinter \u2013 An\u010do"}]},{"@type":"WebSite","@id":"https:\/\/novice.si\/page\/#website","url":"https:\/\/novice.si\/page\/","name":"Novice.si","description":"","publisher":{"@id":"https:\/\/novice.si\/page\/#organization"},"potentialAction":[{"@type":"SearchAction","target":{"@type":"EntryPoint","urlTemplate":"https:\/\/novice.si\/page\/?s={search_term_string}"},"query-input":{"@type":"PropertyValueSpecification","valueRequired":true,"valueName":"search_term_string"}}],"inLanguage":"sl-SI"},{"@type":"Organization","@id":"https:\/\/novice.si\/page\/#organization","name":"Novice.si","url":"https:\/\/novice.si\/page\/","logo":{"@type":"ImageObject","inLanguage":"sl-SI","@id":"https:\/\/novice.si\/page\/#\/schema\/logo\/image\/","url":"https:\/\/novice.si\/page\/wp-content\/uploads\/2023\/03\/novice_si.png","contentUrl":"https:\/\/novice.si\/page\/wp-content\/uploads\/2023\/03\/novice_si.png","width":576,"height":200,"caption":"Novice.si"},"image":{"@id":"https:\/\/novice.si\/page\/#\/schema\/logo\/image\/"}},{"@type":"Person","@id":"https:\/\/novice.si\/page\/#\/schema\/person\/51903923b50fefb075bc1cd24fe4d065","name":"Uredni\u0161tvo Celjana","image":{"@type":"ImageObject","inLanguage":"sl-SI","@id":"https:\/\/secure.gravatar.com\/avatar\/b516f102aa90b53619e09722b8ea56721c99bfcb4f1035f9b333d99f52330226?s=96&d=mm&r=g","url":"https:\/\/secure.gravatar.com\/avatar\/b516f102aa90b53619e09722b8ea56721c99bfcb4f1035f9b333d99f52330226?s=96&d=mm&r=g","contentUrl":"https:\/\/secure.gravatar.com\/avatar\/b516f102aa90b53619e09722b8ea56721c99bfcb4f1035f9b333d99f52330226?s=96&d=mm&r=g","caption":"Uredni\u0161tvo Celjana"},"url":"https:\/\/novice.si\/page\/author\/nejc\/"}]}},"_links":{"self":[{"href":"https:\/\/novice.si\/page\/wp-json\/wp\/v2\/posts\/170077","targetHints":{"allow":["GET"]}}],"collection":[{"href":"https:\/\/novice.si\/page\/wp-json\/wp\/v2\/posts"}],"about":[{"href":"https:\/\/novice.si\/page\/wp-json\/wp\/v2\/types\/post"}],"author":[{"embeddable":true,"href":"https:\/\/novice.si\/page\/wp-json\/wp\/v2\/users\/12"}],"replies":[{"embeddable":true,"href":"https:\/\/novice.si\/page\/wp-json\/wp\/v2\/comments?post=170077"}],"version-history":[{"count":1,"href":"https:\/\/novice.si\/page\/wp-json\/wp\/v2\/posts\/170077\/revisions"}],"predecessor-version":[{"id":170080,"href":"https:\/\/novice.si\/page\/wp-json\/wp\/v2\/posts\/170077\/revisions\/170080"}],"wp:featuredmedia":[{"embeddable":true,"href":"https:\/\/novice.si\/page\/wp-json\/wp\/v2\/media\/170078"}],"wp:attachment":[{"href":"https:\/\/novice.si\/page\/wp-json\/wp\/v2\/media?parent=170077"}],"wp:term":[{"taxonomy":"category","embeddable":true,"href":"https:\/\/novice.si\/page\/wp-json\/wp\/v2\/categories?post=170077"},{"taxonomy":"post_tag","embeddable":true,"href":"https:\/\/novice.si\/page\/wp-json\/wp\/v2\/tags?post=170077"}],"curies":[{"name":"wp","href":"https:\/\/api.w.org\/{rel}","templated":true}]}}