{"id":169999,"date":"2023-12-07T08:41:12","date_gmt":"2023-12-07T07:41:12","guid":{"rendered":"https:\/\/novice.si\/page\/?p=169999"},"modified":"2023-12-07T11:59:00","modified_gmt":"2023-12-07T10:59:00","slug":"o-tezavah-spitno-vodo-kmalu-na-zboru-obcanov-krajevne-skupnsti-bezina","status":"publish","type":"post","link":"https:\/\/novice.si\/page\/o-tezavah-spitno-vodo-kmalu-na-zboru-obcanov-krajevne-skupnsti-bezina\/","title":{"rendered":"O te\u017eavah s pitno vodo kmalu na zboru ob\u010danov Krajevne skupnosti Bezina"},"content":{"rendered":"<p><strong>Zaradi te\u017eav s pitno vodo v vodovodnem sistemu Gra\u010di\u010d \u2013 Bezina je za naslednjo sredo sklican zbor ob\u010danov Krajevne skupnosti Bezina.\u00a0<\/strong><\/p>\n<p>Krajani so namre\u010d pred dnevi na Ob\u010dino vlo\u017eili zahtevo za sklic zbora, saj imajo \u017ee dlje trajajo\u010de te\u017eave s kakovostjo pitne vode v tem zasebnem vodovodnem sistemu. Ob\u010dasno pride do onesna\u017eenja, voda je neprimerna za u\u017eivanje tudi ob ve\u010djih nalivih. Del krajanov si zato prizadeva, da bi njihov vodovod, ki ga zdaj upravlja KS Bezina, predali v javno upravljanje konji\u0161ki komunali. Da bi pri\u0161lo do prenosa lastni\u0161tva, mora to potrditi ve\u010dina uporabnikov oziroma lastnikov omenjenega vodovoda. (NK)<\/p>\n<p>O tem smo med drugim pisali:<\/p>\n<blockquote class=\"wp-embedded-content\" data-secret=\"bFGoZODEMY\"><p><a href=\"https:\/\/novice.si\/page\/vodovod-gracic-bezina-bo-najbrz-dobil-novega-upravljavca-pred-tem-v-bezini-zbor-krajanov\/\">Vodovod Gra\u010di\u010d \u2013 Bezina bo dobil novega upravljavca, pred tem v Bezini zbor krajanov<\/a><\/p><\/blockquote>\n<p><iframe loading=\"lazy\" class=\"wp-embedded-content\" sandbox=\"allow-scripts\" security=\"restricted\" style=\"position: absolute; clip: rect(1px, 1px, 1px, 1px);\" title=\"&#8220;Vodovod Gra\u010di\u010d \u2013 Bezina bo dobil novega upravljavca, pred tem v Bezini zbor krajanov&#8221; &#8212; Novice.si\" src=\"https:\/\/novice.si\/page\/vodovod-gracic-bezina-bo-najbrz-dobil-novega-upravljavca-pred-tem-v-bezini-zbor-krajanov\/embed\/#?secret=p0UEBcdkf4#?secret=bFGoZODEMY\" data-secret=\"bFGoZODEMY\" width=\"600\" height=\"338\" frameborder=\"0\" marginwidth=\"0\" marginheight=\"0\" scrolling=\"no\"><\/iframe><\/p>\n<p>&nbsp;<\/p>\n<blockquote class=\"wp-embedded-content\" data-secret=\"mHVKrM8gHP\"><p><a href=\"https:\/\/novice.si\/page\/vodovod-gracic-bezina-krajani-oddali-peticijo-za-ukrepanje-v-mesecu-dni-zbor-krajanov\/\">Vodovod Gra\u010di\u010d &#8211; Bezina: krajani oddali peticijo za ukrepanje, v mesecu dni zbor krajanov<\/a><\/p><\/blockquote>\n<p><iframe loading=\"lazy\" class=\"wp-embedded-content\" sandbox=\"allow-scripts\" security=\"restricted\" style=\"position: absolute; clip: rect(1px, 1px, 1px, 1px);\" title=\"&#8220;Vodovod Gra\u010di\u010d &#8211; Bezina: krajani oddali peticijo za ukrepanje, v mesecu dni zbor krajanov&#8221; &#8212; Novice.si\" src=\"https:\/\/novice.si\/page\/vodovod-gracic-bezina-krajani-oddali-peticijo-za-ukrepanje-v-mesecu-dni-zbor-krajanov\/embed\/#?secret=uiLS0i17YH#?secret=mHVKrM8gHP\" data-secret=\"mHVKrM8gHP\" width=\"600\" height=\"338\" frameborder=\"0\" marginwidth=\"0\" marginheight=\"0\" scrolling=\"no\"><\/iframe><\/p>\n<blockquote class=\"wp-embedded-content\" data-secret=\"HbShgwN7Hq\"><p><a href=\"https:\/\/novice.si\/page\/onesnazena-voda-v-sistemu-gracic-bezina-obcina-predlaga-prenos-lastnistva-vodovoda\/\">Onesna\u017eena voda v sistemu Gra\u010di\u010d &#8211; Bezina: Ob\u010dina predlaga prenos lastni\u0161tva vodovoda<\/a><\/p><\/blockquote>\n<p><iframe loading=\"lazy\" class=\"wp-embedded-content\" sandbox=\"allow-scripts\" security=\"restricted\" style=\"position: absolute; clip: rect(1px, 1px, 1px, 1px);\" title=\"&#8220;Onesna\u017eena voda v sistemu Gra\u010di\u010d &#8211; Bezina: Ob\u010dina predlaga prenos lastni\u0161tva vodovoda&#8221; &#8212; Novice.si\" src=\"https:\/\/novice.si\/page\/onesnazena-voda-v-sistemu-gracic-bezina-obcina-predlaga-prenos-lastnistva-vodovoda\/embed\/#?secret=rqCYe7KSjL#?secret=HbShgwN7Hq\" data-secret=\"HbShgwN7Hq\" width=\"600\" height=\"338\" frameborder=\"0\" marginwidth=\"0\" marginheight=\"0\" scrolling=\"no\"><\/iframe><\/p>\n<blockquote class=\"wp-embedded-content\" data-secret=\"EMxL5VvMy7\"><p><a href=\"https:\/\/novice.si\/page\/na-obmocju-bezine-vceraj-novo-onesnazenje-vode\/\">Na obmo\u010dju vodovodnega sistema Gra\u010di\u010d &#8211; Bezina onesna\u017eenje: &#8220;Voda ima okus po gnojnici!&#8221;<\/a><\/p><\/blockquote>\n<p><iframe loading=\"lazy\" class=\"wp-embedded-content\" sandbox=\"allow-scripts\" security=\"restricted\" style=\"position: absolute; clip: rect(1px, 1px, 1px, 1px);\" title=\"&#8220;Na obmo\u010dju vodovodnega sistema Gra\u010di\u010d &#8211; Bezina onesna\u017eenje: &#8220;Voda ima okus po gnojnici!&#8221;&#8221; &#8212; Novice.si\" src=\"https:\/\/novice.si\/page\/na-obmocju-bezine-vceraj-novo-onesnazenje-vode\/embed\/#?secret=6QSvoWTmz2#?secret=EMxL5VvMy7\" data-secret=\"EMxL5VvMy7\" width=\"600\" height=\"338\" frameborder=\"0\" marginwidth=\"0\" marginheight=\"0\" scrolling=\"no\"><\/iframe><\/p>\n","protected":false},"excerpt":{"rendered":"<p>Zaradi te\u017eav s pitno vodo v vodovodnem sistemu Gra\u010di\u010d \u2013 Bezina je za naslednjo sredo sklican zbor ob\u010danov Krajevne skupnosti Bezina.\u00a0 Krajani so namre\u010d pred dnevi na Ob\u010dino vlo\u017eili zahtevo za sklic zbora, saj imajo \u017ee dlje trajajo\u010de te\u017eave s kakovostjo pitne vode v tem zasebnem vodovodnem sistemu. Ob\u010dasno pride do onesna\u017eenja, voda je neprimerna [&hellip;]<\/p>\n","protected":false},"author":12,"featured_media":169535,"comment_status":"closed","ping_status":"closed","sticky":false,"template":"","format":"standard","meta":{"footnotes":""},"categories":[14,868,16,141,3108],"tags":[],"class_list":{"0":"post-169999","1":"post","2":"type-post","3":"status-publish","4":"format-standard","5":"has-post-thumbnail","7":"category-aktualno","8":"category-casopisi","9":"category-konjisko","10":"category-novice","11":"category-radio-rogla"},"yoast_head":"<!-- This site is optimized with the Yoast SEO plugin v27.4 - https:\/\/yoast.com\/product\/yoast-seo-wordpress\/ -->\n<title>O te\u017eavah s pitno vodo kmalu na zboru ob\u010danov Krajevne skupnosti Bezina - Novice.si<\/title>\n<meta name=\"robots\" content=\"index, follow, max-snippet:-1, max-image-preview:large, max-video-preview:-1\" \/>\n<link rel=\"canonical\" href=\"https:\/\/novice.si\/page\/o-tezavah-spitno-vodo-kmalu-na-zboru-obcanov-krajevne-skupnsti-bezina\/\" \/>\n<meta property=\"og:locale\" content=\"sl_SI\" \/>\n<meta property=\"og:type\" content=\"article\" \/>\n<meta property=\"og:title\" content=\"O te\u017eavah s pitno vodo kmalu na zboru ob\u010danov Krajevne skupnosti Bezina - Novice.si\" \/>\n<meta property=\"og:description\" content=\"Zaradi te\u017eav s pitno vodo v vodovodnem sistemu Gra\u010di\u010d \u2013 Bezina je za naslednjo sredo sklican zbor ob\u010danov Krajevne skupnosti Bezina.\u00a0 Krajani so namre\u010d pred dnevi na Ob\u010dino vlo\u017eili zahtevo za sklic zbora, saj imajo \u017ee dlje trajajo\u010de te\u017eave s kakovostjo pitne vode v tem zasebnem vodovodnem sistemu. Ob\u010dasno pride do onesna\u017eenja, voda je neprimerna [&hellip;]\" \/>\n<meta property=\"og:url\" content=\"https:\/\/novice.si\/page\/o-tezavah-spitno-vodo-kmalu-na-zboru-obcanov-krajevne-skupnsti-bezina\/\" \/>\n<meta property=\"og:site_name\" content=\"Novice.si\" \/>\n<meta property=\"article:published_time\" content=\"2023-12-07T07:41:12+00:00\" \/>\n<meta property=\"article:modified_time\" content=\"2023-12-07T10:59:00+00:00\" \/>\n<meta property=\"og:image\" content=\"https:\/\/novice.si\/page\/wp-content\/uploads\/2023\/11\/Bezina-1.jpg\" \/>\n\t<meta property=\"og:image:width\" content=\"640\" \/>\n\t<meta property=\"og:image:height\" content=\"480\" \/>\n\t<meta property=\"og:image:type\" content=\"image\/jpeg\" \/>\n<meta name=\"author\" content=\"Uredni\u0161tvo Celjana\" \/>\n<meta name=\"twitter:card\" content=\"summary_large_image\" \/>\n<meta name=\"twitter:label1\" content=\"Written by\" \/>\n\t<meta name=\"twitter:data1\" content=\"Uredni\u0161tvo Celjana\" \/>\n\t<meta name=\"twitter:label2\" content=\"Est. reading time\" \/>\n\t<meta name=\"twitter:data2\" content=\"1 minuta\" \/>\n<script type=\"application\/ld+json\" class=\"yoast-schema-graph\">{\"@context\":\"https:\\\/\\\/schema.org\",\"@graph\":[{\"@type\":\"Article\",\"@id\":\"https:\\\/\\\/novice.si\\\/page\\\/o-tezavah-spitno-vodo-kmalu-na-zboru-obcanov-krajevne-skupnsti-bezina\\\/#article\",\"isPartOf\":{\"@id\":\"https:\\\/\\\/novice.si\\\/page\\\/o-tezavah-spitno-vodo-kmalu-na-zboru-obcanov-krajevne-skupnsti-bezina\\\/\"},\"author\":{\"name\":\"Uredni\u0161tvo Celjana\",\"@id\":\"https:\\\/\\\/novice.si\\\/page\\\/#\\\/schema\\\/person\\\/51903923b50fefb075bc1cd24fe4d065\"},\"headline\":\"O te\u017eavah s pitno vodo kmalu na zboru ob\u010danov Krajevne skupnosti Bezina\",\"datePublished\":\"2023-12-07T07:41:12+00:00\",\"dateModified\":\"2023-12-07T10:59:00+00:00\",\"mainEntityOfPage\":{\"@id\":\"https:\\\/\\\/novice.si\\\/page\\\/o-tezavah-spitno-vodo-kmalu-na-zboru-obcanov-krajevne-skupnsti-bezina\\\/\"},\"wordCount\":153,\"publisher\":{\"@id\":\"https:\\\/\\\/novice.si\\\/page\\\/#organization\"},\"image\":{\"@id\":\"https:\\\/\\\/novice.si\\\/page\\\/o-tezavah-spitno-vodo-kmalu-na-zboru-obcanov-krajevne-skupnsti-bezina\\\/#primaryimage\"},\"thumbnailUrl\":\"https:\\\/\\\/novice.si\\\/page\\\/wp-content\\\/uploads\\\/2023\\\/11\\\/Bezina-1.jpg\",\"articleSection\":[\"Aktualno\",\"\u010casopisi\",\"Konji\u0161ko\",\"Novice\",\"Radio Rogla\"],\"inLanguage\":\"sl-SI\"},{\"@type\":\"WebPage\",\"@id\":\"https:\\\/\\\/novice.si\\\/page\\\/o-tezavah-spitno-vodo-kmalu-na-zboru-obcanov-krajevne-skupnsti-bezina\\\/\",\"url\":\"https:\\\/\\\/novice.si\\\/page\\\/o-tezavah-spitno-vodo-kmalu-na-zboru-obcanov-krajevne-skupnsti-bezina\\\/\",\"name\":\"O te\u017eavah s pitno vodo kmalu na zboru ob\u010danov Krajevne skupnosti Bezina - Novice.si\",\"isPartOf\":{\"@id\":\"https:\\\/\\\/novice.si\\\/page\\\/#website\"},\"primaryImageOfPage\":{\"@id\":\"https:\\\/\\\/novice.si\\\/page\\\/o-tezavah-spitno-vodo-kmalu-na-zboru-obcanov-krajevne-skupnsti-bezina\\\/#primaryimage\"},\"image\":{\"@id\":\"https:\\\/\\\/novice.si\\\/page\\\/o-tezavah-spitno-vodo-kmalu-na-zboru-obcanov-krajevne-skupnsti-bezina\\\/#primaryimage\"},\"thumbnailUrl\":\"https:\\\/\\\/novice.si\\\/page\\\/wp-content\\\/uploads\\\/2023\\\/11\\\/Bezina-1.jpg\",\"datePublished\":\"2023-12-07T07:41:12+00:00\",\"dateModified\":\"2023-12-07T10:59:00+00:00\",\"breadcrumb\":{\"@id\":\"https:\\\/\\\/novice.si\\\/page\\\/o-tezavah-spitno-vodo-kmalu-na-zboru-obcanov-krajevne-skupnsti-bezina\\\/#breadcrumb\"},\"inLanguage\":\"sl-SI\",\"potentialAction\":[{\"@type\":\"ReadAction\",\"target\":[\"https:\\\/\\\/novice.si\\\/page\\\/o-tezavah-spitno-vodo-kmalu-na-zboru-obcanov-krajevne-skupnsti-bezina\\\/\"]}]},{\"@type\":\"ImageObject\",\"inLanguage\":\"sl-SI\",\"@id\":\"https:\\\/\\\/novice.si\\\/page\\\/o-tezavah-spitno-vodo-kmalu-na-zboru-obcanov-krajevne-skupnsti-bezina\\\/#primaryimage\",\"url\":\"https:\\\/\\\/novice.si\\\/page\\\/wp-content\\\/uploads\\\/2023\\\/11\\\/Bezina-1.jpg\",\"contentUrl\":\"https:\\\/\\\/novice.si\\\/page\\\/wp-content\\\/uploads\\\/2023\\\/11\\\/Bezina-1.jpg\",\"width\":640,\"height\":480},{\"@type\":\"BreadcrumbList\",\"@id\":\"https:\\\/\\\/novice.si\\\/page\\\/o-tezavah-spitno-vodo-kmalu-na-zboru-obcanov-krajevne-skupnsti-bezina\\\/#breadcrumb\",\"itemListElement\":[{\"@type\":\"ListItem\",\"position\":1,\"name\":\"Home\",\"item\":\"https:\\\/\\\/novice.si\\\/page\\\/\"},{\"@type\":\"ListItem\",\"position\":2,\"name\":\"O te\u017eavah s pitno vodo kmalu na zboru ob\u010danov Krajevne skupnosti Bezina\"}]},{\"@type\":\"WebSite\",\"@id\":\"https:\\\/\\\/novice.si\\\/page\\\/#website\",\"url\":\"https:\\\/\\\/novice.si\\\/page\\\/\",\"name\":\"Novice.si\",\"description\":\"\",\"publisher\":{\"@id\":\"https:\\\/\\\/novice.si\\\/page\\\/#organization\"},\"potentialAction\":[{\"@type\":\"SearchAction\",\"target\":{\"@type\":\"EntryPoint\",\"urlTemplate\":\"https:\\\/\\\/novice.si\\\/page\\\/?s={search_term_string}\"},\"query-input\":{\"@type\":\"PropertyValueSpecification\",\"valueRequired\":true,\"valueName\":\"search_term_string\"}}],\"inLanguage\":\"sl-SI\"},{\"@type\":\"Organization\",\"@id\":\"https:\\\/\\\/novice.si\\\/page\\\/#organization\",\"name\":\"Novice.si\",\"url\":\"https:\\\/\\\/novice.si\\\/page\\\/\",\"logo\":{\"@type\":\"ImageObject\",\"inLanguage\":\"sl-SI\",\"@id\":\"https:\\\/\\\/novice.si\\\/page\\\/#\\\/schema\\\/logo\\\/image\\\/\",\"url\":\"https:\\\/\\\/novice.si\\\/page\\\/wp-content\\\/uploads\\\/2023\\\/03\\\/novice_si.png\",\"contentUrl\":\"https:\\\/\\\/novice.si\\\/page\\\/wp-content\\\/uploads\\\/2023\\\/03\\\/novice_si.png\",\"width\":576,\"height\":200,\"caption\":\"Novice.si\"},\"image\":{\"@id\":\"https:\\\/\\\/novice.si\\\/page\\\/#\\\/schema\\\/logo\\\/image\\\/\"}},{\"@type\":\"Person\",\"@id\":\"https:\\\/\\\/novice.si\\\/page\\\/#\\\/schema\\\/person\\\/51903923b50fefb075bc1cd24fe4d065\",\"name\":\"Uredni\u0161tvo Celjana\",\"image\":{\"@type\":\"ImageObject\",\"inLanguage\":\"sl-SI\",\"@id\":\"https:\\\/\\\/secure.gravatar.com\\\/avatar\\\/b516f102aa90b53619e09722b8ea56721c99bfcb4f1035f9b333d99f52330226?s=96&d=mm&r=g\",\"url\":\"https:\\\/\\\/secure.gravatar.com\\\/avatar\\\/b516f102aa90b53619e09722b8ea56721c99bfcb4f1035f9b333d99f52330226?s=96&d=mm&r=g\",\"contentUrl\":\"https:\\\/\\\/secure.gravatar.com\\\/avatar\\\/b516f102aa90b53619e09722b8ea56721c99bfcb4f1035f9b333d99f52330226?s=96&d=mm&r=g\",\"caption\":\"Uredni\u0161tvo Celjana\"},\"url\":\"https:\\\/\\\/novice.si\\\/page\\\/author\\\/nejc\\\/\"}]}<\/script>\n<!-- \/ Yoast SEO plugin. -->","yoast_head_json":{"title":"O te\u017eavah s pitno vodo kmalu na zboru ob\u010danov Krajevne skupnosti Bezina - Novice.si","robots":{"index":"index","follow":"follow","max-snippet":"max-snippet:-1","max-image-preview":"max-image-preview:large","max-video-preview":"max-video-preview:-1"},"canonical":"https:\/\/novice.si\/page\/o-tezavah-spitno-vodo-kmalu-na-zboru-obcanov-krajevne-skupnsti-bezina\/","og_locale":"sl_SI","og_type":"article","og_title":"O te\u017eavah s pitno vodo kmalu na zboru ob\u010danov Krajevne skupnosti Bezina - Novice.si","og_description":"Zaradi te\u017eav s pitno vodo v vodovodnem sistemu Gra\u010di\u010d \u2013 Bezina je za naslednjo sredo sklican zbor ob\u010danov Krajevne skupnosti Bezina.\u00a0 Krajani so namre\u010d pred dnevi na Ob\u010dino vlo\u017eili zahtevo za sklic zbora, saj imajo \u017ee dlje trajajo\u010de te\u017eave s kakovostjo pitne vode v tem zasebnem vodovodnem sistemu. Ob\u010dasno pride do onesna\u017eenja, voda je neprimerna [&hellip;]","og_url":"https:\/\/novice.si\/page\/o-tezavah-spitno-vodo-kmalu-na-zboru-obcanov-krajevne-skupnsti-bezina\/","og_site_name":"Novice.si","article_published_time":"2023-12-07T07:41:12+00:00","article_modified_time":"2023-12-07T10:59:00+00:00","og_image":[{"width":640,"height":480,"url":"https:\/\/novice.si\/page\/wp-content\/uploads\/2023\/11\/Bezina-1.jpg","type":"image\/jpeg"}],"author":"Uredni\u0161tvo Celjana","twitter_card":"summary_large_image","twitter_misc":{"Written by":"Uredni\u0161tvo Celjana","Est. reading time":"1 minuta"},"schema":{"@context":"https:\/\/schema.org","@graph":[{"@type":"Article","@id":"https:\/\/novice.si\/page\/o-tezavah-spitno-vodo-kmalu-na-zboru-obcanov-krajevne-skupnsti-bezina\/#article","isPartOf":{"@id":"https:\/\/novice.si\/page\/o-tezavah-spitno-vodo-kmalu-na-zboru-obcanov-krajevne-skupnsti-bezina\/"},"author":{"name":"Uredni\u0161tvo Celjana","@id":"https:\/\/novice.si\/page\/#\/schema\/person\/51903923b50fefb075bc1cd24fe4d065"},"headline":"O te\u017eavah s pitno vodo kmalu na zboru ob\u010danov Krajevne skupnosti Bezina","datePublished":"2023-12-07T07:41:12+00:00","dateModified":"2023-12-07T10:59:00+00:00","mainEntityOfPage":{"@id":"https:\/\/novice.si\/page\/o-tezavah-spitno-vodo-kmalu-na-zboru-obcanov-krajevne-skupnsti-bezina\/"},"wordCount":153,"publisher":{"@id":"https:\/\/novice.si\/page\/#organization"},"image":{"@id":"https:\/\/novice.si\/page\/o-tezavah-spitno-vodo-kmalu-na-zboru-obcanov-krajevne-skupnsti-bezina\/#primaryimage"},"thumbnailUrl":"https:\/\/novice.si\/page\/wp-content\/uploads\/2023\/11\/Bezina-1.jpg","articleSection":["Aktualno","\u010casopisi","Konji\u0161ko","Novice","Radio Rogla"],"inLanguage":"sl-SI"},{"@type":"WebPage","@id":"https:\/\/novice.si\/page\/o-tezavah-spitno-vodo-kmalu-na-zboru-obcanov-krajevne-skupnsti-bezina\/","url":"https:\/\/novice.si\/page\/o-tezavah-spitno-vodo-kmalu-na-zboru-obcanov-krajevne-skupnsti-bezina\/","name":"O te\u017eavah s pitno vodo kmalu na zboru ob\u010danov Krajevne skupnosti Bezina - Novice.si","isPartOf":{"@id":"https:\/\/novice.si\/page\/#website"},"primaryImageOfPage":{"@id":"https:\/\/novice.si\/page\/o-tezavah-spitno-vodo-kmalu-na-zboru-obcanov-krajevne-skupnsti-bezina\/#primaryimage"},"image":{"@id":"https:\/\/novice.si\/page\/o-tezavah-spitno-vodo-kmalu-na-zboru-obcanov-krajevne-skupnsti-bezina\/#primaryimage"},"thumbnailUrl":"https:\/\/novice.si\/page\/wp-content\/uploads\/2023\/11\/Bezina-1.jpg","datePublished":"2023-12-07T07:41:12+00:00","dateModified":"2023-12-07T10:59:00+00:00","breadcrumb":{"@id":"https:\/\/novice.si\/page\/o-tezavah-spitno-vodo-kmalu-na-zboru-obcanov-krajevne-skupnsti-bezina\/#breadcrumb"},"inLanguage":"sl-SI","potentialAction":[{"@type":"ReadAction","target":["https:\/\/novice.si\/page\/o-tezavah-spitno-vodo-kmalu-na-zboru-obcanov-krajevne-skupnsti-bezina\/"]}]},{"@type":"ImageObject","inLanguage":"sl-SI","@id":"https:\/\/novice.si\/page\/o-tezavah-spitno-vodo-kmalu-na-zboru-obcanov-krajevne-skupnsti-bezina\/#primaryimage","url":"https:\/\/novice.si\/page\/wp-content\/uploads\/2023\/11\/Bezina-1.jpg","contentUrl":"https:\/\/novice.si\/page\/wp-content\/uploads\/2023\/11\/Bezina-1.jpg","width":640,"height":480},{"@type":"BreadcrumbList","@id":"https:\/\/novice.si\/page\/o-tezavah-spitno-vodo-kmalu-na-zboru-obcanov-krajevne-skupnsti-bezina\/#breadcrumb","itemListElement":[{"@type":"ListItem","position":1,"name":"Home","item":"https:\/\/novice.si\/page\/"},{"@type":"ListItem","position":2,"name":"O te\u017eavah s pitno vodo kmalu na zboru ob\u010danov Krajevne skupnosti Bezina"}]},{"@type":"WebSite","@id":"https:\/\/novice.si\/page\/#website","url":"https:\/\/novice.si\/page\/","name":"Novice.si","description":"","publisher":{"@id":"https:\/\/novice.si\/page\/#organization"},"potentialAction":[{"@type":"SearchAction","target":{"@type":"EntryPoint","urlTemplate":"https:\/\/novice.si\/page\/?s={search_term_string}"},"query-input":{"@type":"PropertyValueSpecification","valueRequired":true,"valueName":"search_term_string"}}],"inLanguage":"sl-SI"},{"@type":"Organization","@id":"https:\/\/novice.si\/page\/#organization","name":"Novice.si","url":"https:\/\/novice.si\/page\/","logo":{"@type":"ImageObject","inLanguage":"sl-SI","@id":"https:\/\/novice.si\/page\/#\/schema\/logo\/image\/","url":"https:\/\/novice.si\/page\/wp-content\/uploads\/2023\/03\/novice_si.png","contentUrl":"https:\/\/novice.si\/page\/wp-content\/uploads\/2023\/03\/novice_si.png","width":576,"height":200,"caption":"Novice.si"},"image":{"@id":"https:\/\/novice.si\/page\/#\/schema\/logo\/image\/"}},{"@type":"Person","@id":"https:\/\/novice.si\/page\/#\/schema\/person\/51903923b50fefb075bc1cd24fe4d065","name":"Uredni\u0161tvo Celjana","image":{"@type":"ImageObject","inLanguage":"sl-SI","@id":"https:\/\/secure.gravatar.com\/avatar\/b516f102aa90b53619e09722b8ea56721c99bfcb4f1035f9b333d99f52330226?s=96&d=mm&r=g","url":"https:\/\/secure.gravatar.com\/avatar\/b516f102aa90b53619e09722b8ea56721c99bfcb4f1035f9b333d99f52330226?s=96&d=mm&r=g","contentUrl":"https:\/\/secure.gravatar.com\/avatar\/b516f102aa90b53619e09722b8ea56721c99bfcb4f1035f9b333d99f52330226?s=96&d=mm&r=g","caption":"Uredni\u0161tvo Celjana"},"url":"https:\/\/novice.si\/page\/author\/nejc\/"}]}},"_links":{"self":[{"href":"https:\/\/novice.si\/page\/wp-json\/wp\/v2\/posts\/169999","targetHints":{"allow":["GET"]}}],"collection":[{"href":"https:\/\/novice.si\/page\/wp-json\/wp\/v2\/posts"}],"about":[{"href":"https:\/\/novice.si\/page\/wp-json\/wp\/v2\/types\/post"}],"author":[{"embeddable":true,"href":"https:\/\/novice.si\/page\/wp-json\/wp\/v2\/users\/12"}],"replies":[{"embeddable":true,"href":"https:\/\/novice.si\/page\/wp-json\/wp\/v2\/comments?post=169999"}],"version-history":[{"count":5,"href":"https:\/\/novice.si\/page\/wp-json\/wp\/v2\/posts\/169999\/revisions"}],"predecessor-version":[{"id":170004,"href":"https:\/\/novice.si\/page\/wp-json\/wp\/v2\/posts\/169999\/revisions\/170004"}],"wp:featuredmedia":[{"embeddable":true,"href":"https:\/\/novice.si\/page\/wp-json\/wp\/v2\/media\/169535"}],"wp:attachment":[{"href":"https:\/\/novice.si\/page\/wp-json\/wp\/v2\/media?parent=169999"}],"wp:term":[{"taxonomy":"category","embeddable":true,"href":"https:\/\/novice.si\/page\/wp-json\/wp\/v2\/categories?post=169999"},{"taxonomy":"post_tag","embeddable":true,"href":"https:\/\/novice.si\/page\/wp-json\/wp\/v2\/tags?post=169999"}],"curies":[{"name":"wp","href":"https:\/\/api.w.org\/{rel}","templated":true}]}}