{"id":169997,"date":"2023-12-06T17:55:10","date_gmt":"2023-12-06T16:55:10","guid":{"rendered":"https:\/\/novice.si\/page\/?p=169997"},"modified":"2023-12-06T17:55:10","modified_gmt":"2023-12-06T16:55:10","slug":"celje-ropar-krekove-banke-bo-se-pocakal-na-pn","status":"publish","type":"post","link":"https:\/\/novice.si\/page\/celje-ropar-krekove-banke-bo-se-pocakal-na-pn\/","title":{"rendered":"CELJE Ropar Krekove banke bo \u0161e po\u010dakal na PN"},"content":{"rendered":"<p><img loading=\"lazy\" decoding=\"async\" class=\"wp-image-166387 alignleft\" src=\"https:\/\/novice.si\/page\/wp-content\/uploads\/2023\/08\/slika-borojevic-interpol.jpg\" alt=\"\" width=\"174\" height=\"275\" srcset=\"https:\/\/novice.si\/page\/wp-content\/uploads\/2023\/08\/slika-borojevic-interpol.jpg 251w, https:\/\/novice.si\/page\/wp-content\/uploads\/2023\/08\/slika-borojevic-interpol-15x24.jpg 15w, https:\/\/novice.si\/page\/wp-content\/uploads\/2023\/08\/slika-borojevic-interpol-23x36.jpg 23w, https:\/\/novice.si\/page\/wp-content\/uploads\/2023\/08\/slika-borojevic-interpol-30x48.jpg 30w\" sizes=\"auto, (max-width: 174px) 100vw, 174px\" \/>Celjsko sodi\u0161\u010de je za danes preklicalo predobravnavni narok za Tr\u017ei\u010dana <strong>Daniela Borojevi\u0107a,<\/strong> organizatorja spektakularnega ropa celjske poslovalnice Krekove banke pred 21 leti.<\/p>\n<p>Obto\u017eeni namre\u010d \u0161e vedno ni v dosegu na\u0161ih organov pregona. Ima slovensko in bosansko dr\u017eavljanstvo, dr\u017eavi pa nimata sporazuma o izro\u010danju oseb.<\/p>\n<p>Sodi\u0161\u010de je obto\u017eencu na naslov v BIH preko pravosodnega ministrstva poslalo vabilo na sojenje, vendar vro\u010ditev ni izkazana, zato so zdaj zaprosili za informacijo glede zadr\u017ekov v zvezi z vro\u010ditvijo.<\/p>\n<p>Zoper Borojevi\u0107a, ki je po ropu pobegnil z okoli 160 tiso\u010d evri plena, trojico pajda\u0161ev pa<img loading=\"lazy\" decoding=\"async\" class=\"wp-image-166388 alignright\" src=\"https:\/\/novice.si\/page\/wp-content\/uploads\/2023\/08\/krekova-banka-celje-600x400.jpg\" alt=\"\" width=\"245\" height=\"163\" srcset=\"https:\/\/novice.si\/page\/wp-content\/uploads\/2023\/08\/krekova-banka-celje-600x400.jpg 600w, https:\/\/novice.si\/page\/wp-content\/uploads\/2023\/08\/krekova-banka-celje-630x420.jpg 630w, https:\/\/novice.si\/page\/wp-content\/uploads\/2023\/08\/krekova-banka-celje-24x16.jpg 24w, https:\/\/novice.si\/page\/wp-content\/uploads\/2023\/08\/krekova-banka-celje-36x24.jpg 36w, https:\/\/novice.si\/page\/wp-content\/uploads\/2023\/08\/krekova-banka-celje-48x32.jpg 48w, https:\/\/novice.si\/page\/wp-content\/uploads\/2023\/08\/krekova-banka-celje.jpg 660w\" sizes=\"auto, (max-width: 245px) 100vw, 245px\" \/> pustil na cedilu (vsi so medtem zaporne kazni \u017ee prestali), je \u017ee ve\u010d let razpisana mednarodna tiralica.<\/p>\n<p>V postopku \u0161e ni bil zasli\u0161an, domnevajo, da se pod la\u017eno identiteto skriva v kateri od sosednjih dr\u017eav.<\/p>\n<p>P\u0160<\/p>\n","protected":false},"excerpt":{"rendered":"<p>Celjsko sodi\u0161\u010de je za danes preklicalo predobravnavni narok za Tr\u017ei\u010dana Daniela Borojevi\u0107a, organizatorja spektakularnega ropa celjske poslovalnice Krekove banke pred 21 leti. Obto\u017eeni namre\u010d \u0161e vedno ni v dosegu na\u0161ih organov pregona. Ima slovensko in bosansko dr\u017eavljanstvo, dr\u017eavi pa nimata sporazuma o izro\u010danju oseb. Sodi\u0161\u010de je obto\u017eencu na naslov v BIH preko pravosodnega ministrstva poslalo [&hellip;]<\/p>\n","protected":false},"author":33,"featured_media":166388,"comment_status":"closed","ping_status":"closed","sticky":false,"template":"","format":"standard","meta":{"footnotes":""},"categories":[14,17,29],"tags":[3083,19325,14373,19327,5572,19326],"class_list":{"0":"post-169997","1":"post","2":"type-post","3":"status-publish","4":"format-standard","5":"has-post-thumbnail","7":"category-aktualno","8":"category-celjsko","9":"category-kronika","10":"tag-bih","11":"tag-daniel-borojevic","12":"tag-krekova-banka","13":"tag-nedosegljiv","14":"tag-predobravnavni-narok","15":"tag-vrocitev-poziva"},"yoast_head":"<!-- This site is optimized with the Yoast SEO plugin v27.4 - https:\/\/yoast.com\/product\/yoast-seo-wordpress\/ -->\n<title>CELJE Ropar Krekove banke bo \u0161e po\u010dakal na PN - Novice.si<\/title>\n<meta name=\"robots\" content=\"index, follow, max-snippet:-1, max-image-preview:large, max-video-preview:-1\" \/>\n<link rel=\"canonical\" href=\"https:\/\/novice.si\/page\/celje-ropar-krekove-banke-bo-se-pocakal-na-pn\/\" \/>\n<meta property=\"og:locale\" content=\"sl_SI\" \/>\n<meta property=\"og:type\" content=\"article\" \/>\n<meta property=\"og:title\" content=\"CELJE Ropar Krekove banke bo \u0161e po\u010dakal na PN - Novice.si\" \/>\n<meta property=\"og:description\" content=\"Celjsko sodi\u0161\u010de je za danes preklicalo predobravnavni narok za Tr\u017ei\u010dana Daniela Borojevi\u0107a, organizatorja spektakularnega ropa celjske poslovalnice Krekove banke pred 21 leti. Obto\u017eeni namre\u010d \u0161e vedno ni v dosegu na\u0161ih organov pregona. Ima slovensko in bosansko dr\u017eavljanstvo, dr\u017eavi pa nimata sporazuma o izro\u010danju oseb. Sodi\u0161\u010de je obto\u017eencu na naslov v BIH preko pravosodnega ministrstva poslalo [&hellip;]\" \/>\n<meta property=\"og:url\" content=\"https:\/\/novice.si\/page\/celje-ropar-krekove-banke-bo-se-pocakal-na-pn\/\" \/>\n<meta property=\"og:site_name\" content=\"Novice.si\" \/>\n<meta property=\"article:published_time\" content=\"2023-12-06T16:55:10+00:00\" \/>\n<meta property=\"og:image\" content=\"https:\/\/novice.si\/page\/wp-content\/uploads\/2023\/08\/krekova-banka-celje.jpg\" \/>\n\t<meta property=\"og:image:width\" content=\"660\" \/>\n\t<meta property=\"og:image:height\" content=\"440\" \/>\n\t<meta property=\"og:image:type\" content=\"image\/jpeg\" \/>\n<meta name=\"author\" content=\"Uredni\u0161tvo Celjana\" \/>\n<meta name=\"twitter:card\" content=\"summary_large_image\" \/>\n<meta name=\"twitter:label1\" content=\"Written by\" \/>\n\t<meta name=\"twitter:data1\" content=\"Uredni\u0161tvo Celjana\" \/>\n\t<meta name=\"twitter:label2\" content=\"Est. reading time\" \/>\n\t<meta name=\"twitter:data2\" content=\"2 minuti\" \/>\n<script type=\"application\/ld+json\" class=\"yoast-schema-graph\">{\"@context\":\"https:\\\/\\\/schema.org\",\"@graph\":[{\"@type\":\"Article\",\"@id\":\"https:\\\/\\\/novice.si\\\/page\\\/celje-ropar-krekove-banke-bo-se-pocakal-na-pn\\\/#article\",\"isPartOf\":{\"@id\":\"https:\\\/\\\/novice.si\\\/page\\\/celje-ropar-krekove-banke-bo-se-pocakal-na-pn\\\/\"},\"author\":{\"name\":\"Uredni\u0161tvo Celjana\",\"@id\":\"https:\\\/\\\/novice.si\\\/page\\\/#\\\/schema\\\/person\\\/57f25c9642a9541c7349c65d32032c3e\"},\"headline\":\"CELJE Ropar Krekove banke bo \u0161e po\u010dakal na PN\",\"datePublished\":\"2023-12-06T16:55:10+00:00\",\"mainEntityOfPage\":{\"@id\":\"https:\\\/\\\/novice.si\\\/page\\\/celje-ropar-krekove-banke-bo-se-pocakal-na-pn\\\/\"},\"wordCount\":153,\"publisher\":{\"@id\":\"https:\\\/\\\/novice.si\\\/page\\\/#organization\"},\"image\":{\"@id\":\"https:\\\/\\\/novice.si\\\/page\\\/celje-ropar-krekove-banke-bo-se-pocakal-na-pn\\\/#primaryimage\"},\"thumbnailUrl\":\"https:\\\/\\\/novice.si\\\/page\\\/wp-content\\\/uploads\\\/2023\\\/08\\\/krekova-banka-celje.jpg\",\"keywords\":[\"bih\",\"Daniel Borojevi\u0107\",\"krekova banka\",\"nedosegljiv\",\"predobravnavni narok\",\"vro\u010ditev poziva\"],\"articleSection\":[\"Aktualno\",\"Celjsko\",\"Kronika\"],\"inLanguage\":\"sl-SI\"},{\"@type\":\"WebPage\",\"@id\":\"https:\\\/\\\/novice.si\\\/page\\\/celje-ropar-krekove-banke-bo-se-pocakal-na-pn\\\/\",\"url\":\"https:\\\/\\\/novice.si\\\/page\\\/celje-ropar-krekove-banke-bo-se-pocakal-na-pn\\\/\",\"name\":\"CELJE Ropar Krekove banke bo \u0161e po\u010dakal na PN - Novice.si\",\"isPartOf\":{\"@id\":\"https:\\\/\\\/novice.si\\\/page\\\/#website\"},\"primaryImageOfPage\":{\"@id\":\"https:\\\/\\\/novice.si\\\/page\\\/celje-ropar-krekove-banke-bo-se-pocakal-na-pn\\\/#primaryimage\"},\"image\":{\"@id\":\"https:\\\/\\\/novice.si\\\/page\\\/celje-ropar-krekove-banke-bo-se-pocakal-na-pn\\\/#primaryimage\"},\"thumbnailUrl\":\"https:\\\/\\\/novice.si\\\/page\\\/wp-content\\\/uploads\\\/2023\\\/08\\\/krekova-banka-celje.jpg\",\"datePublished\":\"2023-12-06T16:55:10+00:00\",\"breadcrumb\":{\"@id\":\"https:\\\/\\\/novice.si\\\/page\\\/celje-ropar-krekove-banke-bo-se-pocakal-na-pn\\\/#breadcrumb\"},\"inLanguage\":\"sl-SI\",\"potentialAction\":[{\"@type\":\"ReadAction\",\"target\":[\"https:\\\/\\\/novice.si\\\/page\\\/celje-ropar-krekove-banke-bo-se-pocakal-na-pn\\\/\"]}]},{\"@type\":\"ImageObject\",\"inLanguage\":\"sl-SI\",\"@id\":\"https:\\\/\\\/novice.si\\\/page\\\/celje-ropar-krekove-banke-bo-se-pocakal-na-pn\\\/#primaryimage\",\"url\":\"https:\\\/\\\/novice.si\\\/page\\\/wp-content\\\/uploads\\\/2023\\\/08\\\/krekova-banka-celje.jpg\",\"contentUrl\":\"https:\\\/\\\/novice.si\\\/page\\\/wp-content\\\/uploads\\\/2023\\\/08\\\/krekova-banka-celje.jpg\",\"width\":660,\"height\":440},{\"@type\":\"BreadcrumbList\",\"@id\":\"https:\\\/\\\/novice.si\\\/page\\\/celje-ropar-krekove-banke-bo-se-pocakal-na-pn\\\/#breadcrumb\",\"itemListElement\":[{\"@type\":\"ListItem\",\"position\":1,\"name\":\"Home\",\"item\":\"https:\\\/\\\/novice.si\\\/page\\\/\"},{\"@type\":\"ListItem\",\"position\":2,\"name\":\"CELJE Ropar Krekove banke bo \u0161e po\u010dakal na PN\"}]},{\"@type\":\"WebSite\",\"@id\":\"https:\\\/\\\/novice.si\\\/page\\\/#website\",\"url\":\"https:\\\/\\\/novice.si\\\/page\\\/\",\"name\":\"Novice.si\",\"description\":\"\",\"publisher\":{\"@id\":\"https:\\\/\\\/novice.si\\\/page\\\/#organization\"},\"potentialAction\":[{\"@type\":\"SearchAction\",\"target\":{\"@type\":\"EntryPoint\",\"urlTemplate\":\"https:\\\/\\\/novice.si\\\/page\\\/?s={search_term_string}\"},\"query-input\":{\"@type\":\"PropertyValueSpecification\",\"valueRequired\":true,\"valueName\":\"search_term_string\"}}],\"inLanguage\":\"sl-SI\"},{\"@type\":\"Organization\",\"@id\":\"https:\\\/\\\/novice.si\\\/page\\\/#organization\",\"name\":\"Novice.si\",\"url\":\"https:\\\/\\\/novice.si\\\/page\\\/\",\"logo\":{\"@type\":\"ImageObject\",\"inLanguage\":\"sl-SI\",\"@id\":\"https:\\\/\\\/novice.si\\\/page\\\/#\\\/schema\\\/logo\\\/image\\\/\",\"url\":\"https:\\\/\\\/novice.si\\\/page\\\/wp-content\\\/uploads\\\/2023\\\/03\\\/novice_si.png\",\"contentUrl\":\"https:\\\/\\\/novice.si\\\/page\\\/wp-content\\\/uploads\\\/2023\\\/03\\\/novice_si.png\",\"width\":576,\"height\":200,\"caption\":\"Novice.si\"},\"image\":{\"@id\":\"https:\\\/\\\/novice.si\\\/page\\\/#\\\/schema\\\/logo\\\/image\\\/\"}},{\"@type\":\"Person\",\"@id\":\"https:\\\/\\\/novice.si\\\/page\\\/#\\\/schema\\\/person\\\/57f25c9642a9541c7349c65d32032c3e\",\"name\":\"Uredni\u0161tvo Celjana\",\"image\":{\"@type\":\"ImageObject\",\"inLanguage\":\"sl-SI\",\"@id\":\"https:\\\/\\\/secure.gravatar.com\\\/avatar\\\/78e52bc4279b65f6df6345e0ef0f7b792d361361f230cf4ffecfe0afe6d5629c?s=96&d=mm&r=g\",\"url\":\"https:\\\/\\\/secure.gravatar.com\\\/avatar\\\/78e52bc4279b65f6df6345e0ef0f7b792d361361f230cf4ffecfe0afe6d5629c?s=96&d=mm&r=g\",\"contentUrl\":\"https:\\\/\\\/secure.gravatar.com\\\/avatar\\\/78e52bc4279b65f6df6345e0ef0f7b792d361361f230cf4ffecfe0afe6d5629c?s=96&d=mm&r=g\",\"caption\":\"Uredni\u0161tvo Celjana\"},\"url\":\"https:\\\/\\\/novice.si\\\/page\\\/author\\\/primoz\\\/\"}]}<\/script>\n<!-- \/ Yoast SEO plugin. -->","yoast_head_json":{"title":"CELJE Ropar Krekove banke bo \u0161e po\u010dakal na PN - Novice.si","robots":{"index":"index","follow":"follow","max-snippet":"max-snippet:-1","max-image-preview":"max-image-preview:large","max-video-preview":"max-video-preview:-1"},"canonical":"https:\/\/novice.si\/page\/celje-ropar-krekove-banke-bo-se-pocakal-na-pn\/","og_locale":"sl_SI","og_type":"article","og_title":"CELJE Ropar Krekove banke bo \u0161e po\u010dakal na PN - Novice.si","og_description":"Celjsko sodi\u0161\u010de je za danes preklicalo predobravnavni narok za Tr\u017ei\u010dana Daniela Borojevi\u0107a, organizatorja spektakularnega ropa celjske poslovalnice Krekove banke pred 21 leti. Obto\u017eeni namre\u010d \u0161e vedno ni v dosegu na\u0161ih organov pregona. Ima slovensko in bosansko dr\u017eavljanstvo, dr\u017eavi pa nimata sporazuma o izro\u010danju oseb. Sodi\u0161\u010de je obto\u017eencu na naslov v BIH preko pravosodnega ministrstva poslalo [&hellip;]","og_url":"https:\/\/novice.si\/page\/celje-ropar-krekove-banke-bo-se-pocakal-na-pn\/","og_site_name":"Novice.si","article_published_time":"2023-12-06T16:55:10+00:00","og_image":[{"width":660,"height":440,"url":"https:\/\/novice.si\/page\/wp-content\/uploads\/2023\/08\/krekova-banka-celje.jpg","type":"image\/jpeg"}],"author":"Uredni\u0161tvo Celjana","twitter_card":"summary_large_image","twitter_misc":{"Written by":"Uredni\u0161tvo Celjana","Est. reading time":"2 minuti"},"schema":{"@context":"https:\/\/schema.org","@graph":[{"@type":"Article","@id":"https:\/\/novice.si\/page\/celje-ropar-krekove-banke-bo-se-pocakal-na-pn\/#article","isPartOf":{"@id":"https:\/\/novice.si\/page\/celje-ropar-krekove-banke-bo-se-pocakal-na-pn\/"},"author":{"name":"Uredni\u0161tvo Celjana","@id":"https:\/\/novice.si\/page\/#\/schema\/person\/57f25c9642a9541c7349c65d32032c3e"},"headline":"CELJE Ropar Krekove banke bo \u0161e po\u010dakal na PN","datePublished":"2023-12-06T16:55:10+00:00","mainEntityOfPage":{"@id":"https:\/\/novice.si\/page\/celje-ropar-krekove-banke-bo-se-pocakal-na-pn\/"},"wordCount":153,"publisher":{"@id":"https:\/\/novice.si\/page\/#organization"},"image":{"@id":"https:\/\/novice.si\/page\/celje-ropar-krekove-banke-bo-se-pocakal-na-pn\/#primaryimage"},"thumbnailUrl":"https:\/\/novice.si\/page\/wp-content\/uploads\/2023\/08\/krekova-banka-celje.jpg","keywords":["bih","Daniel Borojevi\u0107","krekova banka","nedosegljiv","predobravnavni narok","vro\u010ditev poziva"],"articleSection":["Aktualno","Celjsko","Kronika"],"inLanguage":"sl-SI"},{"@type":"WebPage","@id":"https:\/\/novice.si\/page\/celje-ropar-krekove-banke-bo-se-pocakal-na-pn\/","url":"https:\/\/novice.si\/page\/celje-ropar-krekove-banke-bo-se-pocakal-na-pn\/","name":"CELJE Ropar Krekove banke bo \u0161e po\u010dakal na PN - Novice.si","isPartOf":{"@id":"https:\/\/novice.si\/page\/#website"},"primaryImageOfPage":{"@id":"https:\/\/novice.si\/page\/celje-ropar-krekove-banke-bo-se-pocakal-na-pn\/#primaryimage"},"image":{"@id":"https:\/\/novice.si\/page\/celje-ropar-krekove-banke-bo-se-pocakal-na-pn\/#primaryimage"},"thumbnailUrl":"https:\/\/novice.si\/page\/wp-content\/uploads\/2023\/08\/krekova-banka-celje.jpg","datePublished":"2023-12-06T16:55:10+00:00","breadcrumb":{"@id":"https:\/\/novice.si\/page\/celje-ropar-krekove-banke-bo-se-pocakal-na-pn\/#breadcrumb"},"inLanguage":"sl-SI","potentialAction":[{"@type":"ReadAction","target":["https:\/\/novice.si\/page\/celje-ropar-krekove-banke-bo-se-pocakal-na-pn\/"]}]},{"@type":"ImageObject","inLanguage":"sl-SI","@id":"https:\/\/novice.si\/page\/celje-ropar-krekove-banke-bo-se-pocakal-na-pn\/#primaryimage","url":"https:\/\/novice.si\/page\/wp-content\/uploads\/2023\/08\/krekova-banka-celje.jpg","contentUrl":"https:\/\/novice.si\/page\/wp-content\/uploads\/2023\/08\/krekova-banka-celje.jpg","width":660,"height":440},{"@type":"BreadcrumbList","@id":"https:\/\/novice.si\/page\/celje-ropar-krekove-banke-bo-se-pocakal-na-pn\/#breadcrumb","itemListElement":[{"@type":"ListItem","position":1,"name":"Home","item":"https:\/\/novice.si\/page\/"},{"@type":"ListItem","position":2,"name":"CELJE Ropar Krekove banke bo \u0161e po\u010dakal na PN"}]},{"@type":"WebSite","@id":"https:\/\/novice.si\/page\/#website","url":"https:\/\/novice.si\/page\/","name":"Novice.si","description":"","publisher":{"@id":"https:\/\/novice.si\/page\/#organization"},"potentialAction":[{"@type":"SearchAction","target":{"@type":"EntryPoint","urlTemplate":"https:\/\/novice.si\/page\/?s={search_term_string}"},"query-input":{"@type":"PropertyValueSpecification","valueRequired":true,"valueName":"search_term_string"}}],"inLanguage":"sl-SI"},{"@type":"Organization","@id":"https:\/\/novice.si\/page\/#organization","name":"Novice.si","url":"https:\/\/novice.si\/page\/","logo":{"@type":"ImageObject","inLanguage":"sl-SI","@id":"https:\/\/novice.si\/page\/#\/schema\/logo\/image\/","url":"https:\/\/novice.si\/page\/wp-content\/uploads\/2023\/03\/novice_si.png","contentUrl":"https:\/\/novice.si\/page\/wp-content\/uploads\/2023\/03\/novice_si.png","width":576,"height":200,"caption":"Novice.si"},"image":{"@id":"https:\/\/novice.si\/page\/#\/schema\/logo\/image\/"}},{"@type":"Person","@id":"https:\/\/novice.si\/page\/#\/schema\/person\/57f25c9642a9541c7349c65d32032c3e","name":"Uredni\u0161tvo Celjana","image":{"@type":"ImageObject","inLanguage":"sl-SI","@id":"https:\/\/secure.gravatar.com\/avatar\/78e52bc4279b65f6df6345e0ef0f7b792d361361f230cf4ffecfe0afe6d5629c?s=96&d=mm&r=g","url":"https:\/\/secure.gravatar.com\/avatar\/78e52bc4279b65f6df6345e0ef0f7b792d361361f230cf4ffecfe0afe6d5629c?s=96&d=mm&r=g","contentUrl":"https:\/\/secure.gravatar.com\/avatar\/78e52bc4279b65f6df6345e0ef0f7b792d361361f230cf4ffecfe0afe6d5629c?s=96&d=mm&r=g","caption":"Uredni\u0161tvo Celjana"},"url":"https:\/\/novice.si\/page\/author\/primoz\/"}]}},"_links":{"self":[{"href":"https:\/\/novice.si\/page\/wp-json\/wp\/v2\/posts\/169997","targetHints":{"allow":["GET"]}}],"collection":[{"href":"https:\/\/novice.si\/page\/wp-json\/wp\/v2\/posts"}],"about":[{"href":"https:\/\/novice.si\/page\/wp-json\/wp\/v2\/types\/post"}],"author":[{"embeddable":true,"href":"https:\/\/novice.si\/page\/wp-json\/wp\/v2\/users\/33"}],"replies":[{"embeddable":true,"href":"https:\/\/novice.si\/page\/wp-json\/wp\/v2\/comments?post=169997"}],"version-history":[{"count":1,"href":"https:\/\/novice.si\/page\/wp-json\/wp\/v2\/posts\/169997\/revisions"}],"predecessor-version":[{"id":169998,"href":"https:\/\/novice.si\/page\/wp-json\/wp\/v2\/posts\/169997\/revisions\/169998"}],"wp:featuredmedia":[{"embeddable":true,"href":"https:\/\/novice.si\/page\/wp-json\/wp\/v2\/media\/166388"}],"wp:attachment":[{"href":"https:\/\/novice.si\/page\/wp-json\/wp\/v2\/media?parent=169997"}],"wp:term":[{"taxonomy":"category","embeddable":true,"href":"https:\/\/novice.si\/page\/wp-json\/wp\/v2\/categories?post=169997"},{"taxonomy":"post_tag","embeddable":true,"href":"https:\/\/novice.si\/page\/wp-json\/wp\/v2\/tags?post=169997"}],"curies":[{"name":"wp","href":"https:\/\/api.w.org\/{rel}","templated":true}]}}