{"id":169786,"date":"2023-12-01T13:58:34","date_gmt":"2023-12-01T12:58:34","guid":{"rendered":"https:\/\/novice.si\/page\/?p=169786"},"modified":"2023-12-01T13:58:34","modified_gmt":"2023-12-01T12:58:34","slug":"sentjur-kulturno-v-december","status":"publish","type":"post","link":"https:\/\/novice.si\/page\/sentjur-kulturno-v-december\/","title":{"rendered":"\u0160ENTJUR Kulturno v december"},"content":{"rendered":"<p>V \u0160entjurju bo za\u010detek decembra povsem v znamenju kulturnih prireditev.<\/p>\n<p><img loading=\"lazy\" decoding=\"async\" class=\"wp-image-169790 alignleft\" src=\"https:\/\/novice.si\/page\/wp-content\/uploads\/2023\/12\/sentjur-kultura-2-600x417.png\" alt=\"\" width=\"286\" height=\"199\" srcset=\"https:\/\/novice.si\/page\/wp-content\/uploads\/2023\/12\/sentjur-kultura-2-600x417.png 600w, https:\/\/novice.si\/page\/wp-content\/uploads\/2023\/12\/sentjur-kultura-2-1024x711.png 1024w, https:\/\/novice.si\/page\/wp-content\/uploads\/2023\/12\/sentjur-kultura-2-768x534.png 768w, https:\/\/novice.si\/page\/wp-content\/uploads\/2023\/12\/sentjur-kultura-2-100x70.png 100w, https:\/\/novice.si\/page\/wp-content\/uploads\/2023\/12\/sentjur-kultura-2-696x484.png 696w, https:\/\/novice.si\/page\/wp-content\/uploads\/2023\/12\/sentjur-kultura-2-1068x742.png 1068w, https:\/\/novice.si\/page\/wp-content\/uploads\/2023\/12\/sentjur-kultura-2-605x420.png 605w, https:\/\/novice.si\/page\/wp-content\/uploads\/2023\/12\/sentjur-kultura-2-24x17.png 24w, https:\/\/novice.si\/page\/wp-content\/uploads\/2023\/12\/sentjur-kultura-2-36x25.png 36w, https:\/\/novice.si\/page\/wp-content\/uploads\/2023\/12\/sentjur-kultura-2-48x33.png 48w, https:\/\/novice.si\/page\/wp-content\/uploads\/2023\/12\/sentjur-kultura-2.png 1150w\" sizes=\"auto, (max-width: 286px) 100vw, 286px\" \/>Jutri popoldne bo v dvorani Glasbene \u0161ole Skladateljev Ipavcev podelitev leto\u0161njih nagrad Zveze kulturnih dru\u0161tev \u0160entjur, v Ipav\u010devem kulturnem centru pa bo nato sledila slavnostna akademija ob 101. obletnici rojstva <strong>Karla Destovnika Kajuha<\/strong>.<\/p>\n<p>Nedelja bo v znamenju odprtih vrat muzejskih zbirk in literarnega ve\u010dera z <strong>Vinkom Moederndorferjem<\/strong>, torek pa je rezerviran za prireditve Miklav\u017eevanja.<\/p>\n<p>P\u0160<\/p>\n","protected":false},"excerpt":{"rendered":"<p>V \u0160entjurju bo za\u010detek decembra povsem v znamenju kulturnih prireditev. Jutri popoldne bo v dvorani Glasbene \u0161ole Skladateljev Ipavcev podelitev leto\u0161njih nagrad Zveze kulturnih dru\u0161tev \u0160entjur, v Ipav\u010devem kulturnem centru pa bo nato sledila slavnostna akademija ob 101. obletnici rojstva Karla Destovnika Kajuha. Nedelja bo v znamenju odprtih vrat muzejskih zbirk in literarnega ve\u010dera z [&hellip;]<\/p>\n","protected":false},"author":33,"featured_media":169789,"comment_status":"closed","ping_status":"closed","sticky":false,"template":"","format":"standard","meta":{"footnotes":""},"categories":[57],"tags":[19260,19262,19261,56],"class_list":{"0":"post-169786","1":"post","2":"type-post","3":"status-publish","4":"format-standard","5":"has-post-thumbnail","7":"category-sentjursko","8":"tag-kulturne-prireditve","9":"tag-odrti-dan-muzejskih-zbirk","10":"tag-podelitev-kulturnih-nagrad","11":"tag-sentjur"},"yoast_head":"<!-- This site is optimized with the Yoast SEO plugin v27.4 - https:\/\/yoast.com\/product\/yoast-seo-wordpress\/ -->\n<title>\u0160ENTJUR Kulturno v december - Novice.si<\/title>\n<meta name=\"robots\" content=\"index, follow, max-snippet:-1, max-image-preview:large, max-video-preview:-1\" \/>\n<link rel=\"canonical\" href=\"https:\/\/novice.si\/page\/sentjur-kulturno-v-december\/\" \/>\n<meta property=\"og:locale\" content=\"sl_SI\" \/>\n<meta property=\"og:type\" content=\"article\" \/>\n<meta property=\"og:title\" content=\"\u0160ENTJUR Kulturno v december - Novice.si\" \/>\n<meta property=\"og:description\" content=\"V \u0160entjurju bo za\u010detek decembra povsem v znamenju kulturnih prireditev. Jutri popoldne bo v dvorani Glasbene \u0161ole Skladateljev Ipavcev podelitev leto\u0161njih nagrad Zveze kulturnih dru\u0161tev \u0160entjur, v Ipav\u010devem kulturnem centru pa bo nato sledila slavnostna akademija ob 101. obletnici rojstva Karla Destovnika Kajuha. Nedelja bo v znamenju odprtih vrat muzejskih zbirk in literarnega ve\u010dera z [&hellip;]\" \/>\n<meta property=\"og:url\" content=\"https:\/\/novice.si\/page\/sentjur-kulturno-v-december\/\" \/>\n<meta property=\"og:site_name\" content=\"Novice.si\" \/>\n<meta property=\"article:published_time\" content=\"2023-12-01T12:58:34+00:00\" \/>\n<meta property=\"og:image\" content=\"https:\/\/novice.si\/page\/wp-content\/uploads\/2023\/12\/sentjur-kultura-1.png\" \/>\n\t<meta property=\"og:image:width\" content=\"1178\" \/>\n\t<meta property=\"og:image:height\" content=\"788\" \/>\n\t<meta property=\"og:image:type\" content=\"image\/png\" \/>\n<meta name=\"author\" content=\"Uredni\u0161tvo Celjana\" \/>\n<meta name=\"twitter:card\" content=\"summary_large_image\" \/>\n<meta name=\"twitter:label1\" content=\"Written by\" \/>\n\t<meta name=\"twitter:data1\" content=\"Uredni\u0161tvo Celjana\" \/>\n\t<meta name=\"twitter:label2\" content=\"Est. reading time\" \/>\n\t<meta name=\"twitter:data2\" content=\"1 minuta\" \/>\n<script type=\"application\/ld+json\" class=\"yoast-schema-graph\">{\"@context\":\"https:\\\/\\\/schema.org\",\"@graph\":[{\"@type\":\"Article\",\"@id\":\"https:\\\/\\\/novice.si\\\/page\\\/sentjur-kulturno-v-december\\\/#article\",\"isPartOf\":{\"@id\":\"https:\\\/\\\/novice.si\\\/page\\\/sentjur-kulturno-v-december\\\/\"},\"author\":{\"name\":\"Uredni\u0161tvo Celjana\",\"@id\":\"https:\\\/\\\/novice.si\\\/page\\\/#\\\/schema\\\/person\\\/57f25c9642a9541c7349c65d32032c3e\"},\"headline\":\"\u0160ENTJUR Kulturno v december\",\"datePublished\":\"2023-12-01T12:58:34+00:00\",\"mainEntityOfPage\":{\"@id\":\"https:\\\/\\\/novice.si\\\/page\\\/sentjur-kulturno-v-december\\\/\"},\"wordCount\":74,\"publisher\":{\"@id\":\"https:\\\/\\\/novice.si\\\/page\\\/#organization\"},\"image\":{\"@id\":\"https:\\\/\\\/novice.si\\\/page\\\/sentjur-kulturno-v-december\\\/#primaryimage\"},\"thumbnailUrl\":\"https:\\\/\\\/novice.si\\\/page\\\/wp-content\\\/uploads\\\/2023\\\/12\\\/sentjur-kultura-1.png\",\"keywords\":[\"kulturne prireditve\",\"odrti dan muzejskih zbirk\",\"podelitev kulturnih nagrad\",\"\u0160entjur\"],\"articleSection\":[\"\u0160entjursko\"],\"inLanguage\":\"sl-SI\"},{\"@type\":\"WebPage\",\"@id\":\"https:\\\/\\\/novice.si\\\/page\\\/sentjur-kulturno-v-december\\\/\",\"url\":\"https:\\\/\\\/novice.si\\\/page\\\/sentjur-kulturno-v-december\\\/\",\"name\":\"\u0160ENTJUR Kulturno v december - Novice.si\",\"isPartOf\":{\"@id\":\"https:\\\/\\\/novice.si\\\/page\\\/#website\"},\"primaryImageOfPage\":{\"@id\":\"https:\\\/\\\/novice.si\\\/page\\\/sentjur-kulturno-v-december\\\/#primaryimage\"},\"image\":{\"@id\":\"https:\\\/\\\/novice.si\\\/page\\\/sentjur-kulturno-v-december\\\/#primaryimage\"},\"thumbnailUrl\":\"https:\\\/\\\/novice.si\\\/page\\\/wp-content\\\/uploads\\\/2023\\\/12\\\/sentjur-kultura-1.png\",\"datePublished\":\"2023-12-01T12:58:34+00:00\",\"breadcrumb\":{\"@id\":\"https:\\\/\\\/novice.si\\\/page\\\/sentjur-kulturno-v-december\\\/#breadcrumb\"},\"inLanguage\":\"sl-SI\",\"potentialAction\":[{\"@type\":\"ReadAction\",\"target\":[\"https:\\\/\\\/novice.si\\\/page\\\/sentjur-kulturno-v-december\\\/\"]}]},{\"@type\":\"ImageObject\",\"inLanguage\":\"sl-SI\",\"@id\":\"https:\\\/\\\/novice.si\\\/page\\\/sentjur-kulturno-v-december\\\/#primaryimage\",\"url\":\"https:\\\/\\\/novice.si\\\/page\\\/wp-content\\\/uploads\\\/2023\\\/12\\\/sentjur-kultura-1.png\",\"contentUrl\":\"https:\\\/\\\/novice.si\\\/page\\\/wp-content\\\/uploads\\\/2023\\\/12\\\/sentjur-kultura-1.png\",\"width\":1178,\"height\":788},{\"@type\":\"BreadcrumbList\",\"@id\":\"https:\\\/\\\/novice.si\\\/page\\\/sentjur-kulturno-v-december\\\/#breadcrumb\",\"itemListElement\":[{\"@type\":\"ListItem\",\"position\":1,\"name\":\"Home\",\"item\":\"https:\\\/\\\/novice.si\\\/page\\\/\"},{\"@type\":\"ListItem\",\"position\":2,\"name\":\"\u0160ENTJUR Kulturno v december\"}]},{\"@type\":\"WebSite\",\"@id\":\"https:\\\/\\\/novice.si\\\/page\\\/#website\",\"url\":\"https:\\\/\\\/novice.si\\\/page\\\/\",\"name\":\"Novice.si\",\"description\":\"\",\"publisher\":{\"@id\":\"https:\\\/\\\/novice.si\\\/page\\\/#organization\"},\"potentialAction\":[{\"@type\":\"SearchAction\",\"target\":{\"@type\":\"EntryPoint\",\"urlTemplate\":\"https:\\\/\\\/novice.si\\\/page\\\/?s={search_term_string}\"},\"query-input\":{\"@type\":\"PropertyValueSpecification\",\"valueRequired\":true,\"valueName\":\"search_term_string\"}}],\"inLanguage\":\"sl-SI\"},{\"@type\":\"Organization\",\"@id\":\"https:\\\/\\\/novice.si\\\/page\\\/#organization\",\"name\":\"Novice.si\",\"url\":\"https:\\\/\\\/novice.si\\\/page\\\/\",\"logo\":{\"@type\":\"ImageObject\",\"inLanguage\":\"sl-SI\",\"@id\":\"https:\\\/\\\/novice.si\\\/page\\\/#\\\/schema\\\/logo\\\/image\\\/\",\"url\":\"https:\\\/\\\/novice.si\\\/page\\\/wp-content\\\/uploads\\\/2023\\\/03\\\/novice_si.png\",\"contentUrl\":\"https:\\\/\\\/novice.si\\\/page\\\/wp-content\\\/uploads\\\/2023\\\/03\\\/novice_si.png\",\"width\":576,\"height\":200,\"caption\":\"Novice.si\"},\"image\":{\"@id\":\"https:\\\/\\\/novice.si\\\/page\\\/#\\\/schema\\\/logo\\\/image\\\/\"}},{\"@type\":\"Person\",\"@id\":\"https:\\\/\\\/novice.si\\\/page\\\/#\\\/schema\\\/person\\\/57f25c9642a9541c7349c65d32032c3e\",\"name\":\"Uredni\u0161tvo Celjana\",\"image\":{\"@type\":\"ImageObject\",\"inLanguage\":\"sl-SI\",\"@id\":\"https:\\\/\\\/secure.gravatar.com\\\/avatar\\\/78e52bc4279b65f6df6345e0ef0f7b792d361361f230cf4ffecfe0afe6d5629c?s=96&d=mm&r=g\",\"url\":\"https:\\\/\\\/secure.gravatar.com\\\/avatar\\\/78e52bc4279b65f6df6345e0ef0f7b792d361361f230cf4ffecfe0afe6d5629c?s=96&d=mm&r=g\",\"contentUrl\":\"https:\\\/\\\/secure.gravatar.com\\\/avatar\\\/78e52bc4279b65f6df6345e0ef0f7b792d361361f230cf4ffecfe0afe6d5629c?s=96&d=mm&r=g\",\"caption\":\"Uredni\u0161tvo Celjana\"},\"url\":\"https:\\\/\\\/novice.si\\\/page\\\/author\\\/primoz\\\/\"}]}<\/script>\n<!-- \/ Yoast SEO plugin. -->","yoast_head_json":{"title":"\u0160ENTJUR Kulturno v december - Novice.si","robots":{"index":"index","follow":"follow","max-snippet":"max-snippet:-1","max-image-preview":"max-image-preview:large","max-video-preview":"max-video-preview:-1"},"canonical":"https:\/\/novice.si\/page\/sentjur-kulturno-v-december\/","og_locale":"sl_SI","og_type":"article","og_title":"\u0160ENTJUR Kulturno v december - Novice.si","og_description":"V \u0160entjurju bo za\u010detek decembra povsem v znamenju kulturnih prireditev. Jutri popoldne bo v dvorani Glasbene \u0161ole Skladateljev Ipavcev podelitev leto\u0161njih nagrad Zveze kulturnih dru\u0161tev \u0160entjur, v Ipav\u010devem kulturnem centru pa bo nato sledila slavnostna akademija ob 101. obletnici rojstva Karla Destovnika Kajuha. Nedelja bo v znamenju odprtih vrat muzejskih zbirk in literarnega ve\u010dera z [&hellip;]","og_url":"https:\/\/novice.si\/page\/sentjur-kulturno-v-december\/","og_site_name":"Novice.si","article_published_time":"2023-12-01T12:58:34+00:00","og_image":[{"width":1178,"height":788,"url":"https:\/\/novice.si\/page\/wp-content\/uploads\/2023\/12\/sentjur-kultura-1.png","type":"image\/png"}],"author":"Uredni\u0161tvo Celjana","twitter_card":"summary_large_image","twitter_misc":{"Written by":"Uredni\u0161tvo Celjana","Est. reading time":"1 minuta"},"schema":{"@context":"https:\/\/schema.org","@graph":[{"@type":"Article","@id":"https:\/\/novice.si\/page\/sentjur-kulturno-v-december\/#article","isPartOf":{"@id":"https:\/\/novice.si\/page\/sentjur-kulturno-v-december\/"},"author":{"name":"Uredni\u0161tvo Celjana","@id":"https:\/\/novice.si\/page\/#\/schema\/person\/57f25c9642a9541c7349c65d32032c3e"},"headline":"\u0160ENTJUR Kulturno v december","datePublished":"2023-12-01T12:58:34+00:00","mainEntityOfPage":{"@id":"https:\/\/novice.si\/page\/sentjur-kulturno-v-december\/"},"wordCount":74,"publisher":{"@id":"https:\/\/novice.si\/page\/#organization"},"image":{"@id":"https:\/\/novice.si\/page\/sentjur-kulturno-v-december\/#primaryimage"},"thumbnailUrl":"https:\/\/novice.si\/page\/wp-content\/uploads\/2023\/12\/sentjur-kultura-1.png","keywords":["kulturne prireditve","odrti dan muzejskih zbirk","podelitev kulturnih nagrad","\u0160entjur"],"articleSection":["\u0160entjursko"],"inLanguage":"sl-SI"},{"@type":"WebPage","@id":"https:\/\/novice.si\/page\/sentjur-kulturno-v-december\/","url":"https:\/\/novice.si\/page\/sentjur-kulturno-v-december\/","name":"\u0160ENTJUR Kulturno v december - Novice.si","isPartOf":{"@id":"https:\/\/novice.si\/page\/#website"},"primaryImageOfPage":{"@id":"https:\/\/novice.si\/page\/sentjur-kulturno-v-december\/#primaryimage"},"image":{"@id":"https:\/\/novice.si\/page\/sentjur-kulturno-v-december\/#primaryimage"},"thumbnailUrl":"https:\/\/novice.si\/page\/wp-content\/uploads\/2023\/12\/sentjur-kultura-1.png","datePublished":"2023-12-01T12:58:34+00:00","breadcrumb":{"@id":"https:\/\/novice.si\/page\/sentjur-kulturno-v-december\/#breadcrumb"},"inLanguage":"sl-SI","potentialAction":[{"@type":"ReadAction","target":["https:\/\/novice.si\/page\/sentjur-kulturno-v-december\/"]}]},{"@type":"ImageObject","inLanguage":"sl-SI","@id":"https:\/\/novice.si\/page\/sentjur-kulturno-v-december\/#primaryimage","url":"https:\/\/novice.si\/page\/wp-content\/uploads\/2023\/12\/sentjur-kultura-1.png","contentUrl":"https:\/\/novice.si\/page\/wp-content\/uploads\/2023\/12\/sentjur-kultura-1.png","width":1178,"height":788},{"@type":"BreadcrumbList","@id":"https:\/\/novice.si\/page\/sentjur-kulturno-v-december\/#breadcrumb","itemListElement":[{"@type":"ListItem","position":1,"name":"Home","item":"https:\/\/novice.si\/page\/"},{"@type":"ListItem","position":2,"name":"\u0160ENTJUR Kulturno v december"}]},{"@type":"WebSite","@id":"https:\/\/novice.si\/page\/#website","url":"https:\/\/novice.si\/page\/","name":"Novice.si","description":"","publisher":{"@id":"https:\/\/novice.si\/page\/#organization"},"potentialAction":[{"@type":"SearchAction","target":{"@type":"EntryPoint","urlTemplate":"https:\/\/novice.si\/page\/?s={search_term_string}"},"query-input":{"@type":"PropertyValueSpecification","valueRequired":true,"valueName":"search_term_string"}}],"inLanguage":"sl-SI"},{"@type":"Organization","@id":"https:\/\/novice.si\/page\/#organization","name":"Novice.si","url":"https:\/\/novice.si\/page\/","logo":{"@type":"ImageObject","inLanguage":"sl-SI","@id":"https:\/\/novice.si\/page\/#\/schema\/logo\/image\/","url":"https:\/\/novice.si\/page\/wp-content\/uploads\/2023\/03\/novice_si.png","contentUrl":"https:\/\/novice.si\/page\/wp-content\/uploads\/2023\/03\/novice_si.png","width":576,"height":200,"caption":"Novice.si"},"image":{"@id":"https:\/\/novice.si\/page\/#\/schema\/logo\/image\/"}},{"@type":"Person","@id":"https:\/\/novice.si\/page\/#\/schema\/person\/57f25c9642a9541c7349c65d32032c3e","name":"Uredni\u0161tvo Celjana","image":{"@type":"ImageObject","inLanguage":"sl-SI","@id":"https:\/\/secure.gravatar.com\/avatar\/78e52bc4279b65f6df6345e0ef0f7b792d361361f230cf4ffecfe0afe6d5629c?s=96&d=mm&r=g","url":"https:\/\/secure.gravatar.com\/avatar\/78e52bc4279b65f6df6345e0ef0f7b792d361361f230cf4ffecfe0afe6d5629c?s=96&d=mm&r=g","contentUrl":"https:\/\/secure.gravatar.com\/avatar\/78e52bc4279b65f6df6345e0ef0f7b792d361361f230cf4ffecfe0afe6d5629c?s=96&d=mm&r=g","caption":"Uredni\u0161tvo Celjana"},"url":"https:\/\/novice.si\/page\/author\/primoz\/"}]}},"_links":{"self":[{"href":"https:\/\/novice.si\/page\/wp-json\/wp\/v2\/posts\/169786","targetHints":{"allow":["GET"]}}],"collection":[{"href":"https:\/\/novice.si\/page\/wp-json\/wp\/v2\/posts"}],"about":[{"href":"https:\/\/novice.si\/page\/wp-json\/wp\/v2\/types\/post"}],"author":[{"embeddable":true,"href":"https:\/\/novice.si\/page\/wp-json\/wp\/v2\/users\/33"}],"replies":[{"embeddable":true,"href":"https:\/\/novice.si\/page\/wp-json\/wp\/v2\/comments?post=169786"}],"version-history":[{"count":1,"href":"https:\/\/novice.si\/page\/wp-json\/wp\/v2\/posts\/169786\/revisions"}],"predecessor-version":[{"id":169791,"href":"https:\/\/novice.si\/page\/wp-json\/wp\/v2\/posts\/169786\/revisions\/169791"}],"wp:featuredmedia":[{"embeddable":true,"href":"https:\/\/novice.si\/page\/wp-json\/wp\/v2\/media\/169789"}],"wp:attachment":[{"href":"https:\/\/novice.si\/page\/wp-json\/wp\/v2\/media?parent=169786"}],"wp:term":[{"taxonomy":"category","embeddable":true,"href":"https:\/\/novice.si\/page\/wp-json\/wp\/v2\/categories?post=169786"},{"taxonomy":"post_tag","embeddable":true,"href":"https:\/\/novice.si\/page\/wp-json\/wp\/v2\/tags?post=169786"}],"curies":[{"name":"wp","href":"https:\/\/api.w.org\/{rel}","templated":true}]}}