{"id":169703,"date":"2023-12-01T11:39:57","date_gmt":"2023-12-01T10:39:57","guid":{"rendered":"https:\/\/novice.si\/page\/?p=169703"},"modified":"2023-12-01T11:41:34","modified_gmt":"2023-12-01T10:41:34","slug":"celje-vlak-povozil-pesca","status":"publish","type":"post","link":"https:\/\/novice.si\/page\/celje-vlak-povozil-pesca\/","title":{"rendered":"CELJE Vlak povozil pe\u0161ca"},"content":{"rendered":"<p><img loading=\"lazy\" decoding=\"async\" class=\" wp-image-169704 alignleft\" src=\"https:\/\/novice.si\/page\/wp-content\/uploads\/2023\/12\/vlak-povozil-2-600x338.jpg\" alt=\"\" width=\"334\" height=\"188\" srcset=\"https:\/\/novice.si\/page\/wp-content\/uploads\/2023\/12\/vlak-povozil-2-600x338.jpg 600w, https:\/\/novice.si\/page\/wp-content\/uploads\/2023\/12\/vlak-povozil-2-1024x576.jpg 1024w, https:\/\/novice.si\/page\/wp-content\/uploads\/2023\/12\/vlak-povozil-2-768x432.jpg 768w, https:\/\/novice.si\/page\/wp-content\/uploads\/2023\/12\/vlak-povozil-2-1536x864.jpg 1536w, https:\/\/novice.si\/page\/wp-content\/uploads\/2023\/12\/vlak-povozil-2-696x392.jpg 696w, https:\/\/novice.si\/page\/wp-content\/uploads\/2023\/12\/vlak-povozil-2-1068x601.jpg 1068w, https:\/\/novice.si\/page\/wp-content\/uploads\/2023\/12\/vlak-povozil-2-747x420.jpg 747w, https:\/\/novice.si\/page\/wp-content\/uploads\/2023\/12\/vlak-povozil-2-24x14.jpg 24w, https:\/\/novice.si\/page\/wp-content\/uploads\/2023\/12\/vlak-povozil-2-36x20.jpg 36w, https:\/\/novice.si\/page\/wp-content\/uploads\/2023\/12\/vlak-povozil-2-48x27.jpg 48w, https:\/\/novice.si\/page\/wp-content\/uploads\/2023\/12\/vlak-povozil-2.jpg 1600w\" sizes=\"auto, (max-width: 334px) 100vw, 334px\" \/>V\u010deraj popoldne je potni\u0161ki vlak, ki je vozil iz smeri Celja proti \u017dalcu, v bli\u017eini kri\u017ei\u0161\u010da \u017eelezni\u0161ke proge s \u010copovo ulico v smeri ulice Ob \u017deleznici do smrti povozil pe\u0161ca.<\/p>\n<p>Po navedbah o\u010dividcev naj bi \u0161lo za mlaj\u0161ega mo\u0161kega.<\/p>\n<p>Policisti \u0161e preiskujejo primer, najverjetneje pa je \u0161lo za samomor, zato drugih okoli\u0161\u010din ne bodo navajali.<\/p>\n<p>P\u0160, foto: bralec portala<\/p>\n","protected":false},"excerpt":{"rendered":"<p>V\u010deraj popoldne je potni\u0161ki vlak, ki je vozil iz smeri Celja proti \u017dalcu, v bli\u017eini kri\u017ei\u0161\u010da \u017eelezni\u0161ke proge s \u010copovo ulico v smeri ulice Ob \u017deleznici do smrti povozil pe\u0161ca. Po navedbah o\u010dividcev naj bi \u0161lo za mlaj\u0161ega mo\u0161kega. Policisti \u0161e preiskujejo primer, najverjetneje pa je \u0161lo za samomor, zato drugih okoli\u0161\u010din ne bodo navajali. [&hellip;]<\/p>\n","protected":false},"author":33,"featured_media":169707,"comment_status":"closed","ping_status":"closed","sticky":false,"template":"","format":"standard","meta":{"footnotes":""},"categories":[14,17,29],"tags":[19259,634,6978,19258],"class_list":{"0":"post-169703","1":"post","2":"type-post","3":"status-publish","4":"format-standard","5":"has-post-thumbnail","7":"category-aktualno","8":"category-celjsko","9":"category-kronika","10":"tag-krizisce-copova-obvoznica","11":"tag-policija","12":"tag-samomor","13":"tag-vlak-povozil-pesca"},"yoast_head":"<!-- This site is optimized with the Yoast SEO plugin v27.4 - https:\/\/yoast.com\/product\/yoast-seo-wordpress\/ -->\n<title>CELJE Vlak povozil pe\u0161ca - Novice.si<\/title>\n<meta name=\"robots\" content=\"index, follow, max-snippet:-1, max-image-preview:large, max-video-preview:-1\" \/>\n<link rel=\"canonical\" href=\"https:\/\/novice.si\/page\/celje-vlak-povozil-pesca\/\" \/>\n<meta property=\"og:locale\" content=\"sl_SI\" \/>\n<meta property=\"og:type\" content=\"article\" \/>\n<meta property=\"og:title\" content=\"CELJE Vlak povozil pe\u0161ca - Novice.si\" \/>\n<meta property=\"og:description\" content=\"V\u010deraj popoldne je potni\u0161ki vlak, ki je vozil iz smeri Celja proti \u017dalcu, v bli\u017eini kri\u017ei\u0161\u010da \u017eelezni\u0161ke proge s \u010copovo ulico v smeri ulice Ob \u017deleznici do smrti povozil pe\u0161ca. Po navedbah o\u010dividcev naj bi \u0161lo za mlaj\u0161ega mo\u0161kega. Policisti \u0161e preiskujejo primer, najverjetneje pa je \u0161lo za samomor, zato drugih okoli\u0161\u010din ne bodo navajali. [&hellip;]\" \/>\n<meta property=\"og:url\" content=\"https:\/\/novice.si\/page\/celje-vlak-povozil-pesca\/\" \/>\n<meta property=\"og:site_name\" content=\"Novice.si\" \/>\n<meta property=\"article:published_time\" content=\"2023-12-01T10:39:57+00:00\" \/>\n<meta property=\"article:modified_time\" content=\"2023-12-01T10:41:34+00:00\" \/>\n<meta property=\"og:image\" content=\"https:\/\/novice.si\/page\/wp-content\/uploads\/2023\/12\/vlak-povozil-1-1.jpg\" \/>\n\t<meta property=\"og:image:width\" content=\"900\" \/>\n\t<meta property=\"og:image:height\" content=\"676\" \/>\n\t<meta property=\"og:image:type\" content=\"image\/jpeg\" \/>\n<meta name=\"author\" content=\"Uredni\u0161tvo Celjana\" \/>\n<meta name=\"twitter:card\" content=\"summary_large_image\" \/>\n<meta name=\"twitter:label1\" content=\"Written by\" \/>\n\t<meta name=\"twitter:data1\" content=\"Uredni\u0161tvo Celjana\" \/>\n\t<meta name=\"twitter:label2\" content=\"Est. reading time\" \/>\n\t<meta name=\"twitter:data2\" content=\"1 minuta\" \/>\n<script type=\"application\/ld+json\" class=\"yoast-schema-graph\">{\"@context\":\"https:\\\/\\\/schema.org\",\"@graph\":[{\"@type\":\"Article\",\"@id\":\"https:\\\/\\\/novice.si\\\/page\\\/celje-vlak-povozil-pesca\\\/#article\",\"isPartOf\":{\"@id\":\"https:\\\/\\\/novice.si\\\/page\\\/celje-vlak-povozil-pesca\\\/\"},\"author\":{\"name\":\"Uredni\u0161tvo Celjana\",\"@id\":\"https:\\\/\\\/novice.si\\\/page\\\/#\\\/schema\\\/person\\\/57f25c9642a9541c7349c65d32032c3e\"},\"headline\":\"CELJE Vlak povozil pe\u0161ca\",\"datePublished\":\"2023-12-01T10:39:57+00:00\",\"dateModified\":\"2023-12-01T10:41:34+00:00\",\"mainEntityOfPage\":{\"@id\":\"https:\\\/\\\/novice.si\\\/page\\\/celje-vlak-povozil-pesca\\\/\"},\"wordCount\":75,\"publisher\":{\"@id\":\"https:\\\/\\\/novice.si\\\/page\\\/#organization\"},\"image\":{\"@id\":\"https:\\\/\\\/novice.si\\\/page\\\/celje-vlak-povozil-pesca\\\/#primaryimage\"},\"thumbnailUrl\":\"https:\\\/\\\/novice.si\\\/page\\\/wp-content\\\/uploads\\\/2023\\\/12\\\/vlak-povozil-1-1.jpg\",\"keywords\":[\"kri\u017ei\u0161\u010de \u010copova obvoznica\",\"policija\",\"samomor\",\"Vlak povozil pe\u0161ca\"],\"articleSection\":[\"Aktualno\",\"Celjsko\",\"Kronika\"],\"inLanguage\":\"sl-SI\"},{\"@type\":\"WebPage\",\"@id\":\"https:\\\/\\\/novice.si\\\/page\\\/celje-vlak-povozil-pesca\\\/\",\"url\":\"https:\\\/\\\/novice.si\\\/page\\\/celje-vlak-povozil-pesca\\\/\",\"name\":\"CELJE Vlak povozil pe\u0161ca - Novice.si\",\"isPartOf\":{\"@id\":\"https:\\\/\\\/novice.si\\\/page\\\/#website\"},\"primaryImageOfPage\":{\"@id\":\"https:\\\/\\\/novice.si\\\/page\\\/celje-vlak-povozil-pesca\\\/#primaryimage\"},\"image\":{\"@id\":\"https:\\\/\\\/novice.si\\\/page\\\/celje-vlak-povozil-pesca\\\/#primaryimage\"},\"thumbnailUrl\":\"https:\\\/\\\/novice.si\\\/page\\\/wp-content\\\/uploads\\\/2023\\\/12\\\/vlak-povozil-1-1.jpg\",\"datePublished\":\"2023-12-01T10:39:57+00:00\",\"dateModified\":\"2023-12-01T10:41:34+00:00\",\"breadcrumb\":{\"@id\":\"https:\\\/\\\/novice.si\\\/page\\\/celje-vlak-povozil-pesca\\\/#breadcrumb\"},\"inLanguage\":\"sl-SI\",\"potentialAction\":[{\"@type\":\"ReadAction\",\"target\":[\"https:\\\/\\\/novice.si\\\/page\\\/celje-vlak-povozil-pesca\\\/\"]}]},{\"@type\":\"ImageObject\",\"inLanguage\":\"sl-SI\",\"@id\":\"https:\\\/\\\/novice.si\\\/page\\\/celje-vlak-povozil-pesca\\\/#primaryimage\",\"url\":\"https:\\\/\\\/novice.si\\\/page\\\/wp-content\\\/uploads\\\/2023\\\/12\\\/vlak-povozil-1-1.jpg\",\"contentUrl\":\"https:\\\/\\\/novice.si\\\/page\\\/wp-content\\\/uploads\\\/2023\\\/12\\\/vlak-povozil-1-1.jpg\",\"width\":900,\"height\":676},{\"@type\":\"BreadcrumbList\",\"@id\":\"https:\\\/\\\/novice.si\\\/page\\\/celje-vlak-povozil-pesca\\\/#breadcrumb\",\"itemListElement\":[{\"@type\":\"ListItem\",\"position\":1,\"name\":\"Home\",\"item\":\"https:\\\/\\\/novice.si\\\/page\\\/\"},{\"@type\":\"ListItem\",\"position\":2,\"name\":\"CELJE Vlak povozil pe\u0161ca\"}]},{\"@type\":\"WebSite\",\"@id\":\"https:\\\/\\\/novice.si\\\/page\\\/#website\",\"url\":\"https:\\\/\\\/novice.si\\\/page\\\/\",\"name\":\"Novice.si\",\"description\":\"\",\"publisher\":{\"@id\":\"https:\\\/\\\/novice.si\\\/page\\\/#organization\"},\"potentialAction\":[{\"@type\":\"SearchAction\",\"target\":{\"@type\":\"EntryPoint\",\"urlTemplate\":\"https:\\\/\\\/novice.si\\\/page\\\/?s={search_term_string}\"},\"query-input\":{\"@type\":\"PropertyValueSpecification\",\"valueRequired\":true,\"valueName\":\"search_term_string\"}}],\"inLanguage\":\"sl-SI\"},{\"@type\":\"Organization\",\"@id\":\"https:\\\/\\\/novice.si\\\/page\\\/#organization\",\"name\":\"Novice.si\",\"url\":\"https:\\\/\\\/novice.si\\\/page\\\/\",\"logo\":{\"@type\":\"ImageObject\",\"inLanguage\":\"sl-SI\",\"@id\":\"https:\\\/\\\/novice.si\\\/page\\\/#\\\/schema\\\/logo\\\/image\\\/\",\"url\":\"https:\\\/\\\/novice.si\\\/page\\\/wp-content\\\/uploads\\\/2023\\\/03\\\/novice_si.png\",\"contentUrl\":\"https:\\\/\\\/novice.si\\\/page\\\/wp-content\\\/uploads\\\/2023\\\/03\\\/novice_si.png\",\"width\":576,\"height\":200,\"caption\":\"Novice.si\"},\"image\":{\"@id\":\"https:\\\/\\\/novice.si\\\/page\\\/#\\\/schema\\\/logo\\\/image\\\/\"}},{\"@type\":\"Person\",\"@id\":\"https:\\\/\\\/novice.si\\\/page\\\/#\\\/schema\\\/person\\\/57f25c9642a9541c7349c65d32032c3e\",\"name\":\"Uredni\u0161tvo Celjana\",\"image\":{\"@type\":\"ImageObject\",\"inLanguage\":\"sl-SI\",\"@id\":\"https:\\\/\\\/secure.gravatar.com\\\/avatar\\\/78e52bc4279b65f6df6345e0ef0f7b792d361361f230cf4ffecfe0afe6d5629c?s=96&d=mm&r=g\",\"url\":\"https:\\\/\\\/secure.gravatar.com\\\/avatar\\\/78e52bc4279b65f6df6345e0ef0f7b792d361361f230cf4ffecfe0afe6d5629c?s=96&d=mm&r=g\",\"contentUrl\":\"https:\\\/\\\/secure.gravatar.com\\\/avatar\\\/78e52bc4279b65f6df6345e0ef0f7b792d361361f230cf4ffecfe0afe6d5629c?s=96&d=mm&r=g\",\"caption\":\"Uredni\u0161tvo Celjana\"},\"url\":\"https:\\\/\\\/novice.si\\\/page\\\/author\\\/primoz\\\/\"}]}<\/script>\n<!-- \/ Yoast SEO plugin. -->","yoast_head_json":{"title":"CELJE Vlak povozil pe\u0161ca - Novice.si","robots":{"index":"index","follow":"follow","max-snippet":"max-snippet:-1","max-image-preview":"max-image-preview:large","max-video-preview":"max-video-preview:-1"},"canonical":"https:\/\/novice.si\/page\/celje-vlak-povozil-pesca\/","og_locale":"sl_SI","og_type":"article","og_title":"CELJE Vlak povozil pe\u0161ca - Novice.si","og_description":"V\u010deraj popoldne je potni\u0161ki vlak, ki je vozil iz smeri Celja proti \u017dalcu, v bli\u017eini kri\u017ei\u0161\u010da \u017eelezni\u0161ke proge s \u010copovo ulico v smeri ulice Ob \u017deleznici do smrti povozil pe\u0161ca. Po navedbah o\u010dividcev naj bi \u0161lo za mlaj\u0161ega mo\u0161kega. Policisti \u0161e preiskujejo primer, najverjetneje pa je \u0161lo za samomor, zato drugih okoli\u0161\u010din ne bodo navajali. [&hellip;]","og_url":"https:\/\/novice.si\/page\/celje-vlak-povozil-pesca\/","og_site_name":"Novice.si","article_published_time":"2023-12-01T10:39:57+00:00","article_modified_time":"2023-12-01T10:41:34+00:00","og_image":[{"width":900,"height":676,"url":"https:\/\/novice.si\/page\/wp-content\/uploads\/2023\/12\/vlak-povozil-1-1.jpg","type":"image\/jpeg"}],"author":"Uredni\u0161tvo Celjana","twitter_card":"summary_large_image","twitter_misc":{"Written by":"Uredni\u0161tvo Celjana","Est. reading time":"1 minuta"},"schema":{"@context":"https:\/\/schema.org","@graph":[{"@type":"Article","@id":"https:\/\/novice.si\/page\/celje-vlak-povozil-pesca\/#article","isPartOf":{"@id":"https:\/\/novice.si\/page\/celje-vlak-povozil-pesca\/"},"author":{"name":"Uredni\u0161tvo Celjana","@id":"https:\/\/novice.si\/page\/#\/schema\/person\/57f25c9642a9541c7349c65d32032c3e"},"headline":"CELJE Vlak povozil pe\u0161ca","datePublished":"2023-12-01T10:39:57+00:00","dateModified":"2023-12-01T10:41:34+00:00","mainEntityOfPage":{"@id":"https:\/\/novice.si\/page\/celje-vlak-povozil-pesca\/"},"wordCount":75,"publisher":{"@id":"https:\/\/novice.si\/page\/#organization"},"image":{"@id":"https:\/\/novice.si\/page\/celje-vlak-povozil-pesca\/#primaryimage"},"thumbnailUrl":"https:\/\/novice.si\/page\/wp-content\/uploads\/2023\/12\/vlak-povozil-1-1.jpg","keywords":["kri\u017ei\u0161\u010de \u010copova obvoznica","policija","samomor","Vlak povozil pe\u0161ca"],"articleSection":["Aktualno","Celjsko","Kronika"],"inLanguage":"sl-SI"},{"@type":"WebPage","@id":"https:\/\/novice.si\/page\/celje-vlak-povozil-pesca\/","url":"https:\/\/novice.si\/page\/celje-vlak-povozil-pesca\/","name":"CELJE Vlak povozil pe\u0161ca - Novice.si","isPartOf":{"@id":"https:\/\/novice.si\/page\/#website"},"primaryImageOfPage":{"@id":"https:\/\/novice.si\/page\/celje-vlak-povozil-pesca\/#primaryimage"},"image":{"@id":"https:\/\/novice.si\/page\/celje-vlak-povozil-pesca\/#primaryimage"},"thumbnailUrl":"https:\/\/novice.si\/page\/wp-content\/uploads\/2023\/12\/vlak-povozil-1-1.jpg","datePublished":"2023-12-01T10:39:57+00:00","dateModified":"2023-12-01T10:41:34+00:00","breadcrumb":{"@id":"https:\/\/novice.si\/page\/celje-vlak-povozil-pesca\/#breadcrumb"},"inLanguage":"sl-SI","potentialAction":[{"@type":"ReadAction","target":["https:\/\/novice.si\/page\/celje-vlak-povozil-pesca\/"]}]},{"@type":"ImageObject","inLanguage":"sl-SI","@id":"https:\/\/novice.si\/page\/celje-vlak-povozil-pesca\/#primaryimage","url":"https:\/\/novice.si\/page\/wp-content\/uploads\/2023\/12\/vlak-povozil-1-1.jpg","contentUrl":"https:\/\/novice.si\/page\/wp-content\/uploads\/2023\/12\/vlak-povozil-1-1.jpg","width":900,"height":676},{"@type":"BreadcrumbList","@id":"https:\/\/novice.si\/page\/celje-vlak-povozil-pesca\/#breadcrumb","itemListElement":[{"@type":"ListItem","position":1,"name":"Home","item":"https:\/\/novice.si\/page\/"},{"@type":"ListItem","position":2,"name":"CELJE Vlak povozil pe\u0161ca"}]},{"@type":"WebSite","@id":"https:\/\/novice.si\/page\/#website","url":"https:\/\/novice.si\/page\/","name":"Novice.si","description":"","publisher":{"@id":"https:\/\/novice.si\/page\/#organization"},"potentialAction":[{"@type":"SearchAction","target":{"@type":"EntryPoint","urlTemplate":"https:\/\/novice.si\/page\/?s={search_term_string}"},"query-input":{"@type":"PropertyValueSpecification","valueRequired":true,"valueName":"search_term_string"}}],"inLanguage":"sl-SI"},{"@type":"Organization","@id":"https:\/\/novice.si\/page\/#organization","name":"Novice.si","url":"https:\/\/novice.si\/page\/","logo":{"@type":"ImageObject","inLanguage":"sl-SI","@id":"https:\/\/novice.si\/page\/#\/schema\/logo\/image\/","url":"https:\/\/novice.si\/page\/wp-content\/uploads\/2023\/03\/novice_si.png","contentUrl":"https:\/\/novice.si\/page\/wp-content\/uploads\/2023\/03\/novice_si.png","width":576,"height":200,"caption":"Novice.si"},"image":{"@id":"https:\/\/novice.si\/page\/#\/schema\/logo\/image\/"}},{"@type":"Person","@id":"https:\/\/novice.si\/page\/#\/schema\/person\/57f25c9642a9541c7349c65d32032c3e","name":"Uredni\u0161tvo Celjana","image":{"@type":"ImageObject","inLanguage":"sl-SI","@id":"https:\/\/secure.gravatar.com\/avatar\/78e52bc4279b65f6df6345e0ef0f7b792d361361f230cf4ffecfe0afe6d5629c?s=96&d=mm&r=g","url":"https:\/\/secure.gravatar.com\/avatar\/78e52bc4279b65f6df6345e0ef0f7b792d361361f230cf4ffecfe0afe6d5629c?s=96&d=mm&r=g","contentUrl":"https:\/\/secure.gravatar.com\/avatar\/78e52bc4279b65f6df6345e0ef0f7b792d361361f230cf4ffecfe0afe6d5629c?s=96&d=mm&r=g","caption":"Uredni\u0161tvo Celjana"},"url":"https:\/\/novice.si\/page\/author\/primoz\/"}]}},"_links":{"self":[{"href":"https:\/\/novice.si\/page\/wp-json\/wp\/v2\/posts\/169703","targetHints":{"allow":["GET"]}}],"collection":[{"href":"https:\/\/novice.si\/page\/wp-json\/wp\/v2\/posts"}],"about":[{"href":"https:\/\/novice.si\/page\/wp-json\/wp\/v2\/types\/post"}],"author":[{"embeddable":true,"href":"https:\/\/novice.si\/page\/wp-json\/wp\/v2\/users\/33"}],"replies":[{"embeddable":true,"href":"https:\/\/novice.si\/page\/wp-json\/wp\/v2\/comments?post=169703"}],"version-history":[{"count":1,"href":"https:\/\/novice.si\/page\/wp-json\/wp\/v2\/posts\/169703\/revisions"}],"predecessor-version":[{"id":169706,"href":"https:\/\/novice.si\/page\/wp-json\/wp\/v2\/posts\/169703\/revisions\/169706"}],"wp:featuredmedia":[{"embeddable":true,"href":"https:\/\/novice.si\/page\/wp-json\/wp\/v2\/media\/169707"}],"wp:attachment":[{"href":"https:\/\/novice.si\/page\/wp-json\/wp\/v2\/media?parent=169703"}],"wp:term":[{"taxonomy":"category","embeddable":true,"href":"https:\/\/novice.si\/page\/wp-json\/wp\/v2\/categories?post=169703"},{"taxonomy":"post_tag","embeddable":true,"href":"https:\/\/novice.si\/page\/wp-json\/wp\/v2\/tags?post=169703"}],"curies":[{"name":"wp","href":"https:\/\/api.w.org\/{rel}","templated":true}]}}