{"id":169667,"date":"2023-11-30T12:56:41","date_gmt":"2023-11-30T11:56:41","guid":{"rendered":"https:\/\/novice.si\/page\/?p=169667"},"modified":"2023-11-30T12:56:41","modified_gmt":"2023-11-30T11:56:41","slug":"darko-hrastnik-se-poslavlja-od-vodenja-zreskega-uniorja","status":"publish","type":"post","link":"https:\/\/novice.si\/page\/darko-hrastnik-se-poslavlja-od-vodenja-zreskega-uniorja\/","title":{"rendered":"Darko Hrastnik se poslavlja od vodenja zre\u0161kega Uniorja"},"content":{"rendered":"<p><strong>Predsednik uprave zre\u0161kega Uniorja Darko Hrastnik je pred dnevi sporo\u010dil, da se ne bo potegoval za novi mandat na \u010delu zre\u0161ke dru\u017ebe.\u00a0<\/strong><\/p>\n<p><img loading=\"lazy\" decoding=\"async\" class=\"wp-image-169668 alignleft\" src=\"https:\/\/novice.si\/page\/wp-content\/uploads\/2023\/11\/hrastnik-darko-2020-600x401.jpg\" alt=\"\" width=\"298\" height=\"199\" srcset=\"https:\/\/novice.si\/page\/wp-content\/uploads\/2023\/11\/hrastnik-darko-2020-600x401.jpg 600w, https:\/\/novice.si\/page\/wp-content\/uploads\/2023\/11\/hrastnik-darko-2020-1024x684.jpg 1024w, https:\/\/novice.si\/page\/wp-content\/uploads\/2023\/11\/hrastnik-darko-2020-768x513.jpg 768w, https:\/\/novice.si\/page\/wp-content\/uploads\/2023\/11\/hrastnik-darko-2020-1536x1025.jpg 1536w, https:\/\/novice.si\/page\/wp-content\/uploads\/2023\/11\/hrastnik-darko-2020-2048x1367.jpg 2048w, https:\/\/novice.si\/page\/wp-content\/uploads\/2023\/11\/hrastnik-darko-2020-696x465.jpg 696w, https:\/\/novice.si\/page\/wp-content\/uploads\/2023\/11\/hrastnik-darko-2020-1068x713.jpg 1068w, https:\/\/novice.si\/page\/wp-content\/uploads\/2023\/11\/hrastnik-darko-2020-629x420.jpg 629w, https:\/\/novice.si\/page\/wp-content\/uploads\/2023\/11\/hrastnik-darko-2020-1920x1282.jpg 1920w, https:\/\/novice.si\/page\/wp-content\/uploads\/2023\/11\/hrastnik-darko-2020-24x16.jpg 24w, https:\/\/novice.si\/page\/wp-content\/uploads\/2023\/11\/hrastnik-darko-2020-36x24.jpg 36w, https:\/\/novice.si\/page\/wp-content\/uploads\/2023\/11\/hrastnik-darko-2020-48x32.jpg 48w\" sizes=\"auto, (max-width: 298px) 100vw, 298px\" \/>Predsedniku uprave zre\u0161kega Uniorja <strong>Darku Hrastniku<\/strong> se mandat izte\u010de spomladi prihodnje leto, za novega pa se ne bo ve\u010d potegoval, je sporo\u010dil pred dnevi na seji nadzornega sveta zre\u0161ke dru\u017ebe.<br \/>\nKot so za Radio Rogla in NOVICE sporo\u010dili iz Uniorja, gre pri tem izklju\u010dno za njegovo osebno odlo\u010ditev.<br \/>\nMandat se mu sicer izte\u010de \u0161ele konec maja prihodnje leto, vendar bodo pristojne slu\u017ebe \u017ee za\u010dele postopke za izbiro novega predsednika uprave.<br \/>\nPodrobneje o tem pa v tiskani \u0161tevilki \u010dasopisa NOVICE, ki je iz\u0161el danes. (NK)<\/p>\n","protected":false},"excerpt":{"rendered":"<p>Predsednik uprave zre\u0161kega Uniorja Darko Hrastnik je pred dnevi sporo\u010dil, da se ne bo potegoval za novi mandat na \u010delu zre\u0161ke dru\u017ebe.\u00a0 Predsedniku uprave zre\u0161kega Uniorja Darku Hrastniku se mandat izte\u010de spomladi prihodnje leto, za novega pa se ne bo ve\u010d potegoval, je sporo\u010dil pred dnevi na seji nadzornega sveta zre\u0161ke dru\u017ebe. Kot so za [&hellip;]<\/p>\n","protected":false},"author":12,"featured_media":169668,"comment_status":"closed","ping_status":"closed","sticky":false,"template":"","format":"standard","meta":{"footnotes":""},"categories":[14,868,17,16,141,3108],"tags":[46,48],"class_list":{"0":"post-169667","1":"post","2":"type-post","3":"status-publish","4":"format-standard","5":"has-post-thumbnail","7":"category-aktualno","8":"category-casopisi","9":"category-celjsko","10":"category-konjisko","11":"category-novice","12":"category-radio-rogla","13":"tag-darko-hrastnik","14":"tag-unior"},"yoast_head":"<!-- This site is optimized with the Yoast SEO plugin v27.4 - https:\/\/yoast.com\/product\/yoast-seo-wordpress\/ -->\n<title>Darko Hrastnik se poslavlja od vodenja zre\u0161kega Uniorja - Novice.si<\/title>\n<meta name=\"robots\" content=\"index, follow, max-snippet:-1, max-image-preview:large, max-video-preview:-1\" \/>\n<link rel=\"canonical\" href=\"https:\/\/novice.si\/page\/darko-hrastnik-se-poslavlja-od-vodenja-zreskega-uniorja\/\" \/>\n<meta property=\"og:locale\" content=\"sl_SI\" \/>\n<meta property=\"og:type\" content=\"article\" \/>\n<meta property=\"og:title\" content=\"Darko Hrastnik se poslavlja od vodenja zre\u0161kega Uniorja - Novice.si\" \/>\n<meta property=\"og:description\" content=\"Predsednik uprave zre\u0161kega Uniorja Darko Hrastnik je pred dnevi sporo\u010dil, da se ne bo potegoval za novi mandat na \u010delu zre\u0161ke dru\u017ebe.\u00a0 Predsedniku uprave zre\u0161kega Uniorja Darku Hrastniku se mandat izte\u010de spomladi prihodnje leto, za novega pa se ne bo ve\u010d potegoval, je sporo\u010dil pred dnevi na seji nadzornega sveta zre\u0161ke dru\u017ebe. Kot so za [&hellip;]\" \/>\n<meta property=\"og:url\" content=\"https:\/\/novice.si\/page\/darko-hrastnik-se-poslavlja-od-vodenja-zreskega-uniorja\/\" \/>\n<meta property=\"og:site_name\" content=\"Novice.si\" \/>\n<meta property=\"article:published_time\" content=\"2023-11-30T11:56:41+00:00\" \/>\n<meta property=\"og:image\" content=\"https:\/\/novice.si\/page\/wp-content\/uploads\/2023\/11\/hrastnik-darko-2020-scaled.jpg\" \/>\n\t<meta property=\"og:image:width\" content=\"2560\" \/>\n\t<meta property=\"og:image:height\" content=\"1709\" \/>\n\t<meta property=\"og:image:type\" content=\"image\/jpeg\" \/>\n<meta name=\"author\" content=\"Uredni\u0161tvo Celjana\" \/>\n<meta name=\"twitter:card\" content=\"summary_large_image\" \/>\n<meta name=\"twitter:label1\" content=\"Written by\" \/>\n\t<meta name=\"twitter:data1\" content=\"Uredni\u0161tvo Celjana\" \/>\n\t<meta name=\"twitter:label2\" content=\"Est. reading time\" \/>\n\t<meta name=\"twitter:data2\" content=\"1 minuta\" \/>\n<script type=\"application\/ld+json\" class=\"yoast-schema-graph\">{\"@context\":\"https:\\\/\\\/schema.org\",\"@graph\":[{\"@type\":\"Article\",\"@id\":\"https:\\\/\\\/novice.si\\\/page\\\/darko-hrastnik-se-poslavlja-od-vodenja-zreskega-uniorja\\\/#article\",\"isPartOf\":{\"@id\":\"https:\\\/\\\/novice.si\\\/page\\\/darko-hrastnik-se-poslavlja-od-vodenja-zreskega-uniorja\\\/\"},\"author\":{\"name\":\"Uredni\u0161tvo Celjana\",\"@id\":\"https:\\\/\\\/novice.si\\\/page\\\/#\\\/schema\\\/person\\\/51903923b50fefb075bc1cd24fe4d065\"},\"headline\":\"Darko Hrastnik se poslavlja od vodenja zre\u0161kega Uniorja\",\"datePublished\":\"2023-11-30T11:56:41+00:00\",\"mainEntityOfPage\":{\"@id\":\"https:\\\/\\\/novice.si\\\/page\\\/darko-hrastnik-se-poslavlja-od-vodenja-zreskega-uniorja\\\/\"},\"wordCount\":131,\"publisher\":{\"@id\":\"https:\\\/\\\/novice.si\\\/page\\\/#organization\"},\"image\":{\"@id\":\"https:\\\/\\\/novice.si\\\/page\\\/darko-hrastnik-se-poslavlja-od-vodenja-zreskega-uniorja\\\/#primaryimage\"},\"thumbnailUrl\":\"https:\\\/\\\/novice.si\\\/page\\\/wp-content\\\/uploads\\\/2023\\\/11\\\/hrastnik-darko-2020-scaled.jpg\",\"keywords\":[\"Darko Hrastnik\",\"Unior\"],\"articleSection\":[\"Aktualno\",\"\u010casopisi\",\"Celjsko\",\"Konji\u0161ko\",\"Novice\",\"Radio Rogla\"],\"inLanguage\":\"sl-SI\"},{\"@type\":\"WebPage\",\"@id\":\"https:\\\/\\\/novice.si\\\/page\\\/darko-hrastnik-se-poslavlja-od-vodenja-zreskega-uniorja\\\/\",\"url\":\"https:\\\/\\\/novice.si\\\/page\\\/darko-hrastnik-se-poslavlja-od-vodenja-zreskega-uniorja\\\/\",\"name\":\"Darko Hrastnik se poslavlja od vodenja zre\u0161kega Uniorja - Novice.si\",\"isPartOf\":{\"@id\":\"https:\\\/\\\/novice.si\\\/page\\\/#website\"},\"primaryImageOfPage\":{\"@id\":\"https:\\\/\\\/novice.si\\\/page\\\/darko-hrastnik-se-poslavlja-od-vodenja-zreskega-uniorja\\\/#primaryimage\"},\"image\":{\"@id\":\"https:\\\/\\\/novice.si\\\/page\\\/darko-hrastnik-se-poslavlja-od-vodenja-zreskega-uniorja\\\/#primaryimage\"},\"thumbnailUrl\":\"https:\\\/\\\/novice.si\\\/page\\\/wp-content\\\/uploads\\\/2023\\\/11\\\/hrastnik-darko-2020-scaled.jpg\",\"datePublished\":\"2023-11-30T11:56:41+00:00\",\"breadcrumb\":{\"@id\":\"https:\\\/\\\/novice.si\\\/page\\\/darko-hrastnik-se-poslavlja-od-vodenja-zreskega-uniorja\\\/#breadcrumb\"},\"inLanguage\":\"sl-SI\",\"potentialAction\":[{\"@type\":\"ReadAction\",\"target\":[\"https:\\\/\\\/novice.si\\\/page\\\/darko-hrastnik-se-poslavlja-od-vodenja-zreskega-uniorja\\\/\"]}]},{\"@type\":\"ImageObject\",\"inLanguage\":\"sl-SI\",\"@id\":\"https:\\\/\\\/novice.si\\\/page\\\/darko-hrastnik-se-poslavlja-od-vodenja-zreskega-uniorja\\\/#primaryimage\",\"url\":\"https:\\\/\\\/novice.si\\\/page\\\/wp-content\\\/uploads\\\/2023\\\/11\\\/hrastnik-darko-2020-scaled.jpg\",\"contentUrl\":\"https:\\\/\\\/novice.si\\\/page\\\/wp-content\\\/uploads\\\/2023\\\/11\\\/hrastnik-darko-2020-scaled.jpg\",\"width\":2560,\"height\":1709},{\"@type\":\"BreadcrumbList\",\"@id\":\"https:\\\/\\\/novice.si\\\/page\\\/darko-hrastnik-se-poslavlja-od-vodenja-zreskega-uniorja\\\/#breadcrumb\",\"itemListElement\":[{\"@type\":\"ListItem\",\"position\":1,\"name\":\"Home\",\"item\":\"https:\\\/\\\/novice.si\\\/page\\\/\"},{\"@type\":\"ListItem\",\"position\":2,\"name\":\"Darko Hrastnik se poslavlja od vodenja zre\u0161kega Uniorja\"}]},{\"@type\":\"WebSite\",\"@id\":\"https:\\\/\\\/novice.si\\\/page\\\/#website\",\"url\":\"https:\\\/\\\/novice.si\\\/page\\\/\",\"name\":\"Novice.si\",\"description\":\"\",\"publisher\":{\"@id\":\"https:\\\/\\\/novice.si\\\/page\\\/#organization\"},\"potentialAction\":[{\"@type\":\"SearchAction\",\"target\":{\"@type\":\"EntryPoint\",\"urlTemplate\":\"https:\\\/\\\/novice.si\\\/page\\\/?s={search_term_string}\"},\"query-input\":{\"@type\":\"PropertyValueSpecification\",\"valueRequired\":true,\"valueName\":\"search_term_string\"}}],\"inLanguage\":\"sl-SI\"},{\"@type\":\"Organization\",\"@id\":\"https:\\\/\\\/novice.si\\\/page\\\/#organization\",\"name\":\"Novice.si\",\"url\":\"https:\\\/\\\/novice.si\\\/page\\\/\",\"logo\":{\"@type\":\"ImageObject\",\"inLanguage\":\"sl-SI\",\"@id\":\"https:\\\/\\\/novice.si\\\/page\\\/#\\\/schema\\\/logo\\\/image\\\/\",\"url\":\"https:\\\/\\\/novice.si\\\/page\\\/wp-content\\\/uploads\\\/2023\\\/03\\\/novice_si.png\",\"contentUrl\":\"https:\\\/\\\/novice.si\\\/page\\\/wp-content\\\/uploads\\\/2023\\\/03\\\/novice_si.png\",\"width\":576,\"height\":200,\"caption\":\"Novice.si\"},\"image\":{\"@id\":\"https:\\\/\\\/novice.si\\\/page\\\/#\\\/schema\\\/logo\\\/image\\\/\"}},{\"@type\":\"Person\",\"@id\":\"https:\\\/\\\/novice.si\\\/page\\\/#\\\/schema\\\/person\\\/51903923b50fefb075bc1cd24fe4d065\",\"name\":\"Uredni\u0161tvo Celjana\",\"image\":{\"@type\":\"ImageObject\",\"inLanguage\":\"sl-SI\",\"@id\":\"https:\\\/\\\/secure.gravatar.com\\\/avatar\\\/b516f102aa90b53619e09722b8ea56721c99bfcb4f1035f9b333d99f52330226?s=96&d=mm&r=g\",\"url\":\"https:\\\/\\\/secure.gravatar.com\\\/avatar\\\/b516f102aa90b53619e09722b8ea56721c99bfcb4f1035f9b333d99f52330226?s=96&d=mm&r=g\",\"contentUrl\":\"https:\\\/\\\/secure.gravatar.com\\\/avatar\\\/b516f102aa90b53619e09722b8ea56721c99bfcb4f1035f9b333d99f52330226?s=96&d=mm&r=g\",\"caption\":\"Uredni\u0161tvo Celjana\"},\"url\":\"https:\\\/\\\/novice.si\\\/page\\\/author\\\/nejc\\\/\"}]}<\/script>\n<!-- \/ Yoast SEO plugin. -->","yoast_head_json":{"title":"Darko Hrastnik se poslavlja od vodenja zre\u0161kega Uniorja - Novice.si","robots":{"index":"index","follow":"follow","max-snippet":"max-snippet:-1","max-image-preview":"max-image-preview:large","max-video-preview":"max-video-preview:-1"},"canonical":"https:\/\/novice.si\/page\/darko-hrastnik-se-poslavlja-od-vodenja-zreskega-uniorja\/","og_locale":"sl_SI","og_type":"article","og_title":"Darko Hrastnik se poslavlja od vodenja zre\u0161kega Uniorja - Novice.si","og_description":"Predsednik uprave zre\u0161kega Uniorja Darko Hrastnik je pred dnevi sporo\u010dil, da se ne bo potegoval za novi mandat na \u010delu zre\u0161ke dru\u017ebe.\u00a0 Predsedniku uprave zre\u0161kega Uniorja Darku Hrastniku se mandat izte\u010de spomladi prihodnje leto, za novega pa se ne bo ve\u010d potegoval, je sporo\u010dil pred dnevi na seji nadzornega sveta zre\u0161ke dru\u017ebe. Kot so za [&hellip;]","og_url":"https:\/\/novice.si\/page\/darko-hrastnik-se-poslavlja-od-vodenja-zreskega-uniorja\/","og_site_name":"Novice.si","article_published_time":"2023-11-30T11:56:41+00:00","og_image":[{"width":2560,"height":1709,"url":"https:\/\/novice.si\/page\/wp-content\/uploads\/2023\/11\/hrastnik-darko-2020-scaled.jpg","type":"image\/jpeg"}],"author":"Uredni\u0161tvo Celjana","twitter_card":"summary_large_image","twitter_misc":{"Written by":"Uredni\u0161tvo Celjana","Est. reading time":"1 minuta"},"schema":{"@context":"https:\/\/schema.org","@graph":[{"@type":"Article","@id":"https:\/\/novice.si\/page\/darko-hrastnik-se-poslavlja-od-vodenja-zreskega-uniorja\/#article","isPartOf":{"@id":"https:\/\/novice.si\/page\/darko-hrastnik-se-poslavlja-od-vodenja-zreskega-uniorja\/"},"author":{"name":"Uredni\u0161tvo Celjana","@id":"https:\/\/novice.si\/page\/#\/schema\/person\/51903923b50fefb075bc1cd24fe4d065"},"headline":"Darko Hrastnik se poslavlja od vodenja zre\u0161kega Uniorja","datePublished":"2023-11-30T11:56:41+00:00","mainEntityOfPage":{"@id":"https:\/\/novice.si\/page\/darko-hrastnik-se-poslavlja-od-vodenja-zreskega-uniorja\/"},"wordCount":131,"publisher":{"@id":"https:\/\/novice.si\/page\/#organization"},"image":{"@id":"https:\/\/novice.si\/page\/darko-hrastnik-se-poslavlja-od-vodenja-zreskega-uniorja\/#primaryimage"},"thumbnailUrl":"https:\/\/novice.si\/page\/wp-content\/uploads\/2023\/11\/hrastnik-darko-2020-scaled.jpg","keywords":["Darko Hrastnik","Unior"],"articleSection":["Aktualno","\u010casopisi","Celjsko","Konji\u0161ko","Novice","Radio Rogla"],"inLanguage":"sl-SI"},{"@type":"WebPage","@id":"https:\/\/novice.si\/page\/darko-hrastnik-se-poslavlja-od-vodenja-zreskega-uniorja\/","url":"https:\/\/novice.si\/page\/darko-hrastnik-se-poslavlja-od-vodenja-zreskega-uniorja\/","name":"Darko Hrastnik se poslavlja od vodenja zre\u0161kega Uniorja - Novice.si","isPartOf":{"@id":"https:\/\/novice.si\/page\/#website"},"primaryImageOfPage":{"@id":"https:\/\/novice.si\/page\/darko-hrastnik-se-poslavlja-od-vodenja-zreskega-uniorja\/#primaryimage"},"image":{"@id":"https:\/\/novice.si\/page\/darko-hrastnik-se-poslavlja-od-vodenja-zreskega-uniorja\/#primaryimage"},"thumbnailUrl":"https:\/\/novice.si\/page\/wp-content\/uploads\/2023\/11\/hrastnik-darko-2020-scaled.jpg","datePublished":"2023-11-30T11:56:41+00:00","breadcrumb":{"@id":"https:\/\/novice.si\/page\/darko-hrastnik-se-poslavlja-od-vodenja-zreskega-uniorja\/#breadcrumb"},"inLanguage":"sl-SI","potentialAction":[{"@type":"ReadAction","target":["https:\/\/novice.si\/page\/darko-hrastnik-se-poslavlja-od-vodenja-zreskega-uniorja\/"]}]},{"@type":"ImageObject","inLanguage":"sl-SI","@id":"https:\/\/novice.si\/page\/darko-hrastnik-se-poslavlja-od-vodenja-zreskega-uniorja\/#primaryimage","url":"https:\/\/novice.si\/page\/wp-content\/uploads\/2023\/11\/hrastnik-darko-2020-scaled.jpg","contentUrl":"https:\/\/novice.si\/page\/wp-content\/uploads\/2023\/11\/hrastnik-darko-2020-scaled.jpg","width":2560,"height":1709},{"@type":"BreadcrumbList","@id":"https:\/\/novice.si\/page\/darko-hrastnik-se-poslavlja-od-vodenja-zreskega-uniorja\/#breadcrumb","itemListElement":[{"@type":"ListItem","position":1,"name":"Home","item":"https:\/\/novice.si\/page\/"},{"@type":"ListItem","position":2,"name":"Darko Hrastnik se poslavlja od vodenja zre\u0161kega Uniorja"}]},{"@type":"WebSite","@id":"https:\/\/novice.si\/page\/#website","url":"https:\/\/novice.si\/page\/","name":"Novice.si","description":"","publisher":{"@id":"https:\/\/novice.si\/page\/#organization"},"potentialAction":[{"@type":"SearchAction","target":{"@type":"EntryPoint","urlTemplate":"https:\/\/novice.si\/page\/?s={search_term_string}"},"query-input":{"@type":"PropertyValueSpecification","valueRequired":true,"valueName":"search_term_string"}}],"inLanguage":"sl-SI"},{"@type":"Organization","@id":"https:\/\/novice.si\/page\/#organization","name":"Novice.si","url":"https:\/\/novice.si\/page\/","logo":{"@type":"ImageObject","inLanguage":"sl-SI","@id":"https:\/\/novice.si\/page\/#\/schema\/logo\/image\/","url":"https:\/\/novice.si\/page\/wp-content\/uploads\/2023\/03\/novice_si.png","contentUrl":"https:\/\/novice.si\/page\/wp-content\/uploads\/2023\/03\/novice_si.png","width":576,"height":200,"caption":"Novice.si"},"image":{"@id":"https:\/\/novice.si\/page\/#\/schema\/logo\/image\/"}},{"@type":"Person","@id":"https:\/\/novice.si\/page\/#\/schema\/person\/51903923b50fefb075bc1cd24fe4d065","name":"Uredni\u0161tvo Celjana","image":{"@type":"ImageObject","inLanguage":"sl-SI","@id":"https:\/\/secure.gravatar.com\/avatar\/b516f102aa90b53619e09722b8ea56721c99bfcb4f1035f9b333d99f52330226?s=96&d=mm&r=g","url":"https:\/\/secure.gravatar.com\/avatar\/b516f102aa90b53619e09722b8ea56721c99bfcb4f1035f9b333d99f52330226?s=96&d=mm&r=g","contentUrl":"https:\/\/secure.gravatar.com\/avatar\/b516f102aa90b53619e09722b8ea56721c99bfcb4f1035f9b333d99f52330226?s=96&d=mm&r=g","caption":"Uredni\u0161tvo Celjana"},"url":"https:\/\/novice.si\/page\/author\/nejc\/"}]}},"_links":{"self":[{"href":"https:\/\/novice.si\/page\/wp-json\/wp\/v2\/posts\/169667","targetHints":{"allow":["GET"]}}],"collection":[{"href":"https:\/\/novice.si\/page\/wp-json\/wp\/v2\/posts"}],"about":[{"href":"https:\/\/novice.si\/page\/wp-json\/wp\/v2\/types\/post"}],"author":[{"embeddable":true,"href":"https:\/\/novice.si\/page\/wp-json\/wp\/v2\/users\/12"}],"replies":[{"embeddable":true,"href":"https:\/\/novice.si\/page\/wp-json\/wp\/v2\/comments?post=169667"}],"version-history":[{"count":1,"href":"https:\/\/novice.si\/page\/wp-json\/wp\/v2\/posts\/169667\/revisions"}],"predecessor-version":[{"id":169669,"href":"https:\/\/novice.si\/page\/wp-json\/wp\/v2\/posts\/169667\/revisions\/169669"}],"wp:featuredmedia":[{"embeddable":true,"href":"https:\/\/novice.si\/page\/wp-json\/wp\/v2\/media\/169668"}],"wp:attachment":[{"href":"https:\/\/novice.si\/page\/wp-json\/wp\/v2\/media?parent=169667"}],"wp:term":[{"taxonomy":"category","embeddable":true,"href":"https:\/\/novice.si\/page\/wp-json\/wp\/v2\/categories?post=169667"},{"taxonomy":"post_tag","embeddable":true,"href":"https:\/\/novice.si\/page\/wp-json\/wp\/v2\/tags?post=169667"}],"curies":[{"name":"wp","href":"https:\/\/api.w.org\/{rel}","templated":true}]}}