{"id":169662,"date":"2023-11-29T17:07:54","date_gmt":"2023-11-29T16:07:54","guid":{"rendered":"https:\/\/novice.si\/page\/?p=169662"},"modified":"2023-11-29T17:07:54","modified_gmt":"2023-11-29T16:07:54","slug":"celje-za-zimsko-sluzbo-poleg-voc-tudi-jp-zelenice","status":"publish","type":"post","link":"https:\/\/novice.si\/page\/celje-za-zimsko-sluzbo-poleg-voc-tudi-jp-zelenice\/","title":{"rendered":"CELJE Za zimsko slu\u017ebo poleg VOC tudi JP Zelenice"},"content":{"rendered":"<p>Pred napovedanimi prvimi sne\u017enimi padavinami so s celjskem mestne ob\u010dine sporo\u010dili, da se bo podjetju VOC pri plu\u017eenju in posipavanju cest v mestu pridru\u017eilo javno podjetje Zelenice.<\/p>\n<p><img loading=\"lazy\" decoding=\"async\" class=\"size-medium wp-image-144598 alignleft\" src=\"https:\/\/novice.si\/page\/wp-content\/uploads\/2021\/11\/Zimska-sluzba-300x169.jpg\" alt=\"\" width=\"300\" height=\"169\" srcset=\"https:\/\/novice.si\/page\/wp-content\/uploads\/2021\/11\/Zimska-sluzba-300x169.jpg 300w, https:\/\/novice.si\/page\/wp-content\/uploads\/2021\/11\/Zimska-sluzba-1024x576.jpg 1024w, https:\/\/novice.si\/page\/wp-content\/uploads\/2021\/11\/Zimska-sluzba-768x432.jpg 768w, https:\/\/novice.si\/page\/wp-content\/uploads\/2021\/11\/Zimska-sluzba-1536x864.jpg 1536w, https:\/\/novice.si\/page\/wp-content\/uploads\/2021\/11\/Zimska-sluzba-2048x1152.jpg 2048w, https:\/\/novice.si\/page\/wp-content\/uploads\/2021\/11\/Zimska-sluzba-696x392.jpg 696w, https:\/\/novice.si\/page\/wp-content\/uploads\/2021\/11\/Zimska-sluzba-1068x601.jpg 1068w, https:\/\/novice.si\/page\/wp-content\/uploads\/2021\/11\/Zimska-sluzba-747x420.jpg 747w, https:\/\/novice.si\/page\/wp-content\/uploads\/2021\/11\/Zimska-sluzba-24x14.jpg 24w, https:\/\/novice.si\/page\/wp-content\/uploads\/2021\/11\/Zimska-sluzba-36x20.jpg 36w, https:\/\/novice.si\/page\/wp-content\/uploads\/2021\/11\/Zimska-sluzba-48x27.jpg 48w\" sizes=\"auto, (max-width: 300px) 100vw, 300px\" \/>Delo si bosta podjetji na obmo\u010dju Mestne ob\u010dine Celje razdelili.<\/p>\n<p>Slu\u017eba vzdr\u017eevanja javnih ob\u010dinskih cest sicer zajema 213 kilometrov javnih poti, 133 kilometrov lokalnih cest, 105 kilometrov plo\u010dnikov in pe\u0161poti, ve\u010d kot 8000 kvadratnih metrov javnih povr\u0161in v o\u017ejem mestnem jedru, dvajset tiso\u010d kvadratnih metrov interventnih poti in 31.500 kvadratnih metrov parkiri\u0161\u010d.<\/p>\n<p>Zimska slu\u017eba se vedno najprej izvaja v okolici zdravstvenega doma, gasilskih domov, \u0161ol, vrtcev in ostalih javnih objektov, na drugih ob\u010dinskih cestah pa po vnaprej dolo\u010denem prednostnem seznamu.<\/p>\n<p>Z uporabo zimske opreme vozil je prevoznost cest zagotovljena, \u010de vi\u0161ina snega na cestah vi\u0161jega prednostnega razreda (glavne mestne vpadnice, lokalne mestne in zbirne ceste, kjer poteka avtobusni promet ter o\u017eje mestno jedro) ne presega deset centimetrov, na vseh ostalih cestah (javne poti in ulice, interventne poti, javne pe\u0161poti, plo\u010dniki in parkiri\u0161\u010da) pa 15 centimetrov.<\/p>\n<p>P\u0160<\/p>\n","protected":false},"excerpt":{"rendered":"<p>Pred napovedanimi prvimi sne\u017enimi padavinami so s celjskem mestne ob\u010dine sporo\u010dili, da se bo podjetju VOC pri plu\u017eenju in posipavanju cest v mestu pridru\u017eilo javno podjetje Zelenice. Delo si bosta podjetji na obmo\u010dju Mestne ob\u010dine Celje razdelili. Slu\u017eba vzdr\u017eevanja javnih ob\u010dinskih cest sicer zajema 213 kilometrov javnih poti, 133 kilometrov lokalnih cest, 105 kilometrov plo\u010dnikov [&hellip;]<\/p>\n","protected":false},"author":33,"featured_media":145325,"comment_status":"closed","ping_status":"closed","sticky":false,"template":"","format":"standard","meta":{"footnotes":""},"categories":[17],"tags":[4477,3995,12628,6092],"class_list":{"0":"post-169662","1":"post","2":"type-post","3":"status-publish","4":"format-standard","5":"has-post-thumbnail","7":"category-celjsko","8":"tag-moc","9":"tag-voc","10":"tag-zelenice","11":"tag-zimska-sluzba"},"yoast_head":"<!-- This site is optimized with the Yoast SEO plugin v27.4 - https:\/\/yoast.com\/product\/yoast-seo-wordpress\/ -->\n<title>CELJE Za zimsko slu\u017ebo poleg VOC tudi JP Zelenice - Novice.si<\/title>\n<meta name=\"robots\" content=\"index, follow, max-snippet:-1, max-image-preview:large, max-video-preview:-1\" \/>\n<link rel=\"canonical\" href=\"https:\/\/novice.si\/page\/celje-za-zimsko-sluzbo-poleg-voc-tudi-jp-zelenice\/\" \/>\n<meta property=\"og:locale\" content=\"sl_SI\" \/>\n<meta property=\"og:type\" content=\"article\" \/>\n<meta property=\"og:title\" content=\"CELJE Za zimsko slu\u017ebo poleg VOC tudi JP Zelenice - Novice.si\" \/>\n<meta property=\"og:description\" content=\"Pred napovedanimi prvimi sne\u017enimi padavinami so s celjskem mestne ob\u010dine sporo\u010dili, da se bo podjetju VOC pri plu\u017eenju in posipavanju cest v mestu pridru\u017eilo javno podjetje Zelenice. Delo si bosta podjetji na obmo\u010dju Mestne ob\u010dine Celje razdelili. Slu\u017eba vzdr\u017eevanja javnih ob\u010dinskih cest sicer zajema 213 kilometrov javnih poti, 133 kilometrov lokalnih cest, 105 kilometrov plo\u010dnikov [&hellip;]\" \/>\n<meta property=\"og:url\" content=\"https:\/\/novice.si\/page\/celje-za-zimsko-sluzbo-poleg-voc-tudi-jp-zelenice\/\" \/>\n<meta property=\"og:site_name\" content=\"Novice.si\" \/>\n<meta property=\"article:published_time\" content=\"2023-11-29T16:07:54+00:00\" \/>\n<meta property=\"og:image\" content=\"https:\/\/novice.si\/page\/wp-content\/uploads\/2021\/12\/VOC-CE-zimska-scaled.jpg\" \/>\n\t<meta property=\"og:image:width\" content=\"2560\" \/>\n\t<meta property=\"og:image:height\" content=\"1440\" \/>\n\t<meta property=\"og:image:type\" content=\"image\/jpeg\" \/>\n<meta name=\"author\" content=\"Uredni\u0161tvo Celjana\" \/>\n<meta name=\"twitter:card\" content=\"summary_large_image\" \/>\n<meta name=\"twitter:label1\" content=\"Written by\" \/>\n\t<meta name=\"twitter:data1\" content=\"Uredni\u0161tvo Celjana\" \/>\n\t<meta name=\"twitter:label2\" content=\"Est. reading time\" \/>\n\t<meta name=\"twitter:data2\" content=\"2 minuti\" \/>\n<script type=\"application\/ld+json\" class=\"yoast-schema-graph\">{\"@context\":\"https:\\\/\\\/schema.org\",\"@graph\":[{\"@type\":\"Article\",\"@id\":\"https:\\\/\\\/novice.si\\\/page\\\/celje-za-zimsko-sluzbo-poleg-voc-tudi-jp-zelenice\\\/#article\",\"isPartOf\":{\"@id\":\"https:\\\/\\\/novice.si\\\/page\\\/celje-za-zimsko-sluzbo-poleg-voc-tudi-jp-zelenice\\\/\"},\"author\":{\"name\":\"Uredni\u0161tvo Celjana\",\"@id\":\"https:\\\/\\\/novice.si\\\/page\\\/#\\\/schema\\\/person\\\/57f25c9642a9541c7349c65d32032c3e\"},\"headline\":\"CELJE Za zimsko slu\u017ebo poleg VOC tudi JP Zelenice\",\"datePublished\":\"2023-11-29T16:07:54+00:00\",\"mainEntityOfPage\":{\"@id\":\"https:\\\/\\\/novice.si\\\/page\\\/celje-za-zimsko-sluzbo-poleg-voc-tudi-jp-zelenice\\\/\"},\"wordCount\":190,\"publisher\":{\"@id\":\"https:\\\/\\\/novice.si\\\/page\\\/#organization\"},\"image\":{\"@id\":\"https:\\\/\\\/novice.si\\\/page\\\/celje-za-zimsko-sluzbo-poleg-voc-tudi-jp-zelenice\\\/#primaryimage\"},\"thumbnailUrl\":\"https:\\\/\\\/novice.si\\\/page\\\/wp-content\\\/uploads\\\/2021\\\/12\\\/VOC-CE-zimska-scaled.jpg\",\"keywords\":[\"MOC\",\"VOC\",\"ZeleniCE\",\"Zimska sluzba\"],\"articleSection\":[\"Celjsko\"],\"inLanguage\":\"sl-SI\"},{\"@type\":\"WebPage\",\"@id\":\"https:\\\/\\\/novice.si\\\/page\\\/celje-za-zimsko-sluzbo-poleg-voc-tudi-jp-zelenice\\\/\",\"url\":\"https:\\\/\\\/novice.si\\\/page\\\/celje-za-zimsko-sluzbo-poleg-voc-tudi-jp-zelenice\\\/\",\"name\":\"CELJE Za zimsko slu\u017ebo poleg VOC tudi JP Zelenice - Novice.si\",\"isPartOf\":{\"@id\":\"https:\\\/\\\/novice.si\\\/page\\\/#website\"},\"primaryImageOfPage\":{\"@id\":\"https:\\\/\\\/novice.si\\\/page\\\/celje-za-zimsko-sluzbo-poleg-voc-tudi-jp-zelenice\\\/#primaryimage\"},\"image\":{\"@id\":\"https:\\\/\\\/novice.si\\\/page\\\/celje-za-zimsko-sluzbo-poleg-voc-tudi-jp-zelenice\\\/#primaryimage\"},\"thumbnailUrl\":\"https:\\\/\\\/novice.si\\\/page\\\/wp-content\\\/uploads\\\/2021\\\/12\\\/VOC-CE-zimska-scaled.jpg\",\"datePublished\":\"2023-11-29T16:07:54+00:00\",\"breadcrumb\":{\"@id\":\"https:\\\/\\\/novice.si\\\/page\\\/celje-za-zimsko-sluzbo-poleg-voc-tudi-jp-zelenice\\\/#breadcrumb\"},\"inLanguage\":\"sl-SI\",\"potentialAction\":[{\"@type\":\"ReadAction\",\"target\":[\"https:\\\/\\\/novice.si\\\/page\\\/celje-za-zimsko-sluzbo-poleg-voc-tudi-jp-zelenice\\\/\"]}]},{\"@type\":\"ImageObject\",\"inLanguage\":\"sl-SI\",\"@id\":\"https:\\\/\\\/novice.si\\\/page\\\/celje-za-zimsko-sluzbo-poleg-voc-tudi-jp-zelenice\\\/#primaryimage\",\"url\":\"https:\\\/\\\/novice.si\\\/page\\\/wp-content\\\/uploads\\\/2021\\\/12\\\/VOC-CE-zimska-scaled.jpg\",\"contentUrl\":\"https:\\\/\\\/novice.si\\\/page\\\/wp-content\\\/uploads\\\/2021\\\/12\\\/VOC-CE-zimska-scaled.jpg\",\"width\":2560,\"height\":1440},{\"@type\":\"BreadcrumbList\",\"@id\":\"https:\\\/\\\/novice.si\\\/page\\\/celje-za-zimsko-sluzbo-poleg-voc-tudi-jp-zelenice\\\/#breadcrumb\",\"itemListElement\":[{\"@type\":\"ListItem\",\"position\":1,\"name\":\"Home\",\"item\":\"https:\\\/\\\/novice.si\\\/page\\\/\"},{\"@type\":\"ListItem\",\"position\":2,\"name\":\"CELJE Za zimsko slu\u017ebo poleg VOC tudi JP Zelenice\"}]},{\"@type\":\"WebSite\",\"@id\":\"https:\\\/\\\/novice.si\\\/page\\\/#website\",\"url\":\"https:\\\/\\\/novice.si\\\/page\\\/\",\"name\":\"Novice.si\",\"description\":\"\",\"publisher\":{\"@id\":\"https:\\\/\\\/novice.si\\\/page\\\/#organization\"},\"potentialAction\":[{\"@type\":\"SearchAction\",\"target\":{\"@type\":\"EntryPoint\",\"urlTemplate\":\"https:\\\/\\\/novice.si\\\/page\\\/?s={search_term_string}\"},\"query-input\":{\"@type\":\"PropertyValueSpecification\",\"valueRequired\":true,\"valueName\":\"search_term_string\"}}],\"inLanguage\":\"sl-SI\"},{\"@type\":\"Organization\",\"@id\":\"https:\\\/\\\/novice.si\\\/page\\\/#organization\",\"name\":\"Novice.si\",\"url\":\"https:\\\/\\\/novice.si\\\/page\\\/\",\"logo\":{\"@type\":\"ImageObject\",\"inLanguage\":\"sl-SI\",\"@id\":\"https:\\\/\\\/novice.si\\\/page\\\/#\\\/schema\\\/logo\\\/image\\\/\",\"url\":\"https:\\\/\\\/novice.si\\\/page\\\/wp-content\\\/uploads\\\/2023\\\/03\\\/novice_si.png\",\"contentUrl\":\"https:\\\/\\\/novice.si\\\/page\\\/wp-content\\\/uploads\\\/2023\\\/03\\\/novice_si.png\",\"width\":576,\"height\":200,\"caption\":\"Novice.si\"},\"image\":{\"@id\":\"https:\\\/\\\/novice.si\\\/page\\\/#\\\/schema\\\/logo\\\/image\\\/\"}},{\"@type\":\"Person\",\"@id\":\"https:\\\/\\\/novice.si\\\/page\\\/#\\\/schema\\\/person\\\/57f25c9642a9541c7349c65d32032c3e\",\"name\":\"Uredni\u0161tvo Celjana\",\"image\":{\"@type\":\"ImageObject\",\"inLanguage\":\"sl-SI\",\"@id\":\"https:\\\/\\\/secure.gravatar.com\\\/avatar\\\/78e52bc4279b65f6df6345e0ef0f7b792d361361f230cf4ffecfe0afe6d5629c?s=96&d=mm&r=g\",\"url\":\"https:\\\/\\\/secure.gravatar.com\\\/avatar\\\/78e52bc4279b65f6df6345e0ef0f7b792d361361f230cf4ffecfe0afe6d5629c?s=96&d=mm&r=g\",\"contentUrl\":\"https:\\\/\\\/secure.gravatar.com\\\/avatar\\\/78e52bc4279b65f6df6345e0ef0f7b792d361361f230cf4ffecfe0afe6d5629c?s=96&d=mm&r=g\",\"caption\":\"Uredni\u0161tvo Celjana\"},\"url\":\"https:\\\/\\\/novice.si\\\/page\\\/author\\\/primoz\\\/\"}]}<\/script>\n<!-- \/ Yoast SEO plugin. -->","yoast_head_json":{"title":"CELJE Za zimsko slu\u017ebo poleg VOC tudi JP Zelenice - Novice.si","robots":{"index":"index","follow":"follow","max-snippet":"max-snippet:-1","max-image-preview":"max-image-preview:large","max-video-preview":"max-video-preview:-1"},"canonical":"https:\/\/novice.si\/page\/celje-za-zimsko-sluzbo-poleg-voc-tudi-jp-zelenice\/","og_locale":"sl_SI","og_type":"article","og_title":"CELJE Za zimsko slu\u017ebo poleg VOC tudi JP Zelenice - Novice.si","og_description":"Pred napovedanimi prvimi sne\u017enimi padavinami so s celjskem mestne ob\u010dine sporo\u010dili, da se bo podjetju VOC pri plu\u017eenju in posipavanju cest v mestu pridru\u017eilo javno podjetje Zelenice. Delo si bosta podjetji na obmo\u010dju Mestne ob\u010dine Celje razdelili. Slu\u017eba vzdr\u017eevanja javnih ob\u010dinskih cest sicer zajema 213 kilometrov javnih poti, 133 kilometrov lokalnih cest, 105 kilometrov plo\u010dnikov [&hellip;]","og_url":"https:\/\/novice.si\/page\/celje-za-zimsko-sluzbo-poleg-voc-tudi-jp-zelenice\/","og_site_name":"Novice.si","article_published_time":"2023-11-29T16:07:54+00:00","og_image":[{"width":2560,"height":1440,"url":"https:\/\/novice.si\/page\/wp-content\/uploads\/2021\/12\/VOC-CE-zimska-scaled.jpg","type":"image\/jpeg"}],"author":"Uredni\u0161tvo Celjana","twitter_card":"summary_large_image","twitter_misc":{"Written by":"Uredni\u0161tvo Celjana","Est. reading time":"2 minuti"},"schema":{"@context":"https:\/\/schema.org","@graph":[{"@type":"Article","@id":"https:\/\/novice.si\/page\/celje-za-zimsko-sluzbo-poleg-voc-tudi-jp-zelenice\/#article","isPartOf":{"@id":"https:\/\/novice.si\/page\/celje-za-zimsko-sluzbo-poleg-voc-tudi-jp-zelenice\/"},"author":{"name":"Uredni\u0161tvo Celjana","@id":"https:\/\/novice.si\/page\/#\/schema\/person\/57f25c9642a9541c7349c65d32032c3e"},"headline":"CELJE Za zimsko slu\u017ebo poleg VOC tudi JP Zelenice","datePublished":"2023-11-29T16:07:54+00:00","mainEntityOfPage":{"@id":"https:\/\/novice.si\/page\/celje-za-zimsko-sluzbo-poleg-voc-tudi-jp-zelenice\/"},"wordCount":190,"publisher":{"@id":"https:\/\/novice.si\/page\/#organization"},"image":{"@id":"https:\/\/novice.si\/page\/celje-za-zimsko-sluzbo-poleg-voc-tudi-jp-zelenice\/#primaryimage"},"thumbnailUrl":"https:\/\/novice.si\/page\/wp-content\/uploads\/2021\/12\/VOC-CE-zimska-scaled.jpg","keywords":["MOC","VOC","ZeleniCE","Zimska sluzba"],"articleSection":["Celjsko"],"inLanguage":"sl-SI"},{"@type":"WebPage","@id":"https:\/\/novice.si\/page\/celje-za-zimsko-sluzbo-poleg-voc-tudi-jp-zelenice\/","url":"https:\/\/novice.si\/page\/celje-za-zimsko-sluzbo-poleg-voc-tudi-jp-zelenice\/","name":"CELJE Za zimsko slu\u017ebo poleg VOC tudi JP Zelenice - Novice.si","isPartOf":{"@id":"https:\/\/novice.si\/page\/#website"},"primaryImageOfPage":{"@id":"https:\/\/novice.si\/page\/celje-za-zimsko-sluzbo-poleg-voc-tudi-jp-zelenice\/#primaryimage"},"image":{"@id":"https:\/\/novice.si\/page\/celje-za-zimsko-sluzbo-poleg-voc-tudi-jp-zelenice\/#primaryimage"},"thumbnailUrl":"https:\/\/novice.si\/page\/wp-content\/uploads\/2021\/12\/VOC-CE-zimska-scaled.jpg","datePublished":"2023-11-29T16:07:54+00:00","breadcrumb":{"@id":"https:\/\/novice.si\/page\/celje-za-zimsko-sluzbo-poleg-voc-tudi-jp-zelenice\/#breadcrumb"},"inLanguage":"sl-SI","potentialAction":[{"@type":"ReadAction","target":["https:\/\/novice.si\/page\/celje-za-zimsko-sluzbo-poleg-voc-tudi-jp-zelenice\/"]}]},{"@type":"ImageObject","inLanguage":"sl-SI","@id":"https:\/\/novice.si\/page\/celje-za-zimsko-sluzbo-poleg-voc-tudi-jp-zelenice\/#primaryimage","url":"https:\/\/novice.si\/page\/wp-content\/uploads\/2021\/12\/VOC-CE-zimska-scaled.jpg","contentUrl":"https:\/\/novice.si\/page\/wp-content\/uploads\/2021\/12\/VOC-CE-zimska-scaled.jpg","width":2560,"height":1440},{"@type":"BreadcrumbList","@id":"https:\/\/novice.si\/page\/celje-za-zimsko-sluzbo-poleg-voc-tudi-jp-zelenice\/#breadcrumb","itemListElement":[{"@type":"ListItem","position":1,"name":"Home","item":"https:\/\/novice.si\/page\/"},{"@type":"ListItem","position":2,"name":"CELJE Za zimsko slu\u017ebo poleg VOC tudi JP Zelenice"}]},{"@type":"WebSite","@id":"https:\/\/novice.si\/page\/#website","url":"https:\/\/novice.si\/page\/","name":"Novice.si","description":"","publisher":{"@id":"https:\/\/novice.si\/page\/#organization"},"potentialAction":[{"@type":"SearchAction","target":{"@type":"EntryPoint","urlTemplate":"https:\/\/novice.si\/page\/?s={search_term_string}"},"query-input":{"@type":"PropertyValueSpecification","valueRequired":true,"valueName":"search_term_string"}}],"inLanguage":"sl-SI"},{"@type":"Organization","@id":"https:\/\/novice.si\/page\/#organization","name":"Novice.si","url":"https:\/\/novice.si\/page\/","logo":{"@type":"ImageObject","inLanguage":"sl-SI","@id":"https:\/\/novice.si\/page\/#\/schema\/logo\/image\/","url":"https:\/\/novice.si\/page\/wp-content\/uploads\/2023\/03\/novice_si.png","contentUrl":"https:\/\/novice.si\/page\/wp-content\/uploads\/2023\/03\/novice_si.png","width":576,"height":200,"caption":"Novice.si"},"image":{"@id":"https:\/\/novice.si\/page\/#\/schema\/logo\/image\/"}},{"@type":"Person","@id":"https:\/\/novice.si\/page\/#\/schema\/person\/57f25c9642a9541c7349c65d32032c3e","name":"Uredni\u0161tvo Celjana","image":{"@type":"ImageObject","inLanguage":"sl-SI","@id":"https:\/\/secure.gravatar.com\/avatar\/78e52bc4279b65f6df6345e0ef0f7b792d361361f230cf4ffecfe0afe6d5629c?s=96&d=mm&r=g","url":"https:\/\/secure.gravatar.com\/avatar\/78e52bc4279b65f6df6345e0ef0f7b792d361361f230cf4ffecfe0afe6d5629c?s=96&d=mm&r=g","contentUrl":"https:\/\/secure.gravatar.com\/avatar\/78e52bc4279b65f6df6345e0ef0f7b792d361361f230cf4ffecfe0afe6d5629c?s=96&d=mm&r=g","caption":"Uredni\u0161tvo Celjana"},"url":"https:\/\/novice.si\/page\/author\/primoz\/"}]}},"_links":{"self":[{"href":"https:\/\/novice.si\/page\/wp-json\/wp\/v2\/posts\/169662","targetHints":{"allow":["GET"]}}],"collection":[{"href":"https:\/\/novice.si\/page\/wp-json\/wp\/v2\/posts"}],"about":[{"href":"https:\/\/novice.si\/page\/wp-json\/wp\/v2\/types\/post"}],"author":[{"embeddable":true,"href":"https:\/\/novice.si\/page\/wp-json\/wp\/v2\/users\/33"}],"replies":[{"embeddable":true,"href":"https:\/\/novice.si\/page\/wp-json\/wp\/v2\/comments?post=169662"}],"version-history":[{"count":1,"href":"https:\/\/novice.si\/page\/wp-json\/wp\/v2\/posts\/169662\/revisions"}],"predecessor-version":[{"id":169663,"href":"https:\/\/novice.si\/page\/wp-json\/wp\/v2\/posts\/169662\/revisions\/169663"}],"wp:featuredmedia":[{"embeddable":true,"href":"https:\/\/novice.si\/page\/wp-json\/wp\/v2\/media\/145325"}],"wp:attachment":[{"href":"https:\/\/novice.si\/page\/wp-json\/wp\/v2\/media?parent=169662"}],"wp:term":[{"taxonomy":"category","embeddable":true,"href":"https:\/\/novice.si\/page\/wp-json\/wp\/v2\/categories?post=169662"},{"taxonomy":"post_tag","embeddable":true,"href":"https:\/\/novice.si\/page\/wp-json\/wp\/v2\/tags?post=169662"}],"curies":[{"name":"wp","href":"https:\/\/api.w.org\/{rel}","templated":true}]}}