{"id":169654,"date":"2023-11-29T15:02:28","date_gmt":"2023-11-29T14:02:28","guid":{"rendered":"https:\/\/novice.si\/page\/?p=169654"},"modified":"2023-11-29T15:02:28","modified_gmt":"2023-11-29T14:02:28","slug":"sentjur-obnovili-vrtec-na-planini","status":"publish","type":"post","link":"https:\/\/novice.si\/page\/sentjur-obnovili-vrtec-na-planini\/","title":{"rendered":"\u0160ENTJUR Obnovili vrtec na Planini"},"content":{"rendered":"<p>Na Planini pri Sevnici bodo jutri slovesno namenu predali raz\u0161irjeno in obnovljeno enoto Vrtca \u0160entjur. Kakor ocenjujejo, gre za zelo pomembno pridobitev na podro\u010dju pred\u0161olske <img loading=\"lazy\" decoding=\"async\" class=\"wp-image-169655 alignleft\" src=\"https:\/\/novice.si\/page\/wp-content\/uploads\/2023\/11\/vrtec-planina-600x284.png\" alt=\"\" width=\"496\" height=\"235\" srcset=\"https:\/\/novice.si\/page\/wp-content\/uploads\/2023\/11\/vrtec-planina-600x284.png 600w, https:\/\/novice.si\/page\/wp-content\/uploads\/2023\/11\/vrtec-planina-768x363.png 768w, https:\/\/novice.si\/page\/wp-content\/uploads\/2023\/11\/vrtec-planina-696x329.png 696w, https:\/\/novice.si\/page\/wp-content\/uploads\/2023\/11\/vrtec-planina-24x11.png 24w, https:\/\/novice.si\/page\/wp-content\/uploads\/2023\/11\/vrtec-planina-36x17.png 36w, https:\/\/novice.si\/page\/wp-content\/uploads\/2023\/11\/vrtec-planina-48x23.png 48w, https:\/\/novice.si\/page\/wp-content\/uploads\/2023\/11\/vrtec-planina.png 800w\" sizes=\"auto, (max-width: 496px) 100vw, 496px\" \/>vzgoje, v enoti pa bodo z novim \u0161olskim letom zdru\u017eeni vsi mal\u010dki.<\/p>\n<p>Nalo\u017ebo, vredno ve\u010d kot 1,3 milijone evrov, je v celoti pokrila Ob\u010dina \u0160entjur, ki se je projekta lotila zaradi prostorske razbremenitve, saj so ob velikem vpisu otroke morali namestiti v sosednje prostore tamkaj\u0161nje osnovne \u0161ole.<\/p>\n<p>Vrtec je tako dobil prizidek za ureditev dveh dodatnih oddelkov z vsemi potrebnimi spremljevalnimi programi (pisarna, garderobe in sanitarije za osebje, prostori za \u010distila, strani\u0161\u010de za invalide, shramba za zunanja igrala) in kuhinjo. Obstoje\u010de enote so obnovljene in funkcionalno ter vizualno poenotene z novozgrajenimi, na novo so uredili in\u0161talacije, preuredili skupni hodnik z garderobami, skladno z na\u010drtom po\u017earne varnosti so sanirali kotlovnico, na zunanjih povr\u0161inah so namestili nove igralne in travnate povr\u0161ine ter dostopne poti s parkiri\u0161\u010di vklju\u010dno s prostorom za dostavo.<\/p>\n<p>Enoto \u0161entjurskega vrtca na Planini trenutno obiskuje 57 otrok, pet jih bo pogoje za vpis izpolnilo v prvih \u0161tirih mesecih prihodnjega leta.<\/p>\n<p>P\u0160<\/p>\n","protected":false},"excerpt":{"rendered":"<p>Na Planini pri Sevnici bodo jutri slovesno namenu predali raz\u0161irjeno in obnovljeno enoto Vrtca \u0160entjur. Kakor ocenjujejo, gre za zelo pomembno pridobitev na podro\u010dju pred\u0161olske vzgoje, v enoti pa bodo z novim \u0161olskim letom zdru\u017eeni vsi mal\u010dki. Nalo\u017ebo, vredno ve\u010d kot 1,3 milijone evrov, je v celoti pokrila Ob\u010dina \u0160entjur, ki se je projekta lotila [&hellip;]<\/p>\n","protected":false},"author":33,"featured_media":169655,"comment_status":"closed","ping_status":"closed","sticky":false,"template":"","format":"standard","meta":{"footnotes":""},"categories":[57],"tags":[19249,3429,97,4536],"class_list":{"0":"post-169654","1":"post","2":"type-post","3":"status-publish","4":"format-standard","5":"has-post-thumbnail","7":"category-sentjursko","8":"tag-enota-planina-pri-sevnici","9":"tag-nalozba","10":"tag-obnova","11":"tag-vrtec-sentjur"},"yoast_head":"<!-- This site is optimized with the Yoast SEO plugin v27.4 - https:\/\/yoast.com\/product\/yoast-seo-wordpress\/ -->\n<title>\u0160ENTJUR Obnovili vrtec na Planini - Novice.si<\/title>\n<meta name=\"robots\" content=\"index, follow, max-snippet:-1, max-image-preview:large, max-video-preview:-1\" \/>\n<link rel=\"canonical\" href=\"https:\/\/novice.si\/page\/sentjur-obnovili-vrtec-na-planini\/\" \/>\n<meta property=\"og:locale\" content=\"sl_SI\" \/>\n<meta property=\"og:type\" content=\"article\" \/>\n<meta property=\"og:title\" content=\"\u0160ENTJUR Obnovili vrtec na Planini - Novice.si\" \/>\n<meta property=\"og:description\" content=\"Na Planini pri Sevnici bodo jutri slovesno namenu predali raz\u0161irjeno in obnovljeno enoto Vrtca \u0160entjur. Kakor ocenjujejo, gre za zelo pomembno pridobitev na podro\u010dju pred\u0161olske vzgoje, v enoti pa bodo z novim \u0161olskim letom zdru\u017eeni vsi mal\u010dki. Nalo\u017ebo, vredno ve\u010d kot 1,3 milijone evrov, je v celoti pokrila Ob\u010dina \u0160entjur, ki se je projekta lotila [&hellip;]\" \/>\n<meta property=\"og:url\" content=\"https:\/\/novice.si\/page\/sentjur-obnovili-vrtec-na-planini\/\" \/>\n<meta property=\"og:site_name\" content=\"Novice.si\" \/>\n<meta property=\"article:published_time\" content=\"2023-11-29T14:02:28+00:00\" \/>\n<meta property=\"og:image\" content=\"https:\/\/novice.si\/page\/wp-content\/uploads\/2023\/11\/vrtec-planina.png\" \/>\n\t<meta property=\"og:image:width\" content=\"800\" \/>\n\t<meta property=\"og:image:height\" content=\"378\" \/>\n\t<meta property=\"og:image:type\" content=\"image\/png\" \/>\n<meta name=\"author\" content=\"Uredni\u0161tvo Celjana\" \/>\n<meta name=\"twitter:card\" content=\"summary_large_image\" \/>\n<meta name=\"twitter:label1\" content=\"Written by\" \/>\n\t<meta name=\"twitter:data1\" content=\"Uredni\u0161tvo Celjana\" \/>\n\t<meta name=\"twitter:label2\" content=\"Est. reading time\" \/>\n\t<meta name=\"twitter:data2\" content=\"2 minuti\" \/>\n<script type=\"application\/ld+json\" class=\"yoast-schema-graph\">{\"@context\":\"https:\\\/\\\/schema.org\",\"@graph\":[{\"@type\":\"Article\",\"@id\":\"https:\\\/\\\/novice.si\\\/page\\\/sentjur-obnovili-vrtec-na-planini\\\/#article\",\"isPartOf\":{\"@id\":\"https:\\\/\\\/novice.si\\\/page\\\/sentjur-obnovili-vrtec-na-planini\\\/\"},\"author\":{\"name\":\"Uredni\u0161tvo Celjana\",\"@id\":\"https:\\\/\\\/novice.si\\\/page\\\/#\\\/schema\\\/person\\\/57f25c9642a9541c7349c65d32032c3e\"},\"headline\":\"\u0160ENTJUR Obnovili vrtec na Planini\",\"datePublished\":\"2023-11-29T14:02:28+00:00\",\"mainEntityOfPage\":{\"@id\":\"https:\\\/\\\/novice.si\\\/page\\\/sentjur-obnovili-vrtec-na-planini\\\/\"},\"wordCount\":197,\"publisher\":{\"@id\":\"https:\\\/\\\/novice.si\\\/page\\\/#organization\"},\"image\":{\"@id\":\"https:\\\/\\\/novice.si\\\/page\\\/sentjur-obnovili-vrtec-na-planini\\\/#primaryimage\"},\"thumbnailUrl\":\"https:\\\/\\\/novice.si\\\/page\\\/wp-content\\\/uploads\\\/2023\\\/11\\\/vrtec-planina.png\",\"keywords\":[\"enota Planina pri sevnici\",\"nalo\u017eba\",\"obnova\",\"vrtec \u0160entjur\"],\"articleSection\":[\"\u0160entjursko\"],\"inLanguage\":\"sl-SI\"},{\"@type\":\"WebPage\",\"@id\":\"https:\\\/\\\/novice.si\\\/page\\\/sentjur-obnovili-vrtec-na-planini\\\/\",\"url\":\"https:\\\/\\\/novice.si\\\/page\\\/sentjur-obnovili-vrtec-na-planini\\\/\",\"name\":\"\u0160ENTJUR Obnovili vrtec na Planini - Novice.si\",\"isPartOf\":{\"@id\":\"https:\\\/\\\/novice.si\\\/page\\\/#website\"},\"primaryImageOfPage\":{\"@id\":\"https:\\\/\\\/novice.si\\\/page\\\/sentjur-obnovili-vrtec-na-planini\\\/#primaryimage\"},\"image\":{\"@id\":\"https:\\\/\\\/novice.si\\\/page\\\/sentjur-obnovili-vrtec-na-planini\\\/#primaryimage\"},\"thumbnailUrl\":\"https:\\\/\\\/novice.si\\\/page\\\/wp-content\\\/uploads\\\/2023\\\/11\\\/vrtec-planina.png\",\"datePublished\":\"2023-11-29T14:02:28+00:00\",\"breadcrumb\":{\"@id\":\"https:\\\/\\\/novice.si\\\/page\\\/sentjur-obnovili-vrtec-na-planini\\\/#breadcrumb\"},\"inLanguage\":\"sl-SI\",\"potentialAction\":[{\"@type\":\"ReadAction\",\"target\":[\"https:\\\/\\\/novice.si\\\/page\\\/sentjur-obnovili-vrtec-na-planini\\\/\"]}]},{\"@type\":\"ImageObject\",\"inLanguage\":\"sl-SI\",\"@id\":\"https:\\\/\\\/novice.si\\\/page\\\/sentjur-obnovili-vrtec-na-planini\\\/#primaryimage\",\"url\":\"https:\\\/\\\/novice.si\\\/page\\\/wp-content\\\/uploads\\\/2023\\\/11\\\/vrtec-planina.png\",\"contentUrl\":\"https:\\\/\\\/novice.si\\\/page\\\/wp-content\\\/uploads\\\/2023\\\/11\\\/vrtec-planina.png\",\"width\":800,\"height\":378},{\"@type\":\"BreadcrumbList\",\"@id\":\"https:\\\/\\\/novice.si\\\/page\\\/sentjur-obnovili-vrtec-na-planini\\\/#breadcrumb\",\"itemListElement\":[{\"@type\":\"ListItem\",\"position\":1,\"name\":\"Home\",\"item\":\"https:\\\/\\\/novice.si\\\/page\\\/\"},{\"@type\":\"ListItem\",\"position\":2,\"name\":\"\u0160ENTJUR Obnovili vrtec na Planini\"}]},{\"@type\":\"WebSite\",\"@id\":\"https:\\\/\\\/novice.si\\\/page\\\/#website\",\"url\":\"https:\\\/\\\/novice.si\\\/page\\\/\",\"name\":\"Novice.si\",\"description\":\"\",\"publisher\":{\"@id\":\"https:\\\/\\\/novice.si\\\/page\\\/#organization\"},\"potentialAction\":[{\"@type\":\"SearchAction\",\"target\":{\"@type\":\"EntryPoint\",\"urlTemplate\":\"https:\\\/\\\/novice.si\\\/page\\\/?s={search_term_string}\"},\"query-input\":{\"@type\":\"PropertyValueSpecification\",\"valueRequired\":true,\"valueName\":\"search_term_string\"}}],\"inLanguage\":\"sl-SI\"},{\"@type\":\"Organization\",\"@id\":\"https:\\\/\\\/novice.si\\\/page\\\/#organization\",\"name\":\"Novice.si\",\"url\":\"https:\\\/\\\/novice.si\\\/page\\\/\",\"logo\":{\"@type\":\"ImageObject\",\"inLanguage\":\"sl-SI\",\"@id\":\"https:\\\/\\\/novice.si\\\/page\\\/#\\\/schema\\\/logo\\\/image\\\/\",\"url\":\"https:\\\/\\\/novice.si\\\/page\\\/wp-content\\\/uploads\\\/2023\\\/03\\\/novice_si.png\",\"contentUrl\":\"https:\\\/\\\/novice.si\\\/page\\\/wp-content\\\/uploads\\\/2023\\\/03\\\/novice_si.png\",\"width\":576,\"height\":200,\"caption\":\"Novice.si\"},\"image\":{\"@id\":\"https:\\\/\\\/novice.si\\\/page\\\/#\\\/schema\\\/logo\\\/image\\\/\"}},{\"@type\":\"Person\",\"@id\":\"https:\\\/\\\/novice.si\\\/page\\\/#\\\/schema\\\/person\\\/57f25c9642a9541c7349c65d32032c3e\",\"name\":\"Uredni\u0161tvo Celjana\",\"image\":{\"@type\":\"ImageObject\",\"inLanguage\":\"sl-SI\",\"@id\":\"https:\\\/\\\/secure.gravatar.com\\\/avatar\\\/78e52bc4279b65f6df6345e0ef0f7b792d361361f230cf4ffecfe0afe6d5629c?s=96&d=mm&r=g\",\"url\":\"https:\\\/\\\/secure.gravatar.com\\\/avatar\\\/78e52bc4279b65f6df6345e0ef0f7b792d361361f230cf4ffecfe0afe6d5629c?s=96&d=mm&r=g\",\"contentUrl\":\"https:\\\/\\\/secure.gravatar.com\\\/avatar\\\/78e52bc4279b65f6df6345e0ef0f7b792d361361f230cf4ffecfe0afe6d5629c?s=96&d=mm&r=g\",\"caption\":\"Uredni\u0161tvo Celjana\"},\"url\":\"https:\\\/\\\/novice.si\\\/page\\\/author\\\/primoz\\\/\"}]}<\/script>\n<!-- \/ Yoast SEO plugin. -->","yoast_head_json":{"title":"\u0160ENTJUR Obnovili vrtec na Planini - Novice.si","robots":{"index":"index","follow":"follow","max-snippet":"max-snippet:-1","max-image-preview":"max-image-preview:large","max-video-preview":"max-video-preview:-1"},"canonical":"https:\/\/novice.si\/page\/sentjur-obnovili-vrtec-na-planini\/","og_locale":"sl_SI","og_type":"article","og_title":"\u0160ENTJUR Obnovili vrtec na Planini - Novice.si","og_description":"Na Planini pri Sevnici bodo jutri slovesno namenu predali raz\u0161irjeno in obnovljeno enoto Vrtca \u0160entjur. Kakor ocenjujejo, gre za zelo pomembno pridobitev na podro\u010dju pred\u0161olske vzgoje, v enoti pa bodo z novim \u0161olskim letom zdru\u017eeni vsi mal\u010dki. Nalo\u017ebo, vredno ve\u010d kot 1,3 milijone evrov, je v celoti pokrila Ob\u010dina \u0160entjur, ki se je projekta lotila [&hellip;]","og_url":"https:\/\/novice.si\/page\/sentjur-obnovili-vrtec-na-planini\/","og_site_name":"Novice.si","article_published_time":"2023-11-29T14:02:28+00:00","og_image":[{"width":800,"height":378,"url":"https:\/\/novice.si\/page\/wp-content\/uploads\/2023\/11\/vrtec-planina.png","type":"image\/png"}],"author":"Uredni\u0161tvo Celjana","twitter_card":"summary_large_image","twitter_misc":{"Written by":"Uredni\u0161tvo Celjana","Est. reading time":"2 minuti"},"schema":{"@context":"https:\/\/schema.org","@graph":[{"@type":"Article","@id":"https:\/\/novice.si\/page\/sentjur-obnovili-vrtec-na-planini\/#article","isPartOf":{"@id":"https:\/\/novice.si\/page\/sentjur-obnovili-vrtec-na-planini\/"},"author":{"name":"Uredni\u0161tvo Celjana","@id":"https:\/\/novice.si\/page\/#\/schema\/person\/57f25c9642a9541c7349c65d32032c3e"},"headline":"\u0160ENTJUR Obnovili vrtec na Planini","datePublished":"2023-11-29T14:02:28+00:00","mainEntityOfPage":{"@id":"https:\/\/novice.si\/page\/sentjur-obnovili-vrtec-na-planini\/"},"wordCount":197,"publisher":{"@id":"https:\/\/novice.si\/page\/#organization"},"image":{"@id":"https:\/\/novice.si\/page\/sentjur-obnovili-vrtec-na-planini\/#primaryimage"},"thumbnailUrl":"https:\/\/novice.si\/page\/wp-content\/uploads\/2023\/11\/vrtec-planina.png","keywords":["enota Planina pri sevnici","nalo\u017eba","obnova","vrtec \u0160entjur"],"articleSection":["\u0160entjursko"],"inLanguage":"sl-SI"},{"@type":"WebPage","@id":"https:\/\/novice.si\/page\/sentjur-obnovili-vrtec-na-planini\/","url":"https:\/\/novice.si\/page\/sentjur-obnovili-vrtec-na-planini\/","name":"\u0160ENTJUR Obnovili vrtec na Planini - Novice.si","isPartOf":{"@id":"https:\/\/novice.si\/page\/#website"},"primaryImageOfPage":{"@id":"https:\/\/novice.si\/page\/sentjur-obnovili-vrtec-na-planini\/#primaryimage"},"image":{"@id":"https:\/\/novice.si\/page\/sentjur-obnovili-vrtec-na-planini\/#primaryimage"},"thumbnailUrl":"https:\/\/novice.si\/page\/wp-content\/uploads\/2023\/11\/vrtec-planina.png","datePublished":"2023-11-29T14:02:28+00:00","breadcrumb":{"@id":"https:\/\/novice.si\/page\/sentjur-obnovili-vrtec-na-planini\/#breadcrumb"},"inLanguage":"sl-SI","potentialAction":[{"@type":"ReadAction","target":["https:\/\/novice.si\/page\/sentjur-obnovili-vrtec-na-planini\/"]}]},{"@type":"ImageObject","inLanguage":"sl-SI","@id":"https:\/\/novice.si\/page\/sentjur-obnovili-vrtec-na-planini\/#primaryimage","url":"https:\/\/novice.si\/page\/wp-content\/uploads\/2023\/11\/vrtec-planina.png","contentUrl":"https:\/\/novice.si\/page\/wp-content\/uploads\/2023\/11\/vrtec-planina.png","width":800,"height":378},{"@type":"BreadcrumbList","@id":"https:\/\/novice.si\/page\/sentjur-obnovili-vrtec-na-planini\/#breadcrumb","itemListElement":[{"@type":"ListItem","position":1,"name":"Home","item":"https:\/\/novice.si\/page\/"},{"@type":"ListItem","position":2,"name":"\u0160ENTJUR Obnovili vrtec na Planini"}]},{"@type":"WebSite","@id":"https:\/\/novice.si\/page\/#website","url":"https:\/\/novice.si\/page\/","name":"Novice.si","description":"","publisher":{"@id":"https:\/\/novice.si\/page\/#organization"},"potentialAction":[{"@type":"SearchAction","target":{"@type":"EntryPoint","urlTemplate":"https:\/\/novice.si\/page\/?s={search_term_string}"},"query-input":{"@type":"PropertyValueSpecification","valueRequired":true,"valueName":"search_term_string"}}],"inLanguage":"sl-SI"},{"@type":"Organization","@id":"https:\/\/novice.si\/page\/#organization","name":"Novice.si","url":"https:\/\/novice.si\/page\/","logo":{"@type":"ImageObject","inLanguage":"sl-SI","@id":"https:\/\/novice.si\/page\/#\/schema\/logo\/image\/","url":"https:\/\/novice.si\/page\/wp-content\/uploads\/2023\/03\/novice_si.png","contentUrl":"https:\/\/novice.si\/page\/wp-content\/uploads\/2023\/03\/novice_si.png","width":576,"height":200,"caption":"Novice.si"},"image":{"@id":"https:\/\/novice.si\/page\/#\/schema\/logo\/image\/"}},{"@type":"Person","@id":"https:\/\/novice.si\/page\/#\/schema\/person\/57f25c9642a9541c7349c65d32032c3e","name":"Uredni\u0161tvo Celjana","image":{"@type":"ImageObject","inLanguage":"sl-SI","@id":"https:\/\/secure.gravatar.com\/avatar\/78e52bc4279b65f6df6345e0ef0f7b792d361361f230cf4ffecfe0afe6d5629c?s=96&d=mm&r=g","url":"https:\/\/secure.gravatar.com\/avatar\/78e52bc4279b65f6df6345e0ef0f7b792d361361f230cf4ffecfe0afe6d5629c?s=96&d=mm&r=g","contentUrl":"https:\/\/secure.gravatar.com\/avatar\/78e52bc4279b65f6df6345e0ef0f7b792d361361f230cf4ffecfe0afe6d5629c?s=96&d=mm&r=g","caption":"Uredni\u0161tvo Celjana"},"url":"https:\/\/novice.si\/page\/author\/primoz\/"}]}},"_links":{"self":[{"href":"https:\/\/novice.si\/page\/wp-json\/wp\/v2\/posts\/169654","targetHints":{"allow":["GET"]}}],"collection":[{"href":"https:\/\/novice.si\/page\/wp-json\/wp\/v2\/posts"}],"about":[{"href":"https:\/\/novice.si\/page\/wp-json\/wp\/v2\/types\/post"}],"author":[{"embeddable":true,"href":"https:\/\/novice.si\/page\/wp-json\/wp\/v2\/users\/33"}],"replies":[{"embeddable":true,"href":"https:\/\/novice.si\/page\/wp-json\/wp\/v2\/comments?post=169654"}],"version-history":[{"count":1,"href":"https:\/\/novice.si\/page\/wp-json\/wp\/v2\/posts\/169654\/revisions"}],"predecessor-version":[{"id":169656,"href":"https:\/\/novice.si\/page\/wp-json\/wp\/v2\/posts\/169654\/revisions\/169656"}],"wp:featuredmedia":[{"embeddable":true,"href":"https:\/\/novice.si\/page\/wp-json\/wp\/v2\/media\/169655"}],"wp:attachment":[{"href":"https:\/\/novice.si\/page\/wp-json\/wp\/v2\/media?parent=169654"}],"wp:term":[{"taxonomy":"category","embeddable":true,"href":"https:\/\/novice.si\/page\/wp-json\/wp\/v2\/categories?post=169654"},{"taxonomy":"post_tag","embeddable":true,"href":"https:\/\/novice.si\/page\/wp-json\/wp\/v2\/tags?post=169654"}],"curies":[{"name":"wp","href":"https:\/\/api.w.org\/{rel}","templated":true}]}}