{"id":169648,"date":"2023-11-29T14:10:05","date_gmt":"2023-11-29T13:10:05","guid":{"rendered":"https:\/\/novice.si\/page\/?p=169648"},"modified":"2023-11-29T14:14:03","modified_gmt":"2023-11-29T13:14:03","slug":"bistriske-plesalke-slovenijo-in-slovensko-bistrico-zavihtele-na-svetovni-plesni-vrh","status":"publish","type":"post","link":"https:\/\/novice.si\/page\/bistriske-plesalke-slovenijo-in-slovensko-bistrico-zavihtele-na-svetovni-plesni-vrh\/","title":{"rendered":"Bistri\u0161ke plesalke Slovenijo in Slovensko Bistrico zavihtele na svetovni plesni vrh"},"content":{"rendered":"<p>Iz Slovenske Bistrice poro\u010dajo o izjemnem uspehu, ki so ga dosegle plesalke tamkaj\u0161njega Plesnega studia Plohl. Minulo nedeljo, 26. novembra, so na svetovnem prvenstvu v umetni\u0161kem dvoranskem plesu v \u010ce\u0161kem Liberecu osvojile kar dva naslova svetovnih prvakinj.<br \/>\n<strong>Plesni studio Plohl<\/strong> iz Slovenske Bistrice so zastopale plesalke <strong>Nastja Zacharias, Nika Zalokar, Barbara \u010ci\u010dak, Simona Smolar, Vesna Muc<\/strong> in<strong> Vojka Tamer Le\u0161nik<\/strong> ter glavna trenerka in koreografinja <strong>mag. Martina Plohl.<br \/>\n<\/strong>Gre za aktualne dr\u017eavne prvakinje, ki so se pod budnim o\u010desom Martine na svetovno prvenstvo pripravljale zelo intenzivno. Nastopile so s kar dvema plesnima to\u010dkama in z obema prepri\u010dale zahtevne sodnike ter osvojile zlata odli\u010dja.<\/p>\n\r\n                <style type=\"text\/css\">\r\n                    \r\n                    #tdi_1  .td-doubleSlider-2 .td-item1 {\r\n                        background: url(https:\/\/novice.si\/page\/wp-content\/uploads\/2023\/11\/1_2-1-80x60.jpg) 0 0 no-repeat;\r\n                    }\r\n                    #tdi_1  .td-doubleSlider-2 .td-item2 {\r\n                        background: url(https:\/\/novice.si\/page\/wp-content\/uploads\/2023\/11\/31_2-80x60.jpg) 0 0 no-repeat;\r\n                    }\r\n                    #tdi_1  .td-doubleSlider-2 .td-item3 {\r\n                        background: url(https:\/\/novice.si\/page\/wp-content\/uploads\/2023\/11\/41_2-80x60.jpg) 0 0 no-repeat;\r\n                    }\r\n                <\/style>\r\n\r\n                <div id=\"tdi_1\" class=\"td-gallery td-slide-on-2-columns\">\r\n                    <div class=\"post_td_gallery\">\r\n                        <div class=\"td-gallery-slide-top\">\r\n                           <div class=\"td-gallery-title\"><\/div>\r\n\r\n                            <div class=\"td-gallery-controls-wrapper\">\r\n                                <div class=\"td-gallery-slide-count\"><span class=\"td-gallery-slide-item-focus\">1<\/span> od 3<\/div>\r\n                                <div class=\"td-gallery-slide-prev-next-but\">\r\n                                    <i class = \"td-icon-left doubleSliderPrevButton\"><\/i>\r\n                                    <i class = \"td-icon-right doubleSliderNextButton\"><\/i>\r\n                                <\/div>\r\n                            <\/div>\r\n                        <\/div>\r\n\r\n                        <div class = \"td-doubleSlider-1 \">\r\n                            <div class = \"td-slider\">\r\n                                \r\n                    <div class = \"td-slide-item td-item1\">\r\n                        <figure class=\"td-slide-galery-figure td-slide-popup-gallery\">\r\n                            <a class=\"slide-gallery-image-link\" href=\"https:\/\/novice.si\/page\/wp-content\/uploads\/2023\/11\/1_2-1.jpg\" title=\"1_2\"  data-caption=\"\"  data-description=\"\" data-gallery>\r\n                                <img decoding=\"async\" src=\"https:\/\/novice.si\/page\/wp-content\/uploads\/2023\/11\/1_2-1-746x420.jpg\" srcset=\"https:\/\/novice.si\/page\/wp-content\/uploads\/2023\/11\/1_2-1-746x420.jpg 746w, https:\/\/novice.si\/page\/wp-content\/uploads\/2023\/11\/1_2-1-600x338.jpg 600w, https:\/\/novice.si\/page\/wp-content\/uploads\/2023\/11\/1_2-1-768x432.jpg 768w, https:\/\/novice.si\/page\/wp-content\/uploads\/2023\/11\/1_2-1-696x392.jpg 696w, https:\/\/novice.si\/page\/wp-content\/uploads\/2023\/11\/1_2-1-24x14.jpg 24w, https:\/\/novice.si\/page\/wp-content\/uploads\/2023\/11\/1_2-1-36x20.jpg 36w, https:\/\/novice.si\/page\/wp-content\/uploads\/2023\/11\/1_2-1-48x27.jpg 48w, https:\/\/novice.si\/page\/wp-content\/uploads\/2023\/11\/1_2-1.jpg 1000w\" sizes=\"(max-width: 746px) 100vw, 746px\" alt=\"\">\r\n                            <\/a>\r\n                            \r\n                        <\/figure>\r\n                    <\/div>\r\n                    <div class = \"td-slide-item td-item2\">\r\n                        <figure class=\"td-slide-galery-figure td-slide-popup-gallery\">\r\n                            <a class=\"slide-gallery-image-link\" href=\"https:\/\/novice.si\/page\/wp-content\/uploads\/2023\/11\/31_2.jpg\" title=\"31_2\"  data-caption=\"\"  data-description=\"\" data-gallery>\r\n                                <img decoding=\"async\" src=\"https:\/\/novice.si\/page\/wp-content\/uploads\/2023\/11\/31_2-577x420.jpg\" srcset=\"https:\/\/novice.si\/page\/wp-content\/uploads\/2023\/11\/31_2-577x420.jpg 577w, https:\/\/novice.si\/page\/wp-content\/uploads\/2023\/11\/31_2-600x437.jpg 600w, https:\/\/novice.si\/page\/wp-content\/uploads\/2023\/11\/31_2-768x559.jpg 768w, https:\/\/novice.si\/page\/wp-content\/uploads\/2023\/11\/31_2-324x235.jpg 324w, https:\/\/novice.si\/page\/wp-content\/uploads\/2023\/11\/31_2-696x507.jpg 696w, https:\/\/novice.si\/page\/wp-content\/uploads\/2023\/11\/31_2-24x17.jpg 24w, https:\/\/novice.si\/page\/wp-content\/uploads\/2023\/11\/31_2-36x26.jpg 36w, https:\/\/novice.si\/page\/wp-content\/uploads\/2023\/11\/31_2-48x35.jpg 48w, https:\/\/novice.si\/page\/wp-content\/uploads\/2023\/11\/31_2.jpg 961w\" sizes=\"(max-width: 577px) 100vw, 577px\" alt=\"\">\r\n                            <\/a>\r\n                            \r\n                        <\/figure>\r\n                    <\/div>\r\n                    <div class = \"td-slide-item td-item3\">\r\n                        <figure class=\"td-slide-galery-figure td-slide-popup-gallery\">\r\n                            <a class=\"slide-gallery-image-link\" href=\"https:\/\/novice.si\/page\/wp-content\/uploads\/2023\/11\/41_2.jpg\" title=\"41_2\"  data-caption=\"\"  data-description=\"\" data-gallery>\r\n                                <img decoding=\"async\" src=\"https:\/\/novice.si\/page\/wp-content\/uploads\/2023\/11\/41_2-487x420.jpg\" srcset=\"https:\/\/novice.si\/page\/wp-content\/uploads\/2023\/11\/41_2-487x420.jpg 487w, https:\/\/novice.si\/page\/wp-content\/uploads\/2023\/11\/41_2-600x517.jpg 600w, https:\/\/novice.si\/page\/wp-content\/uploads\/2023\/11\/41_2-768x662.jpg 768w, https:\/\/novice.si\/page\/wp-content\/uploads\/2023\/11\/41_2-534x462.jpg 534w, https:\/\/novice.si\/page\/wp-content\/uploads\/2023\/11\/41_2-696x600.jpg 696w, https:\/\/novice.si\/page\/wp-content\/uploads\/2023\/11\/41_2-24x21.jpg 24w, https:\/\/novice.si\/page\/wp-content\/uploads\/2023\/11\/41_2-36x31.jpg 36w, https:\/\/novice.si\/page\/wp-content\/uploads\/2023\/11\/41_2-48x41.jpg 48w, https:\/\/novice.si\/page\/wp-content\/uploads\/2023\/11\/41_2.jpg 812w\" sizes=\"(max-width: 487px) 100vw, 487px\" alt=\"\">\r\n                            <\/a>\r\n                            \r\n                        <\/figure>\r\n                    <\/div>\r\n                            <\/div>\r\n                        <\/div>\r\n\r\n                        <div class = \"td-doubleSlider-2\">\r\n                            <div class = \"td-slider\">\r\n                                \r\n                    <div class = \"td-button td-item1\">\r\n                        <div class = \"td-border\"><\/div>\r\n                    <\/div>\r\n                    <div class = \"td-button td-item2\">\r\n                        <div class = \"td-border\"><\/div>\r\n                    <\/div>\r\n                    <div class = \"td-button td-item3\">\r\n                        <div class = \"td-border\"><\/div>\r\n                    <\/div>\r\n                            <\/div>\r\n                        <\/div>\r\n\r\n                    <\/div>\r\n\r\n                <\/div>\r\n                \n<p><strong>Najbolj\u0161e v kategorijah me\u0161ani stil in latino show<br \/>\n<\/strong>Plesno to\u010dko z naslovom <em>Emergency<\/em> so z zlatom okronale \u017ee na dr\u017eavnem prvenstvu, sedaj pa tudi z laskavim nazivom svetovnih prvakinj v kategoriji me\u0161anih stilov. Druga plesna to\u010dka z naslovom <em>Bombsheel,<\/em> pa je latino poslastica, ki zajema vseh pet latinskoameri\u0161kih plesov (samba, chachacha, rumba, paso doble in jive) in je na svetovnem prvenstvu do\u017eivela svojo prvo premiero. Tudi latino show je sodnike prepri\u010dal in bistri\u0161ka skupina deklet je \u0161e enkrat zasijala v zlatem soju.<\/p>\n<p><strong>Ko dose\u017eejo harmonijo, je uspeh neizbe\u017een<br \/>\n<\/strong>\u00bbTo je bilo na\u0161e prvo svetovno prvenstvo in s tem tudi prvo tekmovanje tako visokega in zahtevnega nivoja. Z dekleti sem se zelo intenzivno pripravljala na svetovno prvenstvo, saj je za tak\u0161no tekmovanje izjemnega pomena tako fizi\u010dna in plesna kot tudi psiholo\u0161ka priprava tekmovalca. Plesalke so bile zelo osredoto\u010dene med samo pripravo na tekmovanje. Trud, delo, povezanost in predanost so bili na koncu popla\u010dani z dvema nazivoma svetovnih prvakinj.<br \/>\nTe\u017eko je ubesediti ob\u010dutke, ko zasli\u0161i\u0161 ime svoje dr\u017eave in na prestolu zagleda\u0161 svoj tim. To je nekaj, kar se ne zgodi pogosto in za kar je potrebno veliko garati. Zmagovalec je vedno lahko le eden in ko je to tvoj tim, te preplavijo \u010dustva in od srca se ti odvali en velik kamen. Kot glavni trenerki in koreografinji mi najve\u010d pomeni zaupanje tima, ljubezen in povezanost, saj ko dose\u017eemo to harmonijo, je uspeh neizbe\u017een.<br \/>\nIzjemno sem ponosna na svoje plesalke, na to, da je zaplapolala slovenska zastava in da je Slovenska Bistrica bogatej\u0161a za dve zlati odli\u010dji svetovnih prvakinj. S svojimi plesnimi varovanci sem \u017ee veliko dosegla, a naziv svetovnih prvakinj je vsekakor titula, ki nikoli ne zbledi,\u00ab je povedala glavna trenerka in koreografinja mag. Martina Plohl in se obenem zahvalil zvestim podpornikom, uglednim podjetjem iz lokalnega okolja.<\/p>\n","protected":false},"excerpt":{"rendered":"<p>Iz Slovenske Bistrice poro\u010dajo o izjemnem uspehu, ki so ga dosegle plesalke tamkaj\u0161njega Plesnega studia Plohl. Minulo nedeljo, 26. novembra, so na svetovnem prvenstvu v umetni\u0161kem dvoranskem plesu v \u010ce\u0161kem Liberecu osvojile kar dva naslova svetovnih prvakinj. Plesni studio Plohl iz Slovenske Bistrice so zastopale plesalke Nastja Zacharias, Nika Zalokar, Barbara \u010ci\u010dak, Simona Smolar, Vesna [&hellip;]<\/p>\n","protected":false},"author":8,"featured_media":169653,"comment_status":"closed","ping_status":"closed","sticky":false,"template":"","format":"standard","meta":{"footnotes":""},"categories":[14,32],"tags":[12851,19247,18063,12850,19248],"class_list":{"0":"post-169648","1":"post","2":"type-post","3":"status-publish","4":"format-standard","5":"has-post-thumbnail","7":"category-aktualno","8":"category-bistrisko","9":"tag-martina","10":"tag-plesalke","11":"tag-plesni-studio","12":"tag-plohl","13":"tag-svetovne-prvakinje"},"yoast_head":"<!-- This site is optimized with the Yoast SEO plugin v27.4 - https:\/\/yoast.com\/product\/yoast-seo-wordpress\/ -->\n<title>Bistri\u0161ke plesalke Slovenijo in Slovensko Bistrico zavihtele na svetovni plesni vrh - Novice.si<\/title>\n<meta name=\"robots\" content=\"index, follow, max-snippet:-1, max-image-preview:large, max-video-preview:-1\" \/>\n<link rel=\"canonical\" href=\"https:\/\/novice.si\/page\/bistriske-plesalke-slovenijo-in-slovensko-bistrico-zavihtele-na-svetovni-plesni-vrh\/\" \/>\n<meta property=\"og:locale\" content=\"sl_SI\" \/>\n<meta property=\"og:type\" content=\"article\" \/>\n<meta property=\"og:title\" content=\"Bistri\u0161ke plesalke Slovenijo in Slovensko Bistrico zavihtele na svetovni plesni vrh - Novice.si\" \/>\n<meta property=\"og:description\" content=\"Iz Slovenske Bistrice poro\u010dajo o izjemnem uspehu, ki so ga dosegle plesalke tamkaj\u0161njega Plesnega studia Plohl. Minulo nedeljo, 26. novembra, so na svetovnem prvenstvu v umetni\u0161kem dvoranskem plesu v \u010ce\u0161kem Liberecu osvojile kar dva naslova svetovnih prvakinj. Plesni studio Plohl iz Slovenske Bistrice so zastopale plesalke Nastja Zacharias, Nika Zalokar, Barbara \u010ci\u010dak, Simona Smolar, Vesna [&hellip;]\" \/>\n<meta property=\"og:url\" content=\"https:\/\/novice.si\/page\/bistriske-plesalke-slovenijo-in-slovensko-bistrico-zavihtele-na-svetovni-plesni-vrh\/\" \/>\n<meta property=\"og:site_name\" content=\"Novice.si\" \/>\n<meta property=\"article:published_time\" content=\"2023-11-29T13:10:05+00:00\" \/>\n<meta property=\"article:modified_time\" content=\"2023-11-29T13:14:03+00:00\" \/>\n<meta property=\"og:image\" content=\"https:\/\/novice.si\/page\/wp-content\/uploads\/2023\/11\/21.jpg\" \/>\n\t<meta property=\"og:image:width\" content=\"2110\" \/>\n\t<meta property=\"og:image:height\" content=\"1992\" \/>\n\t<meta property=\"og:image:type\" content=\"image\/jpeg\" \/>\n<meta name=\"author\" content=\"Uredni\u0161tvo Bistri\u0161kih novic\" \/>\n<meta name=\"twitter:card\" content=\"summary_large_image\" \/>\n<meta name=\"twitter:label1\" content=\"Written by\" \/>\n\t<meta name=\"twitter:data1\" content=\"Uredni\u0161tvo Bistri\u0161kih novic\" \/>\n\t<meta name=\"twitter:label2\" content=\"Est. reading time\" \/>\n\t<meta name=\"twitter:data2\" content=\"3 minute\" \/>\n<script type=\"application\/ld+json\" class=\"yoast-schema-graph\">{\"@context\":\"https:\\\/\\\/schema.org\",\"@graph\":[{\"@type\":\"Article\",\"@id\":\"https:\\\/\\\/novice.si\\\/page\\\/bistriske-plesalke-slovenijo-in-slovensko-bistrico-zavihtele-na-svetovni-plesni-vrh\\\/#article\",\"isPartOf\":{\"@id\":\"https:\\\/\\\/novice.si\\\/page\\\/bistriske-plesalke-slovenijo-in-slovensko-bistrico-zavihtele-na-svetovni-plesni-vrh\\\/\"},\"author\":{\"name\":\"Uredni\u0161tvo Bistri\u0161kih novic\",\"@id\":\"https:\\\/\\\/novice.si\\\/page\\\/#\\\/schema\\\/person\\\/96b32396deedcde3f7f776c306b4be21\"},\"headline\":\"Bistri\u0161ke plesalke Slovenijo in Slovensko Bistrico zavihtele na svetovni plesni vrh\",\"datePublished\":\"2023-11-29T13:10:05+00:00\",\"dateModified\":\"2023-11-29T13:14:03+00:00\",\"mainEntityOfPage\":{\"@id\":\"https:\\\/\\\/novice.si\\\/page\\\/bistriske-plesalke-slovenijo-in-slovensko-bistrico-zavihtele-na-svetovni-plesni-vrh\\\/\"},\"wordCount\":458,\"publisher\":{\"@id\":\"https:\\\/\\\/novice.si\\\/page\\\/#organization\"},\"image\":{\"@id\":\"https:\\\/\\\/novice.si\\\/page\\\/bistriske-plesalke-slovenijo-in-slovensko-bistrico-zavihtele-na-svetovni-plesni-vrh\\\/#primaryimage\"},\"thumbnailUrl\":\"https:\\\/\\\/novice.si\\\/page\\\/wp-content\\\/uploads\\\/2023\\\/11\\\/21.jpg\",\"keywords\":[\"Martina\",\"plesalke\",\"plesni studio\",\"plohl\",\"svetovne prvakinje\"],\"articleSection\":[\"Aktualno\",\"Bistri\u0161ko\"],\"inLanguage\":\"sl-SI\"},{\"@type\":\"WebPage\",\"@id\":\"https:\\\/\\\/novice.si\\\/page\\\/bistriske-plesalke-slovenijo-in-slovensko-bistrico-zavihtele-na-svetovni-plesni-vrh\\\/\",\"url\":\"https:\\\/\\\/novice.si\\\/page\\\/bistriske-plesalke-slovenijo-in-slovensko-bistrico-zavihtele-na-svetovni-plesni-vrh\\\/\",\"name\":\"Bistri\u0161ke plesalke Slovenijo in Slovensko Bistrico zavihtele na svetovni plesni vrh - Novice.si\",\"isPartOf\":{\"@id\":\"https:\\\/\\\/novice.si\\\/page\\\/#website\"},\"primaryImageOfPage\":{\"@id\":\"https:\\\/\\\/novice.si\\\/page\\\/bistriske-plesalke-slovenijo-in-slovensko-bistrico-zavihtele-na-svetovni-plesni-vrh\\\/#primaryimage\"},\"image\":{\"@id\":\"https:\\\/\\\/novice.si\\\/page\\\/bistriske-plesalke-slovenijo-in-slovensko-bistrico-zavihtele-na-svetovni-plesni-vrh\\\/#primaryimage\"},\"thumbnailUrl\":\"https:\\\/\\\/novice.si\\\/page\\\/wp-content\\\/uploads\\\/2023\\\/11\\\/21.jpg\",\"datePublished\":\"2023-11-29T13:10:05+00:00\",\"dateModified\":\"2023-11-29T13:14:03+00:00\",\"breadcrumb\":{\"@id\":\"https:\\\/\\\/novice.si\\\/page\\\/bistriske-plesalke-slovenijo-in-slovensko-bistrico-zavihtele-na-svetovni-plesni-vrh\\\/#breadcrumb\"},\"inLanguage\":\"sl-SI\",\"potentialAction\":[{\"@type\":\"ReadAction\",\"target\":[\"https:\\\/\\\/novice.si\\\/page\\\/bistriske-plesalke-slovenijo-in-slovensko-bistrico-zavihtele-na-svetovni-plesni-vrh\\\/\"]}]},{\"@type\":\"ImageObject\",\"inLanguage\":\"sl-SI\",\"@id\":\"https:\\\/\\\/novice.si\\\/page\\\/bistriske-plesalke-slovenijo-in-slovensko-bistrico-zavihtele-na-svetovni-plesni-vrh\\\/#primaryimage\",\"url\":\"https:\\\/\\\/novice.si\\\/page\\\/wp-content\\\/uploads\\\/2023\\\/11\\\/21.jpg\",\"contentUrl\":\"https:\\\/\\\/novice.si\\\/page\\\/wp-content\\\/uploads\\\/2023\\\/11\\\/21.jpg\",\"width\":2110,\"height\":1992},{\"@type\":\"BreadcrumbList\",\"@id\":\"https:\\\/\\\/novice.si\\\/page\\\/bistriske-plesalke-slovenijo-in-slovensko-bistrico-zavihtele-na-svetovni-plesni-vrh\\\/#breadcrumb\",\"itemListElement\":[{\"@type\":\"ListItem\",\"position\":1,\"name\":\"Home\",\"item\":\"https:\\\/\\\/novice.si\\\/page\\\/\"},{\"@type\":\"ListItem\",\"position\":2,\"name\":\"Bistri\u0161ke plesalke Slovenijo in Slovensko Bistrico zavihtele na svetovni plesni vrh\"}]},{\"@type\":\"WebSite\",\"@id\":\"https:\\\/\\\/novice.si\\\/page\\\/#website\",\"url\":\"https:\\\/\\\/novice.si\\\/page\\\/\",\"name\":\"Novice.si\",\"description\":\"\",\"publisher\":{\"@id\":\"https:\\\/\\\/novice.si\\\/page\\\/#organization\"},\"potentialAction\":[{\"@type\":\"SearchAction\",\"target\":{\"@type\":\"EntryPoint\",\"urlTemplate\":\"https:\\\/\\\/novice.si\\\/page\\\/?s={search_term_string}\"},\"query-input\":{\"@type\":\"PropertyValueSpecification\",\"valueRequired\":true,\"valueName\":\"search_term_string\"}}],\"inLanguage\":\"sl-SI\"},{\"@type\":\"Organization\",\"@id\":\"https:\\\/\\\/novice.si\\\/page\\\/#organization\",\"name\":\"Novice.si\",\"url\":\"https:\\\/\\\/novice.si\\\/page\\\/\",\"logo\":{\"@type\":\"ImageObject\",\"inLanguage\":\"sl-SI\",\"@id\":\"https:\\\/\\\/novice.si\\\/page\\\/#\\\/schema\\\/logo\\\/image\\\/\",\"url\":\"https:\\\/\\\/novice.si\\\/page\\\/wp-content\\\/uploads\\\/2023\\\/03\\\/novice_si.png\",\"contentUrl\":\"https:\\\/\\\/novice.si\\\/page\\\/wp-content\\\/uploads\\\/2023\\\/03\\\/novice_si.png\",\"width\":576,\"height\":200,\"caption\":\"Novice.si\"},\"image\":{\"@id\":\"https:\\\/\\\/novice.si\\\/page\\\/#\\\/schema\\\/logo\\\/image\\\/\"}},{\"@type\":\"Person\",\"@id\":\"https:\\\/\\\/novice.si\\\/page\\\/#\\\/schema\\\/person\\\/96b32396deedcde3f7f776c306b4be21\",\"name\":\"Uredni\u0161tvo Bistri\u0161kih novic\",\"image\":{\"@type\":\"ImageObject\",\"inLanguage\":\"sl-SI\",\"@id\":\"https:\\\/\\\/secure.gravatar.com\\\/avatar\\\/26c56c4b10cdb3a21e86442e5f2845a4eafdd0f3605def77ec6cff4aaef32ea4?s=96&d=mm&r=g\",\"url\":\"https:\\\/\\\/secure.gravatar.com\\\/avatar\\\/26c56c4b10cdb3a21e86442e5f2845a4eafdd0f3605def77ec6cff4aaef32ea4?s=96&d=mm&r=g\",\"contentUrl\":\"https:\\\/\\\/secure.gravatar.com\\\/avatar\\\/26c56c4b10cdb3a21e86442e5f2845a4eafdd0f3605def77ec6cff4aaef32ea4?s=96&d=mm&r=g\",\"caption\":\"Uredni\u0161tvo Bistri\u0161kih novic\"},\"url\":\"https:\\\/\\\/novice.si\\\/page\\\/author\\\/bojana\\\/\"}]}<\/script>\n<!-- \/ Yoast SEO plugin. -->","yoast_head_json":{"title":"Bistri\u0161ke plesalke Slovenijo in Slovensko Bistrico zavihtele na svetovni plesni vrh - Novice.si","robots":{"index":"index","follow":"follow","max-snippet":"max-snippet:-1","max-image-preview":"max-image-preview:large","max-video-preview":"max-video-preview:-1"},"canonical":"https:\/\/novice.si\/page\/bistriske-plesalke-slovenijo-in-slovensko-bistrico-zavihtele-na-svetovni-plesni-vrh\/","og_locale":"sl_SI","og_type":"article","og_title":"Bistri\u0161ke plesalke Slovenijo in Slovensko Bistrico zavihtele na svetovni plesni vrh - Novice.si","og_description":"Iz Slovenske Bistrice poro\u010dajo o izjemnem uspehu, ki so ga dosegle plesalke tamkaj\u0161njega Plesnega studia Plohl. Minulo nedeljo, 26. novembra, so na svetovnem prvenstvu v umetni\u0161kem dvoranskem plesu v \u010ce\u0161kem Liberecu osvojile kar dva naslova svetovnih prvakinj. Plesni studio Plohl iz Slovenske Bistrice so zastopale plesalke Nastja Zacharias, Nika Zalokar, Barbara \u010ci\u010dak, Simona Smolar, Vesna [&hellip;]","og_url":"https:\/\/novice.si\/page\/bistriske-plesalke-slovenijo-in-slovensko-bistrico-zavihtele-na-svetovni-plesni-vrh\/","og_site_name":"Novice.si","article_published_time":"2023-11-29T13:10:05+00:00","article_modified_time":"2023-11-29T13:14:03+00:00","og_image":[{"width":2110,"height":1992,"url":"https:\/\/novice.si\/page\/wp-content\/uploads\/2023\/11\/21.jpg","type":"image\/jpeg"}],"author":"Uredni\u0161tvo Bistri\u0161kih novic","twitter_card":"summary_large_image","twitter_misc":{"Written by":"Uredni\u0161tvo Bistri\u0161kih novic","Est. reading time":"3 minute"},"schema":{"@context":"https:\/\/schema.org","@graph":[{"@type":"Article","@id":"https:\/\/novice.si\/page\/bistriske-plesalke-slovenijo-in-slovensko-bistrico-zavihtele-na-svetovni-plesni-vrh\/#article","isPartOf":{"@id":"https:\/\/novice.si\/page\/bistriske-plesalke-slovenijo-in-slovensko-bistrico-zavihtele-na-svetovni-plesni-vrh\/"},"author":{"name":"Uredni\u0161tvo Bistri\u0161kih novic","@id":"https:\/\/novice.si\/page\/#\/schema\/person\/96b32396deedcde3f7f776c306b4be21"},"headline":"Bistri\u0161ke plesalke Slovenijo in Slovensko Bistrico zavihtele na svetovni plesni vrh","datePublished":"2023-11-29T13:10:05+00:00","dateModified":"2023-11-29T13:14:03+00:00","mainEntityOfPage":{"@id":"https:\/\/novice.si\/page\/bistriske-plesalke-slovenijo-in-slovensko-bistrico-zavihtele-na-svetovni-plesni-vrh\/"},"wordCount":458,"publisher":{"@id":"https:\/\/novice.si\/page\/#organization"},"image":{"@id":"https:\/\/novice.si\/page\/bistriske-plesalke-slovenijo-in-slovensko-bistrico-zavihtele-na-svetovni-plesni-vrh\/#primaryimage"},"thumbnailUrl":"https:\/\/novice.si\/page\/wp-content\/uploads\/2023\/11\/21.jpg","keywords":["Martina","plesalke","plesni studio","plohl","svetovne prvakinje"],"articleSection":["Aktualno","Bistri\u0161ko"],"inLanguage":"sl-SI"},{"@type":"WebPage","@id":"https:\/\/novice.si\/page\/bistriske-plesalke-slovenijo-in-slovensko-bistrico-zavihtele-na-svetovni-plesni-vrh\/","url":"https:\/\/novice.si\/page\/bistriske-plesalke-slovenijo-in-slovensko-bistrico-zavihtele-na-svetovni-plesni-vrh\/","name":"Bistri\u0161ke plesalke Slovenijo in Slovensko Bistrico zavihtele na svetovni plesni vrh - Novice.si","isPartOf":{"@id":"https:\/\/novice.si\/page\/#website"},"primaryImageOfPage":{"@id":"https:\/\/novice.si\/page\/bistriske-plesalke-slovenijo-in-slovensko-bistrico-zavihtele-na-svetovni-plesni-vrh\/#primaryimage"},"image":{"@id":"https:\/\/novice.si\/page\/bistriske-plesalke-slovenijo-in-slovensko-bistrico-zavihtele-na-svetovni-plesni-vrh\/#primaryimage"},"thumbnailUrl":"https:\/\/novice.si\/page\/wp-content\/uploads\/2023\/11\/21.jpg","datePublished":"2023-11-29T13:10:05+00:00","dateModified":"2023-11-29T13:14:03+00:00","breadcrumb":{"@id":"https:\/\/novice.si\/page\/bistriske-plesalke-slovenijo-in-slovensko-bistrico-zavihtele-na-svetovni-plesni-vrh\/#breadcrumb"},"inLanguage":"sl-SI","potentialAction":[{"@type":"ReadAction","target":["https:\/\/novice.si\/page\/bistriske-plesalke-slovenijo-in-slovensko-bistrico-zavihtele-na-svetovni-plesni-vrh\/"]}]},{"@type":"ImageObject","inLanguage":"sl-SI","@id":"https:\/\/novice.si\/page\/bistriske-plesalke-slovenijo-in-slovensko-bistrico-zavihtele-na-svetovni-plesni-vrh\/#primaryimage","url":"https:\/\/novice.si\/page\/wp-content\/uploads\/2023\/11\/21.jpg","contentUrl":"https:\/\/novice.si\/page\/wp-content\/uploads\/2023\/11\/21.jpg","width":2110,"height":1992},{"@type":"BreadcrumbList","@id":"https:\/\/novice.si\/page\/bistriske-plesalke-slovenijo-in-slovensko-bistrico-zavihtele-na-svetovni-plesni-vrh\/#breadcrumb","itemListElement":[{"@type":"ListItem","position":1,"name":"Home","item":"https:\/\/novice.si\/page\/"},{"@type":"ListItem","position":2,"name":"Bistri\u0161ke plesalke Slovenijo in Slovensko Bistrico zavihtele na svetovni plesni vrh"}]},{"@type":"WebSite","@id":"https:\/\/novice.si\/page\/#website","url":"https:\/\/novice.si\/page\/","name":"Novice.si","description":"","publisher":{"@id":"https:\/\/novice.si\/page\/#organization"},"potentialAction":[{"@type":"SearchAction","target":{"@type":"EntryPoint","urlTemplate":"https:\/\/novice.si\/page\/?s={search_term_string}"},"query-input":{"@type":"PropertyValueSpecification","valueRequired":true,"valueName":"search_term_string"}}],"inLanguage":"sl-SI"},{"@type":"Organization","@id":"https:\/\/novice.si\/page\/#organization","name":"Novice.si","url":"https:\/\/novice.si\/page\/","logo":{"@type":"ImageObject","inLanguage":"sl-SI","@id":"https:\/\/novice.si\/page\/#\/schema\/logo\/image\/","url":"https:\/\/novice.si\/page\/wp-content\/uploads\/2023\/03\/novice_si.png","contentUrl":"https:\/\/novice.si\/page\/wp-content\/uploads\/2023\/03\/novice_si.png","width":576,"height":200,"caption":"Novice.si"},"image":{"@id":"https:\/\/novice.si\/page\/#\/schema\/logo\/image\/"}},{"@type":"Person","@id":"https:\/\/novice.si\/page\/#\/schema\/person\/96b32396deedcde3f7f776c306b4be21","name":"Uredni\u0161tvo Bistri\u0161kih novic","image":{"@type":"ImageObject","inLanguage":"sl-SI","@id":"https:\/\/secure.gravatar.com\/avatar\/26c56c4b10cdb3a21e86442e5f2845a4eafdd0f3605def77ec6cff4aaef32ea4?s=96&d=mm&r=g","url":"https:\/\/secure.gravatar.com\/avatar\/26c56c4b10cdb3a21e86442e5f2845a4eafdd0f3605def77ec6cff4aaef32ea4?s=96&d=mm&r=g","contentUrl":"https:\/\/secure.gravatar.com\/avatar\/26c56c4b10cdb3a21e86442e5f2845a4eafdd0f3605def77ec6cff4aaef32ea4?s=96&d=mm&r=g","caption":"Uredni\u0161tvo Bistri\u0161kih novic"},"url":"https:\/\/novice.si\/page\/author\/bojana\/"}]}},"_links":{"self":[{"href":"https:\/\/novice.si\/page\/wp-json\/wp\/v2\/posts\/169648","targetHints":{"allow":["GET"]}}],"collection":[{"href":"https:\/\/novice.si\/page\/wp-json\/wp\/v2\/posts"}],"about":[{"href":"https:\/\/novice.si\/page\/wp-json\/wp\/v2\/types\/post"}],"author":[{"embeddable":true,"href":"https:\/\/novice.si\/page\/wp-json\/wp\/v2\/users\/8"}],"replies":[{"embeddable":true,"href":"https:\/\/novice.si\/page\/wp-json\/wp\/v2\/comments?post=169648"}],"version-history":[{"count":1,"href":"https:\/\/novice.si\/page\/wp-json\/wp\/v2\/posts\/169648\/revisions"}],"predecessor-version":[{"id":169652,"href":"https:\/\/novice.si\/page\/wp-json\/wp\/v2\/posts\/169648\/revisions\/169652"}],"wp:featuredmedia":[{"embeddable":true,"href":"https:\/\/novice.si\/page\/wp-json\/wp\/v2\/media\/169653"}],"wp:attachment":[{"href":"https:\/\/novice.si\/page\/wp-json\/wp\/v2\/media?parent=169648"}],"wp:term":[{"taxonomy":"category","embeddable":true,"href":"https:\/\/novice.si\/page\/wp-json\/wp\/v2\/categories?post=169648"},{"taxonomy":"post_tag","embeddable":true,"href":"https:\/\/novice.si\/page\/wp-json\/wp\/v2\/tags?post=169648"}],"curies":[{"name":"wp","href":"https:\/\/api.w.org\/{rel}","templated":true}]}}