{"id":169640,"date":"2023-11-29T09:51:47","date_gmt":"2023-11-29T08:51:47","guid":{"rendered":"https:\/\/novice.si\/page\/?p=169640"},"modified":"2023-11-29T09:51:47","modified_gmt":"2023-11-29T08:51:47","slug":"kultura-literatura-pesniska-zbirka-lare-bozak-iz-rogatca-med-najboljsimi-literarnimi-prvenci","status":"publish","type":"post","link":"https:\/\/novice.si\/page\/kultura-literatura-pesniska-zbirka-lare-bozak-iz-rogatca-med-najboljsimi-literarnimi-prvenci\/","title":{"rendered":"KULTURA LITERATURA Pesni\u0161ka zbirka Lare Bo\u017eak iz Rogatca med najbolj\u0161imi literarnimi prvenci"},"content":{"rendered":"<p><strong>Lara Bo\u017eak iz Rogatca je mlada pesnica, ki je to jesen izdala svojo prvo pesni\u0161ko zbirko Z luknjami v prepihu. <\/strong><\/p>\n<p>\u017de s svojim prvencem je prepri\u010dala literarne kritike. Njena pesni\u0161ka zbirka je bila namre\u010d nominirana za najbolj\u0161i literarni prvenec 39. Slovenskega knji\u017enega sejma.<br \/>\n<strong>Lara Bo\u017eak<\/strong> je za rubriko Kultura literatura na Radiu Rogla povedala, da so jo pesmi poklicale \u017ee v otro\u0161tvu, resneje pa je za\u010dela pisati v dija\u0161kih letih:<\/p>\n<audio class=\"wp-audio-shortcode\" id=\"audio-169640-1\" preload=\"none\" style=\"width: 100%;\" controls=\"controls\"><source type=\"audio\/mpeg\" src=\"https:\/\/novice.si\/page\/wp-content\/uploads\/2023\/11\/bozak-2311-PRVI-DEL.mp3?_=1\" \/><a href=\"https:\/\/novice.si\/page\/wp-content\/uploads\/2023\/11\/bozak-2311-PRVI-DEL.mp3\">https:\/\/novice.si\/page\/wp-content\/uploads\/2023\/11\/bozak-2311-PRVI-DEL.mp3<\/a><\/audio>\n<p>Pesni\u0161ka zbirka Z luknjami je izrazito ve\u010dplastna, samosvoja zbirka poglobljenega iskanja ravnovesja med danim in neulovljivim, s zapisali v utemeljitvi nominacije. Zajema nekaj manj kot 40 pesmi:<\/p>\n<audio class=\"wp-audio-shortcode\" id=\"audio-169640-2\" preload=\"none\" style=\"width: 100%;\" controls=\"controls\"><source type=\"audio\/mpeg\" src=\"https:\/\/novice.si\/page\/wp-content\/uploads\/2023\/11\/bozak-2311-DRUGI-DEL.mp3?_=2\" \/><a href=\"https:\/\/novice.si\/page\/wp-content\/uploads\/2023\/11\/bozak-2311-DRUGI-DEL.mp3\">https:\/\/novice.si\/page\/wp-content\/uploads\/2023\/11\/bozak-2311-DRUGI-DEL.mp3<\/a><\/audio>\n<p>O sporo\u010dilnosti svoje poezije 23-letna \u0161tudentka humanisti\u010dnih \u0161tudij nerada govori:<\/p>\n<audio class=\"wp-audio-shortcode\" id=\"audio-169640-3\" preload=\"none\" style=\"width: 100%;\" controls=\"controls\"><source type=\"audio\/mpeg\" src=\"https:\/\/novice.si\/page\/wp-content\/uploads\/2023\/11\/bozak-2311-TRETJI-DEL.mp3?_=3\" \/><a href=\"https:\/\/novice.si\/page\/wp-content\/uploads\/2023\/11\/bozak-2311-TRETJI-DEL.mp3\">https:\/\/novice.si\/page\/wp-content\/uploads\/2023\/11\/bozak-2311-TRETJI-DEL.mp3<\/a><\/audio>\n<p>&nbsp;<\/p>\n\r\n                <style type=\"text\/css\">\r\n                    \r\n                    #tdi_1  .td-doubleSlider-2 .td-item1 {\r\n                        background: url(https:\/\/novice.si\/page\/wp-content\/uploads\/2023\/11\/zbirka_rogatec-80x60.jpg) 0 0 no-repeat;\r\n                    }\r\n                    #tdi_1  .td-doubleSlider-2 .td-item2 {\r\n                        background: url(https:\/\/novice.si\/page\/wp-content\/uploads\/2023\/11\/lara-bozak-80x60.jpg) 0 0 no-repeat;\r\n                    }\r\n                    #tdi_1  .td-doubleSlider-2 .td-item3 {\r\n                        background: url(https:\/\/novice.si\/page\/wp-content\/uploads\/2023\/11\/381030446_6875828845801065_4209564672959068773_n-80x60.jpg) 0 0 no-repeat;\r\n                    }\r\n                <\/style>\r\n\r\n                <div id=\"tdi_1\" class=\"td-gallery td-slide-on-2-columns\">\r\n                    <div class=\"post_td_gallery\">\r\n                        <div class=\"td-gallery-slide-top\">\r\n                           <div class=\"td-gallery-title\"><\/div>\r\n\r\n                            <div class=\"td-gallery-controls-wrapper\">\r\n                                <div class=\"td-gallery-slide-count\"><span class=\"td-gallery-slide-item-focus\">1<\/span> od 3<\/div>\r\n                                <div class=\"td-gallery-slide-prev-next-but\">\r\n                                    <i class = \"td-icon-left doubleSliderPrevButton\"><\/i>\r\n                                    <i class = \"td-icon-right doubleSliderNextButton\"><\/i>\r\n                                <\/div>\r\n                            <\/div>\r\n                        <\/div>\r\n\r\n                        <div class = \"td-doubleSlider-1 \">\r\n                            <div class = \"td-slider\">\r\n                                \r\n                    <div class = \"td-slide-item td-item1\">\r\n                        <figure class=\"td-slide-galery-figure td-slide-popup-gallery\">\r\n                            <a class=\"slide-gallery-image-link\" href=\"https:\/\/novice.si\/page\/wp-content\/uploads\/2023\/11\/zbirka_rogatec.jpg\" title=\"zbirka_rogatec\"  data-caption=\"Foto: Knji\u017enica Roga\u0161ka Slatina\"  data-description=\"\" data-gallery>\r\n                                <img decoding=\"async\" src=\"https:\/\/novice.si\/page\/wp-content\/uploads\/2023\/11\/zbirka_rogatec-630x420.jpg\" srcset=\"https:\/\/novice.si\/page\/wp-content\/uploads\/2023\/11\/zbirka_rogatec-630x420.jpg 630w, https:\/\/novice.si\/page\/wp-content\/uploads\/2023\/11\/zbirka_rogatec-600x400.jpg 600w, https:\/\/novice.si\/page\/wp-content\/uploads\/2023\/11\/zbirka_rogatec-768x512.jpg 768w, https:\/\/novice.si\/page\/wp-content\/uploads\/2023\/11\/zbirka_rogatec-696x464.jpg 696w, https:\/\/novice.si\/page\/wp-content\/uploads\/2023\/11\/zbirka_rogatec-24x16.jpg 24w, https:\/\/novice.si\/page\/wp-content\/uploads\/2023\/11\/zbirka_rogatec-36x24.jpg 36w, https:\/\/novice.si\/page\/wp-content\/uploads\/2023\/11\/zbirka_rogatec-48x32.jpg 48w, https:\/\/novice.si\/page\/wp-content\/uploads\/2023\/11\/zbirka_rogatec.jpg 780w\" sizes=\"(max-width: 630px) 100vw, 630px\" alt=\"\">\r\n                            <\/a>\r\n                            <figcaption class = \"td-slide-caption td-gallery-slide-content\"><div class = \"td-gallery-slide-copywrite\">Foto: Knji\u017enica Roga\u0161ka Slatina<\/div><\/figcaption>\r\n                        <\/figure>\r\n                    <\/div>\r\n                    <div class = \"td-slide-item td-item2\">\r\n                        <figure class=\"td-slide-galery-figure td-slide-popup-gallery\">\r\n                            <a class=\"slide-gallery-image-link\" href=\"https:\/\/novice.si\/page\/wp-content\/uploads\/2023\/11\/lara-bozak.jpg\" title=\"lara bozak\"  data-caption=\"Foto: almamater.si\"  data-description=\"\" data-gallery>\r\n                                <img decoding=\"async\" src=\"https:\/\/novice.si\/page\/wp-content\/uploads\/2023\/11\/lara-bozak-421x420.jpg\" srcset=\"https:\/\/novice.si\/page\/wp-content\/uploads\/2023\/11\/lara-bozak-421x420.jpg 421w, https:\/\/novice.si\/page\/wp-content\/uploads\/2023\/11\/lara-bozak-600x598.jpg 600w, https:\/\/novice.si\/page\/wp-content\/uploads\/2023\/11\/lara-bozak-150x150.jpg 150w, https:\/\/novice.si\/page\/wp-content\/uploads\/2023\/11\/lara-bozak-768x766.jpg 768w, https:\/\/novice.si\/page\/wp-content\/uploads\/2023\/11\/lara-bozak-696x694.jpg 696w, https:\/\/novice.si\/page\/wp-content\/uploads\/2023\/11\/lara-bozak-24x24.jpg 24w, https:\/\/novice.si\/page\/wp-content\/uploads\/2023\/11\/lara-bozak-36x36.jpg 36w, https:\/\/novice.si\/page\/wp-content\/uploads\/2023\/11\/lara-bozak-48x48.jpg 48w, https:\/\/novice.si\/page\/wp-content\/uploads\/2023\/11\/lara-bozak.jpg 960w\" sizes=\"(max-width: 421px) 100vw, 421px\" alt=\"\">\r\n                            <\/a>\r\n                            <figcaption class = \"td-slide-caption td-gallery-slide-content\"><div class = \"td-gallery-slide-copywrite\">Foto: almamater.si<\/div><\/figcaption>\r\n                        <\/figure>\r\n                    <\/div>\r\n                    <div class = \"td-slide-item td-item3\">\r\n                        <figure class=\"td-slide-galery-figure td-slide-popup-gallery\">\r\n                            <a class=\"slide-gallery-image-link\" href=\"https:\/\/novice.si\/page\/wp-content\/uploads\/2023\/11\/381030446_6875828845801065_4209564672959068773_n.jpg\" title=\"381030446_6875828845801065_4209564672959068773_n\"  data-caption=\"Foto: Lara Bo\u017eak\/FB\"  data-description=\"\" data-gallery>\r\n                                <img decoding=\"async\" src=\"https:\/\/novice.si\/page\/wp-content\/uploads\/2023\/11\/381030446_6875828845801065_4209564672959068773_n-562x420.jpg\" srcset=\"https:\/\/novice.si\/page\/wp-content\/uploads\/2023\/11\/381030446_6875828845801065_4209564672959068773_n-562x420.jpg 562w, https:\/\/novice.si\/page\/wp-content\/uploads\/2023\/11\/381030446_6875828845801065_4209564672959068773_n-600x448.jpg 600w, https:\/\/novice.si\/page\/wp-content\/uploads\/2023\/11\/381030446_6875828845801065_4209564672959068773_n-1024x765.jpg 1024w, https:\/\/novice.si\/page\/wp-content\/uploads\/2023\/11\/381030446_6875828845801065_4209564672959068773_n-768x574.jpg 768w, https:\/\/novice.si\/page\/wp-content\/uploads\/2023\/11\/381030446_6875828845801065_4209564672959068773_n-80x60.jpg 80w, https:\/\/novice.si\/page\/wp-content\/uploads\/2023\/11\/381030446_6875828845801065_4209564672959068773_n-265x198.jpg 265w, https:\/\/novice.si\/page\/wp-content\/uploads\/2023\/11\/381030446_6875828845801065_4209564672959068773_n-696x520.jpg 696w, https:\/\/novice.si\/page\/wp-content\/uploads\/2023\/11\/381030446_6875828845801065_4209564672959068773_n-1068x798.jpg 1068w, https:\/\/novice.si\/page\/wp-content\/uploads\/2023\/11\/381030446_6875828845801065_4209564672959068773_n-24x18.jpg 24w, https:\/\/novice.si\/page\/wp-content\/uploads\/2023\/11\/381030446_6875828845801065_4209564672959068773_n-36x27.jpg 36w, https:\/\/novice.si\/page\/wp-content\/uploads\/2023\/11\/381030446_6875828845801065_4209564672959068773_n-48x36.jpg 48w, https:\/\/novice.si\/page\/wp-content\/uploads\/2023\/11\/381030446_6875828845801065_4209564672959068773_n.jpg 1440w\" sizes=\"(max-width: 562px) 100vw, 562px\" alt=\"\">\r\n                            <\/a>\r\n                            <figcaption class = \"td-slide-caption td-gallery-slide-content\"><div class = \"td-gallery-slide-copywrite\">Foto: Lara Bo\u017eak\/FB<\/div><\/figcaption>\r\n                        <\/figure>\r\n                    <\/div>\r\n                            <\/div>\r\n                        <\/div>\r\n\r\n                        <div class = \"td-doubleSlider-2\">\r\n                            <div class = \"td-slider\">\r\n                                \r\n                    <div class = \"td-button td-item1\">\r\n                        <div class = \"td-border\"><\/div>\r\n                    <\/div>\r\n                    <div class = \"td-button td-item2\">\r\n                        <div class = \"td-border\"><\/div>\r\n                    <\/div>\r\n                    <div class = \"td-button td-item3\">\r\n                        <div class = \"td-border\"><\/div>\r\n                    <\/div>\r\n                            <\/div>\r\n                        <\/div>\r\n\r\n                    <\/div>\r\n\r\n                <\/div>\r\n                \n<p>&nbsp;<\/p>\n<p>&nbsp;<\/p>\n<p>&nbsp;<\/p>\n","protected":false},"excerpt":{"rendered":"<p>Lara Bo\u017eak iz Rogatca je mlada pesnica, ki je to jesen izdala svojo prvo pesni\u0161ko zbirko Z luknjami v prepihu. \u017de s svojim prvencem je prepri\u010dala literarne kritike. Njena pesni\u0161ka zbirka je bila namre\u010d nominirana za najbolj\u0161i literarni prvenec 39. Slovenskega knji\u017enega sejma. Lara Bo\u017eak je za rubriko Kultura literatura na Radiu Rogla povedala, da [&hellip;]<\/p>\n","protected":false},"author":12,"featured_media":169645,"comment_status":"closed","ping_status":"closed","sticky":false,"template":"","format":"standard","meta":{"footnotes":""},"categories":[14,868,15,38,3108],"tags":[],"class_list":{"0":"post-169640","1":"post","2":"type-post","3":"status-publish","4":"format-standard","5":"has-post-thumbnail","7":"category-aktualno","8":"category-casopisi","9":"category-druzabno","10":"category-kozjansko","11":"category-radio-rogla"},"yoast_head":"<!-- This site is optimized with the Yoast SEO plugin v27.4 - https:\/\/yoast.com\/product\/yoast-seo-wordpress\/ -->\n<title>KULTURA LITERATURA Pesni\u0161ka zbirka Lare Bo\u017eak iz Rogatca med najbolj\u0161imi literarnimi prvenci - Novice.si<\/title>\n<meta name=\"robots\" content=\"index, follow, max-snippet:-1, max-image-preview:large, max-video-preview:-1\" \/>\n<link rel=\"canonical\" href=\"https:\/\/novice.si\/page\/kultura-literatura-pesniska-zbirka-lare-bozak-iz-rogatca-med-najboljsimi-literarnimi-prvenci\/\" \/>\n<meta property=\"og:locale\" content=\"sl_SI\" \/>\n<meta property=\"og:type\" content=\"article\" \/>\n<meta property=\"og:title\" content=\"KULTURA LITERATURA Pesni\u0161ka zbirka Lare Bo\u017eak iz Rogatca med najbolj\u0161imi literarnimi prvenci - Novice.si\" \/>\n<meta property=\"og:description\" content=\"Lara Bo\u017eak iz Rogatca je mlada pesnica, ki je to jesen izdala svojo prvo pesni\u0161ko zbirko Z luknjami v prepihu. \u017de s svojim prvencem je prepri\u010dala literarne kritike. Njena pesni\u0161ka zbirka je bila namre\u010d nominirana za najbolj\u0161i literarni prvenec 39. Slovenskega knji\u017enega sejma. Lara Bo\u017eak je za rubriko Kultura literatura na Radiu Rogla povedala, da [&hellip;]\" \/>\n<meta property=\"og:url\" content=\"https:\/\/novice.si\/page\/kultura-literatura-pesniska-zbirka-lare-bozak-iz-rogatca-med-najboljsimi-literarnimi-prvenci\/\" \/>\n<meta property=\"og:site_name\" content=\"Novice.si\" \/>\n<meta property=\"article:published_time\" content=\"2023-11-29T08:51:47+00:00\" \/>\n<meta property=\"og:image\" content=\"https:\/\/novice.si\/page\/wp-content\/uploads\/2023\/11\/lara-bozak.jpg\" \/>\n\t<meta property=\"og:image:width\" content=\"960\" \/>\n\t<meta property=\"og:image:height\" content=\"957\" \/>\n\t<meta property=\"og:image:type\" content=\"image\/jpeg\" \/>\n<meta name=\"author\" content=\"Uredni\u0161tvo Celjana\" \/>\n<meta name=\"twitter:card\" content=\"summary_large_image\" \/>\n<meta name=\"twitter:label1\" content=\"Written by\" \/>\n\t<meta name=\"twitter:data1\" content=\"Uredni\u0161tvo Celjana\" \/>\n\t<meta name=\"twitter:label2\" content=\"Est. reading time\" \/>\n\t<meta name=\"twitter:data2\" content=\"1 minuta\" \/>\n<script type=\"application\/ld+json\" class=\"yoast-schema-graph\">{\"@context\":\"https:\\\/\\\/schema.org\",\"@graph\":[{\"@type\":\"Article\",\"@id\":\"https:\\\/\\\/novice.si\\\/page\\\/kultura-literatura-pesniska-zbirka-lare-bozak-iz-rogatca-med-najboljsimi-literarnimi-prvenci\\\/#article\",\"isPartOf\":{\"@id\":\"https:\\\/\\\/novice.si\\\/page\\\/kultura-literatura-pesniska-zbirka-lare-bozak-iz-rogatca-med-najboljsimi-literarnimi-prvenci\\\/\"},\"author\":{\"name\":\"Uredni\u0161tvo Celjana\",\"@id\":\"https:\\\/\\\/novice.si\\\/page\\\/#\\\/schema\\\/person\\\/51903923b50fefb075bc1cd24fe4d065\"},\"headline\":\"KULTURA LITERATURA Pesni\u0161ka zbirka Lare Bo\u017eak iz Rogatca med najbolj\u0161imi literarnimi prvenci\",\"datePublished\":\"2023-11-29T08:51:47+00:00\",\"mainEntityOfPage\":{\"@id\":\"https:\\\/\\\/novice.si\\\/page\\\/kultura-literatura-pesniska-zbirka-lare-bozak-iz-rogatca-med-najboljsimi-literarnimi-prvenci\\\/\"},\"wordCount\":183,\"publisher\":{\"@id\":\"https:\\\/\\\/novice.si\\\/page\\\/#organization\"},\"image\":{\"@id\":\"https:\\\/\\\/novice.si\\\/page\\\/kultura-literatura-pesniska-zbirka-lare-bozak-iz-rogatca-med-najboljsimi-literarnimi-prvenci\\\/#primaryimage\"},\"thumbnailUrl\":\"https:\\\/\\\/novice.si\\\/page\\\/wp-content\\\/uploads\\\/2023\\\/11\\\/lara-bozak.jpg\",\"articleSection\":[\"Aktualno\",\"\u010casopisi\",\"Dru\u017eabno\",\"Kozjansko\",\"Radio Rogla\"],\"inLanguage\":\"sl-SI\"},{\"@type\":\"WebPage\",\"@id\":\"https:\\\/\\\/novice.si\\\/page\\\/kultura-literatura-pesniska-zbirka-lare-bozak-iz-rogatca-med-najboljsimi-literarnimi-prvenci\\\/\",\"url\":\"https:\\\/\\\/novice.si\\\/page\\\/kultura-literatura-pesniska-zbirka-lare-bozak-iz-rogatca-med-najboljsimi-literarnimi-prvenci\\\/\",\"name\":\"KULTURA LITERATURA Pesni\u0161ka zbirka Lare Bo\u017eak iz Rogatca med najbolj\u0161imi literarnimi prvenci - Novice.si\",\"isPartOf\":{\"@id\":\"https:\\\/\\\/novice.si\\\/page\\\/#website\"},\"primaryImageOfPage\":{\"@id\":\"https:\\\/\\\/novice.si\\\/page\\\/kultura-literatura-pesniska-zbirka-lare-bozak-iz-rogatca-med-najboljsimi-literarnimi-prvenci\\\/#primaryimage\"},\"image\":{\"@id\":\"https:\\\/\\\/novice.si\\\/page\\\/kultura-literatura-pesniska-zbirka-lare-bozak-iz-rogatca-med-najboljsimi-literarnimi-prvenci\\\/#primaryimage\"},\"thumbnailUrl\":\"https:\\\/\\\/novice.si\\\/page\\\/wp-content\\\/uploads\\\/2023\\\/11\\\/lara-bozak.jpg\",\"datePublished\":\"2023-11-29T08:51:47+00:00\",\"breadcrumb\":{\"@id\":\"https:\\\/\\\/novice.si\\\/page\\\/kultura-literatura-pesniska-zbirka-lare-bozak-iz-rogatca-med-najboljsimi-literarnimi-prvenci\\\/#breadcrumb\"},\"inLanguage\":\"sl-SI\",\"potentialAction\":[{\"@type\":\"ReadAction\",\"target\":[\"https:\\\/\\\/novice.si\\\/page\\\/kultura-literatura-pesniska-zbirka-lare-bozak-iz-rogatca-med-najboljsimi-literarnimi-prvenci\\\/\"]}]},{\"@type\":\"ImageObject\",\"inLanguage\":\"sl-SI\",\"@id\":\"https:\\\/\\\/novice.si\\\/page\\\/kultura-literatura-pesniska-zbirka-lare-bozak-iz-rogatca-med-najboljsimi-literarnimi-prvenci\\\/#primaryimage\",\"url\":\"https:\\\/\\\/novice.si\\\/page\\\/wp-content\\\/uploads\\\/2023\\\/11\\\/lara-bozak.jpg\",\"contentUrl\":\"https:\\\/\\\/novice.si\\\/page\\\/wp-content\\\/uploads\\\/2023\\\/11\\\/lara-bozak.jpg\",\"width\":960,\"height\":957,\"caption\":\"Foto: almamater.si\"},{\"@type\":\"BreadcrumbList\",\"@id\":\"https:\\\/\\\/novice.si\\\/page\\\/kultura-literatura-pesniska-zbirka-lare-bozak-iz-rogatca-med-najboljsimi-literarnimi-prvenci\\\/#breadcrumb\",\"itemListElement\":[{\"@type\":\"ListItem\",\"position\":1,\"name\":\"Home\",\"item\":\"https:\\\/\\\/novice.si\\\/page\\\/\"},{\"@type\":\"ListItem\",\"position\":2,\"name\":\"KULTURA LITERATURA Pesni\u0161ka zbirka Lare Bo\u017eak iz Rogatca med najbolj\u0161imi literarnimi prvenci\"}]},{\"@type\":\"WebSite\",\"@id\":\"https:\\\/\\\/novice.si\\\/page\\\/#website\",\"url\":\"https:\\\/\\\/novice.si\\\/page\\\/\",\"name\":\"Novice.si\",\"description\":\"\",\"publisher\":{\"@id\":\"https:\\\/\\\/novice.si\\\/page\\\/#organization\"},\"potentialAction\":[{\"@type\":\"SearchAction\",\"target\":{\"@type\":\"EntryPoint\",\"urlTemplate\":\"https:\\\/\\\/novice.si\\\/page\\\/?s={search_term_string}\"},\"query-input\":{\"@type\":\"PropertyValueSpecification\",\"valueRequired\":true,\"valueName\":\"search_term_string\"}}],\"inLanguage\":\"sl-SI\"},{\"@type\":\"Organization\",\"@id\":\"https:\\\/\\\/novice.si\\\/page\\\/#organization\",\"name\":\"Novice.si\",\"url\":\"https:\\\/\\\/novice.si\\\/page\\\/\",\"logo\":{\"@type\":\"ImageObject\",\"inLanguage\":\"sl-SI\",\"@id\":\"https:\\\/\\\/novice.si\\\/page\\\/#\\\/schema\\\/logo\\\/image\\\/\",\"url\":\"https:\\\/\\\/novice.si\\\/page\\\/wp-content\\\/uploads\\\/2023\\\/03\\\/novice_si.png\",\"contentUrl\":\"https:\\\/\\\/novice.si\\\/page\\\/wp-content\\\/uploads\\\/2023\\\/03\\\/novice_si.png\",\"width\":576,\"height\":200,\"caption\":\"Novice.si\"},\"image\":{\"@id\":\"https:\\\/\\\/novice.si\\\/page\\\/#\\\/schema\\\/logo\\\/image\\\/\"}},{\"@type\":\"Person\",\"@id\":\"https:\\\/\\\/novice.si\\\/page\\\/#\\\/schema\\\/person\\\/51903923b50fefb075bc1cd24fe4d065\",\"name\":\"Uredni\u0161tvo Celjana\",\"image\":{\"@type\":\"ImageObject\",\"inLanguage\":\"sl-SI\",\"@id\":\"https:\\\/\\\/secure.gravatar.com\\\/avatar\\\/b516f102aa90b53619e09722b8ea56721c99bfcb4f1035f9b333d99f52330226?s=96&d=mm&r=g\",\"url\":\"https:\\\/\\\/secure.gravatar.com\\\/avatar\\\/b516f102aa90b53619e09722b8ea56721c99bfcb4f1035f9b333d99f52330226?s=96&d=mm&r=g\",\"contentUrl\":\"https:\\\/\\\/secure.gravatar.com\\\/avatar\\\/b516f102aa90b53619e09722b8ea56721c99bfcb4f1035f9b333d99f52330226?s=96&d=mm&r=g\",\"caption\":\"Uredni\u0161tvo Celjana\"},\"url\":\"https:\\\/\\\/novice.si\\\/page\\\/author\\\/nejc\\\/\"}]}<\/script>\n<!-- \/ Yoast SEO plugin. -->","yoast_head_json":{"title":"KULTURA LITERATURA Pesni\u0161ka zbirka Lare Bo\u017eak iz Rogatca med najbolj\u0161imi literarnimi prvenci - Novice.si","robots":{"index":"index","follow":"follow","max-snippet":"max-snippet:-1","max-image-preview":"max-image-preview:large","max-video-preview":"max-video-preview:-1"},"canonical":"https:\/\/novice.si\/page\/kultura-literatura-pesniska-zbirka-lare-bozak-iz-rogatca-med-najboljsimi-literarnimi-prvenci\/","og_locale":"sl_SI","og_type":"article","og_title":"KULTURA LITERATURA Pesni\u0161ka zbirka Lare Bo\u017eak iz Rogatca med najbolj\u0161imi literarnimi prvenci - Novice.si","og_description":"Lara Bo\u017eak iz Rogatca je mlada pesnica, ki je to jesen izdala svojo prvo pesni\u0161ko zbirko Z luknjami v prepihu. \u017de s svojim prvencem je prepri\u010dala literarne kritike. Njena pesni\u0161ka zbirka je bila namre\u010d nominirana za najbolj\u0161i literarni prvenec 39. Slovenskega knji\u017enega sejma. Lara Bo\u017eak je za rubriko Kultura literatura na Radiu Rogla povedala, da [&hellip;]","og_url":"https:\/\/novice.si\/page\/kultura-literatura-pesniska-zbirka-lare-bozak-iz-rogatca-med-najboljsimi-literarnimi-prvenci\/","og_site_name":"Novice.si","article_published_time":"2023-11-29T08:51:47+00:00","og_image":[{"width":960,"height":957,"url":"https:\/\/novice.si\/page\/wp-content\/uploads\/2023\/11\/lara-bozak.jpg","type":"image\/jpeg"}],"author":"Uredni\u0161tvo Celjana","twitter_card":"summary_large_image","twitter_misc":{"Written by":"Uredni\u0161tvo Celjana","Est. reading time":"1 minuta"},"schema":{"@context":"https:\/\/schema.org","@graph":[{"@type":"Article","@id":"https:\/\/novice.si\/page\/kultura-literatura-pesniska-zbirka-lare-bozak-iz-rogatca-med-najboljsimi-literarnimi-prvenci\/#article","isPartOf":{"@id":"https:\/\/novice.si\/page\/kultura-literatura-pesniska-zbirka-lare-bozak-iz-rogatca-med-najboljsimi-literarnimi-prvenci\/"},"author":{"name":"Uredni\u0161tvo Celjana","@id":"https:\/\/novice.si\/page\/#\/schema\/person\/51903923b50fefb075bc1cd24fe4d065"},"headline":"KULTURA LITERATURA Pesni\u0161ka zbirka Lare Bo\u017eak iz Rogatca med najbolj\u0161imi literarnimi prvenci","datePublished":"2023-11-29T08:51:47+00:00","mainEntityOfPage":{"@id":"https:\/\/novice.si\/page\/kultura-literatura-pesniska-zbirka-lare-bozak-iz-rogatca-med-najboljsimi-literarnimi-prvenci\/"},"wordCount":183,"publisher":{"@id":"https:\/\/novice.si\/page\/#organization"},"image":{"@id":"https:\/\/novice.si\/page\/kultura-literatura-pesniska-zbirka-lare-bozak-iz-rogatca-med-najboljsimi-literarnimi-prvenci\/#primaryimage"},"thumbnailUrl":"https:\/\/novice.si\/page\/wp-content\/uploads\/2023\/11\/lara-bozak.jpg","articleSection":["Aktualno","\u010casopisi","Dru\u017eabno","Kozjansko","Radio Rogla"],"inLanguage":"sl-SI"},{"@type":"WebPage","@id":"https:\/\/novice.si\/page\/kultura-literatura-pesniska-zbirka-lare-bozak-iz-rogatca-med-najboljsimi-literarnimi-prvenci\/","url":"https:\/\/novice.si\/page\/kultura-literatura-pesniska-zbirka-lare-bozak-iz-rogatca-med-najboljsimi-literarnimi-prvenci\/","name":"KULTURA LITERATURA Pesni\u0161ka zbirka Lare Bo\u017eak iz Rogatca med najbolj\u0161imi literarnimi prvenci - Novice.si","isPartOf":{"@id":"https:\/\/novice.si\/page\/#website"},"primaryImageOfPage":{"@id":"https:\/\/novice.si\/page\/kultura-literatura-pesniska-zbirka-lare-bozak-iz-rogatca-med-najboljsimi-literarnimi-prvenci\/#primaryimage"},"image":{"@id":"https:\/\/novice.si\/page\/kultura-literatura-pesniska-zbirka-lare-bozak-iz-rogatca-med-najboljsimi-literarnimi-prvenci\/#primaryimage"},"thumbnailUrl":"https:\/\/novice.si\/page\/wp-content\/uploads\/2023\/11\/lara-bozak.jpg","datePublished":"2023-11-29T08:51:47+00:00","breadcrumb":{"@id":"https:\/\/novice.si\/page\/kultura-literatura-pesniska-zbirka-lare-bozak-iz-rogatca-med-najboljsimi-literarnimi-prvenci\/#breadcrumb"},"inLanguage":"sl-SI","potentialAction":[{"@type":"ReadAction","target":["https:\/\/novice.si\/page\/kultura-literatura-pesniska-zbirka-lare-bozak-iz-rogatca-med-najboljsimi-literarnimi-prvenci\/"]}]},{"@type":"ImageObject","inLanguage":"sl-SI","@id":"https:\/\/novice.si\/page\/kultura-literatura-pesniska-zbirka-lare-bozak-iz-rogatca-med-najboljsimi-literarnimi-prvenci\/#primaryimage","url":"https:\/\/novice.si\/page\/wp-content\/uploads\/2023\/11\/lara-bozak.jpg","contentUrl":"https:\/\/novice.si\/page\/wp-content\/uploads\/2023\/11\/lara-bozak.jpg","width":960,"height":957,"caption":"Foto: almamater.si"},{"@type":"BreadcrumbList","@id":"https:\/\/novice.si\/page\/kultura-literatura-pesniska-zbirka-lare-bozak-iz-rogatca-med-najboljsimi-literarnimi-prvenci\/#breadcrumb","itemListElement":[{"@type":"ListItem","position":1,"name":"Home","item":"https:\/\/novice.si\/page\/"},{"@type":"ListItem","position":2,"name":"KULTURA LITERATURA Pesni\u0161ka zbirka Lare Bo\u017eak iz Rogatca med najbolj\u0161imi literarnimi prvenci"}]},{"@type":"WebSite","@id":"https:\/\/novice.si\/page\/#website","url":"https:\/\/novice.si\/page\/","name":"Novice.si","description":"","publisher":{"@id":"https:\/\/novice.si\/page\/#organization"},"potentialAction":[{"@type":"SearchAction","target":{"@type":"EntryPoint","urlTemplate":"https:\/\/novice.si\/page\/?s={search_term_string}"},"query-input":{"@type":"PropertyValueSpecification","valueRequired":true,"valueName":"search_term_string"}}],"inLanguage":"sl-SI"},{"@type":"Organization","@id":"https:\/\/novice.si\/page\/#organization","name":"Novice.si","url":"https:\/\/novice.si\/page\/","logo":{"@type":"ImageObject","inLanguage":"sl-SI","@id":"https:\/\/novice.si\/page\/#\/schema\/logo\/image\/","url":"https:\/\/novice.si\/page\/wp-content\/uploads\/2023\/03\/novice_si.png","contentUrl":"https:\/\/novice.si\/page\/wp-content\/uploads\/2023\/03\/novice_si.png","width":576,"height":200,"caption":"Novice.si"},"image":{"@id":"https:\/\/novice.si\/page\/#\/schema\/logo\/image\/"}},{"@type":"Person","@id":"https:\/\/novice.si\/page\/#\/schema\/person\/51903923b50fefb075bc1cd24fe4d065","name":"Uredni\u0161tvo Celjana","image":{"@type":"ImageObject","inLanguage":"sl-SI","@id":"https:\/\/secure.gravatar.com\/avatar\/b516f102aa90b53619e09722b8ea56721c99bfcb4f1035f9b333d99f52330226?s=96&d=mm&r=g","url":"https:\/\/secure.gravatar.com\/avatar\/b516f102aa90b53619e09722b8ea56721c99bfcb4f1035f9b333d99f52330226?s=96&d=mm&r=g","contentUrl":"https:\/\/secure.gravatar.com\/avatar\/b516f102aa90b53619e09722b8ea56721c99bfcb4f1035f9b333d99f52330226?s=96&d=mm&r=g","caption":"Uredni\u0161tvo Celjana"},"url":"https:\/\/novice.si\/page\/author\/nejc\/"}]}},"_links":{"self":[{"href":"https:\/\/novice.si\/page\/wp-json\/wp\/v2\/posts\/169640","targetHints":{"allow":["GET"]}}],"collection":[{"href":"https:\/\/novice.si\/page\/wp-json\/wp\/v2\/posts"}],"about":[{"href":"https:\/\/novice.si\/page\/wp-json\/wp\/v2\/types\/post"}],"author":[{"embeddable":true,"href":"https:\/\/novice.si\/page\/wp-json\/wp\/v2\/users\/12"}],"replies":[{"embeddable":true,"href":"https:\/\/novice.si\/page\/wp-json\/wp\/v2\/comments?post=169640"}],"version-history":[{"count":1,"href":"https:\/\/novice.si\/page\/wp-json\/wp\/v2\/posts\/169640\/revisions"}],"predecessor-version":[{"id":169647,"href":"https:\/\/novice.si\/page\/wp-json\/wp\/v2\/posts\/169640\/revisions\/169647"}],"wp:featuredmedia":[{"embeddable":true,"href":"https:\/\/novice.si\/page\/wp-json\/wp\/v2\/media\/169645"}],"wp:attachment":[{"href":"https:\/\/novice.si\/page\/wp-json\/wp\/v2\/media?parent=169640"}],"wp:term":[{"taxonomy":"category","embeddable":true,"href":"https:\/\/novice.si\/page\/wp-json\/wp\/v2\/categories?post=169640"},{"taxonomy":"post_tag","embeddable":true,"href":"https:\/\/novice.si\/page\/wp-json\/wp\/v2\/tags?post=169640"}],"curies":[{"name":"wp","href":"https:\/\/api.w.org\/{rel}","templated":true}]}}