{"id":169635,"date":"2023-11-29T09:19:47","date_gmt":"2023-11-29T08:19:47","guid":{"rendered":"https:\/\/novice.si\/page\/?p=169635"},"modified":"2023-11-29T09:19:47","modified_gmt":"2023-11-29T08:19:47","slug":"robi-iskrac-konjicanom-smreko-podaril-ze-cetrtic","status":"publish","type":"post","link":"https:\/\/novice.si\/page\/robi-iskrac-konjicanom-smreko-podaril-ze-cetrtic\/","title":{"rendered":"Robi Iskra\u010d Konji\u010danom smreko podaril \u017ee \u010detrti\u010d"},"content":{"rendered":"<p><strong>Te dni se \u017ee veselimo vstopa v &#8216;veseli december&#8217;. Priprave so v tudi v Slovenskih Konjicah \u017ee za\u010deli, tudi s postavitvijo smreke.<\/strong><\/p>\n<p>Veliko prazni\u010dno smreko, ki \u017ee stoji na konji\u0161kem Mestnem trgu, je Konji\u010dankam in Konji\u010danom podaril doma\u010di podjetnik <strong>Robi Iskra\u010d<\/strong>. To je storil \u017ee \u010detrto leto zapored. Poleg tega pa je poskrbel tudi za vso logistiko in postavitev smreke.<br \/>\nEkipa, ki je poskrbela za postavitev smreke:<\/p>\n<p><img loading=\"lazy\" decoding=\"async\" class=\"alignnone size-medium wp-image-169637\" src=\"https:\/\/novice.si\/page\/wp-content\/uploads\/2023\/11\/019_postavljanje-jelke-23-1-600x400.jpg\" alt=\"\" width=\"600\" height=\"400\" srcset=\"https:\/\/novice.si\/page\/wp-content\/uploads\/2023\/11\/019_postavljanje-jelke-23-1-600x400.jpg 600w, https:\/\/novice.si\/page\/wp-content\/uploads\/2023\/11\/019_postavljanje-jelke-23-1-1024x683.jpg 1024w, https:\/\/novice.si\/page\/wp-content\/uploads\/2023\/11\/019_postavljanje-jelke-23-1-768x512.jpg 768w, https:\/\/novice.si\/page\/wp-content\/uploads\/2023\/11\/019_postavljanje-jelke-23-1-1536x1024.jpg 1536w, https:\/\/novice.si\/page\/wp-content\/uploads\/2023\/11\/019_postavljanje-jelke-23-1-2048x1365.jpg 2048w, https:\/\/novice.si\/page\/wp-content\/uploads\/2023\/11\/019_postavljanje-jelke-23-1-696x464.jpg 696w, https:\/\/novice.si\/page\/wp-content\/uploads\/2023\/11\/019_postavljanje-jelke-23-1-1068x712.jpg 1068w, https:\/\/novice.si\/page\/wp-content\/uploads\/2023\/11\/019_postavljanje-jelke-23-1-630x420.jpg 630w, https:\/\/novice.si\/page\/wp-content\/uploads\/2023\/11\/019_postavljanje-jelke-23-1-1920x1280.jpg 1920w, https:\/\/novice.si\/page\/wp-content\/uploads\/2023\/11\/019_postavljanje-jelke-23-1-24x16.jpg 24w, https:\/\/novice.si\/page\/wp-content\/uploads\/2023\/11\/019_postavljanje-jelke-23-1-36x24.jpg 36w, https:\/\/novice.si\/page\/wp-content\/uploads\/2023\/11\/019_postavljanje-jelke-23-1-48x32.jpg 48w\" sizes=\"auto, (max-width: 600px) 100vw, 600px\" \/> <img loading=\"lazy\" decoding=\"async\" class=\"alignnone size-medium wp-image-169638\" src=\"https:\/\/novice.si\/page\/wp-content\/uploads\/2023\/11\/017_postavljanje-jelke-23-400x600.jpg\" alt=\"\" width=\"400\" height=\"600\" srcset=\"https:\/\/novice.si\/page\/wp-content\/uploads\/2023\/11\/017_postavljanje-jelke-23-400x600.jpg 400w, https:\/\/novice.si\/page\/wp-content\/uploads\/2023\/11\/017_postavljanje-jelke-23-683x1024.jpg 683w, https:\/\/novice.si\/page\/wp-content\/uploads\/2023\/11\/017_postavljanje-jelke-23-768x1152.jpg 768w, https:\/\/novice.si\/page\/wp-content\/uploads\/2023\/11\/017_postavljanje-jelke-23-1024x1536.jpg 1024w, https:\/\/novice.si\/page\/wp-content\/uploads\/2023\/11\/017_postavljanje-jelke-23-1365x2048.jpg 1365w, https:\/\/novice.si\/page\/wp-content\/uploads\/2023\/11\/017_postavljanje-jelke-23-696x1044.jpg 696w, https:\/\/novice.si\/page\/wp-content\/uploads\/2023\/11\/017_postavljanje-jelke-23-1068x1602.jpg 1068w, https:\/\/novice.si\/page\/wp-content\/uploads\/2023\/11\/017_postavljanje-jelke-23-280x420.jpg 280w, https:\/\/novice.si\/page\/wp-content\/uploads\/2023\/11\/017_postavljanje-jelke-23-1920x2880.jpg 1920w, https:\/\/novice.si\/page\/wp-content\/uploads\/2023\/11\/017_postavljanje-jelke-23-16x24.jpg 16w, https:\/\/novice.si\/page\/wp-content\/uploads\/2023\/11\/017_postavljanje-jelke-23-24x36.jpg 24w, https:\/\/novice.si\/page\/wp-content\/uploads\/2023\/11\/017_postavljanje-jelke-23-32x48.jpg 32w, https:\/\/novice.si\/page\/wp-content\/uploads\/2023\/11\/017_postavljanje-jelke-23-scaled.jpg 1707w\" sizes=\"auto, (max-width: 400px) 100vw, 400px\" \/><\/p>\n<p>&nbsp;<\/p>\n","protected":false},"excerpt":{"rendered":"<p>Te dni se \u017ee veselimo vstopa v &#8216;veseli december&#8217;. Priprave so v tudi v Slovenskih Konjicah \u017ee za\u010deli, tudi s postavitvijo smreke. Veliko prazni\u010dno smreko, ki \u017ee stoji na konji\u0161kem Mestnem trgu, je Konji\u010dankam in Konji\u010danom podaril doma\u010di podjetnik Robi Iskra\u010d. To je storil \u017ee \u010detrto leto zapored. Poleg tega pa je poskrbel tudi za [&hellip;]<\/p>\n","protected":false},"author":12,"featured_media":169637,"comment_status":"closed","ping_status":"closed","sticky":false,"template":"","format":"standard","meta":{"footnotes":""},"categories":[14,15,16,141,3108],"tags":[],"class_list":{"0":"post-169635","1":"post","2":"type-post","3":"status-publish","4":"format-standard","5":"has-post-thumbnail","7":"category-aktualno","8":"category-druzabno","9":"category-konjisko","10":"category-novice","11":"category-radio-rogla"},"yoast_head":"<!-- This site is optimized with the Yoast SEO plugin v27.4 - https:\/\/yoast.com\/product\/yoast-seo-wordpress\/ -->\n<title>Robi Iskra\u010d Konji\u010danom smreko podaril \u017ee \u010detrti\u010d - Novice.si<\/title>\n<meta name=\"robots\" content=\"index, follow, max-snippet:-1, max-image-preview:large, max-video-preview:-1\" \/>\n<link rel=\"canonical\" href=\"https:\/\/novice.si\/page\/robi-iskrac-konjicanom-smreko-podaril-ze-cetrtic\/\" \/>\n<meta property=\"og:locale\" content=\"sl_SI\" \/>\n<meta property=\"og:type\" content=\"article\" \/>\n<meta property=\"og:title\" content=\"Robi Iskra\u010d Konji\u010danom smreko podaril \u017ee \u010detrti\u010d - Novice.si\" \/>\n<meta property=\"og:description\" content=\"Te dni se \u017ee veselimo vstopa v &#8216;veseli december&#8217;. Priprave so v tudi v Slovenskih Konjicah \u017ee za\u010deli, tudi s postavitvijo smreke. Veliko prazni\u010dno smreko, ki \u017ee stoji na konji\u0161kem Mestnem trgu, je Konji\u010dankam in Konji\u010danom podaril doma\u010di podjetnik Robi Iskra\u010d. To je storil \u017ee \u010detrto leto zapored. Poleg tega pa je poskrbel tudi za [&hellip;]\" \/>\n<meta property=\"og:url\" content=\"https:\/\/novice.si\/page\/robi-iskrac-konjicanom-smreko-podaril-ze-cetrtic\/\" \/>\n<meta property=\"og:site_name\" content=\"Novice.si\" \/>\n<meta property=\"article:published_time\" content=\"2023-11-29T08:19:47+00:00\" \/>\n<meta property=\"og:image\" content=\"https:\/\/novice.si\/page\/wp-content\/uploads\/2023\/11\/019_postavljanje-jelke-23-1-scaled.jpg\" \/>\n\t<meta property=\"og:image:width\" content=\"2560\" \/>\n\t<meta property=\"og:image:height\" content=\"1707\" \/>\n\t<meta property=\"og:image:type\" content=\"image\/jpeg\" \/>\n<meta name=\"author\" content=\"Uredni\u0161tvo Celjana\" \/>\n<meta name=\"twitter:card\" content=\"summary_large_image\" \/>\n<meta name=\"twitter:label1\" content=\"Written by\" \/>\n\t<meta name=\"twitter:data1\" content=\"Uredni\u0161tvo Celjana\" \/>\n\t<meta name=\"twitter:label2\" content=\"Est. reading time\" \/>\n\t<meta name=\"twitter:data2\" content=\"1 minuta\" \/>\n<script type=\"application\/ld+json\" class=\"yoast-schema-graph\">{\"@context\":\"https:\\\/\\\/schema.org\",\"@graph\":[{\"@type\":\"Article\",\"@id\":\"https:\\\/\\\/novice.si\\\/page\\\/robi-iskrac-konjicanom-smreko-podaril-ze-cetrtic\\\/#article\",\"isPartOf\":{\"@id\":\"https:\\\/\\\/novice.si\\\/page\\\/robi-iskrac-konjicanom-smreko-podaril-ze-cetrtic\\\/\"},\"author\":{\"name\":\"Uredni\u0161tvo Celjana\",\"@id\":\"https:\\\/\\\/novice.si\\\/page\\\/#\\\/schema\\\/person\\\/51903923b50fefb075bc1cd24fe4d065\"},\"headline\":\"Robi Iskra\u010d Konji\u010danom smreko podaril \u017ee \u010detrti\u010d\",\"datePublished\":\"2023-11-29T08:19:47+00:00\",\"mainEntityOfPage\":{\"@id\":\"https:\\\/\\\/novice.si\\\/page\\\/robi-iskrac-konjicanom-smreko-podaril-ze-cetrtic\\\/\"},\"wordCount\":82,\"publisher\":{\"@id\":\"https:\\\/\\\/novice.si\\\/page\\\/#organization\"},\"image\":{\"@id\":\"https:\\\/\\\/novice.si\\\/page\\\/robi-iskrac-konjicanom-smreko-podaril-ze-cetrtic\\\/#primaryimage\"},\"thumbnailUrl\":\"https:\\\/\\\/novice.si\\\/page\\\/wp-content\\\/uploads\\\/2023\\\/11\\\/019_postavljanje-jelke-23-1-scaled.jpg\",\"articleSection\":[\"Aktualno\",\"Dru\u017eabno\",\"Konji\u0161ko\",\"Novice\",\"Radio Rogla\"],\"inLanguage\":\"sl-SI\"},{\"@type\":\"WebPage\",\"@id\":\"https:\\\/\\\/novice.si\\\/page\\\/robi-iskrac-konjicanom-smreko-podaril-ze-cetrtic\\\/\",\"url\":\"https:\\\/\\\/novice.si\\\/page\\\/robi-iskrac-konjicanom-smreko-podaril-ze-cetrtic\\\/\",\"name\":\"Robi Iskra\u010d Konji\u010danom smreko podaril \u017ee \u010detrti\u010d - Novice.si\",\"isPartOf\":{\"@id\":\"https:\\\/\\\/novice.si\\\/page\\\/#website\"},\"primaryImageOfPage\":{\"@id\":\"https:\\\/\\\/novice.si\\\/page\\\/robi-iskrac-konjicanom-smreko-podaril-ze-cetrtic\\\/#primaryimage\"},\"image\":{\"@id\":\"https:\\\/\\\/novice.si\\\/page\\\/robi-iskrac-konjicanom-smreko-podaril-ze-cetrtic\\\/#primaryimage\"},\"thumbnailUrl\":\"https:\\\/\\\/novice.si\\\/page\\\/wp-content\\\/uploads\\\/2023\\\/11\\\/019_postavljanje-jelke-23-1-scaled.jpg\",\"datePublished\":\"2023-11-29T08:19:47+00:00\",\"breadcrumb\":{\"@id\":\"https:\\\/\\\/novice.si\\\/page\\\/robi-iskrac-konjicanom-smreko-podaril-ze-cetrtic\\\/#breadcrumb\"},\"inLanguage\":\"sl-SI\",\"potentialAction\":[{\"@type\":\"ReadAction\",\"target\":[\"https:\\\/\\\/novice.si\\\/page\\\/robi-iskrac-konjicanom-smreko-podaril-ze-cetrtic\\\/\"]}]},{\"@type\":\"ImageObject\",\"inLanguage\":\"sl-SI\",\"@id\":\"https:\\\/\\\/novice.si\\\/page\\\/robi-iskrac-konjicanom-smreko-podaril-ze-cetrtic\\\/#primaryimage\",\"url\":\"https:\\\/\\\/novice.si\\\/page\\\/wp-content\\\/uploads\\\/2023\\\/11\\\/019_postavljanje-jelke-23-1-scaled.jpg\",\"contentUrl\":\"https:\\\/\\\/novice.si\\\/page\\\/wp-content\\\/uploads\\\/2023\\\/11\\\/019_postavljanje-jelke-23-1-scaled.jpg\",\"width\":2560,\"height\":1707},{\"@type\":\"BreadcrumbList\",\"@id\":\"https:\\\/\\\/novice.si\\\/page\\\/robi-iskrac-konjicanom-smreko-podaril-ze-cetrtic\\\/#breadcrumb\",\"itemListElement\":[{\"@type\":\"ListItem\",\"position\":1,\"name\":\"Home\",\"item\":\"https:\\\/\\\/novice.si\\\/page\\\/\"},{\"@type\":\"ListItem\",\"position\":2,\"name\":\"Robi Iskra\u010d Konji\u010danom smreko podaril \u017ee \u010detrti\u010d\"}]},{\"@type\":\"WebSite\",\"@id\":\"https:\\\/\\\/novice.si\\\/page\\\/#website\",\"url\":\"https:\\\/\\\/novice.si\\\/page\\\/\",\"name\":\"Novice.si\",\"description\":\"\",\"publisher\":{\"@id\":\"https:\\\/\\\/novice.si\\\/page\\\/#organization\"},\"potentialAction\":[{\"@type\":\"SearchAction\",\"target\":{\"@type\":\"EntryPoint\",\"urlTemplate\":\"https:\\\/\\\/novice.si\\\/page\\\/?s={search_term_string}\"},\"query-input\":{\"@type\":\"PropertyValueSpecification\",\"valueRequired\":true,\"valueName\":\"search_term_string\"}}],\"inLanguage\":\"sl-SI\"},{\"@type\":\"Organization\",\"@id\":\"https:\\\/\\\/novice.si\\\/page\\\/#organization\",\"name\":\"Novice.si\",\"url\":\"https:\\\/\\\/novice.si\\\/page\\\/\",\"logo\":{\"@type\":\"ImageObject\",\"inLanguage\":\"sl-SI\",\"@id\":\"https:\\\/\\\/novice.si\\\/page\\\/#\\\/schema\\\/logo\\\/image\\\/\",\"url\":\"https:\\\/\\\/novice.si\\\/page\\\/wp-content\\\/uploads\\\/2023\\\/03\\\/novice_si.png\",\"contentUrl\":\"https:\\\/\\\/novice.si\\\/page\\\/wp-content\\\/uploads\\\/2023\\\/03\\\/novice_si.png\",\"width\":576,\"height\":200,\"caption\":\"Novice.si\"},\"image\":{\"@id\":\"https:\\\/\\\/novice.si\\\/page\\\/#\\\/schema\\\/logo\\\/image\\\/\"}},{\"@type\":\"Person\",\"@id\":\"https:\\\/\\\/novice.si\\\/page\\\/#\\\/schema\\\/person\\\/51903923b50fefb075bc1cd24fe4d065\",\"name\":\"Uredni\u0161tvo Celjana\",\"image\":{\"@type\":\"ImageObject\",\"inLanguage\":\"sl-SI\",\"@id\":\"https:\\\/\\\/secure.gravatar.com\\\/avatar\\\/b516f102aa90b53619e09722b8ea56721c99bfcb4f1035f9b333d99f52330226?s=96&d=mm&r=g\",\"url\":\"https:\\\/\\\/secure.gravatar.com\\\/avatar\\\/b516f102aa90b53619e09722b8ea56721c99bfcb4f1035f9b333d99f52330226?s=96&d=mm&r=g\",\"contentUrl\":\"https:\\\/\\\/secure.gravatar.com\\\/avatar\\\/b516f102aa90b53619e09722b8ea56721c99bfcb4f1035f9b333d99f52330226?s=96&d=mm&r=g\",\"caption\":\"Uredni\u0161tvo Celjana\"},\"url\":\"https:\\\/\\\/novice.si\\\/page\\\/author\\\/nejc\\\/\"}]}<\/script>\n<!-- \/ Yoast SEO plugin. -->","yoast_head_json":{"title":"Robi Iskra\u010d Konji\u010danom smreko podaril \u017ee \u010detrti\u010d - Novice.si","robots":{"index":"index","follow":"follow","max-snippet":"max-snippet:-1","max-image-preview":"max-image-preview:large","max-video-preview":"max-video-preview:-1"},"canonical":"https:\/\/novice.si\/page\/robi-iskrac-konjicanom-smreko-podaril-ze-cetrtic\/","og_locale":"sl_SI","og_type":"article","og_title":"Robi Iskra\u010d Konji\u010danom smreko podaril \u017ee \u010detrti\u010d - Novice.si","og_description":"Te dni se \u017ee veselimo vstopa v &#8216;veseli december&#8217;. Priprave so v tudi v Slovenskih Konjicah \u017ee za\u010deli, tudi s postavitvijo smreke. Veliko prazni\u010dno smreko, ki \u017ee stoji na konji\u0161kem Mestnem trgu, je Konji\u010dankam in Konji\u010danom podaril doma\u010di podjetnik Robi Iskra\u010d. To je storil \u017ee \u010detrto leto zapored. Poleg tega pa je poskrbel tudi za [&hellip;]","og_url":"https:\/\/novice.si\/page\/robi-iskrac-konjicanom-smreko-podaril-ze-cetrtic\/","og_site_name":"Novice.si","article_published_time":"2023-11-29T08:19:47+00:00","og_image":[{"width":2560,"height":1707,"url":"https:\/\/novice.si\/page\/wp-content\/uploads\/2023\/11\/019_postavljanje-jelke-23-1-scaled.jpg","type":"image\/jpeg"}],"author":"Uredni\u0161tvo Celjana","twitter_card":"summary_large_image","twitter_misc":{"Written by":"Uredni\u0161tvo Celjana","Est. reading time":"1 minuta"},"schema":{"@context":"https:\/\/schema.org","@graph":[{"@type":"Article","@id":"https:\/\/novice.si\/page\/robi-iskrac-konjicanom-smreko-podaril-ze-cetrtic\/#article","isPartOf":{"@id":"https:\/\/novice.si\/page\/robi-iskrac-konjicanom-smreko-podaril-ze-cetrtic\/"},"author":{"name":"Uredni\u0161tvo Celjana","@id":"https:\/\/novice.si\/page\/#\/schema\/person\/51903923b50fefb075bc1cd24fe4d065"},"headline":"Robi Iskra\u010d Konji\u010danom smreko podaril \u017ee \u010detrti\u010d","datePublished":"2023-11-29T08:19:47+00:00","mainEntityOfPage":{"@id":"https:\/\/novice.si\/page\/robi-iskrac-konjicanom-smreko-podaril-ze-cetrtic\/"},"wordCount":82,"publisher":{"@id":"https:\/\/novice.si\/page\/#organization"},"image":{"@id":"https:\/\/novice.si\/page\/robi-iskrac-konjicanom-smreko-podaril-ze-cetrtic\/#primaryimage"},"thumbnailUrl":"https:\/\/novice.si\/page\/wp-content\/uploads\/2023\/11\/019_postavljanje-jelke-23-1-scaled.jpg","articleSection":["Aktualno","Dru\u017eabno","Konji\u0161ko","Novice","Radio Rogla"],"inLanguage":"sl-SI"},{"@type":"WebPage","@id":"https:\/\/novice.si\/page\/robi-iskrac-konjicanom-smreko-podaril-ze-cetrtic\/","url":"https:\/\/novice.si\/page\/robi-iskrac-konjicanom-smreko-podaril-ze-cetrtic\/","name":"Robi Iskra\u010d Konji\u010danom smreko podaril \u017ee \u010detrti\u010d - Novice.si","isPartOf":{"@id":"https:\/\/novice.si\/page\/#website"},"primaryImageOfPage":{"@id":"https:\/\/novice.si\/page\/robi-iskrac-konjicanom-smreko-podaril-ze-cetrtic\/#primaryimage"},"image":{"@id":"https:\/\/novice.si\/page\/robi-iskrac-konjicanom-smreko-podaril-ze-cetrtic\/#primaryimage"},"thumbnailUrl":"https:\/\/novice.si\/page\/wp-content\/uploads\/2023\/11\/019_postavljanje-jelke-23-1-scaled.jpg","datePublished":"2023-11-29T08:19:47+00:00","breadcrumb":{"@id":"https:\/\/novice.si\/page\/robi-iskrac-konjicanom-smreko-podaril-ze-cetrtic\/#breadcrumb"},"inLanguage":"sl-SI","potentialAction":[{"@type":"ReadAction","target":["https:\/\/novice.si\/page\/robi-iskrac-konjicanom-smreko-podaril-ze-cetrtic\/"]}]},{"@type":"ImageObject","inLanguage":"sl-SI","@id":"https:\/\/novice.si\/page\/robi-iskrac-konjicanom-smreko-podaril-ze-cetrtic\/#primaryimage","url":"https:\/\/novice.si\/page\/wp-content\/uploads\/2023\/11\/019_postavljanje-jelke-23-1-scaled.jpg","contentUrl":"https:\/\/novice.si\/page\/wp-content\/uploads\/2023\/11\/019_postavljanje-jelke-23-1-scaled.jpg","width":2560,"height":1707},{"@type":"BreadcrumbList","@id":"https:\/\/novice.si\/page\/robi-iskrac-konjicanom-smreko-podaril-ze-cetrtic\/#breadcrumb","itemListElement":[{"@type":"ListItem","position":1,"name":"Home","item":"https:\/\/novice.si\/page\/"},{"@type":"ListItem","position":2,"name":"Robi Iskra\u010d Konji\u010danom smreko podaril \u017ee \u010detrti\u010d"}]},{"@type":"WebSite","@id":"https:\/\/novice.si\/page\/#website","url":"https:\/\/novice.si\/page\/","name":"Novice.si","description":"","publisher":{"@id":"https:\/\/novice.si\/page\/#organization"},"potentialAction":[{"@type":"SearchAction","target":{"@type":"EntryPoint","urlTemplate":"https:\/\/novice.si\/page\/?s={search_term_string}"},"query-input":{"@type":"PropertyValueSpecification","valueRequired":true,"valueName":"search_term_string"}}],"inLanguage":"sl-SI"},{"@type":"Organization","@id":"https:\/\/novice.si\/page\/#organization","name":"Novice.si","url":"https:\/\/novice.si\/page\/","logo":{"@type":"ImageObject","inLanguage":"sl-SI","@id":"https:\/\/novice.si\/page\/#\/schema\/logo\/image\/","url":"https:\/\/novice.si\/page\/wp-content\/uploads\/2023\/03\/novice_si.png","contentUrl":"https:\/\/novice.si\/page\/wp-content\/uploads\/2023\/03\/novice_si.png","width":576,"height":200,"caption":"Novice.si"},"image":{"@id":"https:\/\/novice.si\/page\/#\/schema\/logo\/image\/"}},{"@type":"Person","@id":"https:\/\/novice.si\/page\/#\/schema\/person\/51903923b50fefb075bc1cd24fe4d065","name":"Uredni\u0161tvo Celjana","image":{"@type":"ImageObject","inLanguage":"sl-SI","@id":"https:\/\/secure.gravatar.com\/avatar\/b516f102aa90b53619e09722b8ea56721c99bfcb4f1035f9b333d99f52330226?s=96&d=mm&r=g","url":"https:\/\/secure.gravatar.com\/avatar\/b516f102aa90b53619e09722b8ea56721c99bfcb4f1035f9b333d99f52330226?s=96&d=mm&r=g","contentUrl":"https:\/\/secure.gravatar.com\/avatar\/b516f102aa90b53619e09722b8ea56721c99bfcb4f1035f9b333d99f52330226?s=96&d=mm&r=g","caption":"Uredni\u0161tvo Celjana"},"url":"https:\/\/novice.si\/page\/author\/nejc\/"}]}},"_links":{"self":[{"href":"https:\/\/novice.si\/page\/wp-json\/wp\/v2\/posts\/169635","targetHints":{"allow":["GET"]}}],"collection":[{"href":"https:\/\/novice.si\/page\/wp-json\/wp\/v2\/posts"}],"about":[{"href":"https:\/\/novice.si\/page\/wp-json\/wp\/v2\/types\/post"}],"author":[{"embeddable":true,"href":"https:\/\/novice.si\/page\/wp-json\/wp\/v2\/users\/12"}],"replies":[{"embeddable":true,"href":"https:\/\/novice.si\/page\/wp-json\/wp\/v2\/comments?post=169635"}],"version-history":[{"count":1,"href":"https:\/\/novice.si\/page\/wp-json\/wp\/v2\/posts\/169635\/revisions"}],"predecessor-version":[{"id":169639,"href":"https:\/\/novice.si\/page\/wp-json\/wp\/v2\/posts\/169635\/revisions\/169639"}],"wp:featuredmedia":[{"embeddable":true,"href":"https:\/\/novice.si\/page\/wp-json\/wp\/v2\/media\/169637"}],"wp:attachment":[{"href":"https:\/\/novice.si\/page\/wp-json\/wp\/v2\/media?parent=169635"}],"wp:term":[{"taxonomy":"category","embeddable":true,"href":"https:\/\/novice.si\/page\/wp-json\/wp\/v2\/categories?post=169635"},{"taxonomy":"post_tag","embeddable":true,"href":"https:\/\/novice.si\/page\/wp-json\/wp\/v2\/tags?post=169635"}],"curies":[{"name":"wp","href":"https:\/\/api.w.org\/{rel}","templated":true}]}}