{"id":169628,"date":"2023-11-28T13:38:57","date_gmt":"2023-11-28T12:38:57","guid":{"rendered":"https:\/\/novice.si\/page\/?p=169628"},"modified":"2023-11-28T13:38:57","modified_gmt":"2023-11-28T12:38:57","slug":"v-zrecah-odlocno-proti-vetrnim-elektrarnam-na-pohorju-nocemo-jih-in-jih-ne-potrebujemo","status":"publish","type":"post","link":"https:\/\/novice.si\/page\/v-zrecah-odlocno-proti-vetrnim-elektrarnam-na-pohorju-nocemo-jih-in-jih-ne-potrebujemo\/","title":{"rendered":"V Zre\u010dah odlo\u010dno proti vetrnim elektrarnam na Pohorju: &#8220;No\u010demo jih in jih ne potrebujemo!&#8221;"},"content":{"rendered":"<p><strong>Udele\u017eenci nedavne okrogle mize, ki jo je pripravila Ob\u010dina Zre\u010de, so predstavili razloge, zakaj vetrnih elektrarn na Pohorju no\u010dejo. Podpornikov projekta ni bilo.<\/strong><\/p>\n<p><img loading=\"lazy\" decoding=\"async\" class=\"wp-image-169629 alignleft\" src=\"https:\/\/novice.si\/page\/wp-content\/uploads\/2023\/11\/okrogla-miza-zrece-1-600x450.jpg\" alt=\"\" width=\"355\" height=\"266\" srcset=\"https:\/\/novice.si\/page\/wp-content\/uploads\/2023\/11\/okrogla-miza-zrece-1-600x450.jpg 600w, https:\/\/novice.si\/page\/wp-content\/uploads\/2023\/11\/okrogla-miza-zrece-1-1024x768.jpg 1024w, https:\/\/novice.si\/page\/wp-content\/uploads\/2023\/11\/okrogla-miza-zrece-1-768x576.jpg 768w, https:\/\/novice.si\/page\/wp-content\/uploads\/2023\/11\/okrogla-miza-zrece-1-1536x1152.jpg 1536w, https:\/\/novice.si\/page\/wp-content\/uploads\/2023\/11\/okrogla-miza-zrece-1-2048x1536.jpg 2048w, https:\/\/novice.si\/page\/wp-content\/uploads\/2023\/11\/okrogla-miza-zrece-1-80x60.jpg 80w, https:\/\/novice.si\/page\/wp-content\/uploads\/2023\/11\/okrogla-miza-zrece-1-265x198.jpg 265w, https:\/\/novice.si\/page\/wp-content\/uploads\/2023\/11\/okrogla-miza-zrece-1-696x522.jpg 696w, https:\/\/novice.si\/page\/wp-content\/uploads\/2023\/11\/okrogla-miza-zrece-1-1068x801.jpg 1068w, https:\/\/novice.si\/page\/wp-content\/uploads\/2023\/11\/okrogla-miza-zrece-1-560x420.jpg 560w, https:\/\/novice.si\/page\/wp-content\/uploads\/2023\/11\/okrogla-miza-zrece-1-1920x1440.jpg 1920w, https:\/\/novice.si\/page\/wp-content\/uploads\/2023\/11\/okrogla-miza-zrece-1-24x18.jpg 24w, https:\/\/novice.si\/page\/wp-content\/uploads\/2023\/11\/okrogla-miza-zrece-1-36x27.jpg 36w, https:\/\/novice.si\/page\/wp-content\/uploads\/2023\/11\/okrogla-miza-zrece-1-48x36.jpg 48w\" sizes=\"auto, (max-width: 355px) 100vw, 355px\" \/>O projektu vetrnih elektrarn na Pohorju so govorili na nedavni okrogli mizi, ki jo je v zre\u0161ki ve\u010dnamenski dvorani pripravila Ob\u010dina Zre\u010de. Udele\u017eenci, vabljeni gostje in ob\u010dani, so predstavljali razloge, zakaj vetrnic na Pohorju ne bi smelo biti. Prakti\u010dno vsi v dvorani so projektu odlo\u010dno nasprotovali. Predstavnikov investitorjev in ministrstev, ki peljejo postopke za umestitev 56 vetrnic na Pohorju, ni bilo.<br \/>\nSpregovorili pa so predstavniki naravovarstvenih organizacij in civilnih iniciativ, zavodov za gozdove in varstvo narave, lovci, planinci, turisti\u010dnih podjetij, predstavniki lokalnih skupnosti, \u017eupani, poslanca, prebivalci Pohorja in drugi.<\/p>\n<p><strong>Ob\u010dina Zre\u010de: elektrarne na Pohorje ne sodijo<\/strong><\/p>\n<p><strong>Katju\u0161a \u010cre\u0161nar<\/strong> z zre\u0161ke ob\u010dinske uprave je uvodoma predstavila pobude, ki so jih v zadnjem obdobju prejeli za umestitev vetrnic v ob\u010dini. Med njimi je tudi pobuda za umestitev manj\u0161e vetrne elektrarne na obmo\u010dju Dobrovelj, ki jo \u0161e presojajo. Spomnila je na pobudo dru\u017ebe Stiria invest iz leta 2019 za izgradnjo polja vetrnih elektrarn Mislinja, po kateri bi vetrnice postavili tudi na obmo\u010dju ob\u010dine Zre\u010de, na Rogli, s \u010dimer se ob\u010dinski svet v letu 2021 ni strinjal. Projekt je v fazi \u0161tudije variant.<br \/>\n<img loading=\"lazy\" decoding=\"async\" class=\"wp-image-169630 alignleft\" src=\"https:\/\/novice.si\/page\/wp-content\/uploads\/2023\/11\/okrogla-miza-zrece-2-600x450.jpg\" alt=\"\" width=\"289\" height=\"217\" srcset=\"https:\/\/novice.si\/page\/wp-content\/uploads\/2023\/11\/okrogla-miza-zrece-2-600x450.jpg 600w, https:\/\/novice.si\/page\/wp-content\/uploads\/2023\/11\/okrogla-miza-zrece-2-1024x768.jpg 1024w, https:\/\/novice.si\/page\/wp-content\/uploads\/2023\/11\/okrogla-miza-zrece-2-768x576.jpg 768w, https:\/\/novice.si\/page\/wp-content\/uploads\/2023\/11\/okrogla-miza-zrece-2-1536x1152.jpg 1536w, https:\/\/novice.si\/page\/wp-content\/uploads\/2023\/11\/okrogla-miza-zrece-2-2048x1536.jpg 2048w, https:\/\/novice.si\/page\/wp-content\/uploads\/2023\/11\/okrogla-miza-zrece-2-80x60.jpg 80w, https:\/\/novice.si\/page\/wp-content\/uploads\/2023\/11\/okrogla-miza-zrece-2-265x198.jpg 265w, https:\/\/novice.si\/page\/wp-content\/uploads\/2023\/11\/okrogla-miza-zrece-2-696x522.jpg 696w, https:\/\/novice.si\/page\/wp-content\/uploads\/2023\/11\/okrogla-miza-zrece-2-1068x801.jpg 1068w, https:\/\/novice.si\/page\/wp-content\/uploads\/2023\/11\/okrogla-miza-zrece-2-560x420.jpg 560w, https:\/\/novice.si\/page\/wp-content\/uploads\/2023\/11\/okrogla-miza-zrece-2-1920x1440.jpg 1920w, https:\/\/novice.si\/page\/wp-content\/uploads\/2023\/11\/okrogla-miza-zrece-2-24x18.jpg 24w, https:\/\/novice.si\/page\/wp-content\/uploads\/2023\/11\/okrogla-miza-zrece-2-36x27.jpg 36w, https:\/\/novice.si\/page\/wp-content\/uploads\/2023\/11\/okrogla-miza-zrece-2-48x36.jpg 48w\" sizes=\"auto, (max-width: 289px) 100vw, 289px\" \/>V zadnjem obdobju lokalne skupnosti najbolj razburja projekt postavitve polja vetrnic na Pohorju. Gre za projekt podjetja Energija na veter, ki na obmo\u010dju Treh kraljev, Areha in Rogle na\u010drtuje 56 vetrnih elektrarn. Po projektu bi na\u010drtovane vetrnice stale na obmo\u010dju ob\u010dine Slovenska Bistrica. Znotraj meja zre\u0161ke ob\u010dine niso predvidene, so pa locirane zgolj nekaj sto metrov stran od turisti\u010dnega sredi\u0161\u010da na Rogli in bli\u017enjih kmetij.<br \/>\nStali\u0161\u010de Ob\u010dine Zre\u010de ostaja jasno.<em> \u00bbTe megastrukture na Pohorje ne sodijo, saj bi stale preblizu na\u0161ih kmetij in turisti\u010dnega obmo\u010dja. Tukaj \u017ee 50 let turisti\u010dne produkte gradimo v relativno neokrnjeni naravi in s takim projektom bi razvrednotili tudi na\u0161a prizadevanja za sonaravni turizem,\u00ab<\/em> je med drugim poudaril zre\u0161ki \u017eupan <strong>Boris Podvr\u0161nik<\/strong>, ob tem pa povedal, da projektu nasprotuje tudi zato, ker v Sloveniji \u0161e ni ustreznega zakonodajnega okvirja, ki bi dolo\u010dal jasna merila za umestitev vetrnih elektrarn, denimo razdalje od bivali\u0161\u010d. Ob\u017ealuje tudi, da investitorji niso najprej pristopili k ljudem, temve\u010d so postopek za\u010deli &#8216;od zgoraj navzdol&#8217;.<\/p>\n<p><strong>Zakaj vetrnic ne potrebujemo?<\/strong><\/p>\n<p>Med najbolj iz\u010drpnimi govorniki je bil <strong>Diego Loredan<\/strong>, ki se v sklopu Civilne iniciative za za\u0161\u010dito Seno\u017ee\u0161kih Brd s problematiko vetrnic ukvarja \u017ee 14 let. Prepri\u010dan je, kar je podkrepil tudi s konkretnimi podatki, da Slovenija vetrnic sploh ne potrebuje.<br \/>\n<em>\u00bbImamo namre\u010d druge sisteme, s katerimi bi lahko zagotovili zadostno koli\u010dino energije. V dr\u017eavi imamo 700 degradiranih obmo\u010dij, kjer bi lahko ume\u0161\u010dali tak\u0161ne vire energije. Predvsem pa v Sloveniji ni zadostnih koli\u010din vetra. Koli\u010dine, ki jih predstavljajo investitorji, so koli\u010dine vetra, kjer se vetrnica na na\u010drtovani vi\u0161ini \u0161ele za\u017eene,\u00ab<\/em> je pojasnil in dodal, da je pri teh projektih v ozadju predvsem ekonomska korist investitorjev.<br \/>\nPodrobneje o vsebini okrogle mize poro\u010damo v lokalnem \u010dasopisu NOVICE.<br \/>\n(NK)<\/p>\n\r\n                <style type=\"text\/css\">\r\n                    \r\n                    #tdi_1  .td-doubleSlider-2 .td-item1 {\r\n                        background: url(https:\/\/novice.si\/page\/wp-content\/uploads\/2023\/11\/okrogla-miza-zrece-1-80x60.jpg) 0 0 no-repeat;\r\n                    }\r\n                    #tdi_1  .td-doubleSlider-2 .td-item2 {\r\n                        background: url(https:\/\/novice.si\/page\/wp-content\/uploads\/2023\/11\/okrogla-miza-zrece-2-80x60.jpg) 0 0 no-repeat;\r\n                    }\r\n                <\/style>\r\n\r\n                <div id=\"tdi_1\" class=\"td-gallery td-slide-on-2-columns\">\r\n                    <div class=\"post_td_gallery\">\r\n                        <div class=\"td-gallery-slide-top\">\r\n                           <div class=\"td-gallery-title\"><\/div>\r\n\r\n                            <div class=\"td-gallery-controls-wrapper\">\r\n                                <div class=\"td-gallery-slide-count\"><span class=\"td-gallery-slide-item-focus\">1<\/span> od 2<\/div>\r\n                                <div class=\"td-gallery-slide-prev-next-but\">\r\n                                    <i class = \"td-icon-left doubleSliderPrevButton\"><\/i>\r\n                                    <i class = \"td-icon-right doubleSliderNextButton\"><\/i>\r\n                                <\/div>\r\n                            <\/div>\r\n                        <\/div>\r\n\r\n                        <div class = \"td-doubleSlider-1 \">\r\n                            <div class = \"td-slider\">\r\n                                \r\n                    <div class = \"td-slide-item td-item1\">\r\n                        <figure class=\"td-slide-galery-figure td-slide-popup-gallery\">\r\n                            <a class=\"slide-gallery-image-link\" href=\"https:\/\/novice.si\/page\/wp-content\/uploads\/2023\/11\/okrogla-miza-zrece-1-scaled.jpg\" title=\"okrogla miza zrece 1\"  data-caption=\"\"  data-description=\"\" data-gallery>\r\n                                <img decoding=\"async\" src=\"https:\/\/novice.si\/page\/wp-content\/uploads\/2023\/11\/okrogla-miza-zrece-1-560x420.jpg\" srcset=\"https:\/\/novice.si\/page\/wp-content\/uploads\/2023\/11\/okrogla-miza-zrece-1-560x420.jpg 560w, https:\/\/novice.si\/page\/wp-content\/uploads\/2023\/11\/okrogla-miza-zrece-1-600x450.jpg 600w, https:\/\/novice.si\/page\/wp-content\/uploads\/2023\/11\/okrogla-miza-zrece-1-1024x768.jpg 1024w, https:\/\/novice.si\/page\/wp-content\/uploads\/2023\/11\/okrogla-miza-zrece-1-768x576.jpg 768w, https:\/\/novice.si\/page\/wp-content\/uploads\/2023\/11\/okrogla-miza-zrece-1-1536x1152.jpg 1536w, https:\/\/novice.si\/page\/wp-content\/uploads\/2023\/11\/okrogla-miza-zrece-1-2048x1536.jpg 2048w, https:\/\/novice.si\/page\/wp-content\/uploads\/2023\/11\/okrogla-miza-zrece-1-80x60.jpg 80w, https:\/\/novice.si\/page\/wp-content\/uploads\/2023\/11\/okrogla-miza-zrece-1-265x198.jpg 265w, https:\/\/novice.si\/page\/wp-content\/uploads\/2023\/11\/okrogla-miza-zrece-1-696x522.jpg 696w, https:\/\/novice.si\/page\/wp-content\/uploads\/2023\/11\/okrogla-miza-zrece-1-1068x801.jpg 1068w, https:\/\/novice.si\/page\/wp-content\/uploads\/2023\/11\/okrogla-miza-zrece-1-1920x1440.jpg 1920w, https:\/\/novice.si\/page\/wp-content\/uploads\/2023\/11\/okrogla-miza-zrece-1-24x18.jpg 24w, https:\/\/novice.si\/page\/wp-content\/uploads\/2023\/11\/okrogla-miza-zrece-1-36x27.jpg 36w, https:\/\/novice.si\/page\/wp-content\/uploads\/2023\/11\/okrogla-miza-zrece-1-48x36.jpg 48w\" sizes=\"(max-width: 560px) 100vw, 560px\" alt=\"\">\r\n                            <\/a>\r\n                            \r\n                        <\/figure>\r\n                    <\/div>\r\n                    <div class = \"td-slide-item td-item2\">\r\n                        <figure class=\"td-slide-galery-figure td-slide-popup-gallery\">\r\n                            <a class=\"slide-gallery-image-link\" href=\"https:\/\/novice.si\/page\/wp-content\/uploads\/2023\/11\/okrogla-miza-zrece-2-scaled.jpg\" title=\"okrogla miza zrece 2\"  data-caption=\"\"  data-description=\"\" data-gallery>\r\n                                <img decoding=\"async\" src=\"https:\/\/novice.si\/page\/wp-content\/uploads\/2023\/11\/okrogla-miza-zrece-2-560x420.jpg\" srcset=\"https:\/\/novice.si\/page\/wp-content\/uploads\/2023\/11\/okrogla-miza-zrece-2-560x420.jpg 560w, https:\/\/novice.si\/page\/wp-content\/uploads\/2023\/11\/okrogla-miza-zrece-2-600x450.jpg 600w, https:\/\/novice.si\/page\/wp-content\/uploads\/2023\/11\/okrogla-miza-zrece-2-1024x768.jpg 1024w, https:\/\/novice.si\/page\/wp-content\/uploads\/2023\/11\/okrogla-miza-zrece-2-768x576.jpg 768w, https:\/\/novice.si\/page\/wp-content\/uploads\/2023\/11\/okrogla-miza-zrece-2-1536x1152.jpg 1536w, https:\/\/novice.si\/page\/wp-content\/uploads\/2023\/11\/okrogla-miza-zrece-2-2048x1536.jpg 2048w, https:\/\/novice.si\/page\/wp-content\/uploads\/2023\/11\/okrogla-miza-zrece-2-80x60.jpg 80w, https:\/\/novice.si\/page\/wp-content\/uploads\/2023\/11\/okrogla-miza-zrece-2-265x198.jpg 265w, https:\/\/novice.si\/page\/wp-content\/uploads\/2023\/11\/okrogla-miza-zrece-2-696x522.jpg 696w, https:\/\/novice.si\/page\/wp-content\/uploads\/2023\/11\/okrogla-miza-zrece-2-1068x801.jpg 1068w, https:\/\/novice.si\/page\/wp-content\/uploads\/2023\/11\/okrogla-miza-zrece-2-1920x1440.jpg 1920w, https:\/\/novice.si\/page\/wp-content\/uploads\/2023\/11\/okrogla-miza-zrece-2-24x18.jpg 24w, https:\/\/novice.si\/page\/wp-content\/uploads\/2023\/11\/okrogla-miza-zrece-2-36x27.jpg 36w, https:\/\/novice.si\/page\/wp-content\/uploads\/2023\/11\/okrogla-miza-zrece-2-48x36.jpg 48w\" sizes=\"(max-width: 560px) 100vw, 560px\" alt=\"\">\r\n                            <\/a>\r\n                            \r\n                        <\/figure>\r\n                    <\/div>\r\n                            <\/div>\r\n                        <\/div>\r\n\r\n                        <div class = \"td-doubleSlider-2\">\r\n                            <div class = \"td-slider\">\r\n                                \r\n                    <div class = \"td-button td-item1\">\r\n                        <div class = \"td-border\"><\/div>\r\n                    <\/div>\r\n                    <div class = \"td-button td-item2\">\r\n                        <div class = \"td-border\"><\/div>\r\n                    <\/div>\r\n                            <\/div>\r\n                        <\/div>\r\n\r\n                    <\/div>\r\n\r\n                <\/div>\r\n                \n","protected":false},"excerpt":{"rendered":"<p>Udele\u017eenci nedavne okrogle mize, ki jo je pripravila Ob\u010dina Zre\u010de, so predstavili razloge, zakaj vetrnih elektrarn na Pohorju no\u010dejo. Podpornikov projekta ni bilo. O projektu vetrnih elektrarn na Pohorju so govorili na nedavni okrogli mizi, ki jo je v zre\u0161ki ve\u010dnamenski dvorani pripravila Ob\u010dina Zre\u010de. Udele\u017eenci, vabljeni gostje in ob\u010dani, so predstavljali razloge, zakaj vetrnic [&hellip;]<\/p>\n","protected":false},"author":12,"featured_media":169629,"comment_status":"closed","ping_status":"closed","sticky":false,"template":"","format":"standard","meta":{"footnotes":""},"categories":[14,868,16,141,3108],"tags":[19246,19245,18877],"class_list":{"0":"post-169628","1":"post","2":"type-post","3":"status-publish","4":"format-standard","5":"has-post-thumbnail","7":"category-aktualno","8":"category-casopisi","9":"category-konjisko","10":"category-novice","11":"category-radio-rogla","12":"tag-diego-loredan","13":"tag-okrogla-miza-zrece","14":"tag-vetrne-elektrarne-pohorje"},"yoast_head":"<!-- This site is optimized with the Yoast SEO plugin v27.4 - https:\/\/yoast.com\/product\/yoast-seo-wordpress\/ -->\n<title>V Zre\u010dah odlo\u010dno proti vetrnim elektrarnam na Pohorju: &quot;No\u010demo jih in jih ne potrebujemo!&quot; - Novice.si<\/title>\n<meta name=\"robots\" content=\"index, follow, max-snippet:-1, max-image-preview:large, max-video-preview:-1\" \/>\n<link rel=\"canonical\" href=\"https:\/\/novice.si\/page\/v-zrecah-odlocno-proti-vetrnim-elektrarnam-na-pohorju-nocemo-jih-in-jih-ne-potrebujemo\/\" \/>\n<meta property=\"og:locale\" content=\"sl_SI\" \/>\n<meta property=\"og:type\" content=\"article\" \/>\n<meta property=\"og:title\" content=\"V Zre\u010dah odlo\u010dno proti vetrnim elektrarnam na Pohorju: &quot;No\u010demo jih in jih ne potrebujemo!&quot; - Novice.si\" \/>\n<meta property=\"og:description\" content=\"Udele\u017eenci nedavne okrogle mize, ki jo je pripravila Ob\u010dina Zre\u010de, so predstavili razloge, zakaj vetrnih elektrarn na Pohorju no\u010dejo. Podpornikov projekta ni bilo. O projektu vetrnih elektrarn na Pohorju so govorili na nedavni okrogli mizi, ki jo je v zre\u0161ki ve\u010dnamenski dvorani pripravila Ob\u010dina Zre\u010de. Udele\u017eenci, vabljeni gostje in ob\u010dani, so predstavljali razloge, zakaj vetrnic [&hellip;]\" \/>\n<meta property=\"og:url\" content=\"https:\/\/novice.si\/page\/v-zrecah-odlocno-proti-vetrnim-elektrarnam-na-pohorju-nocemo-jih-in-jih-ne-potrebujemo\/\" \/>\n<meta property=\"og:site_name\" content=\"Novice.si\" \/>\n<meta property=\"article:published_time\" content=\"2023-11-28T12:38:57+00:00\" \/>\n<meta property=\"og:image\" content=\"https:\/\/novice.si\/page\/wp-content\/uploads\/2023\/11\/okrogla-miza-zrece-1-scaled.jpg\" \/>\n\t<meta property=\"og:image:width\" content=\"2560\" \/>\n\t<meta property=\"og:image:height\" content=\"1920\" \/>\n\t<meta property=\"og:image:type\" content=\"image\/jpeg\" \/>\n<meta name=\"author\" content=\"Uredni\u0161tvo Celjana\" \/>\n<meta name=\"twitter:card\" content=\"summary_large_image\" \/>\n<meta name=\"twitter:label1\" content=\"Written by\" \/>\n\t<meta name=\"twitter:data1\" content=\"Uredni\u0161tvo Celjana\" \/>\n\t<meta name=\"twitter:label2\" content=\"Est. reading time\" \/>\n\t<meta name=\"twitter:data2\" content=\"4 minute\" \/>\n<script type=\"application\/ld+json\" class=\"yoast-schema-graph\">{\"@context\":\"https:\\\/\\\/schema.org\",\"@graph\":[{\"@type\":\"Article\",\"@id\":\"https:\\\/\\\/novice.si\\\/page\\\/v-zrecah-odlocno-proti-vetrnim-elektrarnam-na-pohorju-nocemo-jih-in-jih-ne-potrebujemo\\\/#article\",\"isPartOf\":{\"@id\":\"https:\\\/\\\/novice.si\\\/page\\\/v-zrecah-odlocno-proti-vetrnim-elektrarnam-na-pohorju-nocemo-jih-in-jih-ne-potrebujemo\\\/\"},\"author\":{\"name\":\"Uredni\u0161tvo Celjana\",\"@id\":\"https:\\\/\\\/novice.si\\\/page\\\/#\\\/schema\\\/person\\\/51903923b50fefb075bc1cd24fe4d065\"},\"headline\":\"V Zre\u010dah odlo\u010dno proti vetrnim elektrarnam na Pohorju: &#8220;No\u010demo jih in jih ne potrebujemo!&#8221;\",\"datePublished\":\"2023-11-28T12:38:57+00:00\",\"mainEntityOfPage\":{\"@id\":\"https:\\\/\\\/novice.si\\\/page\\\/v-zrecah-odlocno-proti-vetrnim-elektrarnam-na-pohorju-nocemo-jih-in-jih-ne-potrebujemo\\\/\"},\"wordCount\":569,\"publisher\":{\"@id\":\"https:\\\/\\\/novice.si\\\/page\\\/#organization\"},\"image\":{\"@id\":\"https:\\\/\\\/novice.si\\\/page\\\/v-zrecah-odlocno-proti-vetrnim-elektrarnam-na-pohorju-nocemo-jih-in-jih-ne-potrebujemo\\\/#primaryimage\"},\"thumbnailUrl\":\"https:\\\/\\\/novice.si\\\/page\\\/wp-content\\\/uploads\\\/2023\\\/11\\\/okrogla-miza-zrece-1-scaled.jpg\",\"keywords\":[\"diego loredan\",\"okrogla miza zre\u010de\",\"vetrne elektrarne pohorje\"],\"articleSection\":[\"Aktualno\",\"\u010casopisi\",\"Konji\u0161ko\",\"Novice\",\"Radio Rogla\"],\"inLanguage\":\"sl-SI\"},{\"@type\":\"WebPage\",\"@id\":\"https:\\\/\\\/novice.si\\\/page\\\/v-zrecah-odlocno-proti-vetrnim-elektrarnam-na-pohorju-nocemo-jih-in-jih-ne-potrebujemo\\\/\",\"url\":\"https:\\\/\\\/novice.si\\\/page\\\/v-zrecah-odlocno-proti-vetrnim-elektrarnam-na-pohorju-nocemo-jih-in-jih-ne-potrebujemo\\\/\",\"name\":\"V Zre\u010dah odlo\u010dno proti vetrnim elektrarnam na Pohorju: \\\"No\u010demo jih in jih ne potrebujemo!\\\" - Novice.si\",\"isPartOf\":{\"@id\":\"https:\\\/\\\/novice.si\\\/page\\\/#website\"},\"primaryImageOfPage\":{\"@id\":\"https:\\\/\\\/novice.si\\\/page\\\/v-zrecah-odlocno-proti-vetrnim-elektrarnam-na-pohorju-nocemo-jih-in-jih-ne-potrebujemo\\\/#primaryimage\"},\"image\":{\"@id\":\"https:\\\/\\\/novice.si\\\/page\\\/v-zrecah-odlocno-proti-vetrnim-elektrarnam-na-pohorju-nocemo-jih-in-jih-ne-potrebujemo\\\/#primaryimage\"},\"thumbnailUrl\":\"https:\\\/\\\/novice.si\\\/page\\\/wp-content\\\/uploads\\\/2023\\\/11\\\/okrogla-miza-zrece-1-scaled.jpg\",\"datePublished\":\"2023-11-28T12:38:57+00:00\",\"breadcrumb\":{\"@id\":\"https:\\\/\\\/novice.si\\\/page\\\/v-zrecah-odlocno-proti-vetrnim-elektrarnam-na-pohorju-nocemo-jih-in-jih-ne-potrebujemo\\\/#breadcrumb\"},\"inLanguage\":\"sl-SI\",\"potentialAction\":[{\"@type\":\"ReadAction\",\"target\":[\"https:\\\/\\\/novice.si\\\/page\\\/v-zrecah-odlocno-proti-vetrnim-elektrarnam-na-pohorju-nocemo-jih-in-jih-ne-potrebujemo\\\/\"]}]},{\"@type\":\"ImageObject\",\"inLanguage\":\"sl-SI\",\"@id\":\"https:\\\/\\\/novice.si\\\/page\\\/v-zrecah-odlocno-proti-vetrnim-elektrarnam-na-pohorju-nocemo-jih-in-jih-ne-potrebujemo\\\/#primaryimage\",\"url\":\"https:\\\/\\\/novice.si\\\/page\\\/wp-content\\\/uploads\\\/2023\\\/11\\\/okrogla-miza-zrece-1-scaled.jpg\",\"contentUrl\":\"https:\\\/\\\/novice.si\\\/page\\\/wp-content\\\/uploads\\\/2023\\\/11\\\/okrogla-miza-zrece-1-scaled.jpg\",\"width\":2560,\"height\":1920},{\"@type\":\"BreadcrumbList\",\"@id\":\"https:\\\/\\\/novice.si\\\/page\\\/v-zrecah-odlocno-proti-vetrnim-elektrarnam-na-pohorju-nocemo-jih-in-jih-ne-potrebujemo\\\/#breadcrumb\",\"itemListElement\":[{\"@type\":\"ListItem\",\"position\":1,\"name\":\"Home\",\"item\":\"https:\\\/\\\/novice.si\\\/page\\\/\"},{\"@type\":\"ListItem\",\"position\":2,\"name\":\"V Zre\u010dah odlo\u010dno proti vetrnim elektrarnam na Pohorju: &#8220;No\u010demo jih in jih ne potrebujemo!&#8221;\"}]},{\"@type\":\"WebSite\",\"@id\":\"https:\\\/\\\/novice.si\\\/page\\\/#website\",\"url\":\"https:\\\/\\\/novice.si\\\/page\\\/\",\"name\":\"Novice.si\",\"description\":\"\",\"publisher\":{\"@id\":\"https:\\\/\\\/novice.si\\\/page\\\/#organization\"},\"potentialAction\":[{\"@type\":\"SearchAction\",\"target\":{\"@type\":\"EntryPoint\",\"urlTemplate\":\"https:\\\/\\\/novice.si\\\/page\\\/?s={search_term_string}\"},\"query-input\":{\"@type\":\"PropertyValueSpecification\",\"valueRequired\":true,\"valueName\":\"search_term_string\"}}],\"inLanguage\":\"sl-SI\"},{\"@type\":\"Organization\",\"@id\":\"https:\\\/\\\/novice.si\\\/page\\\/#organization\",\"name\":\"Novice.si\",\"url\":\"https:\\\/\\\/novice.si\\\/page\\\/\",\"logo\":{\"@type\":\"ImageObject\",\"inLanguage\":\"sl-SI\",\"@id\":\"https:\\\/\\\/novice.si\\\/page\\\/#\\\/schema\\\/logo\\\/image\\\/\",\"url\":\"https:\\\/\\\/novice.si\\\/page\\\/wp-content\\\/uploads\\\/2023\\\/03\\\/novice_si.png\",\"contentUrl\":\"https:\\\/\\\/novice.si\\\/page\\\/wp-content\\\/uploads\\\/2023\\\/03\\\/novice_si.png\",\"width\":576,\"height\":200,\"caption\":\"Novice.si\"},\"image\":{\"@id\":\"https:\\\/\\\/novice.si\\\/page\\\/#\\\/schema\\\/logo\\\/image\\\/\"}},{\"@type\":\"Person\",\"@id\":\"https:\\\/\\\/novice.si\\\/page\\\/#\\\/schema\\\/person\\\/51903923b50fefb075bc1cd24fe4d065\",\"name\":\"Uredni\u0161tvo Celjana\",\"image\":{\"@type\":\"ImageObject\",\"inLanguage\":\"sl-SI\",\"@id\":\"https:\\\/\\\/secure.gravatar.com\\\/avatar\\\/b516f102aa90b53619e09722b8ea56721c99bfcb4f1035f9b333d99f52330226?s=96&d=mm&r=g\",\"url\":\"https:\\\/\\\/secure.gravatar.com\\\/avatar\\\/b516f102aa90b53619e09722b8ea56721c99bfcb4f1035f9b333d99f52330226?s=96&d=mm&r=g\",\"contentUrl\":\"https:\\\/\\\/secure.gravatar.com\\\/avatar\\\/b516f102aa90b53619e09722b8ea56721c99bfcb4f1035f9b333d99f52330226?s=96&d=mm&r=g\",\"caption\":\"Uredni\u0161tvo Celjana\"},\"url\":\"https:\\\/\\\/novice.si\\\/page\\\/author\\\/nejc\\\/\"}]}<\/script>\n<!-- \/ Yoast SEO plugin. -->","yoast_head_json":{"title":"V Zre\u010dah odlo\u010dno proti vetrnim elektrarnam na Pohorju: \"No\u010demo jih in jih ne potrebujemo!\" - Novice.si","robots":{"index":"index","follow":"follow","max-snippet":"max-snippet:-1","max-image-preview":"max-image-preview:large","max-video-preview":"max-video-preview:-1"},"canonical":"https:\/\/novice.si\/page\/v-zrecah-odlocno-proti-vetrnim-elektrarnam-na-pohorju-nocemo-jih-in-jih-ne-potrebujemo\/","og_locale":"sl_SI","og_type":"article","og_title":"V Zre\u010dah odlo\u010dno proti vetrnim elektrarnam na Pohorju: \"No\u010demo jih in jih ne potrebujemo!\" - Novice.si","og_description":"Udele\u017eenci nedavne okrogle mize, ki jo je pripravila Ob\u010dina Zre\u010de, so predstavili razloge, zakaj vetrnih elektrarn na Pohorju no\u010dejo. Podpornikov projekta ni bilo. O projektu vetrnih elektrarn na Pohorju so govorili na nedavni okrogli mizi, ki jo je v zre\u0161ki ve\u010dnamenski dvorani pripravila Ob\u010dina Zre\u010de. Udele\u017eenci, vabljeni gostje in ob\u010dani, so predstavljali razloge, zakaj vetrnic [&hellip;]","og_url":"https:\/\/novice.si\/page\/v-zrecah-odlocno-proti-vetrnim-elektrarnam-na-pohorju-nocemo-jih-in-jih-ne-potrebujemo\/","og_site_name":"Novice.si","article_published_time":"2023-11-28T12:38:57+00:00","og_image":[{"width":2560,"height":1920,"url":"https:\/\/novice.si\/page\/wp-content\/uploads\/2023\/11\/okrogla-miza-zrece-1-scaled.jpg","type":"image\/jpeg"}],"author":"Uredni\u0161tvo Celjana","twitter_card":"summary_large_image","twitter_misc":{"Written by":"Uredni\u0161tvo Celjana","Est. reading time":"4 minute"},"schema":{"@context":"https:\/\/schema.org","@graph":[{"@type":"Article","@id":"https:\/\/novice.si\/page\/v-zrecah-odlocno-proti-vetrnim-elektrarnam-na-pohorju-nocemo-jih-in-jih-ne-potrebujemo\/#article","isPartOf":{"@id":"https:\/\/novice.si\/page\/v-zrecah-odlocno-proti-vetrnim-elektrarnam-na-pohorju-nocemo-jih-in-jih-ne-potrebujemo\/"},"author":{"name":"Uredni\u0161tvo Celjana","@id":"https:\/\/novice.si\/page\/#\/schema\/person\/51903923b50fefb075bc1cd24fe4d065"},"headline":"V Zre\u010dah odlo\u010dno proti vetrnim elektrarnam na Pohorju: &#8220;No\u010demo jih in jih ne potrebujemo!&#8221;","datePublished":"2023-11-28T12:38:57+00:00","mainEntityOfPage":{"@id":"https:\/\/novice.si\/page\/v-zrecah-odlocno-proti-vetrnim-elektrarnam-na-pohorju-nocemo-jih-in-jih-ne-potrebujemo\/"},"wordCount":569,"publisher":{"@id":"https:\/\/novice.si\/page\/#organization"},"image":{"@id":"https:\/\/novice.si\/page\/v-zrecah-odlocno-proti-vetrnim-elektrarnam-na-pohorju-nocemo-jih-in-jih-ne-potrebujemo\/#primaryimage"},"thumbnailUrl":"https:\/\/novice.si\/page\/wp-content\/uploads\/2023\/11\/okrogla-miza-zrece-1-scaled.jpg","keywords":["diego loredan","okrogla miza zre\u010de","vetrne elektrarne pohorje"],"articleSection":["Aktualno","\u010casopisi","Konji\u0161ko","Novice","Radio Rogla"],"inLanguage":"sl-SI"},{"@type":"WebPage","@id":"https:\/\/novice.si\/page\/v-zrecah-odlocno-proti-vetrnim-elektrarnam-na-pohorju-nocemo-jih-in-jih-ne-potrebujemo\/","url":"https:\/\/novice.si\/page\/v-zrecah-odlocno-proti-vetrnim-elektrarnam-na-pohorju-nocemo-jih-in-jih-ne-potrebujemo\/","name":"V Zre\u010dah odlo\u010dno proti vetrnim elektrarnam na Pohorju: \"No\u010demo jih in jih ne potrebujemo!\" - Novice.si","isPartOf":{"@id":"https:\/\/novice.si\/page\/#website"},"primaryImageOfPage":{"@id":"https:\/\/novice.si\/page\/v-zrecah-odlocno-proti-vetrnim-elektrarnam-na-pohorju-nocemo-jih-in-jih-ne-potrebujemo\/#primaryimage"},"image":{"@id":"https:\/\/novice.si\/page\/v-zrecah-odlocno-proti-vetrnim-elektrarnam-na-pohorju-nocemo-jih-in-jih-ne-potrebujemo\/#primaryimage"},"thumbnailUrl":"https:\/\/novice.si\/page\/wp-content\/uploads\/2023\/11\/okrogla-miza-zrece-1-scaled.jpg","datePublished":"2023-11-28T12:38:57+00:00","breadcrumb":{"@id":"https:\/\/novice.si\/page\/v-zrecah-odlocno-proti-vetrnim-elektrarnam-na-pohorju-nocemo-jih-in-jih-ne-potrebujemo\/#breadcrumb"},"inLanguage":"sl-SI","potentialAction":[{"@type":"ReadAction","target":["https:\/\/novice.si\/page\/v-zrecah-odlocno-proti-vetrnim-elektrarnam-na-pohorju-nocemo-jih-in-jih-ne-potrebujemo\/"]}]},{"@type":"ImageObject","inLanguage":"sl-SI","@id":"https:\/\/novice.si\/page\/v-zrecah-odlocno-proti-vetrnim-elektrarnam-na-pohorju-nocemo-jih-in-jih-ne-potrebujemo\/#primaryimage","url":"https:\/\/novice.si\/page\/wp-content\/uploads\/2023\/11\/okrogla-miza-zrece-1-scaled.jpg","contentUrl":"https:\/\/novice.si\/page\/wp-content\/uploads\/2023\/11\/okrogla-miza-zrece-1-scaled.jpg","width":2560,"height":1920},{"@type":"BreadcrumbList","@id":"https:\/\/novice.si\/page\/v-zrecah-odlocno-proti-vetrnim-elektrarnam-na-pohorju-nocemo-jih-in-jih-ne-potrebujemo\/#breadcrumb","itemListElement":[{"@type":"ListItem","position":1,"name":"Home","item":"https:\/\/novice.si\/page\/"},{"@type":"ListItem","position":2,"name":"V Zre\u010dah odlo\u010dno proti vetrnim elektrarnam na Pohorju: &#8220;No\u010demo jih in jih ne potrebujemo!&#8221;"}]},{"@type":"WebSite","@id":"https:\/\/novice.si\/page\/#website","url":"https:\/\/novice.si\/page\/","name":"Novice.si","description":"","publisher":{"@id":"https:\/\/novice.si\/page\/#organization"},"potentialAction":[{"@type":"SearchAction","target":{"@type":"EntryPoint","urlTemplate":"https:\/\/novice.si\/page\/?s={search_term_string}"},"query-input":{"@type":"PropertyValueSpecification","valueRequired":true,"valueName":"search_term_string"}}],"inLanguage":"sl-SI"},{"@type":"Organization","@id":"https:\/\/novice.si\/page\/#organization","name":"Novice.si","url":"https:\/\/novice.si\/page\/","logo":{"@type":"ImageObject","inLanguage":"sl-SI","@id":"https:\/\/novice.si\/page\/#\/schema\/logo\/image\/","url":"https:\/\/novice.si\/page\/wp-content\/uploads\/2023\/03\/novice_si.png","contentUrl":"https:\/\/novice.si\/page\/wp-content\/uploads\/2023\/03\/novice_si.png","width":576,"height":200,"caption":"Novice.si"},"image":{"@id":"https:\/\/novice.si\/page\/#\/schema\/logo\/image\/"}},{"@type":"Person","@id":"https:\/\/novice.si\/page\/#\/schema\/person\/51903923b50fefb075bc1cd24fe4d065","name":"Uredni\u0161tvo Celjana","image":{"@type":"ImageObject","inLanguage":"sl-SI","@id":"https:\/\/secure.gravatar.com\/avatar\/b516f102aa90b53619e09722b8ea56721c99bfcb4f1035f9b333d99f52330226?s=96&d=mm&r=g","url":"https:\/\/secure.gravatar.com\/avatar\/b516f102aa90b53619e09722b8ea56721c99bfcb4f1035f9b333d99f52330226?s=96&d=mm&r=g","contentUrl":"https:\/\/secure.gravatar.com\/avatar\/b516f102aa90b53619e09722b8ea56721c99bfcb4f1035f9b333d99f52330226?s=96&d=mm&r=g","caption":"Uredni\u0161tvo Celjana"},"url":"https:\/\/novice.si\/page\/author\/nejc\/"}]}},"_links":{"self":[{"href":"https:\/\/novice.si\/page\/wp-json\/wp\/v2\/posts\/169628","targetHints":{"allow":["GET"]}}],"collection":[{"href":"https:\/\/novice.si\/page\/wp-json\/wp\/v2\/posts"}],"about":[{"href":"https:\/\/novice.si\/page\/wp-json\/wp\/v2\/types\/post"}],"author":[{"embeddable":true,"href":"https:\/\/novice.si\/page\/wp-json\/wp\/v2\/users\/12"}],"replies":[{"embeddable":true,"href":"https:\/\/novice.si\/page\/wp-json\/wp\/v2\/comments?post=169628"}],"version-history":[{"count":1,"href":"https:\/\/novice.si\/page\/wp-json\/wp\/v2\/posts\/169628\/revisions"}],"predecessor-version":[{"id":169631,"href":"https:\/\/novice.si\/page\/wp-json\/wp\/v2\/posts\/169628\/revisions\/169631"}],"wp:featuredmedia":[{"embeddable":true,"href":"https:\/\/novice.si\/page\/wp-json\/wp\/v2\/media\/169629"}],"wp:attachment":[{"href":"https:\/\/novice.si\/page\/wp-json\/wp\/v2\/media?parent=169628"}],"wp:term":[{"taxonomy":"category","embeddable":true,"href":"https:\/\/novice.si\/page\/wp-json\/wp\/v2\/categories?post=169628"},{"taxonomy":"post_tag","embeddable":true,"href":"https:\/\/novice.si\/page\/wp-json\/wp\/v2\/tags?post=169628"}],"curies":[{"name":"wp","href":"https:\/\/api.w.org\/{rel}","templated":true}]}}