{"id":169623,"date":"2023-11-28T12:53:11","date_gmt":"2023-11-28T11:53:11","guid":{"rendered":"https:\/\/novice.si\/page\/?p=169623"},"modified":"2023-11-28T12:53:11","modified_gmt":"2023-11-28T11:53:11","slug":"vojnik-na-bozicnem-vojniku-manj-jaslic-in-vec-vsebine","status":"publish","type":"post","link":"https:\/\/novice.si\/page\/vojnik-na-bozicnem-vojniku-manj-jaslic-in-vec-vsebine\/","title":{"rendered":"VOJNIK Na Bo\u017ei\u010dnem Vojniku manj jaslic in ve\u010d vsebine"},"content":{"rendered":"<p>Od 16. decembra do \u0161estega januarja bo Vojnik ponovno v znamenju najve\u010dje turisti\u010dno etnolo\u0161ke prireditve Bo\u017ei\u010dni Vojnik.<\/p>\n<p><img loading=\"lazy\" decoding=\"async\" class=\"size-medium wp-image-158403 alignleft\" src=\"https:\/\/novice.si\/page\/wp-content\/uploads\/2022\/12\/bozicni-Vojnik-male-2022-2-300x200.jpg\" alt=\"\" width=\"300\" height=\"200\" srcset=\"https:\/\/novice.si\/page\/wp-content\/uploads\/2022\/12\/bozicni-Vojnik-male-2022-2-300x200.jpg 300w, https:\/\/novice.si\/page\/wp-content\/uploads\/2022\/12\/bozicni-Vojnik-male-2022-2-768x512.jpg 768w, https:\/\/novice.si\/page\/wp-content\/uploads\/2022\/12\/bozicni-Vojnik-male-2022-2-696x464.jpg 696w, https:\/\/novice.si\/page\/wp-content\/uploads\/2022\/12\/bozicni-Vojnik-male-2022-2-631x420.jpg 631w, https:\/\/novice.si\/page\/wp-content\/uploads\/2022\/12\/bozicni-Vojnik-male-2022-2-24x16.jpg 24w, https:\/\/novice.si\/page\/wp-content\/uploads\/2022\/12\/bozicni-Vojnik-male-2022-2-36x24.jpg 36w, https:\/\/novice.si\/page\/wp-content\/uploads\/2022\/12\/bozicni-Vojnik-male-2022-2-48x32.jpg 48w, https:\/\/novice.si\/page\/wp-content\/uploads\/2022\/12\/bozicni-Vojnik-male-2022-2.jpg 1024w\" sizes=\"auto, (max-width: 300px) 100vw, 300px\" \/>Organizatorji pri\u010dakujejo okoli 20.000 obiskovalcev, kar je sicer polovica od rekordnih let, celoten zabavni program je brezpla\u010den, znova pa bo poudarek na razstavi jaslic, ki jih bo tokrat okoli dvesto, kar je nekoliko manj, kot prej\u0161nja leta.<\/p>\n<p>Te bodo postavljene v treh ulicah ter okoli Doma Sv. Jerneja in v njem, od 25. do 27. decembra si bodo obiskovalci lahko ogledali tudi \u017eive jaslice.<\/p>\n<p>Letos obele\u017eujemo 800 let od prve omembe jaslic, Slovenija pa tudi v mednarodnem merilu med jasli\u010darji zaseda visoko mesto, v mednarodnem zdru\u017eenju pa je le 21 dr\u017eav.<\/p>\n<p>Vodilno vlogo v Sloveniji je prevzel Vojnik, vidnej\u0161e razstave jaslic prirejajo \u0161e v Ver\u017eeju, Jurklo\u0161tru, Grade\u017eu pri Turjaku, Vidmu pri Ptuju in \u0161e nekaterih krajih.<\/p>\n<p><em>Ve\u010d preberite v Celjanu.<\/em><\/p>\n<p>P\u0160<\/p>\n","protected":false},"excerpt":{"rendered":"<p>Od 16. decembra do \u0161estega januarja bo Vojnik ponovno v znamenju najve\u010dje turisti\u010dno etnolo\u0161ke prireditve Bo\u017ei\u010dni Vojnik. Organizatorji pri\u010dakujejo okoli 20.000 obiskovalcev, kar je sicer polovica od rekordnih let, celoten zabavni program je brezpla\u010den, znova pa bo poudarek na razstavi jaslic, ki jih bo tokrat okoli dvesto, kar je nekoliko manj, kot prej\u0161nja leta. Te [&hellip;]<\/p>\n","protected":false},"author":33,"featured_media":169624,"comment_status":"closed","ping_status":"closed","sticky":false,"template":"","format":"standard","meta":{"footnotes":""},"categories":[142],"tags":[7170,19244,7328,19243],"class_list":{"0":"post-169623","1":"post","2":"type-post","3":"status-publish","4":"format-standard","5":"has-post-thumbnail","7":"category-celjan","8":"tag-bozicni-vojnik","9":"tag-jaslicarstvo","10":"tag-razstava-jaslic","11":"tag-turisticna-prireditev"},"yoast_head":"<!-- This site is optimized with the Yoast SEO plugin v27.4 - https:\/\/yoast.com\/product\/yoast-seo-wordpress\/ -->\n<title>VOJNIK Na Bo\u017ei\u010dnem Vojniku manj jaslic in ve\u010d vsebine - Novice.si<\/title>\n<meta name=\"robots\" content=\"index, follow, max-snippet:-1, max-image-preview:large, max-video-preview:-1\" \/>\n<link rel=\"canonical\" href=\"https:\/\/novice.si\/page\/vojnik-na-bozicnem-vojniku-manj-jaslic-in-vec-vsebine\/\" \/>\n<meta property=\"og:locale\" content=\"sl_SI\" \/>\n<meta property=\"og:type\" content=\"article\" \/>\n<meta property=\"og:title\" content=\"VOJNIK Na Bo\u017ei\u010dnem Vojniku manj jaslic in ve\u010d vsebine - Novice.si\" \/>\n<meta property=\"og:description\" content=\"Od 16. decembra do \u0161estega januarja bo Vojnik ponovno v znamenju najve\u010dje turisti\u010dno etnolo\u0161ke prireditve Bo\u017ei\u010dni Vojnik. Organizatorji pri\u010dakujejo okoli 20.000 obiskovalcev, kar je sicer polovica od rekordnih let, celoten zabavni program je brezpla\u010den, znova pa bo poudarek na razstavi jaslic, ki jih bo tokrat okoli dvesto, kar je nekoliko manj, kot prej\u0161nja leta. Te [&hellip;]\" \/>\n<meta property=\"og:url\" content=\"https:\/\/novice.si\/page\/vojnik-na-bozicnem-vojniku-manj-jaslic-in-vec-vsebine\/\" \/>\n<meta property=\"og:site_name\" content=\"Novice.si\" \/>\n<meta property=\"article:published_time\" content=\"2023-11-28T11:53:11+00:00\" \/>\n<meta property=\"og:image\" content=\"https:\/\/novice.si\/page\/wp-content\/uploads\/2023\/11\/bozicni-vojnik-press-3-scaled.jpg\" \/>\n\t<meta property=\"og:image:width\" content=\"2560\" \/>\n\t<meta property=\"og:image:height\" content=\"1920\" \/>\n\t<meta property=\"og:image:type\" content=\"image\/jpeg\" \/>\n<meta name=\"author\" content=\"Uredni\u0161tvo Celjana\" \/>\n<meta name=\"twitter:card\" content=\"summary_large_image\" \/>\n<meta name=\"twitter:label1\" content=\"Written by\" \/>\n\t<meta name=\"twitter:data1\" content=\"Uredni\u0161tvo Celjana\" \/>\n\t<meta name=\"twitter:label2\" content=\"Est. reading time\" \/>\n\t<meta name=\"twitter:data2\" content=\"1 minuta\" \/>\n<script type=\"application\/ld+json\" class=\"yoast-schema-graph\">{\"@context\":\"https:\\\/\\\/schema.org\",\"@graph\":[{\"@type\":\"Article\",\"@id\":\"https:\\\/\\\/novice.si\\\/page\\\/vojnik-na-bozicnem-vojniku-manj-jaslic-in-vec-vsebine\\\/#article\",\"isPartOf\":{\"@id\":\"https:\\\/\\\/novice.si\\\/page\\\/vojnik-na-bozicnem-vojniku-manj-jaslic-in-vec-vsebine\\\/\"},\"author\":{\"name\":\"Uredni\u0161tvo Celjana\",\"@id\":\"https:\\\/\\\/novice.si\\\/page\\\/#\\\/schema\\\/person\\\/57f25c9642a9541c7349c65d32032c3e\"},\"headline\":\"VOJNIK Na Bo\u017ei\u010dnem Vojniku manj jaslic in ve\u010d vsebine\",\"datePublished\":\"2023-11-28T11:53:11+00:00\",\"mainEntityOfPage\":{\"@id\":\"https:\\\/\\\/novice.si\\\/page\\\/vojnik-na-bozicnem-vojniku-manj-jaslic-in-vec-vsebine\\\/\"},\"wordCount\":159,\"publisher\":{\"@id\":\"https:\\\/\\\/novice.si\\\/page\\\/#organization\"},\"image\":{\"@id\":\"https:\\\/\\\/novice.si\\\/page\\\/vojnik-na-bozicnem-vojniku-manj-jaslic-in-vec-vsebine\\\/#primaryimage\"},\"thumbnailUrl\":\"https:\\\/\\\/novice.si\\\/page\\\/wp-content\\\/uploads\\\/2023\\\/11\\\/bozicni-vojnik-press-3-scaled.jpg\",\"keywords\":[\"Bo\u017ei\u010dni Vojnik\",\"jasli\u010darstvo\",\"razstava jaslic\",\"turisti\u010dna prireditev\"],\"articleSection\":[\"Celjan\"],\"inLanguage\":\"sl-SI\"},{\"@type\":\"WebPage\",\"@id\":\"https:\\\/\\\/novice.si\\\/page\\\/vojnik-na-bozicnem-vojniku-manj-jaslic-in-vec-vsebine\\\/\",\"url\":\"https:\\\/\\\/novice.si\\\/page\\\/vojnik-na-bozicnem-vojniku-manj-jaslic-in-vec-vsebine\\\/\",\"name\":\"VOJNIK Na Bo\u017ei\u010dnem Vojniku manj jaslic in ve\u010d vsebine - Novice.si\",\"isPartOf\":{\"@id\":\"https:\\\/\\\/novice.si\\\/page\\\/#website\"},\"primaryImageOfPage\":{\"@id\":\"https:\\\/\\\/novice.si\\\/page\\\/vojnik-na-bozicnem-vojniku-manj-jaslic-in-vec-vsebine\\\/#primaryimage\"},\"image\":{\"@id\":\"https:\\\/\\\/novice.si\\\/page\\\/vojnik-na-bozicnem-vojniku-manj-jaslic-in-vec-vsebine\\\/#primaryimage\"},\"thumbnailUrl\":\"https:\\\/\\\/novice.si\\\/page\\\/wp-content\\\/uploads\\\/2023\\\/11\\\/bozicni-vojnik-press-3-scaled.jpg\",\"datePublished\":\"2023-11-28T11:53:11+00:00\",\"breadcrumb\":{\"@id\":\"https:\\\/\\\/novice.si\\\/page\\\/vojnik-na-bozicnem-vojniku-manj-jaslic-in-vec-vsebine\\\/#breadcrumb\"},\"inLanguage\":\"sl-SI\",\"potentialAction\":[{\"@type\":\"ReadAction\",\"target\":[\"https:\\\/\\\/novice.si\\\/page\\\/vojnik-na-bozicnem-vojniku-manj-jaslic-in-vec-vsebine\\\/\"]}]},{\"@type\":\"ImageObject\",\"inLanguage\":\"sl-SI\",\"@id\":\"https:\\\/\\\/novice.si\\\/page\\\/vojnik-na-bozicnem-vojniku-manj-jaslic-in-vec-vsebine\\\/#primaryimage\",\"url\":\"https:\\\/\\\/novice.si\\\/page\\\/wp-content\\\/uploads\\\/2023\\\/11\\\/bozicni-vojnik-press-3-scaled.jpg\",\"contentUrl\":\"https:\\\/\\\/novice.si\\\/page\\\/wp-content\\\/uploads\\\/2023\\\/11\\\/bozicni-vojnik-press-3-scaled.jpg\",\"width\":2560,\"height\":1920},{\"@type\":\"BreadcrumbList\",\"@id\":\"https:\\\/\\\/novice.si\\\/page\\\/vojnik-na-bozicnem-vojniku-manj-jaslic-in-vec-vsebine\\\/#breadcrumb\",\"itemListElement\":[{\"@type\":\"ListItem\",\"position\":1,\"name\":\"Home\",\"item\":\"https:\\\/\\\/novice.si\\\/page\\\/\"},{\"@type\":\"ListItem\",\"position\":2,\"name\":\"VOJNIK Na Bo\u017ei\u010dnem Vojniku manj jaslic in ve\u010d vsebine\"}]},{\"@type\":\"WebSite\",\"@id\":\"https:\\\/\\\/novice.si\\\/page\\\/#website\",\"url\":\"https:\\\/\\\/novice.si\\\/page\\\/\",\"name\":\"Novice.si\",\"description\":\"\",\"publisher\":{\"@id\":\"https:\\\/\\\/novice.si\\\/page\\\/#organization\"},\"potentialAction\":[{\"@type\":\"SearchAction\",\"target\":{\"@type\":\"EntryPoint\",\"urlTemplate\":\"https:\\\/\\\/novice.si\\\/page\\\/?s={search_term_string}\"},\"query-input\":{\"@type\":\"PropertyValueSpecification\",\"valueRequired\":true,\"valueName\":\"search_term_string\"}}],\"inLanguage\":\"sl-SI\"},{\"@type\":\"Organization\",\"@id\":\"https:\\\/\\\/novice.si\\\/page\\\/#organization\",\"name\":\"Novice.si\",\"url\":\"https:\\\/\\\/novice.si\\\/page\\\/\",\"logo\":{\"@type\":\"ImageObject\",\"inLanguage\":\"sl-SI\",\"@id\":\"https:\\\/\\\/novice.si\\\/page\\\/#\\\/schema\\\/logo\\\/image\\\/\",\"url\":\"https:\\\/\\\/novice.si\\\/page\\\/wp-content\\\/uploads\\\/2023\\\/03\\\/novice_si.png\",\"contentUrl\":\"https:\\\/\\\/novice.si\\\/page\\\/wp-content\\\/uploads\\\/2023\\\/03\\\/novice_si.png\",\"width\":576,\"height\":200,\"caption\":\"Novice.si\"},\"image\":{\"@id\":\"https:\\\/\\\/novice.si\\\/page\\\/#\\\/schema\\\/logo\\\/image\\\/\"}},{\"@type\":\"Person\",\"@id\":\"https:\\\/\\\/novice.si\\\/page\\\/#\\\/schema\\\/person\\\/57f25c9642a9541c7349c65d32032c3e\",\"name\":\"Uredni\u0161tvo Celjana\",\"image\":{\"@type\":\"ImageObject\",\"inLanguage\":\"sl-SI\",\"@id\":\"https:\\\/\\\/secure.gravatar.com\\\/avatar\\\/78e52bc4279b65f6df6345e0ef0f7b792d361361f230cf4ffecfe0afe6d5629c?s=96&d=mm&r=g\",\"url\":\"https:\\\/\\\/secure.gravatar.com\\\/avatar\\\/78e52bc4279b65f6df6345e0ef0f7b792d361361f230cf4ffecfe0afe6d5629c?s=96&d=mm&r=g\",\"contentUrl\":\"https:\\\/\\\/secure.gravatar.com\\\/avatar\\\/78e52bc4279b65f6df6345e0ef0f7b792d361361f230cf4ffecfe0afe6d5629c?s=96&d=mm&r=g\",\"caption\":\"Uredni\u0161tvo Celjana\"},\"url\":\"https:\\\/\\\/novice.si\\\/page\\\/author\\\/primoz\\\/\"}]}<\/script>\n<!-- \/ Yoast SEO plugin. -->","yoast_head_json":{"title":"VOJNIK Na Bo\u017ei\u010dnem Vojniku manj jaslic in ve\u010d vsebine - Novice.si","robots":{"index":"index","follow":"follow","max-snippet":"max-snippet:-1","max-image-preview":"max-image-preview:large","max-video-preview":"max-video-preview:-1"},"canonical":"https:\/\/novice.si\/page\/vojnik-na-bozicnem-vojniku-manj-jaslic-in-vec-vsebine\/","og_locale":"sl_SI","og_type":"article","og_title":"VOJNIK Na Bo\u017ei\u010dnem Vojniku manj jaslic in ve\u010d vsebine - Novice.si","og_description":"Od 16. decembra do \u0161estega januarja bo Vojnik ponovno v znamenju najve\u010dje turisti\u010dno etnolo\u0161ke prireditve Bo\u017ei\u010dni Vojnik. Organizatorji pri\u010dakujejo okoli 20.000 obiskovalcev, kar je sicer polovica od rekordnih let, celoten zabavni program je brezpla\u010den, znova pa bo poudarek na razstavi jaslic, ki jih bo tokrat okoli dvesto, kar je nekoliko manj, kot prej\u0161nja leta. Te [&hellip;]","og_url":"https:\/\/novice.si\/page\/vojnik-na-bozicnem-vojniku-manj-jaslic-in-vec-vsebine\/","og_site_name":"Novice.si","article_published_time":"2023-11-28T11:53:11+00:00","og_image":[{"width":2560,"height":1920,"url":"https:\/\/novice.si\/page\/wp-content\/uploads\/2023\/11\/bozicni-vojnik-press-3-scaled.jpg","type":"image\/jpeg"}],"author":"Uredni\u0161tvo Celjana","twitter_card":"summary_large_image","twitter_misc":{"Written by":"Uredni\u0161tvo Celjana","Est. reading time":"1 minuta"},"schema":{"@context":"https:\/\/schema.org","@graph":[{"@type":"Article","@id":"https:\/\/novice.si\/page\/vojnik-na-bozicnem-vojniku-manj-jaslic-in-vec-vsebine\/#article","isPartOf":{"@id":"https:\/\/novice.si\/page\/vojnik-na-bozicnem-vojniku-manj-jaslic-in-vec-vsebine\/"},"author":{"name":"Uredni\u0161tvo Celjana","@id":"https:\/\/novice.si\/page\/#\/schema\/person\/57f25c9642a9541c7349c65d32032c3e"},"headline":"VOJNIK Na Bo\u017ei\u010dnem Vojniku manj jaslic in ve\u010d vsebine","datePublished":"2023-11-28T11:53:11+00:00","mainEntityOfPage":{"@id":"https:\/\/novice.si\/page\/vojnik-na-bozicnem-vojniku-manj-jaslic-in-vec-vsebine\/"},"wordCount":159,"publisher":{"@id":"https:\/\/novice.si\/page\/#organization"},"image":{"@id":"https:\/\/novice.si\/page\/vojnik-na-bozicnem-vojniku-manj-jaslic-in-vec-vsebine\/#primaryimage"},"thumbnailUrl":"https:\/\/novice.si\/page\/wp-content\/uploads\/2023\/11\/bozicni-vojnik-press-3-scaled.jpg","keywords":["Bo\u017ei\u010dni Vojnik","jasli\u010darstvo","razstava jaslic","turisti\u010dna prireditev"],"articleSection":["Celjan"],"inLanguage":"sl-SI"},{"@type":"WebPage","@id":"https:\/\/novice.si\/page\/vojnik-na-bozicnem-vojniku-manj-jaslic-in-vec-vsebine\/","url":"https:\/\/novice.si\/page\/vojnik-na-bozicnem-vojniku-manj-jaslic-in-vec-vsebine\/","name":"VOJNIK Na Bo\u017ei\u010dnem Vojniku manj jaslic in ve\u010d vsebine - Novice.si","isPartOf":{"@id":"https:\/\/novice.si\/page\/#website"},"primaryImageOfPage":{"@id":"https:\/\/novice.si\/page\/vojnik-na-bozicnem-vojniku-manj-jaslic-in-vec-vsebine\/#primaryimage"},"image":{"@id":"https:\/\/novice.si\/page\/vojnik-na-bozicnem-vojniku-manj-jaslic-in-vec-vsebine\/#primaryimage"},"thumbnailUrl":"https:\/\/novice.si\/page\/wp-content\/uploads\/2023\/11\/bozicni-vojnik-press-3-scaled.jpg","datePublished":"2023-11-28T11:53:11+00:00","breadcrumb":{"@id":"https:\/\/novice.si\/page\/vojnik-na-bozicnem-vojniku-manj-jaslic-in-vec-vsebine\/#breadcrumb"},"inLanguage":"sl-SI","potentialAction":[{"@type":"ReadAction","target":["https:\/\/novice.si\/page\/vojnik-na-bozicnem-vojniku-manj-jaslic-in-vec-vsebine\/"]}]},{"@type":"ImageObject","inLanguage":"sl-SI","@id":"https:\/\/novice.si\/page\/vojnik-na-bozicnem-vojniku-manj-jaslic-in-vec-vsebine\/#primaryimage","url":"https:\/\/novice.si\/page\/wp-content\/uploads\/2023\/11\/bozicni-vojnik-press-3-scaled.jpg","contentUrl":"https:\/\/novice.si\/page\/wp-content\/uploads\/2023\/11\/bozicni-vojnik-press-3-scaled.jpg","width":2560,"height":1920},{"@type":"BreadcrumbList","@id":"https:\/\/novice.si\/page\/vojnik-na-bozicnem-vojniku-manj-jaslic-in-vec-vsebine\/#breadcrumb","itemListElement":[{"@type":"ListItem","position":1,"name":"Home","item":"https:\/\/novice.si\/page\/"},{"@type":"ListItem","position":2,"name":"VOJNIK Na Bo\u017ei\u010dnem Vojniku manj jaslic in ve\u010d vsebine"}]},{"@type":"WebSite","@id":"https:\/\/novice.si\/page\/#website","url":"https:\/\/novice.si\/page\/","name":"Novice.si","description":"","publisher":{"@id":"https:\/\/novice.si\/page\/#organization"},"potentialAction":[{"@type":"SearchAction","target":{"@type":"EntryPoint","urlTemplate":"https:\/\/novice.si\/page\/?s={search_term_string}"},"query-input":{"@type":"PropertyValueSpecification","valueRequired":true,"valueName":"search_term_string"}}],"inLanguage":"sl-SI"},{"@type":"Organization","@id":"https:\/\/novice.si\/page\/#organization","name":"Novice.si","url":"https:\/\/novice.si\/page\/","logo":{"@type":"ImageObject","inLanguage":"sl-SI","@id":"https:\/\/novice.si\/page\/#\/schema\/logo\/image\/","url":"https:\/\/novice.si\/page\/wp-content\/uploads\/2023\/03\/novice_si.png","contentUrl":"https:\/\/novice.si\/page\/wp-content\/uploads\/2023\/03\/novice_si.png","width":576,"height":200,"caption":"Novice.si"},"image":{"@id":"https:\/\/novice.si\/page\/#\/schema\/logo\/image\/"}},{"@type":"Person","@id":"https:\/\/novice.si\/page\/#\/schema\/person\/57f25c9642a9541c7349c65d32032c3e","name":"Uredni\u0161tvo Celjana","image":{"@type":"ImageObject","inLanguage":"sl-SI","@id":"https:\/\/secure.gravatar.com\/avatar\/78e52bc4279b65f6df6345e0ef0f7b792d361361f230cf4ffecfe0afe6d5629c?s=96&d=mm&r=g","url":"https:\/\/secure.gravatar.com\/avatar\/78e52bc4279b65f6df6345e0ef0f7b792d361361f230cf4ffecfe0afe6d5629c?s=96&d=mm&r=g","contentUrl":"https:\/\/secure.gravatar.com\/avatar\/78e52bc4279b65f6df6345e0ef0f7b792d361361f230cf4ffecfe0afe6d5629c?s=96&d=mm&r=g","caption":"Uredni\u0161tvo Celjana"},"url":"https:\/\/novice.si\/page\/author\/primoz\/"}]}},"_links":{"self":[{"href":"https:\/\/novice.si\/page\/wp-json\/wp\/v2\/posts\/169623","targetHints":{"allow":["GET"]}}],"collection":[{"href":"https:\/\/novice.si\/page\/wp-json\/wp\/v2\/posts"}],"about":[{"href":"https:\/\/novice.si\/page\/wp-json\/wp\/v2\/types\/post"}],"author":[{"embeddable":true,"href":"https:\/\/novice.si\/page\/wp-json\/wp\/v2\/users\/33"}],"replies":[{"embeddable":true,"href":"https:\/\/novice.si\/page\/wp-json\/wp\/v2\/comments?post=169623"}],"version-history":[{"count":1,"href":"https:\/\/novice.si\/page\/wp-json\/wp\/v2\/posts\/169623\/revisions"}],"predecessor-version":[{"id":169625,"href":"https:\/\/novice.si\/page\/wp-json\/wp\/v2\/posts\/169623\/revisions\/169625"}],"wp:featuredmedia":[{"embeddable":true,"href":"https:\/\/novice.si\/page\/wp-json\/wp\/v2\/media\/169624"}],"wp:attachment":[{"href":"https:\/\/novice.si\/page\/wp-json\/wp\/v2\/media?parent=169623"}],"wp:term":[{"taxonomy":"category","embeddable":true,"href":"https:\/\/novice.si\/page\/wp-json\/wp\/v2\/categories?post=169623"},{"taxonomy":"post_tag","embeddable":true,"href":"https:\/\/novice.si\/page\/wp-json\/wp\/v2\/tags?post=169623"}],"curies":[{"name":"wp","href":"https:\/\/api.w.org\/{rel}","templated":true}]}}