{"id":169606,"date":"2023-11-28T08:49:36","date_gmt":"2023-11-28T07:49:36","guid":{"rendered":"https:\/\/novice.si\/page\/?p=169606"},"modified":"2023-11-28T08:49:36","modified_gmt":"2023-11-28T07:49:36","slug":"celje-bozickova-tovarna-daril-sredi-mesta","status":"publish","type":"post","link":"https:\/\/novice.si\/page\/celje-bozickova-tovarna-daril-sredi-mesta\/","title":{"rendered":"CELJE Bo\u017ei\u010dkova tovarna daril sredi mesta"},"content":{"rendered":"<p>S ponedeljkom je na Glavnem trgu v Celju odprla vrata deveta Bo\u017ei\u010dkova tovarna daril, ki jo pripravlja dru\u0161tvo Enostavno pomagam.<\/p>\n<p><img loading=\"lazy\" decoding=\"async\" class=\"wp-image-169609 alignleft\" src=\"https:\/\/novice.si\/page\/wp-content\/uploads\/2023\/11\/Zupan-MOC-Matija-Kovac-in-predsednik-drustva-Milan-Ninic-600x400.jpg\" alt=\"\" width=\"389\" height=\"259\" srcset=\"https:\/\/novice.si\/page\/wp-content\/uploads\/2023\/11\/Zupan-MOC-Matija-Kovac-in-predsednik-drustva-Milan-Ninic-600x400.jpg 600w, https:\/\/novice.si\/page\/wp-content\/uploads\/2023\/11\/Zupan-MOC-Matija-Kovac-in-predsednik-drustva-Milan-Ninic-1024x683.jpg 1024w, https:\/\/novice.si\/page\/wp-content\/uploads\/2023\/11\/Zupan-MOC-Matija-Kovac-in-predsednik-drustva-Milan-Ninic-768x512.jpg 768w, https:\/\/novice.si\/page\/wp-content\/uploads\/2023\/11\/Zupan-MOC-Matija-Kovac-in-predsednik-drustva-Milan-Ninic-1536x1024.jpg 1536w, https:\/\/novice.si\/page\/wp-content\/uploads\/2023\/11\/Zupan-MOC-Matija-Kovac-in-predsednik-drustva-Milan-Ninic-2048x1365.jpg 2048w, https:\/\/novice.si\/page\/wp-content\/uploads\/2023\/11\/Zupan-MOC-Matija-Kovac-in-predsednik-drustva-Milan-Ninic-696x464.jpg 696w, https:\/\/novice.si\/page\/wp-content\/uploads\/2023\/11\/Zupan-MOC-Matija-Kovac-in-predsednik-drustva-Milan-Ninic-1068x712.jpg 1068w, https:\/\/novice.si\/page\/wp-content\/uploads\/2023\/11\/Zupan-MOC-Matija-Kovac-in-predsednik-drustva-Milan-Ninic-630x420.jpg 630w, https:\/\/novice.si\/page\/wp-content\/uploads\/2023\/11\/Zupan-MOC-Matija-Kovac-in-predsednik-drustva-Milan-Ninic-1920x1280.jpg 1920w, https:\/\/novice.si\/page\/wp-content\/uploads\/2023\/11\/Zupan-MOC-Matija-Kovac-in-predsednik-drustva-Milan-Ninic-24x16.jpg 24w, https:\/\/novice.si\/page\/wp-content\/uploads\/2023\/11\/Zupan-MOC-Matija-Kovac-in-predsednik-drustva-Milan-Ninic-36x24.jpg 36w, https:\/\/novice.si\/page\/wp-content\/uploads\/2023\/11\/Zupan-MOC-Matija-Kovac-in-predsednik-drustva-Milan-Ninic-48x32.jpg 48w\" sizes=\"auto, (max-width: 389px) 100vw, 389px\" \/>Leto\u0161nja novost je tovarna daril, kjer bodo lahko darovalci po svoje oblikovali darila za otroke iz socialno \u0161ibkih dru\u017ein, \u0161e vedno pa jim lahko donirajo tudi denarna sredstva. Doslej so obdarovali ve\u010d kot 7500 otrok.<\/p>\n<p>\u00bbPonosen sem na na\u0161o ekipo prostovoljcev in \u017eelim, da bi vsak otrok za\u010dutil magi\u010dnost bo\u017ei\u010dnega \u010dasa in dobroto, ki jo lahko delimo med seboj\u00ab, je med drugim omenil predsednik dru\u0161tva <strong>Milan Nini\u010d<\/strong>.<\/p>\n<p>Celjski \u017eupan <strong>Matija Kova\u010d <\/strong>dodaja, da je Bo\u017ei\u010dkova tovarna daril ena izmed bolj prepoznavnih dobrodelnih akcij in sinonim za solidarnost in \u010dut za so\u010dloveka.<\/p>\n<p>P\u0160<\/p>\n","protected":false},"excerpt":{"rendered":"<p>S ponedeljkom je na Glavnem trgu v Celju odprla vrata deveta Bo\u017ei\u010dkova tovarna daril, ki jo pripravlja dru\u0161tvo Enostavno pomagam. Leto\u0161nja novost je tovarna daril, kjer bodo lahko darovalci po svoje oblikovali darila za otroke iz socialno \u0161ibkih dru\u017ein, \u0161e vedno pa jim lahko donirajo tudi denarna sredstva. Doslej so obdarovali ve\u010d kot 7500 otrok. [&hellip;]<\/p>\n","protected":false},"author":33,"featured_media":169607,"comment_status":"closed","ping_status":"closed","sticky":false,"template":"","format":"standard","meta":{"footnotes":""},"categories":[17],"tags":[7017,4834,6795,4836],"class_list":{"0":"post-169606","1":"post","2":"type-post","3":"status-publish","4":"format-standard","5":"has-post-thumbnail","7":"category-celjsko","8":"tag-bozickova-tovarna-daril","9":"tag-humanitarno-drustvo-enostavno-pomagam","10":"tag-matija-kovac","11":"tag-milan-ninic"},"yoast_head":"<!-- This site is optimized with the Yoast SEO plugin v27.4 - https:\/\/yoast.com\/product\/yoast-seo-wordpress\/ -->\n<title>CELJE Bo\u017ei\u010dkova tovarna daril sredi mesta - Novice.si<\/title>\n<meta name=\"robots\" content=\"index, follow, max-snippet:-1, max-image-preview:large, max-video-preview:-1\" \/>\n<link rel=\"canonical\" href=\"https:\/\/novice.si\/page\/celje-bozickova-tovarna-daril-sredi-mesta\/\" \/>\n<meta property=\"og:locale\" content=\"sl_SI\" \/>\n<meta property=\"og:type\" content=\"article\" \/>\n<meta property=\"og:title\" content=\"CELJE Bo\u017ei\u010dkova tovarna daril sredi mesta - Novice.si\" \/>\n<meta property=\"og:description\" content=\"S ponedeljkom je na Glavnem trgu v Celju odprla vrata deveta Bo\u017ei\u010dkova tovarna daril, ki jo pripravlja dru\u0161tvo Enostavno pomagam. Leto\u0161nja novost je tovarna daril, kjer bodo lahko darovalci po svoje oblikovali darila za otroke iz socialno \u0161ibkih dru\u017ein, \u0161e vedno pa jim lahko donirajo tudi denarna sredstva. Doslej so obdarovali ve\u010d kot 7500 otrok. [&hellip;]\" \/>\n<meta property=\"og:url\" content=\"https:\/\/novice.si\/page\/celje-bozickova-tovarna-daril-sredi-mesta\/\" \/>\n<meta property=\"og:site_name\" content=\"Novice.si\" \/>\n<meta property=\"article:published_time\" content=\"2023-11-28T07:49:36+00:00\" \/>\n<meta property=\"og:image\" content=\"https:\/\/novice.si\/page\/wp-content\/uploads\/2023\/11\/Bozickova-tovarna-daril-scaled.jpg\" \/>\n\t<meta property=\"og:image:width\" content=\"2560\" \/>\n\t<meta property=\"og:image:height\" content=\"1706\" \/>\n\t<meta property=\"og:image:type\" content=\"image\/jpeg\" \/>\n<meta name=\"author\" content=\"Uredni\u0161tvo Celjana\" \/>\n<meta name=\"twitter:card\" content=\"summary_large_image\" \/>\n<meta name=\"twitter:label1\" content=\"Written by\" \/>\n\t<meta name=\"twitter:data1\" content=\"Uredni\u0161tvo Celjana\" \/>\n\t<meta name=\"twitter:label2\" content=\"Est. reading time\" \/>\n\t<meta name=\"twitter:data2\" content=\"1 minuta\" \/>\n<script type=\"application\/ld+json\" class=\"yoast-schema-graph\">{\"@context\":\"https:\\\/\\\/schema.org\",\"@graph\":[{\"@type\":\"Article\",\"@id\":\"https:\\\/\\\/novice.si\\\/page\\\/celje-bozickova-tovarna-daril-sredi-mesta\\\/#article\",\"isPartOf\":{\"@id\":\"https:\\\/\\\/novice.si\\\/page\\\/celje-bozickova-tovarna-daril-sredi-mesta\\\/\"},\"author\":{\"name\":\"Uredni\u0161tvo Celjana\",\"@id\":\"https:\\\/\\\/novice.si\\\/page\\\/#\\\/schema\\\/person\\\/57f25c9642a9541c7349c65d32032c3e\"},\"headline\":\"CELJE Bo\u017ei\u010dkova tovarna daril sredi mesta\",\"datePublished\":\"2023-11-28T07:49:36+00:00\",\"mainEntityOfPage\":{\"@id\":\"https:\\\/\\\/novice.si\\\/page\\\/celje-bozickova-tovarna-daril-sredi-mesta\\\/\"},\"wordCount\":133,\"publisher\":{\"@id\":\"https:\\\/\\\/novice.si\\\/page\\\/#organization\"},\"image\":{\"@id\":\"https:\\\/\\\/novice.si\\\/page\\\/celje-bozickova-tovarna-daril-sredi-mesta\\\/#primaryimage\"},\"thumbnailUrl\":\"https:\\\/\\\/novice.si\\\/page\\\/wp-content\\\/uploads\\\/2023\\\/11\\\/Bozickova-tovarna-daril-scaled.jpg\",\"keywords\":[\"Bo\u017ei\u010dkova tovarna daril\",\"Humanitarno dru\u0161tvo Enostavno pomagam\",\"Matija Kova\u010d\",\"Milan Nini\u0107\"],\"articleSection\":[\"Celjsko\"],\"inLanguage\":\"sl-SI\"},{\"@type\":\"WebPage\",\"@id\":\"https:\\\/\\\/novice.si\\\/page\\\/celje-bozickova-tovarna-daril-sredi-mesta\\\/\",\"url\":\"https:\\\/\\\/novice.si\\\/page\\\/celje-bozickova-tovarna-daril-sredi-mesta\\\/\",\"name\":\"CELJE Bo\u017ei\u010dkova tovarna daril sredi mesta - Novice.si\",\"isPartOf\":{\"@id\":\"https:\\\/\\\/novice.si\\\/page\\\/#website\"},\"primaryImageOfPage\":{\"@id\":\"https:\\\/\\\/novice.si\\\/page\\\/celje-bozickova-tovarna-daril-sredi-mesta\\\/#primaryimage\"},\"image\":{\"@id\":\"https:\\\/\\\/novice.si\\\/page\\\/celje-bozickova-tovarna-daril-sredi-mesta\\\/#primaryimage\"},\"thumbnailUrl\":\"https:\\\/\\\/novice.si\\\/page\\\/wp-content\\\/uploads\\\/2023\\\/11\\\/Bozickova-tovarna-daril-scaled.jpg\",\"datePublished\":\"2023-11-28T07:49:36+00:00\",\"breadcrumb\":{\"@id\":\"https:\\\/\\\/novice.si\\\/page\\\/celje-bozickova-tovarna-daril-sredi-mesta\\\/#breadcrumb\"},\"inLanguage\":\"sl-SI\",\"potentialAction\":[{\"@type\":\"ReadAction\",\"target\":[\"https:\\\/\\\/novice.si\\\/page\\\/celje-bozickova-tovarna-daril-sredi-mesta\\\/\"]}]},{\"@type\":\"ImageObject\",\"inLanguage\":\"sl-SI\",\"@id\":\"https:\\\/\\\/novice.si\\\/page\\\/celje-bozickova-tovarna-daril-sredi-mesta\\\/#primaryimage\",\"url\":\"https:\\\/\\\/novice.si\\\/page\\\/wp-content\\\/uploads\\\/2023\\\/11\\\/Bozickova-tovarna-daril-scaled.jpg\",\"contentUrl\":\"https:\\\/\\\/novice.si\\\/page\\\/wp-content\\\/uploads\\\/2023\\\/11\\\/Bozickova-tovarna-daril-scaled.jpg\",\"width\":2560,\"height\":1706},{\"@type\":\"BreadcrumbList\",\"@id\":\"https:\\\/\\\/novice.si\\\/page\\\/celje-bozickova-tovarna-daril-sredi-mesta\\\/#breadcrumb\",\"itemListElement\":[{\"@type\":\"ListItem\",\"position\":1,\"name\":\"Home\",\"item\":\"https:\\\/\\\/novice.si\\\/page\\\/\"},{\"@type\":\"ListItem\",\"position\":2,\"name\":\"CELJE Bo\u017ei\u010dkova tovarna daril sredi mesta\"}]},{\"@type\":\"WebSite\",\"@id\":\"https:\\\/\\\/novice.si\\\/page\\\/#website\",\"url\":\"https:\\\/\\\/novice.si\\\/page\\\/\",\"name\":\"Novice.si\",\"description\":\"\",\"publisher\":{\"@id\":\"https:\\\/\\\/novice.si\\\/page\\\/#organization\"},\"potentialAction\":[{\"@type\":\"SearchAction\",\"target\":{\"@type\":\"EntryPoint\",\"urlTemplate\":\"https:\\\/\\\/novice.si\\\/page\\\/?s={search_term_string}\"},\"query-input\":{\"@type\":\"PropertyValueSpecification\",\"valueRequired\":true,\"valueName\":\"search_term_string\"}}],\"inLanguage\":\"sl-SI\"},{\"@type\":\"Organization\",\"@id\":\"https:\\\/\\\/novice.si\\\/page\\\/#organization\",\"name\":\"Novice.si\",\"url\":\"https:\\\/\\\/novice.si\\\/page\\\/\",\"logo\":{\"@type\":\"ImageObject\",\"inLanguage\":\"sl-SI\",\"@id\":\"https:\\\/\\\/novice.si\\\/page\\\/#\\\/schema\\\/logo\\\/image\\\/\",\"url\":\"https:\\\/\\\/novice.si\\\/page\\\/wp-content\\\/uploads\\\/2023\\\/03\\\/novice_si.png\",\"contentUrl\":\"https:\\\/\\\/novice.si\\\/page\\\/wp-content\\\/uploads\\\/2023\\\/03\\\/novice_si.png\",\"width\":576,\"height\":200,\"caption\":\"Novice.si\"},\"image\":{\"@id\":\"https:\\\/\\\/novice.si\\\/page\\\/#\\\/schema\\\/logo\\\/image\\\/\"}},{\"@type\":\"Person\",\"@id\":\"https:\\\/\\\/novice.si\\\/page\\\/#\\\/schema\\\/person\\\/57f25c9642a9541c7349c65d32032c3e\",\"name\":\"Uredni\u0161tvo Celjana\",\"image\":{\"@type\":\"ImageObject\",\"inLanguage\":\"sl-SI\",\"@id\":\"https:\\\/\\\/secure.gravatar.com\\\/avatar\\\/78e52bc4279b65f6df6345e0ef0f7b792d361361f230cf4ffecfe0afe6d5629c?s=96&d=mm&r=g\",\"url\":\"https:\\\/\\\/secure.gravatar.com\\\/avatar\\\/78e52bc4279b65f6df6345e0ef0f7b792d361361f230cf4ffecfe0afe6d5629c?s=96&d=mm&r=g\",\"contentUrl\":\"https:\\\/\\\/secure.gravatar.com\\\/avatar\\\/78e52bc4279b65f6df6345e0ef0f7b792d361361f230cf4ffecfe0afe6d5629c?s=96&d=mm&r=g\",\"caption\":\"Uredni\u0161tvo Celjana\"},\"url\":\"https:\\\/\\\/novice.si\\\/page\\\/author\\\/primoz\\\/\"}]}<\/script>\n<!-- \/ Yoast SEO plugin. -->","yoast_head_json":{"title":"CELJE Bo\u017ei\u010dkova tovarna daril sredi mesta - Novice.si","robots":{"index":"index","follow":"follow","max-snippet":"max-snippet:-1","max-image-preview":"max-image-preview:large","max-video-preview":"max-video-preview:-1"},"canonical":"https:\/\/novice.si\/page\/celje-bozickova-tovarna-daril-sredi-mesta\/","og_locale":"sl_SI","og_type":"article","og_title":"CELJE Bo\u017ei\u010dkova tovarna daril sredi mesta - Novice.si","og_description":"S ponedeljkom je na Glavnem trgu v Celju odprla vrata deveta Bo\u017ei\u010dkova tovarna daril, ki jo pripravlja dru\u0161tvo Enostavno pomagam. Leto\u0161nja novost je tovarna daril, kjer bodo lahko darovalci po svoje oblikovali darila za otroke iz socialno \u0161ibkih dru\u017ein, \u0161e vedno pa jim lahko donirajo tudi denarna sredstva. Doslej so obdarovali ve\u010d kot 7500 otrok. [&hellip;]","og_url":"https:\/\/novice.si\/page\/celje-bozickova-tovarna-daril-sredi-mesta\/","og_site_name":"Novice.si","article_published_time":"2023-11-28T07:49:36+00:00","og_image":[{"width":2560,"height":1706,"url":"https:\/\/novice.si\/page\/wp-content\/uploads\/2023\/11\/Bozickova-tovarna-daril-scaled.jpg","type":"image\/jpeg"}],"author":"Uredni\u0161tvo Celjana","twitter_card":"summary_large_image","twitter_misc":{"Written by":"Uredni\u0161tvo Celjana","Est. reading time":"1 minuta"},"schema":{"@context":"https:\/\/schema.org","@graph":[{"@type":"Article","@id":"https:\/\/novice.si\/page\/celje-bozickova-tovarna-daril-sredi-mesta\/#article","isPartOf":{"@id":"https:\/\/novice.si\/page\/celje-bozickova-tovarna-daril-sredi-mesta\/"},"author":{"name":"Uredni\u0161tvo Celjana","@id":"https:\/\/novice.si\/page\/#\/schema\/person\/57f25c9642a9541c7349c65d32032c3e"},"headline":"CELJE Bo\u017ei\u010dkova tovarna daril sredi mesta","datePublished":"2023-11-28T07:49:36+00:00","mainEntityOfPage":{"@id":"https:\/\/novice.si\/page\/celje-bozickova-tovarna-daril-sredi-mesta\/"},"wordCount":133,"publisher":{"@id":"https:\/\/novice.si\/page\/#organization"},"image":{"@id":"https:\/\/novice.si\/page\/celje-bozickova-tovarna-daril-sredi-mesta\/#primaryimage"},"thumbnailUrl":"https:\/\/novice.si\/page\/wp-content\/uploads\/2023\/11\/Bozickova-tovarna-daril-scaled.jpg","keywords":["Bo\u017ei\u010dkova tovarna daril","Humanitarno dru\u0161tvo Enostavno pomagam","Matija Kova\u010d","Milan Nini\u0107"],"articleSection":["Celjsko"],"inLanguage":"sl-SI"},{"@type":"WebPage","@id":"https:\/\/novice.si\/page\/celje-bozickova-tovarna-daril-sredi-mesta\/","url":"https:\/\/novice.si\/page\/celje-bozickova-tovarna-daril-sredi-mesta\/","name":"CELJE Bo\u017ei\u010dkova tovarna daril sredi mesta - Novice.si","isPartOf":{"@id":"https:\/\/novice.si\/page\/#website"},"primaryImageOfPage":{"@id":"https:\/\/novice.si\/page\/celje-bozickova-tovarna-daril-sredi-mesta\/#primaryimage"},"image":{"@id":"https:\/\/novice.si\/page\/celje-bozickova-tovarna-daril-sredi-mesta\/#primaryimage"},"thumbnailUrl":"https:\/\/novice.si\/page\/wp-content\/uploads\/2023\/11\/Bozickova-tovarna-daril-scaled.jpg","datePublished":"2023-11-28T07:49:36+00:00","breadcrumb":{"@id":"https:\/\/novice.si\/page\/celje-bozickova-tovarna-daril-sredi-mesta\/#breadcrumb"},"inLanguage":"sl-SI","potentialAction":[{"@type":"ReadAction","target":["https:\/\/novice.si\/page\/celje-bozickova-tovarna-daril-sredi-mesta\/"]}]},{"@type":"ImageObject","inLanguage":"sl-SI","@id":"https:\/\/novice.si\/page\/celje-bozickova-tovarna-daril-sredi-mesta\/#primaryimage","url":"https:\/\/novice.si\/page\/wp-content\/uploads\/2023\/11\/Bozickova-tovarna-daril-scaled.jpg","contentUrl":"https:\/\/novice.si\/page\/wp-content\/uploads\/2023\/11\/Bozickova-tovarna-daril-scaled.jpg","width":2560,"height":1706},{"@type":"BreadcrumbList","@id":"https:\/\/novice.si\/page\/celje-bozickova-tovarna-daril-sredi-mesta\/#breadcrumb","itemListElement":[{"@type":"ListItem","position":1,"name":"Home","item":"https:\/\/novice.si\/page\/"},{"@type":"ListItem","position":2,"name":"CELJE Bo\u017ei\u010dkova tovarna daril sredi mesta"}]},{"@type":"WebSite","@id":"https:\/\/novice.si\/page\/#website","url":"https:\/\/novice.si\/page\/","name":"Novice.si","description":"","publisher":{"@id":"https:\/\/novice.si\/page\/#organization"},"potentialAction":[{"@type":"SearchAction","target":{"@type":"EntryPoint","urlTemplate":"https:\/\/novice.si\/page\/?s={search_term_string}"},"query-input":{"@type":"PropertyValueSpecification","valueRequired":true,"valueName":"search_term_string"}}],"inLanguage":"sl-SI"},{"@type":"Organization","@id":"https:\/\/novice.si\/page\/#organization","name":"Novice.si","url":"https:\/\/novice.si\/page\/","logo":{"@type":"ImageObject","inLanguage":"sl-SI","@id":"https:\/\/novice.si\/page\/#\/schema\/logo\/image\/","url":"https:\/\/novice.si\/page\/wp-content\/uploads\/2023\/03\/novice_si.png","contentUrl":"https:\/\/novice.si\/page\/wp-content\/uploads\/2023\/03\/novice_si.png","width":576,"height":200,"caption":"Novice.si"},"image":{"@id":"https:\/\/novice.si\/page\/#\/schema\/logo\/image\/"}},{"@type":"Person","@id":"https:\/\/novice.si\/page\/#\/schema\/person\/57f25c9642a9541c7349c65d32032c3e","name":"Uredni\u0161tvo Celjana","image":{"@type":"ImageObject","inLanguage":"sl-SI","@id":"https:\/\/secure.gravatar.com\/avatar\/78e52bc4279b65f6df6345e0ef0f7b792d361361f230cf4ffecfe0afe6d5629c?s=96&d=mm&r=g","url":"https:\/\/secure.gravatar.com\/avatar\/78e52bc4279b65f6df6345e0ef0f7b792d361361f230cf4ffecfe0afe6d5629c?s=96&d=mm&r=g","contentUrl":"https:\/\/secure.gravatar.com\/avatar\/78e52bc4279b65f6df6345e0ef0f7b792d361361f230cf4ffecfe0afe6d5629c?s=96&d=mm&r=g","caption":"Uredni\u0161tvo Celjana"},"url":"https:\/\/novice.si\/page\/author\/primoz\/"}]}},"_links":{"self":[{"href":"https:\/\/novice.si\/page\/wp-json\/wp\/v2\/posts\/169606","targetHints":{"allow":["GET"]}}],"collection":[{"href":"https:\/\/novice.si\/page\/wp-json\/wp\/v2\/posts"}],"about":[{"href":"https:\/\/novice.si\/page\/wp-json\/wp\/v2\/types\/post"}],"author":[{"embeddable":true,"href":"https:\/\/novice.si\/page\/wp-json\/wp\/v2\/users\/33"}],"replies":[{"embeddable":true,"href":"https:\/\/novice.si\/page\/wp-json\/wp\/v2\/comments?post=169606"}],"version-history":[{"count":1,"href":"https:\/\/novice.si\/page\/wp-json\/wp\/v2\/posts\/169606\/revisions"}],"predecessor-version":[{"id":169610,"href":"https:\/\/novice.si\/page\/wp-json\/wp\/v2\/posts\/169606\/revisions\/169610"}],"wp:featuredmedia":[{"embeddable":true,"href":"https:\/\/novice.si\/page\/wp-json\/wp\/v2\/media\/169607"}],"wp:attachment":[{"href":"https:\/\/novice.si\/page\/wp-json\/wp\/v2\/media?parent=169606"}],"wp:term":[{"taxonomy":"category","embeddable":true,"href":"https:\/\/novice.si\/page\/wp-json\/wp\/v2\/categories?post=169606"},{"taxonomy":"post_tag","embeddable":true,"href":"https:\/\/novice.si\/page\/wp-json\/wp\/v2\/tags?post=169606"}],"curies":[{"name":"wp","href":"https:\/\/api.w.org\/{rel}","templated":true}]}}