{"id":169595,"date":"2023-11-27T20:51:12","date_gmt":"2023-11-27T19:51:12","guid":{"rendered":"https:\/\/novice.si\/page\/?p=169595"},"modified":"2023-11-28T07:42:30","modified_gmt":"2023-11-28T06:42:30","slug":"celje-pogresajo-vinka-krusica","status":"publish","type":"post","link":"https:\/\/novice.si\/page\/celje-pogresajo-vinka-krusica\/","title":{"rendered":"CELJE Pogre\u0161ajo Vinka Kru\u0161i\u010da (dopolnjeno)"},"content":{"rendered":"<p>S celjske policijske uprave so danes zjutraj preklicali iskanje 68-letnega Vinka Kru\u0161i\u010da iz Celja, ki so ga pogre\u0161ili v\u010deraj.<\/p>\n<p>Na\u0161li so ga na obmo\u010dju \u017dirovnice, potem ko je bil nazadnje opa\u017een na obmo\u010dju Zalo\u0161ke ceste v Ljubljani.<\/p>\n<p><em><strong>Prej\u0161nji \u010dlanek:<\/strong><\/em><\/p>\n<p>Policijska uprava Celje je objavila iskanje 68-letnega <strong>Vinka Kru\u0161i\u010da<\/strong> iz Celja.<\/p>\n<p>Nazadnje so ga videli dopoldne na obmo\u010dju ljubljanskega klini\u010dnega centra na Zalo\u0161ki cesti.<\/p>\n<p>Oble\u010den je v svetlo modro jakno in kavbojke, obut pa v \u010drne \u0161kornje.<\/p>\n<p>Kdor bi ga opazil ali prepoznal, naj to sporo\u010di na \u0161tevilko 113.<\/p>\n<p>P\u0160<\/p>\n","protected":false},"excerpt":{"rendered":"<p>S celjske policijske uprave so danes zjutraj preklicali iskanje 68-letnega Vinka Kru\u0161i\u010da iz Celja, ki so ga pogre\u0161ili v\u010deraj. Na\u0161li so ga na obmo\u010dju \u017dirovnice, potem ko je bil nazadnje opa\u017een na obmo\u010dju Zalo\u0161ke ceste v Ljubljani. Prej\u0161nji \u010dlanek: Policijska uprava Celje je objavila iskanje 68-letnega Vinka Kru\u0161i\u010da iz Celja. Nazadnje so ga videli dopoldne [&hellip;]<\/p>\n","protected":false},"author":33,"featured_media":169596,"comment_status":"closed","ping_status":"closed","sticky":false,"template":"","format":"standard","meta":{"footnotes":""},"categories":[14,17,29],"tags":[3807,3806,3891,19236],"class_list":{"0":"post-169595","1":"post","2":"type-post","3":"status-publish","4":"format-standard","5":"has-post-thumbnail","7":"category-aktualno","8":"category-celjsko","9":"category-kronika","10":"tag-iskanje","11":"tag-pogresane-osebe","12":"tag-policijska-uprava-celje","13":"tag-vinko-krusic"},"yoast_head":"<!-- This site is optimized with the Yoast SEO plugin v27.4 - https:\/\/yoast.com\/product\/yoast-seo-wordpress\/ -->\n<title>CELJE Pogre\u0161ajo Vinka Kru\u0161i\u010da (dopolnjeno) - Novice.si<\/title>\n<meta name=\"robots\" content=\"index, follow, max-snippet:-1, max-image-preview:large, max-video-preview:-1\" \/>\n<link rel=\"canonical\" href=\"https:\/\/novice.si\/page\/celje-pogresajo-vinka-krusica\/\" \/>\n<meta property=\"og:locale\" content=\"sl_SI\" \/>\n<meta property=\"og:type\" content=\"article\" \/>\n<meta property=\"og:title\" content=\"CELJE Pogre\u0161ajo Vinka Kru\u0161i\u010da (dopolnjeno) - Novice.si\" \/>\n<meta property=\"og:description\" content=\"S celjske policijske uprave so danes zjutraj preklicali iskanje 68-letnega Vinka Kru\u0161i\u010da iz Celja, ki so ga pogre\u0161ili v\u010deraj. Na\u0161li so ga na obmo\u010dju \u017dirovnice, potem ko je bil nazadnje opa\u017een na obmo\u010dju Zalo\u0161ke ceste v Ljubljani. Prej\u0161nji \u010dlanek: Policijska uprava Celje je objavila iskanje 68-letnega Vinka Kru\u0161i\u010da iz Celja. Nazadnje so ga videli dopoldne [&hellip;]\" \/>\n<meta property=\"og:url\" content=\"https:\/\/novice.si\/page\/celje-pogresajo-vinka-krusica\/\" \/>\n<meta property=\"og:site_name\" content=\"Novice.si\" \/>\n<meta property=\"article:published_time\" content=\"2023-11-27T19:51:12+00:00\" \/>\n<meta property=\"article:modified_time\" content=\"2023-11-28T06:42:30+00:00\" \/>\n<meta property=\"og:image\" content=\"https:\/\/novice.si\/page\/wp-content\/uploads\/2023\/11\/Vinko-Krusic-pogresana-oseba.jpg\" \/>\n\t<meta property=\"og:image:width\" content=\"413\" \/>\n\t<meta property=\"og:image:height\" content=\"531\" \/>\n\t<meta property=\"og:image:type\" content=\"image\/jpeg\" \/>\n<meta name=\"author\" content=\"Uredni\u0161tvo Celjana\" \/>\n<meta name=\"twitter:card\" content=\"summary_large_image\" \/>\n<meta name=\"twitter:label1\" content=\"Written by\" \/>\n\t<meta name=\"twitter:data1\" content=\"Uredni\u0161tvo Celjana\" \/>\n\t<meta name=\"twitter:label2\" content=\"Est. reading time\" \/>\n\t<meta name=\"twitter:data2\" content=\"1 minuta\" \/>\n<script type=\"application\/ld+json\" class=\"yoast-schema-graph\">{\"@context\":\"https:\\\/\\\/schema.org\",\"@graph\":[{\"@type\":\"Article\",\"@id\":\"https:\\\/\\\/novice.si\\\/page\\\/celje-pogresajo-vinka-krusica\\\/#article\",\"isPartOf\":{\"@id\":\"https:\\\/\\\/novice.si\\\/page\\\/celje-pogresajo-vinka-krusica\\\/\"},\"author\":{\"name\":\"Uredni\u0161tvo Celjana\",\"@id\":\"https:\\\/\\\/novice.si\\\/page\\\/#\\\/schema\\\/person\\\/57f25c9642a9541c7349c65d32032c3e\"},\"headline\":\"CELJE Pogre\u0161ajo Vinka Kru\u0161i\u010da (dopolnjeno)\",\"datePublished\":\"2023-11-27T19:51:12+00:00\",\"dateModified\":\"2023-11-28T06:42:30+00:00\",\"mainEntityOfPage\":{\"@id\":\"https:\\\/\\\/novice.si\\\/page\\\/celje-pogresajo-vinka-krusica\\\/\"},\"wordCount\":113,\"publisher\":{\"@id\":\"https:\\\/\\\/novice.si\\\/page\\\/#organization\"},\"image\":{\"@id\":\"https:\\\/\\\/novice.si\\\/page\\\/celje-pogresajo-vinka-krusica\\\/#primaryimage\"},\"thumbnailUrl\":\"https:\\\/\\\/novice.si\\\/page\\\/wp-content\\\/uploads\\\/2023\\\/11\\\/Vinko-Krusic-pogresana-oseba.jpg\",\"keywords\":[\"iskanje\",\"pogre\u0161ane osebe\",\"Policijska uprava Celje\",\"Vinko Kru\u0161i\u010d\"],\"articleSection\":[\"Aktualno\",\"Celjsko\",\"Kronika\"],\"inLanguage\":\"sl-SI\"},{\"@type\":\"WebPage\",\"@id\":\"https:\\\/\\\/novice.si\\\/page\\\/celje-pogresajo-vinka-krusica\\\/\",\"url\":\"https:\\\/\\\/novice.si\\\/page\\\/celje-pogresajo-vinka-krusica\\\/\",\"name\":\"CELJE Pogre\u0161ajo Vinka Kru\u0161i\u010da (dopolnjeno) - Novice.si\",\"isPartOf\":{\"@id\":\"https:\\\/\\\/novice.si\\\/page\\\/#website\"},\"primaryImageOfPage\":{\"@id\":\"https:\\\/\\\/novice.si\\\/page\\\/celje-pogresajo-vinka-krusica\\\/#primaryimage\"},\"image\":{\"@id\":\"https:\\\/\\\/novice.si\\\/page\\\/celje-pogresajo-vinka-krusica\\\/#primaryimage\"},\"thumbnailUrl\":\"https:\\\/\\\/novice.si\\\/page\\\/wp-content\\\/uploads\\\/2023\\\/11\\\/Vinko-Krusic-pogresana-oseba.jpg\",\"datePublished\":\"2023-11-27T19:51:12+00:00\",\"dateModified\":\"2023-11-28T06:42:30+00:00\",\"breadcrumb\":{\"@id\":\"https:\\\/\\\/novice.si\\\/page\\\/celje-pogresajo-vinka-krusica\\\/#breadcrumb\"},\"inLanguage\":\"sl-SI\",\"potentialAction\":[{\"@type\":\"ReadAction\",\"target\":[\"https:\\\/\\\/novice.si\\\/page\\\/celje-pogresajo-vinka-krusica\\\/\"]}]},{\"@type\":\"ImageObject\",\"inLanguage\":\"sl-SI\",\"@id\":\"https:\\\/\\\/novice.si\\\/page\\\/celje-pogresajo-vinka-krusica\\\/#primaryimage\",\"url\":\"https:\\\/\\\/novice.si\\\/page\\\/wp-content\\\/uploads\\\/2023\\\/11\\\/Vinko-Krusic-pogresana-oseba.jpg\",\"contentUrl\":\"https:\\\/\\\/novice.si\\\/page\\\/wp-content\\\/uploads\\\/2023\\\/11\\\/Vinko-Krusic-pogresana-oseba.jpg\",\"width\":413,\"height\":531},{\"@type\":\"BreadcrumbList\",\"@id\":\"https:\\\/\\\/novice.si\\\/page\\\/celje-pogresajo-vinka-krusica\\\/#breadcrumb\",\"itemListElement\":[{\"@type\":\"ListItem\",\"position\":1,\"name\":\"Home\",\"item\":\"https:\\\/\\\/novice.si\\\/page\\\/\"},{\"@type\":\"ListItem\",\"position\":2,\"name\":\"CELJE Pogre\u0161ajo Vinka Kru\u0161i\u010da (dopolnjeno)\"}]},{\"@type\":\"WebSite\",\"@id\":\"https:\\\/\\\/novice.si\\\/page\\\/#website\",\"url\":\"https:\\\/\\\/novice.si\\\/page\\\/\",\"name\":\"Novice.si\",\"description\":\"\",\"publisher\":{\"@id\":\"https:\\\/\\\/novice.si\\\/page\\\/#organization\"},\"potentialAction\":[{\"@type\":\"SearchAction\",\"target\":{\"@type\":\"EntryPoint\",\"urlTemplate\":\"https:\\\/\\\/novice.si\\\/page\\\/?s={search_term_string}\"},\"query-input\":{\"@type\":\"PropertyValueSpecification\",\"valueRequired\":true,\"valueName\":\"search_term_string\"}}],\"inLanguage\":\"sl-SI\"},{\"@type\":\"Organization\",\"@id\":\"https:\\\/\\\/novice.si\\\/page\\\/#organization\",\"name\":\"Novice.si\",\"url\":\"https:\\\/\\\/novice.si\\\/page\\\/\",\"logo\":{\"@type\":\"ImageObject\",\"inLanguage\":\"sl-SI\",\"@id\":\"https:\\\/\\\/novice.si\\\/page\\\/#\\\/schema\\\/logo\\\/image\\\/\",\"url\":\"https:\\\/\\\/novice.si\\\/page\\\/wp-content\\\/uploads\\\/2023\\\/03\\\/novice_si.png\",\"contentUrl\":\"https:\\\/\\\/novice.si\\\/page\\\/wp-content\\\/uploads\\\/2023\\\/03\\\/novice_si.png\",\"width\":576,\"height\":200,\"caption\":\"Novice.si\"},\"image\":{\"@id\":\"https:\\\/\\\/novice.si\\\/page\\\/#\\\/schema\\\/logo\\\/image\\\/\"}},{\"@type\":\"Person\",\"@id\":\"https:\\\/\\\/novice.si\\\/page\\\/#\\\/schema\\\/person\\\/57f25c9642a9541c7349c65d32032c3e\",\"name\":\"Uredni\u0161tvo Celjana\",\"image\":{\"@type\":\"ImageObject\",\"inLanguage\":\"sl-SI\",\"@id\":\"https:\\\/\\\/secure.gravatar.com\\\/avatar\\\/78e52bc4279b65f6df6345e0ef0f7b792d361361f230cf4ffecfe0afe6d5629c?s=96&d=mm&r=g\",\"url\":\"https:\\\/\\\/secure.gravatar.com\\\/avatar\\\/78e52bc4279b65f6df6345e0ef0f7b792d361361f230cf4ffecfe0afe6d5629c?s=96&d=mm&r=g\",\"contentUrl\":\"https:\\\/\\\/secure.gravatar.com\\\/avatar\\\/78e52bc4279b65f6df6345e0ef0f7b792d361361f230cf4ffecfe0afe6d5629c?s=96&d=mm&r=g\",\"caption\":\"Uredni\u0161tvo Celjana\"},\"url\":\"https:\\\/\\\/novice.si\\\/page\\\/author\\\/primoz\\\/\"}]}<\/script>\n<!-- \/ Yoast SEO plugin. -->","yoast_head_json":{"title":"CELJE Pogre\u0161ajo Vinka Kru\u0161i\u010da (dopolnjeno) - Novice.si","robots":{"index":"index","follow":"follow","max-snippet":"max-snippet:-1","max-image-preview":"max-image-preview:large","max-video-preview":"max-video-preview:-1"},"canonical":"https:\/\/novice.si\/page\/celje-pogresajo-vinka-krusica\/","og_locale":"sl_SI","og_type":"article","og_title":"CELJE Pogre\u0161ajo Vinka Kru\u0161i\u010da (dopolnjeno) - Novice.si","og_description":"S celjske policijske uprave so danes zjutraj preklicali iskanje 68-letnega Vinka Kru\u0161i\u010da iz Celja, ki so ga pogre\u0161ili v\u010deraj. Na\u0161li so ga na obmo\u010dju \u017dirovnice, potem ko je bil nazadnje opa\u017een na obmo\u010dju Zalo\u0161ke ceste v Ljubljani. Prej\u0161nji \u010dlanek: Policijska uprava Celje je objavila iskanje 68-letnega Vinka Kru\u0161i\u010da iz Celja. Nazadnje so ga videli dopoldne [&hellip;]","og_url":"https:\/\/novice.si\/page\/celje-pogresajo-vinka-krusica\/","og_site_name":"Novice.si","article_published_time":"2023-11-27T19:51:12+00:00","article_modified_time":"2023-11-28T06:42:30+00:00","og_image":[{"width":413,"height":531,"url":"https:\/\/novice.si\/page\/wp-content\/uploads\/2023\/11\/Vinko-Krusic-pogresana-oseba.jpg","type":"image\/jpeg"}],"author":"Uredni\u0161tvo Celjana","twitter_card":"summary_large_image","twitter_misc":{"Written by":"Uredni\u0161tvo Celjana","Est. reading time":"1 minuta"},"schema":{"@context":"https:\/\/schema.org","@graph":[{"@type":"Article","@id":"https:\/\/novice.si\/page\/celje-pogresajo-vinka-krusica\/#article","isPartOf":{"@id":"https:\/\/novice.si\/page\/celje-pogresajo-vinka-krusica\/"},"author":{"name":"Uredni\u0161tvo Celjana","@id":"https:\/\/novice.si\/page\/#\/schema\/person\/57f25c9642a9541c7349c65d32032c3e"},"headline":"CELJE Pogre\u0161ajo Vinka Kru\u0161i\u010da (dopolnjeno)","datePublished":"2023-11-27T19:51:12+00:00","dateModified":"2023-11-28T06:42:30+00:00","mainEntityOfPage":{"@id":"https:\/\/novice.si\/page\/celje-pogresajo-vinka-krusica\/"},"wordCount":113,"publisher":{"@id":"https:\/\/novice.si\/page\/#organization"},"image":{"@id":"https:\/\/novice.si\/page\/celje-pogresajo-vinka-krusica\/#primaryimage"},"thumbnailUrl":"https:\/\/novice.si\/page\/wp-content\/uploads\/2023\/11\/Vinko-Krusic-pogresana-oseba.jpg","keywords":["iskanje","pogre\u0161ane osebe","Policijska uprava Celje","Vinko Kru\u0161i\u010d"],"articleSection":["Aktualno","Celjsko","Kronika"],"inLanguage":"sl-SI"},{"@type":"WebPage","@id":"https:\/\/novice.si\/page\/celje-pogresajo-vinka-krusica\/","url":"https:\/\/novice.si\/page\/celje-pogresajo-vinka-krusica\/","name":"CELJE Pogre\u0161ajo Vinka Kru\u0161i\u010da (dopolnjeno) - Novice.si","isPartOf":{"@id":"https:\/\/novice.si\/page\/#website"},"primaryImageOfPage":{"@id":"https:\/\/novice.si\/page\/celje-pogresajo-vinka-krusica\/#primaryimage"},"image":{"@id":"https:\/\/novice.si\/page\/celje-pogresajo-vinka-krusica\/#primaryimage"},"thumbnailUrl":"https:\/\/novice.si\/page\/wp-content\/uploads\/2023\/11\/Vinko-Krusic-pogresana-oseba.jpg","datePublished":"2023-11-27T19:51:12+00:00","dateModified":"2023-11-28T06:42:30+00:00","breadcrumb":{"@id":"https:\/\/novice.si\/page\/celje-pogresajo-vinka-krusica\/#breadcrumb"},"inLanguage":"sl-SI","potentialAction":[{"@type":"ReadAction","target":["https:\/\/novice.si\/page\/celje-pogresajo-vinka-krusica\/"]}]},{"@type":"ImageObject","inLanguage":"sl-SI","@id":"https:\/\/novice.si\/page\/celje-pogresajo-vinka-krusica\/#primaryimage","url":"https:\/\/novice.si\/page\/wp-content\/uploads\/2023\/11\/Vinko-Krusic-pogresana-oseba.jpg","contentUrl":"https:\/\/novice.si\/page\/wp-content\/uploads\/2023\/11\/Vinko-Krusic-pogresana-oseba.jpg","width":413,"height":531},{"@type":"BreadcrumbList","@id":"https:\/\/novice.si\/page\/celje-pogresajo-vinka-krusica\/#breadcrumb","itemListElement":[{"@type":"ListItem","position":1,"name":"Home","item":"https:\/\/novice.si\/page\/"},{"@type":"ListItem","position":2,"name":"CELJE Pogre\u0161ajo Vinka Kru\u0161i\u010da (dopolnjeno)"}]},{"@type":"WebSite","@id":"https:\/\/novice.si\/page\/#website","url":"https:\/\/novice.si\/page\/","name":"Novice.si","description":"","publisher":{"@id":"https:\/\/novice.si\/page\/#organization"},"potentialAction":[{"@type":"SearchAction","target":{"@type":"EntryPoint","urlTemplate":"https:\/\/novice.si\/page\/?s={search_term_string}"},"query-input":{"@type":"PropertyValueSpecification","valueRequired":true,"valueName":"search_term_string"}}],"inLanguage":"sl-SI"},{"@type":"Organization","@id":"https:\/\/novice.si\/page\/#organization","name":"Novice.si","url":"https:\/\/novice.si\/page\/","logo":{"@type":"ImageObject","inLanguage":"sl-SI","@id":"https:\/\/novice.si\/page\/#\/schema\/logo\/image\/","url":"https:\/\/novice.si\/page\/wp-content\/uploads\/2023\/03\/novice_si.png","contentUrl":"https:\/\/novice.si\/page\/wp-content\/uploads\/2023\/03\/novice_si.png","width":576,"height":200,"caption":"Novice.si"},"image":{"@id":"https:\/\/novice.si\/page\/#\/schema\/logo\/image\/"}},{"@type":"Person","@id":"https:\/\/novice.si\/page\/#\/schema\/person\/57f25c9642a9541c7349c65d32032c3e","name":"Uredni\u0161tvo Celjana","image":{"@type":"ImageObject","inLanguage":"sl-SI","@id":"https:\/\/secure.gravatar.com\/avatar\/78e52bc4279b65f6df6345e0ef0f7b792d361361f230cf4ffecfe0afe6d5629c?s=96&d=mm&r=g","url":"https:\/\/secure.gravatar.com\/avatar\/78e52bc4279b65f6df6345e0ef0f7b792d361361f230cf4ffecfe0afe6d5629c?s=96&d=mm&r=g","contentUrl":"https:\/\/secure.gravatar.com\/avatar\/78e52bc4279b65f6df6345e0ef0f7b792d361361f230cf4ffecfe0afe6d5629c?s=96&d=mm&r=g","caption":"Uredni\u0161tvo Celjana"},"url":"https:\/\/novice.si\/page\/author\/primoz\/"}]}},"_links":{"self":[{"href":"https:\/\/novice.si\/page\/wp-json\/wp\/v2\/posts\/169595","targetHints":{"allow":["GET"]}}],"collection":[{"href":"https:\/\/novice.si\/page\/wp-json\/wp\/v2\/posts"}],"about":[{"href":"https:\/\/novice.si\/page\/wp-json\/wp\/v2\/types\/post"}],"author":[{"embeddable":true,"href":"https:\/\/novice.si\/page\/wp-json\/wp\/v2\/users\/33"}],"replies":[{"embeddable":true,"href":"https:\/\/novice.si\/page\/wp-json\/wp\/v2\/comments?post=169595"}],"version-history":[{"count":4,"href":"https:\/\/novice.si\/page\/wp-json\/wp\/v2\/posts\/169595\/revisions"}],"predecessor-version":[{"id":169605,"href":"https:\/\/novice.si\/page\/wp-json\/wp\/v2\/posts\/169595\/revisions\/169605"}],"wp:featuredmedia":[{"embeddable":true,"href":"https:\/\/novice.si\/page\/wp-json\/wp\/v2\/media\/169596"}],"wp:attachment":[{"href":"https:\/\/novice.si\/page\/wp-json\/wp\/v2\/media?parent=169595"}],"wp:term":[{"taxonomy":"category","embeddable":true,"href":"https:\/\/novice.si\/page\/wp-json\/wp\/v2\/categories?post=169595"},{"taxonomy":"post_tag","embeddable":true,"href":"https:\/\/novice.si\/page\/wp-json\/wp\/v2\/tags?post=169595"}],"curies":[{"name":"wp","href":"https:\/\/api.w.org\/{rel}","templated":true}]}}