{"id":169586,"date":"2023-11-27T17:00:20","date_gmt":"2023-11-27T16:00:20","guid":{"rendered":"https:\/\/novice.si\/page\/?p=169586"},"modified":"2023-11-27T17:00:20","modified_gmt":"2023-11-27T16:00:20","slug":"celje-radonjic-zeli-primer-vrniti-v-predsojenje","status":"publish","type":"post","link":"https:\/\/novice.si\/page\/celje-radonjic-zeli-primer-vrniti-v-predsojenje\/","title":{"rendered":"CELJE Radonji\u0107 \u017eeli primer vrniti v predsojenje"},"content":{"rendered":"<p>Z branjem obto\u017enice je celjsko sodi\u0161\u010de dopoldne za\u010delo glavno sojenje nekdanjemu okro\u017enemu sodniku <strong>Zvjezdanu Radonji\u0107u<\/strong>.<\/p>\n<p><img loading=\"lazy\" decoding=\"async\" class=\"wp-image-169587 alignleft\" src=\"https:\/\/novice.si\/page\/wp-content\/uploads\/2023\/11\/radonjic-matoz-4-450x600.jpg\" alt=\"\" width=\"319\" height=\"425\" srcset=\"https:\/\/novice.si\/page\/wp-content\/uploads\/2023\/11\/radonjic-matoz-4-450x600.jpg 450w, https:\/\/novice.si\/page\/wp-content\/uploads\/2023\/11\/radonjic-matoz-4-768x1024.jpg 768w, https:\/\/novice.si\/page\/wp-content\/uploads\/2023\/11\/radonjic-matoz-4-1152x1536.jpg 1152w, https:\/\/novice.si\/page\/wp-content\/uploads\/2023\/11\/radonjic-matoz-4-1536x2048.jpg 1536w, https:\/\/novice.si\/page\/wp-content\/uploads\/2023\/11\/radonjic-matoz-4-696x928.jpg 696w, https:\/\/novice.si\/page\/wp-content\/uploads\/2023\/11\/radonjic-matoz-4-1068x1424.jpg 1068w, https:\/\/novice.si\/page\/wp-content\/uploads\/2023\/11\/radonjic-matoz-4-315x420.jpg 315w, https:\/\/novice.si\/page\/wp-content\/uploads\/2023\/11\/radonjic-matoz-4-scaled.jpg 1920w, https:\/\/novice.si\/page\/wp-content\/uploads\/2023\/11\/radonjic-matoz-4-18x24.jpg 18w, https:\/\/novice.si\/page\/wp-content\/uploads\/2023\/11\/radonjic-matoz-4-27x36.jpg 27w, https:\/\/novice.si\/page\/wp-content\/uploads\/2023\/11\/radonjic-matoz-4-36x48.jpg 36w\" sizes=\"auto, (max-width: 319px) 100vw, 319px\" \/>Zagovarja se zaradi treh obto\u017eb o obrekovanju eno zaradi raz\u017ealitve, v vlogi o\u0161kodovank sta vi\u0161ja sodnica <strong>Andreja Sedej Gr\u010dar<\/strong> in specializirana to\u017eilka <strong>Blanka \u017dgajnar<\/strong>.<\/p>\n<p>Primer se nana\u0161a na odmevno sojenje v zadevi <strong>Mirko Novi\u010d<\/strong> oziroma umor direktorja Kemijskega in\u0161tituta <strong>Janka Jamnika<\/strong>.<\/p>\n<p>Obe o\u0161kodovanki je sodi\u0161\u010de danes zasli\u0161alo, Radonji\u010d pa zavra\u010da vse njune o\u010ditke. Na sojenju ne \u017eeli ve\u010d biti prisoten in je podal soglasje za sojenje v njegovi nenavzo\u010dnosti.<\/p>\n<p>Radonji\u0107 naj bi kazniva dejanja storil s tem, ko je na razglasitvi sodbe v primeru Mirko Novi\u010d navrgel, da je bil dele\u017een pritiskov sodni\u0161ke kolegice, kako naj razsodi, kakor tudi z zapisom na dveh portalih.<\/p>\n<p>Zahteval je, naj se primer vrne v fazo predobravnavnega naroka, ter spomnil, da se obto\u017eenci za kazniva dejanja, ki mu jih o\u010ditajo, preganjajo na predlog o\u0161kodovancev, tokrat pa je pregon prevzelo kar to\u017eilstvo.<\/p>\n<p>Glavna obravnava se nadaljuje 22.januarja.<\/p>\n<p><em>Ve\u010d preberite v Celjanu.<\/em><\/p>\n<p>P\u0160<\/p>\n","protected":false},"excerpt":{"rendered":"<p>Z branjem obto\u017enice je celjsko sodi\u0161\u010de dopoldne za\u010delo glavno sojenje nekdanjemu okro\u017enemu sodniku Zvjezdanu Radonji\u0107u. Zagovarja se zaradi treh obto\u017eb o obrekovanju eno zaradi raz\u017ealitve, v vlogi o\u0161kodovank sta vi\u0161ja sodnica Andreja Sedej Gr\u010dar in specializirana to\u017eilka Blanka \u017dgajnar. Primer se nana\u0161a na odmevno sojenje v zadevi Mirko Novi\u010d oziroma umor direktorja Kemijskega in\u0161tituta Janka [&hellip;]<\/p>\n","protected":false},"author":33,"featured_media":169588,"comment_status":"closed","ping_status":"closed","sticky":false,"template":"","format":"standard","meta":{"footnotes":""},"categories":[14,17,29],"tags":[19233,19234,14326,3718,356,13862],"class_list":{"0":"post-169586","1":"post","2":"type-post","3":"status-publish","4":"format-standard","5":"has-post-thumbnail","7":"category-aktualno","8":"category-celjsko","9":"category-kronika","10":"tag-andreja-sedej-grcar","11":"tag-blanka-zgajnar","12":"tag-obrekovanje","13":"tag-razzalitev","14":"tag-sojenje","15":"tag-zvjezdan-radonjic"},"yoast_head":"<!-- This site is optimized with the Yoast SEO plugin v27.4 - https:\/\/yoast.com\/product\/yoast-seo-wordpress\/ -->\n<title>CELJE Radonji\u0107 \u017eeli primer vrniti v predsojenje - Novice.si<\/title>\n<meta name=\"robots\" content=\"index, follow, max-snippet:-1, max-image-preview:large, max-video-preview:-1\" \/>\n<link rel=\"canonical\" href=\"https:\/\/novice.si\/page\/celje-radonjic-zeli-primer-vrniti-v-predsojenje\/\" \/>\n<meta property=\"og:locale\" content=\"sl_SI\" \/>\n<meta property=\"og:type\" content=\"article\" \/>\n<meta property=\"og:title\" content=\"CELJE Radonji\u0107 \u017eeli primer vrniti v predsojenje - Novice.si\" \/>\n<meta property=\"og:description\" content=\"Z branjem obto\u017enice je celjsko sodi\u0161\u010de dopoldne za\u010delo glavno sojenje nekdanjemu okro\u017enemu sodniku Zvjezdanu Radonji\u0107u. Zagovarja se zaradi treh obto\u017eb o obrekovanju eno zaradi raz\u017ealitve, v vlogi o\u0161kodovank sta vi\u0161ja sodnica Andreja Sedej Gr\u010dar in specializirana to\u017eilka Blanka \u017dgajnar. Primer se nana\u0161a na odmevno sojenje v zadevi Mirko Novi\u010d oziroma umor direktorja Kemijskega in\u0161tituta Janka [&hellip;]\" \/>\n<meta property=\"og:url\" content=\"https:\/\/novice.si\/page\/celje-radonjic-zeli-primer-vrniti-v-predsojenje\/\" \/>\n<meta property=\"og:site_name\" content=\"Novice.si\" \/>\n<meta property=\"article:published_time\" content=\"2023-11-27T16:00:20+00:00\" \/>\n<meta property=\"og:image\" content=\"https:\/\/novice.si\/page\/wp-content\/uploads\/2023\/11\/radonjic-matoz-2-scaled.jpg\" \/>\n\t<meta property=\"og:image:width\" content=\"2560\" \/>\n\t<meta property=\"og:image:height\" content=\"1920\" \/>\n\t<meta property=\"og:image:type\" content=\"image\/jpeg\" \/>\n<meta name=\"author\" content=\"Uredni\u0161tvo Celjana\" \/>\n<meta name=\"twitter:card\" content=\"summary_large_image\" \/>\n<meta name=\"twitter:label1\" content=\"Written by\" \/>\n\t<meta name=\"twitter:data1\" content=\"Uredni\u0161tvo Celjana\" \/>\n\t<meta name=\"twitter:label2\" content=\"Est. reading time\" \/>\n\t<meta name=\"twitter:data2\" content=\"2 minuti\" \/>\n<script type=\"application\/ld+json\" class=\"yoast-schema-graph\">{\"@context\":\"https:\\\/\\\/schema.org\",\"@graph\":[{\"@type\":\"Article\",\"@id\":\"https:\\\/\\\/novice.si\\\/page\\\/celje-radonjic-zeli-primer-vrniti-v-predsojenje\\\/#article\",\"isPartOf\":{\"@id\":\"https:\\\/\\\/novice.si\\\/page\\\/celje-radonjic-zeli-primer-vrniti-v-predsojenje\\\/\"},\"author\":{\"name\":\"Uredni\u0161tvo Celjana\",\"@id\":\"https:\\\/\\\/novice.si\\\/page\\\/#\\\/schema\\\/person\\\/57f25c9642a9541c7349c65d32032c3e\"},\"headline\":\"CELJE Radonji\u0107 \u017eeli primer vrniti v predsojenje\",\"datePublished\":\"2023-11-27T16:00:20+00:00\",\"mainEntityOfPage\":{\"@id\":\"https:\\\/\\\/novice.si\\\/page\\\/celje-radonjic-zeli-primer-vrniti-v-predsojenje\\\/\"},\"wordCount\":194,\"publisher\":{\"@id\":\"https:\\\/\\\/novice.si\\\/page\\\/#organization\"},\"image\":{\"@id\":\"https:\\\/\\\/novice.si\\\/page\\\/celje-radonjic-zeli-primer-vrniti-v-predsojenje\\\/#primaryimage\"},\"thumbnailUrl\":\"https:\\\/\\\/novice.si\\\/page\\\/wp-content\\\/uploads\\\/2023\\\/11\\\/radonjic-matoz-2-scaled.jpg\",\"keywords\":[\"andreja sedej gr\u010dar\",\"blanka \u017egajnar\",\"obrekovanje\",\"raz\u017ealitev\",\"sojenje\",\"Zvjezdan Radonji\u0107\"],\"articleSection\":[\"Aktualno\",\"Celjsko\",\"Kronika\"],\"inLanguage\":\"sl-SI\"},{\"@type\":\"WebPage\",\"@id\":\"https:\\\/\\\/novice.si\\\/page\\\/celje-radonjic-zeli-primer-vrniti-v-predsojenje\\\/\",\"url\":\"https:\\\/\\\/novice.si\\\/page\\\/celje-radonjic-zeli-primer-vrniti-v-predsojenje\\\/\",\"name\":\"CELJE Radonji\u0107 \u017eeli primer vrniti v predsojenje - Novice.si\",\"isPartOf\":{\"@id\":\"https:\\\/\\\/novice.si\\\/page\\\/#website\"},\"primaryImageOfPage\":{\"@id\":\"https:\\\/\\\/novice.si\\\/page\\\/celje-radonjic-zeli-primer-vrniti-v-predsojenje\\\/#primaryimage\"},\"image\":{\"@id\":\"https:\\\/\\\/novice.si\\\/page\\\/celje-radonjic-zeli-primer-vrniti-v-predsojenje\\\/#primaryimage\"},\"thumbnailUrl\":\"https:\\\/\\\/novice.si\\\/page\\\/wp-content\\\/uploads\\\/2023\\\/11\\\/radonjic-matoz-2-scaled.jpg\",\"datePublished\":\"2023-11-27T16:00:20+00:00\",\"breadcrumb\":{\"@id\":\"https:\\\/\\\/novice.si\\\/page\\\/celje-radonjic-zeli-primer-vrniti-v-predsojenje\\\/#breadcrumb\"},\"inLanguage\":\"sl-SI\",\"potentialAction\":[{\"@type\":\"ReadAction\",\"target\":[\"https:\\\/\\\/novice.si\\\/page\\\/celje-radonjic-zeli-primer-vrniti-v-predsojenje\\\/\"]}]},{\"@type\":\"ImageObject\",\"inLanguage\":\"sl-SI\",\"@id\":\"https:\\\/\\\/novice.si\\\/page\\\/celje-radonjic-zeli-primer-vrniti-v-predsojenje\\\/#primaryimage\",\"url\":\"https:\\\/\\\/novice.si\\\/page\\\/wp-content\\\/uploads\\\/2023\\\/11\\\/radonjic-matoz-2-scaled.jpg\",\"contentUrl\":\"https:\\\/\\\/novice.si\\\/page\\\/wp-content\\\/uploads\\\/2023\\\/11\\\/radonjic-matoz-2-scaled.jpg\",\"width\":2560,\"height\":1920},{\"@type\":\"BreadcrumbList\",\"@id\":\"https:\\\/\\\/novice.si\\\/page\\\/celje-radonjic-zeli-primer-vrniti-v-predsojenje\\\/#breadcrumb\",\"itemListElement\":[{\"@type\":\"ListItem\",\"position\":1,\"name\":\"Home\",\"item\":\"https:\\\/\\\/novice.si\\\/page\\\/\"},{\"@type\":\"ListItem\",\"position\":2,\"name\":\"CELJE Radonji\u0107 \u017eeli primer vrniti v predsojenje\"}]},{\"@type\":\"WebSite\",\"@id\":\"https:\\\/\\\/novice.si\\\/page\\\/#website\",\"url\":\"https:\\\/\\\/novice.si\\\/page\\\/\",\"name\":\"Novice.si\",\"description\":\"\",\"publisher\":{\"@id\":\"https:\\\/\\\/novice.si\\\/page\\\/#organization\"},\"potentialAction\":[{\"@type\":\"SearchAction\",\"target\":{\"@type\":\"EntryPoint\",\"urlTemplate\":\"https:\\\/\\\/novice.si\\\/page\\\/?s={search_term_string}\"},\"query-input\":{\"@type\":\"PropertyValueSpecification\",\"valueRequired\":true,\"valueName\":\"search_term_string\"}}],\"inLanguage\":\"sl-SI\"},{\"@type\":\"Organization\",\"@id\":\"https:\\\/\\\/novice.si\\\/page\\\/#organization\",\"name\":\"Novice.si\",\"url\":\"https:\\\/\\\/novice.si\\\/page\\\/\",\"logo\":{\"@type\":\"ImageObject\",\"inLanguage\":\"sl-SI\",\"@id\":\"https:\\\/\\\/novice.si\\\/page\\\/#\\\/schema\\\/logo\\\/image\\\/\",\"url\":\"https:\\\/\\\/novice.si\\\/page\\\/wp-content\\\/uploads\\\/2023\\\/03\\\/novice_si.png\",\"contentUrl\":\"https:\\\/\\\/novice.si\\\/page\\\/wp-content\\\/uploads\\\/2023\\\/03\\\/novice_si.png\",\"width\":576,\"height\":200,\"caption\":\"Novice.si\"},\"image\":{\"@id\":\"https:\\\/\\\/novice.si\\\/page\\\/#\\\/schema\\\/logo\\\/image\\\/\"}},{\"@type\":\"Person\",\"@id\":\"https:\\\/\\\/novice.si\\\/page\\\/#\\\/schema\\\/person\\\/57f25c9642a9541c7349c65d32032c3e\",\"name\":\"Uredni\u0161tvo Celjana\",\"image\":{\"@type\":\"ImageObject\",\"inLanguage\":\"sl-SI\",\"@id\":\"https:\\\/\\\/secure.gravatar.com\\\/avatar\\\/78e52bc4279b65f6df6345e0ef0f7b792d361361f230cf4ffecfe0afe6d5629c?s=96&d=mm&r=g\",\"url\":\"https:\\\/\\\/secure.gravatar.com\\\/avatar\\\/78e52bc4279b65f6df6345e0ef0f7b792d361361f230cf4ffecfe0afe6d5629c?s=96&d=mm&r=g\",\"contentUrl\":\"https:\\\/\\\/secure.gravatar.com\\\/avatar\\\/78e52bc4279b65f6df6345e0ef0f7b792d361361f230cf4ffecfe0afe6d5629c?s=96&d=mm&r=g\",\"caption\":\"Uredni\u0161tvo Celjana\"},\"url\":\"https:\\\/\\\/novice.si\\\/page\\\/author\\\/primoz\\\/\"}]}<\/script>\n<!-- \/ Yoast SEO plugin. -->","yoast_head_json":{"title":"CELJE Radonji\u0107 \u017eeli primer vrniti v predsojenje - Novice.si","robots":{"index":"index","follow":"follow","max-snippet":"max-snippet:-1","max-image-preview":"max-image-preview:large","max-video-preview":"max-video-preview:-1"},"canonical":"https:\/\/novice.si\/page\/celje-radonjic-zeli-primer-vrniti-v-predsojenje\/","og_locale":"sl_SI","og_type":"article","og_title":"CELJE Radonji\u0107 \u017eeli primer vrniti v predsojenje - Novice.si","og_description":"Z branjem obto\u017enice je celjsko sodi\u0161\u010de dopoldne za\u010delo glavno sojenje nekdanjemu okro\u017enemu sodniku Zvjezdanu Radonji\u0107u. Zagovarja se zaradi treh obto\u017eb o obrekovanju eno zaradi raz\u017ealitve, v vlogi o\u0161kodovank sta vi\u0161ja sodnica Andreja Sedej Gr\u010dar in specializirana to\u017eilka Blanka \u017dgajnar. Primer se nana\u0161a na odmevno sojenje v zadevi Mirko Novi\u010d oziroma umor direktorja Kemijskega in\u0161tituta Janka [&hellip;]","og_url":"https:\/\/novice.si\/page\/celje-radonjic-zeli-primer-vrniti-v-predsojenje\/","og_site_name":"Novice.si","article_published_time":"2023-11-27T16:00:20+00:00","og_image":[{"width":2560,"height":1920,"url":"https:\/\/novice.si\/page\/wp-content\/uploads\/2023\/11\/radonjic-matoz-2-scaled.jpg","type":"image\/jpeg"}],"author":"Uredni\u0161tvo Celjana","twitter_card":"summary_large_image","twitter_misc":{"Written by":"Uredni\u0161tvo Celjana","Est. reading time":"2 minuti"},"schema":{"@context":"https:\/\/schema.org","@graph":[{"@type":"Article","@id":"https:\/\/novice.si\/page\/celje-radonjic-zeli-primer-vrniti-v-predsojenje\/#article","isPartOf":{"@id":"https:\/\/novice.si\/page\/celje-radonjic-zeli-primer-vrniti-v-predsojenje\/"},"author":{"name":"Uredni\u0161tvo Celjana","@id":"https:\/\/novice.si\/page\/#\/schema\/person\/57f25c9642a9541c7349c65d32032c3e"},"headline":"CELJE Radonji\u0107 \u017eeli primer vrniti v predsojenje","datePublished":"2023-11-27T16:00:20+00:00","mainEntityOfPage":{"@id":"https:\/\/novice.si\/page\/celje-radonjic-zeli-primer-vrniti-v-predsojenje\/"},"wordCount":194,"publisher":{"@id":"https:\/\/novice.si\/page\/#organization"},"image":{"@id":"https:\/\/novice.si\/page\/celje-radonjic-zeli-primer-vrniti-v-predsojenje\/#primaryimage"},"thumbnailUrl":"https:\/\/novice.si\/page\/wp-content\/uploads\/2023\/11\/radonjic-matoz-2-scaled.jpg","keywords":["andreja sedej gr\u010dar","blanka \u017egajnar","obrekovanje","raz\u017ealitev","sojenje","Zvjezdan Radonji\u0107"],"articleSection":["Aktualno","Celjsko","Kronika"],"inLanguage":"sl-SI"},{"@type":"WebPage","@id":"https:\/\/novice.si\/page\/celje-radonjic-zeli-primer-vrniti-v-predsojenje\/","url":"https:\/\/novice.si\/page\/celje-radonjic-zeli-primer-vrniti-v-predsojenje\/","name":"CELJE Radonji\u0107 \u017eeli primer vrniti v predsojenje - Novice.si","isPartOf":{"@id":"https:\/\/novice.si\/page\/#website"},"primaryImageOfPage":{"@id":"https:\/\/novice.si\/page\/celje-radonjic-zeli-primer-vrniti-v-predsojenje\/#primaryimage"},"image":{"@id":"https:\/\/novice.si\/page\/celje-radonjic-zeli-primer-vrniti-v-predsojenje\/#primaryimage"},"thumbnailUrl":"https:\/\/novice.si\/page\/wp-content\/uploads\/2023\/11\/radonjic-matoz-2-scaled.jpg","datePublished":"2023-11-27T16:00:20+00:00","breadcrumb":{"@id":"https:\/\/novice.si\/page\/celje-radonjic-zeli-primer-vrniti-v-predsojenje\/#breadcrumb"},"inLanguage":"sl-SI","potentialAction":[{"@type":"ReadAction","target":["https:\/\/novice.si\/page\/celje-radonjic-zeli-primer-vrniti-v-predsojenje\/"]}]},{"@type":"ImageObject","inLanguage":"sl-SI","@id":"https:\/\/novice.si\/page\/celje-radonjic-zeli-primer-vrniti-v-predsojenje\/#primaryimage","url":"https:\/\/novice.si\/page\/wp-content\/uploads\/2023\/11\/radonjic-matoz-2-scaled.jpg","contentUrl":"https:\/\/novice.si\/page\/wp-content\/uploads\/2023\/11\/radonjic-matoz-2-scaled.jpg","width":2560,"height":1920},{"@type":"BreadcrumbList","@id":"https:\/\/novice.si\/page\/celje-radonjic-zeli-primer-vrniti-v-predsojenje\/#breadcrumb","itemListElement":[{"@type":"ListItem","position":1,"name":"Home","item":"https:\/\/novice.si\/page\/"},{"@type":"ListItem","position":2,"name":"CELJE Radonji\u0107 \u017eeli primer vrniti v predsojenje"}]},{"@type":"WebSite","@id":"https:\/\/novice.si\/page\/#website","url":"https:\/\/novice.si\/page\/","name":"Novice.si","description":"","publisher":{"@id":"https:\/\/novice.si\/page\/#organization"},"potentialAction":[{"@type":"SearchAction","target":{"@type":"EntryPoint","urlTemplate":"https:\/\/novice.si\/page\/?s={search_term_string}"},"query-input":{"@type":"PropertyValueSpecification","valueRequired":true,"valueName":"search_term_string"}}],"inLanguage":"sl-SI"},{"@type":"Organization","@id":"https:\/\/novice.si\/page\/#organization","name":"Novice.si","url":"https:\/\/novice.si\/page\/","logo":{"@type":"ImageObject","inLanguage":"sl-SI","@id":"https:\/\/novice.si\/page\/#\/schema\/logo\/image\/","url":"https:\/\/novice.si\/page\/wp-content\/uploads\/2023\/03\/novice_si.png","contentUrl":"https:\/\/novice.si\/page\/wp-content\/uploads\/2023\/03\/novice_si.png","width":576,"height":200,"caption":"Novice.si"},"image":{"@id":"https:\/\/novice.si\/page\/#\/schema\/logo\/image\/"}},{"@type":"Person","@id":"https:\/\/novice.si\/page\/#\/schema\/person\/57f25c9642a9541c7349c65d32032c3e","name":"Uredni\u0161tvo Celjana","image":{"@type":"ImageObject","inLanguage":"sl-SI","@id":"https:\/\/secure.gravatar.com\/avatar\/78e52bc4279b65f6df6345e0ef0f7b792d361361f230cf4ffecfe0afe6d5629c?s=96&d=mm&r=g","url":"https:\/\/secure.gravatar.com\/avatar\/78e52bc4279b65f6df6345e0ef0f7b792d361361f230cf4ffecfe0afe6d5629c?s=96&d=mm&r=g","contentUrl":"https:\/\/secure.gravatar.com\/avatar\/78e52bc4279b65f6df6345e0ef0f7b792d361361f230cf4ffecfe0afe6d5629c?s=96&d=mm&r=g","caption":"Uredni\u0161tvo Celjana"},"url":"https:\/\/novice.si\/page\/author\/primoz\/"}]}},"_links":{"self":[{"href":"https:\/\/novice.si\/page\/wp-json\/wp\/v2\/posts\/169586","targetHints":{"allow":["GET"]}}],"collection":[{"href":"https:\/\/novice.si\/page\/wp-json\/wp\/v2\/posts"}],"about":[{"href":"https:\/\/novice.si\/page\/wp-json\/wp\/v2\/types\/post"}],"author":[{"embeddable":true,"href":"https:\/\/novice.si\/page\/wp-json\/wp\/v2\/users\/33"}],"replies":[{"embeddable":true,"href":"https:\/\/novice.si\/page\/wp-json\/wp\/v2\/comments?post=169586"}],"version-history":[{"count":1,"href":"https:\/\/novice.si\/page\/wp-json\/wp\/v2\/posts\/169586\/revisions"}],"predecessor-version":[{"id":169589,"href":"https:\/\/novice.si\/page\/wp-json\/wp\/v2\/posts\/169586\/revisions\/169589"}],"wp:featuredmedia":[{"embeddable":true,"href":"https:\/\/novice.si\/page\/wp-json\/wp\/v2\/media\/169588"}],"wp:attachment":[{"href":"https:\/\/novice.si\/page\/wp-json\/wp\/v2\/media?parent=169586"}],"wp:term":[{"taxonomy":"category","embeddable":true,"href":"https:\/\/novice.si\/page\/wp-json\/wp\/v2\/categories?post=169586"},{"taxonomy":"post_tag","embeddable":true,"href":"https:\/\/novice.si\/page\/wp-json\/wp\/v2\/tags?post=169586"}],"curies":[{"name":"wp","href":"https:\/\/api.w.org\/{rel}","templated":true}]}}