{"id":169582,"date":"2023-11-27T11:25:28","date_gmt":"2023-11-27T10:25:28","guid":{"rendered":"https:\/\/novice.si\/page\/?p=169582"},"modified":"2023-11-27T11:25:28","modified_gmt":"2023-11-27T10:25:28","slug":"konjicanka-kira-na-hrvaskem-supertalentu-pripravila-vrhunsko-predstavo","status":"publish","type":"post","link":"https:\/\/novice.si\/page\/konjicanka-kira-na-hrvaskem-supertalentu-pripravila-vrhunsko-predstavo\/","title":{"rendered":"Konji\u010danka Kira na hrva\u0161kem Supertalentu pripravila vrhunsko predstavo"},"content":{"rendered":"<p>V polfinalu hrva\u0161kega Supertalenta je v\u010deraj nastopila 17-letna konji\u010danka <strong>Kira \u0160truc-Juri\u010dki<\/strong>. \u017de na avdicijskem nastopu je na noge spravila gledalce in navdu\u0161ila\u00a0 strokovno komisijo. Spomnimo, stroga <strong>Martina Tom\u010di\u0107<\/strong> je \u017ee takrat povedala, da ima Kira mnogo lep\u0161i glas od svetovno znane Adele, <strong>Fabijan Pavao Medve\u0161ek<\/strong> je takrat med drugim Kiri dejal, naj verjame vase in v svoj glas,saj to, kar dela, dela \u00bbmaestralno\u00ab. <strong>Maja \u0160uput<\/strong> je bila prepri\u010dana, da bo Kira postala \u00bbprava popolnost\u00ab.<\/p>\n<p>Kira je besede \u010dlanov komisije o\u010ditno vzela zares in v polfinalu pripravila vrhunsko predstavo. Svetovni hit Charlia Putha in Meghan Trainor je odpela odli\u010dno, k petju pa dodala tudi plesno koreografijo in komisijo ter publiko povsem \u0161okirala.<\/p>\n<p>\u017de voditelja sta Kirin nastop ocenila kot odli\u010den, menila sta, da je dobro zdru\u017eila petje in scenski nastop.<\/p>\n<p>Vsi \u0161tirje \u010dlani komisije so Kiro zasipali s pohvalami.\u00a0 \u00bbTo, kar tebe \u010daka\u00a0 v \u017eivljenju, je noro,\u00ab je Kiri povedal <strong>Fabijan Pavao Medve\u0161ek<\/strong> in menil, da lahko Kira odpoje prakti\u010dno vse in se \u0161e enkrat prepri\u010dal o Kirini mladosti. \u00bb17 let. To je to,\u00ab je zaklju\u010dil Fabijan.<\/p>\n<p>Za <strong>Davorja Bilmana<\/strong> je bil Kirin nastop \u0161olski primer, kako bi morali kandidati napredovati od avdicije do polfinala. \u00bb\u017de na avdiciji si imela glas, zdaj pa si postala oseba, ki verjame, da to zares ima, in to se vidi,\u00ab so bile besede Davorja Bilmana.<\/p>\n<p>Podobno zgovoren je bil \u017eenski del komisije. <strong>Maja \u0160uput<\/strong> je Kiro spomnila na tremo, ki jo je imela na avdiciji in Kira ji je hudomu\u0161no odvrnila, da je tremo tam tudi pustila. \u00bbTvoja neobremenjenost, brez vsakega kr\u010da ali agresije, da bi nekaj odpela, to kar samo gre iz tebe in vsak ton je je plaval tako lepo in tako natan\u010dno, \u010dudovito\u00ab je menila Maja \u0160uput.<\/p>\n<p>\u00bbIma\u0161 tako zelo specifi\u010den vokal, zdaj pa si ponudila tudi pravo scensko prepotenco in to je povsem druga Kira od tiste na avdiciji,\u00ab pa je svoj komentar za\u010dela <strong>Martina Tom\u010di\u0107<\/strong>, ki si je izborila, da je lahko prva komentirala Kirin nastop. \u00bbKo \u017eeli\u0161 biti v \u010devljih izvajalca, potem je izvajalec svoje delo opravil odli\u010dno,\u00ab je \u0161e zaklju\u010dila Tom\u010di\u0107eva in dodala, da si je ob Kirinem nastopu tudi sama \u017eelela stati na odru.<\/p>\n<p>Ob razglasitvi rezultatov je sicer nastalo kar nekaj zmede, o kateri poro\u010dajo tudi gledalci, ki so bili v \u017eivo prisotni. Voditelji in komisija so razmi\u0161ljali o tem, kako bi lahko v finale poslali \u0161tiri kandidate, saj so bili enotni, da si Kira vsekakor zaslu\u017ei finale. Pravila tega niso dopu\u0161\u010dala in \u00bbprodukcijska kombinatorika\u00ab, kot so dogajanje poimenovali nekateri gledalci, se ni iz\u0161la Kiri v prid. Za nekatere najstro\u017eja \u017eirantka Martina je dala jasno vedeti, da se s to odlo\u010ditvijo nikakor ne strinja in da je to najte\u017eja odlo\u010ditev, ki so jo kdaj sprejeli.<\/p>\n<p>Kira je bila z razpletom najprej razo\u010darana, a z nastopom zelo zadovoljna. \u017de v intervjuju je povedala, da je od sebe dala vse, da je navdu\u0161ena nad komentarji komisije, saj so bili \u010dudoviti, navdu\u0161ena nad tem, da jo je komisija podprla, da pa razume stil tovrstnih oddaj in se s tem zavedanjem zadovoljna vra\u010da domov.<\/p>\n<p>Poglejte si Kirin nastop v polfinalu hrva\u0161kega Supertalenta:<\/p>\n<p>&nbsp;<\/p>\n<div class=\"youtube-embed\" data-video_id=\"Hn-MsTAludI\"><iframe loading=\"lazy\" title=\"Kira \u0160truc Juri\u010dki (oddaja SUPERTALENT HRVATSKA 2023) - polfinalni nastop\" width=\"696\" height=\"392\" src=\"https:\/\/www.youtube.com\/embed\/Hn-MsTAludI?feature=oembed&#038;enablejsapi=1\" frameborder=\"0\" allow=\"accelerometer; autoplay; clipboard-write; encrypted-media; gyroscope; picture-in-picture; web-share\" allowfullscreen><\/iframe><\/div>\n","protected":false},"excerpt":{"rendered":"<p>V polfinalu hrva\u0161kega Supertalenta je v\u010deraj nastopila 17-letna konji\u010danka Kira \u0160truc-Juri\u010dki. \u017de na avdicijskem nastopu je na noge spravila gledalce in navdu\u0161ila\u00a0 strokovno komisijo. Spomnimo, stroga Martina Tom\u010di\u0107 je \u017ee takrat povedala, da ima Kira mnogo lep\u0161i glas od svetovno znane Adele, Fabijan Pavao Medve\u0161ek je takrat med drugim Kiri dejal, naj verjame vase in [&hellip;]<\/p>\n","protected":false},"author":12,"featured_media":169584,"comment_status":"closed","ping_status":"closed","sticky":false,"template":"","format":"standard","meta":{"footnotes":""},"categories":[14,15,16],"tags":[16784],"class_list":{"0":"post-169582","1":"post","2":"type-post","3":"status-publish","4":"format-standard","5":"has-post-thumbnail","7":"category-aktualno","8":"category-druzabno","9":"category-konjisko","10":"tag-kira-struc-juricki"},"yoast_head":"<!-- This site is optimized with the Yoast SEO plugin v27.4 - https:\/\/yoast.com\/product\/yoast-seo-wordpress\/ -->\n<title>Konji\u010danka Kira na hrva\u0161kem Supertalentu pripravila vrhunsko predstavo - Novice.si<\/title>\n<meta name=\"robots\" content=\"index, follow, max-snippet:-1, max-image-preview:large, max-video-preview:-1\" \/>\n<link rel=\"canonical\" href=\"https:\/\/novice.si\/page\/konjicanka-kira-na-hrvaskem-supertalentu-pripravila-vrhunsko-predstavo\/\" \/>\n<meta property=\"og:locale\" content=\"sl_SI\" \/>\n<meta property=\"og:type\" content=\"article\" \/>\n<meta property=\"og:title\" content=\"Konji\u010danka Kira na hrva\u0161kem Supertalentu pripravila vrhunsko predstavo - Novice.si\" \/>\n<meta property=\"og:description\" content=\"V polfinalu hrva\u0161kega Supertalenta je v\u010deraj nastopila 17-letna konji\u010danka Kira \u0160truc-Juri\u010dki. \u017de na avdicijskem nastopu je na noge spravila gledalce in navdu\u0161ila\u00a0 strokovno komisijo. Spomnimo, stroga Martina Tom\u010di\u0107 je \u017ee takrat povedala, da ima Kira mnogo lep\u0161i glas od svetovno znane Adele, Fabijan Pavao Medve\u0161ek je takrat med drugim Kiri dejal, naj verjame vase in [&hellip;]\" \/>\n<meta property=\"og:url\" content=\"https:\/\/novice.si\/page\/konjicanka-kira-na-hrvaskem-supertalentu-pripravila-vrhunsko-predstavo\/\" \/>\n<meta property=\"og:site_name\" content=\"Novice.si\" \/>\n<meta property=\"article:published_time\" content=\"2023-11-27T10:25:28+00:00\" \/>\n<meta property=\"og:image\" content=\"https:\/\/novice.si\/page\/wp-content\/uploads\/2023\/11\/KIRA-07.jpg\" \/>\n\t<meta property=\"og:image:width\" content=\"1776\" \/>\n\t<meta property=\"og:image:height\" content=\"879\" \/>\n\t<meta property=\"og:image:type\" content=\"image\/jpeg\" \/>\n<meta name=\"author\" content=\"Uredni\u0161tvo Celjana\" \/>\n<meta name=\"twitter:card\" content=\"summary_large_image\" \/>\n<meta name=\"twitter:label1\" content=\"Written by\" \/>\n\t<meta name=\"twitter:data1\" content=\"Uredni\u0161tvo Celjana\" \/>\n\t<meta name=\"twitter:label2\" content=\"Est. reading time\" \/>\n\t<meta name=\"twitter:data2\" content=\"3 minute\" \/>\n<script type=\"application\/ld+json\" class=\"yoast-schema-graph\">{\"@context\":\"https:\\\/\\\/schema.org\",\"@graph\":[{\"@type\":\"Article\",\"@id\":\"https:\\\/\\\/novice.si\\\/page\\\/konjicanka-kira-na-hrvaskem-supertalentu-pripravila-vrhunsko-predstavo\\\/#article\",\"isPartOf\":{\"@id\":\"https:\\\/\\\/novice.si\\\/page\\\/konjicanka-kira-na-hrvaskem-supertalentu-pripravila-vrhunsko-predstavo\\\/\"},\"author\":{\"name\":\"Uredni\u0161tvo Celjana\",\"@id\":\"https:\\\/\\\/novice.si\\\/page\\\/#\\\/schema\\\/person\\\/51903923b50fefb075bc1cd24fe4d065\"},\"headline\":\"Konji\u010danka Kira na hrva\u0161kem Supertalentu pripravila vrhunsko predstavo\",\"datePublished\":\"2023-11-27T10:25:28+00:00\",\"mainEntityOfPage\":{\"@id\":\"https:\\\/\\\/novice.si\\\/page\\\/konjicanka-kira-na-hrvaskem-supertalentu-pripravila-vrhunsko-predstavo\\\/\"},\"wordCount\":571,\"publisher\":{\"@id\":\"https:\\\/\\\/novice.si\\\/page\\\/#organization\"},\"image\":{\"@id\":\"https:\\\/\\\/novice.si\\\/page\\\/konjicanka-kira-na-hrvaskem-supertalentu-pripravila-vrhunsko-predstavo\\\/#primaryimage\"},\"thumbnailUrl\":\"https:\\\/\\\/novice.si\\\/page\\\/wp-content\\\/uploads\\\/2023\\\/11\\\/KIRA-07.jpg\",\"keywords\":[\"kira \u0161truc juri\u010dki\"],\"articleSection\":[\"Aktualno\",\"Dru\u017eabno\",\"Konji\u0161ko\"],\"inLanguage\":\"sl-SI\"},{\"@type\":\"WebPage\",\"@id\":\"https:\\\/\\\/novice.si\\\/page\\\/konjicanka-kira-na-hrvaskem-supertalentu-pripravila-vrhunsko-predstavo\\\/\",\"url\":\"https:\\\/\\\/novice.si\\\/page\\\/konjicanka-kira-na-hrvaskem-supertalentu-pripravila-vrhunsko-predstavo\\\/\",\"name\":\"Konji\u010danka Kira na hrva\u0161kem Supertalentu pripravila vrhunsko predstavo - Novice.si\",\"isPartOf\":{\"@id\":\"https:\\\/\\\/novice.si\\\/page\\\/#website\"},\"primaryImageOfPage\":{\"@id\":\"https:\\\/\\\/novice.si\\\/page\\\/konjicanka-kira-na-hrvaskem-supertalentu-pripravila-vrhunsko-predstavo\\\/#primaryimage\"},\"image\":{\"@id\":\"https:\\\/\\\/novice.si\\\/page\\\/konjicanka-kira-na-hrvaskem-supertalentu-pripravila-vrhunsko-predstavo\\\/#primaryimage\"},\"thumbnailUrl\":\"https:\\\/\\\/novice.si\\\/page\\\/wp-content\\\/uploads\\\/2023\\\/11\\\/KIRA-07.jpg\",\"datePublished\":\"2023-11-27T10:25:28+00:00\",\"breadcrumb\":{\"@id\":\"https:\\\/\\\/novice.si\\\/page\\\/konjicanka-kira-na-hrvaskem-supertalentu-pripravila-vrhunsko-predstavo\\\/#breadcrumb\"},\"inLanguage\":\"sl-SI\",\"potentialAction\":[{\"@type\":\"ReadAction\",\"target\":[\"https:\\\/\\\/novice.si\\\/page\\\/konjicanka-kira-na-hrvaskem-supertalentu-pripravila-vrhunsko-predstavo\\\/\"]}]},{\"@type\":\"ImageObject\",\"inLanguage\":\"sl-SI\",\"@id\":\"https:\\\/\\\/novice.si\\\/page\\\/konjicanka-kira-na-hrvaskem-supertalentu-pripravila-vrhunsko-predstavo\\\/#primaryimage\",\"url\":\"https:\\\/\\\/novice.si\\\/page\\\/wp-content\\\/uploads\\\/2023\\\/11\\\/KIRA-07.jpg\",\"contentUrl\":\"https:\\\/\\\/novice.si\\\/page\\\/wp-content\\\/uploads\\\/2023\\\/11\\\/KIRA-07.jpg\",\"width\":1776,\"height\":879},{\"@type\":\"BreadcrumbList\",\"@id\":\"https:\\\/\\\/novice.si\\\/page\\\/konjicanka-kira-na-hrvaskem-supertalentu-pripravila-vrhunsko-predstavo\\\/#breadcrumb\",\"itemListElement\":[{\"@type\":\"ListItem\",\"position\":1,\"name\":\"Home\",\"item\":\"https:\\\/\\\/novice.si\\\/page\\\/\"},{\"@type\":\"ListItem\",\"position\":2,\"name\":\"Konji\u010danka Kira na hrva\u0161kem Supertalentu pripravila vrhunsko predstavo\"}]},{\"@type\":\"WebSite\",\"@id\":\"https:\\\/\\\/novice.si\\\/page\\\/#website\",\"url\":\"https:\\\/\\\/novice.si\\\/page\\\/\",\"name\":\"Novice.si\",\"description\":\"\",\"publisher\":{\"@id\":\"https:\\\/\\\/novice.si\\\/page\\\/#organization\"},\"potentialAction\":[{\"@type\":\"SearchAction\",\"target\":{\"@type\":\"EntryPoint\",\"urlTemplate\":\"https:\\\/\\\/novice.si\\\/page\\\/?s={search_term_string}\"},\"query-input\":{\"@type\":\"PropertyValueSpecification\",\"valueRequired\":true,\"valueName\":\"search_term_string\"}}],\"inLanguage\":\"sl-SI\"},{\"@type\":\"Organization\",\"@id\":\"https:\\\/\\\/novice.si\\\/page\\\/#organization\",\"name\":\"Novice.si\",\"url\":\"https:\\\/\\\/novice.si\\\/page\\\/\",\"logo\":{\"@type\":\"ImageObject\",\"inLanguage\":\"sl-SI\",\"@id\":\"https:\\\/\\\/novice.si\\\/page\\\/#\\\/schema\\\/logo\\\/image\\\/\",\"url\":\"https:\\\/\\\/novice.si\\\/page\\\/wp-content\\\/uploads\\\/2023\\\/03\\\/novice_si.png\",\"contentUrl\":\"https:\\\/\\\/novice.si\\\/page\\\/wp-content\\\/uploads\\\/2023\\\/03\\\/novice_si.png\",\"width\":576,\"height\":200,\"caption\":\"Novice.si\"},\"image\":{\"@id\":\"https:\\\/\\\/novice.si\\\/page\\\/#\\\/schema\\\/logo\\\/image\\\/\"}},{\"@type\":\"Person\",\"@id\":\"https:\\\/\\\/novice.si\\\/page\\\/#\\\/schema\\\/person\\\/51903923b50fefb075bc1cd24fe4d065\",\"name\":\"Uredni\u0161tvo Celjana\",\"image\":{\"@type\":\"ImageObject\",\"inLanguage\":\"sl-SI\",\"@id\":\"https:\\\/\\\/secure.gravatar.com\\\/avatar\\\/b516f102aa90b53619e09722b8ea56721c99bfcb4f1035f9b333d99f52330226?s=96&d=mm&r=g\",\"url\":\"https:\\\/\\\/secure.gravatar.com\\\/avatar\\\/b516f102aa90b53619e09722b8ea56721c99bfcb4f1035f9b333d99f52330226?s=96&d=mm&r=g\",\"contentUrl\":\"https:\\\/\\\/secure.gravatar.com\\\/avatar\\\/b516f102aa90b53619e09722b8ea56721c99bfcb4f1035f9b333d99f52330226?s=96&d=mm&r=g\",\"caption\":\"Uredni\u0161tvo Celjana\"},\"url\":\"https:\\\/\\\/novice.si\\\/page\\\/author\\\/nejc\\\/\"}]}<\/script>\n<!-- \/ Yoast SEO plugin. -->","yoast_head_json":{"title":"Konji\u010danka Kira na hrva\u0161kem Supertalentu pripravila vrhunsko predstavo - Novice.si","robots":{"index":"index","follow":"follow","max-snippet":"max-snippet:-1","max-image-preview":"max-image-preview:large","max-video-preview":"max-video-preview:-1"},"canonical":"https:\/\/novice.si\/page\/konjicanka-kira-na-hrvaskem-supertalentu-pripravila-vrhunsko-predstavo\/","og_locale":"sl_SI","og_type":"article","og_title":"Konji\u010danka Kira na hrva\u0161kem Supertalentu pripravila vrhunsko predstavo - Novice.si","og_description":"V polfinalu hrva\u0161kega Supertalenta je v\u010deraj nastopila 17-letna konji\u010danka Kira \u0160truc-Juri\u010dki. \u017de na avdicijskem nastopu je na noge spravila gledalce in navdu\u0161ila\u00a0 strokovno komisijo. Spomnimo, stroga Martina Tom\u010di\u0107 je \u017ee takrat povedala, da ima Kira mnogo lep\u0161i glas od svetovno znane Adele, Fabijan Pavao Medve\u0161ek je takrat med drugim Kiri dejal, naj verjame vase in [&hellip;]","og_url":"https:\/\/novice.si\/page\/konjicanka-kira-na-hrvaskem-supertalentu-pripravila-vrhunsko-predstavo\/","og_site_name":"Novice.si","article_published_time":"2023-11-27T10:25:28+00:00","og_image":[{"width":1776,"height":879,"url":"https:\/\/novice.si\/page\/wp-content\/uploads\/2023\/11\/KIRA-07.jpg","type":"image\/jpeg"}],"author":"Uredni\u0161tvo Celjana","twitter_card":"summary_large_image","twitter_misc":{"Written by":"Uredni\u0161tvo Celjana","Est. reading time":"3 minute"},"schema":{"@context":"https:\/\/schema.org","@graph":[{"@type":"Article","@id":"https:\/\/novice.si\/page\/konjicanka-kira-na-hrvaskem-supertalentu-pripravila-vrhunsko-predstavo\/#article","isPartOf":{"@id":"https:\/\/novice.si\/page\/konjicanka-kira-na-hrvaskem-supertalentu-pripravila-vrhunsko-predstavo\/"},"author":{"name":"Uredni\u0161tvo Celjana","@id":"https:\/\/novice.si\/page\/#\/schema\/person\/51903923b50fefb075bc1cd24fe4d065"},"headline":"Konji\u010danka Kira na hrva\u0161kem Supertalentu pripravila vrhunsko predstavo","datePublished":"2023-11-27T10:25:28+00:00","mainEntityOfPage":{"@id":"https:\/\/novice.si\/page\/konjicanka-kira-na-hrvaskem-supertalentu-pripravila-vrhunsko-predstavo\/"},"wordCount":571,"publisher":{"@id":"https:\/\/novice.si\/page\/#organization"},"image":{"@id":"https:\/\/novice.si\/page\/konjicanka-kira-na-hrvaskem-supertalentu-pripravila-vrhunsko-predstavo\/#primaryimage"},"thumbnailUrl":"https:\/\/novice.si\/page\/wp-content\/uploads\/2023\/11\/KIRA-07.jpg","keywords":["kira \u0161truc juri\u010dki"],"articleSection":["Aktualno","Dru\u017eabno","Konji\u0161ko"],"inLanguage":"sl-SI"},{"@type":"WebPage","@id":"https:\/\/novice.si\/page\/konjicanka-kira-na-hrvaskem-supertalentu-pripravila-vrhunsko-predstavo\/","url":"https:\/\/novice.si\/page\/konjicanka-kira-na-hrvaskem-supertalentu-pripravila-vrhunsko-predstavo\/","name":"Konji\u010danka Kira na hrva\u0161kem Supertalentu pripravila vrhunsko predstavo - Novice.si","isPartOf":{"@id":"https:\/\/novice.si\/page\/#website"},"primaryImageOfPage":{"@id":"https:\/\/novice.si\/page\/konjicanka-kira-na-hrvaskem-supertalentu-pripravila-vrhunsko-predstavo\/#primaryimage"},"image":{"@id":"https:\/\/novice.si\/page\/konjicanka-kira-na-hrvaskem-supertalentu-pripravila-vrhunsko-predstavo\/#primaryimage"},"thumbnailUrl":"https:\/\/novice.si\/page\/wp-content\/uploads\/2023\/11\/KIRA-07.jpg","datePublished":"2023-11-27T10:25:28+00:00","breadcrumb":{"@id":"https:\/\/novice.si\/page\/konjicanka-kira-na-hrvaskem-supertalentu-pripravila-vrhunsko-predstavo\/#breadcrumb"},"inLanguage":"sl-SI","potentialAction":[{"@type":"ReadAction","target":["https:\/\/novice.si\/page\/konjicanka-kira-na-hrvaskem-supertalentu-pripravila-vrhunsko-predstavo\/"]}]},{"@type":"ImageObject","inLanguage":"sl-SI","@id":"https:\/\/novice.si\/page\/konjicanka-kira-na-hrvaskem-supertalentu-pripravila-vrhunsko-predstavo\/#primaryimage","url":"https:\/\/novice.si\/page\/wp-content\/uploads\/2023\/11\/KIRA-07.jpg","contentUrl":"https:\/\/novice.si\/page\/wp-content\/uploads\/2023\/11\/KIRA-07.jpg","width":1776,"height":879},{"@type":"BreadcrumbList","@id":"https:\/\/novice.si\/page\/konjicanka-kira-na-hrvaskem-supertalentu-pripravila-vrhunsko-predstavo\/#breadcrumb","itemListElement":[{"@type":"ListItem","position":1,"name":"Home","item":"https:\/\/novice.si\/page\/"},{"@type":"ListItem","position":2,"name":"Konji\u010danka Kira na hrva\u0161kem Supertalentu pripravila vrhunsko predstavo"}]},{"@type":"WebSite","@id":"https:\/\/novice.si\/page\/#website","url":"https:\/\/novice.si\/page\/","name":"Novice.si","description":"","publisher":{"@id":"https:\/\/novice.si\/page\/#organization"},"potentialAction":[{"@type":"SearchAction","target":{"@type":"EntryPoint","urlTemplate":"https:\/\/novice.si\/page\/?s={search_term_string}"},"query-input":{"@type":"PropertyValueSpecification","valueRequired":true,"valueName":"search_term_string"}}],"inLanguage":"sl-SI"},{"@type":"Organization","@id":"https:\/\/novice.si\/page\/#organization","name":"Novice.si","url":"https:\/\/novice.si\/page\/","logo":{"@type":"ImageObject","inLanguage":"sl-SI","@id":"https:\/\/novice.si\/page\/#\/schema\/logo\/image\/","url":"https:\/\/novice.si\/page\/wp-content\/uploads\/2023\/03\/novice_si.png","contentUrl":"https:\/\/novice.si\/page\/wp-content\/uploads\/2023\/03\/novice_si.png","width":576,"height":200,"caption":"Novice.si"},"image":{"@id":"https:\/\/novice.si\/page\/#\/schema\/logo\/image\/"}},{"@type":"Person","@id":"https:\/\/novice.si\/page\/#\/schema\/person\/51903923b50fefb075bc1cd24fe4d065","name":"Uredni\u0161tvo Celjana","image":{"@type":"ImageObject","inLanguage":"sl-SI","@id":"https:\/\/secure.gravatar.com\/avatar\/b516f102aa90b53619e09722b8ea56721c99bfcb4f1035f9b333d99f52330226?s=96&d=mm&r=g","url":"https:\/\/secure.gravatar.com\/avatar\/b516f102aa90b53619e09722b8ea56721c99bfcb4f1035f9b333d99f52330226?s=96&d=mm&r=g","contentUrl":"https:\/\/secure.gravatar.com\/avatar\/b516f102aa90b53619e09722b8ea56721c99bfcb4f1035f9b333d99f52330226?s=96&d=mm&r=g","caption":"Uredni\u0161tvo Celjana"},"url":"https:\/\/novice.si\/page\/author\/nejc\/"}]}},"_links":{"self":[{"href":"https:\/\/novice.si\/page\/wp-json\/wp\/v2\/posts\/169582","targetHints":{"allow":["GET"]}}],"collection":[{"href":"https:\/\/novice.si\/page\/wp-json\/wp\/v2\/posts"}],"about":[{"href":"https:\/\/novice.si\/page\/wp-json\/wp\/v2\/types\/post"}],"author":[{"embeddable":true,"href":"https:\/\/novice.si\/page\/wp-json\/wp\/v2\/users\/12"}],"replies":[{"embeddable":true,"href":"https:\/\/novice.si\/page\/wp-json\/wp\/v2\/comments?post=169582"}],"version-history":[{"count":1,"href":"https:\/\/novice.si\/page\/wp-json\/wp\/v2\/posts\/169582\/revisions"}],"predecessor-version":[{"id":169585,"href":"https:\/\/novice.si\/page\/wp-json\/wp\/v2\/posts\/169582\/revisions\/169585"}],"wp:featuredmedia":[{"embeddable":true,"href":"https:\/\/novice.si\/page\/wp-json\/wp\/v2\/media\/169584"}],"wp:attachment":[{"href":"https:\/\/novice.si\/page\/wp-json\/wp\/v2\/media?parent=169582"}],"wp:term":[{"taxonomy":"category","embeddable":true,"href":"https:\/\/novice.si\/page\/wp-json\/wp\/v2\/categories?post=169582"},{"taxonomy":"post_tag","embeddable":true,"href":"https:\/\/novice.si\/page\/wp-json\/wp\/v2\/tags?post=169582"}],"curies":[{"name":"wp","href":"https:\/\/api.w.org\/{rel}","templated":true}]}}