{"id":169563,"date":"2023-11-25T10:05:24","date_gmt":"2023-11-25T09:05:24","guid":{"rendered":"https:\/\/novice.si\/page\/?p=169563"},"modified":"2023-11-25T10:05:24","modified_gmt":"2023-11-25T09:05:24","slug":"atleta-leta-sta-kristjan-ceh-in-tina-sutej","status":"publish","type":"post","link":"https:\/\/novice.si\/page\/atleta-leta-sta-kristjan-ceh-in-tina-sutej\/","title":{"rendered":"Atleta leta sta Kristjan \u010ceh in Tina \u0160utej"},"content":{"rendered":"<p class=\"T\"><img loading=\"lazy\" decoding=\"async\" class=\"alignnone size-medium wp-image-169564\" src=\"https:\/\/novice.si\/page\/wp-content\/uploads\/2023\/11\/atlet-leta-foto-Peter-Kastelic-AZS-600x400.jpg\" alt=\"\" width=\"600\" height=\"400\" srcset=\"https:\/\/novice.si\/page\/wp-content\/uploads\/2023\/11\/atlet-leta-foto-Peter-Kastelic-AZS-600x400.jpg 600w, https:\/\/novice.si\/page\/wp-content\/uploads\/2023\/11\/atlet-leta-foto-Peter-Kastelic-AZS-1024x683.jpg 1024w, https:\/\/novice.si\/page\/wp-content\/uploads\/2023\/11\/atlet-leta-foto-Peter-Kastelic-AZS-768x512.jpg 768w, https:\/\/novice.si\/page\/wp-content\/uploads\/2023\/11\/atlet-leta-foto-Peter-Kastelic-AZS-696x464.jpg 696w, https:\/\/novice.si\/page\/wp-content\/uploads\/2023\/11\/atlet-leta-foto-Peter-Kastelic-AZS-1068x712.jpg 1068w, https:\/\/novice.si\/page\/wp-content\/uploads\/2023\/11\/atlet-leta-foto-Peter-Kastelic-AZS-630x420.jpg 630w, https:\/\/novice.si\/page\/wp-content\/uploads\/2023\/11\/atlet-leta-foto-Peter-Kastelic-AZS-24x16.jpg 24w, https:\/\/novice.si\/page\/wp-content\/uploads\/2023\/11\/atlet-leta-foto-Peter-Kastelic-AZS-36x24.jpg 36w, https:\/\/novice.si\/page\/wp-content\/uploads\/2023\/11\/atlet-leta-foto-Peter-Kastelic-AZS-48x32.jpg 48w, https:\/\/novice.si\/page\/wp-content\/uploads\/2023\/11\/atlet-leta-foto-Peter-Kastelic-AZS.jpg 1500w\" sizes=\"auto, (max-width: 600px) 100vw, 600px\" \/><br \/>\nNi\u010d presenetljivega se ni zgodilo v tradicionalni anketi Atletske zveze Slovenije (AZS), s katero dolo\u010dajo najbolj\u0161e slovenske atlete leta. V \u010dlanski kategoriji sta presti\u017eni naziv osvojila Ptuj\u010dan <b>Kristjan \u010ceh<\/b> in \u010dlanica celjskega Kladivarja <b>Tina \u0160utej<\/b>. \u010ceh je v sezoni 2023 postal svetovni podprvak v metu diska, zmagal na evropskih igrah in bil drugi v kon\u010dni razvrstitvi diamantne lige. \u0160utejeva je v skoku s palico srebrno medaljo osvojila na dvoranskem evropskem prvenstvu in evropskih igrah, \u010detrta je bila na svetovnem prvenstvu na prostem.<br \/>\nZa najbolj\u0161ega trenerja leta so razglasili trenerja \u0160utejeve <b>Milana Kranjca<\/b>. V celjski klub pa je \u0161lo \u0161e nekaj drugih priznanj. Slovenski rekorder v teku na 400 metrov z ovirami <b>Matic Ian Gu\u010dek <\/b>je bil drugi najbolj\u0161i med \u010dlani (takoj za \u010cehom) in najbolj\u0161i med mlaj\u0161imi \u010dlani, kjer so na tretje mesto postavili \u0161e <b>Vida Botolina<\/b>. <b>Tia Tanja \u017divko<\/b> je najbolj\u0161a mlaj\u0161a mladinka v dr\u017eavi.<br \/>\nNa sino\u010dnji sve\u010danosti v \u0160entjerneju je med drugim spregovoril tudi predsednik AZS, Celjan <b>Primo\u017e Fegu\u0161<\/b>. Izpostavil je velike uspehe na mednarodnih tekmovanjih ter to, da zveza nima ve\u010d finan\u010dnega primanjkljaja, ki ga je imela \u0161e lansko leto. Kot pravi, so zagotovili likvidnost in popla\u010dali vse obveznosti zveze. Zaradi bolj\u0161ega finan\u010dnega stanja pa je ve\u010d denarja tudi za atlete, trenerje in sodnike. (Jure Mernik)<br \/>\nFoto: Peter Kastelic \/ AZS<\/p>\n","protected":false},"excerpt":{"rendered":"<p>Ni\u010d presenetljivega se ni zgodilo v tradicionalni anketi Atletske zveze Slovenije (AZS), s katero dolo\u010dajo najbolj\u0161e slovenske atlete leta. V \u010dlanski kategoriji sta presti\u017eni naziv osvojila Ptuj\u010dan Kristjan \u010ceh in \u010dlanica celjskega Kladivarja Tina \u0160utej. \u010ceh je v sezoni 2023 postal svetovni podprvak v metu diska, zmagal na evropskih igrah in bil drugi v kon\u010dni [&hellip;]<\/p>\n","protected":false},"author":7,"featured_media":169564,"comment_status":"closed","ping_status":"closed","sticky":false,"template":"","format":"standard","meta":{"footnotes":""},"categories":[14,17,68],"tags":[12617,6833,5081],"class_list":{"0":"post-169563","1":"post","2":"type-post","3":"status-publish","4":"format-standard","5":"has-post-thumbnail","7":"category-aktualno","8":"category-celjsko","9":"category-sport","10":"tag-kristjan-ceh","11":"tag-slovenski-atlet-leta","12":"tag-tina-sutej"},"yoast_head":"<!-- This site is optimized with the Yoast SEO plugin v27.4 - https:\/\/yoast.com\/product\/yoast-seo-wordpress\/ -->\n<title>Atleta leta sta Kristjan \u010ceh in Tina \u0160utej - Novice.si<\/title>\n<meta name=\"robots\" content=\"index, follow, max-snippet:-1, max-image-preview:large, max-video-preview:-1\" \/>\n<link rel=\"canonical\" href=\"https:\/\/novice.si\/page\/atleta-leta-sta-kristjan-ceh-in-tina-sutej\/\" \/>\n<meta property=\"og:locale\" content=\"sl_SI\" \/>\n<meta property=\"og:type\" content=\"article\" \/>\n<meta property=\"og:title\" content=\"Atleta leta sta Kristjan \u010ceh in Tina \u0160utej - Novice.si\" \/>\n<meta property=\"og:description\" content=\"Ni\u010d presenetljivega se ni zgodilo v tradicionalni anketi Atletske zveze Slovenije (AZS), s katero dolo\u010dajo najbolj\u0161e slovenske atlete leta. V \u010dlanski kategoriji sta presti\u017eni naziv osvojila Ptuj\u010dan Kristjan \u010ceh in \u010dlanica celjskega Kladivarja Tina \u0160utej. \u010ceh je v sezoni 2023 postal svetovni podprvak v metu diska, zmagal na evropskih igrah in bil drugi v kon\u010dni [&hellip;]\" \/>\n<meta property=\"og:url\" content=\"https:\/\/novice.si\/page\/atleta-leta-sta-kristjan-ceh-in-tina-sutej\/\" \/>\n<meta property=\"og:site_name\" content=\"Novice.si\" \/>\n<meta property=\"article:published_time\" content=\"2023-11-25T09:05:24+00:00\" \/>\n<meta property=\"og:image\" content=\"https:\/\/novice.si\/page\/wp-content\/uploads\/2023\/11\/atlet-leta-foto-Peter-Kastelic-AZS.jpg\" \/>\n\t<meta property=\"og:image:width\" content=\"1500\" \/>\n\t<meta property=\"og:image:height\" content=\"1000\" \/>\n\t<meta property=\"og:image:type\" content=\"image\/jpeg\" \/>\n<meta name=\"author\" content=\"Uredni\u0161tvo Novic\" \/>\n<meta name=\"twitter:card\" content=\"summary_large_image\" \/>\n<meta name=\"twitter:label1\" content=\"Written by\" \/>\n\t<meta name=\"twitter:data1\" content=\"Uredni\u0161tvo Novic\" \/>\n\t<meta name=\"twitter:label2\" content=\"Est. reading time\" \/>\n\t<meta name=\"twitter:data2\" content=\"2 minuti\" \/>\n<script type=\"application\/ld+json\" class=\"yoast-schema-graph\">{\"@context\":\"https:\\\/\\\/schema.org\",\"@graph\":[{\"@type\":\"Article\",\"@id\":\"https:\\\/\\\/novice.si\\\/page\\\/atleta-leta-sta-kristjan-ceh-in-tina-sutej\\\/#article\",\"isPartOf\":{\"@id\":\"https:\\\/\\\/novice.si\\\/page\\\/atleta-leta-sta-kristjan-ceh-in-tina-sutej\\\/\"},\"author\":{\"name\":\"Uredni\u0161tvo Novic\",\"@id\":\"https:\\\/\\\/novice.si\\\/page\\\/#\\\/schema\\\/person\\\/a877dbb8680d441357ce27663beb35ca\"},\"headline\":\"Atleta leta sta Kristjan \u010ceh in Tina \u0160utej\",\"datePublished\":\"2023-11-25T09:05:24+00:00\",\"mainEntityOfPage\":{\"@id\":\"https:\\\/\\\/novice.si\\\/page\\\/atleta-leta-sta-kristjan-ceh-in-tina-sutej\\\/\"},\"wordCount\":238,\"publisher\":{\"@id\":\"https:\\\/\\\/novice.si\\\/page\\\/#organization\"},\"image\":{\"@id\":\"https:\\\/\\\/novice.si\\\/page\\\/atleta-leta-sta-kristjan-ceh-in-tina-sutej\\\/#primaryimage\"},\"thumbnailUrl\":\"https:\\\/\\\/novice.si\\\/page\\\/wp-content\\\/uploads\\\/2023\\\/11\\\/atlet-leta-foto-Peter-Kastelic-AZS.jpg\",\"keywords\":[\"Kristjan \u010ceh\",\"slovenski atlet leta\",\"Tina \u0160utej\"],\"articleSection\":[\"Aktualno\",\"Celjsko\",\"\u0160port\"],\"inLanguage\":\"sl-SI\"},{\"@type\":\"WebPage\",\"@id\":\"https:\\\/\\\/novice.si\\\/page\\\/atleta-leta-sta-kristjan-ceh-in-tina-sutej\\\/\",\"url\":\"https:\\\/\\\/novice.si\\\/page\\\/atleta-leta-sta-kristjan-ceh-in-tina-sutej\\\/\",\"name\":\"Atleta leta sta Kristjan \u010ceh in Tina \u0160utej - Novice.si\",\"isPartOf\":{\"@id\":\"https:\\\/\\\/novice.si\\\/page\\\/#website\"},\"primaryImageOfPage\":{\"@id\":\"https:\\\/\\\/novice.si\\\/page\\\/atleta-leta-sta-kristjan-ceh-in-tina-sutej\\\/#primaryimage\"},\"image\":{\"@id\":\"https:\\\/\\\/novice.si\\\/page\\\/atleta-leta-sta-kristjan-ceh-in-tina-sutej\\\/#primaryimage\"},\"thumbnailUrl\":\"https:\\\/\\\/novice.si\\\/page\\\/wp-content\\\/uploads\\\/2023\\\/11\\\/atlet-leta-foto-Peter-Kastelic-AZS.jpg\",\"datePublished\":\"2023-11-25T09:05:24+00:00\",\"breadcrumb\":{\"@id\":\"https:\\\/\\\/novice.si\\\/page\\\/atleta-leta-sta-kristjan-ceh-in-tina-sutej\\\/#breadcrumb\"},\"inLanguage\":\"sl-SI\",\"potentialAction\":[{\"@type\":\"ReadAction\",\"target\":[\"https:\\\/\\\/novice.si\\\/page\\\/atleta-leta-sta-kristjan-ceh-in-tina-sutej\\\/\"]}]},{\"@type\":\"ImageObject\",\"inLanguage\":\"sl-SI\",\"@id\":\"https:\\\/\\\/novice.si\\\/page\\\/atleta-leta-sta-kristjan-ceh-in-tina-sutej\\\/#primaryimage\",\"url\":\"https:\\\/\\\/novice.si\\\/page\\\/wp-content\\\/uploads\\\/2023\\\/11\\\/atlet-leta-foto-Peter-Kastelic-AZS.jpg\",\"contentUrl\":\"https:\\\/\\\/novice.si\\\/page\\\/wp-content\\\/uploads\\\/2023\\\/11\\\/atlet-leta-foto-Peter-Kastelic-AZS.jpg\",\"width\":1500,\"height\":1000},{\"@type\":\"BreadcrumbList\",\"@id\":\"https:\\\/\\\/novice.si\\\/page\\\/atleta-leta-sta-kristjan-ceh-in-tina-sutej\\\/#breadcrumb\",\"itemListElement\":[{\"@type\":\"ListItem\",\"position\":1,\"name\":\"Home\",\"item\":\"https:\\\/\\\/novice.si\\\/page\\\/\"},{\"@type\":\"ListItem\",\"position\":2,\"name\":\"Atleta leta sta Kristjan \u010ceh in Tina \u0160utej\"}]},{\"@type\":\"WebSite\",\"@id\":\"https:\\\/\\\/novice.si\\\/page\\\/#website\",\"url\":\"https:\\\/\\\/novice.si\\\/page\\\/\",\"name\":\"Novice.si\",\"description\":\"\",\"publisher\":{\"@id\":\"https:\\\/\\\/novice.si\\\/page\\\/#organization\"},\"potentialAction\":[{\"@type\":\"SearchAction\",\"target\":{\"@type\":\"EntryPoint\",\"urlTemplate\":\"https:\\\/\\\/novice.si\\\/page\\\/?s={search_term_string}\"},\"query-input\":{\"@type\":\"PropertyValueSpecification\",\"valueRequired\":true,\"valueName\":\"search_term_string\"}}],\"inLanguage\":\"sl-SI\"},{\"@type\":\"Organization\",\"@id\":\"https:\\\/\\\/novice.si\\\/page\\\/#organization\",\"name\":\"Novice.si\",\"url\":\"https:\\\/\\\/novice.si\\\/page\\\/\",\"logo\":{\"@type\":\"ImageObject\",\"inLanguage\":\"sl-SI\",\"@id\":\"https:\\\/\\\/novice.si\\\/page\\\/#\\\/schema\\\/logo\\\/image\\\/\",\"url\":\"https:\\\/\\\/novice.si\\\/page\\\/wp-content\\\/uploads\\\/2023\\\/03\\\/novice_si.png\",\"contentUrl\":\"https:\\\/\\\/novice.si\\\/page\\\/wp-content\\\/uploads\\\/2023\\\/03\\\/novice_si.png\",\"width\":576,\"height\":200,\"caption\":\"Novice.si\"},\"image\":{\"@id\":\"https:\\\/\\\/novice.si\\\/page\\\/#\\\/schema\\\/logo\\\/image\\\/\"}},{\"@type\":\"Person\",\"@id\":\"https:\\\/\\\/novice.si\\\/page\\\/#\\\/schema\\\/person\\\/a877dbb8680d441357ce27663beb35ca\",\"name\":\"Uredni\u0161tvo Novic\",\"image\":{\"@type\":\"ImageObject\",\"inLanguage\":\"sl-SI\",\"@id\":\"https:\\\/\\\/secure.gravatar.com\\\/avatar\\\/f19c0ae874706cc9ba19d2f6da5f74a5a5ee7674f283fed29ce0ad16a9f1893e?s=96&d=mm&r=g\",\"url\":\"https:\\\/\\\/secure.gravatar.com\\\/avatar\\\/f19c0ae874706cc9ba19d2f6da5f74a5a5ee7674f283fed29ce0ad16a9f1893e?s=96&d=mm&r=g\",\"contentUrl\":\"https:\\\/\\\/secure.gravatar.com\\\/avatar\\\/f19c0ae874706cc9ba19d2f6da5f74a5a5ee7674f283fed29ce0ad16a9f1893e?s=96&d=mm&r=g\",\"caption\":\"Uredni\u0161tvo Novic\"},\"url\":\"https:\\\/\\\/novice.si\\\/page\\\/author\\\/jure\\\/\"}]}<\/script>\n<!-- \/ Yoast SEO plugin. -->","yoast_head_json":{"title":"Atleta leta sta Kristjan \u010ceh in Tina \u0160utej - Novice.si","robots":{"index":"index","follow":"follow","max-snippet":"max-snippet:-1","max-image-preview":"max-image-preview:large","max-video-preview":"max-video-preview:-1"},"canonical":"https:\/\/novice.si\/page\/atleta-leta-sta-kristjan-ceh-in-tina-sutej\/","og_locale":"sl_SI","og_type":"article","og_title":"Atleta leta sta Kristjan \u010ceh in Tina \u0160utej - Novice.si","og_description":"Ni\u010d presenetljivega se ni zgodilo v tradicionalni anketi Atletske zveze Slovenije (AZS), s katero dolo\u010dajo najbolj\u0161e slovenske atlete leta. V \u010dlanski kategoriji sta presti\u017eni naziv osvojila Ptuj\u010dan Kristjan \u010ceh in \u010dlanica celjskega Kladivarja Tina \u0160utej. \u010ceh je v sezoni 2023 postal svetovni podprvak v metu diska, zmagal na evropskih igrah in bil drugi v kon\u010dni [&hellip;]","og_url":"https:\/\/novice.si\/page\/atleta-leta-sta-kristjan-ceh-in-tina-sutej\/","og_site_name":"Novice.si","article_published_time":"2023-11-25T09:05:24+00:00","og_image":[{"width":1500,"height":1000,"url":"https:\/\/novice.si\/page\/wp-content\/uploads\/2023\/11\/atlet-leta-foto-Peter-Kastelic-AZS.jpg","type":"image\/jpeg"}],"author":"Uredni\u0161tvo Novic","twitter_card":"summary_large_image","twitter_misc":{"Written by":"Uredni\u0161tvo Novic","Est. reading time":"2 minuti"},"schema":{"@context":"https:\/\/schema.org","@graph":[{"@type":"Article","@id":"https:\/\/novice.si\/page\/atleta-leta-sta-kristjan-ceh-in-tina-sutej\/#article","isPartOf":{"@id":"https:\/\/novice.si\/page\/atleta-leta-sta-kristjan-ceh-in-tina-sutej\/"},"author":{"name":"Uredni\u0161tvo Novic","@id":"https:\/\/novice.si\/page\/#\/schema\/person\/a877dbb8680d441357ce27663beb35ca"},"headline":"Atleta leta sta Kristjan \u010ceh in Tina \u0160utej","datePublished":"2023-11-25T09:05:24+00:00","mainEntityOfPage":{"@id":"https:\/\/novice.si\/page\/atleta-leta-sta-kristjan-ceh-in-tina-sutej\/"},"wordCount":238,"publisher":{"@id":"https:\/\/novice.si\/page\/#organization"},"image":{"@id":"https:\/\/novice.si\/page\/atleta-leta-sta-kristjan-ceh-in-tina-sutej\/#primaryimage"},"thumbnailUrl":"https:\/\/novice.si\/page\/wp-content\/uploads\/2023\/11\/atlet-leta-foto-Peter-Kastelic-AZS.jpg","keywords":["Kristjan \u010ceh","slovenski atlet leta","Tina \u0160utej"],"articleSection":["Aktualno","Celjsko","\u0160port"],"inLanguage":"sl-SI"},{"@type":"WebPage","@id":"https:\/\/novice.si\/page\/atleta-leta-sta-kristjan-ceh-in-tina-sutej\/","url":"https:\/\/novice.si\/page\/atleta-leta-sta-kristjan-ceh-in-tina-sutej\/","name":"Atleta leta sta Kristjan \u010ceh in Tina \u0160utej - Novice.si","isPartOf":{"@id":"https:\/\/novice.si\/page\/#website"},"primaryImageOfPage":{"@id":"https:\/\/novice.si\/page\/atleta-leta-sta-kristjan-ceh-in-tina-sutej\/#primaryimage"},"image":{"@id":"https:\/\/novice.si\/page\/atleta-leta-sta-kristjan-ceh-in-tina-sutej\/#primaryimage"},"thumbnailUrl":"https:\/\/novice.si\/page\/wp-content\/uploads\/2023\/11\/atlet-leta-foto-Peter-Kastelic-AZS.jpg","datePublished":"2023-11-25T09:05:24+00:00","breadcrumb":{"@id":"https:\/\/novice.si\/page\/atleta-leta-sta-kristjan-ceh-in-tina-sutej\/#breadcrumb"},"inLanguage":"sl-SI","potentialAction":[{"@type":"ReadAction","target":["https:\/\/novice.si\/page\/atleta-leta-sta-kristjan-ceh-in-tina-sutej\/"]}]},{"@type":"ImageObject","inLanguage":"sl-SI","@id":"https:\/\/novice.si\/page\/atleta-leta-sta-kristjan-ceh-in-tina-sutej\/#primaryimage","url":"https:\/\/novice.si\/page\/wp-content\/uploads\/2023\/11\/atlet-leta-foto-Peter-Kastelic-AZS.jpg","contentUrl":"https:\/\/novice.si\/page\/wp-content\/uploads\/2023\/11\/atlet-leta-foto-Peter-Kastelic-AZS.jpg","width":1500,"height":1000},{"@type":"BreadcrumbList","@id":"https:\/\/novice.si\/page\/atleta-leta-sta-kristjan-ceh-in-tina-sutej\/#breadcrumb","itemListElement":[{"@type":"ListItem","position":1,"name":"Home","item":"https:\/\/novice.si\/page\/"},{"@type":"ListItem","position":2,"name":"Atleta leta sta Kristjan \u010ceh in Tina \u0160utej"}]},{"@type":"WebSite","@id":"https:\/\/novice.si\/page\/#website","url":"https:\/\/novice.si\/page\/","name":"Novice.si","description":"","publisher":{"@id":"https:\/\/novice.si\/page\/#organization"},"potentialAction":[{"@type":"SearchAction","target":{"@type":"EntryPoint","urlTemplate":"https:\/\/novice.si\/page\/?s={search_term_string}"},"query-input":{"@type":"PropertyValueSpecification","valueRequired":true,"valueName":"search_term_string"}}],"inLanguage":"sl-SI"},{"@type":"Organization","@id":"https:\/\/novice.si\/page\/#organization","name":"Novice.si","url":"https:\/\/novice.si\/page\/","logo":{"@type":"ImageObject","inLanguage":"sl-SI","@id":"https:\/\/novice.si\/page\/#\/schema\/logo\/image\/","url":"https:\/\/novice.si\/page\/wp-content\/uploads\/2023\/03\/novice_si.png","contentUrl":"https:\/\/novice.si\/page\/wp-content\/uploads\/2023\/03\/novice_si.png","width":576,"height":200,"caption":"Novice.si"},"image":{"@id":"https:\/\/novice.si\/page\/#\/schema\/logo\/image\/"}},{"@type":"Person","@id":"https:\/\/novice.si\/page\/#\/schema\/person\/a877dbb8680d441357ce27663beb35ca","name":"Uredni\u0161tvo Novic","image":{"@type":"ImageObject","inLanguage":"sl-SI","@id":"https:\/\/secure.gravatar.com\/avatar\/f19c0ae874706cc9ba19d2f6da5f74a5a5ee7674f283fed29ce0ad16a9f1893e?s=96&d=mm&r=g","url":"https:\/\/secure.gravatar.com\/avatar\/f19c0ae874706cc9ba19d2f6da5f74a5a5ee7674f283fed29ce0ad16a9f1893e?s=96&d=mm&r=g","contentUrl":"https:\/\/secure.gravatar.com\/avatar\/f19c0ae874706cc9ba19d2f6da5f74a5a5ee7674f283fed29ce0ad16a9f1893e?s=96&d=mm&r=g","caption":"Uredni\u0161tvo Novic"},"url":"https:\/\/novice.si\/page\/author\/jure\/"}]}},"_links":{"self":[{"href":"https:\/\/novice.si\/page\/wp-json\/wp\/v2\/posts\/169563","targetHints":{"allow":["GET"]}}],"collection":[{"href":"https:\/\/novice.si\/page\/wp-json\/wp\/v2\/posts"}],"about":[{"href":"https:\/\/novice.si\/page\/wp-json\/wp\/v2\/types\/post"}],"author":[{"embeddable":true,"href":"https:\/\/novice.si\/page\/wp-json\/wp\/v2\/users\/7"}],"replies":[{"embeddable":true,"href":"https:\/\/novice.si\/page\/wp-json\/wp\/v2\/comments?post=169563"}],"version-history":[{"count":1,"href":"https:\/\/novice.si\/page\/wp-json\/wp\/v2\/posts\/169563\/revisions"}],"predecessor-version":[{"id":169565,"href":"https:\/\/novice.si\/page\/wp-json\/wp\/v2\/posts\/169563\/revisions\/169565"}],"wp:featuredmedia":[{"embeddable":true,"href":"https:\/\/novice.si\/page\/wp-json\/wp\/v2\/media\/169564"}],"wp:attachment":[{"href":"https:\/\/novice.si\/page\/wp-json\/wp\/v2\/media?parent=169563"}],"wp:term":[{"taxonomy":"category","embeddable":true,"href":"https:\/\/novice.si\/page\/wp-json\/wp\/v2\/categories?post=169563"},{"taxonomy":"post_tag","embeddable":true,"href":"https:\/\/novice.si\/page\/wp-json\/wp\/v2\/tags?post=169563"}],"curies":[{"name":"wp","href":"https:\/\/api.w.org\/{rel}","templated":true}]}}