{"id":169534,"date":"2023-11-24T09:26:55","date_gmt":"2023-11-24T08:26:55","guid":{"rendered":"https:\/\/novice.si\/page\/?p=169534"},"modified":"2023-11-24T11:20:23","modified_gmt":"2023-11-24T10:20:23","slug":"vodovod-gracic-bezina-bo-najbrz-dobil-novega-upravljavca-pred-tem-v-bezini-zbor-krajanov","status":"publish","type":"post","link":"https:\/\/novice.si\/page\/vodovod-gracic-bezina-bo-najbrz-dobil-novega-upravljavca-pred-tem-v-bezini-zbor-krajanov\/","title":{"rendered":"Vodovod Gra\u010di\u010d \u2013 Bezina bo dobil novega upravljavca, pred tem v Bezini zbor krajanov"},"content":{"rendered":"<p><strong>KS Bezina ostane upravljavec zasebnega vodovodnega sistema Gra\u010di\u010d &#8211; Bezina, vednar le do imenovanja novega upravljavca. T<\/strong><strong>ako so sklenili na v\u010deraj\u0161njem sestanku na Ob\u010dini Slovenske Konjice. Iz Krajevne skupnosti Bezina pa so danes sporo\u010dili, da je ukrep prekuhavanja vode preklican.\u00a0<\/strong><\/p>\n<p>Sestanek so sklicali na pobudo konji\u0161kega \u017eupana <strong>Darka Ratajca<\/strong>, poleg predstavnikov Ob\u010dine pa so se ga udele\u017eili tudi predstavniki Krajevne skupnosti Bezina, konji\u0161kega Javnega komunalnega podjetja in ob\u010dinskega Odbora za komunalno infrastrukturo.<\/p>\n<p><strong>V ponedeljek tehni\u010dno-svetovalna podpora<\/strong><\/p>\n<p>Zasebni vodovod torej dobi novega upravljavca, dotlej pa \u0161e ostane v upravljanju KS Bezina. Nekje v prvi polovici decembra bo v Bezini zbor krajanov, ki ga bo v skladu s statutom konji\u0161ke ob\u010dine sklical \u017eupan. Tam bodo krajani izrazili voljo glede prihodnosti vodovodnega sistema. \u010ce namre\u010d \u017eelijo, da se prenese v javno upravljanje, mora to potrditi ve\u010dina uproabnikov. Tudi \u010de bi na zboru to zavrnili, bo treba obstoje\u010de stanje, ki ni ustrezno, urediti in dolo\u010diti primernega upravljavca.<br \/>\nV dneh po zboru krajanov bo Krajevna skupnost Bezina sklicala sestanek z lastniki vodovodnega sistema, da skupaj opredelijo novega upravljavca. \u017de ta ponedeljek pa bo JKP Slovenske Konjice za zagotavljanje ustrezne pitne vode za\u010delo s tehni\u010dno-svetovalno podporo pri obratovanju\u00a0 vodovodnega sistema, prav tako bodo pripravili posnetek stanja vodovoda in projekt preu\u010ditve mo\u017enosti priklopa na obstoje\u010di javni vodovod, so \u0161e sklenili na v\u010deraj\u0161njem sestanku.<\/p>\n<p><strong>Ukrep prekuhavanja preklican<\/strong><\/p>\n<p>Iz Krajevne skupnosti Bezina so danes sporo\u010dili, da je z dana\u0161njim dnem preklican ukrep prekuhavanja vode. Rezultati kemi\u010dne in mikrobiolo\u0161ke analize vzorcev vode z dne 20.11.2023 so skladni s predpisi, so navedli.<br \/>\nDo preklica oziroma razjasnitve okoli\u0161\u010din novembrskega onesna\u017eenja sta iz sistema izklju\u010dena dva vodna vira. (NK)<\/p>\n<p><strong>PREBERITE \u0160E:<\/strong><\/p>\n<blockquote class=\"wp-embedded-content\" data-secret=\"kFyWWffUK7\"><p><a href=\"https:\/\/novice.si\/page\/vodovod-gracic-bezina-krajani-oddali-peticijo-za-ukrepanje-v-mesecu-dni-zbor-krajanov\/\">Vodovod Gra\u010di\u010d &#8211; Bezina: krajani oddali peticijo za ukrepanje, v mesecu dni zbor krajanov<\/a><\/p><\/blockquote>\n<p><iframe loading=\"lazy\" class=\"wp-embedded-content\" sandbox=\"allow-scripts\" security=\"restricted\" style=\"position: absolute; clip: rect(1px, 1px, 1px, 1px);\" title=\"&#8220;Vodovod Gra\u010di\u010d &#8211; Bezina: krajani oddali peticijo za ukrepanje, v mesecu dni zbor krajanov&#8221; &#8212; Novice.si\" src=\"https:\/\/novice.si\/page\/vodovod-gracic-bezina-krajani-oddali-peticijo-za-ukrepanje-v-mesecu-dni-zbor-krajanov\/embed\/#?secret=yA3gdCsUqa#?secret=kFyWWffUK7\" data-secret=\"kFyWWffUK7\" width=\"600\" height=\"338\" frameborder=\"0\" marginwidth=\"0\" marginheight=\"0\" scrolling=\"no\"><\/iframe><\/p>\n<p>&nbsp;<\/p>\n","protected":false},"excerpt":{"rendered":"<p>KS Bezina ostane upravljavec zasebnega vodovodnega sistema Gra\u010di\u010d &#8211; Bezina, vednar le do imenovanja novega upravljavca. Tako so sklenili na v\u010deraj\u0161njem sestanku na Ob\u010dini Slovenske Konjice. Iz Krajevne skupnosti Bezina pa so danes sporo\u010dili, da je ukrep prekuhavanja vode preklican.\u00a0 Sestanek so sklicali na pobudo konji\u0161kega \u017eupana Darka Ratajca, poleg predstavnikov Ob\u010dine pa so se [&hellip;]<\/p>\n","protected":false},"author":12,"featured_media":169535,"comment_status":"closed","ping_status":"closed","sticky":false,"template":"","format":"standard","meta":{"footnotes":""},"categories":[14,868,16,141,3108],"tags":[19141,19226],"class_list":{"0":"post-169534","1":"post","2":"type-post","3":"status-publish","4":"format-standard","5":"has-post-thumbnail","7":"category-aktualno","8":"category-casopisi","9":"category-konjisko","10":"category-novice","11":"category-radio-rogla","12":"tag-bezina-gracic","13":"tag-vodovor"},"yoast_head":"<!-- This site is optimized with the Yoast SEO plugin v27.4 - https:\/\/yoast.com\/product\/yoast-seo-wordpress\/ -->\n<title>Vodovod Gra\u010di\u010d \u2013 Bezina bo dobil novega upravljavca, pred tem v Bezini zbor krajanov - Novice.si<\/title>\n<meta name=\"robots\" content=\"index, follow, max-snippet:-1, max-image-preview:large, max-video-preview:-1\" \/>\n<link rel=\"canonical\" href=\"https:\/\/novice.si\/page\/vodovod-gracic-bezina-bo-najbrz-dobil-novega-upravljavca-pred-tem-v-bezini-zbor-krajanov\/\" \/>\n<meta property=\"og:locale\" content=\"sl_SI\" \/>\n<meta property=\"og:type\" content=\"article\" \/>\n<meta property=\"og:title\" content=\"Vodovod Gra\u010di\u010d \u2013 Bezina bo dobil novega upravljavca, pred tem v Bezini zbor krajanov - Novice.si\" \/>\n<meta property=\"og:description\" content=\"KS Bezina ostane upravljavec zasebnega vodovodnega sistema Gra\u010di\u010d &#8211; Bezina, vednar le do imenovanja novega upravljavca. Tako so sklenili na v\u010deraj\u0161njem sestanku na Ob\u010dini Slovenske Konjice. Iz Krajevne skupnosti Bezina pa so danes sporo\u010dili, da je ukrep prekuhavanja vode preklican.\u00a0 Sestanek so sklicali na pobudo konji\u0161kega \u017eupana Darka Ratajca, poleg predstavnikov Ob\u010dine pa so se [&hellip;]\" \/>\n<meta property=\"og:url\" content=\"https:\/\/novice.si\/page\/vodovod-gracic-bezina-bo-najbrz-dobil-novega-upravljavca-pred-tem-v-bezini-zbor-krajanov\/\" \/>\n<meta property=\"og:site_name\" content=\"Novice.si\" \/>\n<meta property=\"article:published_time\" content=\"2023-11-24T08:26:55+00:00\" \/>\n<meta property=\"article:modified_time\" content=\"2023-11-24T10:20:23+00:00\" \/>\n<meta property=\"og:image\" content=\"https:\/\/novice.si\/page\/wp-content\/uploads\/2023\/11\/Bezina-1.jpg\" \/>\n\t<meta property=\"og:image:width\" content=\"640\" \/>\n\t<meta property=\"og:image:height\" content=\"480\" \/>\n\t<meta property=\"og:image:type\" content=\"image\/jpeg\" \/>\n<meta name=\"author\" content=\"Uredni\u0161tvo Celjana\" \/>\n<meta name=\"twitter:card\" content=\"summary_large_image\" \/>\n<meta name=\"twitter:label1\" content=\"Written by\" \/>\n\t<meta name=\"twitter:data1\" content=\"Uredni\u0161tvo Celjana\" \/>\n\t<meta name=\"twitter:label2\" content=\"Est. reading time\" \/>\n\t<meta name=\"twitter:data2\" content=\"2 minuti\" \/>\n<script type=\"application\/ld+json\" class=\"yoast-schema-graph\">{\"@context\":\"https:\\\/\\\/schema.org\",\"@graph\":[{\"@type\":\"Article\",\"@id\":\"https:\\\/\\\/novice.si\\\/page\\\/vodovod-gracic-bezina-bo-najbrz-dobil-novega-upravljavca-pred-tem-v-bezini-zbor-krajanov\\\/#article\",\"isPartOf\":{\"@id\":\"https:\\\/\\\/novice.si\\\/page\\\/vodovod-gracic-bezina-bo-najbrz-dobil-novega-upravljavca-pred-tem-v-bezini-zbor-krajanov\\\/\"},\"author\":{\"name\":\"Uredni\u0161tvo Celjana\",\"@id\":\"https:\\\/\\\/novice.si\\\/page\\\/#\\\/schema\\\/person\\\/51903923b50fefb075bc1cd24fe4d065\"},\"headline\":\"Vodovod Gra\u010di\u010d \u2013 Bezina bo dobil novega upravljavca, pred tem v Bezini zbor krajanov\",\"datePublished\":\"2023-11-24T08:26:55+00:00\",\"dateModified\":\"2023-11-24T10:20:23+00:00\",\"mainEntityOfPage\":{\"@id\":\"https:\\\/\\\/novice.si\\\/page\\\/vodovod-gracic-bezina-bo-najbrz-dobil-novega-upravljavca-pred-tem-v-bezini-zbor-krajanov\\\/\"},\"wordCount\":318,\"publisher\":{\"@id\":\"https:\\\/\\\/novice.si\\\/page\\\/#organization\"},\"image\":{\"@id\":\"https:\\\/\\\/novice.si\\\/page\\\/vodovod-gracic-bezina-bo-najbrz-dobil-novega-upravljavca-pred-tem-v-bezini-zbor-krajanov\\\/#primaryimage\"},\"thumbnailUrl\":\"https:\\\/\\\/novice.si\\\/page\\\/wp-content\\\/uploads\\\/2023\\\/11\\\/Bezina-1.jpg\",\"keywords\":[\"bezina - gra\u010di\u010d\",\"vodovor\"],\"articleSection\":[\"Aktualno\",\"\u010casopisi\",\"Konji\u0161ko\",\"Novice\",\"Radio Rogla\"],\"inLanguage\":\"sl-SI\"},{\"@type\":\"WebPage\",\"@id\":\"https:\\\/\\\/novice.si\\\/page\\\/vodovod-gracic-bezina-bo-najbrz-dobil-novega-upravljavca-pred-tem-v-bezini-zbor-krajanov\\\/\",\"url\":\"https:\\\/\\\/novice.si\\\/page\\\/vodovod-gracic-bezina-bo-najbrz-dobil-novega-upravljavca-pred-tem-v-bezini-zbor-krajanov\\\/\",\"name\":\"Vodovod Gra\u010di\u010d \u2013 Bezina bo dobil novega upravljavca, pred tem v Bezini zbor krajanov - Novice.si\",\"isPartOf\":{\"@id\":\"https:\\\/\\\/novice.si\\\/page\\\/#website\"},\"primaryImageOfPage\":{\"@id\":\"https:\\\/\\\/novice.si\\\/page\\\/vodovod-gracic-bezina-bo-najbrz-dobil-novega-upravljavca-pred-tem-v-bezini-zbor-krajanov\\\/#primaryimage\"},\"image\":{\"@id\":\"https:\\\/\\\/novice.si\\\/page\\\/vodovod-gracic-bezina-bo-najbrz-dobil-novega-upravljavca-pred-tem-v-bezini-zbor-krajanov\\\/#primaryimage\"},\"thumbnailUrl\":\"https:\\\/\\\/novice.si\\\/page\\\/wp-content\\\/uploads\\\/2023\\\/11\\\/Bezina-1.jpg\",\"datePublished\":\"2023-11-24T08:26:55+00:00\",\"dateModified\":\"2023-11-24T10:20:23+00:00\",\"breadcrumb\":{\"@id\":\"https:\\\/\\\/novice.si\\\/page\\\/vodovod-gracic-bezina-bo-najbrz-dobil-novega-upravljavca-pred-tem-v-bezini-zbor-krajanov\\\/#breadcrumb\"},\"inLanguage\":\"sl-SI\",\"potentialAction\":[{\"@type\":\"ReadAction\",\"target\":[\"https:\\\/\\\/novice.si\\\/page\\\/vodovod-gracic-bezina-bo-najbrz-dobil-novega-upravljavca-pred-tem-v-bezini-zbor-krajanov\\\/\"]}]},{\"@type\":\"ImageObject\",\"inLanguage\":\"sl-SI\",\"@id\":\"https:\\\/\\\/novice.si\\\/page\\\/vodovod-gracic-bezina-bo-najbrz-dobil-novega-upravljavca-pred-tem-v-bezini-zbor-krajanov\\\/#primaryimage\",\"url\":\"https:\\\/\\\/novice.si\\\/page\\\/wp-content\\\/uploads\\\/2023\\\/11\\\/Bezina-1.jpg\",\"contentUrl\":\"https:\\\/\\\/novice.si\\\/page\\\/wp-content\\\/uploads\\\/2023\\\/11\\\/Bezina-1.jpg\",\"width\":640,\"height\":480},{\"@type\":\"BreadcrumbList\",\"@id\":\"https:\\\/\\\/novice.si\\\/page\\\/vodovod-gracic-bezina-bo-najbrz-dobil-novega-upravljavca-pred-tem-v-bezini-zbor-krajanov\\\/#breadcrumb\",\"itemListElement\":[{\"@type\":\"ListItem\",\"position\":1,\"name\":\"Home\",\"item\":\"https:\\\/\\\/novice.si\\\/page\\\/\"},{\"@type\":\"ListItem\",\"position\":2,\"name\":\"Vodovod Gra\u010di\u010d \u2013 Bezina bo dobil novega upravljavca, pred tem v Bezini zbor krajanov\"}]},{\"@type\":\"WebSite\",\"@id\":\"https:\\\/\\\/novice.si\\\/page\\\/#website\",\"url\":\"https:\\\/\\\/novice.si\\\/page\\\/\",\"name\":\"Novice.si\",\"description\":\"\",\"publisher\":{\"@id\":\"https:\\\/\\\/novice.si\\\/page\\\/#organization\"},\"potentialAction\":[{\"@type\":\"SearchAction\",\"target\":{\"@type\":\"EntryPoint\",\"urlTemplate\":\"https:\\\/\\\/novice.si\\\/page\\\/?s={search_term_string}\"},\"query-input\":{\"@type\":\"PropertyValueSpecification\",\"valueRequired\":true,\"valueName\":\"search_term_string\"}}],\"inLanguage\":\"sl-SI\"},{\"@type\":\"Organization\",\"@id\":\"https:\\\/\\\/novice.si\\\/page\\\/#organization\",\"name\":\"Novice.si\",\"url\":\"https:\\\/\\\/novice.si\\\/page\\\/\",\"logo\":{\"@type\":\"ImageObject\",\"inLanguage\":\"sl-SI\",\"@id\":\"https:\\\/\\\/novice.si\\\/page\\\/#\\\/schema\\\/logo\\\/image\\\/\",\"url\":\"https:\\\/\\\/novice.si\\\/page\\\/wp-content\\\/uploads\\\/2023\\\/03\\\/novice_si.png\",\"contentUrl\":\"https:\\\/\\\/novice.si\\\/page\\\/wp-content\\\/uploads\\\/2023\\\/03\\\/novice_si.png\",\"width\":576,\"height\":200,\"caption\":\"Novice.si\"},\"image\":{\"@id\":\"https:\\\/\\\/novice.si\\\/page\\\/#\\\/schema\\\/logo\\\/image\\\/\"}},{\"@type\":\"Person\",\"@id\":\"https:\\\/\\\/novice.si\\\/page\\\/#\\\/schema\\\/person\\\/51903923b50fefb075bc1cd24fe4d065\",\"name\":\"Uredni\u0161tvo Celjana\",\"image\":{\"@type\":\"ImageObject\",\"inLanguage\":\"sl-SI\",\"@id\":\"https:\\\/\\\/secure.gravatar.com\\\/avatar\\\/b516f102aa90b53619e09722b8ea56721c99bfcb4f1035f9b333d99f52330226?s=96&d=mm&r=g\",\"url\":\"https:\\\/\\\/secure.gravatar.com\\\/avatar\\\/b516f102aa90b53619e09722b8ea56721c99bfcb4f1035f9b333d99f52330226?s=96&d=mm&r=g\",\"contentUrl\":\"https:\\\/\\\/secure.gravatar.com\\\/avatar\\\/b516f102aa90b53619e09722b8ea56721c99bfcb4f1035f9b333d99f52330226?s=96&d=mm&r=g\",\"caption\":\"Uredni\u0161tvo Celjana\"},\"url\":\"https:\\\/\\\/novice.si\\\/page\\\/author\\\/nejc\\\/\"}]}<\/script>\n<!-- \/ Yoast SEO plugin. -->","yoast_head_json":{"title":"Vodovod Gra\u010di\u010d \u2013 Bezina bo dobil novega upravljavca, pred tem v Bezini zbor krajanov - Novice.si","robots":{"index":"index","follow":"follow","max-snippet":"max-snippet:-1","max-image-preview":"max-image-preview:large","max-video-preview":"max-video-preview:-1"},"canonical":"https:\/\/novice.si\/page\/vodovod-gracic-bezina-bo-najbrz-dobil-novega-upravljavca-pred-tem-v-bezini-zbor-krajanov\/","og_locale":"sl_SI","og_type":"article","og_title":"Vodovod Gra\u010di\u010d \u2013 Bezina bo dobil novega upravljavca, pred tem v Bezini zbor krajanov - Novice.si","og_description":"KS Bezina ostane upravljavec zasebnega vodovodnega sistema Gra\u010di\u010d &#8211; Bezina, vednar le do imenovanja novega upravljavca. Tako so sklenili na v\u010deraj\u0161njem sestanku na Ob\u010dini Slovenske Konjice. Iz Krajevne skupnosti Bezina pa so danes sporo\u010dili, da je ukrep prekuhavanja vode preklican.\u00a0 Sestanek so sklicali na pobudo konji\u0161kega \u017eupana Darka Ratajca, poleg predstavnikov Ob\u010dine pa so se [&hellip;]","og_url":"https:\/\/novice.si\/page\/vodovod-gracic-bezina-bo-najbrz-dobil-novega-upravljavca-pred-tem-v-bezini-zbor-krajanov\/","og_site_name":"Novice.si","article_published_time":"2023-11-24T08:26:55+00:00","article_modified_time":"2023-11-24T10:20:23+00:00","og_image":[{"width":640,"height":480,"url":"https:\/\/novice.si\/page\/wp-content\/uploads\/2023\/11\/Bezina-1.jpg","type":"image\/jpeg"}],"author":"Uredni\u0161tvo Celjana","twitter_card":"summary_large_image","twitter_misc":{"Written by":"Uredni\u0161tvo Celjana","Est. reading time":"2 minuti"},"schema":{"@context":"https:\/\/schema.org","@graph":[{"@type":"Article","@id":"https:\/\/novice.si\/page\/vodovod-gracic-bezina-bo-najbrz-dobil-novega-upravljavca-pred-tem-v-bezini-zbor-krajanov\/#article","isPartOf":{"@id":"https:\/\/novice.si\/page\/vodovod-gracic-bezina-bo-najbrz-dobil-novega-upravljavca-pred-tem-v-bezini-zbor-krajanov\/"},"author":{"name":"Uredni\u0161tvo Celjana","@id":"https:\/\/novice.si\/page\/#\/schema\/person\/51903923b50fefb075bc1cd24fe4d065"},"headline":"Vodovod Gra\u010di\u010d \u2013 Bezina bo dobil novega upravljavca, pred tem v Bezini zbor krajanov","datePublished":"2023-11-24T08:26:55+00:00","dateModified":"2023-11-24T10:20:23+00:00","mainEntityOfPage":{"@id":"https:\/\/novice.si\/page\/vodovod-gracic-bezina-bo-najbrz-dobil-novega-upravljavca-pred-tem-v-bezini-zbor-krajanov\/"},"wordCount":318,"publisher":{"@id":"https:\/\/novice.si\/page\/#organization"},"image":{"@id":"https:\/\/novice.si\/page\/vodovod-gracic-bezina-bo-najbrz-dobil-novega-upravljavca-pred-tem-v-bezini-zbor-krajanov\/#primaryimage"},"thumbnailUrl":"https:\/\/novice.si\/page\/wp-content\/uploads\/2023\/11\/Bezina-1.jpg","keywords":["bezina - gra\u010di\u010d","vodovor"],"articleSection":["Aktualno","\u010casopisi","Konji\u0161ko","Novice","Radio Rogla"],"inLanguage":"sl-SI"},{"@type":"WebPage","@id":"https:\/\/novice.si\/page\/vodovod-gracic-bezina-bo-najbrz-dobil-novega-upravljavca-pred-tem-v-bezini-zbor-krajanov\/","url":"https:\/\/novice.si\/page\/vodovod-gracic-bezina-bo-najbrz-dobil-novega-upravljavca-pred-tem-v-bezini-zbor-krajanov\/","name":"Vodovod Gra\u010di\u010d \u2013 Bezina bo dobil novega upravljavca, pred tem v Bezini zbor krajanov - Novice.si","isPartOf":{"@id":"https:\/\/novice.si\/page\/#website"},"primaryImageOfPage":{"@id":"https:\/\/novice.si\/page\/vodovod-gracic-bezina-bo-najbrz-dobil-novega-upravljavca-pred-tem-v-bezini-zbor-krajanov\/#primaryimage"},"image":{"@id":"https:\/\/novice.si\/page\/vodovod-gracic-bezina-bo-najbrz-dobil-novega-upravljavca-pred-tem-v-bezini-zbor-krajanov\/#primaryimage"},"thumbnailUrl":"https:\/\/novice.si\/page\/wp-content\/uploads\/2023\/11\/Bezina-1.jpg","datePublished":"2023-11-24T08:26:55+00:00","dateModified":"2023-11-24T10:20:23+00:00","breadcrumb":{"@id":"https:\/\/novice.si\/page\/vodovod-gracic-bezina-bo-najbrz-dobil-novega-upravljavca-pred-tem-v-bezini-zbor-krajanov\/#breadcrumb"},"inLanguage":"sl-SI","potentialAction":[{"@type":"ReadAction","target":["https:\/\/novice.si\/page\/vodovod-gracic-bezina-bo-najbrz-dobil-novega-upravljavca-pred-tem-v-bezini-zbor-krajanov\/"]}]},{"@type":"ImageObject","inLanguage":"sl-SI","@id":"https:\/\/novice.si\/page\/vodovod-gracic-bezina-bo-najbrz-dobil-novega-upravljavca-pred-tem-v-bezini-zbor-krajanov\/#primaryimage","url":"https:\/\/novice.si\/page\/wp-content\/uploads\/2023\/11\/Bezina-1.jpg","contentUrl":"https:\/\/novice.si\/page\/wp-content\/uploads\/2023\/11\/Bezina-1.jpg","width":640,"height":480},{"@type":"BreadcrumbList","@id":"https:\/\/novice.si\/page\/vodovod-gracic-bezina-bo-najbrz-dobil-novega-upravljavca-pred-tem-v-bezini-zbor-krajanov\/#breadcrumb","itemListElement":[{"@type":"ListItem","position":1,"name":"Home","item":"https:\/\/novice.si\/page\/"},{"@type":"ListItem","position":2,"name":"Vodovod Gra\u010di\u010d \u2013 Bezina bo dobil novega upravljavca, pred tem v Bezini zbor krajanov"}]},{"@type":"WebSite","@id":"https:\/\/novice.si\/page\/#website","url":"https:\/\/novice.si\/page\/","name":"Novice.si","description":"","publisher":{"@id":"https:\/\/novice.si\/page\/#organization"},"potentialAction":[{"@type":"SearchAction","target":{"@type":"EntryPoint","urlTemplate":"https:\/\/novice.si\/page\/?s={search_term_string}"},"query-input":{"@type":"PropertyValueSpecification","valueRequired":true,"valueName":"search_term_string"}}],"inLanguage":"sl-SI"},{"@type":"Organization","@id":"https:\/\/novice.si\/page\/#organization","name":"Novice.si","url":"https:\/\/novice.si\/page\/","logo":{"@type":"ImageObject","inLanguage":"sl-SI","@id":"https:\/\/novice.si\/page\/#\/schema\/logo\/image\/","url":"https:\/\/novice.si\/page\/wp-content\/uploads\/2023\/03\/novice_si.png","contentUrl":"https:\/\/novice.si\/page\/wp-content\/uploads\/2023\/03\/novice_si.png","width":576,"height":200,"caption":"Novice.si"},"image":{"@id":"https:\/\/novice.si\/page\/#\/schema\/logo\/image\/"}},{"@type":"Person","@id":"https:\/\/novice.si\/page\/#\/schema\/person\/51903923b50fefb075bc1cd24fe4d065","name":"Uredni\u0161tvo Celjana","image":{"@type":"ImageObject","inLanguage":"sl-SI","@id":"https:\/\/secure.gravatar.com\/avatar\/b516f102aa90b53619e09722b8ea56721c99bfcb4f1035f9b333d99f52330226?s=96&d=mm&r=g","url":"https:\/\/secure.gravatar.com\/avatar\/b516f102aa90b53619e09722b8ea56721c99bfcb4f1035f9b333d99f52330226?s=96&d=mm&r=g","contentUrl":"https:\/\/secure.gravatar.com\/avatar\/b516f102aa90b53619e09722b8ea56721c99bfcb4f1035f9b333d99f52330226?s=96&d=mm&r=g","caption":"Uredni\u0161tvo Celjana"},"url":"https:\/\/novice.si\/page\/author\/nejc\/"}]}},"_links":{"self":[{"href":"https:\/\/novice.si\/page\/wp-json\/wp\/v2\/posts\/169534","targetHints":{"allow":["GET"]}}],"collection":[{"href":"https:\/\/novice.si\/page\/wp-json\/wp\/v2\/posts"}],"about":[{"href":"https:\/\/novice.si\/page\/wp-json\/wp\/v2\/types\/post"}],"author":[{"embeddable":true,"href":"https:\/\/novice.si\/page\/wp-json\/wp\/v2\/users\/12"}],"replies":[{"embeddable":true,"href":"https:\/\/novice.si\/page\/wp-json\/wp\/v2\/comments?post=169534"}],"version-history":[{"count":7,"href":"https:\/\/novice.si\/page\/wp-json\/wp\/v2\/posts\/169534\/revisions"}],"predecessor-version":[{"id":169557,"href":"https:\/\/novice.si\/page\/wp-json\/wp\/v2\/posts\/169534\/revisions\/169557"}],"wp:featuredmedia":[{"embeddable":true,"href":"https:\/\/novice.si\/page\/wp-json\/wp\/v2\/media\/169535"}],"wp:attachment":[{"href":"https:\/\/novice.si\/page\/wp-json\/wp\/v2\/media?parent=169534"}],"wp:term":[{"taxonomy":"category","embeddable":true,"href":"https:\/\/novice.si\/page\/wp-json\/wp\/v2\/categories?post=169534"},{"taxonomy":"post_tag","embeddable":true,"href":"https:\/\/novice.si\/page\/wp-json\/wp\/v2\/tags?post=169534"}],"curies":[{"name":"wp","href":"https:\/\/api.w.org\/{rel}","templated":true}]}}