{"id":169526,"date":"2023-11-23T12:00:36","date_gmt":"2023-11-23T11:00:36","guid":{"rendered":"https:\/\/novice.si\/page\/?p=169526"},"modified":"2023-12-01T06:18:02","modified_gmt":"2023-12-01T05:18:02","slug":"manca-spik-koncert-za-duso-v-smarju-pri-jelsah","status":"publish","type":"post","link":"https:\/\/novice.si\/page\/manca-spik-koncert-za-duso-v-smarju-pri-jelsah\/","title":{"rendered":"MANCA \u0160PIK \u2013 KONCERT ZA DU\u0160O V \u0160MARJU PRI JEL\u0160AH"},"content":{"rendered":"<p>Manca \u0160pik v okviru jubilejne turneje ob 20. obletnici glasbene kariere predstavlja prvi akusti\u010dni &#8216;Koncert za du\u0161o&#8217;.<\/p>\n<p>Le kdo ne pozna bo\u017eajo\u010dega, a odlo\u010dnega glasu priljubljene pevke Mance \u0160pik, ki \u017ee dvajset let svoje poslu\u0161alce razveseljuje z brez\u010dasnimi melodijami? <\/p>\n<p>Pesem, Oba, Serenada, Le enkrat se \u017eivi, Kjer pomol poljubi morje, Po tebi mi di\u0161i ljubezen, Na valentinovo, Prijatelj, Limonada, Zvezala bi si krila, Baila baila baila, Iz prve roke, Ljubezenska pu\u0161\u010dica in \u0161e \u0161tirideset drugih pesmi preteklih dveh desetletij so vzrok mnogih nasmehov in solza na obrazih Man\u010dinih privr\u017eencev. Njen glasbeni zapis, ki se nadaljuje z njeno najnovej\u0161o avtorsko pesmijo Rekel si, pa postaja glasbena popotnica za vse generacije.<\/p>\n<p>Manca je za jubilejno koncertno turnejo pripravila zgolj polovico od skoraj 50 pesmi, kot jih je izdala v dolgoletni glasbeni karieri:<br \/>\n&#8216;Te\u017eko sem se odlo\u010dila, katere pesmi bom predstavila na tem posebnem, akusti\u010dnem koncertu. \u010ce bi hotela odpeti vse pesmi, ki si jih \u017eelim, bi koncert trajal ve\u010d ur, tako da sem bila primorana izbirati. V veliko pomo\u010d so mi bili \u010dlani benda, saj smo kon\u010dni repertoar pripravili kar skupaj. Poleg mojih najve\u010djih hitov smo na novo aran\u017eirali nekatere moje pesmi, ki jih do sedaj \u0161e nisem izvajala z bendom. Neverjetno, a ravno te pesmi so pri publiki do\u017eivele kar najve\u010dji odziv.&#8217;<br \/>\n<img loading=\"lazy\" decoding=\"async\" src=\"https:\/\/novice.si\/page\/wp-content\/uploads\/2023\/11\/202mSba-699x1024.jpg\" alt=\"\" width=\"696\" height=\"1020\" class=\"alignleft size-large wp-image-169532\" srcset=\"https:\/\/novice.si\/page\/wp-content\/uploads\/2023\/11\/202mSba-699x1024.jpg 699w, https:\/\/novice.si\/page\/wp-content\/uploads\/2023\/11\/202mSba-409x600.jpg 409w, https:\/\/novice.si\/page\/wp-content\/uploads\/2023\/11\/202mSba-768x1126.jpg 768w, https:\/\/novice.si\/page\/wp-content\/uploads\/2023\/11\/202mSba-1048x1536.jpg 1048w, https:\/\/novice.si\/page\/wp-content\/uploads\/2023\/11\/202mSba-696x1020.jpg 696w, https:\/\/novice.si\/page\/wp-content\/uploads\/2023\/11\/202mSba-287x420.jpg 287w, https:\/\/novice.si\/page\/wp-content\/uploads\/2023\/11\/202mSba-16x24.jpg 16w, https:\/\/novice.si\/page\/wp-content\/uploads\/2023\/11\/202mSba-25x36.jpg 25w, https:\/\/novice.si\/page\/wp-content\/uploads\/2023\/11\/202mSba-33x48.jpg 33w, https:\/\/novice.si\/page\/wp-content\/uploads\/2023\/11\/202mSba.jpg 1054w\" sizes=\"auto, (max-width: 696px) 100vw, 696px\" \/><\/p>\n<p>Glasbeni projekt, ki ga je Manca z ekipo pripravljala ve\u010d kot pol leta, je dobil svoj krst na razprodanem koncertu v blejski Festivalni dvorani, sedaj pa svoj glasbeni \u00bbpohod\u00ab nadaljuje po vsej Sloveniji. <\/p>\n<p>Njena glasbena karavana se bo v soboto, <b>25. novembra<\/b> ustavila tudi <b>v \u0160marju pri Jel\u0161ah<\/b>, kjer bo v <b>Kulturnem domu nastopila ob 19. uri.<\/b> Vstopnice v predprodaji so na voljo v <b>Knji\u017enici \u0160marje pri Jel\u0161ah<\/b>, rezervirate pa jih lahko na tel. \u0161t: <b>03 81 71 554.<\/b><\/p>\n<p>Na tem ekskluzivnem koncertu boste Manco spoznali bli\u017eje in bolj osebno kot kadarkoli doslej. Z odprtim srcem, ki ustvarja prelepe pesmi, ki jih pi\u0161e sama, vam bo predstavila zgodbo dekleta, \u017eenske, matere, prijateljice, glasbenice \u2026 Njeno zgodbo.<\/p>\n<p>Prisr\u010dno vabljeni v \u0160marje pri Jel\u0161ah, na njen &#8216;Koncert za du\u0161o&#8217;!<\/p>\n","protected":false},"excerpt":{"rendered":"<p>Manca \u0160pik v okviru jubilejne turneje ob 20. obletnici glasbene kariere predstavlja prvi akusti\u010dni &#8216;Koncert za du\u0161o&#8217;. Le kdo ne pozna bo\u017eajo\u010dega, a odlo\u010dnega glasu priljubljene pevke Mance \u0160pik, ki \u017ee dvajset let svoje poslu\u0161alce razveseljuje z brez\u010dasnimi melodijami? Pesem, Oba, Serenada, Le enkrat se \u017eivi, Kjer pomol poljubi morje, Po tebi mi di\u0161i ljubezen, [&hellip;]<\/p>\n","protected":false},"author":10,"featured_media":169529,"comment_status":"closed","ping_status":"closed","sticky":false,"template":"","format":"standard","meta":{"footnotes":""},"categories":[14,15,38,693],"tags":[19224,19225,19222,1265,487,19223],"class_list":{"0":"post-169526","1":"post","2":"type-post","3":"status-publish","4":"format-standard","5":"has-post-thumbnail","7":"category-aktualno","8":"category-druzabno","9":"category-kozjansko","10":"category-sentjurske-novice","11":"tag-bled","12":"tag-blejska-festivalna-dvorana","13":"tag-manca-spik","14":"tag-podcetrtek","15":"tag-smarje-pri-jelsah","16":"tag-spik"},"yoast_head":"<!-- This site is optimized with the Yoast SEO plugin v27.4 - https:\/\/yoast.com\/product\/yoast-seo-wordpress\/ -->\n<title>MANCA \u0160PIK \u2013 KONCERT ZA DU\u0160O V \u0160MARJU PRI JEL\u0160AH - Novice.si<\/title>\n<meta name=\"robots\" content=\"index, follow, max-snippet:-1, max-image-preview:large, max-video-preview:-1\" \/>\n<link rel=\"canonical\" href=\"https:\/\/novice.si\/page\/manca-spik-koncert-za-duso-v-smarju-pri-jelsah\/\" \/>\n<meta property=\"og:locale\" content=\"sl_SI\" \/>\n<meta property=\"og:type\" content=\"article\" \/>\n<meta property=\"og:title\" content=\"MANCA \u0160PIK \u2013 KONCERT ZA DU\u0160O V \u0160MARJU PRI JEL\u0160AH - Novice.si\" \/>\n<meta property=\"og:description\" content=\"Manca \u0160pik v okviru jubilejne turneje ob 20. obletnici glasbene kariere predstavlja prvi akusti\u010dni &#8216;Koncert za du\u0161o&#8217;. Le kdo ne pozna bo\u017eajo\u010dega, a odlo\u010dnega glasu priljubljene pevke Mance \u0160pik, ki \u017ee dvajset let svoje poslu\u0161alce razveseljuje z brez\u010dasnimi melodijami? Pesem, Oba, Serenada, Le enkrat se \u017eivi, Kjer pomol poljubi morje, Po tebi mi di\u0161i ljubezen, [&hellip;]\" \/>\n<meta property=\"og:url\" content=\"https:\/\/novice.si\/page\/manca-spik-koncert-za-duso-v-smarju-pri-jelsah\/\" \/>\n<meta property=\"og:site_name\" content=\"Novice.si\" \/>\n<meta property=\"article:published_time\" content=\"2023-11-23T11:00:36+00:00\" \/>\n<meta property=\"article:modified_time\" content=\"2023-12-01T05:18:02+00:00\" \/>\n<meta property=\"og:image\" content=\"https:\/\/novice.si\/page\/wp-content\/uploads\/2023\/11\/202mSa.jpg\" \/>\n\t<meta property=\"og:image:width\" content=\"1656\" \/>\n\t<meta property=\"og:image:height\" content=\"1184\" \/>\n\t<meta property=\"og:image:type\" content=\"image\/jpeg\" \/>\n<meta name=\"author\" content=\"Iztok Krajnc\" \/>\n<meta name=\"twitter:card\" content=\"summary_large_image\" \/>\n<meta name=\"twitter:label1\" content=\"Written by\" \/>\n\t<meta name=\"twitter:data1\" content=\"Iztok Krajnc\" \/>\n\t<meta name=\"twitter:label2\" content=\"Est. reading time\" \/>\n\t<meta name=\"twitter:data2\" content=\"3 minute\" \/>\n<script type=\"application\/ld+json\" class=\"yoast-schema-graph\">{\"@context\":\"https:\\\/\\\/schema.org\",\"@graph\":[{\"@type\":\"Article\",\"@id\":\"https:\\\/\\\/novice.si\\\/page\\\/manca-spik-koncert-za-duso-v-smarju-pri-jelsah\\\/#article\",\"isPartOf\":{\"@id\":\"https:\\\/\\\/novice.si\\\/page\\\/manca-spik-koncert-za-duso-v-smarju-pri-jelsah\\\/\"},\"author\":{\"name\":\"Iztok Krajnc\",\"@id\":\"https:\\\/\\\/novice.si\\\/page\\\/#\\\/schema\\\/person\\\/92fda8564875f655675c886e4df22216\"},\"headline\":\"MANCA \u0160PIK \u2013 KONCERT ZA DU\u0160O V \u0160MARJU PRI JEL\u0160AH\",\"datePublished\":\"2023-11-23T11:00:36+00:00\",\"dateModified\":\"2023-12-01T05:18:02+00:00\",\"mainEntityOfPage\":{\"@id\":\"https:\\\/\\\/novice.si\\\/page\\\/manca-spik-koncert-za-duso-v-smarju-pri-jelsah\\\/\"},\"wordCount\":369,\"publisher\":{\"@id\":\"https:\\\/\\\/novice.si\\\/page\\\/#organization\"},\"image\":{\"@id\":\"https:\\\/\\\/novice.si\\\/page\\\/manca-spik-koncert-za-duso-v-smarju-pri-jelsah\\\/#primaryimage\"},\"thumbnailUrl\":\"https:\\\/\\\/novice.si\\\/page\\\/wp-content\\\/uploads\\\/2023\\\/11\\\/202mSa.jpg\",\"keywords\":[\"bled\",\"blejska festivalna dvorana\",\"manca \u0161pik\",\"Pod\u010detrtek\",\"\u0160marje pri Jel\u0161ah\",\"\u0161pik\"],\"articleSection\":[\"Aktualno\",\"Dru\u017eabno\",\"Kozjansko\",\"\u0160entjurske Novice\"],\"inLanguage\":\"sl-SI\"},{\"@type\":\"WebPage\",\"@id\":\"https:\\\/\\\/novice.si\\\/page\\\/manca-spik-koncert-za-duso-v-smarju-pri-jelsah\\\/\",\"url\":\"https:\\\/\\\/novice.si\\\/page\\\/manca-spik-koncert-za-duso-v-smarju-pri-jelsah\\\/\",\"name\":\"MANCA \u0160PIK \u2013 KONCERT ZA DU\u0160O V \u0160MARJU PRI JEL\u0160AH - Novice.si\",\"isPartOf\":{\"@id\":\"https:\\\/\\\/novice.si\\\/page\\\/#website\"},\"primaryImageOfPage\":{\"@id\":\"https:\\\/\\\/novice.si\\\/page\\\/manca-spik-koncert-za-duso-v-smarju-pri-jelsah\\\/#primaryimage\"},\"image\":{\"@id\":\"https:\\\/\\\/novice.si\\\/page\\\/manca-spik-koncert-za-duso-v-smarju-pri-jelsah\\\/#primaryimage\"},\"thumbnailUrl\":\"https:\\\/\\\/novice.si\\\/page\\\/wp-content\\\/uploads\\\/2023\\\/11\\\/202mSa.jpg\",\"datePublished\":\"2023-11-23T11:00:36+00:00\",\"dateModified\":\"2023-12-01T05:18:02+00:00\",\"breadcrumb\":{\"@id\":\"https:\\\/\\\/novice.si\\\/page\\\/manca-spik-koncert-za-duso-v-smarju-pri-jelsah\\\/#breadcrumb\"},\"inLanguage\":\"sl-SI\",\"potentialAction\":[{\"@type\":\"ReadAction\",\"target\":[\"https:\\\/\\\/novice.si\\\/page\\\/manca-spik-koncert-za-duso-v-smarju-pri-jelsah\\\/\"]}]},{\"@type\":\"ImageObject\",\"inLanguage\":\"sl-SI\",\"@id\":\"https:\\\/\\\/novice.si\\\/page\\\/manca-spik-koncert-za-duso-v-smarju-pri-jelsah\\\/#primaryimage\",\"url\":\"https:\\\/\\\/novice.si\\\/page\\\/wp-content\\\/uploads\\\/2023\\\/11\\\/202mSa.jpg\",\"contentUrl\":\"https:\\\/\\\/novice.si\\\/page\\\/wp-content\\\/uploads\\\/2023\\\/11\\\/202mSa.jpg\",\"width\":1656,\"height\":1184},{\"@type\":\"BreadcrumbList\",\"@id\":\"https:\\\/\\\/novice.si\\\/page\\\/manca-spik-koncert-za-duso-v-smarju-pri-jelsah\\\/#breadcrumb\",\"itemListElement\":[{\"@type\":\"ListItem\",\"position\":1,\"name\":\"Home\",\"item\":\"https:\\\/\\\/novice.si\\\/page\\\/\"},{\"@type\":\"ListItem\",\"position\":2,\"name\":\"MANCA \u0160PIK \u2013 KONCERT ZA DU\u0160O V \u0160MARJU PRI JEL\u0160AH\"}]},{\"@type\":\"WebSite\",\"@id\":\"https:\\\/\\\/novice.si\\\/page\\\/#website\",\"url\":\"https:\\\/\\\/novice.si\\\/page\\\/\",\"name\":\"Novice.si\",\"description\":\"\",\"publisher\":{\"@id\":\"https:\\\/\\\/novice.si\\\/page\\\/#organization\"},\"potentialAction\":[{\"@type\":\"SearchAction\",\"target\":{\"@type\":\"EntryPoint\",\"urlTemplate\":\"https:\\\/\\\/novice.si\\\/page\\\/?s={search_term_string}\"},\"query-input\":{\"@type\":\"PropertyValueSpecification\",\"valueRequired\":true,\"valueName\":\"search_term_string\"}}],\"inLanguage\":\"sl-SI\"},{\"@type\":\"Organization\",\"@id\":\"https:\\\/\\\/novice.si\\\/page\\\/#organization\",\"name\":\"Novice.si\",\"url\":\"https:\\\/\\\/novice.si\\\/page\\\/\",\"logo\":{\"@type\":\"ImageObject\",\"inLanguage\":\"sl-SI\",\"@id\":\"https:\\\/\\\/novice.si\\\/page\\\/#\\\/schema\\\/logo\\\/image\\\/\",\"url\":\"https:\\\/\\\/novice.si\\\/page\\\/wp-content\\\/uploads\\\/2023\\\/03\\\/novice_si.png\",\"contentUrl\":\"https:\\\/\\\/novice.si\\\/page\\\/wp-content\\\/uploads\\\/2023\\\/03\\\/novice_si.png\",\"width\":576,\"height\":200,\"caption\":\"Novice.si\"},\"image\":{\"@id\":\"https:\\\/\\\/novice.si\\\/page\\\/#\\\/schema\\\/logo\\\/image\\\/\"}},{\"@type\":\"Person\",\"@id\":\"https:\\\/\\\/novice.si\\\/page\\\/#\\\/schema\\\/person\\\/92fda8564875f655675c886e4df22216\",\"name\":\"Iztok Krajnc\",\"image\":{\"@type\":\"ImageObject\",\"inLanguage\":\"sl-SI\",\"@id\":\"https:\\\/\\\/secure.gravatar.com\\\/avatar\\\/2790ff125f883a5a9cb934a574322d28ea850f8f4494d77b487c1950e0096015?s=96&d=mm&r=g\",\"url\":\"https:\\\/\\\/secure.gravatar.com\\\/avatar\\\/2790ff125f883a5a9cb934a574322d28ea850f8f4494d77b487c1950e0096015?s=96&d=mm&r=g\",\"contentUrl\":\"https:\\\/\\\/secure.gravatar.com\\\/avatar\\\/2790ff125f883a5a9cb934a574322d28ea850f8f4494d77b487c1950e0096015?s=96&d=mm&r=g\",\"caption\":\"Iztok Krajnc\"},\"url\":\"https:\\\/\\\/novice.si\\\/page\\\/author\\\/iztok\\\/\"}]}<\/script>\n<!-- \/ Yoast SEO plugin. -->","yoast_head_json":{"title":"MANCA \u0160PIK \u2013 KONCERT ZA DU\u0160O V \u0160MARJU PRI JEL\u0160AH - Novice.si","robots":{"index":"index","follow":"follow","max-snippet":"max-snippet:-1","max-image-preview":"max-image-preview:large","max-video-preview":"max-video-preview:-1"},"canonical":"https:\/\/novice.si\/page\/manca-spik-koncert-za-duso-v-smarju-pri-jelsah\/","og_locale":"sl_SI","og_type":"article","og_title":"MANCA \u0160PIK \u2013 KONCERT ZA DU\u0160O V \u0160MARJU PRI JEL\u0160AH - Novice.si","og_description":"Manca \u0160pik v okviru jubilejne turneje ob 20. obletnici glasbene kariere predstavlja prvi akusti\u010dni &#8216;Koncert za du\u0161o&#8217;. Le kdo ne pozna bo\u017eajo\u010dega, a odlo\u010dnega glasu priljubljene pevke Mance \u0160pik, ki \u017ee dvajset let svoje poslu\u0161alce razveseljuje z brez\u010dasnimi melodijami? Pesem, Oba, Serenada, Le enkrat se \u017eivi, Kjer pomol poljubi morje, Po tebi mi di\u0161i ljubezen, [&hellip;]","og_url":"https:\/\/novice.si\/page\/manca-spik-koncert-za-duso-v-smarju-pri-jelsah\/","og_site_name":"Novice.si","article_published_time":"2023-11-23T11:00:36+00:00","article_modified_time":"2023-12-01T05:18:02+00:00","og_image":[{"width":1656,"height":1184,"url":"https:\/\/novice.si\/page\/wp-content\/uploads\/2023\/11\/202mSa.jpg","type":"image\/jpeg"}],"author":"Iztok Krajnc","twitter_card":"summary_large_image","twitter_misc":{"Written by":"Iztok Krajnc","Est. reading time":"3 minute"},"schema":{"@context":"https:\/\/schema.org","@graph":[{"@type":"Article","@id":"https:\/\/novice.si\/page\/manca-spik-koncert-za-duso-v-smarju-pri-jelsah\/#article","isPartOf":{"@id":"https:\/\/novice.si\/page\/manca-spik-koncert-za-duso-v-smarju-pri-jelsah\/"},"author":{"name":"Iztok Krajnc","@id":"https:\/\/novice.si\/page\/#\/schema\/person\/92fda8564875f655675c886e4df22216"},"headline":"MANCA \u0160PIK \u2013 KONCERT ZA DU\u0160O V \u0160MARJU PRI JEL\u0160AH","datePublished":"2023-11-23T11:00:36+00:00","dateModified":"2023-12-01T05:18:02+00:00","mainEntityOfPage":{"@id":"https:\/\/novice.si\/page\/manca-spik-koncert-za-duso-v-smarju-pri-jelsah\/"},"wordCount":369,"publisher":{"@id":"https:\/\/novice.si\/page\/#organization"},"image":{"@id":"https:\/\/novice.si\/page\/manca-spik-koncert-za-duso-v-smarju-pri-jelsah\/#primaryimage"},"thumbnailUrl":"https:\/\/novice.si\/page\/wp-content\/uploads\/2023\/11\/202mSa.jpg","keywords":["bled","blejska festivalna dvorana","manca \u0161pik","Pod\u010detrtek","\u0160marje pri Jel\u0161ah","\u0161pik"],"articleSection":["Aktualno","Dru\u017eabno","Kozjansko","\u0160entjurske Novice"],"inLanguage":"sl-SI"},{"@type":"WebPage","@id":"https:\/\/novice.si\/page\/manca-spik-koncert-za-duso-v-smarju-pri-jelsah\/","url":"https:\/\/novice.si\/page\/manca-spik-koncert-za-duso-v-smarju-pri-jelsah\/","name":"MANCA \u0160PIK \u2013 KONCERT ZA DU\u0160O V \u0160MARJU PRI JEL\u0160AH - Novice.si","isPartOf":{"@id":"https:\/\/novice.si\/page\/#website"},"primaryImageOfPage":{"@id":"https:\/\/novice.si\/page\/manca-spik-koncert-za-duso-v-smarju-pri-jelsah\/#primaryimage"},"image":{"@id":"https:\/\/novice.si\/page\/manca-spik-koncert-za-duso-v-smarju-pri-jelsah\/#primaryimage"},"thumbnailUrl":"https:\/\/novice.si\/page\/wp-content\/uploads\/2023\/11\/202mSa.jpg","datePublished":"2023-11-23T11:00:36+00:00","dateModified":"2023-12-01T05:18:02+00:00","breadcrumb":{"@id":"https:\/\/novice.si\/page\/manca-spik-koncert-za-duso-v-smarju-pri-jelsah\/#breadcrumb"},"inLanguage":"sl-SI","potentialAction":[{"@type":"ReadAction","target":["https:\/\/novice.si\/page\/manca-spik-koncert-za-duso-v-smarju-pri-jelsah\/"]}]},{"@type":"ImageObject","inLanguage":"sl-SI","@id":"https:\/\/novice.si\/page\/manca-spik-koncert-za-duso-v-smarju-pri-jelsah\/#primaryimage","url":"https:\/\/novice.si\/page\/wp-content\/uploads\/2023\/11\/202mSa.jpg","contentUrl":"https:\/\/novice.si\/page\/wp-content\/uploads\/2023\/11\/202mSa.jpg","width":1656,"height":1184},{"@type":"BreadcrumbList","@id":"https:\/\/novice.si\/page\/manca-spik-koncert-za-duso-v-smarju-pri-jelsah\/#breadcrumb","itemListElement":[{"@type":"ListItem","position":1,"name":"Home","item":"https:\/\/novice.si\/page\/"},{"@type":"ListItem","position":2,"name":"MANCA \u0160PIK \u2013 KONCERT ZA DU\u0160O V \u0160MARJU PRI JEL\u0160AH"}]},{"@type":"WebSite","@id":"https:\/\/novice.si\/page\/#website","url":"https:\/\/novice.si\/page\/","name":"Novice.si","description":"","publisher":{"@id":"https:\/\/novice.si\/page\/#organization"},"potentialAction":[{"@type":"SearchAction","target":{"@type":"EntryPoint","urlTemplate":"https:\/\/novice.si\/page\/?s={search_term_string}"},"query-input":{"@type":"PropertyValueSpecification","valueRequired":true,"valueName":"search_term_string"}}],"inLanguage":"sl-SI"},{"@type":"Organization","@id":"https:\/\/novice.si\/page\/#organization","name":"Novice.si","url":"https:\/\/novice.si\/page\/","logo":{"@type":"ImageObject","inLanguage":"sl-SI","@id":"https:\/\/novice.si\/page\/#\/schema\/logo\/image\/","url":"https:\/\/novice.si\/page\/wp-content\/uploads\/2023\/03\/novice_si.png","contentUrl":"https:\/\/novice.si\/page\/wp-content\/uploads\/2023\/03\/novice_si.png","width":576,"height":200,"caption":"Novice.si"},"image":{"@id":"https:\/\/novice.si\/page\/#\/schema\/logo\/image\/"}},{"@type":"Person","@id":"https:\/\/novice.si\/page\/#\/schema\/person\/92fda8564875f655675c886e4df22216","name":"Iztok Krajnc","image":{"@type":"ImageObject","inLanguage":"sl-SI","@id":"https:\/\/secure.gravatar.com\/avatar\/2790ff125f883a5a9cb934a574322d28ea850f8f4494d77b487c1950e0096015?s=96&d=mm&r=g","url":"https:\/\/secure.gravatar.com\/avatar\/2790ff125f883a5a9cb934a574322d28ea850f8f4494d77b487c1950e0096015?s=96&d=mm&r=g","contentUrl":"https:\/\/secure.gravatar.com\/avatar\/2790ff125f883a5a9cb934a574322d28ea850f8f4494d77b487c1950e0096015?s=96&d=mm&r=g","caption":"Iztok Krajnc"},"url":"https:\/\/novice.si\/page\/author\/iztok\/"}]}},"_links":{"self":[{"href":"https:\/\/novice.si\/page\/wp-json\/wp\/v2\/posts\/169526","targetHints":{"allow":["GET"]}}],"collection":[{"href":"https:\/\/novice.si\/page\/wp-json\/wp\/v2\/posts"}],"about":[{"href":"https:\/\/novice.si\/page\/wp-json\/wp\/v2\/types\/post"}],"author":[{"embeddable":true,"href":"https:\/\/novice.si\/page\/wp-json\/wp\/v2\/users\/10"}],"replies":[{"embeddable":true,"href":"https:\/\/novice.si\/page\/wp-json\/wp\/v2\/comments?post=169526"}],"version-history":[{"count":4,"href":"https:\/\/novice.si\/page\/wp-json\/wp\/v2\/posts\/169526\/revisions"}],"predecessor-version":[{"id":169531,"href":"https:\/\/novice.si\/page\/wp-json\/wp\/v2\/posts\/169526\/revisions\/169531"}],"wp:featuredmedia":[{"embeddable":true,"href":"https:\/\/novice.si\/page\/wp-json\/wp\/v2\/media\/169529"}],"wp:attachment":[{"href":"https:\/\/novice.si\/page\/wp-json\/wp\/v2\/media?parent=169526"}],"wp:term":[{"taxonomy":"category","embeddable":true,"href":"https:\/\/novice.si\/page\/wp-json\/wp\/v2\/categories?post=169526"},{"taxonomy":"post_tag","embeddable":true,"href":"https:\/\/novice.si\/page\/wp-json\/wp\/v2\/tags?post=169526"}],"curies":[{"name":"wp","href":"https:\/\/api.w.org\/{rel}","templated":true}]}}