{"id":169344,"date":"2023-11-19T09:03:49","date_gmt":"2023-11-19T08:03:49","guid":{"rendered":"https:\/\/novice.si\/page\/?p=169344"},"modified":"2023-11-19T09:03:49","modified_gmt":"2023-11-19T08:03:49","slug":"zrece-ponovitev-zabave-za-vse-generacije-z-modrijani","status":"publish","type":"post","link":"https:\/\/novice.si\/page\/zrece-ponovitev-zabave-za-vse-generacije-z-modrijani\/","title":{"rendered":"Zre\u010de: ponovitev zabave za vse generacije z Modrijani"},"content":{"rendered":"<p>Sre\u010dno, Zre\u010de je skupni slogan leto\u0161njega prazni\u010dnega decembrskega dogajanja v Zre\u010dah.<br \/>\nBo\u017ei\u010dna sre\u010dna tr\u017enica na Sre\u010dni plo\u0161\u010dadi; potekala bo prve tri decembrske sobote dopoldne; ne bo prinesla le stojnic in ponudbe prazni\u010dne hrane, temve\u010d bo na njej ves \u010das potekala tudi vodena brezpla\u010dna animacija za najmlaj\u0161e: zabavali se bodo z \u017eonglerji, v ustvarjalnicah in se udele\u017eili poslikave obraza. Vsako soboto bodo prazni\u010dni nastopi pevcev in plesalcev, od plesnih \u0161ol do folklore, ki bodo zbrane povabili k skupni zabavi. Prvo soboto, 2. decembra, pride \u0161e Miklav\u017e s spremstvom in bo obdaril vse otroke.<br \/>\nNajmlaj\u0161i bodo leto kon\u010dali na otro\u0161kem silvestrovanju na Sre\u010dni plo\u0161\u010dadi, v nedeljo, 31. decembra, natanko 12 ur pred koncem leta.<\/p>\n<figure id=\"attachment_169346\" aria-describedby=\"caption-attachment-169346\" style=\"width: 600px\" class=\"wp-caption alignnone\"><img loading=\"lazy\" decoding=\"async\" class=\"wp-image-169346 size-medium\" src=\"https:\/\/novice.si\/page\/wp-content\/uploads\/2023\/11\/zrece-2-miklavz-2022-600x450.jpg\" alt=\"\" width=\"600\" height=\"450\" srcset=\"https:\/\/novice.si\/page\/wp-content\/uploads\/2023\/11\/zrece-2-miklavz-2022-600x450.jpg 600w, https:\/\/novice.si\/page\/wp-content\/uploads\/2023\/11\/zrece-2-miklavz-2022-1024x768.jpg 1024w, https:\/\/novice.si\/page\/wp-content\/uploads\/2023\/11\/zrece-2-miklavz-2022-768x576.jpg 768w, https:\/\/novice.si\/page\/wp-content\/uploads\/2023\/11\/zrece-2-miklavz-2022-1536x1152.jpg 1536w, https:\/\/novice.si\/page\/wp-content\/uploads\/2023\/11\/zrece-2-miklavz-2022-80x60.jpg 80w, https:\/\/novice.si\/page\/wp-content\/uploads\/2023\/11\/zrece-2-miklavz-2022-265x198.jpg 265w, https:\/\/novice.si\/page\/wp-content\/uploads\/2023\/11\/zrece-2-miklavz-2022-696x522.jpg 696w, https:\/\/novice.si\/page\/wp-content\/uploads\/2023\/11\/zrece-2-miklavz-2022-1068x801.jpg 1068w, https:\/\/novice.si\/page\/wp-content\/uploads\/2023\/11\/zrece-2-miklavz-2022-560x420.jpg 560w, https:\/\/novice.si\/page\/wp-content\/uploads\/2023\/11\/zrece-2-miklavz-2022-1920x1440.jpg 1920w, https:\/\/novice.si\/page\/wp-content\/uploads\/2023\/11\/zrece-2-miklavz-2022-24x18.jpg 24w, https:\/\/novice.si\/page\/wp-content\/uploads\/2023\/11\/zrece-2-miklavz-2022-36x27.jpg 36w, https:\/\/novice.si\/page\/wp-content\/uploads\/2023\/11\/zrece-2-miklavz-2022-48x36.jpg 48w, https:\/\/novice.si\/page\/wp-content\/uploads\/2023\/11\/zrece-2-miklavz-2022.jpg 2048w\" sizes=\"auto, (max-width: 600px) 100vw, 600px\" \/><figcaption id=\"caption-attachment-169346\" class=\"wp-caption-text\">Miklav\u017eu je v\u0161e\u010d na zre\u0161ki Sre\u010dni plo\u0161\u010dadi in pride tudi letos.<\/figcaption><\/figure>\n<p>Velika koncerta na prostem bosta na tradicionalnem prireditvenem prostoru pred ob\u010dino: v soboto, 23. decembra, bo za zabavo skrbela atraktivna Zre\u010danka, pevka Buryana, ki pride s skupino \u010crna ma\u010dka, v petek, 29. decembra, pa bodo Zre\u010danke in Zre\u010dani ponovili lansko nepozabno vsesplo\u0161no zabavo za vse generacije z Modrijani. Na bo\u017ei\u010dni dan bo tradicionalni koncert zre\u0161kih godbenikov, dan kasneje pa se bodo domovini poklonili pevski zbori v cerkvi.<br \/>\nVse to bo dopolnilo \u0161e ve\u010d manj\u0161ih dogodkov.<\/p>\n<figure id=\"attachment_169345\" aria-describedby=\"caption-attachment-169345\" style=\"width: 600px\" class=\"wp-caption alignnone\"><img loading=\"lazy\" decoding=\"async\" class=\"wp-image-169345 size-medium\" src=\"https:\/\/novice.si\/page\/wp-content\/uploads\/2023\/11\/zrece-1-modrijani-2022-600x400.jpg\" alt=\"\" width=\"600\" height=\"400\" srcset=\"https:\/\/novice.si\/page\/wp-content\/uploads\/2023\/11\/zrece-1-modrijani-2022-600x400.jpg 600w, https:\/\/novice.si\/page\/wp-content\/uploads\/2023\/11\/zrece-1-modrijani-2022-1024x683.jpg 1024w, https:\/\/novice.si\/page\/wp-content\/uploads\/2023\/11\/zrece-1-modrijani-2022-768x512.jpg 768w, https:\/\/novice.si\/page\/wp-content\/uploads\/2023\/11\/zrece-1-modrijani-2022-1536x1024.jpg 1536w, https:\/\/novice.si\/page\/wp-content\/uploads\/2023\/11\/zrece-1-modrijani-2022-696x464.jpg 696w, https:\/\/novice.si\/page\/wp-content\/uploads\/2023\/11\/zrece-1-modrijani-2022-1068x712.jpg 1068w, https:\/\/novice.si\/page\/wp-content\/uploads\/2023\/11\/zrece-1-modrijani-2022-630x420.jpg 630w, https:\/\/novice.si\/page\/wp-content\/uploads\/2023\/11\/zrece-1-modrijani-2022-1920x1280.jpg 1920w, https:\/\/novice.si\/page\/wp-content\/uploads\/2023\/11\/zrece-1-modrijani-2022-24x16.jpg 24w, https:\/\/novice.si\/page\/wp-content\/uploads\/2023\/11\/zrece-1-modrijani-2022-36x24.jpg 36w, https:\/\/novice.si\/page\/wp-content\/uploads\/2023\/11\/zrece-1-modrijani-2022-48x32.jpg 48w, https:\/\/novice.si\/page\/wp-content\/uploads\/2023\/11\/zrece-1-modrijani-2022.jpg 2048w\" sizes=\"auto, (max-width: 600px) 100vw, 600px\" \/><figcaption id=\"caption-attachment-169345\" class=\"wp-caption-text\">Tudi letos se bodo Zre\u010dani ob koncu leta zabavali z Modrijani.<\/figcaption><\/figure>\n","protected":false},"excerpt":{"rendered":"<p>Sre\u010dno, Zre\u010de je skupni slogan leto\u0161njega prazni\u010dnega decembrskega dogajanja v Zre\u010dah. Bo\u017ei\u010dna sre\u010dna tr\u017enica na Sre\u010dni plo\u0161\u010dadi; potekala bo prve tri decembrske sobote dopoldne; ne bo prinesla le stojnic in ponudbe prazni\u010dne hrane, temve\u010d bo na njej ves \u010das potekala tudi vodena brezpla\u010dna animacija za najmlaj\u0161e: zabavali se bodo z \u017eonglerji, v ustvarjalnicah in se [&hellip;]<\/p>\n","protected":false},"author":5,"featured_media":169346,"comment_status":"closed","ping_status":"closed","sticky":false,"template":"","format":"standard","meta":{"footnotes":""},"categories":[14,16],"tags":[19169,19170],"class_list":{"0":"post-169344","1":"post","2":"type-post","3":"status-publish","4":"format-standard","5":"has-post-thumbnail","7":"category-aktualno","8":"category-konjisko","9":"tag-srecno","10":"tag-zrece-modrijani"},"yoast_head":"<!-- This site is optimized with the Yoast SEO plugin v27.4 - https:\/\/yoast.com\/product\/yoast-seo-wordpress\/ -->\n<title>Zre\u010de: ponovitev zabave za vse generacije z Modrijani - Novice.si<\/title>\n<meta name=\"robots\" content=\"index, follow, max-snippet:-1, max-image-preview:large, max-video-preview:-1\" \/>\n<link rel=\"canonical\" href=\"https:\/\/novice.si\/page\/zrece-ponovitev-zabave-za-vse-generacije-z-modrijani\/\" \/>\n<meta property=\"og:locale\" content=\"sl_SI\" \/>\n<meta property=\"og:type\" content=\"article\" \/>\n<meta property=\"og:title\" content=\"Zre\u010de: ponovitev zabave za vse generacije z Modrijani - Novice.si\" \/>\n<meta property=\"og:description\" content=\"Sre\u010dno, Zre\u010de je skupni slogan leto\u0161njega prazni\u010dnega decembrskega dogajanja v Zre\u010dah. Bo\u017ei\u010dna sre\u010dna tr\u017enica na Sre\u010dni plo\u0161\u010dadi; potekala bo prve tri decembrske sobote dopoldne; ne bo prinesla le stojnic in ponudbe prazni\u010dne hrane, temve\u010d bo na njej ves \u010das potekala tudi vodena brezpla\u010dna animacija za najmlaj\u0161e: zabavali se bodo z \u017eonglerji, v ustvarjalnicah in se [&hellip;]\" \/>\n<meta property=\"og:url\" content=\"https:\/\/novice.si\/page\/zrece-ponovitev-zabave-za-vse-generacije-z-modrijani\/\" \/>\n<meta property=\"og:site_name\" content=\"Novice.si\" \/>\n<meta property=\"article:published_time\" content=\"2023-11-19T08:03:49+00:00\" \/>\n<meta property=\"og:image\" content=\"https:\/\/novice.si\/page\/wp-content\/uploads\/2023\/11\/zrece-2-miklavz-2022.jpg\" \/>\n\t<meta property=\"og:image:width\" content=\"2048\" \/>\n\t<meta property=\"og:image:height\" content=\"1536\" \/>\n\t<meta property=\"og:image:type\" content=\"image\/jpeg\" \/>\n<meta name=\"author\" content=\"Uredni\u0161tvo Radia Rogla\" \/>\n<meta name=\"twitter:card\" content=\"summary_large_image\" \/>\n<meta name=\"twitter:label1\" content=\"Written by\" \/>\n\t<meta name=\"twitter:data1\" content=\"Uredni\u0161tvo Radia Rogla\" \/>\n\t<meta name=\"twitter:label2\" content=\"Est. reading time\" \/>\n\t<meta name=\"twitter:data2\" content=\"2 minuti\" \/>\n<script type=\"application\/ld+json\" class=\"yoast-schema-graph\">{\"@context\":\"https:\\\/\\\/schema.org\",\"@graph\":[{\"@type\":\"Article\",\"@id\":\"https:\\\/\\\/novice.si\\\/page\\\/zrece-ponovitev-zabave-za-vse-generacije-z-modrijani\\\/#article\",\"isPartOf\":{\"@id\":\"https:\\\/\\\/novice.si\\\/page\\\/zrece-ponovitev-zabave-za-vse-generacije-z-modrijani\\\/\"},\"author\":{\"name\":\"Uredni\u0161tvo Radia Rogla\",\"@id\":\"https:\\\/\\\/novice.si\\\/page\\\/#\\\/schema\\\/person\\\/25f5278da029e7b6f1e1c5653d7152a6\"},\"headline\":\"Zre\u010de: ponovitev zabave za vse generacije z Modrijani\",\"datePublished\":\"2023-11-19T08:03:49+00:00\",\"mainEntityOfPage\":{\"@id\":\"https:\\\/\\\/novice.si\\\/page\\\/zrece-ponovitev-zabave-za-vse-generacije-z-modrijani\\\/\"},\"wordCount\":264,\"publisher\":{\"@id\":\"https:\\\/\\\/novice.si\\\/page\\\/#organization\"},\"image\":{\"@id\":\"https:\\\/\\\/novice.si\\\/page\\\/zrece-ponovitev-zabave-za-vse-generacije-z-modrijani\\\/#primaryimage\"},\"thumbnailUrl\":\"https:\\\/\\\/novice.si\\\/page\\\/wp-content\\\/uploads\\\/2023\\\/11\\\/zrece-2-miklavz-2022.jpg\",\"keywords\":[\"Sre\u010dno\",\"Zre\u010de; Modrijani\"],\"articleSection\":[\"Aktualno\",\"Konji\u0161ko\"],\"inLanguage\":\"sl-SI\"},{\"@type\":\"WebPage\",\"@id\":\"https:\\\/\\\/novice.si\\\/page\\\/zrece-ponovitev-zabave-za-vse-generacije-z-modrijani\\\/\",\"url\":\"https:\\\/\\\/novice.si\\\/page\\\/zrece-ponovitev-zabave-za-vse-generacije-z-modrijani\\\/\",\"name\":\"Zre\u010de: ponovitev zabave za vse generacije z Modrijani - Novice.si\",\"isPartOf\":{\"@id\":\"https:\\\/\\\/novice.si\\\/page\\\/#website\"},\"primaryImageOfPage\":{\"@id\":\"https:\\\/\\\/novice.si\\\/page\\\/zrece-ponovitev-zabave-za-vse-generacije-z-modrijani\\\/#primaryimage\"},\"image\":{\"@id\":\"https:\\\/\\\/novice.si\\\/page\\\/zrece-ponovitev-zabave-za-vse-generacije-z-modrijani\\\/#primaryimage\"},\"thumbnailUrl\":\"https:\\\/\\\/novice.si\\\/page\\\/wp-content\\\/uploads\\\/2023\\\/11\\\/zrece-2-miklavz-2022.jpg\",\"datePublished\":\"2023-11-19T08:03:49+00:00\",\"breadcrumb\":{\"@id\":\"https:\\\/\\\/novice.si\\\/page\\\/zrece-ponovitev-zabave-za-vse-generacije-z-modrijani\\\/#breadcrumb\"},\"inLanguage\":\"sl-SI\",\"potentialAction\":[{\"@type\":\"ReadAction\",\"target\":[\"https:\\\/\\\/novice.si\\\/page\\\/zrece-ponovitev-zabave-za-vse-generacije-z-modrijani\\\/\"]}]},{\"@type\":\"ImageObject\",\"inLanguage\":\"sl-SI\",\"@id\":\"https:\\\/\\\/novice.si\\\/page\\\/zrece-ponovitev-zabave-za-vse-generacije-z-modrijani\\\/#primaryimage\",\"url\":\"https:\\\/\\\/novice.si\\\/page\\\/wp-content\\\/uploads\\\/2023\\\/11\\\/zrece-2-miklavz-2022.jpg\",\"contentUrl\":\"https:\\\/\\\/novice.si\\\/page\\\/wp-content\\\/uploads\\\/2023\\\/11\\\/zrece-2-miklavz-2022.jpg\",\"width\":2048,\"height\":1536},{\"@type\":\"BreadcrumbList\",\"@id\":\"https:\\\/\\\/novice.si\\\/page\\\/zrece-ponovitev-zabave-za-vse-generacije-z-modrijani\\\/#breadcrumb\",\"itemListElement\":[{\"@type\":\"ListItem\",\"position\":1,\"name\":\"Home\",\"item\":\"https:\\\/\\\/novice.si\\\/page\\\/\"},{\"@type\":\"ListItem\",\"position\":2,\"name\":\"Zre\u010de: ponovitev zabave za vse generacije z Modrijani\"}]},{\"@type\":\"WebSite\",\"@id\":\"https:\\\/\\\/novice.si\\\/page\\\/#website\",\"url\":\"https:\\\/\\\/novice.si\\\/page\\\/\",\"name\":\"Novice.si\",\"description\":\"\",\"publisher\":{\"@id\":\"https:\\\/\\\/novice.si\\\/page\\\/#organization\"},\"potentialAction\":[{\"@type\":\"SearchAction\",\"target\":{\"@type\":\"EntryPoint\",\"urlTemplate\":\"https:\\\/\\\/novice.si\\\/page\\\/?s={search_term_string}\"},\"query-input\":{\"@type\":\"PropertyValueSpecification\",\"valueRequired\":true,\"valueName\":\"search_term_string\"}}],\"inLanguage\":\"sl-SI\"},{\"@type\":\"Organization\",\"@id\":\"https:\\\/\\\/novice.si\\\/page\\\/#organization\",\"name\":\"Novice.si\",\"url\":\"https:\\\/\\\/novice.si\\\/page\\\/\",\"logo\":{\"@type\":\"ImageObject\",\"inLanguage\":\"sl-SI\",\"@id\":\"https:\\\/\\\/novice.si\\\/page\\\/#\\\/schema\\\/logo\\\/image\\\/\",\"url\":\"https:\\\/\\\/novice.si\\\/page\\\/wp-content\\\/uploads\\\/2023\\\/03\\\/novice_si.png\",\"contentUrl\":\"https:\\\/\\\/novice.si\\\/page\\\/wp-content\\\/uploads\\\/2023\\\/03\\\/novice_si.png\",\"width\":576,\"height\":200,\"caption\":\"Novice.si\"},\"image\":{\"@id\":\"https:\\\/\\\/novice.si\\\/page\\\/#\\\/schema\\\/logo\\\/image\\\/\"}},{\"@type\":\"Person\",\"@id\":\"https:\\\/\\\/novice.si\\\/page\\\/#\\\/schema\\\/person\\\/25f5278da029e7b6f1e1c5653d7152a6\",\"name\":\"Uredni\u0161tvo Radia Rogla\",\"image\":{\"@type\":\"ImageObject\",\"inLanguage\":\"sl-SI\",\"@id\":\"https:\\\/\\\/secure.gravatar.com\\\/avatar\\\/eade8259eacc27e89cb0948c57c4cbe46b0f16ea634156f167415ac94c5b03e3?s=96&d=mm&r=g\",\"url\":\"https:\\\/\\\/secure.gravatar.com\\\/avatar\\\/eade8259eacc27e89cb0948c57c4cbe46b0f16ea634156f167415ac94c5b03e3?s=96&d=mm&r=g\",\"contentUrl\":\"https:\\\/\\\/secure.gravatar.com\\\/avatar\\\/eade8259eacc27e89cb0948c57c4cbe46b0f16ea634156f167415ac94c5b03e3?s=96&d=mm&r=g\",\"caption\":\"Uredni\u0161tvo Radia Rogla\"},\"url\":\"https:\\\/\\\/novice.si\\\/page\\\/author\\\/valerija\\\/\"}]}<\/script>\n<!-- \/ Yoast SEO plugin. -->","yoast_head_json":{"title":"Zre\u010de: ponovitev zabave za vse generacije z Modrijani - Novice.si","robots":{"index":"index","follow":"follow","max-snippet":"max-snippet:-1","max-image-preview":"max-image-preview:large","max-video-preview":"max-video-preview:-1"},"canonical":"https:\/\/novice.si\/page\/zrece-ponovitev-zabave-za-vse-generacije-z-modrijani\/","og_locale":"sl_SI","og_type":"article","og_title":"Zre\u010de: ponovitev zabave za vse generacije z Modrijani - Novice.si","og_description":"Sre\u010dno, Zre\u010de je skupni slogan leto\u0161njega prazni\u010dnega decembrskega dogajanja v Zre\u010dah. Bo\u017ei\u010dna sre\u010dna tr\u017enica na Sre\u010dni plo\u0161\u010dadi; potekala bo prve tri decembrske sobote dopoldne; ne bo prinesla le stojnic in ponudbe prazni\u010dne hrane, temve\u010d bo na njej ves \u010das potekala tudi vodena brezpla\u010dna animacija za najmlaj\u0161e: zabavali se bodo z \u017eonglerji, v ustvarjalnicah in se [&hellip;]","og_url":"https:\/\/novice.si\/page\/zrece-ponovitev-zabave-za-vse-generacije-z-modrijani\/","og_site_name":"Novice.si","article_published_time":"2023-11-19T08:03:49+00:00","og_image":[{"width":2048,"height":1536,"url":"https:\/\/novice.si\/page\/wp-content\/uploads\/2023\/11\/zrece-2-miklavz-2022.jpg","type":"image\/jpeg"}],"author":"Uredni\u0161tvo Radia Rogla","twitter_card":"summary_large_image","twitter_misc":{"Written by":"Uredni\u0161tvo Radia Rogla","Est. reading time":"2 minuti"},"schema":{"@context":"https:\/\/schema.org","@graph":[{"@type":"Article","@id":"https:\/\/novice.si\/page\/zrece-ponovitev-zabave-za-vse-generacije-z-modrijani\/#article","isPartOf":{"@id":"https:\/\/novice.si\/page\/zrece-ponovitev-zabave-za-vse-generacije-z-modrijani\/"},"author":{"name":"Uredni\u0161tvo Radia Rogla","@id":"https:\/\/novice.si\/page\/#\/schema\/person\/25f5278da029e7b6f1e1c5653d7152a6"},"headline":"Zre\u010de: ponovitev zabave za vse generacije z Modrijani","datePublished":"2023-11-19T08:03:49+00:00","mainEntityOfPage":{"@id":"https:\/\/novice.si\/page\/zrece-ponovitev-zabave-za-vse-generacije-z-modrijani\/"},"wordCount":264,"publisher":{"@id":"https:\/\/novice.si\/page\/#organization"},"image":{"@id":"https:\/\/novice.si\/page\/zrece-ponovitev-zabave-za-vse-generacije-z-modrijani\/#primaryimage"},"thumbnailUrl":"https:\/\/novice.si\/page\/wp-content\/uploads\/2023\/11\/zrece-2-miklavz-2022.jpg","keywords":["Sre\u010dno","Zre\u010de; Modrijani"],"articleSection":["Aktualno","Konji\u0161ko"],"inLanguage":"sl-SI"},{"@type":"WebPage","@id":"https:\/\/novice.si\/page\/zrece-ponovitev-zabave-za-vse-generacije-z-modrijani\/","url":"https:\/\/novice.si\/page\/zrece-ponovitev-zabave-za-vse-generacije-z-modrijani\/","name":"Zre\u010de: ponovitev zabave za vse generacije z Modrijani - Novice.si","isPartOf":{"@id":"https:\/\/novice.si\/page\/#website"},"primaryImageOfPage":{"@id":"https:\/\/novice.si\/page\/zrece-ponovitev-zabave-za-vse-generacije-z-modrijani\/#primaryimage"},"image":{"@id":"https:\/\/novice.si\/page\/zrece-ponovitev-zabave-za-vse-generacije-z-modrijani\/#primaryimage"},"thumbnailUrl":"https:\/\/novice.si\/page\/wp-content\/uploads\/2023\/11\/zrece-2-miklavz-2022.jpg","datePublished":"2023-11-19T08:03:49+00:00","breadcrumb":{"@id":"https:\/\/novice.si\/page\/zrece-ponovitev-zabave-za-vse-generacije-z-modrijani\/#breadcrumb"},"inLanguage":"sl-SI","potentialAction":[{"@type":"ReadAction","target":["https:\/\/novice.si\/page\/zrece-ponovitev-zabave-za-vse-generacije-z-modrijani\/"]}]},{"@type":"ImageObject","inLanguage":"sl-SI","@id":"https:\/\/novice.si\/page\/zrece-ponovitev-zabave-za-vse-generacije-z-modrijani\/#primaryimage","url":"https:\/\/novice.si\/page\/wp-content\/uploads\/2023\/11\/zrece-2-miklavz-2022.jpg","contentUrl":"https:\/\/novice.si\/page\/wp-content\/uploads\/2023\/11\/zrece-2-miklavz-2022.jpg","width":2048,"height":1536},{"@type":"BreadcrumbList","@id":"https:\/\/novice.si\/page\/zrece-ponovitev-zabave-za-vse-generacije-z-modrijani\/#breadcrumb","itemListElement":[{"@type":"ListItem","position":1,"name":"Home","item":"https:\/\/novice.si\/page\/"},{"@type":"ListItem","position":2,"name":"Zre\u010de: ponovitev zabave za vse generacije z Modrijani"}]},{"@type":"WebSite","@id":"https:\/\/novice.si\/page\/#website","url":"https:\/\/novice.si\/page\/","name":"Novice.si","description":"","publisher":{"@id":"https:\/\/novice.si\/page\/#organization"},"potentialAction":[{"@type":"SearchAction","target":{"@type":"EntryPoint","urlTemplate":"https:\/\/novice.si\/page\/?s={search_term_string}"},"query-input":{"@type":"PropertyValueSpecification","valueRequired":true,"valueName":"search_term_string"}}],"inLanguage":"sl-SI"},{"@type":"Organization","@id":"https:\/\/novice.si\/page\/#organization","name":"Novice.si","url":"https:\/\/novice.si\/page\/","logo":{"@type":"ImageObject","inLanguage":"sl-SI","@id":"https:\/\/novice.si\/page\/#\/schema\/logo\/image\/","url":"https:\/\/novice.si\/page\/wp-content\/uploads\/2023\/03\/novice_si.png","contentUrl":"https:\/\/novice.si\/page\/wp-content\/uploads\/2023\/03\/novice_si.png","width":576,"height":200,"caption":"Novice.si"},"image":{"@id":"https:\/\/novice.si\/page\/#\/schema\/logo\/image\/"}},{"@type":"Person","@id":"https:\/\/novice.si\/page\/#\/schema\/person\/25f5278da029e7b6f1e1c5653d7152a6","name":"Uredni\u0161tvo Radia Rogla","image":{"@type":"ImageObject","inLanguage":"sl-SI","@id":"https:\/\/secure.gravatar.com\/avatar\/eade8259eacc27e89cb0948c57c4cbe46b0f16ea634156f167415ac94c5b03e3?s=96&d=mm&r=g","url":"https:\/\/secure.gravatar.com\/avatar\/eade8259eacc27e89cb0948c57c4cbe46b0f16ea634156f167415ac94c5b03e3?s=96&d=mm&r=g","contentUrl":"https:\/\/secure.gravatar.com\/avatar\/eade8259eacc27e89cb0948c57c4cbe46b0f16ea634156f167415ac94c5b03e3?s=96&d=mm&r=g","caption":"Uredni\u0161tvo Radia Rogla"},"url":"https:\/\/novice.si\/page\/author\/valerija\/"}]}},"_links":{"self":[{"href":"https:\/\/novice.si\/page\/wp-json\/wp\/v2\/posts\/169344","targetHints":{"allow":["GET"]}}],"collection":[{"href":"https:\/\/novice.si\/page\/wp-json\/wp\/v2\/posts"}],"about":[{"href":"https:\/\/novice.si\/page\/wp-json\/wp\/v2\/types\/post"}],"author":[{"embeddable":true,"href":"https:\/\/novice.si\/page\/wp-json\/wp\/v2\/users\/5"}],"replies":[{"embeddable":true,"href":"https:\/\/novice.si\/page\/wp-json\/wp\/v2\/comments?post=169344"}],"version-history":[{"count":1,"href":"https:\/\/novice.si\/page\/wp-json\/wp\/v2\/posts\/169344\/revisions"}],"predecessor-version":[{"id":169347,"href":"https:\/\/novice.si\/page\/wp-json\/wp\/v2\/posts\/169344\/revisions\/169347"}],"wp:featuredmedia":[{"embeddable":true,"href":"https:\/\/novice.si\/page\/wp-json\/wp\/v2\/media\/169346"}],"wp:attachment":[{"href":"https:\/\/novice.si\/page\/wp-json\/wp\/v2\/media?parent=169344"}],"wp:term":[{"taxonomy":"category","embeddable":true,"href":"https:\/\/novice.si\/page\/wp-json\/wp\/v2\/categories?post=169344"},{"taxonomy":"post_tag","embeddable":true,"href":"https:\/\/novice.si\/page\/wp-json\/wp\/v2\/tags?post=169344"}],"curies":[{"name":"wp","href":"https:\/\/api.w.org\/{rel}","templated":true}]}}