{"id":169303,"date":"2023-11-17T14:24:32","date_gmt":"2023-11-17T13:24:32","guid":{"rendered":"https:\/\/novice.si\/page\/?p=169303"},"modified":"2023-11-18T13:45:28","modified_gmt":"2023-11-18T12:45:28","slug":"v-celju-na-ogled-razstava-moje-zivljenje-je-dlakava-zgodba","status":"publish","type":"post","link":"https:\/\/novice.si\/page\/v-celju-na-ogled-razstava-moje-zivljenje-je-dlakava-zgodba\/","title":{"rendered":"V Celju na ogled razstava &#8220;Moje \u017eivljenje je dlakava zgodba&#8221;"},"content":{"rendered":"<p>V Likovnem salonu v Celju je minuli \u010detrtek potekala otvoritev umetni\u0161ke produkcije Moje \u017eivljenje je dlakava zgodba. Avtorica Lea Culetto je produkcijo ustvarila posebej za celjski likovni salon. \u00bbDogodek je bil zelo dobro obiskan, obiskovalci so se zabavali, ker so dela tak\u0161na, da lahko v njih sodelujejo. Dela so interaktivna, obiskovalci so se lahko dotikali objektov,\u00ab je povedala kuratorka Maja Hodo\u0161\u010dek.<\/p>\n\r\n                <style type=\"text\/css\">\r\n                    \r\n                    #tdi_1  .td-doubleSlider-2 .td-item1 {\r\n                        background: url(https:\/\/novice.si\/page\/wp-content\/uploads\/2023\/11\/398549750_787302866534227_2725062376820989672_n-1-80x60.jpg) 0 0 no-repeat;\r\n                    }\r\n                    #tdi_1  .td-doubleSlider-2 .td-item2 {\r\n                        background: url(https:\/\/novice.si\/page\/wp-content\/uploads\/2023\/11\/398483306_787302739867573_4727933322881519136_n-1-80x60.jpg) 0 0 no-repeat;\r\n                    }\r\n                    #tdi_1  .td-doubleSlider-2 .td-item3 {\r\n                        background: url(https:\/\/novice.si\/page\/wp-content\/uploads\/2023\/11\/398547486_787302753200905_7543263766108784465_n-1-80x60.jpg) 0 0 no-repeat;\r\n                    }\r\n                <\/style>\r\n\r\n                <div id=\"tdi_1\" class=\"td-gallery td-slide-on-2-columns\">\r\n                    <div class=\"post_td_gallery\">\r\n                        <div class=\"td-gallery-slide-top\">\r\n                           <div class=\"td-gallery-title\"><\/div>\r\n\r\n                            <div class=\"td-gallery-controls-wrapper\">\r\n                                <div class=\"td-gallery-slide-count\"><span class=\"td-gallery-slide-item-focus\">1<\/span> od 3<\/div>\r\n                                <div class=\"td-gallery-slide-prev-next-but\">\r\n                                    <i class = \"td-icon-left doubleSliderPrevButton\"><\/i>\r\n                                    <i class = \"td-icon-right doubleSliderNextButton\"><\/i>\r\n                                <\/div>\r\n                            <\/div>\r\n                        <\/div>\r\n\r\n                        <div class = \"td-doubleSlider-1 \">\r\n                            <div class = \"td-slider\">\r\n                                \r\n                    <div class = \"td-slide-item td-item1\">\r\n                        <figure class=\"td-slide-galery-figure td-slide-popup-gallery\">\r\n                            <a class=\"slide-gallery-image-link\" href=\"https:\/\/novice.si\/page\/wp-content\/uploads\/2023\/11\/398549750_787302866534227_2725062376820989672_n-1.jpg\" title=\"398549750_787302866534227_2725062376820989672_n (1)\"  data-caption=\"Foto: Ana Stra\u017ee\"  data-description=\"\" data-gallery>\r\n                                <img decoding=\"async\" src=\"https:\/\/novice.si\/page\/wp-content\/uploads\/2023\/11\/398549750_787302866534227_2725062376820989672_n-1-619x420.jpg\" srcset=\"https:\/\/novice.si\/page\/wp-content\/uploads\/2023\/11\/398549750_787302866534227_2725062376820989672_n-1-619x420.jpg 619w, https:\/\/novice.si\/page\/wp-content\/uploads\/2023\/11\/398549750_787302866534227_2725062376820989672_n-1-600x407.jpg 600w, https:\/\/novice.si\/page\/wp-content\/uploads\/2023\/11\/398549750_787302866534227_2725062376820989672_n-1-1024x695.jpg 1024w, https:\/\/novice.si\/page\/wp-content\/uploads\/2023\/11\/398549750_787302866534227_2725062376820989672_n-1-768x521.jpg 768w, https:\/\/novice.si\/page\/wp-content\/uploads\/2023\/11\/398549750_787302866534227_2725062376820989672_n-1-1536x1043.jpg 1536w, https:\/\/novice.si\/page\/wp-content\/uploads\/2023\/11\/398549750_787302866534227_2725062376820989672_n-1-696x472.jpg 696w, https:\/\/novice.si\/page\/wp-content\/uploads\/2023\/11\/398549750_787302866534227_2725062376820989672_n-1-1068x725.jpg 1068w, https:\/\/novice.si\/page\/wp-content\/uploads\/2023\/11\/398549750_787302866534227_2725062376820989672_n-1-1920x1303.jpg 1920w, https:\/\/novice.si\/page\/wp-content\/uploads\/2023\/11\/398549750_787302866534227_2725062376820989672_n-1-24x16.jpg 24w, https:\/\/novice.si\/page\/wp-content\/uploads\/2023\/11\/398549750_787302866534227_2725062376820989672_n-1-36x24.jpg 36w, https:\/\/novice.si\/page\/wp-content\/uploads\/2023\/11\/398549750_787302866534227_2725062376820989672_n-1-48x33.jpg 48w, https:\/\/novice.si\/page\/wp-content\/uploads\/2023\/11\/398549750_787302866534227_2725062376820989672_n-1.jpg 2048w\" sizes=\"(max-width: 619px) 100vw, 619px\" alt=\"\">\r\n                            <\/a>\r\n                            <figcaption class = \"td-slide-caption td-gallery-slide-content\"><div class = \"td-gallery-slide-copywrite\">Foto: Ana Stra\u017ee<\/div><\/figcaption>\r\n                        <\/figure>\r\n                    <\/div>\r\n                    <div class = \"td-slide-item td-item2\">\r\n                        <figure class=\"td-slide-galery-figure td-slide-popup-gallery\">\r\n                            <a class=\"slide-gallery-image-link\" href=\"https:\/\/novice.si\/page\/wp-content\/uploads\/2023\/11\/398483306_787302739867573_4727933322881519136_n-1.jpg\" title=\"398483306_787302739867573_4727933322881519136_n (1)\"  data-caption=\"Foto: Ana Stra\u017ee\"  data-description=\"\" data-gallery>\r\n                                <img decoding=\"async\" src=\"https:\/\/novice.si\/page\/wp-content\/uploads\/2023\/11\/398483306_787302739867573_4727933322881519136_n-1-630x420.jpg\" srcset=\"https:\/\/novice.si\/page\/wp-content\/uploads\/2023\/11\/398483306_787302739867573_4727933322881519136_n-1-630x420.jpg 630w, https:\/\/novice.si\/page\/wp-content\/uploads\/2023\/11\/398483306_787302739867573_4727933322881519136_n-1-600x400.jpg 600w, https:\/\/novice.si\/page\/wp-content\/uploads\/2023\/11\/398483306_787302739867573_4727933322881519136_n-1-1024x683.jpg 1024w, https:\/\/novice.si\/page\/wp-content\/uploads\/2023\/11\/398483306_787302739867573_4727933322881519136_n-1-768x512.jpg 768w, https:\/\/novice.si\/page\/wp-content\/uploads\/2023\/11\/398483306_787302739867573_4727933322881519136_n-1-1536x1025.jpg 1536w, https:\/\/novice.si\/page\/wp-content\/uploads\/2023\/11\/398483306_787302739867573_4727933322881519136_n-1-696x464.jpg 696w, https:\/\/novice.si\/page\/wp-content\/uploads\/2023\/11\/398483306_787302739867573_4727933322881519136_n-1-1068x712.jpg 1068w, https:\/\/novice.si\/page\/wp-content\/uploads\/2023\/11\/398483306_787302739867573_4727933322881519136_n-1-1920x1281.jpg 1920w, https:\/\/novice.si\/page\/wp-content\/uploads\/2023\/11\/398483306_787302739867573_4727933322881519136_n-1-24x16.jpg 24w, https:\/\/novice.si\/page\/wp-content\/uploads\/2023\/11\/398483306_787302739867573_4727933322881519136_n-1-36x24.jpg 36w, https:\/\/novice.si\/page\/wp-content\/uploads\/2023\/11\/398483306_787302739867573_4727933322881519136_n-1-48x32.jpg 48w, https:\/\/novice.si\/page\/wp-content\/uploads\/2023\/11\/398483306_787302739867573_4727933322881519136_n-1.jpg 2048w\" sizes=\"(max-width: 630px) 100vw, 630px\" alt=\"\">\r\n                            <\/a>\r\n                            <figcaption class = \"td-slide-caption td-gallery-slide-content\"><div class = \"td-gallery-slide-copywrite\">Foto: Ana Stra\u017ee<\/div><\/figcaption>\r\n                        <\/figure>\r\n                    <\/div>\r\n                    <div class = \"td-slide-item td-item3\">\r\n                        <figure class=\"td-slide-galery-figure td-slide-popup-gallery\">\r\n                            <a class=\"slide-gallery-image-link\" href=\"https:\/\/novice.si\/page\/wp-content\/uploads\/2023\/11\/398547486_787302753200905_7543263766108784465_n-1.jpg\" title=\"398547486_787302753200905_7543263766108784465_n (1)\"  data-caption=\"Foto: Ana Stra\u017ee\"  data-description=\"\" data-gallery>\r\n                                <img decoding=\"async\" src=\"https:\/\/novice.si\/page\/wp-content\/uploads\/2023\/11\/398547486_787302753200905_7543263766108784465_n-1-630x420.jpg\" srcset=\"https:\/\/novice.si\/page\/wp-content\/uploads\/2023\/11\/398547486_787302753200905_7543263766108784465_n-1-630x420.jpg 630w, https:\/\/novice.si\/page\/wp-content\/uploads\/2023\/11\/398547486_787302753200905_7543263766108784465_n-1-600x400.jpg 600w, https:\/\/novice.si\/page\/wp-content\/uploads\/2023\/11\/398547486_787302753200905_7543263766108784465_n-1-1024x683.jpg 1024w, https:\/\/novice.si\/page\/wp-content\/uploads\/2023\/11\/398547486_787302753200905_7543263766108784465_n-1-768x512.jpg 768w, https:\/\/novice.si\/page\/wp-content\/uploads\/2023\/11\/398547486_787302753200905_7543263766108784465_n-1-1536x1025.jpg 1536w, https:\/\/novice.si\/page\/wp-content\/uploads\/2023\/11\/398547486_787302753200905_7543263766108784465_n-1-696x464.jpg 696w, https:\/\/novice.si\/page\/wp-content\/uploads\/2023\/11\/398547486_787302753200905_7543263766108784465_n-1-1068x712.jpg 1068w, https:\/\/novice.si\/page\/wp-content\/uploads\/2023\/11\/398547486_787302753200905_7543263766108784465_n-1-1920x1281.jpg 1920w, https:\/\/novice.si\/page\/wp-content\/uploads\/2023\/11\/398547486_787302753200905_7543263766108784465_n-1-24x16.jpg 24w, https:\/\/novice.si\/page\/wp-content\/uploads\/2023\/11\/398547486_787302753200905_7543263766108784465_n-1-36x24.jpg 36w, https:\/\/novice.si\/page\/wp-content\/uploads\/2023\/11\/398547486_787302753200905_7543263766108784465_n-1-48x32.jpg 48w, https:\/\/novice.si\/page\/wp-content\/uploads\/2023\/11\/398547486_787302753200905_7543263766108784465_n-1.jpg 2048w\" sizes=\"(max-width: 630px) 100vw, 630px\" alt=\"\">\r\n                            <\/a>\r\n                            <figcaption class = \"td-slide-caption td-gallery-slide-content\"><div class = \"td-gallery-slide-copywrite\">Foto: Ana Stra\u017ee<\/div><\/figcaption>\r\n                        <\/figure>\r\n                    <\/div>\r\n                            <\/div>\r\n                        <\/div>\r\n\r\n                        <div class = \"td-doubleSlider-2\">\r\n                            <div class = \"td-slider\">\r\n                                \r\n                    <div class = \"td-button td-item1\">\r\n                        <div class = \"td-border\"><\/div>\r\n                    <\/div>\r\n                    <div class = \"td-button td-item2\">\r\n                        <div class = \"td-border\"><\/div>\r\n                    <\/div>\r\n                    <div class = \"td-button td-item3\">\r\n                        <div class = \"td-border\"><\/div>\r\n                    <\/div>\r\n                            <\/div>\r\n                        <\/div>\r\n\r\n                    <\/div>\r\n\r\n                <\/div>\r\n                \n<p>V svoji umetni\u0161ki praksi Culetto\u00a0 preizpra\u0161uje pri\u010dakovanja dru\u017ebe \u2013 predvsem tista, ki so vezana na \u017eenski spol. Prav ni\u010d druga\u010de ni v aktualni umetni\u0161ki produkciji, tudi v njej se avtorica osredoto\u010da na razli\u010dna feministi\u010dna vpra\u0161anja. Lea Culetto v svojih delih raziskuje, kako vsiljevanje lepotnih idealov vpliva na do\u017eivljanje lastne samopodobe. Na ogled je tudi njeno\u00a0 delo poimenovano <em>1,99 g preve\u010d<\/em>, v katerem umetnica razstavi dlake, ki si jih je odstranila po polletnem predahu. S tem delom \u017eeli pokazati, kako dru\u017eba vrednoti \u017eensko skozi aspekt (ne)pora\u0161\u010denosti. \u00bbDelo Moje \u017eivljenje je dlakava zgodba izhaja iz osebne izku\u0161nje, ko se je kot otrok spra\u0161evala, kako to, da dlake ne rastejo v neskon\u010dnost. Poigrava se z idejo, ali bi bila pora\u0161\u010denost pri \u017eenskah sprejemljivej\u0161a, \u010de bi bile dlake urejene kot pri\u010deska,\u00ab pojasnjujejo v celjskem Likovnem salonu. Lea Culetto se v aktualni razstavi osredoto\u010di tudi na dojemanje tematike spola pri vzgoji otrok \u2013 cilja predvsem na pravljice: raziskuje, kak\u0161no sporo\u010dilnost posredujejo otro\u0161ke zgodbe glede vpra\u0161anja polo\u017eaja \u017eensk v dru\u017ebi. \u00bbIzhaja iz analize otro\u0161kih pravljic, v katerih se je osredoto\u010dila na polo\u017eaj \u017eenske. To je potem predstavila na humoren na\u010din,\u00ab dodaja Maja Hodo\u0161\u010dek.<\/p>\n<p>Umetni\u0161ka instalacija bo v likovnem salonu na ogled do konca januarja.<\/p>\n","protected":false},"excerpt":{"rendered":"<p>V Likovnem salonu v Celju je minuli \u010detrtek potekala otvoritev umetni\u0161ke produkcije Moje \u017eivljenje je dlakava zgodba. Avtorica Lea Culetto je produkcijo ustvarila posebej za celjski likovni salon. \u00bbDogodek je bil zelo dobro obiskan, obiskovalci so se zabavali, ker so dela tak\u0161na, da lahko v njih sodelujejo. Dela so interaktivna, obiskovalci so se lahko dotikali [&hellip;]<\/p>\n","protected":false},"author":12,"featured_media":169306,"comment_status":"closed","ping_status":"closed","sticky":false,"template":"","format":"standard","meta":{"footnotes":""},"categories":[14,17],"tags":[19166,19165,19164],"class_list":{"0":"post-169303","1":"post","2":"type-post","3":"status-publish","4":"format-standard","5":"has-post-thumbnail","7":"category-aktualno","8":"category-celjsko","9":"tag-koje-zivljenje-je-dlakava-zgodba","10":"tag-lea-culetto","11":"tag-likovni-salon-celje"},"yoast_head":"<!-- This site is optimized with the Yoast SEO plugin v27.4 - https:\/\/yoast.com\/product\/yoast-seo-wordpress\/ -->\n<title>V Celju na ogled razstava &quot;Moje \u017eivljenje je dlakava zgodba&quot; - Novice.si<\/title>\n<meta name=\"robots\" content=\"index, follow, max-snippet:-1, max-image-preview:large, max-video-preview:-1\" \/>\n<link rel=\"canonical\" href=\"https:\/\/novice.si\/page\/v-celju-na-ogled-razstava-moje-zivljenje-je-dlakava-zgodba\/\" \/>\n<meta property=\"og:locale\" content=\"sl_SI\" \/>\n<meta property=\"og:type\" content=\"article\" \/>\n<meta property=\"og:title\" content=\"V Celju na ogled razstava &quot;Moje \u017eivljenje je dlakava zgodba&quot; - Novice.si\" \/>\n<meta property=\"og:description\" content=\"V Likovnem salonu v Celju je minuli \u010detrtek potekala otvoritev umetni\u0161ke produkcije Moje \u017eivljenje je dlakava zgodba. Avtorica Lea Culetto je produkcijo ustvarila posebej za celjski likovni salon. \u00bbDogodek je bil zelo dobro obiskan, obiskovalci so se zabavali, ker so dela tak\u0161na, da lahko v njih sodelujejo. Dela so interaktivna, obiskovalci so se lahko dotikali [&hellip;]\" \/>\n<meta property=\"og:url\" content=\"https:\/\/novice.si\/page\/v-celju-na-ogled-razstava-moje-zivljenje-je-dlakava-zgodba\/\" \/>\n<meta property=\"og:site_name\" content=\"Novice.si\" \/>\n<meta property=\"article:published_time\" content=\"2023-11-17T13:24:32+00:00\" \/>\n<meta property=\"article:modified_time\" content=\"2023-11-18T12:45:28+00:00\" \/>\n<meta property=\"og:image\" content=\"https:\/\/novice.si\/page\/wp-content\/uploads\/2023\/11\/398549750_787302866534227_2725062376820989672_n-1.jpg\" \/>\n\t<meta property=\"og:image:width\" content=\"2048\" \/>\n\t<meta property=\"og:image:height\" content=\"1390\" \/>\n\t<meta property=\"og:image:type\" content=\"image\/jpeg\" \/>\n<meta name=\"author\" content=\"Uredni\u0161tvo Celjana\" \/>\n<meta name=\"twitter:card\" content=\"summary_large_image\" \/>\n<meta name=\"twitter:label1\" content=\"Written by\" \/>\n\t<meta name=\"twitter:data1\" content=\"Uredni\u0161tvo Celjana\" \/>\n\t<meta name=\"twitter:label2\" content=\"Est. reading time\" \/>\n\t<meta name=\"twitter:data2\" content=\"2 minuti\" \/>\n<script type=\"application\/ld+json\" class=\"yoast-schema-graph\">{\"@context\":\"https:\\\/\\\/schema.org\",\"@graph\":[{\"@type\":\"Article\",\"@id\":\"https:\\\/\\\/novice.si\\\/page\\\/v-celju-na-ogled-razstava-moje-zivljenje-je-dlakava-zgodba\\\/#article\",\"isPartOf\":{\"@id\":\"https:\\\/\\\/novice.si\\\/page\\\/v-celju-na-ogled-razstava-moje-zivljenje-je-dlakava-zgodba\\\/\"},\"author\":{\"name\":\"Uredni\u0161tvo Celjana\",\"@id\":\"https:\\\/\\\/novice.si\\\/page\\\/#\\\/schema\\\/person\\\/51903923b50fefb075bc1cd24fe4d065\"},\"headline\":\"V Celju na ogled razstava &#8220;Moje \u017eivljenje je dlakava zgodba&#8221;\",\"datePublished\":\"2023-11-17T13:24:32+00:00\",\"dateModified\":\"2023-11-18T12:45:28+00:00\",\"mainEntityOfPage\":{\"@id\":\"https:\\\/\\\/novice.si\\\/page\\\/v-celju-na-ogled-razstava-moje-zivljenje-je-dlakava-zgodba\\\/\"},\"wordCount\":309,\"publisher\":{\"@id\":\"https:\\\/\\\/novice.si\\\/page\\\/#organization\"},\"image\":{\"@id\":\"https:\\\/\\\/novice.si\\\/page\\\/v-celju-na-ogled-razstava-moje-zivljenje-je-dlakava-zgodba\\\/#primaryimage\"},\"thumbnailUrl\":\"https:\\\/\\\/novice.si\\\/page\\\/wp-content\\\/uploads\\\/2023\\\/11\\\/398549750_787302866534227_2725062376820989672_n-1.jpg\",\"keywords\":[\"Koje \u017eivljenje je dlakava zgodba\",\"Lea Culetto\",\"Likovni salon Celje\"],\"articleSection\":[\"Aktualno\",\"Celjsko\"],\"inLanguage\":\"sl-SI\"},{\"@type\":\"WebPage\",\"@id\":\"https:\\\/\\\/novice.si\\\/page\\\/v-celju-na-ogled-razstava-moje-zivljenje-je-dlakava-zgodba\\\/\",\"url\":\"https:\\\/\\\/novice.si\\\/page\\\/v-celju-na-ogled-razstava-moje-zivljenje-je-dlakava-zgodba\\\/\",\"name\":\"V Celju na ogled razstava \\\"Moje \u017eivljenje je dlakava zgodba\\\" - Novice.si\",\"isPartOf\":{\"@id\":\"https:\\\/\\\/novice.si\\\/page\\\/#website\"},\"primaryImageOfPage\":{\"@id\":\"https:\\\/\\\/novice.si\\\/page\\\/v-celju-na-ogled-razstava-moje-zivljenje-je-dlakava-zgodba\\\/#primaryimage\"},\"image\":{\"@id\":\"https:\\\/\\\/novice.si\\\/page\\\/v-celju-na-ogled-razstava-moje-zivljenje-je-dlakava-zgodba\\\/#primaryimage\"},\"thumbnailUrl\":\"https:\\\/\\\/novice.si\\\/page\\\/wp-content\\\/uploads\\\/2023\\\/11\\\/398549750_787302866534227_2725062376820989672_n-1.jpg\",\"datePublished\":\"2023-11-17T13:24:32+00:00\",\"dateModified\":\"2023-11-18T12:45:28+00:00\",\"breadcrumb\":{\"@id\":\"https:\\\/\\\/novice.si\\\/page\\\/v-celju-na-ogled-razstava-moje-zivljenje-je-dlakava-zgodba\\\/#breadcrumb\"},\"inLanguage\":\"sl-SI\",\"potentialAction\":[{\"@type\":\"ReadAction\",\"target\":[\"https:\\\/\\\/novice.si\\\/page\\\/v-celju-na-ogled-razstava-moje-zivljenje-je-dlakava-zgodba\\\/\"]}]},{\"@type\":\"ImageObject\",\"inLanguage\":\"sl-SI\",\"@id\":\"https:\\\/\\\/novice.si\\\/page\\\/v-celju-na-ogled-razstava-moje-zivljenje-je-dlakava-zgodba\\\/#primaryimage\",\"url\":\"https:\\\/\\\/novice.si\\\/page\\\/wp-content\\\/uploads\\\/2023\\\/11\\\/398549750_787302866534227_2725062376820989672_n-1.jpg\",\"contentUrl\":\"https:\\\/\\\/novice.si\\\/page\\\/wp-content\\\/uploads\\\/2023\\\/11\\\/398549750_787302866534227_2725062376820989672_n-1.jpg\",\"width\":2048,\"height\":1390,\"caption\":\"Foto: Ana Stra\u017ee\"},{\"@type\":\"BreadcrumbList\",\"@id\":\"https:\\\/\\\/novice.si\\\/page\\\/v-celju-na-ogled-razstava-moje-zivljenje-je-dlakava-zgodba\\\/#breadcrumb\",\"itemListElement\":[{\"@type\":\"ListItem\",\"position\":1,\"name\":\"Home\",\"item\":\"https:\\\/\\\/novice.si\\\/page\\\/\"},{\"@type\":\"ListItem\",\"position\":2,\"name\":\"V Celju na ogled razstava &#8220;Moje \u017eivljenje je dlakava zgodba&#8221;\"}]},{\"@type\":\"WebSite\",\"@id\":\"https:\\\/\\\/novice.si\\\/page\\\/#website\",\"url\":\"https:\\\/\\\/novice.si\\\/page\\\/\",\"name\":\"Novice.si\",\"description\":\"\",\"publisher\":{\"@id\":\"https:\\\/\\\/novice.si\\\/page\\\/#organization\"},\"potentialAction\":[{\"@type\":\"SearchAction\",\"target\":{\"@type\":\"EntryPoint\",\"urlTemplate\":\"https:\\\/\\\/novice.si\\\/page\\\/?s={search_term_string}\"},\"query-input\":{\"@type\":\"PropertyValueSpecification\",\"valueRequired\":true,\"valueName\":\"search_term_string\"}}],\"inLanguage\":\"sl-SI\"},{\"@type\":\"Organization\",\"@id\":\"https:\\\/\\\/novice.si\\\/page\\\/#organization\",\"name\":\"Novice.si\",\"url\":\"https:\\\/\\\/novice.si\\\/page\\\/\",\"logo\":{\"@type\":\"ImageObject\",\"inLanguage\":\"sl-SI\",\"@id\":\"https:\\\/\\\/novice.si\\\/page\\\/#\\\/schema\\\/logo\\\/image\\\/\",\"url\":\"https:\\\/\\\/novice.si\\\/page\\\/wp-content\\\/uploads\\\/2023\\\/03\\\/novice_si.png\",\"contentUrl\":\"https:\\\/\\\/novice.si\\\/page\\\/wp-content\\\/uploads\\\/2023\\\/03\\\/novice_si.png\",\"width\":576,\"height\":200,\"caption\":\"Novice.si\"},\"image\":{\"@id\":\"https:\\\/\\\/novice.si\\\/page\\\/#\\\/schema\\\/logo\\\/image\\\/\"}},{\"@type\":\"Person\",\"@id\":\"https:\\\/\\\/novice.si\\\/page\\\/#\\\/schema\\\/person\\\/51903923b50fefb075bc1cd24fe4d065\",\"name\":\"Uredni\u0161tvo Celjana\",\"image\":{\"@type\":\"ImageObject\",\"inLanguage\":\"sl-SI\",\"@id\":\"https:\\\/\\\/secure.gravatar.com\\\/avatar\\\/b516f102aa90b53619e09722b8ea56721c99bfcb4f1035f9b333d99f52330226?s=96&d=mm&r=g\",\"url\":\"https:\\\/\\\/secure.gravatar.com\\\/avatar\\\/b516f102aa90b53619e09722b8ea56721c99bfcb4f1035f9b333d99f52330226?s=96&d=mm&r=g\",\"contentUrl\":\"https:\\\/\\\/secure.gravatar.com\\\/avatar\\\/b516f102aa90b53619e09722b8ea56721c99bfcb4f1035f9b333d99f52330226?s=96&d=mm&r=g\",\"caption\":\"Uredni\u0161tvo Celjana\"},\"url\":\"https:\\\/\\\/novice.si\\\/page\\\/author\\\/nejc\\\/\"}]}<\/script>\n<!-- \/ Yoast SEO plugin. -->","yoast_head_json":{"title":"V Celju na ogled razstava \"Moje \u017eivljenje je dlakava zgodba\" - Novice.si","robots":{"index":"index","follow":"follow","max-snippet":"max-snippet:-1","max-image-preview":"max-image-preview:large","max-video-preview":"max-video-preview:-1"},"canonical":"https:\/\/novice.si\/page\/v-celju-na-ogled-razstava-moje-zivljenje-je-dlakava-zgodba\/","og_locale":"sl_SI","og_type":"article","og_title":"V Celju na ogled razstava \"Moje \u017eivljenje je dlakava zgodba\" - Novice.si","og_description":"V Likovnem salonu v Celju je minuli \u010detrtek potekala otvoritev umetni\u0161ke produkcije Moje \u017eivljenje je dlakava zgodba. Avtorica Lea Culetto je produkcijo ustvarila posebej za celjski likovni salon. \u00bbDogodek je bil zelo dobro obiskan, obiskovalci so se zabavali, ker so dela tak\u0161na, da lahko v njih sodelujejo. Dela so interaktivna, obiskovalci so se lahko dotikali [&hellip;]","og_url":"https:\/\/novice.si\/page\/v-celju-na-ogled-razstava-moje-zivljenje-je-dlakava-zgodba\/","og_site_name":"Novice.si","article_published_time":"2023-11-17T13:24:32+00:00","article_modified_time":"2023-11-18T12:45:28+00:00","og_image":[{"width":2048,"height":1390,"url":"https:\/\/novice.si\/page\/wp-content\/uploads\/2023\/11\/398549750_787302866534227_2725062376820989672_n-1.jpg","type":"image\/jpeg"}],"author":"Uredni\u0161tvo Celjana","twitter_card":"summary_large_image","twitter_misc":{"Written by":"Uredni\u0161tvo Celjana","Est. reading time":"2 minuti"},"schema":{"@context":"https:\/\/schema.org","@graph":[{"@type":"Article","@id":"https:\/\/novice.si\/page\/v-celju-na-ogled-razstava-moje-zivljenje-je-dlakava-zgodba\/#article","isPartOf":{"@id":"https:\/\/novice.si\/page\/v-celju-na-ogled-razstava-moje-zivljenje-je-dlakava-zgodba\/"},"author":{"name":"Uredni\u0161tvo Celjana","@id":"https:\/\/novice.si\/page\/#\/schema\/person\/51903923b50fefb075bc1cd24fe4d065"},"headline":"V Celju na ogled razstava &#8220;Moje \u017eivljenje je dlakava zgodba&#8221;","datePublished":"2023-11-17T13:24:32+00:00","dateModified":"2023-11-18T12:45:28+00:00","mainEntityOfPage":{"@id":"https:\/\/novice.si\/page\/v-celju-na-ogled-razstava-moje-zivljenje-je-dlakava-zgodba\/"},"wordCount":309,"publisher":{"@id":"https:\/\/novice.si\/page\/#organization"},"image":{"@id":"https:\/\/novice.si\/page\/v-celju-na-ogled-razstava-moje-zivljenje-je-dlakava-zgodba\/#primaryimage"},"thumbnailUrl":"https:\/\/novice.si\/page\/wp-content\/uploads\/2023\/11\/398549750_787302866534227_2725062376820989672_n-1.jpg","keywords":["Koje \u017eivljenje je dlakava zgodba","Lea Culetto","Likovni salon Celje"],"articleSection":["Aktualno","Celjsko"],"inLanguage":"sl-SI"},{"@type":"WebPage","@id":"https:\/\/novice.si\/page\/v-celju-na-ogled-razstava-moje-zivljenje-je-dlakava-zgodba\/","url":"https:\/\/novice.si\/page\/v-celju-na-ogled-razstava-moje-zivljenje-je-dlakava-zgodba\/","name":"V Celju na ogled razstava \"Moje \u017eivljenje je dlakava zgodba\" - Novice.si","isPartOf":{"@id":"https:\/\/novice.si\/page\/#website"},"primaryImageOfPage":{"@id":"https:\/\/novice.si\/page\/v-celju-na-ogled-razstava-moje-zivljenje-je-dlakava-zgodba\/#primaryimage"},"image":{"@id":"https:\/\/novice.si\/page\/v-celju-na-ogled-razstava-moje-zivljenje-je-dlakava-zgodba\/#primaryimage"},"thumbnailUrl":"https:\/\/novice.si\/page\/wp-content\/uploads\/2023\/11\/398549750_787302866534227_2725062376820989672_n-1.jpg","datePublished":"2023-11-17T13:24:32+00:00","dateModified":"2023-11-18T12:45:28+00:00","breadcrumb":{"@id":"https:\/\/novice.si\/page\/v-celju-na-ogled-razstava-moje-zivljenje-je-dlakava-zgodba\/#breadcrumb"},"inLanguage":"sl-SI","potentialAction":[{"@type":"ReadAction","target":["https:\/\/novice.si\/page\/v-celju-na-ogled-razstava-moje-zivljenje-je-dlakava-zgodba\/"]}]},{"@type":"ImageObject","inLanguage":"sl-SI","@id":"https:\/\/novice.si\/page\/v-celju-na-ogled-razstava-moje-zivljenje-je-dlakava-zgodba\/#primaryimage","url":"https:\/\/novice.si\/page\/wp-content\/uploads\/2023\/11\/398549750_787302866534227_2725062376820989672_n-1.jpg","contentUrl":"https:\/\/novice.si\/page\/wp-content\/uploads\/2023\/11\/398549750_787302866534227_2725062376820989672_n-1.jpg","width":2048,"height":1390,"caption":"Foto: Ana Stra\u017ee"},{"@type":"BreadcrumbList","@id":"https:\/\/novice.si\/page\/v-celju-na-ogled-razstava-moje-zivljenje-je-dlakava-zgodba\/#breadcrumb","itemListElement":[{"@type":"ListItem","position":1,"name":"Home","item":"https:\/\/novice.si\/page\/"},{"@type":"ListItem","position":2,"name":"V Celju na ogled razstava &#8220;Moje \u017eivljenje je dlakava zgodba&#8221;"}]},{"@type":"WebSite","@id":"https:\/\/novice.si\/page\/#website","url":"https:\/\/novice.si\/page\/","name":"Novice.si","description":"","publisher":{"@id":"https:\/\/novice.si\/page\/#organization"},"potentialAction":[{"@type":"SearchAction","target":{"@type":"EntryPoint","urlTemplate":"https:\/\/novice.si\/page\/?s={search_term_string}"},"query-input":{"@type":"PropertyValueSpecification","valueRequired":true,"valueName":"search_term_string"}}],"inLanguage":"sl-SI"},{"@type":"Organization","@id":"https:\/\/novice.si\/page\/#organization","name":"Novice.si","url":"https:\/\/novice.si\/page\/","logo":{"@type":"ImageObject","inLanguage":"sl-SI","@id":"https:\/\/novice.si\/page\/#\/schema\/logo\/image\/","url":"https:\/\/novice.si\/page\/wp-content\/uploads\/2023\/03\/novice_si.png","contentUrl":"https:\/\/novice.si\/page\/wp-content\/uploads\/2023\/03\/novice_si.png","width":576,"height":200,"caption":"Novice.si"},"image":{"@id":"https:\/\/novice.si\/page\/#\/schema\/logo\/image\/"}},{"@type":"Person","@id":"https:\/\/novice.si\/page\/#\/schema\/person\/51903923b50fefb075bc1cd24fe4d065","name":"Uredni\u0161tvo Celjana","image":{"@type":"ImageObject","inLanguage":"sl-SI","@id":"https:\/\/secure.gravatar.com\/avatar\/b516f102aa90b53619e09722b8ea56721c99bfcb4f1035f9b333d99f52330226?s=96&d=mm&r=g","url":"https:\/\/secure.gravatar.com\/avatar\/b516f102aa90b53619e09722b8ea56721c99bfcb4f1035f9b333d99f52330226?s=96&d=mm&r=g","contentUrl":"https:\/\/secure.gravatar.com\/avatar\/b516f102aa90b53619e09722b8ea56721c99bfcb4f1035f9b333d99f52330226?s=96&d=mm&r=g","caption":"Uredni\u0161tvo Celjana"},"url":"https:\/\/novice.si\/page\/author\/nejc\/"}]}},"_links":{"self":[{"href":"https:\/\/novice.si\/page\/wp-json\/wp\/v2\/posts\/169303","targetHints":{"allow":["GET"]}}],"collection":[{"href":"https:\/\/novice.si\/page\/wp-json\/wp\/v2\/posts"}],"about":[{"href":"https:\/\/novice.si\/page\/wp-json\/wp\/v2\/types\/post"}],"author":[{"embeddable":true,"href":"https:\/\/novice.si\/page\/wp-json\/wp\/v2\/users\/12"}],"replies":[{"embeddable":true,"href":"https:\/\/novice.si\/page\/wp-json\/wp\/v2\/comments?post=169303"}],"version-history":[{"count":1,"href":"https:\/\/novice.si\/page\/wp-json\/wp\/v2\/posts\/169303\/revisions"}],"predecessor-version":[{"id":169307,"href":"https:\/\/novice.si\/page\/wp-json\/wp\/v2\/posts\/169303\/revisions\/169307"}],"wp:featuredmedia":[{"embeddable":true,"href":"https:\/\/novice.si\/page\/wp-json\/wp\/v2\/media\/169306"}],"wp:attachment":[{"href":"https:\/\/novice.si\/page\/wp-json\/wp\/v2\/media?parent=169303"}],"wp:term":[{"taxonomy":"category","embeddable":true,"href":"https:\/\/novice.si\/page\/wp-json\/wp\/v2\/categories?post=169303"},{"taxonomy":"post_tag","embeddable":true,"href":"https:\/\/novice.si\/page\/wp-json\/wp\/v2\/tags?post=169303"}],"curies":[{"name":"wp","href":"https:\/\/api.w.org\/{rel}","templated":true}]}}