{"id":169281,"date":"2023-11-16T08:32:40","date_gmt":"2023-11-16T07:32:40","guid":{"rendered":"https:\/\/novice.si\/page\/?p=169281"},"modified":"2023-11-15T13:41:03","modified_gmt":"2023-11-15T12:41:03","slug":"ivan-arbeiter-casa-za-pogovor-s-pacientom-in-pregled-je-zmeraj-manj","status":"publish","type":"post","link":"https:\/\/novice.si\/page\/ivan-arbeiter-casa-za-pogovor-s-pacientom-in-pregled-je-zmeraj-manj\/","title":{"rendered":"Ivan Arbeiter: \u00bb\u010casa za pogovor s pacientom in pregled je zmeraj manj\u00ab"},"content":{"rendered":"<p>Ivan Arbeiter je mlad zdravnik iz Slovenske Bistrice. Letos je v Oplotnici prevzel ambulanto dru\u017einske medicine, ki jo je pred tem vodil njegov o\u010de.<\/p>\n<p><strong>Ivan, kako bi opisali samega sebe? Zagotovo niste samo zdravnik \u2026<\/strong><\/p>\n<p>Sem o\u010de, sin, brat. Rad igram tenis, smu\u010dam, v\u010dasih smo igrali ko\u0161arko, pojem v pevskem zboru KUD \u0160martno na Pohorju. Tudi moj o\u010de je pel v zboru, en \u010das je bil celo zborovodja. Zanimam se za vse, od kulture do \u0161porta.<\/p>\n<p><strong>Kako je biti zdravnik v va\u0161kem okolju?<\/strong><\/p>\n<p>Med delom zdravnika v Slovenski Bistrici in Oplotnici je razlika, a je majhna, ni bistvena. V Oplotnici imam veliko pacientov, ki so Bistri\u010dani. Nekateri pacienti pravijo, da sem podoben o\u010detu, ki je vodil ambulanto pred menoj. Podoben imava tudi glas.<\/p>\n<p><strong>Kako to, da ste se odlo\u010dili za kariero dru\u017einskega zdravnika, je morebiti \u00bbkrivec\u00ab o\u010de?<\/strong><\/p>\n<p>Po eni strani ja. \u017de od malega poslu\u0161am zdravni\u0161ke prigode. Spomnim se, da ko smo kam \u0161li, je s seboj imel zdravni\u0161ko torbo in \u010de se je kdo po\u0161kodoval, sem hitro tekel po torbo in gledal, kako mu o\u010de pomaga. Ko se je bilo treba odlo\u010diti za \u0161tudij, je bila to edina smer, ki me je zanimala. Med \u0161tudijem potem spoznava\u0161 razli\u010dne oddelke, s tako imenovanim kro\u017eenjem po oddelkih. In ker me ni pritegnilo ni\u010d drugega kot dru\u017einska medicina, sem vpisal specializacijo iz dru\u017einske medicine. To je bila moja prva izbira.<\/p>\n<p><strong>Pa je delo, ki ste si ga izbrali, po va\u0161ih pri\u010dakovanjih?<\/strong><\/p>\n<p>Bom rekel, da ve\u010dinoma ja. Drugi del, ki pa ni bil pri\u010dakovan, pa ni medicina, ampak administracija, ki jo je zmeraj ve\u010d. Ne vem, \u010de jo ima kdo od zdravnikov rad. Na \u0161tudiju se s tem nismo ukvarjali oz. je tega bilo zares malo. Problem je, ker se to hitro spreminja. Tudi \u010de bi se nau\u010dil na pamet, \u010dez eno leto veliko stvari ve\u010d ne velja.<\/p>\n<p><img loading=\"lazy\" decoding=\"async\" class=\"alignnone size-medium wp-image-169282\" src=\"https:\/\/novice.si\/page\/wp-content\/uploads\/2023\/11\/368012338_1119678119002522_2707361199423302292_n-449x600.jpg\" alt=\"\" width=\"449\" height=\"600\" srcset=\"https:\/\/novice.si\/page\/wp-content\/uploads\/2023\/11\/368012338_1119678119002522_2707361199423302292_n-449x600.jpg 449w, https:\/\/novice.si\/page\/wp-content\/uploads\/2023\/11\/368012338_1119678119002522_2707361199423302292_n-766x1024.jpg 766w, https:\/\/novice.si\/page\/wp-content\/uploads\/2023\/11\/368012338_1119678119002522_2707361199423302292_n-768x1027.jpg 768w, https:\/\/novice.si\/page\/wp-content\/uploads\/2023\/11\/368012338_1119678119002522_2707361199423302292_n-1149x1536.jpg 1149w, https:\/\/novice.si\/page\/wp-content\/uploads\/2023\/11\/368012338_1119678119002522_2707361199423302292_n-696x930.jpg 696w, https:\/\/novice.si\/page\/wp-content\/uploads\/2023\/11\/368012338_1119678119002522_2707361199423302292_n-1068x1428.jpg 1068w, https:\/\/novice.si\/page\/wp-content\/uploads\/2023\/11\/368012338_1119678119002522_2707361199423302292_n-314x420.jpg 314w, https:\/\/novice.si\/page\/wp-content\/uploads\/2023\/11\/368012338_1119678119002522_2707361199423302292_n-18x24.jpg 18w, https:\/\/novice.si\/page\/wp-content\/uploads\/2023\/11\/368012338_1119678119002522_2707361199423302292_n-27x36.jpg 27w, https:\/\/novice.si\/page\/wp-content\/uploads\/2023\/11\/368012338_1119678119002522_2707361199423302292_n-36x48.jpg 36w, https:\/\/novice.si\/page\/wp-content\/uploads\/2023\/11\/368012338_1119678119002522_2707361199423302292_n.jpg 1532w\" sizes=\"auto, (max-width: 449px) 100vw, 449px\" \/><\/p>\n<p><strong>Preden ste prevzeli ambulanto v Oplotnici, ste slu\u017ebovali v Slovenski Bistrici.<\/strong><\/p>\n<p>Ja, kot urgentni zdravnik. To pomeni, da sem delal v ambulanti za nujne zadeve in hodil na teren. Marsikdo bi rekel, da je delo urgentnega zdravnika bolj stresno kot delo dru\u017einskega zdravnika, saj nikoli ne ve\u0161, kdaj se bo kaj zgodilo, zato je tudi bolj adrenalinsko. Meni pa to delo ni povzro\u010dalo pretiranega stresa, saj sem karakterno tak\u0161na oseba, da se s tem la\u017eje soo\u010dim. Mi je pa zdaj ljub\u0161e delo dru\u017einskega zdravnika v Oplotnici, saj sem se ustalil, ljub\u0161i mi je delovni \u010das, delo poteka tako, kot si ga sam organizira\u0161, nih\u010de te ne priganja \u2026 Kot urgentni zdravnik pa takoj, ko zazvoni telefon, hiti\u0161 na teren.<\/p>\n<p><strong>Za vedno ve\u010d bolezenskih stanj je dandanes eden izmed vzrokov tudi stres. Kaj menite, kaj lahko naredimo proti stresu?<\/strong><\/p>\n<p>Ljudem razli\u010dne stvari predstavljajo stres. Delno se stresu lahko izognemo, \u010de si znamo zorganizirati \u010das. To je pomembno predvsem takrat, kadar delamo ve\u010d zadev naenkrat \u2013 takrat vedno na koncu zmanjka \u010dasa in to povzro\u010da dodaten stres. \u010ce je pa stres prisoten zaradi zunanjih pritiskov, pa je potrebno najti na\u010din, kako stres sprostiti. Eni pojejo pod tu\u0161em, drugi \u0161portajo, nekateri meditirajo, eni pa ne delajo ni\u010d in se smilijo sami sebi. To so opa\u017eanja iz ambulante. V\u010dasih, ko smo bili mi mladi, so nam rekli, idi na zrak, idi te\u010d, pa si bo\u0161 zbistril misli. Danes so pa problem ekrani, in to, da \u00a0spro\u0161\u010danje stresa poteka za telefoni. In tako se zadeve samo poglabljajo.<\/p>\n<p><strong>Danes je zanimanja za dru\u017einsko medicino zmeraj manj. Zakaj?<\/strong><\/p>\n<p>\u010ceprav se ljudje ne zavedajo, je to zelo naporen poklic. Ko se pogovarjam s kolegi, ki delajo v bolnici, ugotavljam, da ne marajo ambulantnih dni. In tu se pojavlja problem administracije. \u017de ve\u010d let govorijo o zmanj\u0161anju administrativnega dela, da nam bodo s tega vidika olaj\u0161ali delo, da bomo imeli ve\u010d \u010dasa za paciente \u2026 A je ravno obratno, zadnje pol leta samo dodajajo novo administrativno delo. Tako da je samega \u010dasa za pogovor s pacientom in pregled zmeraj manj. Vedno ve\u010d \u010dasa smo za ekrani in potrjujemo, kar je treba potrditi za zavarovalnico. Je pa tudi med samim \u0161tudijem malo \u010dasa namenjenega podro\u010dju dru\u017einske medicine. Tisti, ki \u017eelijo priti v akademske vode, izberejo kak\u0161no drugo podro\u010dje, saj je na podro\u010dju dru\u017einske medicine to zelo te\u017eko. Nekaj jih sicer je, a jih ta smer ne potrebuje toliko, kot katera druga. Te\u017eje je nekaj raziskovati v ambulanti dru\u017einske medicine kot pa v klini\u010dnem centru. Na\u0161e podro\u010dje je sicer zelo \u0161iroko. Mi se \u0161alimo, da vemo o vsem nekaj, pa o ni\u010demer veliko. Smo pa tudi omejeni, na katere preiskave lahko sploh naro\u010dimo pacienta \u2026 Je pa tudi tako, da \u010de pristane\u0161 v kak\u0161ni va\u0161ki ambulanti, se zgodi, da si sam, tam si za celo vas. Ni veliko drugih zdravnikov, da bi lahko potrkal na njihova vrata in vpra\u0161al za mnenje. Lahko se sicer posvetuje\u0161 preko telefonskega klica, a ni isto.<\/p>\n<p>Intervju je v celoti objavljen v aktualni novembrski \u0161tevilki Bistri\u0161kih novic. (A. S.)<\/p>\n","protected":false},"excerpt":{"rendered":"<p>Ivan Arbeiter je mlad zdravnik iz Slovenske Bistrice. Letos je v Oplotnici prevzel ambulanto dru\u017einske medicine, ki jo je pred tem vodil njegov o\u010de. Ivan, kako bi opisali samega sebe? Zagotovo niste samo zdravnik \u2026 Sem o\u010de, sin, brat. Rad igram tenis, smu\u010dam, v\u010dasih smo igrali ko\u0161arko, pojem v pevskem zboru KUD \u0160martno na Pohorju. [&hellip;]<\/p>\n","protected":false},"author":12,"featured_media":169282,"comment_status":"closed","ping_status":"closed","sticky":false,"template":"","format":"standard","meta":{"footnotes":""},"categories":[14,32],"tags":[4538,19157],"class_list":{"0":"post-169281","1":"post","2":"type-post","3":"status-publish","4":"format-standard","5":"has-post-thumbnail","7":"category-aktualno","8":"category-bistrisko","9":"tag-druzinski-zdravnik","10":"tag-ivan-arbeiter"},"yoast_head":"<!-- This site is optimized with the Yoast SEO plugin v27.4 - https:\/\/yoast.com\/product\/yoast-seo-wordpress\/ -->\n<title>Ivan Arbeiter: \u00bb\u010casa za pogovor s pacientom in pregled je zmeraj manj\u00ab - Novice.si<\/title>\n<meta name=\"robots\" content=\"index, follow, max-snippet:-1, max-image-preview:large, max-video-preview:-1\" \/>\n<link rel=\"canonical\" href=\"https:\/\/novice.si\/page\/ivan-arbeiter-casa-za-pogovor-s-pacientom-in-pregled-je-zmeraj-manj\/\" \/>\n<meta property=\"og:locale\" content=\"sl_SI\" \/>\n<meta property=\"og:type\" content=\"article\" \/>\n<meta property=\"og:title\" content=\"Ivan Arbeiter: \u00bb\u010casa za pogovor s pacientom in pregled je zmeraj manj\u00ab - Novice.si\" \/>\n<meta property=\"og:description\" content=\"Ivan Arbeiter je mlad zdravnik iz Slovenske Bistrice. Letos je v Oplotnici prevzel ambulanto dru\u017einske medicine, ki jo je pred tem vodil njegov o\u010de. Ivan, kako bi opisali samega sebe? Zagotovo niste samo zdravnik \u2026 Sem o\u010de, sin, brat. Rad igram tenis, smu\u010dam, v\u010dasih smo igrali ko\u0161arko, pojem v pevskem zboru KUD \u0160martno na Pohorju. [&hellip;]\" \/>\n<meta property=\"og:url\" content=\"https:\/\/novice.si\/page\/ivan-arbeiter-casa-za-pogovor-s-pacientom-in-pregled-je-zmeraj-manj\/\" \/>\n<meta property=\"og:site_name\" content=\"Novice.si\" \/>\n<meta property=\"article:published_time\" content=\"2023-11-16T07:32:40+00:00\" \/>\n<meta property=\"og:image\" content=\"https:\/\/novice.si\/page\/wp-content\/uploads\/2023\/11\/368012338_1119678119002522_2707361199423302292_n.jpg\" \/>\n\t<meta property=\"og:image:width\" content=\"1532\" \/>\n\t<meta property=\"og:image:height\" content=\"2048\" \/>\n\t<meta property=\"og:image:type\" content=\"image\/jpeg\" \/>\n<meta name=\"author\" content=\"Uredni\u0161tvo Celjana\" \/>\n<meta name=\"twitter:card\" content=\"summary_large_image\" \/>\n<meta name=\"twitter:label1\" content=\"Written by\" \/>\n\t<meta name=\"twitter:data1\" content=\"Uredni\u0161tvo Celjana\" \/>\n\t<meta name=\"twitter:label2\" content=\"Est. reading time\" \/>\n\t<meta name=\"twitter:data2\" content=\"5 minut\" \/>\n<script type=\"application\/ld+json\" class=\"yoast-schema-graph\">{\"@context\":\"https:\\\/\\\/schema.org\",\"@graph\":[{\"@type\":\"Article\",\"@id\":\"https:\\\/\\\/novice.si\\\/page\\\/ivan-arbeiter-casa-za-pogovor-s-pacientom-in-pregled-je-zmeraj-manj\\\/#article\",\"isPartOf\":{\"@id\":\"https:\\\/\\\/novice.si\\\/page\\\/ivan-arbeiter-casa-za-pogovor-s-pacientom-in-pregled-je-zmeraj-manj\\\/\"},\"author\":{\"name\":\"Uredni\u0161tvo Celjana\",\"@id\":\"https:\\\/\\\/novice.si\\\/page\\\/#\\\/schema\\\/person\\\/51903923b50fefb075bc1cd24fe4d065\"},\"headline\":\"Ivan Arbeiter: \u00bb\u010casa za pogovor s pacientom in pregled je zmeraj manj\u00ab\",\"datePublished\":\"2023-11-16T07:32:40+00:00\",\"mainEntityOfPage\":{\"@id\":\"https:\\\/\\\/novice.si\\\/page\\\/ivan-arbeiter-casa-za-pogovor-s-pacientom-in-pregled-je-zmeraj-manj\\\/\"},\"wordCount\":881,\"publisher\":{\"@id\":\"https:\\\/\\\/novice.si\\\/page\\\/#organization\"},\"image\":{\"@id\":\"https:\\\/\\\/novice.si\\\/page\\\/ivan-arbeiter-casa-za-pogovor-s-pacientom-in-pregled-je-zmeraj-manj\\\/#primaryimage\"},\"thumbnailUrl\":\"https:\\\/\\\/novice.si\\\/page\\\/wp-content\\\/uploads\\\/2023\\\/11\\\/368012338_1119678119002522_2707361199423302292_n.jpg\",\"keywords\":[\"dru\u017einski zdravnik\",\"Ivan Arbeiter\"],\"articleSection\":[\"Aktualno\",\"Bistri\u0161ko\"],\"inLanguage\":\"sl-SI\"},{\"@type\":\"WebPage\",\"@id\":\"https:\\\/\\\/novice.si\\\/page\\\/ivan-arbeiter-casa-za-pogovor-s-pacientom-in-pregled-je-zmeraj-manj\\\/\",\"url\":\"https:\\\/\\\/novice.si\\\/page\\\/ivan-arbeiter-casa-za-pogovor-s-pacientom-in-pregled-je-zmeraj-manj\\\/\",\"name\":\"Ivan Arbeiter: \u00bb\u010casa za pogovor s pacientom in pregled je zmeraj manj\u00ab - Novice.si\",\"isPartOf\":{\"@id\":\"https:\\\/\\\/novice.si\\\/page\\\/#website\"},\"primaryImageOfPage\":{\"@id\":\"https:\\\/\\\/novice.si\\\/page\\\/ivan-arbeiter-casa-za-pogovor-s-pacientom-in-pregled-je-zmeraj-manj\\\/#primaryimage\"},\"image\":{\"@id\":\"https:\\\/\\\/novice.si\\\/page\\\/ivan-arbeiter-casa-za-pogovor-s-pacientom-in-pregled-je-zmeraj-manj\\\/#primaryimage\"},\"thumbnailUrl\":\"https:\\\/\\\/novice.si\\\/page\\\/wp-content\\\/uploads\\\/2023\\\/11\\\/368012338_1119678119002522_2707361199423302292_n.jpg\",\"datePublished\":\"2023-11-16T07:32:40+00:00\",\"breadcrumb\":{\"@id\":\"https:\\\/\\\/novice.si\\\/page\\\/ivan-arbeiter-casa-za-pogovor-s-pacientom-in-pregled-je-zmeraj-manj\\\/#breadcrumb\"},\"inLanguage\":\"sl-SI\",\"potentialAction\":[{\"@type\":\"ReadAction\",\"target\":[\"https:\\\/\\\/novice.si\\\/page\\\/ivan-arbeiter-casa-za-pogovor-s-pacientom-in-pregled-je-zmeraj-manj\\\/\"]}]},{\"@type\":\"ImageObject\",\"inLanguage\":\"sl-SI\",\"@id\":\"https:\\\/\\\/novice.si\\\/page\\\/ivan-arbeiter-casa-za-pogovor-s-pacientom-in-pregled-je-zmeraj-manj\\\/#primaryimage\",\"url\":\"https:\\\/\\\/novice.si\\\/page\\\/wp-content\\\/uploads\\\/2023\\\/11\\\/368012338_1119678119002522_2707361199423302292_n.jpg\",\"contentUrl\":\"https:\\\/\\\/novice.si\\\/page\\\/wp-content\\\/uploads\\\/2023\\\/11\\\/368012338_1119678119002522_2707361199423302292_n.jpg\",\"width\":1532,\"height\":2048},{\"@type\":\"BreadcrumbList\",\"@id\":\"https:\\\/\\\/novice.si\\\/page\\\/ivan-arbeiter-casa-za-pogovor-s-pacientom-in-pregled-je-zmeraj-manj\\\/#breadcrumb\",\"itemListElement\":[{\"@type\":\"ListItem\",\"position\":1,\"name\":\"Home\",\"item\":\"https:\\\/\\\/novice.si\\\/page\\\/\"},{\"@type\":\"ListItem\",\"position\":2,\"name\":\"Ivan Arbeiter: \u00bb\u010casa za pogovor s pacientom in pregled je zmeraj manj\u00ab\"}]},{\"@type\":\"WebSite\",\"@id\":\"https:\\\/\\\/novice.si\\\/page\\\/#website\",\"url\":\"https:\\\/\\\/novice.si\\\/page\\\/\",\"name\":\"Novice.si\",\"description\":\"\",\"publisher\":{\"@id\":\"https:\\\/\\\/novice.si\\\/page\\\/#organization\"},\"potentialAction\":[{\"@type\":\"SearchAction\",\"target\":{\"@type\":\"EntryPoint\",\"urlTemplate\":\"https:\\\/\\\/novice.si\\\/page\\\/?s={search_term_string}\"},\"query-input\":{\"@type\":\"PropertyValueSpecification\",\"valueRequired\":true,\"valueName\":\"search_term_string\"}}],\"inLanguage\":\"sl-SI\"},{\"@type\":\"Organization\",\"@id\":\"https:\\\/\\\/novice.si\\\/page\\\/#organization\",\"name\":\"Novice.si\",\"url\":\"https:\\\/\\\/novice.si\\\/page\\\/\",\"logo\":{\"@type\":\"ImageObject\",\"inLanguage\":\"sl-SI\",\"@id\":\"https:\\\/\\\/novice.si\\\/page\\\/#\\\/schema\\\/logo\\\/image\\\/\",\"url\":\"https:\\\/\\\/novice.si\\\/page\\\/wp-content\\\/uploads\\\/2023\\\/03\\\/novice_si.png\",\"contentUrl\":\"https:\\\/\\\/novice.si\\\/page\\\/wp-content\\\/uploads\\\/2023\\\/03\\\/novice_si.png\",\"width\":576,\"height\":200,\"caption\":\"Novice.si\"},\"image\":{\"@id\":\"https:\\\/\\\/novice.si\\\/page\\\/#\\\/schema\\\/logo\\\/image\\\/\"}},{\"@type\":\"Person\",\"@id\":\"https:\\\/\\\/novice.si\\\/page\\\/#\\\/schema\\\/person\\\/51903923b50fefb075bc1cd24fe4d065\",\"name\":\"Uredni\u0161tvo Celjana\",\"image\":{\"@type\":\"ImageObject\",\"inLanguage\":\"sl-SI\",\"@id\":\"https:\\\/\\\/secure.gravatar.com\\\/avatar\\\/b516f102aa90b53619e09722b8ea56721c99bfcb4f1035f9b333d99f52330226?s=96&d=mm&r=g\",\"url\":\"https:\\\/\\\/secure.gravatar.com\\\/avatar\\\/b516f102aa90b53619e09722b8ea56721c99bfcb4f1035f9b333d99f52330226?s=96&d=mm&r=g\",\"contentUrl\":\"https:\\\/\\\/secure.gravatar.com\\\/avatar\\\/b516f102aa90b53619e09722b8ea56721c99bfcb4f1035f9b333d99f52330226?s=96&d=mm&r=g\",\"caption\":\"Uredni\u0161tvo Celjana\"},\"url\":\"https:\\\/\\\/novice.si\\\/page\\\/author\\\/nejc\\\/\"}]}<\/script>\n<!-- \/ Yoast SEO plugin. -->","yoast_head_json":{"title":"Ivan Arbeiter: \u00bb\u010casa za pogovor s pacientom in pregled je zmeraj manj\u00ab - Novice.si","robots":{"index":"index","follow":"follow","max-snippet":"max-snippet:-1","max-image-preview":"max-image-preview:large","max-video-preview":"max-video-preview:-1"},"canonical":"https:\/\/novice.si\/page\/ivan-arbeiter-casa-za-pogovor-s-pacientom-in-pregled-je-zmeraj-manj\/","og_locale":"sl_SI","og_type":"article","og_title":"Ivan Arbeiter: \u00bb\u010casa za pogovor s pacientom in pregled je zmeraj manj\u00ab - Novice.si","og_description":"Ivan Arbeiter je mlad zdravnik iz Slovenske Bistrice. Letos je v Oplotnici prevzel ambulanto dru\u017einske medicine, ki jo je pred tem vodil njegov o\u010de. Ivan, kako bi opisali samega sebe? Zagotovo niste samo zdravnik \u2026 Sem o\u010de, sin, brat. Rad igram tenis, smu\u010dam, v\u010dasih smo igrali ko\u0161arko, pojem v pevskem zboru KUD \u0160martno na Pohorju. [&hellip;]","og_url":"https:\/\/novice.si\/page\/ivan-arbeiter-casa-za-pogovor-s-pacientom-in-pregled-je-zmeraj-manj\/","og_site_name":"Novice.si","article_published_time":"2023-11-16T07:32:40+00:00","og_image":[{"width":1532,"height":2048,"url":"https:\/\/novice.si\/page\/wp-content\/uploads\/2023\/11\/368012338_1119678119002522_2707361199423302292_n.jpg","type":"image\/jpeg"}],"author":"Uredni\u0161tvo Celjana","twitter_card":"summary_large_image","twitter_misc":{"Written by":"Uredni\u0161tvo Celjana","Est. reading time":"5 minut"},"schema":{"@context":"https:\/\/schema.org","@graph":[{"@type":"Article","@id":"https:\/\/novice.si\/page\/ivan-arbeiter-casa-za-pogovor-s-pacientom-in-pregled-je-zmeraj-manj\/#article","isPartOf":{"@id":"https:\/\/novice.si\/page\/ivan-arbeiter-casa-za-pogovor-s-pacientom-in-pregled-je-zmeraj-manj\/"},"author":{"name":"Uredni\u0161tvo Celjana","@id":"https:\/\/novice.si\/page\/#\/schema\/person\/51903923b50fefb075bc1cd24fe4d065"},"headline":"Ivan Arbeiter: \u00bb\u010casa za pogovor s pacientom in pregled je zmeraj manj\u00ab","datePublished":"2023-11-16T07:32:40+00:00","mainEntityOfPage":{"@id":"https:\/\/novice.si\/page\/ivan-arbeiter-casa-za-pogovor-s-pacientom-in-pregled-je-zmeraj-manj\/"},"wordCount":881,"publisher":{"@id":"https:\/\/novice.si\/page\/#organization"},"image":{"@id":"https:\/\/novice.si\/page\/ivan-arbeiter-casa-za-pogovor-s-pacientom-in-pregled-je-zmeraj-manj\/#primaryimage"},"thumbnailUrl":"https:\/\/novice.si\/page\/wp-content\/uploads\/2023\/11\/368012338_1119678119002522_2707361199423302292_n.jpg","keywords":["dru\u017einski zdravnik","Ivan Arbeiter"],"articleSection":["Aktualno","Bistri\u0161ko"],"inLanguage":"sl-SI"},{"@type":"WebPage","@id":"https:\/\/novice.si\/page\/ivan-arbeiter-casa-za-pogovor-s-pacientom-in-pregled-je-zmeraj-manj\/","url":"https:\/\/novice.si\/page\/ivan-arbeiter-casa-za-pogovor-s-pacientom-in-pregled-je-zmeraj-manj\/","name":"Ivan Arbeiter: \u00bb\u010casa za pogovor s pacientom in pregled je zmeraj manj\u00ab - Novice.si","isPartOf":{"@id":"https:\/\/novice.si\/page\/#website"},"primaryImageOfPage":{"@id":"https:\/\/novice.si\/page\/ivan-arbeiter-casa-za-pogovor-s-pacientom-in-pregled-je-zmeraj-manj\/#primaryimage"},"image":{"@id":"https:\/\/novice.si\/page\/ivan-arbeiter-casa-za-pogovor-s-pacientom-in-pregled-je-zmeraj-manj\/#primaryimage"},"thumbnailUrl":"https:\/\/novice.si\/page\/wp-content\/uploads\/2023\/11\/368012338_1119678119002522_2707361199423302292_n.jpg","datePublished":"2023-11-16T07:32:40+00:00","breadcrumb":{"@id":"https:\/\/novice.si\/page\/ivan-arbeiter-casa-za-pogovor-s-pacientom-in-pregled-je-zmeraj-manj\/#breadcrumb"},"inLanguage":"sl-SI","potentialAction":[{"@type":"ReadAction","target":["https:\/\/novice.si\/page\/ivan-arbeiter-casa-za-pogovor-s-pacientom-in-pregled-je-zmeraj-manj\/"]}]},{"@type":"ImageObject","inLanguage":"sl-SI","@id":"https:\/\/novice.si\/page\/ivan-arbeiter-casa-za-pogovor-s-pacientom-in-pregled-je-zmeraj-manj\/#primaryimage","url":"https:\/\/novice.si\/page\/wp-content\/uploads\/2023\/11\/368012338_1119678119002522_2707361199423302292_n.jpg","contentUrl":"https:\/\/novice.si\/page\/wp-content\/uploads\/2023\/11\/368012338_1119678119002522_2707361199423302292_n.jpg","width":1532,"height":2048},{"@type":"BreadcrumbList","@id":"https:\/\/novice.si\/page\/ivan-arbeiter-casa-za-pogovor-s-pacientom-in-pregled-je-zmeraj-manj\/#breadcrumb","itemListElement":[{"@type":"ListItem","position":1,"name":"Home","item":"https:\/\/novice.si\/page\/"},{"@type":"ListItem","position":2,"name":"Ivan Arbeiter: \u00bb\u010casa za pogovor s pacientom in pregled je zmeraj manj\u00ab"}]},{"@type":"WebSite","@id":"https:\/\/novice.si\/page\/#website","url":"https:\/\/novice.si\/page\/","name":"Novice.si","description":"","publisher":{"@id":"https:\/\/novice.si\/page\/#organization"},"potentialAction":[{"@type":"SearchAction","target":{"@type":"EntryPoint","urlTemplate":"https:\/\/novice.si\/page\/?s={search_term_string}"},"query-input":{"@type":"PropertyValueSpecification","valueRequired":true,"valueName":"search_term_string"}}],"inLanguage":"sl-SI"},{"@type":"Organization","@id":"https:\/\/novice.si\/page\/#organization","name":"Novice.si","url":"https:\/\/novice.si\/page\/","logo":{"@type":"ImageObject","inLanguage":"sl-SI","@id":"https:\/\/novice.si\/page\/#\/schema\/logo\/image\/","url":"https:\/\/novice.si\/page\/wp-content\/uploads\/2023\/03\/novice_si.png","contentUrl":"https:\/\/novice.si\/page\/wp-content\/uploads\/2023\/03\/novice_si.png","width":576,"height":200,"caption":"Novice.si"},"image":{"@id":"https:\/\/novice.si\/page\/#\/schema\/logo\/image\/"}},{"@type":"Person","@id":"https:\/\/novice.si\/page\/#\/schema\/person\/51903923b50fefb075bc1cd24fe4d065","name":"Uredni\u0161tvo Celjana","image":{"@type":"ImageObject","inLanguage":"sl-SI","@id":"https:\/\/secure.gravatar.com\/avatar\/b516f102aa90b53619e09722b8ea56721c99bfcb4f1035f9b333d99f52330226?s=96&d=mm&r=g","url":"https:\/\/secure.gravatar.com\/avatar\/b516f102aa90b53619e09722b8ea56721c99bfcb4f1035f9b333d99f52330226?s=96&d=mm&r=g","contentUrl":"https:\/\/secure.gravatar.com\/avatar\/b516f102aa90b53619e09722b8ea56721c99bfcb4f1035f9b333d99f52330226?s=96&d=mm&r=g","caption":"Uredni\u0161tvo Celjana"},"url":"https:\/\/novice.si\/page\/author\/nejc\/"}]}},"_links":{"self":[{"href":"https:\/\/novice.si\/page\/wp-json\/wp\/v2\/posts\/169281","targetHints":{"allow":["GET"]}}],"collection":[{"href":"https:\/\/novice.si\/page\/wp-json\/wp\/v2\/posts"}],"about":[{"href":"https:\/\/novice.si\/page\/wp-json\/wp\/v2\/types\/post"}],"author":[{"embeddable":true,"href":"https:\/\/novice.si\/page\/wp-json\/wp\/v2\/users\/12"}],"replies":[{"embeddable":true,"href":"https:\/\/novice.si\/page\/wp-json\/wp\/v2\/comments?post=169281"}],"version-history":[{"count":1,"href":"https:\/\/novice.si\/page\/wp-json\/wp\/v2\/posts\/169281\/revisions"}],"predecessor-version":[{"id":169283,"href":"https:\/\/novice.si\/page\/wp-json\/wp\/v2\/posts\/169281\/revisions\/169283"}],"wp:featuredmedia":[{"embeddable":true,"href":"https:\/\/novice.si\/page\/wp-json\/wp\/v2\/media\/169282"}],"wp:attachment":[{"href":"https:\/\/novice.si\/page\/wp-json\/wp\/v2\/media?parent=169281"}],"wp:term":[{"taxonomy":"category","embeddable":true,"href":"https:\/\/novice.si\/page\/wp-json\/wp\/v2\/categories?post=169281"},{"taxonomy":"post_tag","embeddable":true,"href":"https:\/\/novice.si\/page\/wp-json\/wp\/v2\/tags?post=169281"}],"curies":[{"name":"wp","href":"https:\/\/api.w.org\/{rel}","templated":true}]}}