{"id":169243,"date":"2023-11-15T12:03:17","date_gmt":"2023-11-15T11:03:17","guid":{"rendered":"https:\/\/novice.si\/page\/?p=169243"},"modified":"2023-11-16T08:19:16","modified_gmt":"2023-11-16T07:19:16","slug":"vzrok-onesnazenja-vode-v-sistemu-gracic-bezina-se-ni-znan-voda-je-se-oporecna","status":"publish","type":"post","link":"https:\/\/novice.si\/page\/vzrok-onesnazenja-vode-v-sistemu-gracic-bezina-se-ni-znan-voda-je-se-oporecna\/","title":{"rendered":"Povzro\u010ditelj onesna\u017eenja vode v sistemu Gra\u010di\u010d \u2013 Bezina \u0161e ni znan, voda je \u0161e opore\u010dna"},"content":{"rendered":"<p><strong>Vzrok onesna\u017eenja vodnih virov v zasebnem vodovodnem sistemu Gra\u010di\u010d \u2013 Bezina \u0161e ni znan. O problematiki pitne vode na tem obmo\u010dju smo govorili s predsednikom Krajevne skupnosti Bezina Maticem Petra\u0161em. Voda \u0161e ni primerna za rabo.<\/strong><\/p>\n<p>Na dru\u017ebenih omre\u017ejih Krajevne skupnosti Bezina, ki upravlja zasebni vodovodni sistem Gra\u010di\u010d &#8211; Bezina, so sporo\u010dili, da je trenutno v obratovanju en vodni vir, dva sta zaradi onesna\u017eenosti izlo\u010dena iz sistema. V\u010deraj so, tako pi\u0161ejo, tudi opravili nadzor oziroma pregled delovanja. Zaradi zaprtja dveh virov je vode manj, zato so v dogovoru s predstavniki JKP Slovenske Konjice gasilci v sistem za\u010deli dova\u017eati (neopore\u010dno) vodo iz konji\u0161kega javnega vodovoda.<br \/>\nPredsednik KS Bezina <strong>Matic Petra\u0161<\/strong> nam je zdaj sporo\u010dil, da zajetja trenutno napaja voda iz enega vira. Ker pa se v sistemu \u0161e lahko nahaja onesna\u017eena voda, le-ta \u0161e vedno ni primerna za rabo, prav tako je trenutno mo\u010dno klorirana.<\/p>\n<p><strong>Predsednik KS Bezina: denarja za ve\u010dje nalo\u017ebe ni<\/strong><\/p>\n<p>Matic Petra\u0161, ki Svet Krajevne skupnosti Bezina vodi od lanskih lokalnih volitev, je za NOVICE in Radio Rogla sporo\u010dil, da vzrok nedeljskega onesna\u017eenja \u0161e ni znan, saj \u0161e \u010dakajo ugotovitve policije. Dokler ne bo jasnih infromacij, oba opore\u010dna vodna vira ostajata zaprta.<br \/>\nNa vpra\u0161anje, zakaj voda v tem sistemu ve\u010dkrat ni ustrezna, tudi po ve\u010djih de\u017eevjih, odgovarja, da jim to ni znano. <em>&#8220;Iskali smo ve\u010d vzrokov, pri tem se je letos naredilo na zajetjih zapiranje, kar omogo\u010da preusmeriti vodo izven sistema. Voda je bila bolj\u0161a, samo \u0161e vedno ne dovolj dobra za uporabnike.&#8221;<br \/>\n<\/em>Kak\u0161ni so na\u010drti za izbolj\u0161anje sistema, da do kaljenja virov in predvsem onesna\u017eenj ne bo ve\u010d prihajalo? <em>&#8220;Na\u0161li smo mo\u017enosti za filtracijo vode, projekt filtracije je velik in finan\u010dno zahteven, ocenjen je na ve\u010d kot 40.000 evrov + DDV, celotni projekt z nakupom zemlji\u0161\u010da pa je ocenjen na okoli 100.000 evrov. Pri tem je treba navesti, da potrebujemo tudi prisotnost ekipe ljudi, ki bi za to skrbela.&#8221;<br \/>\n<\/em>Kakr\u0161nekoli posege v sistem bodo izvedli, ko bo za to dovolj denarja. Zdaj ga, tako pravi, namre\u010d ni dovolj.<\/p>\n<p><strong>Problematika z dolgo brado<\/strong><\/p>\n<p>Glede na informacije, ki jih ima sedanje vodstvo KS Bezina, so na sistemu pred \u010dasom sicer izvedli nalo\u017ebo v obnovitev zajetij, a za kak\u0161ne ve\u010dje posege ni bilo dovolj denarja. Kaj to\u010dno so obsegala pretekla dela, \u0161e ugotavljamo, nam je pa Petra\u0161 posredoval podatke o prihodkih in stro\u0161kih tega sistema od leta 2019 do 2022, torej v \u010dasu, ko je Svet KS \u0161e vodil <strong>David Konec<\/strong>:<\/p>\n<table style=\"height: 112px\" width=\"492\">\n<tbody>\n<tr>\n<td width=\"64\"><strong>\u00a0Leto <\/strong><\/td>\n<td width=\"196\"><strong>Prihodki\u00a0<\/strong><\/td>\n<td width=\"123\"><strong>Stro\u0161ki<\/strong><\/td>\n<\/tr>\n<tr>\n<td>2019<\/td>\n<td>18.153,78<\/td>\n<td>16.388,03<\/td>\n<\/tr>\n<tr>\n<td>2020<\/td>\n<td>14.539,56<\/td>\n<td>17.944,02<\/td>\n<\/tr>\n<tr>\n<td>2021<\/td>\n<td>25.821,74<\/td>\n<td>33.106,29<\/td>\n<\/tr>\n<tr>\n<td>2022<\/td>\n<td>35.043,32<\/td>\n<td>19.696,92<\/td>\n<\/tr>\n<tr>\n<td><strong>SKUPAJ<\/strong><\/td>\n<td><strong>93.558,40<\/strong><\/td>\n<td><strong>87.135,26<\/strong><\/td>\n<\/tr>\n<\/tbody>\n<\/table>\n<p>&nbsp;<\/p>\n<p>Zanimalo nas je tudi, kako v primerih onesna\u017eenj poteka obve\u0161\u010danje javnosti. Predsednik pravi, da poteka po definiranem sistemu, pri \u010demer velikokrat res pride do zamika pri obve\u0161\u010danju javnosti, saj sistema <em>&#8220;zaradi volonterskega dela ni mogo\u010de druga\u010de zastaviti, \u010de se odlo\u010dimo za druga\u010den sistem bo le-to prineslo vi\u0161je cene na polo\u017enicah.&#8221;<br \/>\n<\/em>Krajani so opozorili na neodzivnost KS pri podajanju informacij o stanju sistema. O\u010ditno \u017eelijo sestanek, zbor krajanov, kjer bi odprli to temo in razpravljali o odprtih vpra\u0161anjih glede vodovodnega sistema. Zakaj tak sestanek \u0161e ni bil sklican?<br \/>\n<em>&#8220;Kot novi \u010dlani KS Bezina te\u017eko razpravljamo o zadevi, ki te\u010de \u017ee vrsto let in o kateri nimamo veliko dejstev, brez dane podlage pa je zelo te\u017eavno zadevo peljati, kajti vsak \u010dlan, preden izve vse informacije, zapusti vrste KS, kar se ka\u017ee v pomanjkanju informacij vseh dele\u017enikov, \u0161e zlasti teh, ki so sedaj vklju\u010deni v vodenje KS.&#8221;<br \/>\n<\/em>Ali bo zbor krajanov, kjer bi se le-ti opredelili do pobude, da v kraju zagotovijo javni vodovod v upravljanju JKP Slovenske Konjice, za zdaj \u0161e ni znano. Je pa vodstvu KS Bezina to na ponedeljkovem sestanku predlagala konji\u0161ka Ob\u010dina, saj bi tako tudi la\u017eje zagotovili javni denar za nujne nalo\u017ebe.<\/p>\n<p><strong>Trenutno stanje nezakonito, uporabniki zbirajo podpise<\/strong><\/p>\n<p>Spomnimo, da so pred leti na tem obmo\u010dju \u017ee bila prizadevanja, da bi zasebni vodovod predali v javno last in upravljanje. Prevzela bi ga JKP Slovenske Konjice. Takrat krajani pobude niso podprli, najbr\u017e zato, ker bi prenos lastni\u0161tva pomenil tudi vi\u0161je zneske na njihovih polo\u017enicah.<br \/>\nPo zadnjem dogodku pa se javno mnenje o\u010ditno spreminja. Krajani, zdru\u017eeni v Facebook skupino <em>Uporabniki pitne vode v oskrbi KS Bezina<\/em>, so namre\u010d na terenu za\u010deli z zbiranjem podpisov. S peticijo zahtevajo, da se takoj pristopi k re\u0161evanju nastale situacije, njihov zasebni vodovod prenese v upravljanje JKP Slovenske Konjice.<br \/>\nKot so zapisali ob peticiji, je trenutna ureditev namre\u010d nezakonita:<br \/>\n<em>&#8220;Uredba o oskrbi s pitno vodo v 9. \u010dlenu izrecno dolo\u010da, da mora biti obmo\u010dje poselitve s 50 ali ve\u010d prebivalci s stalnim prebivali\u0161\u010dem in z gostoto poselitve ve\u010djo od pet prebivalcev s stalnim prebivali\u0161\u010dem na hektar opremljeno z javnim vodovodom.&#8221;<\/em><\/p>\n<p><strong>Nih\u010de jim ni zagotovil pitne vode<\/strong><\/p>\n<p>Zapisali so tudi, da prebivalci \u017ee ve\u010d let opozarjajo na nevzdr\u017eno stanje glede oskrbe s pitno vodo, pri \u010demer je stanje iz leta v leto slab\u0161e. Po nedeljskem onesna\u017eenju je \u00bb<em>veliko prebivalcev \u017ee utrpelo prebavne te\u017eave, nekateri so bili primorani celo poiskati zdravni\u0161ko pomo\u010d. Pri tem ne gre zanemariti odnosa KS Bezina \u2013 zgolj obvestilo o prepovedi uporabe vode, brez konkretnej\u0161ih pojasnil, \u0161e manj oskrba krajanov s sekundarno vodo. Krajani smo bili primorani sami iskati vodo, pri \u010demer je slednje tudi na bencinskih servisih, ki so bili v nedeljo edini odprti, zmanjkalo. Stro\u0161ek nabave vode pa je na ple\u010dih nas krajanov.\u00ab<br \/>\n<\/em>S peticijo zahtevajo tudi podatke o tem, koliko denarja je bilo zbranega iz naslova pla\u010dila stro\u0161kov oskrbe z vodo in za katere namene je bil porabljen.<br \/>\n(Nina Krobat, Radio Rogla, Novice)<\/p>\n<p><strong>PREBERITE TUDI:<\/strong><\/p>\n<blockquote class=\"wp-embedded-content\" data-secret=\"gLuIU7Iak6\"><p><a href=\"https:\/\/novice.si\/page\/onesnazena-voda-v-sistemu-gracic-bezina-obcina-predlaga-prenos-lastnistva-vodovoda\/\">Onesna\u017eena voda v sistemu Gra\u010di\u010d &#8211; Bezina: Ob\u010dina predlaga prenos lastni\u0161tva vodovoda<\/a><\/p><\/blockquote>\n<p><iframe loading=\"lazy\" class=\"wp-embedded-content\" sandbox=\"allow-scripts\" security=\"restricted\" style=\"position: absolute; clip: rect(1px, 1px, 1px, 1px);\" title=\"&#8220;Onesna\u017eena voda v sistemu Gra\u010di\u010d &#8211; Bezina: Ob\u010dina predlaga prenos lastni\u0161tva vodovoda&#8221; &#8212; Novice.si\" src=\"https:\/\/novice.si\/page\/onesnazena-voda-v-sistemu-gracic-bezina-obcina-predlaga-prenos-lastnistva-vodovoda\/embed\/#?secret=VOFqE2OzHM#?secret=gLuIU7Iak6\" data-secret=\"gLuIU7Iak6\" width=\"600\" height=\"338\" frameborder=\"0\" marginwidth=\"0\" marginheight=\"0\" scrolling=\"no\"><\/iframe><\/p>\n<blockquote class=\"wp-embedded-content\" data-secret=\"rirMH2Z7Z1\"><p><a href=\"https:\/\/novice.si\/page\/na-obmocju-bezine-vceraj-novo-onesnazenje-vode\/\">Na obmo\u010dju vodovodnega sistema Gra\u010di\u010d &#8211; Bezina onesna\u017eenje: &#8220;Voda ima okus po gnojnici!&#8221;<\/a><\/p><\/blockquote>\n<p><iframe loading=\"lazy\" class=\"wp-embedded-content\" sandbox=\"allow-scripts\" security=\"restricted\" style=\"position: absolute; clip: rect(1px, 1px, 1px, 1px);\" title=\"&#8220;Na obmo\u010dju vodovodnega sistema Gra\u010di\u010d &#8211; Bezina onesna\u017eenje: &#8220;Voda ima okus po gnojnici!&#8221;&#8221; &#8212; Novice.si\" src=\"https:\/\/novice.si\/page\/na-obmocju-bezine-vceraj-novo-onesnazenje-vode\/embed\/#?secret=ex519tO8Gx#?secret=rirMH2Z7Z1\" data-secret=\"rirMH2Z7Z1\" width=\"600\" height=\"338\" frameborder=\"0\" marginwidth=\"0\" marginheight=\"0\" scrolling=\"no\"><\/iframe><\/p>\n","protected":false},"excerpt":{"rendered":"<p>Vzrok onesna\u017eenja vodnih virov v zasebnem vodovodnem sistemu Gra\u010di\u010d \u2013 Bezina \u0161e ni znan. O problematiki pitne vode na tem obmo\u010dju smo govorili s predsednikom Krajevne skupnosti Bezina Maticem Petra\u0161em. Voda \u0161e ni primerna za rabo. Na dru\u017ebenih omre\u017ejih Krajevne skupnosti Bezina, ki upravlja zasebni vodovodni sistem Gra\u010di\u010d &#8211; Bezina, so sporo\u010dili, da je trenutno [&hellip;]<\/p>\n","protected":false},"author":12,"featured_media":169217,"comment_status":"closed","ping_status":"closed","sticky":false,"template":"","format":"standard","meta":{"footnotes":""},"categories":[14,868,16,141,3108],"tags":[1622,19154,7694,1404],"class_list":{"0":"post-169243","1":"post","2":"type-post","3":"status-publish","4":"format-standard","5":"has-post-thumbnail","7":"category-aktualno","8":"category-casopisi","9":"category-konjisko","10":"category-novice","11":"category-radio-rogla","12":"tag-bezina","13":"tag-gracic","14":"tag-onesnazenje","15":"tag-voda"},"yoast_head":"<!-- This site is optimized with the Yoast SEO plugin v27.4 - https:\/\/yoast.com\/product\/yoast-seo-wordpress\/ -->\n<title>Povzro\u010ditelj onesna\u017eenja vode v sistemu Gra\u010di\u010d \u2013 Bezina \u0161e ni znan, voda je \u0161e opore\u010dna - Novice.si<\/title>\n<meta name=\"robots\" content=\"index, follow, max-snippet:-1, max-image-preview:large, max-video-preview:-1\" \/>\n<link rel=\"canonical\" href=\"https:\/\/novice.si\/page\/vzrok-onesnazenja-vode-v-sistemu-gracic-bezina-se-ni-znan-voda-je-se-oporecna\/\" \/>\n<meta property=\"og:locale\" content=\"sl_SI\" \/>\n<meta property=\"og:type\" content=\"article\" \/>\n<meta property=\"og:title\" content=\"Povzro\u010ditelj onesna\u017eenja vode v sistemu Gra\u010di\u010d \u2013 Bezina \u0161e ni znan, voda je \u0161e opore\u010dna - Novice.si\" \/>\n<meta property=\"og:description\" content=\"Vzrok onesna\u017eenja vodnih virov v zasebnem vodovodnem sistemu Gra\u010di\u010d \u2013 Bezina \u0161e ni znan. O problematiki pitne vode na tem obmo\u010dju smo govorili s predsednikom Krajevne skupnosti Bezina Maticem Petra\u0161em. Voda \u0161e ni primerna za rabo. Na dru\u017ebenih omre\u017ejih Krajevne skupnosti Bezina, ki upravlja zasebni vodovodni sistem Gra\u010di\u010d &#8211; Bezina, so sporo\u010dili, da je trenutno [&hellip;]\" \/>\n<meta property=\"og:url\" content=\"https:\/\/novice.si\/page\/vzrok-onesnazenja-vode-v-sistemu-gracic-bezina-se-ni-znan-voda-je-se-oporecna\/\" \/>\n<meta property=\"og:site_name\" content=\"Novice.si\" \/>\n<meta property=\"article:published_time\" content=\"2023-11-15T11:03:17+00:00\" \/>\n<meta property=\"article:modified_time\" content=\"2023-11-16T07:19:16+00:00\" \/>\n<meta property=\"og:image\" content=\"https:\/\/novice.si\/page\/wp-content\/uploads\/2023\/11\/djWodfFMT4a25F379YkD_file.jpg\" \/>\n\t<meta property=\"og:image:width\" content=\"1280\" \/>\n\t<meta property=\"og:image:height\" content=\"720\" \/>\n\t<meta property=\"og:image:type\" content=\"image\/jpeg\" \/>\n<meta name=\"author\" content=\"Uredni\u0161tvo Celjana\" \/>\n<meta name=\"twitter:card\" content=\"summary_large_image\" \/>\n<meta name=\"twitter:label1\" content=\"Written by\" \/>\n\t<meta name=\"twitter:data1\" content=\"Uredni\u0161tvo Celjana\" \/>\n\t<meta name=\"twitter:label2\" content=\"Est. reading time\" \/>\n\t<meta name=\"twitter:data2\" content=\"6 minut\" \/>\n<script type=\"application\/ld+json\" class=\"yoast-schema-graph\">{\"@context\":\"https:\\\/\\\/schema.org\",\"@graph\":[{\"@type\":\"Article\",\"@id\":\"https:\\\/\\\/novice.si\\\/page\\\/vzrok-onesnazenja-vode-v-sistemu-gracic-bezina-se-ni-znan-voda-je-se-oporecna\\\/#article\",\"isPartOf\":{\"@id\":\"https:\\\/\\\/novice.si\\\/page\\\/vzrok-onesnazenja-vode-v-sistemu-gracic-bezina-se-ni-znan-voda-je-se-oporecna\\\/\"},\"author\":{\"name\":\"Uredni\u0161tvo Celjana\",\"@id\":\"https:\\\/\\\/novice.si\\\/page\\\/#\\\/schema\\\/person\\\/51903923b50fefb075bc1cd24fe4d065\"},\"headline\":\"Povzro\u010ditelj onesna\u017eenja vode v sistemu Gra\u010di\u010d \u2013 Bezina \u0161e ni znan, voda je \u0161e opore\u010dna\",\"datePublished\":\"2023-11-15T11:03:17+00:00\",\"dateModified\":\"2023-11-16T07:19:16+00:00\",\"mainEntityOfPage\":{\"@id\":\"https:\\\/\\\/novice.si\\\/page\\\/vzrok-onesnazenja-vode-v-sistemu-gracic-bezina-se-ni-znan-voda-je-se-oporecna\\\/\"},\"wordCount\":1000,\"publisher\":{\"@id\":\"https:\\\/\\\/novice.si\\\/page\\\/#organization\"},\"image\":{\"@id\":\"https:\\\/\\\/novice.si\\\/page\\\/vzrok-onesnazenja-vode-v-sistemu-gracic-bezina-se-ni-znan-voda-je-se-oporecna\\\/#primaryimage\"},\"thumbnailUrl\":\"https:\\\/\\\/novice.si\\\/page\\\/wp-content\\\/uploads\\\/2023\\\/11\\\/djWodfFMT4a25F379YkD_file.jpg\",\"keywords\":[\"Bezina\",\"gra\u010di\u010d\",\"onesna\u017eenje\",\"voda\"],\"articleSection\":[\"Aktualno\",\"\u010casopisi\",\"Konji\u0161ko\",\"Novice\",\"Radio Rogla\"],\"inLanguage\":\"sl-SI\"},{\"@type\":\"WebPage\",\"@id\":\"https:\\\/\\\/novice.si\\\/page\\\/vzrok-onesnazenja-vode-v-sistemu-gracic-bezina-se-ni-znan-voda-je-se-oporecna\\\/\",\"url\":\"https:\\\/\\\/novice.si\\\/page\\\/vzrok-onesnazenja-vode-v-sistemu-gracic-bezina-se-ni-znan-voda-je-se-oporecna\\\/\",\"name\":\"Povzro\u010ditelj onesna\u017eenja vode v sistemu Gra\u010di\u010d \u2013 Bezina \u0161e ni znan, voda je \u0161e opore\u010dna - Novice.si\",\"isPartOf\":{\"@id\":\"https:\\\/\\\/novice.si\\\/page\\\/#website\"},\"primaryImageOfPage\":{\"@id\":\"https:\\\/\\\/novice.si\\\/page\\\/vzrok-onesnazenja-vode-v-sistemu-gracic-bezina-se-ni-znan-voda-je-se-oporecna\\\/#primaryimage\"},\"image\":{\"@id\":\"https:\\\/\\\/novice.si\\\/page\\\/vzrok-onesnazenja-vode-v-sistemu-gracic-bezina-se-ni-znan-voda-je-se-oporecna\\\/#primaryimage\"},\"thumbnailUrl\":\"https:\\\/\\\/novice.si\\\/page\\\/wp-content\\\/uploads\\\/2023\\\/11\\\/djWodfFMT4a25F379YkD_file.jpg\",\"datePublished\":\"2023-11-15T11:03:17+00:00\",\"dateModified\":\"2023-11-16T07:19:16+00:00\",\"breadcrumb\":{\"@id\":\"https:\\\/\\\/novice.si\\\/page\\\/vzrok-onesnazenja-vode-v-sistemu-gracic-bezina-se-ni-znan-voda-je-se-oporecna\\\/#breadcrumb\"},\"inLanguage\":\"sl-SI\",\"potentialAction\":[{\"@type\":\"ReadAction\",\"target\":[\"https:\\\/\\\/novice.si\\\/page\\\/vzrok-onesnazenja-vode-v-sistemu-gracic-bezina-se-ni-znan-voda-je-se-oporecna\\\/\"]}]},{\"@type\":\"ImageObject\",\"inLanguage\":\"sl-SI\",\"@id\":\"https:\\\/\\\/novice.si\\\/page\\\/vzrok-onesnazenja-vode-v-sistemu-gracic-bezina-se-ni-znan-voda-je-se-oporecna\\\/#primaryimage\",\"url\":\"https:\\\/\\\/novice.si\\\/page\\\/wp-content\\\/uploads\\\/2023\\\/11\\\/djWodfFMT4a25F379YkD_file.jpg\",\"contentUrl\":\"https:\\\/\\\/novice.si\\\/page\\\/wp-content\\\/uploads\\\/2023\\\/11\\\/djWodfFMT4a25F379YkD_file.jpg\",\"width\":1280,\"height\":720},{\"@type\":\"BreadcrumbList\",\"@id\":\"https:\\\/\\\/novice.si\\\/page\\\/vzrok-onesnazenja-vode-v-sistemu-gracic-bezina-se-ni-znan-voda-je-se-oporecna\\\/#breadcrumb\",\"itemListElement\":[{\"@type\":\"ListItem\",\"position\":1,\"name\":\"Home\",\"item\":\"https:\\\/\\\/novice.si\\\/page\\\/\"},{\"@type\":\"ListItem\",\"position\":2,\"name\":\"Povzro\u010ditelj onesna\u017eenja vode v sistemu Gra\u010di\u010d \u2013 Bezina \u0161e ni znan, voda je \u0161e opore\u010dna\"}]},{\"@type\":\"WebSite\",\"@id\":\"https:\\\/\\\/novice.si\\\/page\\\/#website\",\"url\":\"https:\\\/\\\/novice.si\\\/page\\\/\",\"name\":\"Novice.si\",\"description\":\"\",\"publisher\":{\"@id\":\"https:\\\/\\\/novice.si\\\/page\\\/#organization\"},\"potentialAction\":[{\"@type\":\"SearchAction\",\"target\":{\"@type\":\"EntryPoint\",\"urlTemplate\":\"https:\\\/\\\/novice.si\\\/page\\\/?s={search_term_string}\"},\"query-input\":{\"@type\":\"PropertyValueSpecification\",\"valueRequired\":true,\"valueName\":\"search_term_string\"}}],\"inLanguage\":\"sl-SI\"},{\"@type\":\"Organization\",\"@id\":\"https:\\\/\\\/novice.si\\\/page\\\/#organization\",\"name\":\"Novice.si\",\"url\":\"https:\\\/\\\/novice.si\\\/page\\\/\",\"logo\":{\"@type\":\"ImageObject\",\"inLanguage\":\"sl-SI\",\"@id\":\"https:\\\/\\\/novice.si\\\/page\\\/#\\\/schema\\\/logo\\\/image\\\/\",\"url\":\"https:\\\/\\\/novice.si\\\/page\\\/wp-content\\\/uploads\\\/2023\\\/03\\\/novice_si.png\",\"contentUrl\":\"https:\\\/\\\/novice.si\\\/page\\\/wp-content\\\/uploads\\\/2023\\\/03\\\/novice_si.png\",\"width\":576,\"height\":200,\"caption\":\"Novice.si\"},\"image\":{\"@id\":\"https:\\\/\\\/novice.si\\\/page\\\/#\\\/schema\\\/logo\\\/image\\\/\"}},{\"@type\":\"Person\",\"@id\":\"https:\\\/\\\/novice.si\\\/page\\\/#\\\/schema\\\/person\\\/51903923b50fefb075bc1cd24fe4d065\",\"name\":\"Uredni\u0161tvo Celjana\",\"image\":{\"@type\":\"ImageObject\",\"inLanguage\":\"sl-SI\",\"@id\":\"https:\\\/\\\/secure.gravatar.com\\\/avatar\\\/b516f102aa90b53619e09722b8ea56721c99bfcb4f1035f9b333d99f52330226?s=96&d=mm&r=g\",\"url\":\"https:\\\/\\\/secure.gravatar.com\\\/avatar\\\/b516f102aa90b53619e09722b8ea56721c99bfcb4f1035f9b333d99f52330226?s=96&d=mm&r=g\",\"contentUrl\":\"https:\\\/\\\/secure.gravatar.com\\\/avatar\\\/b516f102aa90b53619e09722b8ea56721c99bfcb4f1035f9b333d99f52330226?s=96&d=mm&r=g\",\"caption\":\"Uredni\u0161tvo Celjana\"},\"url\":\"https:\\\/\\\/novice.si\\\/page\\\/author\\\/nejc\\\/\"}]}<\/script>\n<!-- \/ Yoast SEO plugin. -->","yoast_head_json":{"title":"Povzro\u010ditelj onesna\u017eenja vode v sistemu Gra\u010di\u010d \u2013 Bezina \u0161e ni znan, voda je \u0161e opore\u010dna - Novice.si","robots":{"index":"index","follow":"follow","max-snippet":"max-snippet:-1","max-image-preview":"max-image-preview:large","max-video-preview":"max-video-preview:-1"},"canonical":"https:\/\/novice.si\/page\/vzrok-onesnazenja-vode-v-sistemu-gracic-bezina-se-ni-znan-voda-je-se-oporecna\/","og_locale":"sl_SI","og_type":"article","og_title":"Povzro\u010ditelj onesna\u017eenja vode v sistemu Gra\u010di\u010d \u2013 Bezina \u0161e ni znan, voda je \u0161e opore\u010dna - Novice.si","og_description":"Vzrok onesna\u017eenja vodnih virov v zasebnem vodovodnem sistemu Gra\u010di\u010d \u2013 Bezina \u0161e ni znan. O problematiki pitne vode na tem obmo\u010dju smo govorili s predsednikom Krajevne skupnosti Bezina Maticem Petra\u0161em. Voda \u0161e ni primerna za rabo. Na dru\u017ebenih omre\u017ejih Krajevne skupnosti Bezina, ki upravlja zasebni vodovodni sistem Gra\u010di\u010d &#8211; Bezina, so sporo\u010dili, da je trenutno [&hellip;]","og_url":"https:\/\/novice.si\/page\/vzrok-onesnazenja-vode-v-sistemu-gracic-bezina-se-ni-znan-voda-je-se-oporecna\/","og_site_name":"Novice.si","article_published_time":"2023-11-15T11:03:17+00:00","article_modified_time":"2023-11-16T07:19:16+00:00","og_image":[{"width":1280,"height":720,"url":"https:\/\/novice.si\/page\/wp-content\/uploads\/2023\/11\/djWodfFMT4a25F379YkD_file.jpg","type":"image\/jpeg"}],"author":"Uredni\u0161tvo Celjana","twitter_card":"summary_large_image","twitter_misc":{"Written by":"Uredni\u0161tvo Celjana","Est. reading time":"6 minut"},"schema":{"@context":"https:\/\/schema.org","@graph":[{"@type":"Article","@id":"https:\/\/novice.si\/page\/vzrok-onesnazenja-vode-v-sistemu-gracic-bezina-se-ni-znan-voda-je-se-oporecna\/#article","isPartOf":{"@id":"https:\/\/novice.si\/page\/vzrok-onesnazenja-vode-v-sistemu-gracic-bezina-se-ni-znan-voda-je-se-oporecna\/"},"author":{"name":"Uredni\u0161tvo Celjana","@id":"https:\/\/novice.si\/page\/#\/schema\/person\/51903923b50fefb075bc1cd24fe4d065"},"headline":"Povzro\u010ditelj onesna\u017eenja vode v sistemu Gra\u010di\u010d \u2013 Bezina \u0161e ni znan, voda je \u0161e opore\u010dna","datePublished":"2023-11-15T11:03:17+00:00","dateModified":"2023-11-16T07:19:16+00:00","mainEntityOfPage":{"@id":"https:\/\/novice.si\/page\/vzrok-onesnazenja-vode-v-sistemu-gracic-bezina-se-ni-znan-voda-je-se-oporecna\/"},"wordCount":1000,"publisher":{"@id":"https:\/\/novice.si\/page\/#organization"},"image":{"@id":"https:\/\/novice.si\/page\/vzrok-onesnazenja-vode-v-sistemu-gracic-bezina-se-ni-znan-voda-je-se-oporecna\/#primaryimage"},"thumbnailUrl":"https:\/\/novice.si\/page\/wp-content\/uploads\/2023\/11\/djWodfFMT4a25F379YkD_file.jpg","keywords":["Bezina","gra\u010di\u010d","onesna\u017eenje","voda"],"articleSection":["Aktualno","\u010casopisi","Konji\u0161ko","Novice","Radio Rogla"],"inLanguage":"sl-SI"},{"@type":"WebPage","@id":"https:\/\/novice.si\/page\/vzrok-onesnazenja-vode-v-sistemu-gracic-bezina-se-ni-znan-voda-je-se-oporecna\/","url":"https:\/\/novice.si\/page\/vzrok-onesnazenja-vode-v-sistemu-gracic-bezina-se-ni-znan-voda-je-se-oporecna\/","name":"Povzro\u010ditelj onesna\u017eenja vode v sistemu Gra\u010di\u010d \u2013 Bezina \u0161e ni znan, voda je \u0161e opore\u010dna - Novice.si","isPartOf":{"@id":"https:\/\/novice.si\/page\/#website"},"primaryImageOfPage":{"@id":"https:\/\/novice.si\/page\/vzrok-onesnazenja-vode-v-sistemu-gracic-bezina-se-ni-znan-voda-je-se-oporecna\/#primaryimage"},"image":{"@id":"https:\/\/novice.si\/page\/vzrok-onesnazenja-vode-v-sistemu-gracic-bezina-se-ni-znan-voda-je-se-oporecna\/#primaryimage"},"thumbnailUrl":"https:\/\/novice.si\/page\/wp-content\/uploads\/2023\/11\/djWodfFMT4a25F379YkD_file.jpg","datePublished":"2023-11-15T11:03:17+00:00","dateModified":"2023-11-16T07:19:16+00:00","breadcrumb":{"@id":"https:\/\/novice.si\/page\/vzrok-onesnazenja-vode-v-sistemu-gracic-bezina-se-ni-znan-voda-je-se-oporecna\/#breadcrumb"},"inLanguage":"sl-SI","potentialAction":[{"@type":"ReadAction","target":["https:\/\/novice.si\/page\/vzrok-onesnazenja-vode-v-sistemu-gracic-bezina-se-ni-znan-voda-je-se-oporecna\/"]}]},{"@type":"ImageObject","inLanguage":"sl-SI","@id":"https:\/\/novice.si\/page\/vzrok-onesnazenja-vode-v-sistemu-gracic-bezina-se-ni-znan-voda-je-se-oporecna\/#primaryimage","url":"https:\/\/novice.si\/page\/wp-content\/uploads\/2023\/11\/djWodfFMT4a25F379YkD_file.jpg","contentUrl":"https:\/\/novice.si\/page\/wp-content\/uploads\/2023\/11\/djWodfFMT4a25F379YkD_file.jpg","width":1280,"height":720},{"@type":"BreadcrumbList","@id":"https:\/\/novice.si\/page\/vzrok-onesnazenja-vode-v-sistemu-gracic-bezina-se-ni-znan-voda-je-se-oporecna\/#breadcrumb","itemListElement":[{"@type":"ListItem","position":1,"name":"Home","item":"https:\/\/novice.si\/page\/"},{"@type":"ListItem","position":2,"name":"Povzro\u010ditelj onesna\u017eenja vode v sistemu Gra\u010di\u010d \u2013 Bezina \u0161e ni znan, voda je \u0161e opore\u010dna"}]},{"@type":"WebSite","@id":"https:\/\/novice.si\/page\/#website","url":"https:\/\/novice.si\/page\/","name":"Novice.si","description":"","publisher":{"@id":"https:\/\/novice.si\/page\/#organization"},"potentialAction":[{"@type":"SearchAction","target":{"@type":"EntryPoint","urlTemplate":"https:\/\/novice.si\/page\/?s={search_term_string}"},"query-input":{"@type":"PropertyValueSpecification","valueRequired":true,"valueName":"search_term_string"}}],"inLanguage":"sl-SI"},{"@type":"Organization","@id":"https:\/\/novice.si\/page\/#organization","name":"Novice.si","url":"https:\/\/novice.si\/page\/","logo":{"@type":"ImageObject","inLanguage":"sl-SI","@id":"https:\/\/novice.si\/page\/#\/schema\/logo\/image\/","url":"https:\/\/novice.si\/page\/wp-content\/uploads\/2023\/03\/novice_si.png","contentUrl":"https:\/\/novice.si\/page\/wp-content\/uploads\/2023\/03\/novice_si.png","width":576,"height":200,"caption":"Novice.si"},"image":{"@id":"https:\/\/novice.si\/page\/#\/schema\/logo\/image\/"}},{"@type":"Person","@id":"https:\/\/novice.si\/page\/#\/schema\/person\/51903923b50fefb075bc1cd24fe4d065","name":"Uredni\u0161tvo Celjana","image":{"@type":"ImageObject","inLanguage":"sl-SI","@id":"https:\/\/secure.gravatar.com\/avatar\/b516f102aa90b53619e09722b8ea56721c99bfcb4f1035f9b333d99f52330226?s=96&d=mm&r=g","url":"https:\/\/secure.gravatar.com\/avatar\/b516f102aa90b53619e09722b8ea56721c99bfcb4f1035f9b333d99f52330226?s=96&d=mm&r=g","contentUrl":"https:\/\/secure.gravatar.com\/avatar\/b516f102aa90b53619e09722b8ea56721c99bfcb4f1035f9b333d99f52330226?s=96&d=mm&r=g","caption":"Uredni\u0161tvo Celjana"},"url":"https:\/\/novice.si\/page\/author\/nejc\/"}]}},"_links":{"self":[{"href":"https:\/\/novice.si\/page\/wp-json\/wp\/v2\/posts\/169243","targetHints":{"allow":["GET"]}}],"collection":[{"href":"https:\/\/novice.si\/page\/wp-json\/wp\/v2\/posts"}],"about":[{"href":"https:\/\/novice.si\/page\/wp-json\/wp\/v2\/types\/post"}],"author":[{"embeddable":true,"href":"https:\/\/novice.si\/page\/wp-json\/wp\/v2\/users\/12"}],"replies":[{"embeddable":true,"href":"https:\/\/novice.si\/page\/wp-json\/wp\/v2\/comments?post=169243"}],"version-history":[{"count":8,"href":"https:\/\/novice.si\/page\/wp-json\/wp\/v2\/posts\/169243\/revisions"}],"predecessor-version":[{"id":169312,"href":"https:\/\/novice.si\/page\/wp-json\/wp\/v2\/posts\/169243\/revisions\/169312"}],"wp:featuredmedia":[{"embeddable":true,"href":"https:\/\/novice.si\/page\/wp-json\/wp\/v2\/media\/169217"}],"wp:attachment":[{"href":"https:\/\/novice.si\/page\/wp-json\/wp\/v2\/media?parent=169243"}],"wp:term":[{"taxonomy":"category","embeddable":true,"href":"https:\/\/novice.si\/page\/wp-json\/wp\/v2\/categories?post=169243"},{"taxonomy":"post_tag","embeddable":true,"href":"https:\/\/novice.si\/page\/wp-json\/wp\/v2\/tags?post=169243"}],"curies":[{"name":"wp","href":"https:\/\/api.w.org\/{rel}","templated":true}]}}