{"id":169206,"date":"2023-11-12T18:11:09","date_gmt":"2023-11-12T17:11:09","guid":{"rendered":"https:\/\/novice.si\/page\/?p=169206"},"modified":"2023-11-12T18:11:09","modified_gmt":"2023-11-12T17:11:09","slug":"celjanom-stajerski-obracun-v-ljudskem-vrtu","status":"publish","type":"post","link":"https:\/\/novice.si\/page\/celjanom-stajerski-obracun-v-ljudskem-vrtu\/","title":{"rendered":"Celjanom \u0161tajerski obra\u010dun v Ljudskem vrtu"},"content":{"rendered":"<p><img loading=\"lazy\" decoding=\"async\" class=\"alignnone size-medium wp-image-169207\" src=\"https:\/\/novice.si\/page\/wp-content\/uploads\/2023\/11\/nogomet-celje-foto-Danilo-Vezjak-1-600x450.jpg\" alt=\"\" width=\"600\" height=\"450\" srcset=\"https:\/\/novice.si\/page\/wp-content\/uploads\/2023\/11\/nogomet-celje-foto-Danilo-Vezjak-1-600x450.jpg 600w, https:\/\/novice.si\/page\/wp-content\/uploads\/2023\/11\/nogomet-celje-foto-Danilo-Vezjak-1-1024x768.jpg 1024w, https:\/\/novice.si\/page\/wp-content\/uploads\/2023\/11\/nogomet-celje-foto-Danilo-Vezjak-1-768x576.jpg 768w, https:\/\/novice.si\/page\/wp-content\/uploads\/2023\/11\/nogomet-celje-foto-Danilo-Vezjak-1-80x60.jpg 80w, https:\/\/novice.si\/page\/wp-content\/uploads\/2023\/11\/nogomet-celje-foto-Danilo-Vezjak-1-265x198.jpg 265w, https:\/\/novice.si\/page\/wp-content\/uploads\/2023\/11\/nogomet-celje-foto-Danilo-Vezjak-1-696x522.jpg 696w, https:\/\/novice.si\/page\/wp-content\/uploads\/2023\/11\/nogomet-celje-foto-Danilo-Vezjak-1-1068x801.jpg 1068w, https:\/\/novice.si\/page\/wp-content\/uploads\/2023\/11\/nogomet-celje-foto-Danilo-Vezjak-1-560x420.jpg 560w, https:\/\/novice.si\/page\/wp-content\/uploads\/2023\/11\/nogomet-celje-foto-Danilo-Vezjak-1-24x18.jpg 24w, https:\/\/novice.si\/page\/wp-content\/uploads\/2023\/11\/nogomet-celje-foto-Danilo-Vezjak-1-36x27.jpg 36w, https:\/\/novice.si\/page\/wp-content\/uploads\/2023\/11\/nogomet-celje-foto-Danilo-Vezjak-1-48x36.jpg 48w, https:\/\/novice.si\/page\/wp-content\/uploads\/2023\/11\/nogomet-celje-foto-Danilo-Vezjak-1.jpg 1296w\" sizes=\"auto, (max-width: 600px) 100vw, 600px\" \/><br \/>\nNedelja je prinesla \u0161tajerski derbi nogometa\u0161ev Maribora in Celja. Tekma v Ljudskem vrtu je bila \u0161e posebej zanimiva, ker se je novi celjski trener <strong>Damir Krznar<\/strong> vrnil v mesto, kjer je leto\u0161njo sezono za\u010del. Na koncu \u017ee 113. obra\u010duna omenjenih ekip v 1. slovenski ligi \u2013 gre za mo\u0161tvi, ki sta edini v prvoliga\u0161ki konkurenci vse od osamosvojitve, so bili bolj zadovoljni grofje. Edini zadetek za 0:1 je v 70. minuti dosegel <strong>Mark Zabukovnik<\/strong>, ki je prestregel mariborsko podajo in stekel v kazenski prostor, kjer je zadel s kak\u0161nih petih metrov. Po odigranem 16. krogu so Celjani \u0161e trdneje na vrhu lestvice, po reprezentan\u010dnem premoru pa bodo prvi decembrski konec tedna v Celju gostovali Kopr\u010dani.<br \/>\nFoto arhiv Danilo Vezjak<\/p>\n","protected":false},"excerpt":{"rendered":"<p>Nedelja je prinesla \u0161tajerski derbi nogometa\u0161ev Maribora in Celja. Tekma v Ljudskem vrtu je bila \u0161e posebej zanimiva, ker se je novi celjski trener Damir Krznar vrnil v mesto, kjer je leto\u0161njo sezono za\u010del. Na koncu \u017ee 113. obra\u010duna omenjenih ekip v 1. slovenski ligi \u2013 gre za mo\u0161tvi, ki sta edini v prvoliga\u0161ki konkurenci [&hellip;]<\/p>\n","protected":false},"author":7,"featured_media":169207,"comment_status":"closed","ping_status":"closed","sticky":false,"template":"","format":"standard","meta":{"footnotes":""},"categories":[14,17,68],"tags":[1504,131,15383],"class_list":{"0":"post-169206","1":"post","2":"type-post","3":"status-publish","4":"format-standard","5":"has-post-thumbnail","7":"category-aktualno","8":"category-celjsko","9":"category-sport","10":"tag-nk-celje","11":"tag-nk-maribor","12":"tag-prva-liga-telemach"},"yoast_head":"<!-- This site is optimized with the Yoast SEO plugin v27.4 - https:\/\/yoast.com\/product\/yoast-seo-wordpress\/ -->\n<title>Celjanom \u0161tajerski obra\u010dun v Ljudskem vrtu - Novice.si<\/title>\n<meta name=\"robots\" content=\"index, follow, max-snippet:-1, max-image-preview:large, max-video-preview:-1\" \/>\n<link rel=\"canonical\" href=\"https:\/\/novice.si\/page\/celjanom-stajerski-obracun-v-ljudskem-vrtu\/\" \/>\n<meta property=\"og:locale\" content=\"sl_SI\" \/>\n<meta property=\"og:type\" content=\"article\" \/>\n<meta property=\"og:title\" content=\"Celjanom \u0161tajerski obra\u010dun v Ljudskem vrtu - Novice.si\" \/>\n<meta property=\"og:description\" content=\"Nedelja je prinesla \u0161tajerski derbi nogometa\u0161ev Maribora in Celja. Tekma v Ljudskem vrtu je bila \u0161e posebej zanimiva, ker se je novi celjski trener Damir Krznar vrnil v mesto, kjer je leto\u0161njo sezono za\u010del. Na koncu \u017ee 113. obra\u010duna omenjenih ekip v 1. slovenski ligi \u2013 gre za mo\u0161tvi, ki sta edini v prvoliga\u0161ki konkurenci [&hellip;]\" \/>\n<meta property=\"og:url\" content=\"https:\/\/novice.si\/page\/celjanom-stajerski-obracun-v-ljudskem-vrtu\/\" \/>\n<meta property=\"og:site_name\" content=\"Novice.si\" \/>\n<meta property=\"article:published_time\" content=\"2023-11-12T17:11:09+00:00\" \/>\n<meta property=\"og:image\" content=\"https:\/\/novice.si\/page\/wp-content\/uploads\/2023\/11\/nogomet-celje-foto-Danilo-Vezjak-1.jpg\" \/>\n\t<meta property=\"og:image:width\" content=\"1296\" \/>\n\t<meta property=\"og:image:height\" content=\"972\" \/>\n\t<meta property=\"og:image:type\" content=\"image\/jpeg\" \/>\n<meta name=\"author\" content=\"Uredni\u0161tvo Novic\" \/>\n<meta name=\"twitter:card\" content=\"summary_large_image\" \/>\n<meta name=\"twitter:label1\" content=\"Written by\" \/>\n\t<meta name=\"twitter:data1\" content=\"Uredni\u0161tvo Novic\" \/>\n\t<meta name=\"twitter:label2\" content=\"Est. reading time\" \/>\n\t<meta name=\"twitter:data2\" content=\"1 minuta\" \/>\n<script type=\"application\/ld+json\" class=\"yoast-schema-graph\">{\"@context\":\"https:\\\/\\\/schema.org\",\"@graph\":[{\"@type\":\"Article\",\"@id\":\"https:\\\/\\\/novice.si\\\/page\\\/celjanom-stajerski-obracun-v-ljudskem-vrtu\\\/#article\",\"isPartOf\":{\"@id\":\"https:\\\/\\\/novice.si\\\/page\\\/celjanom-stajerski-obracun-v-ljudskem-vrtu\\\/\"},\"author\":{\"name\":\"Uredni\u0161tvo Novic\",\"@id\":\"https:\\\/\\\/novice.si\\\/page\\\/#\\\/schema\\\/person\\\/a877dbb8680d441357ce27663beb35ca\"},\"headline\":\"Celjanom \u0161tajerski obra\u010dun v Ljudskem vrtu\",\"datePublished\":\"2023-11-12T17:11:09+00:00\",\"mainEntityOfPage\":{\"@id\":\"https:\\\/\\\/novice.si\\\/page\\\/celjanom-stajerski-obracun-v-ljudskem-vrtu\\\/\"},\"wordCount\":129,\"publisher\":{\"@id\":\"https:\\\/\\\/novice.si\\\/page\\\/#organization\"},\"image\":{\"@id\":\"https:\\\/\\\/novice.si\\\/page\\\/celjanom-stajerski-obracun-v-ljudskem-vrtu\\\/#primaryimage\"},\"thumbnailUrl\":\"https:\\\/\\\/novice.si\\\/page\\\/wp-content\\\/uploads\\\/2023\\\/11\\\/nogomet-celje-foto-Danilo-Vezjak-1.jpg\",\"keywords\":[\"Nk Celje\",\"Nk Maribor\",\"Prva liga Telemach\"],\"articleSection\":[\"Aktualno\",\"Celjsko\",\"\u0160port\"],\"inLanguage\":\"sl-SI\"},{\"@type\":\"WebPage\",\"@id\":\"https:\\\/\\\/novice.si\\\/page\\\/celjanom-stajerski-obracun-v-ljudskem-vrtu\\\/\",\"url\":\"https:\\\/\\\/novice.si\\\/page\\\/celjanom-stajerski-obracun-v-ljudskem-vrtu\\\/\",\"name\":\"Celjanom \u0161tajerski obra\u010dun v Ljudskem vrtu - Novice.si\",\"isPartOf\":{\"@id\":\"https:\\\/\\\/novice.si\\\/page\\\/#website\"},\"primaryImageOfPage\":{\"@id\":\"https:\\\/\\\/novice.si\\\/page\\\/celjanom-stajerski-obracun-v-ljudskem-vrtu\\\/#primaryimage\"},\"image\":{\"@id\":\"https:\\\/\\\/novice.si\\\/page\\\/celjanom-stajerski-obracun-v-ljudskem-vrtu\\\/#primaryimage\"},\"thumbnailUrl\":\"https:\\\/\\\/novice.si\\\/page\\\/wp-content\\\/uploads\\\/2023\\\/11\\\/nogomet-celje-foto-Danilo-Vezjak-1.jpg\",\"datePublished\":\"2023-11-12T17:11:09+00:00\",\"breadcrumb\":{\"@id\":\"https:\\\/\\\/novice.si\\\/page\\\/celjanom-stajerski-obracun-v-ljudskem-vrtu\\\/#breadcrumb\"},\"inLanguage\":\"sl-SI\",\"potentialAction\":[{\"@type\":\"ReadAction\",\"target\":[\"https:\\\/\\\/novice.si\\\/page\\\/celjanom-stajerski-obracun-v-ljudskem-vrtu\\\/\"]}]},{\"@type\":\"ImageObject\",\"inLanguage\":\"sl-SI\",\"@id\":\"https:\\\/\\\/novice.si\\\/page\\\/celjanom-stajerski-obracun-v-ljudskem-vrtu\\\/#primaryimage\",\"url\":\"https:\\\/\\\/novice.si\\\/page\\\/wp-content\\\/uploads\\\/2023\\\/11\\\/nogomet-celje-foto-Danilo-Vezjak-1.jpg\",\"contentUrl\":\"https:\\\/\\\/novice.si\\\/page\\\/wp-content\\\/uploads\\\/2023\\\/11\\\/nogomet-celje-foto-Danilo-Vezjak-1.jpg\",\"width\":1296,\"height\":972},{\"@type\":\"BreadcrumbList\",\"@id\":\"https:\\\/\\\/novice.si\\\/page\\\/celjanom-stajerski-obracun-v-ljudskem-vrtu\\\/#breadcrumb\",\"itemListElement\":[{\"@type\":\"ListItem\",\"position\":1,\"name\":\"Home\",\"item\":\"https:\\\/\\\/novice.si\\\/page\\\/\"},{\"@type\":\"ListItem\",\"position\":2,\"name\":\"Celjanom \u0161tajerski obra\u010dun v Ljudskem vrtu\"}]},{\"@type\":\"WebSite\",\"@id\":\"https:\\\/\\\/novice.si\\\/page\\\/#website\",\"url\":\"https:\\\/\\\/novice.si\\\/page\\\/\",\"name\":\"Novice.si\",\"description\":\"\",\"publisher\":{\"@id\":\"https:\\\/\\\/novice.si\\\/page\\\/#organization\"},\"potentialAction\":[{\"@type\":\"SearchAction\",\"target\":{\"@type\":\"EntryPoint\",\"urlTemplate\":\"https:\\\/\\\/novice.si\\\/page\\\/?s={search_term_string}\"},\"query-input\":{\"@type\":\"PropertyValueSpecification\",\"valueRequired\":true,\"valueName\":\"search_term_string\"}}],\"inLanguage\":\"sl-SI\"},{\"@type\":\"Organization\",\"@id\":\"https:\\\/\\\/novice.si\\\/page\\\/#organization\",\"name\":\"Novice.si\",\"url\":\"https:\\\/\\\/novice.si\\\/page\\\/\",\"logo\":{\"@type\":\"ImageObject\",\"inLanguage\":\"sl-SI\",\"@id\":\"https:\\\/\\\/novice.si\\\/page\\\/#\\\/schema\\\/logo\\\/image\\\/\",\"url\":\"https:\\\/\\\/novice.si\\\/page\\\/wp-content\\\/uploads\\\/2023\\\/03\\\/novice_si.png\",\"contentUrl\":\"https:\\\/\\\/novice.si\\\/page\\\/wp-content\\\/uploads\\\/2023\\\/03\\\/novice_si.png\",\"width\":576,\"height\":200,\"caption\":\"Novice.si\"},\"image\":{\"@id\":\"https:\\\/\\\/novice.si\\\/page\\\/#\\\/schema\\\/logo\\\/image\\\/\"}},{\"@type\":\"Person\",\"@id\":\"https:\\\/\\\/novice.si\\\/page\\\/#\\\/schema\\\/person\\\/a877dbb8680d441357ce27663beb35ca\",\"name\":\"Uredni\u0161tvo Novic\",\"image\":{\"@type\":\"ImageObject\",\"inLanguage\":\"sl-SI\",\"@id\":\"https:\\\/\\\/secure.gravatar.com\\\/avatar\\\/f19c0ae874706cc9ba19d2f6da5f74a5a5ee7674f283fed29ce0ad16a9f1893e?s=96&d=mm&r=g\",\"url\":\"https:\\\/\\\/secure.gravatar.com\\\/avatar\\\/f19c0ae874706cc9ba19d2f6da5f74a5a5ee7674f283fed29ce0ad16a9f1893e?s=96&d=mm&r=g\",\"contentUrl\":\"https:\\\/\\\/secure.gravatar.com\\\/avatar\\\/f19c0ae874706cc9ba19d2f6da5f74a5a5ee7674f283fed29ce0ad16a9f1893e?s=96&d=mm&r=g\",\"caption\":\"Uredni\u0161tvo Novic\"},\"url\":\"https:\\\/\\\/novice.si\\\/page\\\/author\\\/jure\\\/\"}]}<\/script>\n<!-- \/ Yoast SEO plugin. -->","yoast_head_json":{"title":"Celjanom \u0161tajerski obra\u010dun v Ljudskem vrtu - Novice.si","robots":{"index":"index","follow":"follow","max-snippet":"max-snippet:-1","max-image-preview":"max-image-preview:large","max-video-preview":"max-video-preview:-1"},"canonical":"https:\/\/novice.si\/page\/celjanom-stajerski-obracun-v-ljudskem-vrtu\/","og_locale":"sl_SI","og_type":"article","og_title":"Celjanom \u0161tajerski obra\u010dun v Ljudskem vrtu - Novice.si","og_description":"Nedelja je prinesla \u0161tajerski derbi nogometa\u0161ev Maribora in Celja. Tekma v Ljudskem vrtu je bila \u0161e posebej zanimiva, ker se je novi celjski trener Damir Krznar vrnil v mesto, kjer je leto\u0161njo sezono za\u010del. Na koncu \u017ee 113. obra\u010duna omenjenih ekip v 1. slovenski ligi \u2013 gre za mo\u0161tvi, ki sta edini v prvoliga\u0161ki konkurenci [&hellip;]","og_url":"https:\/\/novice.si\/page\/celjanom-stajerski-obracun-v-ljudskem-vrtu\/","og_site_name":"Novice.si","article_published_time":"2023-11-12T17:11:09+00:00","og_image":[{"width":1296,"height":972,"url":"https:\/\/novice.si\/page\/wp-content\/uploads\/2023\/11\/nogomet-celje-foto-Danilo-Vezjak-1.jpg","type":"image\/jpeg"}],"author":"Uredni\u0161tvo Novic","twitter_card":"summary_large_image","twitter_misc":{"Written by":"Uredni\u0161tvo Novic","Est. reading time":"1 minuta"},"schema":{"@context":"https:\/\/schema.org","@graph":[{"@type":"Article","@id":"https:\/\/novice.si\/page\/celjanom-stajerski-obracun-v-ljudskem-vrtu\/#article","isPartOf":{"@id":"https:\/\/novice.si\/page\/celjanom-stajerski-obracun-v-ljudskem-vrtu\/"},"author":{"name":"Uredni\u0161tvo Novic","@id":"https:\/\/novice.si\/page\/#\/schema\/person\/a877dbb8680d441357ce27663beb35ca"},"headline":"Celjanom \u0161tajerski obra\u010dun v Ljudskem vrtu","datePublished":"2023-11-12T17:11:09+00:00","mainEntityOfPage":{"@id":"https:\/\/novice.si\/page\/celjanom-stajerski-obracun-v-ljudskem-vrtu\/"},"wordCount":129,"publisher":{"@id":"https:\/\/novice.si\/page\/#organization"},"image":{"@id":"https:\/\/novice.si\/page\/celjanom-stajerski-obracun-v-ljudskem-vrtu\/#primaryimage"},"thumbnailUrl":"https:\/\/novice.si\/page\/wp-content\/uploads\/2023\/11\/nogomet-celje-foto-Danilo-Vezjak-1.jpg","keywords":["Nk Celje","Nk Maribor","Prva liga Telemach"],"articleSection":["Aktualno","Celjsko","\u0160port"],"inLanguage":"sl-SI"},{"@type":"WebPage","@id":"https:\/\/novice.si\/page\/celjanom-stajerski-obracun-v-ljudskem-vrtu\/","url":"https:\/\/novice.si\/page\/celjanom-stajerski-obracun-v-ljudskem-vrtu\/","name":"Celjanom \u0161tajerski obra\u010dun v Ljudskem vrtu - Novice.si","isPartOf":{"@id":"https:\/\/novice.si\/page\/#website"},"primaryImageOfPage":{"@id":"https:\/\/novice.si\/page\/celjanom-stajerski-obracun-v-ljudskem-vrtu\/#primaryimage"},"image":{"@id":"https:\/\/novice.si\/page\/celjanom-stajerski-obracun-v-ljudskem-vrtu\/#primaryimage"},"thumbnailUrl":"https:\/\/novice.si\/page\/wp-content\/uploads\/2023\/11\/nogomet-celje-foto-Danilo-Vezjak-1.jpg","datePublished":"2023-11-12T17:11:09+00:00","breadcrumb":{"@id":"https:\/\/novice.si\/page\/celjanom-stajerski-obracun-v-ljudskem-vrtu\/#breadcrumb"},"inLanguage":"sl-SI","potentialAction":[{"@type":"ReadAction","target":["https:\/\/novice.si\/page\/celjanom-stajerski-obracun-v-ljudskem-vrtu\/"]}]},{"@type":"ImageObject","inLanguage":"sl-SI","@id":"https:\/\/novice.si\/page\/celjanom-stajerski-obracun-v-ljudskem-vrtu\/#primaryimage","url":"https:\/\/novice.si\/page\/wp-content\/uploads\/2023\/11\/nogomet-celje-foto-Danilo-Vezjak-1.jpg","contentUrl":"https:\/\/novice.si\/page\/wp-content\/uploads\/2023\/11\/nogomet-celje-foto-Danilo-Vezjak-1.jpg","width":1296,"height":972},{"@type":"BreadcrumbList","@id":"https:\/\/novice.si\/page\/celjanom-stajerski-obracun-v-ljudskem-vrtu\/#breadcrumb","itemListElement":[{"@type":"ListItem","position":1,"name":"Home","item":"https:\/\/novice.si\/page\/"},{"@type":"ListItem","position":2,"name":"Celjanom \u0161tajerski obra\u010dun v Ljudskem vrtu"}]},{"@type":"WebSite","@id":"https:\/\/novice.si\/page\/#website","url":"https:\/\/novice.si\/page\/","name":"Novice.si","description":"","publisher":{"@id":"https:\/\/novice.si\/page\/#organization"},"potentialAction":[{"@type":"SearchAction","target":{"@type":"EntryPoint","urlTemplate":"https:\/\/novice.si\/page\/?s={search_term_string}"},"query-input":{"@type":"PropertyValueSpecification","valueRequired":true,"valueName":"search_term_string"}}],"inLanguage":"sl-SI"},{"@type":"Organization","@id":"https:\/\/novice.si\/page\/#organization","name":"Novice.si","url":"https:\/\/novice.si\/page\/","logo":{"@type":"ImageObject","inLanguage":"sl-SI","@id":"https:\/\/novice.si\/page\/#\/schema\/logo\/image\/","url":"https:\/\/novice.si\/page\/wp-content\/uploads\/2023\/03\/novice_si.png","contentUrl":"https:\/\/novice.si\/page\/wp-content\/uploads\/2023\/03\/novice_si.png","width":576,"height":200,"caption":"Novice.si"},"image":{"@id":"https:\/\/novice.si\/page\/#\/schema\/logo\/image\/"}},{"@type":"Person","@id":"https:\/\/novice.si\/page\/#\/schema\/person\/a877dbb8680d441357ce27663beb35ca","name":"Uredni\u0161tvo Novic","image":{"@type":"ImageObject","inLanguage":"sl-SI","@id":"https:\/\/secure.gravatar.com\/avatar\/f19c0ae874706cc9ba19d2f6da5f74a5a5ee7674f283fed29ce0ad16a9f1893e?s=96&d=mm&r=g","url":"https:\/\/secure.gravatar.com\/avatar\/f19c0ae874706cc9ba19d2f6da5f74a5a5ee7674f283fed29ce0ad16a9f1893e?s=96&d=mm&r=g","contentUrl":"https:\/\/secure.gravatar.com\/avatar\/f19c0ae874706cc9ba19d2f6da5f74a5a5ee7674f283fed29ce0ad16a9f1893e?s=96&d=mm&r=g","caption":"Uredni\u0161tvo Novic"},"url":"https:\/\/novice.si\/page\/author\/jure\/"}]}},"_links":{"self":[{"href":"https:\/\/novice.si\/page\/wp-json\/wp\/v2\/posts\/169206","targetHints":{"allow":["GET"]}}],"collection":[{"href":"https:\/\/novice.si\/page\/wp-json\/wp\/v2\/posts"}],"about":[{"href":"https:\/\/novice.si\/page\/wp-json\/wp\/v2\/types\/post"}],"author":[{"embeddable":true,"href":"https:\/\/novice.si\/page\/wp-json\/wp\/v2\/users\/7"}],"replies":[{"embeddable":true,"href":"https:\/\/novice.si\/page\/wp-json\/wp\/v2\/comments?post=169206"}],"version-history":[{"count":1,"href":"https:\/\/novice.si\/page\/wp-json\/wp\/v2\/posts\/169206\/revisions"}],"predecessor-version":[{"id":169208,"href":"https:\/\/novice.si\/page\/wp-json\/wp\/v2\/posts\/169206\/revisions\/169208"}],"wp:featuredmedia":[{"embeddable":true,"href":"https:\/\/novice.si\/page\/wp-json\/wp\/v2\/media\/169207"}],"wp:attachment":[{"href":"https:\/\/novice.si\/page\/wp-json\/wp\/v2\/media?parent=169206"}],"wp:term":[{"taxonomy":"category","embeddable":true,"href":"https:\/\/novice.si\/page\/wp-json\/wp\/v2\/categories?post=169206"},{"taxonomy":"post_tag","embeddable":true,"href":"https:\/\/novice.si\/page\/wp-json\/wp\/v2\/tags?post=169206"}],"curies":[{"name":"wp","href":"https:\/\/api.w.org\/{rel}","templated":true}]}}