{"id":169140,"date":"2023-11-09T20:08:47","date_gmt":"2023-11-09T19:08:47","guid":{"rendered":"https:\/\/novice.si\/page\/?p=169140"},"modified":"2023-11-09T20:08:47","modified_gmt":"2023-11-09T19:08:47","slug":"celje-vojaski-poklici-oborozitev-kadri","status":"publish","type":"post","link":"https:\/\/novice.si\/page\/celje-vojaski-poklici-oborozitev-kadri\/","title":{"rendered":"CELJE Voja\u0161ki poklici, oboro\u017eitev, kadri"},"content":{"rendered":"<p><img loading=\"lazy\" decoding=\"async\" class=\"wp-image-169143 alignleft\" src=\"https:\/\/novice.si\/page\/wp-content\/uploads\/2023\/11\/vojaski-sejem-7-600x450.jpg\" alt=\"\" width=\"340\" height=\"255\" srcset=\"https:\/\/novice.si\/page\/wp-content\/uploads\/2023\/11\/vojaski-sejem-7-600x450.jpg 600w, https:\/\/novice.si\/page\/wp-content\/uploads\/2023\/11\/vojaski-sejem-7-1024x768.jpg 1024w, https:\/\/novice.si\/page\/wp-content\/uploads\/2023\/11\/vojaski-sejem-7-768x576.jpg 768w, https:\/\/novice.si\/page\/wp-content\/uploads\/2023\/11\/vojaski-sejem-7-1536x1152.jpg 1536w, https:\/\/novice.si\/page\/wp-content\/uploads\/2023\/11\/vojaski-sejem-7-2048x1536.jpg 2048w, https:\/\/novice.si\/page\/wp-content\/uploads\/2023\/11\/vojaski-sejem-7-80x60.jpg 80w, https:\/\/novice.si\/page\/wp-content\/uploads\/2023\/11\/vojaski-sejem-7-265x198.jpg 265w, https:\/\/novice.si\/page\/wp-content\/uploads\/2023\/11\/vojaski-sejem-7-696x522.jpg 696w, https:\/\/novice.si\/page\/wp-content\/uploads\/2023\/11\/vojaski-sejem-7-1068x801.jpg 1068w, https:\/\/novice.si\/page\/wp-content\/uploads\/2023\/11\/vojaski-sejem-7-560x420.jpg 560w, https:\/\/novice.si\/page\/wp-content\/uploads\/2023\/11\/vojaski-sejem-7-1920x1440.jpg 1920w, https:\/\/novice.si\/page\/wp-content\/uploads\/2023\/11\/vojaski-sejem-7-24x18.jpg 24w, https:\/\/novice.si\/page\/wp-content\/uploads\/2023\/11\/vojaski-sejem-7-36x27.jpg 36w, https:\/\/novice.si\/page\/wp-content\/uploads\/2023\/11\/vojaski-sejem-7-48x36.jpg 48w\" sizes=\"auto, (max-width: 340px) 100vw, 340px\" \/>Obiskovalci si do vklju\u010dno sobote v hali L celjskega sejmi\u0161\u010da \u0161e lahko ogledajo voja\u0161ki sejem (vstop je prost).<\/p>\n<p>Namenjen je predvsem promociji voja\u0161kih poklicev, predstavitvi oboro\u017eitve, mo\u017enostih prostovoljnega slu\u017eenja voja\u0161kega roka ali v pogodbeni rezervi.<\/p>\n<p>V prvi vrsti \u017eelijo v oboro\u017eene sile pritegniti kar najve\u010d mladih, ki za 13 tedensko prostovoljno voja\u0161ko usposabljanje v Vipavi, Bohinjski Beli, Murski Soboti in Novem mestu (rekrute napotijo v najbli\u017eji kraj glede na lokacijo bivanja) prejmejo 3700 evrov.<\/p>\n<p><img loading=\"lazy\" decoding=\"async\" class=\"wp-image-169146 alignright\" src=\"https:\/\/novice.si\/page\/wp-content\/uploads\/2023\/11\/vojaski-sejem-3-600x561.jpg\" alt=\"\" width=\"223\" height=\"209\" srcset=\"https:\/\/novice.si\/page\/wp-content\/uploads\/2023\/11\/vojaski-sejem-3-600x561.jpg 600w, https:\/\/novice.si\/page\/wp-content\/uploads\/2023\/11\/vojaski-sejem-3-1024x957.jpg 1024w, https:\/\/novice.si\/page\/wp-content\/uploads\/2023\/11\/vojaski-sejem-3-768x718.jpg 768w, https:\/\/novice.si\/page\/wp-content\/uploads\/2023\/11\/vojaski-sejem-3-1536x1436.jpg 1536w, https:\/\/novice.si\/page\/wp-content\/uploads\/2023\/11\/vojaski-sejem-3-2048x1914.jpg 2048w, https:\/\/novice.si\/page\/wp-content\/uploads\/2023\/11\/vojaski-sejem-3-696x651.jpg 696w, https:\/\/novice.si\/page\/wp-content\/uploads\/2023\/11\/vojaski-sejem-3-1068x998.jpg 1068w, https:\/\/novice.si\/page\/wp-content\/uploads\/2023\/11\/vojaski-sejem-3-449x420.jpg 449w, https:\/\/novice.si\/page\/wp-content\/uploads\/2023\/11\/vojaski-sejem-3-1920x1794.jpg 1920w, https:\/\/novice.si\/page\/wp-content\/uploads\/2023\/11\/vojaski-sejem-3-24x22.jpg 24w, https:\/\/novice.si\/page\/wp-content\/uploads\/2023\/11\/vojaski-sejem-3-36x34.jpg 36w, https:\/\/novice.si\/page\/wp-content\/uploads\/2023\/11\/vojaski-sejem-3-48x45.jpg 48w\" sizes=\"auto, (max-width: 223px) 100vw, 223px\" \/><\/p>\n<p>Nekaj zanimanja je tudi za sodelovanje v pogodbeni rezervi, kjer lahko rezervisti pod\u00a0posebnimi pogoji slu\u017eijo do 60 oziroma 65 leta starosti.<\/p>\n<p>Slovenska vojska bo tudi v prihodnje nadaljevala s podobnimi aktivnostmi, saj mora popolniti svoje vrste, da bi v tem merilu zadovoljila minimalnim standardom in zahtevam Nata.<\/p>\n<p>P\u0160<\/p>\n<p><img loading=\"lazy\" decoding=\"async\" class=\"alignnone  wp-image-169142\" src=\"https:\/\/novice.si\/page\/wp-content\/uploads\/2023\/11\/vojaski-sejem-8-600x450.jpg\" alt=\"\" width=\"263\" height=\"197\" srcset=\"https:\/\/novice.si\/page\/wp-content\/uploads\/2023\/11\/vojaski-sejem-8-600x450.jpg 600w, https:\/\/novice.si\/page\/wp-content\/uploads\/2023\/11\/vojaski-sejem-8-1024x768.jpg 1024w, https:\/\/novice.si\/page\/wp-content\/uploads\/2023\/11\/vojaski-sejem-8-768x576.jpg 768w, https:\/\/novice.si\/page\/wp-content\/uploads\/2023\/11\/vojaski-sejem-8-1536x1152.jpg 1536w, https:\/\/novice.si\/page\/wp-content\/uploads\/2023\/11\/vojaski-sejem-8-2048x1536.jpg 2048w, https:\/\/novice.si\/page\/wp-content\/uploads\/2023\/11\/vojaski-sejem-8-80x60.jpg 80w, https:\/\/novice.si\/page\/wp-content\/uploads\/2023\/11\/vojaski-sejem-8-265x198.jpg 265w, https:\/\/novice.si\/page\/wp-content\/uploads\/2023\/11\/vojaski-sejem-8-696x522.jpg 696w, https:\/\/novice.si\/page\/wp-content\/uploads\/2023\/11\/vojaski-sejem-8-1068x801.jpg 1068w, https:\/\/novice.si\/page\/wp-content\/uploads\/2023\/11\/vojaski-sejem-8-560x420.jpg 560w, https:\/\/novice.si\/page\/wp-content\/uploads\/2023\/11\/vojaski-sejem-8-1920x1440.jpg 1920w, https:\/\/novice.si\/page\/wp-content\/uploads\/2023\/11\/vojaski-sejem-8-24x18.jpg 24w, https:\/\/novice.si\/page\/wp-content\/uploads\/2023\/11\/vojaski-sejem-8-36x27.jpg 36w, https:\/\/novice.si\/page\/wp-content\/uploads\/2023\/11\/vojaski-sejem-8-48x36.jpg 48w\" sizes=\"auto, (max-width: 263px) 100vw, 263px\" \/>\u00a0<img loading=\"lazy\" decoding=\"async\" class=\"alignnone  wp-image-169145\" src=\"https:\/\/novice.si\/page\/wp-content\/uploads\/2023\/11\/vojaski-sejem-4-600x450.jpg\" alt=\"\" width=\"279\" height=\"209\" srcset=\"https:\/\/novice.si\/page\/wp-content\/uploads\/2023\/11\/vojaski-sejem-4-600x450.jpg 600w, https:\/\/novice.si\/page\/wp-content\/uploads\/2023\/11\/vojaski-sejem-4-1024x768.jpg 1024w, https:\/\/novice.si\/page\/wp-content\/uploads\/2023\/11\/vojaski-sejem-4-768x576.jpg 768w, https:\/\/novice.si\/page\/wp-content\/uploads\/2023\/11\/vojaski-sejem-4-1536x1152.jpg 1536w, https:\/\/novice.si\/page\/wp-content\/uploads\/2023\/11\/vojaski-sejem-4-2048x1536.jpg 2048w, https:\/\/novice.si\/page\/wp-content\/uploads\/2023\/11\/vojaski-sejem-4-80x60.jpg 80w, https:\/\/novice.si\/page\/wp-content\/uploads\/2023\/11\/vojaski-sejem-4-265x198.jpg 265w, https:\/\/novice.si\/page\/wp-content\/uploads\/2023\/11\/vojaski-sejem-4-696x522.jpg 696w, https:\/\/novice.si\/page\/wp-content\/uploads\/2023\/11\/vojaski-sejem-4-1068x801.jpg 1068w, https:\/\/novice.si\/page\/wp-content\/uploads\/2023\/11\/vojaski-sejem-4-560x420.jpg 560w, https:\/\/novice.si\/page\/wp-content\/uploads\/2023\/11\/vojaski-sejem-4-1920x1440.jpg 1920w, https:\/\/novice.si\/page\/wp-content\/uploads\/2023\/11\/vojaski-sejem-4-24x18.jpg 24w, https:\/\/novice.si\/page\/wp-content\/uploads\/2023\/11\/vojaski-sejem-4-36x27.jpg 36w, https:\/\/novice.si\/page\/wp-content\/uploads\/2023\/11\/vojaski-sejem-4-48x36.jpg 48w\" sizes=\"auto, (max-width: 279px) 100vw, 279px\" \/> <img loading=\"lazy\" decoding=\"async\" class=\"alignnone  wp-image-169144\" src=\"https:\/\/novice.si\/page\/wp-content\/uploads\/2023\/11\/vojaski-sejem-6-600x450.jpg\" alt=\"\" width=\"239\" height=\"179\" srcset=\"https:\/\/novice.si\/page\/wp-content\/uploads\/2023\/11\/vojaski-sejem-6-600x450.jpg 600w, https:\/\/novice.si\/page\/wp-content\/uploads\/2023\/11\/vojaski-sejem-6-1024x768.jpg 1024w, https:\/\/novice.si\/page\/wp-content\/uploads\/2023\/11\/vojaski-sejem-6-768x576.jpg 768w, https:\/\/novice.si\/page\/wp-content\/uploads\/2023\/11\/vojaski-sejem-6-1536x1152.jpg 1536w, https:\/\/novice.si\/page\/wp-content\/uploads\/2023\/11\/vojaski-sejem-6-2048x1536.jpg 2048w, https:\/\/novice.si\/page\/wp-content\/uploads\/2023\/11\/vojaski-sejem-6-80x60.jpg 80w, https:\/\/novice.si\/page\/wp-content\/uploads\/2023\/11\/vojaski-sejem-6-265x198.jpg 265w, https:\/\/novice.si\/page\/wp-content\/uploads\/2023\/11\/vojaski-sejem-6-696x522.jpg 696w, https:\/\/novice.si\/page\/wp-content\/uploads\/2023\/11\/vojaski-sejem-6-1068x801.jpg 1068w, https:\/\/novice.si\/page\/wp-content\/uploads\/2023\/11\/vojaski-sejem-6-560x420.jpg 560w, https:\/\/novice.si\/page\/wp-content\/uploads\/2023\/11\/vojaski-sejem-6-1920x1440.jpg 1920w, https:\/\/novice.si\/page\/wp-content\/uploads\/2023\/11\/vojaski-sejem-6-24x18.jpg 24w, https:\/\/novice.si\/page\/wp-content\/uploads\/2023\/11\/vojaski-sejem-6-36x27.jpg 36w, https:\/\/novice.si\/page\/wp-content\/uploads\/2023\/11\/vojaski-sejem-6-48x36.jpg 48w\" sizes=\"auto, (max-width: 239px) 100vw, 239px\" \/><\/p>\n","protected":false},"excerpt":{"rendered":"<p>Obiskovalci si do vklju\u010dno sobote v hali L celjskega sejmi\u0161\u010da \u0161e lahko ogledajo voja\u0161ki sejem (vstop je prost). Namenjen je predvsem promociji voja\u0161kih poklicev, predstavitvi oboro\u017eitve, mo\u017enostih prostovoljnega slu\u017eenja voja\u0161kega roka ali v pogodbeni rezervi. V prvi vrsti \u017eelijo v oboro\u017eene sile pritegniti kar najve\u010d mladih, ki za 13 tedensko prostovoljno voja\u0161ko usposabljanje v Vipavi, [&hellip;]<\/p>\n","protected":false},"author":33,"featured_media":169141,"comment_status":"closed","ping_status":"closed","sticky":false,"template":"","format":"standard","meta":{"footnotes":""},"categories":[17],"tags":[1218,19129,19131,19130,19128,19092],"class_list":{"0":"post-169140","1":"post","2":"type-post","3":"status-publish","4":"format-standard","5":"has-post-thumbnail","7":"category-celjsko","8":"tag-celjsko-sejmisce","9":"tag-obotozitev","10":"tag-pogodbena-rezerva","11":"tag-prostovoljno-sluzenje","12":"tag-vojaski-poklici","13":"tag-vojaski-sejem"},"yoast_head":"<!-- This site is optimized with the Yoast SEO plugin v27.4 - https:\/\/yoast.com\/product\/yoast-seo-wordpress\/ -->\n<title>CELJE Voja\u0161ki poklici, oboro\u017eitev, kadri - Novice.si<\/title>\n<meta name=\"robots\" content=\"index, follow, max-snippet:-1, max-image-preview:large, max-video-preview:-1\" \/>\n<link rel=\"canonical\" href=\"https:\/\/novice.si\/page\/celje-vojaski-poklici-oborozitev-kadri\/\" \/>\n<meta property=\"og:locale\" content=\"sl_SI\" \/>\n<meta property=\"og:type\" content=\"article\" \/>\n<meta property=\"og:title\" content=\"CELJE Voja\u0161ki poklici, oboro\u017eitev, kadri - Novice.si\" \/>\n<meta property=\"og:description\" content=\"Obiskovalci si do vklju\u010dno sobote v hali L celjskega sejmi\u0161\u010da \u0161e lahko ogledajo voja\u0161ki sejem (vstop je prost). Namenjen je predvsem promociji voja\u0161kih poklicev, predstavitvi oboro\u017eitve, mo\u017enostih prostovoljnega slu\u017eenja voja\u0161kega roka ali v pogodbeni rezervi. V prvi vrsti \u017eelijo v oboro\u017eene sile pritegniti kar najve\u010d mladih, ki za 13 tedensko prostovoljno voja\u0161ko usposabljanje v Vipavi, [&hellip;]\" \/>\n<meta property=\"og:url\" content=\"https:\/\/novice.si\/page\/celje-vojaski-poklici-oborozitev-kadri\/\" \/>\n<meta property=\"og:site_name\" content=\"Novice.si\" \/>\n<meta property=\"article:published_time\" content=\"2023-11-09T19:08:47+00:00\" \/>\n<meta property=\"og:image\" content=\"https:\/\/novice.si\/page\/wp-content\/uploads\/2023\/11\/vojaski-sejem-10-scaled.jpg\" \/>\n\t<meta property=\"og:image:width\" content=\"2560\" \/>\n\t<meta property=\"og:image:height\" content=\"1920\" \/>\n\t<meta property=\"og:image:type\" content=\"image\/jpeg\" \/>\n<meta name=\"author\" content=\"Uredni\u0161tvo Celjana\" \/>\n<meta name=\"twitter:card\" content=\"summary_large_image\" \/>\n<meta name=\"twitter:label1\" content=\"Written by\" \/>\n\t<meta name=\"twitter:data1\" content=\"Uredni\u0161tvo Celjana\" \/>\n\t<meta name=\"twitter:label2\" content=\"Est. reading time\" \/>\n\t<meta name=\"twitter:data2\" content=\"2 minuti\" \/>\n<script type=\"application\/ld+json\" class=\"yoast-schema-graph\">{\"@context\":\"https:\\\/\\\/schema.org\",\"@graph\":[{\"@type\":\"Article\",\"@id\":\"https:\\\/\\\/novice.si\\\/page\\\/celje-vojaski-poklici-oborozitev-kadri\\\/#article\",\"isPartOf\":{\"@id\":\"https:\\\/\\\/novice.si\\\/page\\\/celje-vojaski-poklici-oborozitev-kadri\\\/\"},\"author\":{\"name\":\"Uredni\u0161tvo Celjana\",\"@id\":\"https:\\\/\\\/novice.si\\\/page\\\/#\\\/schema\\\/person\\\/57f25c9642a9541c7349c65d32032c3e\"},\"headline\":\"CELJE Voja\u0161ki poklici, oboro\u017eitev, kadri\",\"datePublished\":\"2023-11-09T19:08:47+00:00\",\"mainEntityOfPage\":{\"@id\":\"https:\\\/\\\/novice.si\\\/page\\\/celje-vojaski-poklici-oborozitev-kadri\\\/\"},\"wordCount\":138,\"publisher\":{\"@id\":\"https:\\\/\\\/novice.si\\\/page\\\/#organization\"},\"image\":{\"@id\":\"https:\\\/\\\/novice.si\\\/page\\\/celje-vojaski-poklici-oborozitev-kadri\\\/#primaryimage\"},\"thumbnailUrl\":\"https:\\\/\\\/novice.si\\\/page\\\/wp-content\\\/uploads\\\/2023\\\/11\\\/vojaski-sejem-10-scaled.jpg\",\"keywords\":[\"celjsko sejmi\u0161\u010de\",\"oboto\u017eitev\",\"pogodbena rezerva\",\"prostovoljno slu\u017eenje\",\"voja\u0161ki poklici\",\"voja\u0161ki sejem\"],\"articleSection\":[\"Celjsko\"],\"inLanguage\":\"sl-SI\"},{\"@type\":\"WebPage\",\"@id\":\"https:\\\/\\\/novice.si\\\/page\\\/celje-vojaski-poklici-oborozitev-kadri\\\/\",\"url\":\"https:\\\/\\\/novice.si\\\/page\\\/celje-vojaski-poklici-oborozitev-kadri\\\/\",\"name\":\"CELJE Voja\u0161ki poklici, oboro\u017eitev, kadri - Novice.si\",\"isPartOf\":{\"@id\":\"https:\\\/\\\/novice.si\\\/page\\\/#website\"},\"primaryImageOfPage\":{\"@id\":\"https:\\\/\\\/novice.si\\\/page\\\/celje-vojaski-poklici-oborozitev-kadri\\\/#primaryimage\"},\"image\":{\"@id\":\"https:\\\/\\\/novice.si\\\/page\\\/celje-vojaski-poklici-oborozitev-kadri\\\/#primaryimage\"},\"thumbnailUrl\":\"https:\\\/\\\/novice.si\\\/page\\\/wp-content\\\/uploads\\\/2023\\\/11\\\/vojaski-sejem-10-scaled.jpg\",\"datePublished\":\"2023-11-09T19:08:47+00:00\",\"breadcrumb\":{\"@id\":\"https:\\\/\\\/novice.si\\\/page\\\/celje-vojaski-poklici-oborozitev-kadri\\\/#breadcrumb\"},\"inLanguage\":\"sl-SI\",\"potentialAction\":[{\"@type\":\"ReadAction\",\"target\":[\"https:\\\/\\\/novice.si\\\/page\\\/celje-vojaski-poklici-oborozitev-kadri\\\/\"]}]},{\"@type\":\"ImageObject\",\"inLanguage\":\"sl-SI\",\"@id\":\"https:\\\/\\\/novice.si\\\/page\\\/celje-vojaski-poklici-oborozitev-kadri\\\/#primaryimage\",\"url\":\"https:\\\/\\\/novice.si\\\/page\\\/wp-content\\\/uploads\\\/2023\\\/11\\\/vojaski-sejem-10-scaled.jpg\",\"contentUrl\":\"https:\\\/\\\/novice.si\\\/page\\\/wp-content\\\/uploads\\\/2023\\\/11\\\/vojaski-sejem-10-scaled.jpg\",\"width\":2560,\"height\":1920},{\"@type\":\"BreadcrumbList\",\"@id\":\"https:\\\/\\\/novice.si\\\/page\\\/celje-vojaski-poklici-oborozitev-kadri\\\/#breadcrumb\",\"itemListElement\":[{\"@type\":\"ListItem\",\"position\":1,\"name\":\"Home\",\"item\":\"https:\\\/\\\/novice.si\\\/page\\\/\"},{\"@type\":\"ListItem\",\"position\":2,\"name\":\"CELJE Voja\u0161ki poklici, oboro\u017eitev, kadri\"}]},{\"@type\":\"WebSite\",\"@id\":\"https:\\\/\\\/novice.si\\\/page\\\/#website\",\"url\":\"https:\\\/\\\/novice.si\\\/page\\\/\",\"name\":\"Novice.si\",\"description\":\"\",\"publisher\":{\"@id\":\"https:\\\/\\\/novice.si\\\/page\\\/#organization\"},\"potentialAction\":[{\"@type\":\"SearchAction\",\"target\":{\"@type\":\"EntryPoint\",\"urlTemplate\":\"https:\\\/\\\/novice.si\\\/page\\\/?s={search_term_string}\"},\"query-input\":{\"@type\":\"PropertyValueSpecification\",\"valueRequired\":true,\"valueName\":\"search_term_string\"}}],\"inLanguage\":\"sl-SI\"},{\"@type\":\"Organization\",\"@id\":\"https:\\\/\\\/novice.si\\\/page\\\/#organization\",\"name\":\"Novice.si\",\"url\":\"https:\\\/\\\/novice.si\\\/page\\\/\",\"logo\":{\"@type\":\"ImageObject\",\"inLanguage\":\"sl-SI\",\"@id\":\"https:\\\/\\\/novice.si\\\/page\\\/#\\\/schema\\\/logo\\\/image\\\/\",\"url\":\"https:\\\/\\\/novice.si\\\/page\\\/wp-content\\\/uploads\\\/2023\\\/03\\\/novice_si.png\",\"contentUrl\":\"https:\\\/\\\/novice.si\\\/page\\\/wp-content\\\/uploads\\\/2023\\\/03\\\/novice_si.png\",\"width\":576,\"height\":200,\"caption\":\"Novice.si\"},\"image\":{\"@id\":\"https:\\\/\\\/novice.si\\\/page\\\/#\\\/schema\\\/logo\\\/image\\\/\"}},{\"@type\":\"Person\",\"@id\":\"https:\\\/\\\/novice.si\\\/page\\\/#\\\/schema\\\/person\\\/57f25c9642a9541c7349c65d32032c3e\",\"name\":\"Uredni\u0161tvo Celjana\",\"image\":{\"@type\":\"ImageObject\",\"inLanguage\":\"sl-SI\",\"@id\":\"https:\\\/\\\/secure.gravatar.com\\\/avatar\\\/78e52bc4279b65f6df6345e0ef0f7b792d361361f230cf4ffecfe0afe6d5629c?s=96&d=mm&r=g\",\"url\":\"https:\\\/\\\/secure.gravatar.com\\\/avatar\\\/78e52bc4279b65f6df6345e0ef0f7b792d361361f230cf4ffecfe0afe6d5629c?s=96&d=mm&r=g\",\"contentUrl\":\"https:\\\/\\\/secure.gravatar.com\\\/avatar\\\/78e52bc4279b65f6df6345e0ef0f7b792d361361f230cf4ffecfe0afe6d5629c?s=96&d=mm&r=g\",\"caption\":\"Uredni\u0161tvo Celjana\"},\"url\":\"https:\\\/\\\/novice.si\\\/page\\\/author\\\/primoz\\\/\"}]}<\/script>\n<!-- \/ Yoast SEO plugin. -->","yoast_head_json":{"title":"CELJE Voja\u0161ki poklici, oboro\u017eitev, kadri - Novice.si","robots":{"index":"index","follow":"follow","max-snippet":"max-snippet:-1","max-image-preview":"max-image-preview:large","max-video-preview":"max-video-preview:-1"},"canonical":"https:\/\/novice.si\/page\/celje-vojaski-poklici-oborozitev-kadri\/","og_locale":"sl_SI","og_type":"article","og_title":"CELJE Voja\u0161ki poklici, oboro\u017eitev, kadri - Novice.si","og_description":"Obiskovalci si do vklju\u010dno sobote v hali L celjskega sejmi\u0161\u010da \u0161e lahko ogledajo voja\u0161ki sejem (vstop je prost). Namenjen je predvsem promociji voja\u0161kih poklicev, predstavitvi oboro\u017eitve, mo\u017enostih prostovoljnega slu\u017eenja voja\u0161kega roka ali v pogodbeni rezervi. V prvi vrsti \u017eelijo v oboro\u017eene sile pritegniti kar najve\u010d mladih, ki za 13 tedensko prostovoljno voja\u0161ko usposabljanje v Vipavi, [&hellip;]","og_url":"https:\/\/novice.si\/page\/celje-vojaski-poklici-oborozitev-kadri\/","og_site_name":"Novice.si","article_published_time":"2023-11-09T19:08:47+00:00","og_image":[{"width":2560,"height":1920,"url":"https:\/\/novice.si\/page\/wp-content\/uploads\/2023\/11\/vojaski-sejem-10-scaled.jpg","type":"image\/jpeg"}],"author":"Uredni\u0161tvo Celjana","twitter_card":"summary_large_image","twitter_misc":{"Written by":"Uredni\u0161tvo Celjana","Est. reading time":"2 minuti"},"schema":{"@context":"https:\/\/schema.org","@graph":[{"@type":"Article","@id":"https:\/\/novice.si\/page\/celje-vojaski-poklici-oborozitev-kadri\/#article","isPartOf":{"@id":"https:\/\/novice.si\/page\/celje-vojaski-poklici-oborozitev-kadri\/"},"author":{"name":"Uredni\u0161tvo Celjana","@id":"https:\/\/novice.si\/page\/#\/schema\/person\/57f25c9642a9541c7349c65d32032c3e"},"headline":"CELJE Voja\u0161ki poklici, oboro\u017eitev, kadri","datePublished":"2023-11-09T19:08:47+00:00","mainEntityOfPage":{"@id":"https:\/\/novice.si\/page\/celje-vojaski-poklici-oborozitev-kadri\/"},"wordCount":138,"publisher":{"@id":"https:\/\/novice.si\/page\/#organization"},"image":{"@id":"https:\/\/novice.si\/page\/celje-vojaski-poklici-oborozitev-kadri\/#primaryimage"},"thumbnailUrl":"https:\/\/novice.si\/page\/wp-content\/uploads\/2023\/11\/vojaski-sejem-10-scaled.jpg","keywords":["celjsko sejmi\u0161\u010de","oboto\u017eitev","pogodbena rezerva","prostovoljno slu\u017eenje","voja\u0161ki poklici","voja\u0161ki sejem"],"articleSection":["Celjsko"],"inLanguage":"sl-SI"},{"@type":"WebPage","@id":"https:\/\/novice.si\/page\/celje-vojaski-poklici-oborozitev-kadri\/","url":"https:\/\/novice.si\/page\/celje-vojaski-poklici-oborozitev-kadri\/","name":"CELJE Voja\u0161ki poklici, oboro\u017eitev, kadri - Novice.si","isPartOf":{"@id":"https:\/\/novice.si\/page\/#website"},"primaryImageOfPage":{"@id":"https:\/\/novice.si\/page\/celje-vojaski-poklici-oborozitev-kadri\/#primaryimage"},"image":{"@id":"https:\/\/novice.si\/page\/celje-vojaski-poklici-oborozitev-kadri\/#primaryimage"},"thumbnailUrl":"https:\/\/novice.si\/page\/wp-content\/uploads\/2023\/11\/vojaski-sejem-10-scaled.jpg","datePublished":"2023-11-09T19:08:47+00:00","breadcrumb":{"@id":"https:\/\/novice.si\/page\/celje-vojaski-poklici-oborozitev-kadri\/#breadcrumb"},"inLanguage":"sl-SI","potentialAction":[{"@type":"ReadAction","target":["https:\/\/novice.si\/page\/celje-vojaski-poklici-oborozitev-kadri\/"]}]},{"@type":"ImageObject","inLanguage":"sl-SI","@id":"https:\/\/novice.si\/page\/celje-vojaski-poklici-oborozitev-kadri\/#primaryimage","url":"https:\/\/novice.si\/page\/wp-content\/uploads\/2023\/11\/vojaski-sejem-10-scaled.jpg","contentUrl":"https:\/\/novice.si\/page\/wp-content\/uploads\/2023\/11\/vojaski-sejem-10-scaled.jpg","width":2560,"height":1920},{"@type":"BreadcrumbList","@id":"https:\/\/novice.si\/page\/celje-vojaski-poklici-oborozitev-kadri\/#breadcrumb","itemListElement":[{"@type":"ListItem","position":1,"name":"Home","item":"https:\/\/novice.si\/page\/"},{"@type":"ListItem","position":2,"name":"CELJE Voja\u0161ki poklici, oboro\u017eitev, kadri"}]},{"@type":"WebSite","@id":"https:\/\/novice.si\/page\/#website","url":"https:\/\/novice.si\/page\/","name":"Novice.si","description":"","publisher":{"@id":"https:\/\/novice.si\/page\/#organization"},"potentialAction":[{"@type":"SearchAction","target":{"@type":"EntryPoint","urlTemplate":"https:\/\/novice.si\/page\/?s={search_term_string}"},"query-input":{"@type":"PropertyValueSpecification","valueRequired":true,"valueName":"search_term_string"}}],"inLanguage":"sl-SI"},{"@type":"Organization","@id":"https:\/\/novice.si\/page\/#organization","name":"Novice.si","url":"https:\/\/novice.si\/page\/","logo":{"@type":"ImageObject","inLanguage":"sl-SI","@id":"https:\/\/novice.si\/page\/#\/schema\/logo\/image\/","url":"https:\/\/novice.si\/page\/wp-content\/uploads\/2023\/03\/novice_si.png","contentUrl":"https:\/\/novice.si\/page\/wp-content\/uploads\/2023\/03\/novice_si.png","width":576,"height":200,"caption":"Novice.si"},"image":{"@id":"https:\/\/novice.si\/page\/#\/schema\/logo\/image\/"}},{"@type":"Person","@id":"https:\/\/novice.si\/page\/#\/schema\/person\/57f25c9642a9541c7349c65d32032c3e","name":"Uredni\u0161tvo Celjana","image":{"@type":"ImageObject","inLanguage":"sl-SI","@id":"https:\/\/secure.gravatar.com\/avatar\/78e52bc4279b65f6df6345e0ef0f7b792d361361f230cf4ffecfe0afe6d5629c?s=96&d=mm&r=g","url":"https:\/\/secure.gravatar.com\/avatar\/78e52bc4279b65f6df6345e0ef0f7b792d361361f230cf4ffecfe0afe6d5629c?s=96&d=mm&r=g","contentUrl":"https:\/\/secure.gravatar.com\/avatar\/78e52bc4279b65f6df6345e0ef0f7b792d361361f230cf4ffecfe0afe6d5629c?s=96&d=mm&r=g","caption":"Uredni\u0161tvo Celjana"},"url":"https:\/\/novice.si\/page\/author\/primoz\/"}]}},"_links":{"self":[{"href":"https:\/\/novice.si\/page\/wp-json\/wp\/v2\/posts\/169140","targetHints":{"allow":["GET"]}}],"collection":[{"href":"https:\/\/novice.si\/page\/wp-json\/wp\/v2\/posts"}],"about":[{"href":"https:\/\/novice.si\/page\/wp-json\/wp\/v2\/types\/post"}],"author":[{"embeddable":true,"href":"https:\/\/novice.si\/page\/wp-json\/wp\/v2\/users\/33"}],"replies":[{"embeddable":true,"href":"https:\/\/novice.si\/page\/wp-json\/wp\/v2\/comments?post=169140"}],"version-history":[{"count":1,"href":"https:\/\/novice.si\/page\/wp-json\/wp\/v2\/posts\/169140\/revisions"}],"predecessor-version":[{"id":169147,"href":"https:\/\/novice.si\/page\/wp-json\/wp\/v2\/posts\/169140\/revisions\/169147"}],"wp:featuredmedia":[{"embeddable":true,"href":"https:\/\/novice.si\/page\/wp-json\/wp\/v2\/media\/169141"}],"wp:attachment":[{"href":"https:\/\/novice.si\/page\/wp-json\/wp\/v2\/media?parent=169140"}],"wp:term":[{"taxonomy":"category","embeddable":true,"href":"https:\/\/novice.si\/page\/wp-json\/wp\/v2\/categories?post=169140"},{"taxonomy":"post_tag","embeddable":true,"href":"https:\/\/novice.si\/page\/wp-json\/wp\/v2\/tags?post=169140"}],"curies":[{"name":"wp","href":"https:\/\/api.w.org\/{rel}","templated":true}]}}