{"id":169128,"date":"2023-11-10T09:00:08","date_gmt":"2023-11-10T08:00:08","guid":{"rendered":"https:\/\/novice.si\/page\/?p=169128"},"modified":"2023-11-09T11:30:00","modified_gmt":"2023-11-09T10:30:00","slug":"slovenske-konjice-za-onicem-je-uspesna-arg-sezona","status":"publish","type":"post","link":"https:\/\/novice.si\/page\/slovenske-konjice-za-onicem-je-uspesna-arg-sezona\/","title":{"rendered":"Slovenske Konjice: Za Oni\u010dem je uspe\u0161na ARG sezona"},"content":{"rendered":"<p>Avstrijski radioamaterji iz radiokluba F\u00fcrstenfeld so 30. septembra v Bad Loipersdorfu organizirali ARG tekmovanje (\u00bblov na lisice\u00ab) na UKV podro\u010dju 144 MHz. Tekmovanja so se poleg avstrijskih in nem\u0161kih tekmovalcev udele\u017eili tudi slovenski tekmovalci. Med njimi je bil tudi Konji\u010dan <strong>Jo\u017ee Oni\u010d<\/strong>, ki je kot najstarej\u0161i udele\u017eenec v kategoriji \u00bbgostje\u00ab zasedel 3. mesto.<br \/>\n14. oktobra pa je radioklub iz Lipnice (Leibnitz) pripravil tradicionalni zaklju\u010dek ARG sezone s tradicionalno peko kostanjev. Tudi na tem tekmovanju so sodelovali tekmovalci iz Slovenije. Med tekmovalci je tudi tokrat bil Konji\u010dan in tudi tu si je med mnogo mlaj\u0161o konkurenco uspel prite\u010di 3. mesto.<br \/>\nS to tekmo se je za letos zaklju\u010dila ARG sezona, ki je letos prinesla \u0161tevilna tekmovanja tako doma in v tujini. (E. \u010c.)<\/p>\n<p><strong>Jo\u017ee Oni\u010d (levo).<\/strong><\/p>\n<p><img loading=\"lazy\" decoding=\"async\" class=\"alignnone size-medium wp-image-169132\" src=\"https:\/\/novice.si\/page\/wp-content\/uploads\/2023\/11\/onic-joze-Medium-600x450.jpg\" alt=\"\" width=\"600\" height=\"450\" srcset=\"https:\/\/novice.si\/page\/wp-content\/uploads\/2023\/11\/onic-joze-Medium-600x450.jpg 600w, https:\/\/novice.si\/page\/wp-content\/uploads\/2023\/11\/onic-joze-Medium-768x576.jpg 768w, https:\/\/novice.si\/page\/wp-content\/uploads\/2023\/11\/onic-joze-Medium-80x60.jpg 80w, https:\/\/novice.si\/page\/wp-content\/uploads\/2023\/11\/onic-joze-Medium-265x198.jpg 265w, https:\/\/novice.si\/page\/wp-content\/uploads\/2023\/11\/onic-joze-Medium-696x522.jpg 696w, https:\/\/novice.si\/page\/wp-content\/uploads\/2023\/11\/onic-joze-Medium-560x420.jpg 560w, https:\/\/novice.si\/page\/wp-content\/uploads\/2023\/11\/onic-joze-Medium-24x18.jpg 24w, https:\/\/novice.si\/page\/wp-content\/uploads\/2023\/11\/onic-joze-Medium-36x27.jpg 36w, https:\/\/novice.si\/page\/wp-content\/uploads\/2023\/11\/onic-joze-Medium-48x36.jpg 48w, https:\/\/novice.si\/page\/wp-content\/uploads\/2023\/11\/onic-joze-Medium.jpg 1024w\" sizes=\"auto, (max-width: 600px) 100vw, 600px\" \/><\/p>\n","protected":false},"excerpt":{"rendered":"<p>Avstrijski radioamaterji iz radiokluba F\u00fcrstenfeld so 30. septembra v Bad Loipersdorfu organizirali ARG tekmovanje (\u00bblov na lisice\u00ab) na UKV podro\u010dju 144 MHz. Tekmovanja so se poleg avstrijskih in nem\u0161kih tekmovalcev udele\u017eili tudi slovenski tekmovalci. Med njimi je bil tudi Konji\u010dan Jo\u017ee Oni\u010d, ki je kot najstarej\u0161i udele\u017eenec v kategoriji \u00bbgostje\u00ab zasedel 3. mesto. 14. oktobra [&hellip;]<\/p>\n","protected":false},"author":13,"featured_media":169132,"comment_status":"closed","ping_status":"closed","sticky":false,"template":"","format":"standard","meta":{"footnotes":""},"categories":[14,16],"tags":[],"class_list":{"0":"post-169128","1":"post","2":"type-post","3":"status-publish","4":"format-standard","5":"has-post-thumbnail","7":"category-aktualno","8":"category-konjisko"},"yoast_head":"<!-- This site is optimized with the Yoast SEO plugin v27.4 - https:\/\/yoast.com\/product\/yoast-seo-wordpress\/ -->\n<title>Slovenske Konjice: Za Oni\u010dem je uspe\u0161na ARG sezona - Novice.si<\/title>\n<meta name=\"robots\" content=\"index, follow, max-snippet:-1, max-image-preview:large, max-video-preview:-1\" \/>\n<link rel=\"canonical\" href=\"https:\/\/novice.si\/page\/slovenske-konjice-za-onicem-je-uspesna-arg-sezona\/\" \/>\n<meta property=\"og:locale\" content=\"sl_SI\" \/>\n<meta property=\"og:type\" content=\"article\" \/>\n<meta property=\"og:title\" content=\"Slovenske Konjice: Za Oni\u010dem je uspe\u0161na ARG sezona - Novice.si\" \/>\n<meta property=\"og:description\" content=\"Avstrijski radioamaterji iz radiokluba F\u00fcrstenfeld so 30. septembra v Bad Loipersdorfu organizirali ARG tekmovanje (\u00bblov na lisice\u00ab) na UKV podro\u010dju 144 MHz. Tekmovanja so se poleg avstrijskih in nem\u0161kih tekmovalcev udele\u017eili tudi slovenski tekmovalci. Med njimi je bil tudi Konji\u010dan Jo\u017ee Oni\u010d, ki je kot najstarej\u0161i udele\u017eenec v kategoriji \u00bbgostje\u00ab zasedel 3. mesto. 14. oktobra [&hellip;]\" \/>\n<meta property=\"og:url\" content=\"https:\/\/novice.si\/page\/slovenske-konjice-za-onicem-je-uspesna-arg-sezona\/\" \/>\n<meta property=\"og:site_name\" content=\"Novice.si\" \/>\n<meta property=\"article:published_time\" content=\"2023-11-10T08:00:08+00:00\" \/>\n<meta property=\"og:image\" content=\"https:\/\/novice.si\/page\/wp-content\/uploads\/2023\/11\/onic-joze-Medium.jpg\" \/>\n\t<meta property=\"og:image:width\" content=\"1024\" \/>\n\t<meta property=\"og:image:height\" content=\"768\" \/>\n\t<meta property=\"og:image:type\" content=\"image\/jpeg\" \/>\n<meta name=\"author\" content=\"Uredni\u0161tvo Novic\" \/>\n<meta name=\"twitter:card\" content=\"summary_large_image\" \/>\n<meta name=\"twitter:label1\" content=\"Written by\" \/>\n\t<meta name=\"twitter:data1\" content=\"Uredni\u0161tvo Novic\" \/>\n\t<meta name=\"twitter:label2\" content=\"Est. reading time\" \/>\n\t<meta name=\"twitter:data2\" content=\"1 minuta\" \/>\n<script type=\"application\/ld+json\" class=\"yoast-schema-graph\">{\"@context\":\"https:\\\/\\\/schema.org\",\"@graph\":[{\"@type\":\"Article\",\"@id\":\"https:\\\/\\\/novice.si\\\/page\\\/slovenske-konjice-za-onicem-je-uspesna-arg-sezona\\\/#article\",\"isPartOf\":{\"@id\":\"https:\\\/\\\/novice.si\\\/page\\\/slovenske-konjice-za-onicem-je-uspesna-arg-sezona\\\/\"},\"author\":{\"name\":\"Uredni\u0161tvo Novic\",\"@id\":\"https:\\\/\\\/novice.si\\\/page\\\/#\\\/schema\\\/person\\\/8eec8929580e8366a3f3d087c9226230\"},\"headline\":\"Slovenske Konjice: Za Oni\u010dem je uspe\u0161na ARG sezona\",\"datePublished\":\"2023-11-10T08:00:08+00:00\",\"mainEntityOfPage\":{\"@id\":\"https:\\\/\\\/novice.si\\\/page\\\/slovenske-konjice-za-onicem-je-uspesna-arg-sezona\\\/\"},\"wordCount\":143,\"publisher\":{\"@id\":\"https:\\\/\\\/novice.si\\\/page\\\/#organization\"},\"image\":{\"@id\":\"https:\\\/\\\/novice.si\\\/page\\\/slovenske-konjice-za-onicem-je-uspesna-arg-sezona\\\/#primaryimage\"},\"thumbnailUrl\":\"https:\\\/\\\/novice.si\\\/page\\\/wp-content\\\/uploads\\\/2023\\\/11\\\/onic-joze-Medium.jpg\",\"articleSection\":[\"Aktualno\",\"Konji\u0161ko\"],\"inLanguage\":\"sl-SI\"},{\"@type\":\"WebPage\",\"@id\":\"https:\\\/\\\/novice.si\\\/page\\\/slovenske-konjice-za-onicem-je-uspesna-arg-sezona\\\/\",\"url\":\"https:\\\/\\\/novice.si\\\/page\\\/slovenske-konjice-za-onicem-je-uspesna-arg-sezona\\\/\",\"name\":\"Slovenske Konjice: Za Oni\u010dem je uspe\u0161na ARG sezona - Novice.si\",\"isPartOf\":{\"@id\":\"https:\\\/\\\/novice.si\\\/page\\\/#website\"},\"primaryImageOfPage\":{\"@id\":\"https:\\\/\\\/novice.si\\\/page\\\/slovenske-konjice-za-onicem-je-uspesna-arg-sezona\\\/#primaryimage\"},\"image\":{\"@id\":\"https:\\\/\\\/novice.si\\\/page\\\/slovenske-konjice-za-onicem-je-uspesna-arg-sezona\\\/#primaryimage\"},\"thumbnailUrl\":\"https:\\\/\\\/novice.si\\\/page\\\/wp-content\\\/uploads\\\/2023\\\/11\\\/onic-joze-Medium.jpg\",\"datePublished\":\"2023-11-10T08:00:08+00:00\",\"breadcrumb\":{\"@id\":\"https:\\\/\\\/novice.si\\\/page\\\/slovenske-konjice-za-onicem-je-uspesna-arg-sezona\\\/#breadcrumb\"},\"inLanguage\":\"sl-SI\",\"potentialAction\":[{\"@type\":\"ReadAction\",\"target\":[\"https:\\\/\\\/novice.si\\\/page\\\/slovenske-konjice-za-onicem-je-uspesna-arg-sezona\\\/\"]}]},{\"@type\":\"ImageObject\",\"inLanguage\":\"sl-SI\",\"@id\":\"https:\\\/\\\/novice.si\\\/page\\\/slovenske-konjice-za-onicem-je-uspesna-arg-sezona\\\/#primaryimage\",\"url\":\"https:\\\/\\\/novice.si\\\/page\\\/wp-content\\\/uploads\\\/2023\\\/11\\\/onic-joze-Medium.jpg\",\"contentUrl\":\"https:\\\/\\\/novice.si\\\/page\\\/wp-content\\\/uploads\\\/2023\\\/11\\\/onic-joze-Medium.jpg\",\"width\":1024,\"height\":768},{\"@type\":\"BreadcrumbList\",\"@id\":\"https:\\\/\\\/novice.si\\\/page\\\/slovenske-konjice-za-onicem-je-uspesna-arg-sezona\\\/#breadcrumb\",\"itemListElement\":[{\"@type\":\"ListItem\",\"position\":1,\"name\":\"Home\",\"item\":\"https:\\\/\\\/novice.si\\\/page\\\/\"},{\"@type\":\"ListItem\",\"position\":2,\"name\":\"Slovenske Konjice: Za Oni\u010dem je uspe\u0161na ARG sezona\"}]},{\"@type\":\"WebSite\",\"@id\":\"https:\\\/\\\/novice.si\\\/page\\\/#website\",\"url\":\"https:\\\/\\\/novice.si\\\/page\\\/\",\"name\":\"Novice.si\",\"description\":\"\",\"publisher\":{\"@id\":\"https:\\\/\\\/novice.si\\\/page\\\/#organization\"},\"potentialAction\":[{\"@type\":\"SearchAction\",\"target\":{\"@type\":\"EntryPoint\",\"urlTemplate\":\"https:\\\/\\\/novice.si\\\/page\\\/?s={search_term_string}\"},\"query-input\":{\"@type\":\"PropertyValueSpecification\",\"valueRequired\":true,\"valueName\":\"search_term_string\"}}],\"inLanguage\":\"sl-SI\"},{\"@type\":\"Organization\",\"@id\":\"https:\\\/\\\/novice.si\\\/page\\\/#organization\",\"name\":\"Novice.si\",\"url\":\"https:\\\/\\\/novice.si\\\/page\\\/\",\"logo\":{\"@type\":\"ImageObject\",\"inLanguage\":\"sl-SI\",\"@id\":\"https:\\\/\\\/novice.si\\\/page\\\/#\\\/schema\\\/logo\\\/image\\\/\",\"url\":\"https:\\\/\\\/novice.si\\\/page\\\/wp-content\\\/uploads\\\/2023\\\/03\\\/novice_si.png\",\"contentUrl\":\"https:\\\/\\\/novice.si\\\/page\\\/wp-content\\\/uploads\\\/2023\\\/03\\\/novice_si.png\",\"width\":576,\"height\":200,\"caption\":\"Novice.si\"},\"image\":{\"@id\":\"https:\\\/\\\/novice.si\\\/page\\\/#\\\/schema\\\/logo\\\/image\\\/\"}},{\"@type\":\"Person\",\"@id\":\"https:\\\/\\\/novice.si\\\/page\\\/#\\\/schema\\\/person\\\/8eec8929580e8366a3f3d087c9226230\",\"name\":\"Uredni\u0161tvo Novic\",\"image\":{\"@type\":\"ImageObject\",\"inLanguage\":\"sl-SI\",\"@id\":\"https:\\\/\\\/secure.gravatar.com\\\/avatar\\\/7fb0cf2a4c0d8a98851a9fe960bd1d0e9f2248a000534ab13a57640063f53b5a?s=96&d=mm&r=g\",\"url\":\"https:\\\/\\\/secure.gravatar.com\\\/avatar\\\/7fb0cf2a4c0d8a98851a9fe960bd1d0e9f2248a000534ab13a57640063f53b5a?s=96&d=mm&r=g\",\"contentUrl\":\"https:\\\/\\\/secure.gravatar.com\\\/avatar\\\/7fb0cf2a4c0d8a98851a9fe960bd1d0e9f2248a000534ab13a57640063f53b5a?s=96&d=mm&r=g\",\"caption\":\"Uredni\u0161tvo Novic\"},\"url\":\"https:\\\/\\\/novice.si\\\/page\\\/author\\\/ales\\\/\"}]}<\/script>\n<!-- \/ Yoast SEO plugin. -->","yoast_head_json":{"title":"Slovenske Konjice: Za Oni\u010dem je uspe\u0161na ARG sezona - Novice.si","robots":{"index":"index","follow":"follow","max-snippet":"max-snippet:-1","max-image-preview":"max-image-preview:large","max-video-preview":"max-video-preview:-1"},"canonical":"https:\/\/novice.si\/page\/slovenske-konjice-za-onicem-je-uspesna-arg-sezona\/","og_locale":"sl_SI","og_type":"article","og_title":"Slovenske Konjice: Za Oni\u010dem je uspe\u0161na ARG sezona - Novice.si","og_description":"Avstrijski radioamaterji iz radiokluba F\u00fcrstenfeld so 30. septembra v Bad Loipersdorfu organizirali ARG tekmovanje (\u00bblov na lisice\u00ab) na UKV podro\u010dju 144 MHz. Tekmovanja so se poleg avstrijskih in nem\u0161kih tekmovalcev udele\u017eili tudi slovenski tekmovalci. Med njimi je bil tudi Konji\u010dan Jo\u017ee Oni\u010d, ki je kot najstarej\u0161i udele\u017eenec v kategoriji \u00bbgostje\u00ab zasedel 3. mesto. 14. oktobra [&hellip;]","og_url":"https:\/\/novice.si\/page\/slovenske-konjice-za-onicem-je-uspesna-arg-sezona\/","og_site_name":"Novice.si","article_published_time":"2023-11-10T08:00:08+00:00","og_image":[{"width":1024,"height":768,"url":"https:\/\/novice.si\/page\/wp-content\/uploads\/2023\/11\/onic-joze-Medium.jpg","type":"image\/jpeg"}],"author":"Uredni\u0161tvo Novic","twitter_card":"summary_large_image","twitter_misc":{"Written by":"Uredni\u0161tvo Novic","Est. reading time":"1 minuta"},"schema":{"@context":"https:\/\/schema.org","@graph":[{"@type":"Article","@id":"https:\/\/novice.si\/page\/slovenske-konjice-za-onicem-je-uspesna-arg-sezona\/#article","isPartOf":{"@id":"https:\/\/novice.si\/page\/slovenske-konjice-za-onicem-je-uspesna-arg-sezona\/"},"author":{"name":"Uredni\u0161tvo Novic","@id":"https:\/\/novice.si\/page\/#\/schema\/person\/8eec8929580e8366a3f3d087c9226230"},"headline":"Slovenske Konjice: Za Oni\u010dem je uspe\u0161na ARG sezona","datePublished":"2023-11-10T08:00:08+00:00","mainEntityOfPage":{"@id":"https:\/\/novice.si\/page\/slovenske-konjice-za-onicem-je-uspesna-arg-sezona\/"},"wordCount":143,"publisher":{"@id":"https:\/\/novice.si\/page\/#organization"},"image":{"@id":"https:\/\/novice.si\/page\/slovenske-konjice-za-onicem-je-uspesna-arg-sezona\/#primaryimage"},"thumbnailUrl":"https:\/\/novice.si\/page\/wp-content\/uploads\/2023\/11\/onic-joze-Medium.jpg","articleSection":["Aktualno","Konji\u0161ko"],"inLanguage":"sl-SI"},{"@type":"WebPage","@id":"https:\/\/novice.si\/page\/slovenske-konjice-za-onicem-je-uspesna-arg-sezona\/","url":"https:\/\/novice.si\/page\/slovenske-konjice-za-onicem-je-uspesna-arg-sezona\/","name":"Slovenske Konjice: Za Oni\u010dem je uspe\u0161na ARG sezona - Novice.si","isPartOf":{"@id":"https:\/\/novice.si\/page\/#website"},"primaryImageOfPage":{"@id":"https:\/\/novice.si\/page\/slovenske-konjice-za-onicem-je-uspesna-arg-sezona\/#primaryimage"},"image":{"@id":"https:\/\/novice.si\/page\/slovenske-konjice-za-onicem-je-uspesna-arg-sezona\/#primaryimage"},"thumbnailUrl":"https:\/\/novice.si\/page\/wp-content\/uploads\/2023\/11\/onic-joze-Medium.jpg","datePublished":"2023-11-10T08:00:08+00:00","breadcrumb":{"@id":"https:\/\/novice.si\/page\/slovenske-konjice-za-onicem-je-uspesna-arg-sezona\/#breadcrumb"},"inLanguage":"sl-SI","potentialAction":[{"@type":"ReadAction","target":["https:\/\/novice.si\/page\/slovenske-konjice-za-onicem-je-uspesna-arg-sezona\/"]}]},{"@type":"ImageObject","inLanguage":"sl-SI","@id":"https:\/\/novice.si\/page\/slovenske-konjice-za-onicem-je-uspesna-arg-sezona\/#primaryimage","url":"https:\/\/novice.si\/page\/wp-content\/uploads\/2023\/11\/onic-joze-Medium.jpg","contentUrl":"https:\/\/novice.si\/page\/wp-content\/uploads\/2023\/11\/onic-joze-Medium.jpg","width":1024,"height":768},{"@type":"BreadcrumbList","@id":"https:\/\/novice.si\/page\/slovenske-konjice-za-onicem-je-uspesna-arg-sezona\/#breadcrumb","itemListElement":[{"@type":"ListItem","position":1,"name":"Home","item":"https:\/\/novice.si\/page\/"},{"@type":"ListItem","position":2,"name":"Slovenske Konjice: Za Oni\u010dem je uspe\u0161na ARG sezona"}]},{"@type":"WebSite","@id":"https:\/\/novice.si\/page\/#website","url":"https:\/\/novice.si\/page\/","name":"Novice.si","description":"","publisher":{"@id":"https:\/\/novice.si\/page\/#organization"},"potentialAction":[{"@type":"SearchAction","target":{"@type":"EntryPoint","urlTemplate":"https:\/\/novice.si\/page\/?s={search_term_string}"},"query-input":{"@type":"PropertyValueSpecification","valueRequired":true,"valueName":"search_term_string"}}],"inLanguage":"sl-SI"},{"@type":"Organization","@id":"https:\/\/novice.si\/page\/#organization","name":"Novice.si","url":"https:\/\/novice.si\/page\/","logo":{"@type":"ImageObject","inLanguage":"sl-SI","@id":"https:\/\/novice.si\/page\/#\/schema\/logo\/image\/","url":"https:\/\/novice.si\/page\/wp-content\/uploads\/2023\/03\/novice_si.png","contentUrl":"https:\/\/novice.si\/page\/wp-content\/uploads\/2023\/03\/novice_si.png","width":576,"height":200,"caption":"Novice.si"},"image":{"@id":"https:\/\/novice.si\/page\/#\/schema\/logo\/image\/"}},{"@type":"Person","@id":"https:\/\/novice.si\/page\/#\/schema\/person\/8eec8929580e8366a3f3d087c9226230","name":"Uredni\u0161tvo Novic","image":{"@type":"ImageObject","inLanguage":"sl-SI","@id":"https:\/\/secure.gravatar.com\/avatar\/7fb0cf2a4c0d8a98851a9fe960bd1d0e9f2248a000534ab13a57640063f53b5a?s=96&d=mm&r=g","url":"https:\/\/secure.gravatar.com\/avatar\/7fb0cf2a4c0d8a98851a9fe960bd1d0e9f2248a000534ab13a57640063f53b5a?s=96&d=mm&r=g","contentUrl":"https:\/\/secure.gravatar.com\/avatar\/7fb0cf2a4c0d8a98851a9fe960bd1d0e9f2248a000534ab13a57640063f53b5a?s=96&d=mm&r=g","caption":"Uredni\u0161tvo Novic"},"url":"https:\/\/novice.si\/page\/author\/ales\/"}]}},"_links":{"self":[{"href":"https:\/\/novice.si\/page\/wp-json\/wp\/v2\/posts\/169128","targetHints":{"allow":["GET"]}}],"collection":[{"href":"https:\/\/novice.si\/page\/wp-json\/wp\/v2\/posts"}],"about":[{"href":"https:\/\/novice.si\/page\/wp-json\/wp\/v2\/types\/post"}],"author":[{"embeddable":true,"href":"https:\/\/novice.si\/page\/wp-json\/wp\/v2\/users\/13"}],"replies":[{"embeddable":true,"href":"https:\/\/novice.si\/page\/wp-json\/wp\/v2\/comments?post=169128"}],"version-history":[{"count":1,"href":"https:\/\/novice.si\/page\/wp-json\/wp\/v2\/posts\/169128\/revisions"}],"predecessor-version":[{"id":169134,"href":"https:\/\/novice.si\/page\/wp-json\/wp\/v2\/posts\/169128\/revisions\/169134"}],"wp:featuredmedia":[{"embeddable":true,"href":"https:\/\/novice.si\/page\/wp-json\/wp\/v2\/media\/169132"}],"wp:attachment":[{"href":"https:\/\/novice.si\/page\/wp-json\/wp\/v2\/media?parent=169128"}],"wp:term":[{"taxonomy":"category","embeddable":true,"href":"https:\/\/novice.si\/page\/wp-json\/wp\/v2\/categories?post=169128"},{"taxonomy":"post_tag","embeddable":true,"href":"https:\/\/novice.si\/page\/wp-json\/wp\/v2\/tags?post=169128"}],"curies":[{"name":"wp","href":"https:\/\/api.w.org\/{rel}","templated":true}]}}