{"id":169101,"date":"2023-11-08T16:14:41","date_gmt":"2023-11-08T15:14:41","guid":{"rendered":"https:\/\/novice.si\/page\/?p=169101"},"modified":"2023-11-09T08:34:10","modified_gmt":"2023-11-09T07:34:10","slug":"smukaci-tudi-celjan-martin-cater-opravili-prvo-dejanje","status":"publish","type":"post","link":"https:\/\/novice.si\/page\/smukaci-tudi-celjan-martin-cater-opravili-prvo-dejanje\/","title":{"rendered":"Smuka\u010di, tudi Celjan Martin \u010cater, opravili prvo dejanje"},"content":{"rendered":"<p><img loading=\"lazy\" decoding=\"async\" class=\"alignnone size-medium wp-image-169102\" src=\"https:\/\/novice.si\/page\/wp-content\/uploads\/2023\/11\/cater-martin-2023-foto-Facebook-600x415.jpg\" alt=\"\" width=\"600\" height=\"415\" srcset=\"https:\/\/novice.si\/page\/wp-content\/uploads\/2023\/11\/cater-martin-2023-foto-Facebook-600x415.jpg 600w, https:\/\/novice.si\/page\/wp-content\/uploads\/2023\/11\/cater-martin-2023-foto-Facebook-1024x708.jpg 1024w, https:\/\/novice.si\/page\/wp-content\/uploads\/2023\/11\/cater-martin-2023-foto-Facebook-768x531.jpg 768w, https:\/\/novice.si\/page\/wp-content\/uploads\/2023\/11\/cater-martin-2023-foto-Facebook-100x70.jpg 100w, https:\/\/novice.si\/page\/wp-content\/uploads\/2023\/11\/cater-martin-2023-foto-Facebook-218x150.jpg 218w, https:\/\/novice.si\/page\/wp-content\/uploads\/2023\/11\/cater-martin-2023-foto-Facebook-696x481.jpg 696w, https:\/\/novice.si\/page\/wp-content\/uploads\/2023\/11\/cater-martin-2023-foto-Facebook-1068x739.jpg 1068w, https:\/\/novice.si\/page\/wp-content\/uploads\/2023\/11\/cater-martin-2023-foto-Facebook-607x420.jpg 607w, https:\/\/novice.si\/page\/wp-content\/uploads\/2023\/11\/cater-martin-2023-foto-Facebook-24x17.jpg 24w, https:\/\/novice.si\/page\/wp-content\/uploads\/2023\/11\/cater-martin-2023-foto-Facebook-36x25.jpg 36w, https:\/\/novice.si\/page\/wp-content\/uploads\/2023\/11\/cater-martin-2023-foto-Facebook-48x33.jpg 48w, https:\/\/novice.si\/page\/wp-content\/uploads\/2023\/11\/cater-martin-2023-foto-Facebook.jpg 1440w\" sizes=\"auto, (max-width: 600px) 100vw, 600px\" \/><br \/>\nZa alpskimi smu\u010darji, ki tekmujejo v hitrih disciplinah, je prvo dejanje v novi sezoni svetovnega pokala. Na novi progi v Zermatt\/Cervinii so odpeljali prvega od predvidenih treh treningov pred tekmama, ki bosta v soboto in nedeljo. <strong>Martin \u010cater<\/strong> je zabele\u017eil 30. \u010das med 82 tekmovalci \u2013 tako kot mnogi drugi pa tudi Celjan ni celotne proge odpeljal pravilno. Najhitrej\u0161i je bil Avstrijec <strong>Otmar Striedinger<\/strong>.<br \/>\nZima 2023\/2024, v kateri ve\u010djih tekmovanj ne bo, sicer prina\u0161a trinajst smukov in osem superveleslalomov za svetovni pokal. \u010cater se je doslej med svetovno elito osemkrat uvrstil med najbolj\u0161ih deset, izstopa pa njegova zmaga v smuku v Val d&#8217;Iseru pred tremi leti.<\/p>\n<p>&nbsp;<\/p>\n","protected":false},"excerpt":{"rendered":"<p>Za alpskimi smu\u010darji, ki tekmujejo v hitrih disciplinah, je prvo dejanje v novi sezoni svetovnega pokala. Na novi progi v Zermatt\/Cervinii so odpeljali prvega od predvidenih treh treningov pred tekmama, ki bosta v soboto in nedeljo. Martin \u010cater je zabele\u017eil 30. \u010das med 82 tekmovalci \u2013 tako kot mnogi drugi pa tudi Celjan ni celotne [&hellip;]<\/p>\n","protected":false},"author":7,"featured_media":169102,"comment_status":"closed","ping_status":"closed","sticky":false,"template":"","format":"standard","meta":{"footnotes":""},"categories":[14,17,68],"tags":[7037,2063],"class_list":{"0":"post-169101","1":"post","2":"type-post","3":"status-publish","4":"format-standard","5":"has-post-thumbnail","7":"category-aktualno","8":"category-celjsko","9":"category-sport","10":"tag-martin-cater","11":"tag-svetovni-pokal"},"yoast_head":"<!-- This site is optimized with the Yoast SEO plugin v27.4 - https:\/\/yoast.com\/product\/yoast-seo-wordpress\/ -->\n<title>Smuka\u010di, tudi Celjan Martin \u010cater, opravili prvo dejanje - Novice.si<\/title>\n<meta name=\"robots\" content=\"index, follow, max-snippet:-1, max-image-preview:large, max-video-preview:-1\" \/>\n<link rel=\"canonical\" href=\"https:\/\/novice.si\/page\/smukaci-tudi-celjan-martin-cater-opravili-prvo-dejanje\/\" \/>\n<meta property=\"og:locale\" content=\"sl_SI\" \/>\n<meta property=\"og:type\" content=\"article\" \/>\n<meta property=\"og:title\" content=\"Smuka\u010di, tudi Celjan Martin \u010cater, opravili prvo dejanje - Novice.si\" \/>\n<meta property=\"og:description\" content=\"Za alpskimi smu\u010darji, ki tekmujejo v hitrih disciplinah, je prvo dejanje v novi sezoni svetovnega pokala. Na novi progi v Zermatt\/Cervinii so odpeljali prvega od predvidenih treh treningov pred tekmama, ki bosta v soboto in nedeljo. Martin \u010cater je zabele\u017eil 30. \u010das med 82 tekmovalci \u2013 tako kot mnogi drugi pa tudi Celjan ni celotne [&hellip;]\" \/>\n<meta property=\"og:url\" content=\"https:\/\/novice.si\/page\/smukaci-tudi-celjan-martin-cater-opravili-prvo-dejanje\/\" \/>\n<meta property=\"og:site_name\" content=\"Novice.si\" \/>\n<meta property=\"article:published_time\" content=\"2023-11-08T15:14:41+00:00\" \/>\n<meta property=\"article:modified_time\" content=\"2023-11-09T07:34:10+00:00\" \/>\n<meta property=\"og:image\" content=\"https:\/\/novice.si\/page\/wp-content\/uploads\/2023\/11\/cater-martin-2023-foto-Facebook.jpg\" \/>\n\t<meta property=\"og:image:width\" content=\"1440\" \/>\n\t<meta property=\"og:image:height\" content=\"996\" \/>\n\t<meta property=\"og:image:type\" content=\"image\/jpeg\" \/>\n<meta name=\"author\" content=\"Uredni\u0161tvo Novic\" \/>\n<meta name=\"twitter:card\" content=\"summary_large_image\" \/>\n<meta name=\"twitter:label1\" content=\"Written by\" \/>\n\t<meta name=\"twitter:data1\" content=\"Uredni\u0161tvo Novic\" \/>\n\t<meta name=\"twitter:label2\" content=\"Est. reading time\" \/>\n\t<meta name=\"twitter:data2\" content=\"1 minuta\" \/>\n<script type=\"application\/ld+json\" class=\"yoast-schema-graph\">{\"@context\":\"https:\\\/\\\/schema.org\",\"@graph\":[{\"@type\":\"Article\",\"@id\":\"https:\\\/\\\/novice.si\\\/page\\\/smukaci-tudi-celjan-martin-cater-opravili-prvo-dejanje\\\/#article\",\"isPartOf\":{\"@id\":\"https:\\\/\\\/novice.si\\\/page\\\/smukaci-tudi-celjan-martin-cater-opravili-prvo-dejanje\\\/\"},\"author\":{\"name\":\"Uredni\u0161tvo Novic\",\"@id\":\"https:\\\/\\\/novice.si\\\/page\\\/#\\\/schema\\\/person\\\/a877dbb8680d441357ce27663beb35ca\"},\"headline\":\"Smuka\u010di, tudi Celjan Martin \u010cater, opravili prvo dejanje\",\"datePublished\":\"2023-11-08T15:14:41+00:00\",\"dateModified\":\"2023-11-09T07:34:10+00:00\",\"mainEntityOfPage\":{\"@id\":\"https:\\\/\\\/novice.si\\\/page\\\/smukaci-tudi-celjan-martin-cater-opravili-prvo-dejanje\\\/\"},\"wordCount\":119,\"publisher\":{\"@id\":\"https:\\\/\\\/novice.si\\\/page\\\/#organization\"},\"image\":{\"@id\":\"https:\\\/\\\/novice.si\\\/page\\\/smukaci-tudi-celjan-martin-cater-opravili-prvo-dejanje\\\/#primaryimage\"},\"thumbnailUrl\":\"https:\\\/\\\/novice.si\\\/page\\\/wp-content\\\/uploads\\\/2023\\\/11\\\/cater-martin-2023-foto-Facebook.jpg\",\"keywords\":[\"Martin \u010cater\",\"svetovni pokal\"],\"articleSection\":[\"Aktualno\",\"Celjsko\",\"\u0160port\"],\"inLanguage\":\"sl-SI\"},{\"@type\":\"WebPage\",\"@id\":\"https:\\\/\\\/novice.si\\\/page\\\/smukaci-tudi-celjan-martin-cater-opravili-prvo-dejanje\\\/\",\"url\":\"https:\\\/\\\/novice.si\\\/page\\\/smukaci-tudi-celjan-martin-cater-opravili-prvo-dejanje\\\/\",\"name\":\"Smuka\u010di, tudi Celjan Martin \u010cater, opravili prvo dejanje - Novice.si\",\"isPartOf\":{\"@id\":\"https:\\\/\\\/novice.si\\\/page\\\/#website\"},\"primaryImageOfPage\":{\"@id\":\"https:\\\/\\\/novice.si\\\/page\\\/smukaci-tudi-celjan-martin-cater-opravili-prvo-dejanje\\\/#primaryimage\"},\"image\":{\"@id\":\"https:\\\/\\\/novice.si\\\/page\\\/smukaci-tudi-celjan-martin-cater-opravili-prvo-dejanje\\\/#primaryimage\"},\"thumbnailUrl\":\"https:\\\/\\\/novice.si\\\/page\\\/wp-content\\\/uploads\\\/2023\\\/11\\\/cater-martin-2023-foto-Facebook.jpg\",\"datePublished\":\"2023-11-08T15:14:41+00:00\",\"dateModified\":\"2023-11-09T07:34:10+00:00\",\"breadcrumb\":{\"@id\":\"https:\\\/\\\/novice.si\\\/page\\\/smukaci-tudi-celjan-martin-cater-opravili-prvo-dejanje\\\/#breadcrumb\"},\"inLanguage\":\"sl-SI\",\"potentialAction\":[{\"@type\":\"ReadAction\",\"target\":[\"https:\\\/\\\/novice.si\\\/page\\\/smukaci-tudi-celjan-martin-cater-opravili-prvo-dejanje\\\/\"]}]},{\"@type\":\"ImageObject\",\"inLanguage\":\"sl-SI\",\"@id\":\"https:\\\/\\\/novice.si\\\/page\\\/smukaci-tudi-celjan-martin-cater-opravili-prvo-dejanje\\\/#primaryimage\",\"url\":\"https:\\\/\\\/novice.si\\\/page\\\/wp-content\\\/uploads\\\/2023\\\/11\\\/cater-martin-2023-foto-Facebook.jpg\",\"contentUrl\":\"https:\\\/\\\/novice.si\\\/page\\\/wp-content\\\/uploads\\\/2023\\\/11\\\/cater-martin-2023-foto-Facebook.jpg\",\"width\":1440,\"height\":996},{\"@type\":\"BreadcrumbList\",\"@id\":\"https:\\\/\\\/novice.si\\\/page\\\/smukaci-tudi-celjan-martin-cater-opravili-prvo-dejanje\\\/#breadcrumb\",\"itemListElement\":[{\"@type\":\"ListItem\",\"position\":1,\"name\":\"Home\",\"item\":\"https:\\\/\\\/novice.si\\\/page\\\/\"},{\"@type\":\"ListItem\",\"position\":2,\"name\":\"Smuka\u010di, tudi Celjan Martin \u010cater, opravili prvo dejanje\"}]},{\"@type\":\"WebSite\",\"@id\":\"https:\\\/\\\/novice.si\\\/page\\\/#website\",\"url\":\"https:\\\/\\\/novice.si\\\/page\\\/\",\"name\":\"Novice.si\",\"description\":\"\",\"publisher\":{\"@id\":\"https:\\\/\\\/novice.si\\\/page\\\/#organization\"},\"potentialAction\":[{\"@type\":\"SearchAction\",\"target\":{\"@type\":\"EntryPoint\",\"urlTemplate\":\"https:\\\/\\\/novice.si\\\/page\\\/?s={search_term_string}\"},\"query-input\":{\"@type\":\"PropertyValueSpecification\",\"valueRequired\":true,\"valueName\":\"search_term_string\"}}],\"inLanguage\":\"sl-SI\"},{\"@type\":\"Organization\",\"@id\":\"https:\\\/\\\/novice.si\\\/page\\\/#organization\",\"name\":\"Novice.si\",\"url\":\"https:\\\/\\\/novice.si\\\/page\\\/\",\"logo\":{\"@type\":\"ImageObject\",\"inLanguage\":\"sl-SI\",\"@id\":\"https:\\\/\\\/novice.si\\\/page\\\/#\\\/schema\\\/logo\\\/image\\\/\",\"url\":\"https:\\\/\\\/novice.si\\\/page\\\/wp-content\\\/uploads\\\/2023\\\/03\\\/novice_si.png\",\"contentUrl\":\"https:\\\/\\\/novice.si\\\/page\\\/wp-content\\\/uploads\\\/2023\\\/03\\\/novice_si.png\",\"width\":576,\"height\":200,\"caption\":\"Novice.si\"},\"image\":{\"@id\":\"https:\\\/\\\/novice.si\\\/page\\\/#\\\/schema\\\/logo\\\/image\\\/\"}},{\"@type\":\"Person\",\"@id\":\"https:\\\/\\\/novice.si\\\/page\\\/#\\\/schema\\\/person\\\/a877dbb8680d441357ce27663beb35ca\",\"name\":\"Uredni\u0161tvo Novic\",\"image\":{\"@type\":\"ImageObject\",\"inLanguage\":\"sl-SI\",\"@id\":\"https:\\\/\\\/secure.gravatar.com\\\/avatar\\\/f19c0ae874706cc9ba19d2f6da5f74a5a5ee7674f283fed29ce0ad16a9f1893e?s=96&d=mm&r=g\",\"url\":\"https:\\\/\\\/secure.gravatar.com\\\/avatar\\\/f19c0ae874706cc9ba19d2f6da5f74a5a5ee7674f283fed29ce0ad16a9f1893e?s=96&d=mm&r=g\",\"contentUrl\":\"https:\\\/\\\/secure.gravatar.com\\\/avatar\\\/f19c0ae874706cc9ba19d2f6da5f74a5a5ee7674f283fed29ce0ad16a9f1893e?s=96&d=mm&r=g\",\"caption\":\"Uredni\u0161tvo Novic\"},\"url\":\"https:\\\/\\\/novice.si\\\/page\\\/author\\\/jure\\\/\"}]}<\/script>\n<!-- \/ Yoast SEO plugin. -->","yoast_head_json":{"title":"Smuka\u010di, tudi Celjan Martin \u010cater, opravili prvo dejanje - Novice.si","robots":{"index":"index","follow":"follow","max-snippet":"max-snippet:-1","max-image-preview":"max-image-preview:large","max-video-preview":"max-video-preview:-1"},"canonical":"https:\/\/novice.si\/page\/smukaci-tudi-celjan-martin-cater-opravili-prvo-dejanje\/","og_locale":"sl_SI","og_type":"article","og_title":"Smuka\u010di, tudi Celjan Martin \u010cater, opravili prvo dejanje - Novice.si","og_description":"Za alpskimi smu\u010darji, ki tekmujejo v hitrih disciplinah, je prvo dejanje v novi sezoni svetovnega pokala. Na novi progi v Zermatt\/Cervinii so odpeljali prvega od predvidenih treh treningov pred tekmama, ki bosta v soboto in nedeljo. Martin \u010cater je zabele\u017eil 30. \u010das med 82 tekmovalci \u2013 tako kot mnogi drugi pa tudi Celjan ni celotne [&hellip;]","og_url":"https:\/\/novice.si\/page\/smukaci-tudi-celjan-martin-cater-opravili-prvo-dejanje\/","og_site_name":"Novice.si","article_published_time":"2023-11-08T15:14:41+00:00","article_modified_time":"2023-11-09T07:34:10+00:00","og_image":[{"width":1440,"height":996,"url":"https:\/\/novice.si\/page\/wp-content\/uploads\/2023\/11\/cater-martin-2023-foto-Facebook.jpg","type":"image\/jpeg"}],"author":"Uredni\u0161tvo Novic","twitter_card":"summary_large_image","twitter_misc":{"Written by":"Uredni\u0161tvo Novic","Est. reading time":"1 minuta"},"schema":{"@context":"https:\/\/schema.org","@graph":[{"@type":"Article","@id":"https:\/\/novice.si\/page\/smukaci-tudi-celjan-martin-cater-opravili-prvo-dejanje\/#article","isPartOf":{"@id":"https:\/\/novice.si\/page\/smukaci-tudi-celjan-martin-cater-opravili-prvo-dejanje\/"},"author":{"name":"Uredni\u0161tvo Novic","@id":"https:\/\/novice.si\/page\/#\/schema\/person\/a877dbb8680d441357ce27663beb35ca"},"headline":"Smuka\u010di, tudi Celjan Martin \u010cater, opravili prvo dejanje","datePublished":"2023-11-08T15:14:41+00:00","dateModified":"2023-11-09T07:34:10+00:00","mainEntityOfPage":{"@id":"https:\/\/novice.si\/page\/smukaci-tudi-celjan-martin-cater-opravili-prvo-dejanje\/"},"wordCount":119,"publisher":{"@id":"https:\/\/novice.si\/page\/#organization"},"image":{"@id":"https:\/\/novice.si\/page\/smukaci-tudi-celjan-martin-cater-opravili-prvo-dejanje\/#primaryimage"},"thumbnailUrl":"https:\/\/novice.si\/page\/wp-content\/uploads\/2023\/11\/cater-martin-2023-foto-Facebook.jpg","keywords":["Martin \u010cater","svetovni pokal"],"articleSection":["Aktualno","Celjsko","\u0160port"],"inLanguage":"sl-SI"},{"@type":"WebPage","@id":"https:\/\/novice.si\/page\/smukaci-tudi-celjan-martin-cater-opravili-prvo-dejanje\/","url":"https:\/\/novice.si\/page\/smukaci-tudi-celjan-martin-cater-opravili-prvo-dejanje\/","name":"Smuka\u010di, tudi Celjan Martin \u010cater, opravili prvo dejanje - Novice.si","isPartOf":{"@id":"https:\/\/novice.si\/page\/#website"},"primaryImageOfPage":{"@id":"https:\/\/novice.si\/page\/smukaci-tudi-celjan-martin-cater-opravili-prvo-dejanje\/#primaryimage"},"image":{"@id":"https:\/\/novice.si\/page\/smukaci-tudi-celjan-martin-cater-opravili-prvo-dejanje\/#primaryimage"},"thumbnailUrl":"https:\/\/novice.si\/page\/wp-content\/uploads\/2023\/11\/cater-martin-2023-foto-Facebook.jpg","datePublished":"2023-11-08T15:14:41+00:00","dateModified":"2023-11-09T07:34:10+00:00","breadcrumb":{"@id":"https:\/\/novice.si\/page\/smukaci-tudi-celjan-martin-cater-opravili-prvo-dejanje\/#breadcrumb"},"inLanguage":"sl-SI","potentialAction":[{"@type":"ReadAction","target":["https:\/\/novice.si\/page\/smukaci-tudi-celjan-martin-cater-opravili-prvo-dejanje\/"]}]},{"@type":"ImageObject","inLanguage":"sl-SI","@id":"https:\/\/novice.si\/page\/smukaci-tudi-celjan-martin-cater-opravili-prvo-dejanje\/#primaryimage","url":"https:\/\/novice.si\/page\/wp-content\/uploads\/2023\/11\/cater-martin-2023-foto-Facebook.jpg","contentUrl":"https:\/\/novice.si\/page\/wp-content\/uploads\/2023\/11\/cater-martin-2023-foto-Facebook.jpg","width":1440,"height":996},{"@type":"BreadcrumbList","@id":"https:\/\/novice.si\/page\/smukaci-tudi-celjan-martin-cater-opravili-prvo-dejanje\/#breadcrumb","itemListElement":[{"@type":"ListItem","position":1,"name":"Home","item":"https:\/\/novice.si\/page\/"},{"@type":"ListItem","position":2,"name":"Smuka\u010di, tudi Celjan Martin \u010cater, opravili prvo dejanje"}]},{"@type":"WebSite","@id":"https:\/\/novice.si\/page\/#website","url":"https:\/\/novice.si\/page\/","name":"Novice.si","description":"","publisher":{"@id":"https:\/\/novice.si\/page\/#organization"},"potentialAction":[{"@type":"SearchAction","target":{"@type":"EntryPoint","urlTemplate":"https:\/\/novice.si\/page\/?s={search_term_string}"},"query-input":{"@type":"PropertyValueSpecification","valueRequired":true,"valueName":"search_term_string"}}],"inLanguage":"sl-SI"},{"@type":"Organization","@id":"https:\/\/novice.si\/page\/#organization","name":"Novice.si","url":"https:\/\/novice.si\/page\/","logo":{"@type":"ImageObject","inLanguage":"sl-SI","@id":"https:\/\/novice.si\/page\/#\/schema\/logo\/image\/","url":"https:\/\/novice.si\/page\/wp-content\/uploads\/2023\/03\/novice_si.png","contentUrl":"https:\/\/novice.si\/page\/wp-content\/uploads\/2023\/03\/novice_si.png","width":576,"height":200,"caption":"Novice.si"},"image":{"@id":"https:\/\/novice.si\/page\/#\/schema\/logo\/image\/"}},{"@type":"Person","@id":"https:\/\/novice.si\/page\/#\/schema\/person\/a877dbb8680d441357ce27663beb35ca","name":"Uredni\u0161tvo Novic","image":{"@type":"ImageObject","inLanguage":"sl-SI","@id":"https:\/\/secure.gravatar.com\/avatar\/f19c0ae874706cc9ba19d2f6da5f74a5a5ee7674f283fed29ce0ad16a9f1893e?s=96&d=mm&r=g","url":"https:\/\/secure.gravatar.com\/avatar\/f19c0ae874706cc9ba19d2f6da5f74a5a5ee7674f283fed29ce0ad16a9f1893e?s=96&d=mm&r=g","contentUrl":"https:\/\/secure.gravatar.com\/avatar\/f19c0ae874706cc9ba19d2f6da5f74a5a5ee7674f283fed29ce0ad16a9f1893e?s=96&d=mm&r=g","caption":"Uredni\u0161tvo Novic"},"url":"https:\/\/novice.si\/page\/author\/jure\/"}]}},"_links":{"self":[{"href":"https:\/\/novice.si\/page\/wp-json\/wp\/v2\/posts\/169101","targetHints":{"allow":["GET"]}}],"collection":[{"href":"https:\/\/novice.si\/page\/wp-json\/wp\/v2\/posts"}],"about":[{"href":"https:\/\/novice.si\/page\/wp-json\/wp\/v2\/types\/post"}],"author":[{"embeddable":true,"href":"https:\/\/novice.si\/page\/wp-json\/wp\/v2\/users\/7"}],"replies":[{"embeddable":true,"href":"https:\/\/novice.si\/page\/wp-json\/wp\/v2\/comments?post=169101"}],"version-history":[{"count":2,"href":"https:\/\/novice.si\/page\/wp-json\/wp\/v2\/posts\/169101\/revisions"}],"predecessor-version":[{"id":169105,"href":"https:\/\/novice.si\/page\/wp-json\/wp\/v2\/posts\/169101\/revisions\/169105"}],"wp:featuredmedia":[{"embeddable":true,"href":"https:\/\/novice.si\/page\/wp-json\/wp\/v2\/media\/169102"}],"wp:attachment":[{"href":"https:\/\/novice.si\/page\/wp-json\/wp\/v2\/media?parent=169101"}],"wp:term":[{"taxonomy":"category","embeddable":true,"href":"https:\/\/novice.si\/page\/wp-json\/wp\/v2\/categories?post=169101"},{"taxonomy":"post_tag","embeddable":true,"href":"https:\/\/novice.si\/page\/wp-json\/wp\/v2\/tags?post=169101"}],"curies":[{"name":"wp","href":"https:\/\/api.w.org\/{rel}","templated":true}]}}