{"id":169056,"date":"2023-11-07T15:13:10","date_gmt":"2023-11-07T14:13:10","guid":{"rendered":"https:\/\/novice.si\/page\/?p=169056"},"modified":"2023-11-07T15:13:10","modified_gmt":"2023-11-07T14:13:10","slug":"celje-150-let-hotela-evropa-in-celjskega-turizma","status":"publish","type":"post","link":"https:\/\/novice.si\/page\/celje-150-let-hotela-evropa-in-celjskega-turizma\/","title":{"rendered":"CELJE 150 let Hotela Evropa in celjskega turizma"},"content":{"rendered":"<p>Celjski Hotel Evropa slavi 150 letnico, njegov nastanek pa povezujejo tudi z za\u010detki turizma v Celju.<\/p>\n<p><img loading=\"lazy\" decoding=\"async\" class=\"wp-image-169059 alignleft\" src=\"https:\/\/novice.si\/page\/wp-content\/uploads\/2023\/11\/batagelj-kovac-pinter-1-600x450.jpg\" alt=\"\" width=\"329\" height=\"247\" srcset=\"https:\/\/novice.si\/page\/wp-content\/uploads\/2023\/11\/batagelj-kovac-pinter-1-600x450.jpg 600w, https:\/\/novice.si\/page\/wp-content\/uploads\/2023\/11\/batagelj-kovac-pinter-1-1024x768.jpg 1024w, https:\/\/novice.si\/page\/wp-content\/uploads\/2023\/11\/batagelj-kovac-pinter-1-768x576.jpg 768w, https:\/\/novice.si\/page\/wp-content\/uploads\/2023\/11\/batagelj-kovac-pinter-1-1536x1152.jpg 1536w, https:\/\/novice.si\/page\/wp-content\/uploads\/2023\/11\/batagelj-kovac-pinter-1-2048x1536.jpg 2048w, https:\/\/novice.si\/page\/wp-content\/uploads\/2023\/11\/batagelj-kovac-pinter-1-80x60.jpg 80w, https:\/\/novice.si\/page\/wp-content\/uploads\/2023\/11\/batagelj-kovac-pinter-1-265x198.jpg 265w, https:\/\/novice.si\/page\/wp-content\/uploads\/2023\/11\/batagelj-kovac-pinter-1-696x522.jpg 696w, https:\/\/novice.si\/page\/wp-content\/uploads\/2023\/11\/batagelj-kovac-pinter-1-1068x801.jpg 1068w, https:\/\/novice.si\/page\/wp-content\/uploads\/2023\/11\/batagelj-kovac-pinter-1-560x420.jpg 560w, https:\/\/novice.si\/page\/wp-content\/uploads\/2023\/11\/batagelj-kovac-pinter-1-1920x1440.jpg 1920w, https:\/\/novice.si\/page\/wp-content\/uploads\/2023\/11\/batagelj-kovac-pinter-1-24x18.jpg 24w, https:\/\/novice.si\/page\/wp-content\/uploads\/2023\/11\/batagelj-kovac-pinter-1-36x27.jpg 36w, https:\/\/novice.si\/page\/wp-content\/uploads\/2023\/11\/batagelj-kovac-pinter-1-48x36.jpg 48w\" sizes=\"auto, (max-width: 329px) 100vw, 329px\" \/> Danes je hotel, o katerem so posneli tudi dokumentarni film, ki si ga bo mogo\u010de brezpla\u010dno ogledati v kinu Union od petka do nedelje, v lasti dru\u017ebe Hoteli Evrotas.<\/p>\n<p>Dopoldne so v Celju predstavili nekaj najpomembnej\u0161ih zgodovinskih mejnikov in spregovorili o pomenu tega gostinsko namestitvenega objekta.<\/p>\n<p>Celjski \u017eupan <strong>Matija Kova\u010d<\/strong> meni, da je Hotel Evropa sinonim za odli\u010dnost in tradicijo, od nekdaj je najbolje kategoriziran, hkrati pa to\u010dka to\u010dka, kamor so Celjani zahajali v \u017eelji po okusni hrani in dobri postre\u017ebi. Poleg osnovne dejavnosti pomeni \u0161e bistveno ve\u010d, tudi osrednji dogodki Mestne ob\u010dine Celje so pogosto povezani s storitvami tega hotela. Spomnil je tudi, da je ob Dvorani Zlatorog \u017ee nekaj \u010dasa pripravljeno zemlji\u0161\u010de za gradnjo \u0161e enega hotela.<\/p>\n<p>Dr. <strong>Borut Ba<\/strong><img loading=\"lazy\" decoding=\"async\" class=\"wp-image-169057 alignright\" src=\"https:\/\/novice.si\/page\/wp-content\/uploads\/2023\/11\/hotel-evropa-2-600x450.jpg\" alt=\"\" width=\"335\" height=\"251\" srcset=\"https:\/\/novice.si\/page\/wp-content\/uploads\/2023\/11\/hotel-evropa-2-600x450.jpg 600w, https:\/\/novice.si\/page\/wp-content\/uploads\/2023\/11\/hotel-evropa-2-1024x768.jpg 1024w, https:\/\/novice.si\/page\/wp-content\/uploads\/2023\/11\/hotel-evropa-2-768x576.jpg 768w, https:\/\/novice.si\/page\/wp-content\/uploads\/2023\/11\/hotel-evropa-2-1536x1152.jpg 1536w, https:\/\/novice.si\/page\/wp-content\/uploads\/2023\/11\/hotel-evropa-2-2048x1536.jpg 2048w, https:\/\/novice.si\/page\/wp-content\/uploads\/2023\/11\/hotel-evropa-2-80x60.jpg 80w, https:\/\/novice.si\/page\/wp-content\/uploads\/2023\/11\/hotel-evropa-2-265x198.jpg 265w, https:\/\/novice.si\/page\/wp-content\/uploads\/2023\/11\/hotel-evropa-2-696x522.jpg 696w, https:\/\/novice.si\/page\/wp-content\/uploads\/2023\/11\/hotel-evropa-2-1068x801.jpg 1068w, https:\/\/novice.si\/page\/wp-content\/uploads\/2023\/11\/hotel-evropa-2-560x420.jpg 560w, https:\/\/novice.si\/page\/wp-content\/uploads\/2023\/11\/hotel-evropa-2-1920x1440.jpg 1920w, https:\/\/novice.si\/page\/wp-content\/uploads\/2023\/11\/hotel-evropa-2-24x18.jpg 24w, https:\/\/novice.si\/page\/wp-content\/uploads\/2023\/11\/hotel-evropa-2-36x27.jpg 36w, https:\/\/novice.si\/page\/wp-content\/uploads\/2023\/11\/hotel-evropa-2-48x36.jpg 48w\" sizes=\"auto, (max-width: 335px) 100vw, 335px\" \/><strong>tagelj<\/strong>, direktor Zgodovinskega arhiva Celje pa pravi, da je hotel \u00bbto\u010dka, skozi katero se lahko zrcalijo poudarki celjske zgodovine, od nastanka in razvoja turizma, do politi\u010dnih in nacionalnih sprememb.\u00ab<\/p>\n<p><strong>Aleksander Pinter<\/strong>, direktor dru\u017ebe Hoteli Eurotas, se je slikovito izrazil, saj da je Hotel Evropa dnevna soba Celjanov. Njegova zasedenost je pribli\u017eno 45 do 50 odstotna, prag rentabilnosti pa je 70 odstotkov. \u0160tevilo zaposlenih je izrazito sezonskega zna\u010daja, deset do 15 odstotkov pa je tujcev.<\/p>\n<p><em>Ve\u010d preberite v Celjanu.<\/em><\/p>\n<p>P\u0160<\/p>\n<p>&nbsp;<\/p>\n","protected":false},"excerpt":{"rendered":"<p>Celjski Hotel Evropa slavi 150 letnico, njegov nastanek pa povezujejo tudi z za\u010detki turizma v Celju. Danes je hotel, o katerem so posneli tudi dokumentarni film, ki si ga bo mogo\u010de brezpla\u010dno ogledati v kinu Union od petka do nedelje, v lasti dru\u017ebe Hoteli Evrotas. Dopoldne so v Celju predstavili nekaj najpomembnej\u0161ih zgodovinskih mejnikov in [&hellip;]<\/p>\n","protected":false},"author":33,"featured_media":169057,"comment_status":"closed","ping_status":"closed","sticky":false,"template":"","format":"standard","meta":{"footnotes":""},"categories":[17],"tags":[19115,19116,7158,18782,19114,6795],"class_list":{"0":"post-169056","1":"post","2":"type-post","3":"status-publish","4":"format-standard","5":"has-post-thumbnail","7":"category-celjsko","8":"tag-150-let","9":"tag-aleksander-pinter","10":"tag-borut-batagelj","11":"tag-dokumentarni-film","12":"tag-hotel-evropa","13":"tag-matija-kovac"},"yoast_head":"<!-- This site is optimized with the Yoast SEO plugin v27.4 - https:\/\/yoast.com\/product\/yoast-seo-wordpress\/ -->\n<title>CELJE 150 let Hotela Evropa in celjskega turizma - Novice.si<\/title>\n<meta name=\"robots\" content=\"index, follow, max-snippet:-1, max-image-preview:large, max-video-preview:-1\" \/>\n<link rel=\"canonical\" href=\"https:\/\/novice.si\/page\/celje-150-let-hotela-evropa-in-celjskega-turizma\/\" \/>\n<meta property=\"og:locale\" content=\"sl_SI\" \/>\n<meta property=\"og:type\" content=\"article\" \/>\n<meta property=\"og:title\" content=\"CELJE 150 let Hotela Evropa in celjskega turizma - Novice.si\" \/>\n<meta property=\"og:description\" content=\"Celjski Hotel Evropa slavi 150 letnico, njegov nastanek pa povezujejo tudi z za\u010detki turizma v Celju. Danes je hotel, o katerem so posneli tudi dokumentarni film, ki si ga bo mogo\u010de brezpla\u010dno ogledati v kinu Union od petka do nedelje, v lasti dru\u017ebe Hoteli Evrotas. Dopoldne so v Celju predstavili nekaj najpomembnej\u0161ih zgodovinskih mejnikov in [&hellip;]\" \/>\n<meta property=\"og:url\" content=\"https:\/\/novice.si\/page\/celje-150-let-hotela-evropa-in-celjskega-turizma\/\" \/>\n<meta property=\"og:site_name\" content=\"Novice.si\" \/>\n<meta property=\"article:published_time\" content=\"2023-11-07T14:13:10+00:00\" \/>\n<meta property=\"og:image\" content=\"https:\/\/novice.si\/page\/wp-content\/uploads\/2023\/11\/hotel-evropa-2-scaled.jpg\" \/>\n\t<meta property=\"og:image:width\" content=\"2560\" \/>\n\t<meta property=\"og:image:height\" content=\"1920\" \/>\n\t<meta property=\"og:image:type\" content=\"image\/jpeg\" \/>\n<meta name=\"author\" content=\"Uredni\u0161tvo Celjana\" \/>\n<meta name=\"twitter:card\" content=\"summary_large_image\" \/>\n<meta name=\"twitter:label1\" content=\"Written by\" \/>\n\t<meta name=\"twitter:data1\" content=\"Uredni\u0161tvo Celjana\" \/>\n\t<meta name=\"twitter:label2\" content=\"Est. reading time\" \/>\n\t<meta name=\"twitter:data2\" content=\"2 minuti\" \/>\n<script type=\"application\/ld+json\" class=\"yoast-schema-graph\">{\"@context\":\"https:\\\/\\\/schema.org\",\"@graph\":[{\"@type\":\"Article\",\"@id\":\"https:\\\/\\\/novice.si\\\/page\\\/celje-150-let-hotela-evropa-in-celjskega-turizma\\\/#article\",\"isPartOf\":{\"@id\":\"https:\\\/\\\/novice.si\\\/page\\\/celje-150-let-hotela-evropa-in-celjskega-turizma\\\/\"},\"author\":{\"name\":\"Uredni\u0161tvo Celjana\",\"@id\":\"https:\\\/\\\/novice.si\\\/page\\\/#\\\/schema\\\/person\\\/57f25c9642a9541c7349c65d32032c3e\"},\"headline\":\"CELJE 150 let Hotela Evropa in celjskega turizma\",\"datePublished\":\"2023-11-07T14:13:10+00:00\",\"mainEntityOfPage\":{\"@id\":\"https:\\\/\\\/novice.si\\\/page\\\/celje-150-let-hotela-evropa-in-celjskega-turizma\\\/\"},\"wordCount\":236,\"publisher\":{\"@id\":\"https:\\\/\\\/novice.si\\\/page\\\/#organization\"},\"image\":{\"@id\":\"https:\\\/\\\/novice.si\\\/page\\\/celje-150-let-hotela-evropa-in-celjskega-turizma\\\/#primaryimage\"},\"thumbnailUrl\":\"https:\\\/\\\/novice.si\\\/page\\\/wp-content\\\/uploads\\\/2023\\\/11\\\/hotel-evropa-2-scaled.jpg\",\"keywords\":[\"150 let\",\"Aleksander Pinter\",\"Borut Batagelj\",\"dokumentarni film\",\"Hotel Evropa\",\"Matija Kova\u010d\"],\"articleSection\":[\"Celjsko\"],\"inLanguage\":\"sl-SI\"},{\"@type\":\"WebPage\",\"@id\":\"https:\\\/\\\/novice.si\\\/page\\\/celje-150-let-hotela-evropa-in-celjskega-turizma\\\/\",\"url\":\"https:\\\/\\\/novice.si\\\/page\\\/celje-150-let-hotela-evropa-in-celjskega-turizma\\\/\",\"name\":\"CELJE 150 let Hotela Evropa in celjskega turizma - Novice.si\",\"isPartOf\":{\"@id\":\"https:\\\/\\\/novice.si\\\/page\\\/#website\"},\"primaryImageOfPage\":{\"@id\":\"https:\\\/\\\/novice.si\\\/page\\\/celje-150-let-hotela-evropa-in-celjskega-turizma\\\/#primaryimage\"},\"image\":{\"@id\":\"https:\\\/\\\/novice.si\\\/page\\\/celje-150-let-hotela-evropa-in-celjskega-turizma\\\/#primaryimage\"},\"thumbnailUrl\":\"https:\\\/\\\/novice.si\\\/page\\\/wp-content\\\/uploads\\\/2023\\\/11\\\/hotel-evropa-2-scaled.jpg\",\"datePublished\":\"2023-11-07T14:13:10+00:00\",\"breadcrumb\":{\"@id\":\"https:\\\/\\\/novice.si\\\/page\\\/celje-150-let-hotela-evropa-in-celjskega-turizma\\\/#breadcrumb\"},\"inLanguage\":\"sl-SI\",\"potentialAction\":[{\"@type\":\"ReadAction\",\"target\":[\"https:\\\/\\\/novice.si\\\/page\\\/celje-150-let-hotela-evropa-in-celjskega-turizma\\\/\"]}]},{\"@type\":\"ImageObject\",\"inLanguage\":\"sl-SI\",\"@id\":\"https:\\\/\\\/novice.si\\\/page\\\/celje-150-let-hotela-evropa-in-celjskega-turizma\\\/#primaryimage\",\"url\":\"https:\\\/\\\/novice.si\\\/page\\\/wp-content\\\/uploads\\\/2023\\\/11\\\/hotel-evropa-2-scaled.jpg\",\"contentUrl\":\"https:\\\/\\\/novice.si\\\/page\\\/wp-content\\\/uploads\\\/2023\\\/11\\\/hotel-evropa-2-scaled.jpg\",\"width\":2560,\"height\":1920},{\"@type\":\"BreadcrumbList\",\"@id\":\"https:\\\/\\\/novice.si\\\/page\\\/celje-150-let-hotela-evropa-in-celjskega-turizma\\\/#breadcrumb\",\"itemListElement\":[{\"@type\":\"ListItem\",\"position\":1,\"name\":\"Home\",\"item\":\"https:\\\/\\\/novice.si\\\/page\\\/\"},{\"@type\":\"ListItem\",\"position\":2,\"name\":\"CELJE 150 let Hotela Evropa in celjskega turizma\"}]},{\"@type\":\"WebSite\",\"@id\":\"https:\\\/\\\/novice.si\\\/page\\\/#website\",\"url\":\"https:\\\/\\\/novice.si\\\/page\\\/\",\"name\":\"Novice.si\",\"description\":\"\",\"publisher\":{\"@id\":\"https:\\\/\\\/novice.si\\\/page\\\/#organization\"},\"potentialAction\":[{\"@type\":\"SearchAction\",\"target\":{\"@type\":\"EntryPoint\",\"urlTemplate\":\"https:\\\/\\\/novice.si\\\/page\\\/?s={search_term_string}\"},\"query-input\":{\"@type\":\"PropertyValueSpecification\",\"valueRequired\":true,\"valueName\":\"search_term_string\"}}],\"inLanguage\":\"sl-SI\"},{\"@type\":\"Organization\",\"@id\":\"https:\\\/\\\/novice.si\\\/page\\\/#organization\",\"name\":\"Novice.si\",\"url\":\"https:\\\/\\\/novice.si\\\/page\\\/\",\"logo\":{\"@type\":\"ImageObject\",\"inLanguage\":\"sl-SI\",\"@id\":\"https:\\\/\\\/novice.si\\\/page\\\/#\\\/schema\\\/logo\\\/image\\\/\",\"url\":\"https:\\\/\\\/novice.si\\\/page\\\/wp-content\\\/uploads\\\/2023\\\/03\\\/novice_si.png\",\"contentUrl\":\"https:\\\/\\\/novice.si\\\/page\\\/wp-content\\\/uploads\\\/2023\\\/03\\\/novice_si.png\",\"width\":576,\"height\":200,\"caption\":\"Novice.si\"},\"image\":{\"@id\":\"https:\\\/\\\/novice.si\\\/page\\\/#\\\/schema\\\/logo\\\/image\\\/\"}},{\"@type\":\"Person\",\"@id\":\"https:\\\/\\\/novice.si\\\/page\\\/#\\\/schema\\\/person\\\/57f25c9642a9541c7349c65d32032c3e\",\"name\":\"Uredni\u0161tvo Celjana\",\"image\":{\"@type\":\"ImageObject\",\"inLanguage\":\"sl-SI\",\"@id\":\"https:\\\/\\\/secure.gravatar.com\\\/avatar\\\/78e52bc4279b65f6df6345e0ef0f7b792d361361f230cf4ffecfe0afe6d5629c?s=96&d=mm&r=g\",\"url\":\"https:\\\/\\\/secure.gravatar.com\\\/avatar\\\/78e52bc4279b65f6df6345e0ef0f7b792d361361f230cf4ffecfe0afe6d5629c?s=96&d=mm&r=g\",\"contentUrl\":\"https:\\\/\\\/secure.gravatar.com\\\/avatar\\\/78e52bc4279b65f6df6345e0ef0f7b792d361361f230cf4ffecfe0afe6d5629c?s=96&d=mm&r=g\",\"caption\":\"Uredni\u0161tvo Celjana\"},\"url\":\"https:\\\/\\\/novice.si\\\/page\\\/author\\\/primoz\\\/\"}]}<\/script>\n<!-- \/ Yoast SEO plugin. -->","yoast_head_json":{"title":"CELJE 150 let Hotela Evropa in celjskega turizma - Novice.si","robots":{"index":"index","follow":"follow","max-snippet":"max-snippet:-1","max-image-preview":"max-image-preview:large","max-video-preview":"max-video-preview:-1"},"canonical":"https:\/\/novice.si\/page\/celje-150-let-hotela-evropa-in-celjskega-turizma\/","og_locale":"sl_SI","og_type":"article","og_title":"CELJE 150 let Hotela Evropa in celjskega turizma - Novice.si","og_description":"Celjski Hotel Evropa slavi 150 letnico, njegov nastanek pa povezujejo tudi z za\u010detki turizma v Celju. Danes je hotel, o katerem so posneli tudi dokumentarni film, ki si ga bo mogo\u010de brezpla\u010dno ogledati v kinu Union od petka do nedelje, v lasti dru\u017ebe Hoteli Evrotas. Dopoldne so v Celju predstavili nekaj najpomembnej\u0161ih zgodovinskih mejnikov in [&hellip;]","og_url":"https:\/\/novice.si\/page\/celje-150-let-hotela-evropa-in-celjskega-turizma\/","og_site_name":"Novice.si","article_published_time":"2023-11-07T14:13:10+00:00","og_image":[{"width":2560,"height":1920,"url":"https:\/\/novice.si\/page\/wp-content\/uploads\/2023\/11\/hotel-evropa-2-scaled.jpg","type":"image\/jpeg"}],"author":"Uredni\u0161tvo Celjana","twitter_card":"summary_large_image","twitter_misc":{"Written by":"Uredni\u0161tvo Celjana","Est. reading time":"2 minuti"},"schema":{"@context":"https:\/\/schema.org","@graph":[{"@type":"Article","@id":"https:\/\/novice.si\/page\/celje-150-let-hotela-evropa-in-celjskega-turizma\/#article","isPartOf":{"@id":"https:\/\/novice.si\/page\/celje-150-let-hotela-evropa-in-celjskega-turizma\/"},"author":{"name":"Uredni\u0161tvo Celjana","@id":"https:\/\/novice.si\/page\/#\/schema\/person\/57f25c9642a9541c7349c65d32032c3e"},"headline":"CELJE 150 let Hotela Evropa in celjskega turizma","datePublished":"2023-11-07T14:13:10+00:00","mainEntityOfPage":{"@id":"https:\/\/novice.si\/page\/celje-150-let-hotela-evropa-in-celjskega-turizma\/"},"wordCount":236,"publisher":{"@id":"https:\/\/novice.si\/page\/#organization"},"image":{"@id":"https:\/\/novice.si\/page\/celje-150-let-hotela-evropa-in-celjskega-turizma\/#primaryimage"},"thumbnailUrl":"https:\/\/novice.si\/page\/wp-content\/uploads\/2023\/11\/hotel-evropa-2-scaled.jpg","keywords":["150 let","Aleksander Pinter","Borut Batagelj","dokumentarni film","Hotel Evropa","Matija Kova\u010d"],"articleSection":["Celjsko"],"inLanguage":"sl-SI"},{"@type":"WebPage","@id":"https:\/\/novice.si\/page\/celje-150-let-hotela-evropa-in-celjskega-turizma\/","url":"https:\/\/novice.si\/page\/celje-150-let-hotela-evropa-in-celjskega-turizma\/","name":"CELJE 150 let Hotela Evropa in celjskega turizma - Novice.si","isPartOf":{"@id":"https:\/\/novice.si\/page\/#website"},"primaryImageOfPage":{"@id":"https:\/\/novice.si\/page\/celje-150-let-hotela-evropa-in-celjskega-turizma\/#primaryimage"},"image":{"@id":"https:\/\/novice.si\/page\/celje-150-let-hotela-evropa-in-celjskega-turizma\/#primaryimage"},"thumbnailUrl":"https:\/\/novice.si\/page\/wp-content\/uploads\/2023\/11\/hotel-evropa-2-scaled.jpg","datePublished":"2023-11-07T14:13:10+00:00","breadcrumb":{"@id":"https:\/\/novice.si\/page\/celje-150-let-hotela-evropa-in-celjskega-turizma\/#breadcrumb"},"inLanguage":"sl-SI","potentialAction":[{"@type":"ReadAction","target":["https:\/\/novice.si\/page\/celje-150-let-hotela-evropa-in-celjskega-turizma\/"]}]},{"@type":"ImageObject","inLanguage":"sl-SI","@id":"https:\/\/novice.si\/page\/celje-150-let-hotela-evropa-in-celjskega-turizma\/#primaryimage","url":"https:\/\/novice.si\/page\/wp-content\/uploads\/2023\/11\/hotel-evropa-2-scaled.jpg","contentUrl":"https:\/\/novice.si\/page\/wp-content\/uploads\/2023\/11\/hotel-evropa-2-scaled.jpg","width":2560,"height":1920},{"@type":"BreadcrumbList","@id":"https:\/\/novice.si\/page\/celje-150-let-hotela-evropa-in-celjskega-turizma\/#breadcrumb","itemListElement":[{"@type":"ListItem","position":1,"name":"Home","item":"https:\/\/novice.si\/page\/"},{"@type":"ListItem","position":2,"name":"CELJE 150 let Hotela Evropa in celjskega turizma"}]},{"@type":"WebSite","@id":"https:\/\/novice.si\/page\/#website","url":"https:\/\/novice.si\/page\/","name":"Novice.si","description":"","publisher":{"@id":"https:\/\/novice.si\/page\/#organization"},"potentialAction":[{"@type":"SearchAction","target":{"@type":"EntryPoint","urlTemplate":"https:\/\/novice.si\/page\/?s={search_term_string}"},"query-input":{"@type":"PropertyValueSpecification","valueRequired":true,"valueName":"search_term_string"}}],"inLanguage":"sl-SI"},{"@type":"Organization","@id":"https:\/\/novice.si\/page\/#organization","name":"Novice.si","url":"https:\/\/novice.si\/page\/","logo":{"@type":"ImageObject","inLanguage":"sl-SI","@id":"https:\/\/novice.si\/page\/#\/schema\/logo\/image\/","url":"https:\/\/novice.si\/page\/wp-content\/uploads\/2023\/03\/novice_si.png","contentUrl":"https:\/\/novice.si\/page\/wp-content\/uploads\/2023\/03\/novice_si.png","width":576,"height":200,"caption":"Novice.si"},"image":{"@id":"https:\/\/novice.si\/page\/#\/schema\/logo\/image\/"}},{"@type":"Person","@id":"https:\/\/novice.si\/page\/#\/schema\/person\/57f25c9642a9541c7349c65d32032c3e","name":"Uredni\u0161tvo Celjana","image":{"@type":"ImageObject","inLanguage":"sl-SI","@id":"https:\/\/secure.gravatar.com\/avatar\/78e52bc4279b65f6df6345e0ef0f7b792d361361f230cf4ffecfe0afe6d5629c?s=96&d=mm&r=g","url":"https:\/\/secure.gravatar.com\/avatar\/78e52bc4279b65f6df6345e0ef0f7b792d361361f230cf4ffecfe0afe6d5629c?s=96&d=mm&r=g","contentUrl":"https:\/\/secure.gravatar.com\/avatar\/78e52bc4279b65f6df6345e0ef0f7b792d361361f230cf4ffecfe0afe6d5629c?s=96&d=mm&r=g","caption":"Uredni\u0161tvo Celjana"},"url":"https:\/\/novice.si\/page\/author\/primoz\/"}]}},"_links":{"self":[{"href":"https:\/\/novice.si\/page\/wp-json\/wp\/v2\/posts\/169056","targetHints":{"allow":["GET"]}}],"collection":[{"href":"https:\/\/novice.si\/page\/wp-json\/wp\/v2\/posts"}],"about":[{"href":"https:\/\/novice.si\/page\/wp-json\/wp\/v2\/types\/post"}],"author":[{"embeddable":true,"href":"https:\/\/novice.si\/page\/wp-json\/wp\/v2\/users\/33"}],"replies":[{"embeddable":true,"href":"https:\/\/novice.si\/page\/wp-json\/wp\/v2\/comments?post=169056"}],"version-history":[{"count":1,"href":"https:\/\/novice.si\/page\/wp-json\/wp\/v2\/posts\/169056\/revisions"}],"predecessor-version":[{"id":169060,"href":"https:\/\/novice.si\/page\/wp-json\/wp\/v2\/posts\/169056\/revisions\/169060"}],"wp:featuredmedia":[{"embeddable":true,"href":"https:\/\/novice.si\/page\/wp-json\/wp\/v2\/media\/169057"}],"wp:attachment":[{"href":"https:\/\/novice.si\/page\/wp-json\/wp\/v2\/media?parent=169056"}],"wp:term":[{"taxonomy":"category","embeddable":true,"href":"https:\/\/novice.si\/page\/wp-json\/wp\/v2\/categories?post=169056"},{"taxonomy":"post_tag","embeddable":true,"href":"https:\/\/novice.si\/page\/wp-json\/wp\/v2\/tags?post=169056"}],"curies":[{"name":"wp","href":"https:\/\/api.w.org\/{rel}","templated":true}]}}