{"id":168999,"date":"2023-11-03T17:45:09","date_gmt":"2023-11-03T16:45:09","guid":{"rendered":"https:\/\/novice.si\/page\/?p=168999"},"modified":"2023-11-03T17:45:09","modified_gmt":"2023-11-03T16:45:09","slug":"celje-od-srede-do-sobote-vojaski-sejem","status":"publish","type":"post","link":"https:\/\/novice.si\/page\/celje-od-srede-do-sobote-vojaski-sejem\/","title":{"rendered":"CELJE Od srede do sobote voja\u0161ki sejem"},"content":{"rendered":"<p>V Celju so dopoldne predstavili voja\u0161ki sejem oziroma sejemsko promocijsko prireditev Slovenske vojske, poimenovano V slu\u017ebi domovine.<\/p>\n<p><img loading=\"lazy\" decoding=\"async\" class=\"wp-image-169000 alignleft\" src=\"https:\/\/novice.si\/page\/wp-content\/uploads\/2023\/11\/SV-sejem-600x401.jpeg\" alt=\"\" width=\"376\" height=\"251\" srcset=\"https:\/\/novice.si\/page\/wp-content\/uploads\/2023\/11\/SV-sejem-600x401.jpeg 600w, https:\/\/novice.si\/page\/wp-content\/uploads\/2023\/11\/SV-sejem-1024x684.jpeg 1024w, https:\/\/novice.si\/page\/wp-content\/uploads\/2023\/11\/SV-sejem-768x513.jpeg 768w, https:\/\/novice.si\/page\/wp-content\/uploads\/2023\/11\/SV-sejem-696x465.jpeg 696w, https:\/\/novice.si\/page\/wp-content\/uploads\/2023\/11\/SV-sejem-1068x713.jpeg 1068w, https:\/\/novice.si\/page\/wp-content\/uploads\/2023\/11\/SV-sejem-629x420.jpeg 629w, https:\/\/novice.si\/page\/wp-content\/uploads\/2023\/11\/SV-sejem-24x16.jpeg 24w, https:\/\/novice.si\/page\/wp-content\/uploads\/2023\/11\/SV-sejem-36x24.jpeg 36w, https:\/\/novice.si\/page\/wp-content\/uploads\/2023\/11\/SV-sejem-48x32.jpeg 48w, https:\/\/novice.si\/page\/wp-content\/uploads\/2023\/11\/SV-sejem.jpeg 1231w\" sizes=\"auto, (max-width: 376px) 100vw, 376px\" \/>Od srede do vklju\u010dno sobote bodo obiskovalcem na celjskem sejmi\u0161\u010du poleg tehnike in oboro\u017eitve na voljo podrobnosti o voja\u0161kem poklicu, kariernih mo\u017enostih, kakor tudi mo\u017enosti \u0161tipendiranja, slu\u017eenja v obvezni rezervi ali odhoda na prostovoljno slu\u017eenje voja\u0161\u010dine.<\/p>\n<p>\u00bbPredstavili bomo okoli 50 voja\u0161kih poklicev od pehote, letalstva, mornarice, specialnih sil in drugo. Enote prihajajo iz vseh voja\u0161nic Slovenske vojske, ljudje bodo lahko preizkusili stvari, na katerih se mi u\u010dimo, denimo simulatorji za streljanje in merjenje\u00ab, poudarja majorka SV <strong>Aleksandra Ferle\u017e <\/strong>(na sliki skrajno levo).<\/p>\n<p>\u00bbPrireditev je namenjena vsem, ki bi radi spoznali ali sodelovali s Slovensko vojsko. Lanskega novembra smo prvenstveno za\u010deli sodelovati s celjskimi srednjimi \u0161olami in sicer v okviru predmeta Aktivno dr\u017eavljanstvo, ki ga izvajamo od lani in kjer se dijaki nau\u010dijo, kako je nastala slovenske dr\u017eava, kako je bilo s priklju\u010ditvijo EU in Natu ter kateri so na\u0161i simboli\u00ab, \u0161e pove majorka, ki opa\u017ea, da se pove\u010duje zanimanje predvsem za prostovoljno rezervo in za srednje\u0161olske \u0161tipendije.\u00ab<\/p>\n<p>Pri tem izpostavljajo poklic vojaka, ki temelji na \u010dasti, pogumu, predanosti, lojalnosti in tovari\u0161tvu. P\u0160<\/p>\n<p>&nbsp;<\/p>\n","protected":false},"excerpt":{"rendered":"<p>V Celju so dopoldne predstavili voja\u0161ki sejem oziroma sejemsko promocijsko prireditev Slovenske vojske, poimenovano V slu\u017ebi domovine. Od srede do vklju\u010dno sobote bodo obiskovalcem na celjskem sejmi\u0161\u010du poleg tehnike in oboro\u017eitve na voljo podrobnosti o voja\u0161kem poklicu, kariernih mo\u017enostih, kakor tudi mo\u017enosti \u0161tipendiranja, slu\u017eenja v obvezni rezervi ali odhoda na prostovoljno slu\u017eenje voja\u0161\u010dine. \u00bbPredstavili bomo [&hellip;]<\/p>\n","protected":false},"author":33,"featured_media":169001,"comment_status":"closed","ping_status":"closed","sticky":false,"template":"","format":"standard","meta":{"footnotes":""},"categories":[17],"tags":[19093,19094,2786,19095,19092],"class_list":{"0":"post-168999","1":"post","2":"type-post","3":"status-publish","4":"format-standard","5":"has-post-thumbnail","7":"category-celjsko","8":"tag-majorka-aleksandra-ferlez","9":"tag-predstavitev-tehnike-in-oborozitve","10":"tag-slovenska-vojska","11":"tag-vojaski-poklic","12":"tag-vojaski-sejem"},"yoast_head":"<!-- This site is optimized with the Yoast SEO plugin v27.4 - https:\/\/yoast.com\/product\/yoast-seo-wordpress\/ -->\n<title>CELJE Od srede do sobote voja\u0161ki sejem - Novice.si<\/title>\n<meta name=\"robots\" content=\"index, follow, max-snippet:-1, max-image-preview:large, max-video-preview:-1\" \/>\n<link rel=\"canonical\" href=\"https:\/\/novice.si\/page\/celje-od-srede-do-sobote-vojaski-sejem\/\" \/>\n<meta property=\"og:locale\" content=\"sl_SI\" \/>\n<meta property=\"og:type\" content=\"article\" \/>\n<meta property=\"og:title\" content=\"CELJE Od srede do sobote voja\u0161ki sejem - Novice.si\" \/>\n<meta property=\"og:description\" content=\"V Celju so dopoldne predstavili voja\u0161ki sejem oziroma sejemsko promocijsko prireditev Slovenske vojske, poimenovano V slu\u017ebi domovine. Od srede do vklju\u010dno sobote bodo obiskovalcem na celjskem sejmi\u0161\u010du poleg tehnike in oboro\u017eitve na voljo podrobnosti o voja\u0161kem poklicu, kariernih mo\u017enostih, kakor tudi mo\u017enosti \u0161tipendiranja, slu\u017eenja v obvezni rezervi ali odhoda na prostovoljno slu\u017eenje voja\u0161\u010dine. \u00bbPredstavili bomo [&hellip;]\" \/>\n<meta property=\"og:url\" content=\"https:\/\/novice.si\/page\/celje-od-srede-do-sobote-vojaski-sejem\/\" \/>\n<meta property=\"og:site_name\" content=\"Novice.si\" \/>\n<meta property=\"article:published_time\" content=\"2023-11-03T16:45:09+00:00\" \/>\n<meta property=\"og:image\" content=\"https:\/\/novice.si\/page\/wp-content\/uploads\/2023\/11\/LM_05920a.jpeg\" \/>\n\t<meta property=\"og:image:width\" content=\"1510\" \/>\n\t<meta property=\"og:image:height\" content=\"956\" \/>\n\t<meta property=\"og:image:type\" content=\"image\/jpeg\" \/>\n<meta name=\"author\" content=\"Uredni\u0161tvo Celjana\" \/>\n<meta name=\"twitter:card\" content=\"summary_large_image\" \/>\n<meta name=\"twitter:label1\" content=\"Written by\" \/>\n\t<meta name=\"twitter:data1\" content=\"Uredni\u0161tvo Celjana\" \/>\n\t<meta name=\"twitter:label2\" content=\"Est. reading time\" \/>\n\t<meta name=\"twitter:data2\" content=\"2 minuti\" \/>\n<script type=\"application\/ld+json\" class=\"yoast-schema-graph\">{\"@context\":\"https:\\\/\\\/schema.org\",\"@graph\":[{\"@type\":\"Article\",\"@id\":\"https:\\\/\\\/novice.si\\\/page\\\/celje-od-srede-do-sobote-vojaski-sejem\\\/#article\",\"isPartOf\":{\"@id\":\"https:\\\/\\\/novice.si\\\/page\\\/celje-od-srede-do-sobote-vojaski-sejem\\\/\"},\"author\":{\"name\":\"Uredni\u0161tvo Celjana\",\"@id\":\"https:\\\/\\\/novice.si\\\/page\\\/#\\\/schema\\\/person\\\/57f25c9642a9541c7349c65d32032c3e\"},\"headline\":\"CELJE Od srede do sobote voja\u0161ki sejem\",\"datePublished\":\"2023-11-03T16:45:09+00:00\",\"mainEntityOfPage\":{\"@id\":\"https:\\\/\\\/novice.si\\\/page\\\/celje-od-srede-do-sobote-vojaski-sejem\\\/\"},\"wordCount\":221,\"publisher\":{\"@id\":\"https:\\\/\\\/novice.si\\\/page\\\/#organization\"},\"image\":{\"@id\":\"https:\\\/\\\/novice.si\\\/page\\\/celje-od-srede-do-sobote-vojaski-sejem\\\/#primaryimage\"},\"thumbnailUrl\":\"https:\\\/\\\/novice.si\\\/page\\\/wp-content\\\/uploads\\\/2023\\\/11\\\/LM_05920a.jpeg\",\"keywords\":[\"majorka Aleksandra Ferle\u017e\",\"predstavitev tehnike in oboro\u017eitve\",\"slovenska vojska\",\"voja\u0161ki poklic\",\"voja\u0161ki sejem\"],\"articleSection\":[\"Celjsko\"],\"inLanguage\":\"sl-SI\"},{\"@type\":\"WebPage\",\"@id\":\"https:\\\/\\\/novice.si\\\/page\\\/celje-od-srede-do-sobote-vojaski-sejem\\\/\",\"url\":\"https:\\\/\\\/novice.si\\\/page\\\/celje-od-srede-do-sobote-vojaski-sejem\\\/\",\"name\":\"CELJE Od srede do sobote voja\u0161ki sejem - Novice.si\",\"isPartOf\":{\"@id\":\"https:\\\/\\\/novice.si\\\/page\\\/#website\"},\"primaryImageOfPage\":{\"@id\":\"https:\\\/\\\/novice.si\\\/page\\\/celje-od-srede-do-sobote-vojaski-sejem\\\/#primaryimage\"},\"image\":{\"@id\":\"https:\\\/\\\/novice.si\\\/page\\\/celje-od-srede-do-sobote-vojaski-sejem\\\/#primaryimage\"},\"thumbnailUrl\":\"https:\\\/\\\/novice.si\\\/page\\\/wp-content\\\/uploads\\\/2023\\\/11\\\/LM_05920a.jpeg\",\"datePublished\":\"2023-11-03T16:45:09+00:00\",\"breadcrumb\":{\"@id\":\"https:\\\/\\\/novice.si\\\/page\\\/celje-od-srede-do-sobote-vojaski-sejem\\\/#breadcrumb\"},\"inLanguage\":\"sl-SI\",\"potentialAction\":[{\"@type\":\"ReadAction\",\"target\":[\"https:\\\/\\\/novice.si\\\/page\\\/celje-od-srede-do-sobote-vojaski-sejem\\\/\"]}]},{\"@type\":\"ImageObject\",\"inLanguage\":\"sl-SI\",\"@id\":\"https:\\\/\\\/novice.si\\\/page\\\/celje-od-srede-do-sobote-vojaski-sejem\\\/#primaryimage\",\"url\":\"https:\\\/\\\/novice.si\\\/page\\\/wp-content\\\/uploads\\\/2023\\\/11\\\/LM_05920a.jpeg\",\"contentUrl\":\"https:\\\/\\\/novice.si\\\/page\\\/wp-content\\\/uploads\\\/2023\\\/11\\\/LM_05920a.jpeg\",\"width\":1510,\"height\":956},{\"@type\":\"BreadcrumbList\",\"@id\":\"https:\\\/\\\/novice.si\\\/page\\\/celje-od-srede-do-sobote-vojaski-sejem\\\/#breadcrumb\",\"itemListElement\":[{\"@type\":\"ListItem\",\"position\":1,\"name\":\"Home\",\"item\":\"https:\\\/\\\/novice.si\\\/page\\\/\"},{\"@type\":\"ListItem\",\"position\":2,\"name\":\"CELJE Od srede do sobote voja\u0161ki sejem\"}]},{\"@type\":\"WebSite\",\"@id\":\"https:\\\/\\\/novice.si\\\/page\\\/#website\",\"url\":\"https:\\\/\\\/novice.si\\\/page\\\/\",\"name\":\"Novice.si\",\"description\":\"\",\"publisher\":{\"@id\":\"https:\\\/\\\/novice.si\\\/page\\\/#organization\"},\"potentialAction\":[{\"@type\":\"SearchAction\",\"target\":{\"@type\":\"EntryPoint\",\"urlTemplate\":\"https:\\\/\\\/novice.si\\\/page\\\/?s={search_term_string}\"},\"query-input\":{\"@type\":\"PropertyValueSpecification\",\"valueRequired\":true,\"valueName\":\"search_term_string\"}}],\"inLanguage\":\"sl-SI\"},{\"@type\":\"Organization\",\"@id\":\"https:\\\/\\\/novice.si\\\/page\\\/#organization\",\"name\":\"Novice.si\",\"url\":\"https:\\\/\\\/novice.si\\\/page\\\/\",\"logo\":{\"@type\":\"ImageObject\",\"inLanguage\":\"sl-SI\",\"@id\":\"https:\\\/\\\/novice.si\\\/page\\\/#\\\/schema\\\/logo\\\/image\\\/\",\"url\":\"https:\\\/\\\/novice.si\\\/page\\\/wp-content\\\/uploads\\\/2023\\\/03\\\/novice_si.png\",\"contentUrl\":\"https:\\\/\\\/novice.si\\\/page\\\/wp-content\\\/uploads\\\/2023\\\/03\\\/novice_si.png\",\"width\":576,\"height\":200,\"caption\":\"Novice.si\"},\"image\":{\"@id\":\"https:\\\/\\\/novice.si\\\/page\\\/#\\\/schema\\\/logo\\\/image\\\/\"}},{\"@type\":\"Person\",\"@id\":\"https:\\\/\\\/novice.si\\\/page\\\/#\\\/schema\\\/person\\\/57f25c9642a9541c7349c65d32032c3e\",\"name\":\"Uredni\u0161tvo Celjana\",\"image\":{\"@type\":\"ImageObject\",\"inLanguage\":\"sl-SI\",\"@id\":\"https:\\\/\\\/secure.gravatar.com\\\/avatar\\\/78e52bc4279b65f6df6345e0ef0f7b792d361361f230cf4ffecfe0afe6d5629c?s=96&d=mm&r=g\",\"url\":\"https:\\\/\\\/secure.gravatar.com\\\/avatar\\\/78e52bc4279b65f6df6345e0ef0f7b792d361361f230cf4ffecfe0afe6d5629c?s=96&d=mm&r=g\",\"contentUrl\":\"https:\\\/\\\/secure.gravatar.com\\\/avatar\\\/78e52bc4279b65f6df6345e0ef0f7b792d361361f230cf4ffecfe0afe6d5629c?s=96&d=mm&r=g\",\"caption\":\"Uredni\u0161tvo Celjana\"},\"url\":\"https:\\\/\\\/novice.si\\\/page\\\/author\\\/primoz\\\/\"}]}<\/script>\n<!-- \/ Yoast SEO plugin. -->","yoast_head_json":{"title":"CELJE Od srede do sobote voja\u0161ki sejem - Novice.si","robots":{"index":"index","follow":"follow","max-snippet":"max-snippet:-1","max-image-preview":"max-image-preview:large","max-video-preview":"max-video-preview:-1"},"canonical":"https:\/\/novice.si\/page\/celje-od-srede-do-sobote-vojaski-sejem\/","og_locale":"sl_SI","og_type":"article","og_title":"CELJE Od srede do sobote voja\u0161ki sejem - Novice.si","og_description":"V Celju so dopoldne predstavili voja\u0161ki sejem oziroma sejemsko promocijsko prireditev Slovenske vojske, poimenovano V slu\u017ebi domovine. Od srede do vklju\u010dno sobote bodo obiskovalcem na celjskem sejmi\u0161\u010du poleg tehnike in oboro\u017eitve na voljo podrobnosti o voja\u0161kem poklicu, kariernih mo\u017enostih, kakor tudi mo\u017enosti \u0161tipendiranja, slu\u017eenja v obvezni rezervi ali odhoda na prostovoljno slu\u017eenje voja\u0161\u010dine. \u00bbPredstavili bomo [&hellip;]","og_url":"https:\/\/novice.si\/page\/celje-od-srede-do-sobote-vojaski-sejem\/","og_site_name":"Novice.si","article_published_time":"2023-11-03T16:45:09+00:00","og_image":[{"width":1510,"height":956,"url":"https:\/\/novice.si\/page\/wp-content\/uploads\/2023\/11\/LM_05920a.jpeg","type":"image\/jpeg"}],"author":"Uredni\u0161tvo Celjana","twitter_card":"summary_large_image","twitter_misc":{"Written by":"Uredni\u0161tvo Celjana","Est. reading time":"2 minuti"},"schema":{"@context":"https:\/\/schema.org","@graph":[{"@type":"Article","@id":"https:\/\/novice.si\/page\/celje-od-srede-do-sobote-vojaski-sejem\/#article","isPartOf":{"@id":"https:\/\/novice.si\/page\/celje-od-srede-do-sobote-vojaski-sejem\/"},"author":{"name":"Uredni\u0161tvo Celjana","@id":"https:\/\/novice.si\/page\/#\/schema\/person\/57f25c9642a9541c7349c65d32032c3e"},"headline":"CELJE Od srede do sobote voja\u0161ki sejem","datePublished":"2023-11-03T16:45:09+00:00","mainEntityOfPage":{"@id":"https:\/\/novice.si\/page\/celje-od-srede-do-sobote-vojaski-sejem\/"},"wordCount":221,"publisher":{"@id":"https:\/\/novice.si\/page\/#organization"},"image":{"@id":"https:\/\/novice.si\/page\/celje-od-srede-do-sobote-vojaski-sejem\/#primaryimage"},"thumbnailUrl":"https:\/\/novice.si\/page\/wp-content\/uploads\/2023\/11\/LM_05920a.jpeg","keywords":["majorka Aleksandra Ferle\u017e","predstavitev tehnike in oboro\u017eitve","slovenska vojska","voja\u0161ki poklic","voja\u0161ki sejem"],"articleSection":["Celjsko"],"inLanguage":"sl-SI"},{"@type":"WebPage","@id":"https:\/\/novice.si\/page\/celje-od-srede-do-sobote-vojaski-sejem\/","url":"https:\/\/novice.si\/page\/celje-od-srede-do-sobote-vojaski-sejem\/","name":"CELJE Od srede do sobote voja\u0161ki sejem - Novice.si","isPartOf":{"@id":"https:\/\/novice.si\/page\/#website"},"primaryImageOfPage":{"@id":"https:\/\/novice.si\/page\/celje-od-srede-do-sobote-vojaski-sejem\/#primaryimage"},"image":{"@id":"https:\/\/novice.si\/page\/celje-od-srede-do-sobote-vojaski-sejem\/#primaryimage"},"thumbnailUrl":"https:\/\/novice.si\/page\/wp-content\/uploads\/2023\/11\/LM_05920a.jpeg","datePublished":"2023-11-03T16:45:09+00:00","breadcrumb":{"@id":"https:\/\/novice.si\/page\/celje-od-srede-do-sobote-vojaski-sejem\/#breadcrumb"},"inLanguage":"sl-SI","potentialAction":[{"@type":"ReadAction","target":["https:\/\/novice.si\/page\/celje-od-srede-do-sobote-vojaski-sejem\/"]}]},{"@type":"ImageObject","inLanguage":"sl-SI","@id":"https:\/\/novice.si\/page\/celje-od-srede-do-sobote-vojaski-sejem\/#primaryimage","url":"https:\/\/novice.si\/page\/wp-content\/uploads\/2023\/11\/LM_05920a.jpeg","contentUrl":"https:\/\/novice.si\/page\/wp-content\/uploads\/2023\/11\/LM_05920a.jpeg","width":1510,"height":956},{"@type":"BreadcrumbList","@id":"https:\/\/novice.si\/page\/celje-od-srede-do-sobote-vojaski-sejem\/#breadcrumb","itemListElement":[{"@type":"ListItem","position":1,"name":"Home","item":"https:\/\/novice.si\/page\/"},{"@type":"ListItem","position":2,"name":"CELJE Od srede do sobote voja\u0161ki sejem"}]},{"@type":"WebSite","@id":"https:\/\/novice.si\/page\/#website","url":"https:\/\/novice.si\/page\/","name":"Novice.si","description":"","publisher":{"@id":"https:\/\/novice.si\/page\/#organization"},"potentialAction":[{"@type":"SearchAction","target":{"@type":"EntryPoint","urlTemplate":"https:\/\/novice.si\/page\/?s={search_term_string}"},"query-input":{"@type":"PropertyValueSpecification","valueRequired":true,"valueName":"search_term_string"}}],"inLanguage":"sl-SI"},{"@type":"Organization","@id":"https:\/\/novice.si\/page\/#organization","name":"Novice.si","url":"https:\/\/novice.si\/page\/","logo":{"@type":"ImageObject","inLanguage":"sl-SI","@id":"https:\/\/novice.si\/page\/#\/schema\/logo\/image\/","url":"https:\/\/novice.si\/page\/wp-content\/uploads\/2023\/03\/novice_si.png","contentUrl":"https:\/\/novice.si\/page\/wp-content\/uploads\/2023\/03\/novice_si.png","width":576,"height":200,"caption":"Novice.si"},"image":{"@id":"https:\/\/novice.si\/page\/#\/schema\/logo\/image\/"}},{"@type":"Person","@id":"https:\/\/novice.si\/page\/#\/schema\/person\/57f25c9642a9541c7349c65d32032c3e","name":"Uredni\u0161tvo Celjana","image":{"@type":"ImageObject","inLanguage":"sl-SI","@id":"https:\/\/secure.gravatar.com\/avatar\/78e52bc4279b65f6df6345e0ef0f7b792d361361f230cf4ffecfe0afe6d5629c?s=96&d=mm&r=g","url":"https:\/\/secure.gravatar.com\/avatar\/78e52bc4279b65f6df6345e0ef0f7b792d361361f230cf4ffecfe0afe6d5629c?s=96&d=mm&r=g","contentUrl":"https:\/\/secure.gravatar.com\/avatar\/78e52bc4279b65f6df6345e0ef0f7b792d361361f230cf4ffecfe0afe6d5629c?s=96&d=mm&r=g","caption":"Uredni\u0161tvo Celjana"},"url":"https:\/\/novice.si\/page\/author\/primoz\/"}]}},"_links":{"self":[{"href":"https:\/\/novice.si\/page\/wp-json\/wp\/v2\/posts\/168999","targetHints":{"allow":["GET"]}}],"collection":[{"href":"https:\/\/novice.si\/page\/wp-json\/wp\/v2\/posts"}],"about":[{"href":"https:\/\/novice.si\/page\/wp-json\/wp\/v2\/types\/post"}],"author":[{"embeddable":true,"href":"https:\/\/novice.si\/page\/wp-json\/wp\/v2\/users\/33"}],"replies":[{"embeddable":true,"href":"https:\/\/novice.si\/page\/wp-json\/wp\/v2\/comments?post=168999"}],"version-history":[{"count":1,"href":"https:\/\/novice.si\/page\/wp-json\/wp\/v2\/posts\/168999\/revisions"}],"predecessor-version":[{"id":169002,"href":"https:\/\/novice.si\/page\/wp-json\/wp\/v2\/posts\/168999\/revisions\/169002"}],"wp:featuredmedia":[{"embeddable":true,"href":"https:\/\/novice.si\/page\/wp-json\/wp\/v2\/media\/169001"}],"wp:attachment":[{"href":"https:\/\/novice.si\/page\/wp-json\/wp\/v2\/media?parent=168999"}],"wp:term":[{"taxonomy":"category","embeddable":true,"href":"https:\/\/novice.si\/page\/wp-json\/wp\/v2\/categories?post=168999"},{"taxonomy":"post_tag","embeddable":true,"href":"https:\/\/novice.si\/page\/wp-json\/wp\/v2\/tags?post=168999"}],"curies":[{"name":"wp","href":"https:\/\/api.w.org\/{rel}","templated":true}]}}