{"id":168994,"date":"2023-11-03T13:13:02","date_gmt":"2023-11-03T12:13:02","guid":{"rendered":"https:\/\/novice.si\/page\/?p=168994"},"modified":"2023-11-03T13:13:02","modified_gmt":"2023-11-03T12:13:02","slug":"celje-janez-jansa-znova-obsojen-a-le-na-denarno-kazen","status":"publish","type":"post","link":"https:\/\/novice.si\/page\/celje-janez-jansa-znova-obsojen-a-le-na-denarno-kazen\/","title":{"rendered":"CELJE Janez Jan\u0161a znova obsojen, a le na denarno kazen"},"content":{"rendered":"<p><strong><img loading=\"lazy\" decoding=\"async\" class=\"wp-image-168996 alignleft\" src=\"https:\/\/novice.si\/page\/wp-content\/uploads\/2023\/11\/Jansa-sodba-zaljivi-tvit-2-2-600x323.jpg\" alt=\"\" width=\"347\" height=\"187\" srcset=\"https:\/\/novice.si\/page\/wp-content\/uploads\/2023\/11\/Jansa-sodba-zaljivi-tvit-2-2-600x323.jpg 600w, https:\/\/novice.si\/page\/wp-content\/uploads\/2023\/11\/Jansa-sodba-zaljivi-tvit-2-2-1024x552.jpg 1024w, https:\/\/novice.si\/page\/wp-content\/uploads\/2023\/11\/Jansa-sodba-zaljivi-tvit-2-2-768x414.jpg 768w, https:\/\/novice.si\/page\/wp-content\/uploads\/2023\/11\/Jansa-sodba-zaljivi-tvit-2-2-1536x828.jpg 1536w, https:\/\/novice.si\/page\/wp-content\/uploads\/2023\/11\/Jansa-sodba-zaljivi-tvit-2-2-2048x1104.jpg 2048w, https:\/\/novice.si\/page\/wp-content\/uploads\/2023\/11\/Jansa-sodba-zaljivi-tvit-2-2-696x375.jpg 696w, https:\/\/novice.si\/page\/wp-content\/uploads\/2023\/11\/Jansa-sodba-zaljivi-tvit-2-2-1068x576.jpg 1068w, https:\/\/novice.si\/page\/wp-content\/uploads\/2023\/11\/Jansa-sodba-zaljivi-tvit-2-2-779x420.jpg 779w, https:\/\/novice.si\/page\/wp-content\/uploads\/2023\/11\/Jansa-sodba-zaljivi-tvit-2-2-1920x1035.jpg 1920w, https:\/\/novice.si\/page\/wp-content\/uploads\/2023\/11\/Jansa-sodba-zaljivi-tvit-2-2-24x13.jpg 24w, https:\/\/novice.si\/page\/wp-content\/uploads\/2023\/11\/Jansa-sodba-zaljivi-tvit-2-2-36x19.jpg 36w, https:\/\/novice.si\/page\/wp-content\/uploads\/2023\/11\/Jansa-sodba-zaljivi-tvit-2-2-48x26.jpg 48w\" sizes=\"auto, (max-width: 347px) 100vw, 347px\" \/>Janeza Jan\u0161o<\/strong> so na celjskem sodi\u0161\u010du danes \u0161e drugi\u010d v petih letih spoznali za krivega kaznivega dejanja zoper \u010dast in dobro ime ter mu v zadevi \u017daljiv tvit 2 izrekli denarno kazen v vi\u0161ini 8000 evrov.<\/p>\n<p>Prislu\u017eil si jo je z zapisom na tvitu, ko je nekdanjemu direktorju STA <strong>Bojanu Veselinovi\u010du<\/strong> (na sliki desno) pripisal sodelovanje pri umoru urednika STA <strong>Boruta Me\u0161ka<\/strong>, ki pa je enajst let prej umrl za rakom.<\/p>\n<p>Sodnica <strong>Leonida Jager<\/strong> je pojasnila, da nikjer ni nobene sodbe, ki bi obravnavala umor<img loading=\"lazy\" decoding=\"async\" class=\"wp-image-168995 alignright\" src=\"https:\/\/novice.si\/page\/wp-content\/uploads\/2023\/11\/Veselinovic-392x600.jpg\" alt=\"\" width=\"256\" height=\"392\" srcset=\"https:\/\/novice.si\/page\/wp-content\/uploads\/2023\/11\/Veselinovic-392x600.jpg 392w, https:\/\/novice.si\/page\/wp-content\/uploads\/2023\/11\/Veselinovic-669x1024.jpg 669w, https:\/\/novice.si\/page\/wp-content\/uploads\/2023\/11\/Veselinovic-768x1176.jpg 768w, https:\/\/novice.si\/page\/wp-content\/uploads\/2023\/11\/Veselinovic-1003x1536.jpg 1003w, https:\/\/novice.si\/page\/wp-content\/uploads\/2023\/11\/Veselinovic-1338x2048.jpg 1338w, https:\/\/novice.si\/page\/wp-content\/uploads\/2023\/11\/Veselinovic-696x1065.jpg 696w, https:\/\/novice.si\/page\/wp-content\/uploads\/2023\/11\/Veselinovic-1068x1635.jpg 1068w, https:\/\/novice.si\/page\/wp-content\/uploads\/2023\/11\/Veselinovic-274x420.jpg 274w, https:\/\/novice.si\/page\/wp-content\/uploads\/2023\/11\/Veselinovic-1920x2939.jpg 1920w, https:\/\/novice.si\/page\/wp-content\/uploads\/2023\/11\/Veselinovic-16x24.jpg 16w, https:\/\/novice.si\/page\/wp-content\/uploads\/2023\/11\/Veselinovic-24x36.jpg 24w, https:\/\/novice.si\/page\/wp-content\/uploads\/2023\/11\/Veselinovic-31x48.jpg 31w, https:\/\/novice.si\/page\/wp-content\/uploads\/2023\/11\/Veselinovic-scaled.jpg 1672w\" sizes=\"auto, (max-width: 256px) 100vw, 256px\" \/> urednika, kar je prvak opozicije takrat dobro vedel, kakor tudi to, da njegov zapis na tvitu ni resni\u010den.<\/p>\n<p>Veselinovi\u010d je preko svojega pravnega zastopnika <strong>Gorazda Fi\u0161erja<\/strong> zahteval mandatno pogojno kazen, saj da gre za specialnega povratnika, zahteval je tudi 7200 evrov od\u0161kodnine, za kar ga je sodi\u0161\u010de napotilo na pravdo.<\/p>\n<p>V kazenskem postopku so v enajstih mesecih opravili pet narokov, kjer pa je bilo ve\u010dinoma govora o razmerah na osrednji slovenski poro\u010devalski agenciji.<\/p>\n<p>Jan\u0161a se je branil, da je \u0161lo pri sporni navedbi za prispodobo, saj da ni nikjer zapisano, da bi Veselinovi\u010d Me\u0161ka umoril s sekiro ali no\u017eem, temve\u010d da je s svojim ravnanjem pripomogel k njegovi prezgodnji smrti, saj da ga je \u0161ikaniral.<\/p>\n<p><em>Ve\u010d preberite v Celjanu.<\/em><\/p>\n<p>P\u0160<\/p>\n","protected":false},"excerpt":{"rendered":"<p>Janeza Jan\u0161o so na celjskem sodi\u0161\u010du danes \u0161e drugi\u010d v petih letih spoznali za krivega kaznivega dejanja zoper \u010dast in dobro ime ter mu v zadevi \u017daljiv tvit 2 izrekli denarno kazen v vi\u0161ini 8000 evrov. Prislu\u017eil si jo je z zapisom na tvitu, ko je nekdanjemu direktorju STA Bojanu Veselinovi\u010du (na sliki desno) pripisal [&hellip;]<\/p>\n","protected":false},"author":33,"featured_media":168997,"comment_status":"closed","ping_status":"closed","sticky":false,"template":"","format":"standard","meta":{"footnotes":""},"categories":[14,17,29],"tags":[19091,15036,5573,3791,10360,3451,15037],"class_list":{"0":"post-168994","1":"post","2":"type-post","3":"status-publish","4":"format-standard","5":"has-post-thumbnail","7":"category-aktualno","8":"category-celjsko","9":"category-kronika","10":"tag-8000-evrpv","11":"tag-bojan-veselinovic","12":"tag-denarna-kazen","13":"tag-janez-jansa","14":"tag-leonida-jager","15":"tag-sodba","16":"tag-zaljivi-tvit-2"},"yoast_head":"<!-- This site is optimized with the Yoast SEO plugin v27.4 - https:\/\/yoast.com\/product\/yoast-seo-wordpress\/ -->\n<title>CELJE Janez Jan\u0161a znova obsojen, a le na denarno kazen - Novice.si<\/title>\n<meta name=\"robots\" content=\"index, follow, max-snippet:-1, max-image-preview:large, max-video-preview:-1\" \/>\n<link rel=\"canonical\" href=\"https:\/\/novice.si\/page\/celje-janez-jansa-znova-obsojen-a-le-na-denarno-kazen\/\" \/>\n<meta property=\"og:locale\" content=\"sl_SI\" \/>\n<meta property=\"og:type\" content=\"article\" \/>\n<meta property=\"og:title\" content=\"CELJE Janez Jan\u0161a znova obsojen, a le na denarno kazen - Novice.si\" \/>\n<meta property=\"og:description\" content=\"Janeza Jan\u0161o so na celjskem sodi\u0161\u010du danes \u0161e drugi\u010d v petih letih spoznali za krivega kaznivega dejanja zoper \u010dast in dobro ime ter mu v zadevi \u017daljiv tvit 2 izrekli denarno kazen v vi\u0161ini 8000 evrov. Prislu\u017eil si jo je z zapisom na tvitu, ko je nekdanjemu direktorju STA Bojanu Veselinovi\u010du (na sliki desno) pripisal [&hellip;]\" \/>\n<meta property=\"og:url\" content=\"https:\/\/novice.si\/page\/celje-janez-jansa-znova-obsojen-a-le-na-denarno-kazen\/\" \/>\n<meta property=\"og:site_name\" content=\"Novice.si\" \/>\n<meta property=\"article:published_time\" content=\"2023-11-03T12:13:02+00:00\" \/>\n<meta property=\"og:image\" content=\"https:\/\/novice.si\/page\/wp-content\/uploads\/2023\/11\/Jansa-sodba-zaljivi-tvit-2-1.jpg\" \/>\n\t<meta property=\"og:image:width\" content=\"2272\" \/>\n\t<meta property=\"og:image:height\" content=\"1740\" \/>\n\t<meta property=\"og:image:type\" content=\"image\/jpeg\" \/>\n<meta name=\"author\" content=\"Uredni\u0161tvo Celjana\" \/>\n<meta name=\"twitter:card\" content=\"summary_large_image\" \/>\n<meta name=\"twitter:label1\" content=\"Written by\" \/>\n\t<meta name=\"twitter:data1\" content=\"Uredni\u0161tvo Celjana\" \/>\n\t<meta name=\"twitter:label2\" content=\"Est. reading time\" \/>\n\t<meta name=\"twitter:data2\" content=\"2 minuti\" \/>\n<script type=\"application\/ld+json\" class=\"yoast-schema-graph\">{\"@context\":\"https:\\\/\\\/schema.org\",\"@graph\":[{\"@type\":\"Article\",\"@id\":\"https:\\\/\\\/novice.si\\\/page\\\/celje-janez-jansa-znova-obsojen-a-le-na-denarno-kazen\\\/#article\",\"isPartOf\":{\"@id\":\"https:\\\/\\\/novice.si\\\/page\\\/celje-janez-jansa-znova-obsojen-a-le-na-denarno-kazen\\\/\"},\"author\":{\"name\":\"Uredni\u0161tvo Celjana\",\"@id\":\"https:\\\/\\\/novice.si\\\/page\\\/#\\\/schema\\\/person\\\/57f25c9642a9541c7349c65d32032c3e\"},\"headline\":\"CELJE Janez Jan\u0161a znova obsojen, a le na denarno kazen\",\"datePublished\":\"2023-11-03T12:13:02+00:00\",\"mainEntityOfPage\":{\"@id\":\"https:\\\/\\\/novice.si\\\/page\\\/celje-janez-jansa-znova-obsojen-a-le-na-denarno-kazen\\\/\"},\"wordCount\":228,\"publisher\":{\"@id\":\"https:\\\/\\\/novice.si\\\/page\\\/#organization\"},\"image\":{\"@id\":\"https:\\\/\\\/novice.si\\\/page\\\/celje-janez-jansa-znova-obsojen-a-le-na-denarno-kazen\\\/#primaryimage\"},\"thumbnailUrl\":\"https:\\\/\\\/novice.si\\\/page\\\/wp-content\\\/uploads\\\/2023\\\/11\\\/Jansa-sodba-zaljivi-tvit-2-1.jpg\",\"keywords\":[\"8000 evrpv\",\"Bojan Veselinovi\u010d\",\"denarna kazen\",\"janez jan\u0161a\",\"Leonida Jager\",\"sodba\",\"\u017daljivi tvit 2\"],\"articleSection\":[\"Aktualno\",\"Celjsko\",\"Kronika\"],\"inLanguage\":\"sl-SI\"},{\"@type\":\"WebPage\",\"@id\":\"https:\\\/\\\/novice.si\\\/page\\\/celje-janez-jansa-znova-obsojen-a-le-na-denarno-kazen\\\/\",\"url\":\"https:\\\/\\\/novice.si\\\/page\\\/celje-janez-jansa-znova-obsojen-a-le-na-denarno-kazen\\\/\",\"name\":\"CELJE Janez Jan\u0161a znova obsojen, a le na denarno kazen - Novice.si\",\"isPartOf\":{\"@id\":\"https:\\\/\\\/novice.si\\\/page\\\/#website\"},\"primaryImageOfPage\":{\"@id\":\"https:\\\/\\\/novice.si\\\/page\\\/celje-janez-jansa-znova-obsojen-a-le-na-denarno-kazen\\\/#primaryimage\"},\"image\":{\"@id\":\"https:\\\/\\\/novice.si\\\/page\\\/celje-janez-jansa-znova-obsojen-a-le-na-denarno-kazen\\\/#primaryimage\"},\"thumbnailUrl\":\"https:\\\/\\\/novice.si\\\/page\\\/wp-content\\\/uploads\\\/2023\\\/11\\\/Jansa-sodba-zaljivi-tvit-2-1.jpg\",\"datePublished\":\"2023-11-03T12:13:02+00:00\",\"breadcrumb\":{\"@id\":\"https:\\\/\\\/novice.si\\\/page\\\/celje-janez-jansa-znova-obsojen-a-le-na-denarno-kazen\\\/#breadcrumb\"},\"inLanguage\":\"sl-SI\",\"potentialAction\":[{\"@type\":\"ReadAction\",\"target\":[\"https:\\\/\\\/novice.si\\\/page\\\/celje-janez-jansa-znova-obsojen-a-le-na-denarno-kazen\\\/\"]}]},{\"@type\":\"ImageObject\",\"inLanguage\":\"sl-SI\",\"@id\":\"https:\\\/\\\/novice.si\\\/page\\\/celje-janez-jansa-znova-obsojen-a-le-na-denarno-kazen\\\/#primaryimage\",\"url\":\"https:\\\/\\\/novice.si\\\/page\\\/wp-content\\\/uploads\\\/2023\\\/11\\\/Jansa-sodba-zaljivi-tvit-2-1.jpg\",\"contentUrl\":\"https:\\\/\\\/novice.si\\\/page\\\/wp-content\\\/uploads\\\/2023\\\/11\\\/Jansa-sodba-zaljivi-tvit-2-1.jpg\",\"width\":2272,\"height\":1740},{\"@type\":\"BreadcrumbList\",\"@id\":\"https:\\\/\\\/novice.si\\\/page\\\/celje-janez-jansa-znova-obsojen-a-le-na-denarno-kazen\\\/#breadcrumb\",\"itemListElement\":[{\"@type\":\"ListItem\",\"position\":1,\"name\":\"Home\",\"item\":\"https:\\\/\\\/novice.si\\\/page\\\/\"},{\"@type\":\"ListItem\",\"position\":2,\"name\":\"CELJE Janez Jan\u0161a znova obsojen, a le na denarno kazen\"}]},{\"@type\":\"WebSite\",\"@id\":\"https:\\\/\\\/novice.si\\\/page\\\/#website\",\"url\":\"https:\\\/\\\/novice.si\\\/page\\\/\",\"name\":\"Novice.si\",\"description\":\"\",\"publisher\":{\"@id\":\"https:\\\/\\\/novice.si\\\/page\\\/#organization\"},\"potentialAction\":[{\"@type\":\"SearchAction\",\"target\":{\"@type\":\"EntryPoint\",\"urlTemplate\":\"https:\\\/\\\/novice.si\\\/page\\\/?s={search_term_string}\"},\"query-input\":{\"@type\":\"PropertyValueSpecification\",\"valueRequired\":true,\"valueName\":\"search_term_string\"}}],\"inLanguage\":\"sl-SI\"},{\"@type\":\"Organization\",\"@id\":\"https:\\\/\\\/novice.si\\\/page\\\/#organization\",\"name\":\"Novice.si\",\"url\":\"https:\\\/\\\/novice.si\\\/page\\\/\",\"logo\":{\"@type\":\"ImageObject\",\"inLanguage\":\"sl-SI\",\"@id\":\"https:\\\/\\\/novice.si\\\/page\\\/#\\\/schema\\\/logo\\\/image\\\/\",\"url\":\"https:\\\/\\\/novice.si\\\/page\\\/wp-content\\\/uploads\\\/2023\\\/03\\\/novice_si.png\",\"contentUrl\":\"https:\\\/\\\/novice.si\\\/page\\\/wp-content\\\/uploads\\\/2023\\\/03\\\/novice_si.png\",\"width\":576,\"height\":200,\"caption\":\"Novice.si\"},\"image\":{\"@id\":\"https:\\\/\\\/novice.si\\\/page\\\/#\\\/schema\\\/logo\\\/image\\\/\"}},{\"@type\":\"Person\",\"@id\":\"https:\\\/\\\/novice.si\\\/page\\\/#\\\/schema\\\/person\\\/57f25c9642a9541c7349c65d32032c3e\",\"name\":\"Uredni\u0161tvo Celjana\",\"image\":{\"@type\":\"ImageObject\",\"inLanguage\":\"sl-SI\",\"@id\":\"https:\\\/\\\/secure.gravatar.com\\\/avatar\\\/78e52bc4279b65f6df6345e0ef0f7b792d361361f230cf4ffecfe0afe6d5629c?s=96&d=mm&r=g\",\"url\":\"https:\\\/\\\/secure.gravatar.com\\\/avatar\\\/78e52bc4279b65f6df6345e0ef0f7b792d361361f230cf4ffecfe0afe6d5629c?s=96&d=mm&r=g\",\"contentUrl\":\"https:\\\/\\\/secure.gravatar.com\\\/avatar\\\/78e52bc4279b65f6df6345e0ef0f7b792d361361f230cf4ffecfe0afe6d5629c?s=96&d=mm&r=g\",\"caption\":\"Uredni\u0161tvo Celjana\"},\"url\":\"https:\\\/\\\/novice.si\\\/page\\\/author\\\/primoz\\\/\"}]}<\/script>\n<!-- \/ Yoast SEO plugin. -->","yoast_head_json":{"title":"CELJE Janez Jan\u0161a znova obsojen, a le na denarno kazen - Novice.si","robots":{"index":"index","follow":"follow","max-snippet":"max-snippet:-1","max-image-preview":"max-image-preview:large","max-video-preview":"max-video-preview:-1"},"canonical":"https:\/\/novice.si\/page\/celje-janez-jansa-znova-obsojen-a-le-na-denarno-kazen\/","og_locale":"sl_SI","og_type":"article","og_title":"CELJE Janez Jan\u0161a znova obsojen, a le na denarno kazen - Novice.si","og_description":"Janeza Jan\u0161o so na celjskem sodi\u0161\u010du danes \u0161e drugi\u010d v petih letih spoznali za krivega kaznivega dejanja zoper \u010dast in dobro ime ter mu v zadevi \u017daljiv tvit 2 izrekli denarno kazen v vi\u0161ini 8000 evrov. Prislu\u017eil si jo je z zapisom na tvitu, ko je nekdanjemu direktorju STA Bojanu Veselinovi\u010du (na sliki desno) pripisal [&hellip;]","og_url":"https:\/\/novice.si\/page\/celje-janez-jansa-znova-obsojen-a-le-na-denarno-kazen\/","og_site_name":"Novice.si","article_published_time":"2023-11-03T12:13:02+00:00","og_image":[{"width":2272,"height":1740,"url":"https:\/\/novice.si\/page\/wp-content\/uploads\/2023\/11\/Jansa-sodba-zaljivi-tvit-2-1.jpg","type":"image\/jpeg"}],"author":"Uredni\u0161tvo Celjana","twitter_card":"summary_large_image","twitter_misc":{"Written by":"Uredni\u0161tvo Celjana","Est. reading time":"2 minuti"},"schema":{"@context":"https:\/\/schema.org","@graph":[{"@type":"Article","@id":"https:\/\/novice.si\/page\/celje-janez-jansa-znova-obsojen-a-le-na-denarno-kazen\/#article","isPartOf":{"@id":"https:\/\/novice.si\/page\/celje-janez-jansa-znova-obsojen-a-le-na-denarno-kazen\/"},"author":{"name":"Uredni\u0161tvo Celjana","@id":"https:\/\/novice.si\/page\/#\/schema\/person\/57f25c9642a9541c7349c65d32032c3e"},"headline":"CELJE Janez Jan\u0161a znova obsojen, a le na denarno kazen","datePublished":"2023-11-03T12:13:02+00:00","mainEntityOfPage":{"@id":"https:\/\/novice.si\/page\/celje-janez-jansa-znova-obsojen-a-le-na-denarno-kazen\/"},"wordCount":228,"publisher":{"@id":"https:\/\/novice.si\/page\/#organization"},"image":{"@id":"https:\/\/novice.si\/page\/celje-janez-jansa-znova-obsojen-a-le-na-denarno-kazen\/#primaryimage"},"thumbnailUrl":"https:\/\/novice.si\/page\/wp-content\/uploads\/2023\/11\/Jansa-sodba-zaljivi-tvit-2-1.jpg","keywords":["8000 evrpv","Bojan Veselinovi\u010d","denarna kazen","janez jan\u0161a","Leonida Jager","sodba","\u017daljivi tvit 2"],"articleSection":["Aktualno","Celjsko","Kronika"],"inLanguage":"sl-SI"},{"@type":"WebPage","@id":"https:\/\/novice.si\/page\/celje-janez-jansa-znova-obsojen-a-le-na-denarno-kazen\/","url":"https:\/\/novice.si\/page\/celje-janez-jansa-znova-obsojen-a-le-na-denarno-kazen\/","name":"CELJE Janez Jan\u0161a znova obsojen, a le na denarno kazen - Novice.si","isPartOf":{"@id":"https:\/\/novice.si\/page\/#website"},"primaryImageOfPage":{"@id":"https:\/\/novice.si\/page\/celje-janez-jansa-znova-obsojen-a-le-na-denarno-kazen\/#primaryimage"},"image":{"@id":"https:\/\/novice.si\/page\/celje-janez-jansa-znova-obsojen-a-le-na-denarno-kazen\/#primaryimage"},"thumbnailUrl":"https:\/\/novice.si\/page\/wp-content\/uploads\/2023\/11\/Jansa-sodba-zaljivi-tvit-2-1.jpg","datePublished":"2023-11-03T12:13:02+00:00","breadcrumb":{"@id":"https:\/\/novice.si\/page\/celje-janez-jansa-znova-obsojen-a-le-na-denarno-kazen\/#breadcrumb"},"inLanguage":"sl-SI","potentialAction":[{"@type":"ReadAction","target":["https:\/\/novice.si\/page\/celje-janez-jansa-znova-obsojen-a-le-na-denarno-kazen\/"]}]},{"@type":"ImageObject","inLanguage":"sl-SI","@id":"https:\/\/novice.si\/page\/celje-janez-jansa-znova-obsojen-a-le-na-denarno-kazen\/#primaryimage","url":"https:\/\/novice.si\/page\/wp-content\/uploads\/2023\/11\/Jansa-sodba-zaljivi-tvit-2-1.jpg","contentUrl":"https:\/\/novice.si\/page\/wp-content\/uploads\/2023\/11\/Jansa-sodba-zaljivi-tvit-2-1.jpg","width":2272,"height":1740},{"@type":"BreadcrumbList","@id":"https:\/\/novice.si\/page\/celje-janez-jansa-znova-obsojen-a-le-na-denarno-kazen\/#breadcrumb","itemListElement":[{"@type":"ListItem","position":1,"name":"Home","item":"https:\/\/novice.si\/page\/"},{"@type":"ListItem","position":2,"name":"CELJE Janez Jan\u0161a znova obsojen, a le na denarno kazen"}]},{"@type":"WebSite","@id":"https:\/\/novice.si\/page\/#website","url":"https:\/\/novice.si\/page\/","name":"Novice.si","description":"","publisher":{"@id":"https:\/\/novice.si\/page\/#organization"},"potentialAction":[{"@type":"SearchAction","target":{"@type":"EntryPoint","urlTemplate":"https:\/\/novice.si\/page\/?s={search_term_string}"},"query-input":{"@type":"PropertyValueSpecification","valueRequired":true,"valueName":"search_term_string"}}],"inLanguage":"sl-SI"},{"@type":"Organization","@id":"https:\/\/novice.si\/page\/#organization","name":"Novice.si","url":"https:\/\/novice.si\/page\/","logo":{"@type":"ImageObject","inLanguage":"sl-SI","@id":"https:\/\/novice.si\/page\/#\/schema\/logo\/image\/","url":"https:\/\/novice.si\/page\/wp-content\/uploads\/2023\/03\/novice_si.png","contentUrl":"https:\/\/novice.si\/page\/wp-content\/uploads\/2023\/03\/novice_si.png","width":576,"height":200,"caption":"Novice.si"},"image":{"@id":"https:\/\/novice.si\/page\/#\/schema\/logo\/image\/"}},{"@type":"Person","@id":"https:\/\/novice.si\/page\/#\/schema\/person\/57f25c9642a9541c7349c65d32032c3e","name":"Uredni\u0161tvo Celjana","image":{"@type":"ImageObject","inLanguage":"sl-SI","@id":"https:\/\/secure.gravatar.com\/avatar\/78e52bc4279b65f6df6345e0ef0f7b792d361361f230cf4ffecfe0afe6d5629c?s=96&d=mm&r=g","url":"https:\/\/secure.gravatar.com\/avatar\/78e52bc4279b65f6df6345e0ef0f7b792d361361f230cf4ffecfe0afe6d5629c?s=96&d=mm&r=g","contentUrl":"https:\/\/secure.gravatar.com\/avatar\/78e52bc4279b65f6df6345e0ef0f7b792d361361f230cf4ffecfe0afe6d5629c?s=96&d=mm&r=g","caption":"Uredni\u0161tvo Celjana"},"url":"https:\/\/novice.si\/page\/author\/primoz\/"}]}},"_links":{"self":[{"href":"https:\/\/novice.si\/page\/wp-json\/wp\/v2\/posts\/168994","targetHints":{"allow":["GET"]}}],"collection":[{"href":"https:\/\/novice.si\/page\/wp-json\/wp\/v2\/posts"}],"about":[{"href":"https:\/\/novice.si\/page\/wp-json\/wp\/v2\/types\/post"}],"author":[{"embeddable":true,"href":"https:\/\/novice.si\/page\/wp-json\/wp\/v2\/users\/33"}],"replies":[{"embeddable":true,"href":"https:\/\/novice.si\/page\/wp-json\/wp\/v2\/comments?post=168994"}],"version-history":[{"count":1,"href":"https:\/\/novice.si\/page\/wp-json\/wp\/v2\/posts\/168994\/revisions"}],"predecessor-version":[{"id":168998,"href":"https:\/\/novice.si\/page\/wp-json\/wp\/v2\/posts\/168994\/revisions\/168998"}],"wp:featuredmedia":[{"embeddable":true,"href":"https:\/\/novice.si\/page\/wp-json\/wp\/v2\/media\/168997"}],"wp:attachment":[{"href":"https:\/\/novice.si\/page\/wp-json\/wp\/v2\/media?parent=168994"}],"wp:term":[{"taxonomy":"category","embeddable":true,"href":"https:\/\/novice.si\/page\/wp-json\/wp\/v2\/categories?post=168994"},{"taxonomy":"post_tag","embeddable":true,"href":"https:\/\/novice.si\/page\/wp-json\/wp\/v2\/tags?post=168994"}],"curies":[{"name":"wp","href":"https:\/\/api.w.org\/{rel}","templated":true}]}}