{"id":168960,"date":"2023-11-03T08:12:48","date_gmt":"2023-11-03T07:12:48","guid":{"rendered":"https:\/\/novice.si\/page\/?p=168960"},"modified":"2023-11-03T08:12:48","modified_gmt":"2023-11-03T07:12:48","slug":"celjsko-literarno-drustvo-v-pazinu-zastopalo-slovenijo","status":"publish","type":"post","link":"https:\/\/novice.si\/page\/celjsko-literarno-drustvo-v-pazinu-zastopalo-slovenijo\/","title":{"rendered":"Celjsko literarno dru\u0161tvo v Pazinu zastopalo Slovenijo"},"content":{"rendered":"<p>Celjsko literarno dru\u0161tvo je letos prvi\u010d sodelovalo na Festivalu fantazijske knji\u017eevnosti v Pazinu. Bojan Ekselenski in Andrej Ivanu\u0161a sta tam predstavila slovensko fantastiko.<\/p>\n<p>Da gre za festival z dolgoletno tradicijo, dokazuje dejstvo, da je leto\u0161njo jesen dogodek potekal \u017ee 21. Festival vsako leto znova zdru\u017euje avtorice in avtorje iz obmo\u010dja biv\u0161e Jugoslavije, ki ustvarjajo knji\u017eevnost s podro\u010dja fantastike. Vsakokratni festival s tematskim razpisom za kratko zgodbo prinese festivalsko zbirko. Vanjo je letos bila uvr\u0161\u010dena tudi Bojanova kratka zgodba Cosplay konvencija. Naslov leto\u0161nje festivalske zbirke je Pri\u010de o konvencijama (Zgodbe o konvencijah).<\/p>\n\r\n                <style type=\"text\/css\">\r\n                    \r\n                    #tdi_1  .td-doubleSlider-2 .td-item1 {\r\n                        background: url(https:\/\/novice.si\/page\/wp-content\/uploads\/2023\/11\/396613877_354479726977592_5137687730348617084_n-80x60.jpg) 0 0 no-repeat;\r\n                    }\r\n                    #tdi_1  .td-doubleSlider-2 .td-item2 {\r\n                        background: url(https:\/\/novice.si\/page\/wp-content\/uploads\/2023\/11\/369287058_2146606192344467_1311907713085785437_n-80x60.jpg) 0 0 no-repeat;\r\n                    }\r\n                <\/style>\r\n\r\n                <div id=\"tdi_1\" class=\"td-gallery td-slide-on-2-columns\">\r\n                    <div class=\"post_td_gallery\">\r\n                        <div class=\"td-gallery-slide-top\">\r\n                           <div class=\"td-gallery-title\"><\/div>\r\n\r\n                            <div class=\"td-gallery-controls-wrapper\">\r\n                                <div class=\"td-gallery-slide-count\"><span class=\"td-gallery-slide-item-focus\">1<\/span> od 2<\/div>\r\n                                <div class=\"td-gallery-slide-prev-next-but\">\r\n                                    <i class = \"td-icon-left doubleSliderPrevButton\"><\/i>\r\n                                    <i class = \"td-icon-right doubleSliderNextButton\"><\/i>\r\n                                <\/div>\r\n                            <\/div>\r\n                        <\/div>\r\n\r\n                        <div class = \"td-doubleSlider-1 \">\r\n                            <div class = \"td-slider\">\r\n                                \r\n                    <div class = \"td-slide-item td-item1\">\r\n                        <figure class=\"td-slide-galery-figure td-slide-popup-gallery\">\r\n                            <a class=\"slide-gallery-image-link\" href=\"https:\/\/novice.si\/page\/wp-content\/uploads\/2023\/11\/396613877_354479726977592_5137687730348617084_n.jpg\" title=\"396613877_354479726977592_5137687730348617084_n\"  data-caption=\"\"  data-description=\"\" data-gallery>\r\n                                <img decoding=\"async\" src=\"https:\/\/novice.si\/page\/wp-content\/uploads\/2023\/11\/396613877_354479726977592_5137687730348617084_n-560x420.jpg\" srcset=\"https:\/\/novice.si\/page\/wp-content\/uploads\/2023\/11\/396613877_354479726977592_5137687730348617084_n-560x420.jpg 560w, https:\/\/novice.si\/page\/wp-content\/uploads\/2023\/11\/396613877_354479726977592_5137687730348617084_n-600x450.jpg 600w, https:\/\/novice.si\/page\/wp-content\/uploads\/2023\/11\/396613877_354479726977592_5137687730348617084_n-1024x768.jpg 1024w, https:\/\/novice.si\/page\/wp-content\/uploads\/2023\/11\/396613877_354479726977592_5137687730348617084_n-768x576.jpg 768w, https:\/\/novice.si\/page\/wp-content\/uploads\/2023\/11\/396613877_354479726977592_5137687730348617084_n-80x60.jpg 80w, https:\/\/novice.si\/page\/wp-content\/uploads\/2023\/11\/396613877_354479726977592_5137687730348617084_n-265x198.jpg 265w, https:\/\/novice.si\/page\/wp-content\/uploads\/2023\/11\/396613877_354479726977592_5137687730348617084_n-696x522.jpg 696w, https:\/\/novice.si\/page\/wp-content\/uploads\/2023\/11\/396613877_354479726977592_5137687730348617084_n-1068x801.jpg 1068w, https:\/\/novice.si\/page\/wp-content\/uploads\/2023\/11\/396613877_354479726977592_5137687730348617084_n-24x18.jpg 24w, https:\/\/novice.si\/page\/wp-content\/uploads\/2023\/11\/396613877_354479726977592_5137687730348617084_n-36x27.jpg 36w, https:\/\/novice.si\/page\/wp-content\/uploads\/2023\/11\/396613877_354479726977592_5137687730348617084_n-48x36.jpg 48w, https:\/\/novice.si\/page\/wp-content\/uploads\/2023\/11\/396613877_354479726977592_5137687730348617084_n.jpg 1200w\" sizes=\"(max-width: 560px) 100vw, 560px\" alt=\"\">\r\n                            <\/a>\r\n                            \r\n                        <\/figure>\r\n                    <\/div>\r\n                    <div class = \"td-slide-item td-item2\">\r\n                        <figure class=\"td-slide-galery-figure td-slide-popup-gallery\">\r\n                            <a class=\"slide-gallery-image-link\" href=\"https:\/\/novice.si\/page\/wp-content\/uploads\/2023\/11\/369287058_2146606192344467_1311907713085785437_n.jpg\" title=\"369287058_2146606192344467_1311907713085785437_n\"  data-caption=\"\"  data-description=\"\" data-gallery>\r\n                                <img decoding=\"async\" src=\"https:\/\/novice.si\/page\/wp-content\/uploads\/2023\/11\/369287058_2146606192344467_1311907713085785437_n-560x420.jpg\" srcset=\"https:\/\/novice.si\/page\/wp-content\/uploads\/2023\/11\/369287058_2146606192344467_1311907713085785437_n-560x420.jpg 560w, https:\/\/novice.si\/page\/wp-content\/uploads\/2023\/11\/369287058_2146606192344467_1311907713085785437_n-600x450.jpg 600w, https:\/\/novice.si\/page\/wp-content\/uploads\/2023\/11\/369287058_2146606192344467_1311907713085785437_n-1024x768.jpg 1024w, https:\/\/novice.si\/page\/wp-content\/uploads\/2023\/11\/369287058_2146606192344467_1311907713085785437_n-768x576.jpg 768w, https:\/\/novice.si\/page\/wp-content\/uploads\/2023\/11\/369287058_2146606192344467_1311907713085785437_n-80x60.jpg 80w, https:\/\/novice.si\/page\/wp-content\/uploads\/2023\/11\/369287058_2146606192344467_1311907713085785437_n-265x198.jpg 265w, https:\/\/novice.si\/page\/wp-content\/uploads\/2023\/11\/369287058_2146606192344467_1311907713085785437_n-696x522.jpg 696w, https:\/\/novice.si\/page\/wp-content\/uploads\/2023\/11\/369287058_2146606192344467_1311907713085785437_n-1068x801.jpg 1068w, https:\/\/novice.si\/page\/wp-content\/uploads\/2023\/11\/369287058_2146606192344467_1311907713085785437_n-24x18.jpg 24w, https:\/\/novice.si\/page\/wp-content\/uploads\/2023\/11\/369287058_2146606192344467_1311907713085785437_n-36x27.jpg 36w, https:\/\/novice.si\/page\/wp-content\/uploads\/2023\/11\/369287058_2146606192344467_1311907713085785437_n-48x36.jpg 48w, https:\/\/novice.si\/page\/wp-content\/uploads\/2023\/11\/369287058_2146606192344467_1311907713085785437_n.jpg 1200w\" sizes=\"(max-width: 560px) 100vw, 560px\" alt=\"\">\r\n                            <\/a>\r\n                            \r\n                        <\/figure>\r\n                    <\/div>\r\n                            <\/div>\r\n                        <\/div>\r\n\r\n                        <div class = \"td-doubleSlider-2\">\r\n                            <div class = \"td-slider\">\r\n                                \r\n                    <div class = \"td-button td-item1\">\r\n                        <div class = \"td-border\"><\/div>\r\n                    <\/div>\r\n                    <div class = \"td-button td-item2\">\r\n                        <div class = \"td-border\"><\/div>\r\n                    <\/div>\r\n                            <\/div>\r\n                        <\/div>\r\n\r\n                    <\/div>\r\n\r\n                <\/div>\r\n                \n<p>Udele\u017ebo na Festivalu fantazijske knji\u017eevnosti v Pazinu Ekselenski ocenjuje kot izredno pomembno, saj v tem vidi \u00bbprilo\u017enost za navezovanje novih na\u010dinov sodelovanja in krepitev vpetosti slovenske fantazije v \u0161ir\u0161i regionalni kontekst\u00ab. Festival je udele\u017eenim ponujal tudi razli\u010dna predavanja in prilo\u017enost za predstavitev lastnih del pred tujo publiko, ki sta jo slovenska avtorja dobro izkoristila. (A. S.)<\/p>\n<p>Ve\u010d in podrobneje pa v aktualnem Celjanu.<\/p>\n","protected":false},"excerpt":{"rendered":"<p>Celjsko literarno dru\u0161tvo je letos prvi\u010d sodelovalo na Festivalu fantazijske knji\u017eevnosti v Pazinu. Bojan Ekselenski in Andrej Ivanu\u0161a sta tam predstavila slovensko fantastiko. Da gre za festival z dolgoletno tradicijo, dokazuje dejstvo, da je leto\u0161njo jesen dogodek potekal \u017ee 21. Festival vsako leto znova zdru\u017euje avtorice in avtorje iz obmo\u010dja biv\u0161e Jugoslavije, ki ustvarjajo knji\u017eevnost [&hellip;]<\/p>\n","protected":false},"author":12,"featured_media":168961,"comment_status":"closed","ping_status":"closed","sticky":false,"template":"","format":"standard","meta":{"footnotes":""},"categories":[14,17],"tags":[19088,19087,19085,19086],"class_list":{"0":"post-168960","1":"post","2":"type-post","3":"status-publish","4":"format-standard","5":"has-post-thumbnail","7":"category-aktualno","8":"category-celjsko","9":"tag-andrej-ivanusa","10":"tag-bojan-ekselenski","11":"tag-festival-fantazijske-knjizevnosti","12":"tag-pazin"},"yoast_head":"<!-- This site is optimized with the Yoast SEO plugin v27.4 - https:\/\/yoast.com\/product\/yoast-seo-wordpress\/ -->\n<title>Celjsko literarno dru\u0161tvo v Pazinu zastopalo Slovenijo - Novice.si<\/title>\n<meta name=\"robots\" content=\"index, follow, max-snippet:-1, max-image-preview:large, max-video-preview:-1\" \/>\n<link rel=\"canonical\" href=\"https:\/\/novice.si\/page\/celjsko-literarno-drustvo-v-pazinu-zastopalo-slovenijo\/\" \/>\n<meta property=\"og:locale\" content=\"sl_SI\" \/>\n<meta property=\"og:type\" content=\"article\" \/>\n<meta property=\"og:title\" content=\"Celjsko literarno dru\u0161tvo v Pazinu zastopalo Slovenijo - Novice.si\" \/>\n<meta property=\"og:description\" content=\"Celjsko literarno dru\u0161tvo je letos prvi\u010d sodelovalo na Festivalu fantazijske knji\u017eevnosti v Pazinu. Bojan Ekselenski in Andrej Ivanu\u0161a sta tam predstavila slovensko fantastiko. Da gre za festival z dolgoletno tradicijo, dokazuje dejstvo, da je leto\u0161njo jesen dogodek potekal \u017ee 21. Festival vsako leto znova zdru\u017euje avtorice in avtorje iz obmo\u010dja biv\u0161e Jugoslavije, ki ustvarjajo knji\u017eevnost [&hellip;]\" \/>\n<meta property=\"og:url\" content=\"https:\/\/novice.si\/page\/celjsko-literarno-drustvo-v-pazinu-zastopalo-slovenijo\/\" \/>\n<meta property=\"og:site_name\" content=\"Novice.si\" \/>\n<meta property=\"article:published_time\" content=\"2023-11-03T07:12:48+00:00\" \/>\n<meta property=\"og:image\" content=\"https:\/\/novice.si\/page\/wp-content\/uploads\/2023\/11\/396613877_354479726977592_5137687730348617084_n.jpg\" \/>\n\t<meta property=\"og:image:width\" content=\"1200\" \/>\n\t<meta property=\"og:image:height\" content=\"900\" \/>\n\t<meta property=\"og:image:type\" content=\"image\/jpeg\" \/>\n<meta name=\"author\" content=\"Uredni\u0161tvo Celjana\" \/>\n<meta name=\"twitter:card\" content=\"summary_large_image\" \/>\n<meta name=\"twitter:label1\" content=\"Written by\" \/>\n\t<meta name=\"twitter:data1\" content=\"Uredni\u0161tvo Celjana\" \/>\n\t<meta name=\"twitter:label2\" content=\"Est. reading time\" \/>\n\t<meta name=\"twitter:data2\" content=\"1 minuta\" \/>\n<script type=\"application\/ld+json\" class=\"yoast-schema-graph\">{\"@context\":\"https:\\\/\\\/schema.org\",\"@graph\":[{\"@type\":\"Article\",\"@id\":\"https:\\\/\\\/novice.si\\\/page\\\/celjsko-literarno-drustvo-v-pazinu-zastopalo-slovenijo\\\/#article\",\"isPartOf\":{\"@id\":\"https:\\\/\\\/novice.si\\\/page\\\/celjsko-literarno-drustvo-v-pazinu-zastopalo-slovenijo\\\/\"},\"author\":{\"name\":\"Uredni\u0161tvo Celjana\",\"@id\":\"https:\\\/\\\/novice.si\\\/page\\\/#\\\/schema\\\/person\\\/51903923b50fefb075bc1cd24fe4d065\"},\"headline\":\"Celjsko literarno dru\u0161tvo v Pazinu zastopalo Slovenijo\",\"datePublished\":\"2023-11-03T07:12:48+00:00\",\"mainEntityOfPage\":{\"@id\":\"https:\\\/\\\/novice.si\\\/page\\\/celjsko-literarno-drustvo-v-pazinu-zastopalo-slovenijo\\\/\"},\"wordCount\":188,\"publisher\":{\"@id\":\"https:\\\/\\\/novice.si\\\/page\\\/#organization\"},\"image\":{\"@id\":\"https:\\\/\\\/novice.si\\\/page\\\/celjsko-literarno-drustvo-v-pazinu-zastopalo-slovenijo\\\/#primaryimage\"},\"thumbnailUrl\":\"https:\\\/\\\/novice.si\\\/page\\\/wp-content\\\/uploads\\\/2023\\\/11\\\/396613877_354479726977592_5137687730348617084_n.jpg\",\"keywords\":[\"Andrej Ivanu\u0161a\",\"Bojan Ekselenski\",\"Festival fantazijske knji\u017eevnosti\",\"Pazin\"],\"articleSection\":[\"Aktualno\",\"Celjsko\"],\"inLanguage\":\"sl-SI\"},{\"@type\":\"WebPage\",\"@id\":\"https:\\\/\\\/novice.si\\\/page\\\/celjsko-literarno-drustvo-v-pazinu-zastopalo-slovenijo\\\/\",\"url\":\"https:\\\/\\\/novice.si\\\/page\\\/celjsko-literarno-drustvo-v-pazinu-zastopalo-slovenijo\\\/\",\"name\":\"Celjsko literarno dru\u0161tvo v Pazinu zastopalo Slovenijo - Novice.si\",\"isPartOf\":{\"@id\":\"https:\\\/\\\/novice.si\\\/page\\\/#website\"},\"primaryImageOfPage\":{\"@id\":\"https:\\\/\\\/novice.si\\\/page\\\/celjsko-literarno-drustvo-v-pazinu-zastopalo-slovenijo\\\/#primaryimage\"},\"image\":{\"@id\":\"https:\\\/\\\/novice.si\\\/page\\\/celjsko-literarno-drustvo-v-pazinu-zastopalo-slovenijo\\\/#primaryimage\"},\"thumbnailUrl\":\"https:\\\/\\\/novice.si\\\/page\\\/wp-content\\\/uploads\\\/2023\\\/11\\\/396613877_354479726977592_5137687730348617084_n.jpg\",\"datePublished\":\"2023-11-03T07:12:48+00:00\",\"breadcrumb\":{\"@id\":\"https:\\\/\\\/novice.si\\\/page\\\/celjsko-literarno-drustvo-v-pazinu-zastopalo-slovenijo\\\/#breadcrumb\"},\"inLanguage\":\"sl-SI\",\"potentialAction\":[{\"@type\":\"ReadAction\",\"target\":[\"https:\\\/\\\/novice.si\\\/page\\\/celjsko-literarno-drustvo-v-pazinu-zastopalo-slovenijo\\\/\"]}]},{\"@type\":\"ImageObject\",\"inLanguage\":\"sl-SI\",\"@id\":\"https:\\\/\\\/novice.si\\\/page\\\/celjsko-literarno-drustvo-v-pazinu-zastopalo-slovenijo\\\/#primaryimage\",\"url\":\"https:\\\/\\\/novice.si\\\/page\\\/wp-content\\\/uploads\\\/2023\\\/11\\\/396613877_354479726977592_5137687730348617084_n.jpg\",\"contentUrl\":\"https:\\\/\\\/novice.si\\\/page\\\/wp-content\\\/uploads\\\/2023\\\/11\\\/396613877_354479726977592_5137687730348617084_n.jpg\",\"width\":1200,\"height\":900},{\"@type\":\"BreadcrumbList\",\"@id\":\"https:\\\/\\\/novice.si\\\/page\\\/celjsko-literarno-drustvo-v-pazinu-zastopalo-slovenijo\\\/#breadcrumb\",\"itemListElement\":[{\"@type\":\"ListItem\",\"position\":1,\"name\":\"Home\",\"item\":\"https:\\\/\\\/novice.si\\\/page\\\/\"},{\"@type\":\"ListItem\",\"position\":2,\"name\":\"Celjsko literarno dru\u0161tvo v Pazinu zastopalo Slovenijo\"}]},{\"@type\":\"WebSite\",\"@id\":\"https:\\\/\\\/novice.si\\\/page\\\/#website\",\"url\":\"https:\\\/\\\/novice.si\\\/page\\\/\",\"name\":\"Novice.si\",\"description\":\"\",\"publisher\":{\"@id\":\"https:\\\/\\\/novice.si\\\/page\\\/#organization\"},\"potentialAction\":[{\"@type\":\"SearchAction\",\"target\":{\"@type\":\"EntryPoint\",\"urlTemplate\":\"https:\\\/\\\/novice.si\\\/page\\\/?s={search_term_string}\"},\"query-input\":{\"@type\":\"PropertyValueSpecification\",\"valueRequired\":true,\"valueName\":\"search_term_string\"}}],\"inLanguage\":\"sl-SI\"},{\"@type\":\"Organization\",\"@id\":\"https:\\\/\\\/novice.si\\\/page\\\/#organization\",\"name\":\"Novice.si\",\"url\":\"https:\\\/\\\/novice.si\\\/page\\\/\",\"logo\":{\"@type\":\"ImageObject\",\"inLanguage\":\"sl-SI\",\"@id\":\"https:\\\/\\\/novice.si\\\/page\\\/#\\\/schema\\\/logo\\\/image\\\/\",\"url\":\"https:\\\/\\\/novice.si\\\/page\\\/wp-content\\\/uploads\\\/2023\\\/03\\\/novice_si.png\",\"contentUrl\":\"https:\\\/\\\/novice.si\\\/page\\\/wp-content\\\/uploads\\\/2023\\\/03\\\/novice_si.png\",\"width\":576,\"height\":200,\"caption\":\"Novice.si\"},\"image\":{\"@id\":\"https:\\\/\\\/novice.si\\\/page\\\/#\\\/schema\\\/logo\\\/image\\\/\"}},{\"@type\":\"Person\",\"@id\":\"https:\\\/\\\/novice.si\\\/page\\\/#\\\/schema\\\/person\\\/51903923b50fefb075bc1cd24fe4d065\",\"name\":\"Uredni\u0161tvo Celjana\",\"image\":{\"@type\":\"ImageObject\",\"inLanguage\":\"sl-SI\",\"@id\":\"https:\\\/\\\/secure.gravatar.com\\\/avatar\\\/b516f102aa90b53619e09722b8ea56721c99bfcb4f1035f9b333d99f52330226?s=96&d=mm&r=g\",\"url\":\"https:\\\/\\\/secure.gravatar.com\\\/avatar\\\/b516f102aa90b53619e09722b8ea56721c99bfcb4f1035f9b333d99f52330226?s=96&d=mm&r=g\",\"contentUrl\":\"https:\\\/\\\/secure.gravatar.com\\\/avatar\\\/b516f102aa90b53619e09722b8ea56721c99bfcb4f1035f9b333d99f52330226?s=96&d=mm&r=g\",\"caption\":\"Uredni\u0161tvo Celjana\"},\"url\":\"https:\\\/\\\/novice.si\\\/page\\\/author\\\/nejc\\\/\"}]}<\/script>\n<!-- \/ Yoast SEO plugin. -->","yoast_head_json":{"title":"Celjsko literarno dru\u0161tvo v Pazinu zastopalo Slovenijo - Novice.si","robots":{"index":"index","follow":"follow","max-snippet":"max-snippet:-1","max-image-preview":"max-image-preview:large","max-video-preview":"max-video-preview:-1"},"canonical":"https:\/\/novice.si\/page\/celjsko-literarno-drustvo-v-pazinu-zastopalo-slovenijo\/","og_locale":"sl_SI","og_type":"article","og_title":"Celjsko literarno dru\u0161tvo v Pazinu zastopalo Slovenijo - Novice.si","og_description":"Celjsko literarno dru\u0161tvo je letos prvi\u010d sodelovalo na Festivalu fantazijske knji\u017eevnosti v Pazinu. Bojan Ekselenski in Andrej Ivanu\u0161a sta tam predstavila slovensko fantastiko. Da gre za festival z dolgoletno tradicijo, dokazuje dejstvo, da je leto\u0161njo jesen dogodek potekal \u017ee 21. Festival vsako leto znova zdru\u017euje avtorice in avtorje iz obmo\u010dja biv\u0161e Jugoslavije, ki ustvarjajo knji\u017eevnost [&hellip;]","og_url":"https:\/\/novice.si\/page\/celjsko-literarno-drustvo-v-pazinu-zastopalo-slovenijo\/","og_site_name":"Novice.si","article_published_time":"2023-11-03T07:12:48+00:00","og_image":[{"width":1200,"height":900,"url":"https:\/\/novice.si\/page\/wp-content\/uploads\/2023\/11\/396613877_354479726977592_5137687730348617084_n.jpg","type":"image\/jpeg"}],"author":"Uredni\u0161tvo Celjana","twitter_card":"summary_large_image","twitter_misc":{"Written by":"Uredni\u0161tvo Celjana","Est. reading time":"1 minuta"},"schema":{"@context":"https:\/\/schema.org","@graph":[{"@type":"Article","@id":"https:\/\/novice.si\/page\/celjsko-literarno-drustvo-v-pazinu-zastopalo-slovenijo\/#article","isPartOf":{"@id":"https:\/\/novice.si\/page\/celjsko-literarno-drustvo-v-pazinu-zastopalo-slovenijo\/"},"author":{"name":"Uredni\u0161tvo Celjana","@id":"https:\/\/novice.si\/page\/#\/schema\/person\/51903923b50fefb075bc1cd24fe4d065"},"headline":"Celjsko literarno dru\u0161tvo v Pazinu zastopalo Slovenijo","datePublished":"2023-11-03T07:12:48+00:00","mainEntityOfPage":{"@id":"https:\/\/novice.si\/page\/celjsko-literarno-drustvo-v-pazinu-zastopalo-slovenijo\/"},"wordCount":188,"publisher":{"@id":"https:\/\/novice.si\/page\/#organization"},"image":{"@id":"https:\/\/novice.si\/page\/celjsko-literarno-drustvo-v-pazinu-zastopalo-slovenijo\/#primaryimage"},"thumbnailUrl":"https:\/\/novice.si\/page\/wp-content\/uploads\/2023\/11\/396613877_354479726977592_5137687730348617084_n.jpg","keywords":["Andrej Ivanu\u0161a","Bojan Ekselenski","Festival fantazijske knji\u017eevnosti","Pazin"],"articleSection":["Aktualno","Celjsko"],"inLanguage":"sl-SI"},{"@type":"WebPage","@id":"https:\/\/novice.si\/page\/celjsko-literarno-drustvo-v-pazinu-zastopalo-slovenijo\/","url":"https:\/\/novice.si\/page\/celjsko-literarno-drustvo-v-pazinu-zastopalo-slovenijo\/","name":"Celjsko literarno dru\u0161tvo v Pazinu zastopalo Slovenijo - Novice.si","isPartOf":{"@id":"https:\/\/novice.si\/page\/#website"},"primaryImageOfPage":{"@id":"https:\/\/novice.si\/page\/celjsko-literarno-drustvo-v-pazinu-zastopalo-slovenijo\/#primaryimage"},"image":{"@id":"https:\/\/novice.si\/page\/celjsko-literarno-drustvo-v-pazinu-zastopalo-slovenijo\/#primaryimage"},"thumbnailUrl":"https:\/\/novice.si\/page\/wp-content\/uploads\/2023\/11\/396613877_354479726977592_5137687730348617084_n.jpg","datePublished":"2023-11-03T07:12:48+00:00","breadcrumb":{"@id":"https:\/\/novice.si\/page\/celjsko-literarno-drustvo-v-pazinu-zastopalo-slovenijo\/#breadcrumb"},"inLanguage":"sl-SI","potentialAction":[{"@type":"ReadAction","target":["https:\/\/novice.si\/page\/celjsko-literarno-drustvo-v-pazinu-zastopalo-slovenijo\/"]}]},{"@type":"ImageObject","inLanguage":"sl-SI","@id":"https:\/\/novice.si\/page\/celjsko-literarno-drustvo-v-pazinu-zastopalo-slovenijo\/#primaryimage","url":"https:\/\/novice.si\/page\/wp-content\/uploads\/2023\/11\/396613877_354479726977592_5137687730348617084_n.jpg","contentUrl":"https:\/\/novice.si\/page\/wp-content\/uploads\/2023\/11\/396613877_354479726977592_5137687730348617084_n.jpg","width":1200,"height":900},{"@type":"BreadcrumbList","@id":"https:\/\/novice.si\/page\/celjsko-literarno-drustvo-v-pazinu-zastopalo-slovenijo\/#breadcrumb","itemListElement":[{"@type":"ListItem","position":1,"name":"Home","item":"https:\/\/novice.si\/page\/"},{"@type":"ListItem","position":2,"name":"Celjsko literarno dru\u0161tvo v Pazinu zastopalo Slovenijo"}]},{"@type":"WebSite","@id":"https:\/\/novice.si\/page\/#website","url":"https:\/\/novice.si\/page\/","name":"Novice.si","description":"","publisher":{"@id":"https:\/\/novice.si\/page\/#organization"},"potentialAction":[{"@type":"SearchAction","target":{"@type":"EntryPoint","urlTemplate":"https:\/\/novice.si\/page\/?s={search_term_string}"},"query-input":{"@type":"PropertyValueSpecification","valueRequired":true,"valueName":"search_term_string"}}],"inLanguage":"sl-SI"},{"@type":"Organization","@id":"https:\/\/novice.si\/page\/#organization","name":"Novice.si","url":"https:\/\/novice.si\/page\/","logo":{"@type":"ImageObject","inLanguage":"sl-SI","@id":"https:\/\/novice.si\/page\/#\/schema\/logo\/image\/","url":"https:\/\/novice.si\/page\/wp-content\/uploads\/2023\/03\/novice_si.png","contentUrl":"https:\/\/novice.si\/page\/wp-content\/uploads\/2023\/03\/novice_si.png","width":576,"height":200,"caption":"Novice.si"},"image":{"@id":"https:\/\/novice.si\/page\/#\/schema\/logo\/image\/"}},{"@type":"Person","@id":"https:\/\/novice.si\/page\/#\/schema\/person\/51903923b50fefb075bc1cd24fe4d065","name":"Uredni\u0161tvo Celjana","image":{"@type":"ImageObject","inLanguage":"sl-SI","@id":"https:\/\/secure.gravatar.com\/avatar\/b516f102aa90b53619e09722b8ea56721c99bfcb4f1035f9b333d99f52330226?s=96&d=mm&r=g","url":"https:\/\/secure.gravatar.com\/avatar\/b516f102aa90b53619e09722b8ea56721c99bfcb4f1035f9b333d99f52330226?s=96&d=mm&r=g","contentUrl":"https:\/\/secure.gravatar.com\/avatar\/b516f102aa90b53619e09722b8ea56721c99bfcb4f1035f9b333d99f52330226?s=96&d=mm&r=g","caption":"Uredni\u0161tvo Celjana"},"url":"https:\/\/novice.si\/page\/author\/nejc\/"}]}},"_links":{"self":[{"href":"https:\/\/novice.si\/page\/wp-json\/wp\/v2\/posts\/168960","targetHints":{"allow":["GET"]}}],"collection":[{"href":"https:\/\/novice.si\/page\/wp-json\/wp\/v2\/posts"}],"about":[{"href":"https:\/\/novice.si\/page\/wp-json\/wp\/v2\/types\/post"}],"author":[{"embeddable":true,"href":"https:\/\/novice.si\/page\/wp-json\/wp\/v2\/users\/12"}],"replies":[{"embeddable":true,"href":"https:\/\/novice.si\/page\/wp-json\/wp\/v2\/comments?post=168960"}],"version-history":[{"count":1,"href":"https:\/\/novice.si\/page\/wp-json\/wp\/v2\/posts\/168960\/revisions"}],"predecessor-version":[{"id":168963,"href":"https:\/\/novice.si\/page\/wp-json\/wp\/v2\/posts\/168960\/revisions\/168963"}],"wp:featuredmedia":[{"embeddable":true,"href":"https:\/\/novice.si\/page\/wp-json\/wp\/v2\/media\/168961"}],"wp:attachment":[{"href":"https:\/\/novice.si\/page\/wp-json\/wp\/v2\/media?parent=168960"}],"wp:term":[{"taxonomy":"category","embeddable":true,"href":"https:\/\/novice.si\/page\/wp-json\/wp\/v2\/categories?post=168960"},{"taxonomy":"post_tag","embeddable":true,"href":"https:\/\/novice.si\/page\/wp-json\/wp\/v2\/tags?post=168960"}],"curies":[{"name":"wp","href":"https:\/\/api.w.org\/{rel}","templated":true}]}}