{"id":168951,"date":"2023-11-02T18:20:42","date_gmt":"2023-11-02T17:20:42","guid":{"rendered":"https:\/\/novice.si\/page\/?p=168951"},"modified":"2023-11-04T16:07:53","modified_gmt":"2023-11-04T15:07:53","slug":"kdaj-bodo-celjani-po-novi-progi-lahko-prekolesarili-v-sentjur-in-zalec","status":"publish","type":"post","link":"https:\/\/novice.si\/page\/kdaj-bodo-celjani-po-novi-progi-lahko-prekolesarili-v-sentjur-in-zalec\/","title":{"rendered":"Kdaj bodo Celjani po novi progi lahko prekolesarili v \u0160entjur in \u017dalec?"},"content":{"rendered":"<p>Skoraj leto in pol mineva od za\u010detka gradnje kolesarske povezave Celje \u2013 \u0160tore \u2013 \u0160entjur. V za\u010detku leto\u0161njega leta pa so za\u010deli \u0161e z gradnjo kolesarske poti na relaciji Celje \u2013 \u017dalec. Kako dale\u010d sta stezi in kdaj bosta predani svojemu namenu?<\/p>\n<p>\u00bbNa kolesarskih povezavah Celje \u2013 \u0160tore \u2013 \u0160entjur in Celje \u2013 \u017dalec so gradbena dela v polnem razmahu,\u00ab sporo\u010dajo z Mestne ob\u010dine Celje. Glede na potek del bosta stezi predani namenu na polovici prihodnjega leta. Dela na progah niso potekala nemoteno, v \u010dasu avgustovskih poplav je bila kolesarske povezava Celje \u2013 \u017dalec dele\u017ena kar nekaj po\u0161kodb.<\/p>\n<p>V Ob\u010dini \u0160entjur in v Mestni ob\u010dini Celje (z izjemo odseka pri Zgodovinskem arhivu Celje) so dela na kolesarski trasi v veliki meri \u017ee zaklju\u010dena. Trenutno gradbena dela potekajo predvsem na obmo\u010dju Ob\u010dine \u0160tore, pri mostovih Voglajna in God\u010devem mostu. Kolesarska povezava s \u0160entjurjem je ve\u010dinoma \u017ee asfaltirana \u2013 asfaltna prevleka manjka \u0161e na zadnjem odseku v sredi\u0161\u010du \u0160entjurja. Najve\u010d dela \u0161e \u010daka v \u0160torah in okolici.\u00a0 \u00bbSkoraj v celoti je kon\u010dana tudi \u017ee gradnja Mostu Hudinja 1 in \u017dikovski potok, dveh od predvidenih \u0161tirih mostov,\u00ab sporo\u010dajo s celjske ob\u010dine.<\/p>\n<p>Nekoliko ve\u010d dela je predvidenega na kolesarski Celje \u2013 \u017dalec, ki je bila v avgustovskih poplavah po\u0161kodovana. Tam je med drugim potrebna sanacija visokovodnih nasipov, po katerih poteka trasa.<\/p>\n<p>Iz Celja do \u0160entjurja se bo po novi progi mo\u017eno zapeljati konec junija, kolesarjenje po novi progi v smeri \u017dalca pa bo mo\u017eno mesec dni kasneje. (A. S.)<\/p>\n\r\n                <style type=\"text\/css\">\r\n                    \r\n                    #tdi_1  .td-doubleSlider-2 .td-item1 {\r\n                        background: url(https:\/\/novice.si\/page\/wp-content\/uploads\/2023\/11\/377152133_1961961827510358_3682248496093820022_n-80x60.jpg) 0 0 no-repeat;\r\n                    }\r\n                    #tdi_1  .td-doubleSlider-2 .td-item2 {\r\n                        background: url(https:\/\/novice.si\/page\/wp-content\/uploads\/2023\/11\/371505714_1190545628327283_5706360115105960287_n-80x60.jpg) 0 0 no-repeat;\r\n                    }\r\n                    #tdi_1  .td-doubleSlider-2 .td-item3 {\r\n                        background: url(https:\/\/novice.si\/page\/wp-content\/uploads\/2023\/11\/385531689_1816255945493223_5772974395769558361_n-80x60.jpg) 0 0 no-repeat;\r\n                    }\r\n                    #tdi_1  .td-doubleSlider-2 .td-item4 {\r\n                        background: url(https:\/\/novice.si\/page\/wp-content\/uploads\/2023\/11\/396625515_1050170612682962_6917372543070251301_n-80x60.jpg) 0 0 no-repeat;\r\n                    }\r\n                <\/style>\r\n\r\n                <div id=\"tdi_1\" class=\"td-gallery td-slide-on-2-columns\">\r\n                    <div class=\"post_td_gallery\">\r\n                        <div class=\"td-gallery-slide-top\">\r\n                           <div class=\"td-gallery-title\"><\/div>\r\n\r\n                            <div class=\"td-gallery-controls-wrapper\">\r\n                                <div class=\"td-gallery-slide-count\"><span class=\"td-gallery-slide-item-focus\">1<\/span> od 4<\/div>\r\n                                <div class=\"td-gallery-slide-prev-next-but\">\r\n                                    <i class = \"td-icon-left doubleSliderPrevButton\"><\/i>\r\n                                    <i class = \"td-icon-right doubleSliderNextButton\"><\/i>\r\n                                <\/div>\r\n                            <\/div>\r\n                        <\/div>\r\n\r\n                        <div class = \"td-doubleSlider-1 \">\r\n                            <div class = \"td-slider\">\r\n                                \r\n                    <div class = \"td-slide-item td-item1\">\r\n                        <figure class=\"td-slide-galery-figure td-slide-popup-gallery\">\r\n                            <a class=\"slide-gallery-image-link\" href=\"https:\/\/novice.si\/page\/wp-content\/uploads\/2023\/11\/377152133_1961961827510358_3682248496093820022_n.jpg\" title=\"377152133_1961961827510358_3682248496093820022_n\"  data-caption=\"Gradnja brvi pri \u0160pici (Foto: MOC)\"  data-description=\"\" data-gallery>\r\n                                <img decoding=\"async\" src=\"https:\/\/novice.si\/page\/wp-content\/uploads\/2023\/11\/377152133_1961961827510358_3682248496093820022_n-560x420.jpg\" srcset=\"https:\/\/novice.si\/page\/wp-content\/uploads\/2023\/11\/377152133_1961961827510358_3682248496093820022_n-560x420.jpg 560w, https:\/\/novice.si\/page\/wp-content\/uploads\/2023\/11\/377152133_1961961827510358_3682248496093820022_n-600x450.jpg 600w, https:\/\/novice.si\/page\/wp-content\/uploads\/2023\/11\/377152133_1961961827510358_3682248496093820022_n-1024x768.jpg 1024w, https:\/\/novice.si\/page\/wp-content\/uploads\/2023\/11\/377152133_1961961827510358_3682248496093820022_n-768x576.jpg 768w, https:\/\/novice.si\/page\/wp-content\/uploads\/2023\/11\/377152133_1961961827510358_3682248496093820022_n-1536x1152.jpg 1536w, https:\/\/novice.si\/page\/wp-content\/uploads\/2023\/11\/377152133_1961961827510358_3682248496093820022_n-80x60.jpg 80w, https:\/\/novice.si\/page\/wp-content\/uploads\/2023\/11\/377152133_1961961827510358_3682248496093820022_n-265x198.jpg 265w, https:\/\/novice.si\/page\/wp-content\/uploads\/2023\/11\/377152133_1961961827510358_3682248496093820022_n-696x522.jpg 696w, https:\/\/novice.si\/page\/wp-content\/uploads\/2023\/11\/377152133_1961961827510358_3682248496093820022_n-1068x801.jpg 1068w, https:\/\/novice.si\/page\/wp-content\/uploads\/2023\/11\/377152133_1961961827510358_3682248496093820022_n-1920x1440.jpg 1920w, https:\/\/novice.si\/page\/wp-content\/uploads\/2023\/11\/377152133_1961961827510358_3682248496093820022_n-24x18.jpg 24w, https:\/\/novice.si\/page\/wp-content\/uploads\/2023\/11\/377152133_1961961827510358_3682248496093820022_n-36x27.jpg 36w, https:\/\/novice.si\/page\/wp-content\/uploads\/2023\/11\/377152133_1961961827510358_3682248496093820022_n-48x36.jpg 48w, https:\/\/novice.si\/page\/wp-content\/uploads\/2023\/11\/377152133_1961961827510358_3682248496093820022_n.jpg 2000w\" sizes=\"(max-width: 560px) 100vw, 560px\" alt=\"\">\r\n                            <\/a>\r\n                            <figcaption class = \"td-slide-caption td-gallery-slide-content\"><div class = \"td-gallery-slide-copywrite\">Gradnja brvi pri \u0160pici (Foto: MOC)<\/div><\/figcaption>\r\n                        <\/figure>\r\n                    <\/div>\r\n                    <div class = \"td-slide-item td-item2\">\r\n                        <figure class=\"td-slide-galery-figure td-slide-popup-gallery\">\r\n                            <a class=\"slide-gallery-image-link\" href=\"https:\/\/novice.si\/page\/wp-content\/uploads\/2023\/11\/371505714_1190545628327283_5706360115105960287_n.jpg\" title=\"371505714_1190545628327283_5706360115105960287_n\"  data-caption=\"Gradnja brvi pri \u0160pici (Foto: MOC)\"  data-description=\"\" data-gallery>\r\n                                <img decoding=\"async\" src=\"https:\/\/novice.si\/page\/wp-content\/uploads\/2023\/11\/371505714_1190545628327283_5706360115105960287_n-560x420.jpg\" srcset=\"https:\/\/novice.si\/page\/wp-content\/uploads\/2023\/11\/371505714_1190545628327283_5706360115105960287_n-560x420.jpg 560w, https:\/\/novice.si\/page\/wp-content\/uploads\/2023\/11\/371505714_1190545628327283_5706360115105960287_n-600x450.jpg 600w, https:\/\/novice.si\/page\/wp-content\/uploads\/2023\/11\/371505714_1190545628327283_5706360115105960287_n-1024x768.jpg 1024w, https:\/\/novice.si\/page\/wp-content\/uploads\/2023\/11\/371505714_1190545628327283_5706360115105960287_n-768x576.jpg 768w, https:\/\/novice.si\/page\/wp-content\/uploads\/2023\/11\/371505714_1190545628327283_5706360115105960287_n-1536x1152.jpg 1536w, https:\/\/novice.si\/page\/wp-content\/uploads\/2023\/11\/371505714_1190545628327283_5706360115105960287_n-80x60.jpg 80w, https:\/\/novice.si\/page\/wp-content\/uploads\/2023\/11\/371505714_1190545628327283_5706360115105960287_n-265x198.jpg 265w, https:\/\/novice.si\/page\/wp-content\/uploads\/2023\/11\/371505714_1190545628327283_5706360115105960287_n-696x522.jpg 696w, https:\/\/novice.si\/page\/wp-content\/uploads\/2023\/11\/371505714_1190545628327283_5706360115105960287_n-1068x801.jpg 1068w, https:\/\/novice.si\/page\/wp-content\/uploads\/2023\/11\/371505714_1190545628327283_5706360115105960287_n-1920x1440.jpg 1920w, https:\/\/novice.si\/page\/wp-content\/uploads\/2023\/11\/371505714_1190545628327283_5706360115105960287_n-24x18.jpg 24w, https:\/\/novice.si\/page\/wp-content\/uploads\/2023\/11\/371505714_1190545628327283_5706360115105960287_n-36x27.jpg 36w, https:\/\/novice.si\/page\/wp-content\/uploads\/2023\/11\/371505714_1190545628327283_5706360115105960287_n-48x36.jpg 48w, https:\/\/novice.si\/page\/wp-content\/uploads\/2023\/11\/371505714_1190545628327283_5706360115105960287_n.jpg 2000w\" sizes=\"(max-width: 560px) 100vw, 560px\" alt=\"\">\r\n                            <\/a>\r\n                            <figcaption class = \"td-slide-caption td-gallery-slide-content\"><div class = \"td-gallery-slide-copywrite\">Gradnja brvi pri \u0160pici (Foto: MOC)<\/div><\/figcaption>\r\n                        <\/figure>\r\n                    <\/div>\r\n                    <div class = \"td-slide-item td-item3\">\r\n                        <figure class=\"td-slide-galery-figure td-slide-popup-gallery\">\r\n                            <a class=\"slide-gallery-image-link\" href=\"https:\/\/novice.si\/page\/wp-content\/uploads\/2023\/11\/385531689_1816255945493223_5772974395769558361_n.jpg\" title=\"385531689_1816255945493223_5772974395769558361_n\"  data-caption=\"Gradnja brvi pri \u0160pici (Foto: MOC)\"  data-description=\"\" data-gallery>\r\n                                <img decoding=\"async\" src=\"https:\/\/novice.si\/page\/wp-content\/uploads\/2023\/11\/385531689_1816255945493223_5772974395769558361_n-560x420.jpg\" srcset=\"https:\/\/novice.si\/page\/wp-content\/uploads\/2023\/11\/385531689_1816255945493223_5772974395769558361_n-560x420.jpg 560w, https:\/\/novice.si\/page\/wp-content\/uploads\/2023\/11\/385531689_1816255945493223_5772974395769558361_n-600x450.jpg 600w, https:\/\/novice.si\/page\/wp-content\/uploads\/2023\/11\/385531689_1816255945493223_5772974395769558361_n-1024x768.jpg 1024w, https:\/\/novice.si\/page\/wp-content\/uploads\/2023\/11\/385531689_1816255945493223_5772974395769558361_n-768x576.jpg 768w, https:\/\/novice.si\/page\/wp-content\/uploads\/2023\/11\/385531689_1816255945493223_5772974395769558361_n-1536x1152.jpg 1536w, https:\/\/novice.si\/page\/wp-content\/uploads\/2023\/11\/385531689_1816255945493223_5772974395769558361_n-80x60.jpg 80w, https:\/\/novice.si\/page\/wp-content\/uploads\/2023\/11\/385531689_1816255945493223_5772974395769558361_n-265x198.jpg 265w, https:\/\/novice.si\/page\/wp-content\/uploads\/2023\/11\/385531689_1816255945493223_5772974395769558361_n-696x522.jpg 696w, https:\/\/novice.si\/page\/wp-content\/uploads\/2023\/11\/385531689_1816255945493223_5772974395769558361_n-1068x801.jpg 1068w, https:\/\/novice.si\/page\/wp-content\/uploads\/2023\/11\/385531689_1816255945493223_5772974395769558361_n-1920x1440.jpg 1920w, https:\/\/novice.si\/page\/wp-content\/uploads\/2023\/11\/385531689_1816255945493223_5772974395769558361_n-24x18.jpg 24w, https:\/\/novice.si\/page\/wp-content\/uploads\/2023\/11\/385531689_1816255945493223_5772974395769558361_n-36x27.jpg 36w, https:\/\/novice.si\/page\/wp-content\/uploads\/2023\/11\/385531689_1816255945493223_5772974395769558361_n-48x36.jpg 48w, https:\/\/novice.si\/page\/wp-content\/uploads\/2023\/11\/385531689_1816255945493223_5772974395769558361_n.jpg 2000w\" sizes=\"(max-width: 560px) 100vw, 560px\" alt=\"\">\r\n                            <\/a>\r\n                            <figcaption class = \"td-slide-caption td-gallery-slide-content\"><div class = \"td-gallery-slide-copywrite\">Gradnja brvi pri \u0160pici (Foto: MOC)<\/div><\/figcaption>\r\n                        <\/figure>\r\n                    <\/div>\r\n                    <div class = \"td-slide-item td-item4\">\r\n                        <figure class=\"td-slide-galery-figure td-slide-popup-gallery\">\r\n                            <a class=\"slide-gallery-image-link\" href=\"https:\/\/novice.si\/page\/wp-content\/uploads\/2023\/11\/396625515_1050170612682962_6917372543070251301_n.jpg\" title=\"396625515_1050170612682962_6917372543070251301_n\"  data-caption=\"Gradnja mostu \u010dez Voglajno v Ob\u010dini \u0160tore (Foto: VOC)\"  data-description=\"\" data-gallery>\r\n                                <img decoding=\"async\" src=\"https:\/\/novice.si\/page\/wp-content\/uploads\/2023\/11\/396625515_1050170612682962_6917372543070251301_n-933x420.jpg\" srcset=\"https:\/\/novice.si\/page\/wp-content\/uploads\/2023\/11\/396625515_1050170612682962_6917372543070251301_n-933x420.jpg 933w, https:\/\/novice.si\/page\/wp-content\/uploads\/2023\/11\/396625515_1050170612682962_6917372543070251301_n-600x270.jpg 600w, https:\/\/novice.si\/page\/wp-content\/uploads\/2023\/11\/396625515_1050170612682962_6917372543070251301_n-1024x461.jpg 1024w, https:\/\/novice.si\/page\/wp-content\/uploads\/2023\/11\/396625515_1050170612682962_6917372543070251301_n-768x346.jpg 768w, https:\/\/novice.si\/page\/wp-content\/uploads\/2023\/11\/396625515_1050170612682962_6917372543070251301_n-1536x691.jpg 1536w, https:\/\/novice.si\/page\/wp-content\/uploads\/2023\/11\/396625515_1050170612682962_6917372543070251301_n-696x313.jpg 696w, https:\/\/novice.si\/page\/wp-content\/uploads\/2023\/11\/396625515_1050170612682962_6917372543070251301_n-1068x481.jpg 1068w, https:\/\/novice.si\/page\/wp-content\/uploads\/2023\/11\/396625515_1050170612682962_6917372543070251301_n-24x11.jpg 24w, https:\/\/novice.si\/page\/wp-content\/uploads\/2023\/11\/396625515_1050170612682962_6917372543070251301_n-36x16.jpg 36w, https:\/\/novice.si\/page\/wp-content\/uploads\/2023\/11\/396625515_1050170612682962_6917372543070251301_n-48x22.jpg 48w, https:\/\/novice.si\/page\/wp-content\/uploads\/2023\/11\/396625515_1050170612682962_6917372543070251301_n.jpg 1600w\" sizes=\"(max-width: 933px) 100vw, 933px\" alt=\"\">\r\n                            <\/a>\r\n                            <figcaption class = \"td-slide-caption td-gallery-slide-content\"><div class = \"td-gallery-slide-copywrite\">Gradnja mostu \u010dez Voglajno v Ob\u010dini \u0160tore (Foto: VOC)<\/div><\/figcaption>\r\n                        <\/figure>\r\n                    <\/div>\r\n                            <\/div>\r\n                        <\/div>\r\n\r\n                        <div class = \"td-doubleSlider-2\">\r\n                            <div class = \"td-slider\">\r\n                                \r\n                    <div class = \"td-button td-item1\">\r\n                        <div class = \"td-border\"><\/div>\r\n                    <\/div>\r\n                    <div class = \"td-button td-item2\">\r\n                        <div class = \"td-border\"><\/div>\r\n                    <\/div>\r\n                    <div class = \"td-button td-item3\">\r\n                        <div class = \"td-border\"><\/div>\r\n                    <\/div>\r\n                    <div class = \"td-button td-item4\">\r\n                        <div class = \"td-border\"><\/div>\r\n                    <\/div>\r\n                            <\/div>\r\n                        <\/div>\r\n\r\n                    <\/div>\r\n\r\n                <\/div>\r\n                \n<p>&nbsp;<\/p>\n","protected":false},"excerpt":{"rendered":"<p>Skoraj leto in pol mineva od za\u010detka gradnje kolesarske povezave Celje \u2013 \u0160tore \u2013 \u0160entjur. V za\u010detku leto\u0161njega leta pa so za\u010deli \u0161e z gradnjo kolesarske poti na relaciji Celje \u2013 \u017dalec. Kako dale\u010d sta stezi in kdaj bosta predani svojemu namenu? \u00bbNa kolesarskih povezavah Celje \u2013 \u0160tore \u2013 \u0160entjur in Celje \u2013 \u017dalec so [&hellip;]<\/p>\n","protected":false},"author":12,"featured_media":168955,"comment_status":"closed","ping_status":"closed","sticky":false,"template":"","format":"standard","meta":{"footnotes":""},"categories":[14,17],"tags":[19081,19082,19080],"class_list":{"0":"post-168951","1":"post","2":"type-post","3":"status-publish","4":"format-standard","5":"has-post-thumbnail","7":"category-aktualno","8":"category-celjsko","9":"tag-celje-sentjur","10":"tag-celje-zalec","11":"tag-kolesarske-povezace"},"yoast_head":"<!-- This site is optimized with the Yoast SEO plugin v27.4 - https:\/\/yoast.com\/product\/yoast-seo-wordpress\/ -->\n<title>Kdaj bodo Celjani po novi progi lahko prekolesarili v \u0160entjur in \u017dalec? - Novice.si<\/title>\n<meta name=\"robots\" content=\"index, follow, max-snippet:-1, max-image-preview:large, max-video-preview:-1\" \/>\n<link rel=\"canonical\" href=\"https:\/\/novice.si\/page\/kdaj-bodo-celjani-po-novi-progi-lahko-prekolesarili-v-sentjur-in-zalec\/\" \/>\n<meta property=\"og:locale\" content=\"sl_SI\" \/>\n<meta property=\"og:type\" content=\"article\" \/>\n<meta property=\"og:title\" content=\"Kdaj bodo Celjani po novi progi lahko prekolesarili v \u0160entjur in \u017dalec? - Novice.si\" \/>\n<meta property=\"og:description\" content=\"Skoraj leto in pol mineva od za\u010detka gradnje kolesarske povezave Celje \u2013 \u0160tore \u2013 \u0160entjur. V za\u010detku leto\u0161njega leta pa so za\u010deli \u0161e z gradnjo kolesarske poti na relaciji Celje \u2013 \u017dalec. Kako dale\u010d sta stezi in kdaj bosta predani svojemu namenu? \u00bbNa kolesarskih povezavah Celje \u2013 \u0160tore \u2013 \u0160entjur in Celje \u2013 \u017dalec so [&hellip;]\" \/>\n<meta property=\"og:url\" content=\"https:\/\/novice.si\/page\/kdaj-bodo-celjani-po-novi-progi-lahko-prekolesarili-v-sentjur-in-zalec\/\" \/>\n<meta property=\"og:site_name\" content=\"Novice.si\" \/>\n<meta property=\"article:published_time\" content=\"2023-11-02T17:20:42+00:00\" \/>\n<meta property=\"article:modified_time\" content=\"2023-11-04T15:07:53+00:00\" \/>\n<meta property=\"og:image\" content=\"https:\/\/novice.si\/page\/wp-content\/uploads\/2023\/11\/396625515_1050170612682962_6917372543070251301_n.jpg\" \/>\n\t<meta property=\"og:image:width\" content=\"1600\" \/>\n\t<meta property=\"og:image:height\" content=\"720\" \/>\n\t<meta property=\"og:image:type\" content=\"image\/jpeg\" \/>\n<meta name=\"author\" content=\"Uredni\u0161tvo Celjana\" \/>\n<meta name=\"twitter:card\" content=\"summary_large_image\" \/>\n<meta name=\"twitter:label1\" content=\"Written by\" \/>\n\t<meta name=\"twitter:data1\" content=\"Uredni\u0161tvo Celjana\" \/>\n\t<meta name=\"twitter:label2\" content=\"Est. reading time\" \/>\n\t<meta name=\"twitter:data2\" content=\"2 minuti\" \/>\n<script type=\"application\/ld+json\" class=\"yoast-schema-graph\">{\"@context\":\"https:\\\/\\\/schema.org\",\"@graph\":[{\"@type\":\"Article\",\"@id\":\"https:\\\/\\\/novice.si\\\/page\\\/kdaj-bodo-celjani-po-novi-progi-lahko-prekolesarili-v-sentjur-in-zalec\\\/#article\",\"isPartOf\":{\"@id\":\"https:\\\/\\\/novice.si\\\/page\\\/kdaj-bodo-celjani-po-novi-progi-lahko-prekolesarili-v-sentjur-in-zalec\\\/\"},\"author\":{\"name\":\"Uredni\u0161tvo Celjana\",\"@id\":\"https:\\\/\\\/novice.si\\\/page\\\/#\\\/schema\\\/person\\\/51903923b50fefb075bc1cd24fe4d065\"},\"headline\":\"Kdaj bodo Celjani po novi progi lahko prekolesarili v \u0160entjur in \u017dalec?\",\"datePublished\":\"2023-11-02T17:20:42+00:00\",\"dateModified\":\"2023-11-04T15:07:53+00:00\",\"mainEntityOfPage\":{\"@id\":\"https:\\\/\\\/novice.si\\\/page\\\/kdaj-bodo-celjani-po-novi-progi-lahko-prekolesarili-v-sentjur-in-zalec\\\/\"},\"wordCount\":277,\"publisher\":{\"@id\":\"https:\\\/\\\/novice.si\\\/page\\\/#organization\"},\"image\":{\"@id\":\"https:\\\/\\\/novice.si\\\/page\\\/kdaj-bodo-celjani-po-novi-progi-lahko-prekolesarili-v-sentjur-in-zalec\\\/#primaryimage\"},\"thumbnailUrl\":\"https:\\\/\\\/novice.si\\\/page\\\/wp-content\\\/uploads\\\/2023\\\/11\\\/396625515_1050170612682962_6917372543070251301_n.jpg\",\"keywords\":[\"Celje - \u0160entjur\",\"Celje - \u017dalec\",\"kolesarske povezace\"],\"articleSection\":[\"Aktualno\",\"Celjsko\"],\"inLanguage\":\"sl-SI\"},{\"@type\":\"WebPage\",\"@id\":\"https:\\\/\\\/novice.si\\\/page\\\/kdaj-bodo-celjani-po-novi-progi-lahko-prekolesarili-v-sentjur-in-zalec\\\/\",\"url\":\"https:\\\/\\\/novice.si\\\/page\\\/kdaj-bodo-celjani-po-novi-progi-lahko-prekolesarili-v-sentjur-in-zalec\\\/\",\"name\":\"Kdaj bodo Celjani po novi progi lahko prekolesarili v \u0160entjur in \u017dalec? - Novice.si\",\"isPartOf\":{\"@id\":\"https:\\\/\\\/novice.si\\\/page\\\/#website\"},\"primaryImageOfPage\":{\"@id\":\"https:\\\/\\\/novice.si\\\/page\\\/kdaj-bodo-celjani-po-novi-progi-lahko-prekolesarili-v-sentjur-in-zalec\\\/#primaryimage\"},\"image\":{\"@id\":\"https:\\\/\\\/novice.si\\\/page\\\/kdaj-bodo-celjani-po-novi-progi-lahko-prekolesarili-v-sentjur-in-zalec\\\/#primaryimage\"},\"thumbnailUrl\":\"https:\\\/\\\/novice.si\\\/page\\\/wp-content\\\/uploads\\\/2023\\\/11\\\/396625515_1050170612682962_6917372543070251301_n.jpg\",\"datePublished\":\"2023-11-02T17:20:42+00:00\",\"dateModified\":\"2023-11-04T15:07:53+00:00\",\"breadcrumb\":{\"@id\":\"https:\\\/\\\/novice.si\\\/page\\\/kdaj-bodo-celjani-po-novi-progi-lahko-prekolesarili-v-sentjur-in-zalec\\\/#breadcrumb\"},\"inLanguage\":\"sl-SI\",\"potentialAction\":[{\"@type\":\"ReadAction\",\"target\":[\"https:\\\/\\\/novice.si\\\/page\\\/kdaj-bodo-celjani-po-novi-progi-lahko-prekolesarili-v-sentjur-in-zalec\\\/\"]}]},{\"@type\":\"ImageObject\",\"inLanguage\":\"sl-SI\",\"@id\":\"https:\\\/\\\/novice.si\\\/page\\\/kdaj-bodo-celjani-po-novi-progi-lahko-prekolesarili-v-sentjur-in-zalec\\\/#primaryimage\",\"url\":\"https:\\\/\\\/novice.si\\\/page\\\/wp-content\\\/uploads\\\/2023\\\/11\\\/396625515_1050170612682962_6917372543070251301_n.jpg\",\"contentUrl\":\"https:\\\/\\\/novice.si\\\/page\\\/wp-content\\\/uploads\\\/2023\\\/11\\\/396625515_1050170612682962_6917372543070251301_n.jpg\",\"width\":1600,\"height\":720,\"caption\":\"Gradnja mostu \u010dez Voglajno v Ob\u010dini \u0160tore (Foto: VOC)\"},{\"@type\":\"BreadcrumbList\",\"@id\":\"https:\\\/\\\/novice.si\\\/page\\\/kdaj-bodo-celjani-po-novi-progi-lahko-prekolesarili-v-sentjur-in-zalec\\\/#breadcrumb\",\"itemListElement\":[{\"@type\":\"ListItem\",\"position\":1,\"name\":\"Home\",\"item\":\"https:\\\/\\\/novice.si\\\/page\\\/\"},{\"@type\":\"ListItem\",\"position\":2,\"name\":\"Kdaj bodo Celjani po novi progi lahko prekolesarili v \u0160entjur in \u017dalec?\"}]},{\"@type\":\"WebSite\",\"@id\":\"https:\\\/\\\/novice.si\\\/page\\\/#website\",\"url\":\"https:\\\/\\\/novice.si\\\/page\\\/\",\"name\":\"Novice.si\",\"description\":\"\",\"publisher\":{\"@id\":\"https:\\\/\\\/novice.si\\\/page\\\/#organization\"},\"potentialAction\":[{\"@type\":\"SearchAction\",\"target\":{\"@type\":\"EntryPoint\",\"urlTemplate\":\"https:\\\/\\\/novice.si\\\/page\\\/?s={search_term_string}\"},\"query-input\":{\"@type\":\"PropertyValueSpecification\",\"valueRequired\":true,\"valueName\":\"search_term_string\"}}],\"inLanguage\":\"sl-SI\"},{\"@type\":\"Organization\",\"@id\":\"https:\\\/\\\/novice.si\\\/page\\\/#organization\",\"name\":\"Novice.si\",\"url\":\"https:\\\/\\\/novice.si\\\/page\\\/\",\"logo\":{\"@type\":\"ImageObject\",\"inLanguage\":\"sl-SI\",\"@id\":\"https:\\\/\\\/novice.si\\\/page\\\/#\\\/schema\\\/logo\\\/image\\\/\",\"url\":\"https:\\\/\\\/novice.si\\\/page\\\/wp-content\\\/uploads\\\/2023\\\/03\\\/novice_si.png\",\"contentUrl\":\"https:\\\/\\\/novice.si\\\/page\\\/wp-content\\\/uploads\\\/2023\\\/03\\\/novice_si.png\",\"width\":576,\"height\":200,\"caption\":\"Novice.si\"},\"image\":{\"@id\":\"https:\\\/\\\/novice.si\\\/page\\\/#\\\/schema\\\/logo\\\/image\\\/\"}},{\"@type\":\"Person\",\"@id\":\"https:\\\/\\\/novice.si\\\/page\\\/#\\\/schema\\\/person\\\/51903923b50fefb075bc1cd24fe4d065\",\"name\":\"Uredni\u0161tvo Celjana\",\"image\":{\"@type\":\"ImageObject\",\"inLanguage\":\"sl-SI\",\"@id\":\"https:\\\/\\\/secure.gravatar.com\\\/avatar\\\/b516f102aa90b53619e09722b8ea56721c99bfcb4f1035f9b333d99f52330226?s=96&d=mm&r=g\",\"url\":\"https:\\\/\\\/secure.gravatar.com\\\/avatar\\\/b516f102aa90b53619e09722b8ea56721c99bfcb4f1035f9b333d99f52330226?s=96&d=mm&r=g\",\"contentUrl\":\"https:\\\/\\\/secure.gravatar.com\\\/avatar\\\/b516f102aa90b53619e09722b8ea56721c99bfcb4f1035f9b333d99f52330226?s=96&d=mm&r=g\",\"caption\":\"Uredni\u0161tvo Celjana\"},\"url\":\"https:\\\/\\\/novice.si\\\/page\\\/author\\\/nejc\\\/\"}]}<\/script>\n<!-- \/ Yoast SEO plugin. -->","yoast_head_json":{"title":"Kdaj bodo Celjani po novi progi lahko prekolesarili v \u0160entjur in \u017dalec? - Novice.si","robots":{"index":"index","follow":"follow","max-snippet":"max-snippet:-1","max-image-preview":"max-image-preview:large","max-video-preview":"max-video-preview:-1"},"canonical":"https:\/\/novice.si\/page\/kdaj-bodo-celjani-po-novi-progi-lahko-prekolesarili-v-sentjur-in-zalec\/","og_locale":"sl_SI","og_type":"article","og_title":"Kdaj bodo Celjani po novi progi lahko prekolesarili v \u0160entjur in \u017dalec? - Novice.si","og_description":"Skoraj leto in pol mineva od za\u010detka gradnje kolesarske povezave Celje \u2013 \u0160tore \u2013 \u0160entjur. V za\u010detku leto\u0161njega leta pa so za\u010deli \u0161e z gradnjo kolesarske poti na relaciji Celje \u2013 \u017dalec. Kako dale\u010d sta stezi in kdaj bosta predani svojemu namenu? \u00bbNa kolesarskih povezavah Celje \u2013 \u0160tore \u2013 \u0160entjur in Celje \u2013 \u017dalec so [&hellip;]","og_url":"https:\/\/novice.si\/page\/kdaj-bodo-celjani-po-novi-progi-lahko-prekolesarili-v-sentjur-in-zalec\/","og_site_name":"Novice.si","article_published_time":"2023-11-02T17:20:42+00:00","article_modified_time":"2023-11-04T15:07:53+00:00","og_image":[{"width":1600,"height":720,"url":"https:\/\/novice.si\/page\/wp-content\/uploads\/2023\/11\/396625515_1050170612682962_6917372543070251301_n.jpg","type":"image\/jpeg"}],"author":"Uredni\u0161tvo Celjana","twitter_card":"summary_large_image","twitter_misc":{"Written by":"Uredni\u0161tvo Celjana","Est. reading time":"2 minuti"},"schema":{"@context":"https:\/\/schema.org","@graph":[{"@type":"Article","@id":"https:\/\/novice.si\/page\/kdaj-bodo-celjani-po-novi-progi-lahko-prekolesarili-v-sentjur-in-zalec\/#article","isPartOf":{"@id":"https:\/\/novice.si\/page\/kdaj-bodo-celjani-po-novi-progi-lahko-prekolesarili-v-sentjur-in-zalec\/"},"author":{"name":"Uredni\u0161tvo Celjana","@id":"https:\/\/novice.si\/page\/#\/schema\/person\/51903923b50fefb075bc1cd24fe4d065"},"headline":"Kdaj bodo Celjani po novi progi lahko prekolesarili v \u0160entjur in \u017dalec?","datePublished":"2023-11-02T17:20:42+00:00","dateModified":"2023-11-04T15:07:53+00:00","mainEntityOfPage":{"@id":"https:\/\/novice.si\/page\/kdaj-bodo-celjani-po-novi-progi-lahko-prekolesarili-v-sentjur-in-zalec\/"},"wordCount":277,"publisher":{"@id":"https:\/\/novice.si\/page\/#organization"},"image":{"@id":"https:\/\/novice.si\/page\/kdaj-bodo-celjani-po-novi-progi-lahko-prekolesarili-v-sentjur-in-zalec\/#primaryimage"},"thumbnailUrl":"https:\/\/novice.si\/page\/wp-content\/uploads\/2023\/11\/396625515_1050170612682962_6917372543070251301_n.jpg","keywords":["Celje - \u0160entjur","Celje - \u017dalec","kolesarske povezace"],"articleSection":["Aktualno","Celjsko"],"inLanguage":"sl-SI"},{"@type":"WebPage","@id":"https:\/\/novice.si\/page\/kdaj-bodo-celjani-po-novi-progi-lahko-prekolesarili-v-sentjur-in-zalec\/","url":"https:\/\/novice.si\/page\/kdaj-bodo-celjani-po-novi-progi-lahko-prekolesarili-v-sentjur-in-zalec\/","name":"Kdaj bodo Celjani po novi progi lahko prekolesarili v \u0160entjur in \u017dalec? - Novice.si","isPartOf":{"@id":"https:\/\/novice.si\/page\/#website"},"primaryImageOfPage":{"@id":"https:\/\/novice.si\/page\/kdaj-bodo-celjani-po-novi-progi-lahko-prekolesarili-v-sentjur-in-zalec\/#primaryimage"},"image":{"@id":"https:\/\/novice.si\/page\/kdaj-bodo-celjani-po-novi-progi-lahko-prekolesarili-v-sentjur-in-zalec\/#primaryimage"},"thumbnailUrl":"https:\/\/novice.si\/page\/wp-content\/uploads\/2023\/11\/396625515_1050170612682962_6917372543070251301_n.jpg","datePublished":"2023-11-02T17:20:42+00:00","dateModified":"2023-11-04T15:07:53+00:00","breadcrumb":{"@id":"https:\/\/novice.si\/page\/kdaj-bodo-celjani-po-novi-progi-lahko-prekolesarili-v-sentjur-in-zalec\/#breadcrumb"},"inLanguage":"sl-SI","potentialAction":[{"@type":"ReadAction","target":["https:\/\/novice.si\/page\/kdaj-bodo-celjani-po-novi-progi-lahko-prekolesarili-v-sentjur-in-zalec\/"]}]},{"@type":"ImageObject","inLanguage":"sl-SI","@id":"https:\/\/novice.si\/page\/kdaj-bodo-celjani-po-novi-progi-lahko-prekolesarili-v-sentjur-in-zalec\/#primaryimage","url":"https:\/\/novice.si\/page\/wp-content\/uploads\/2023\/11\/396625515_1050170612682962_6917372543070251301_n.jpg","contentUrl":"https:\/\/novice.si\/page\/wp-content\/uploads\/2023\/11\/396625515_1050170612682962_6917372543070251301_n.jpg","width":1600,"height":720,"caption":"Gradnja mostu \u010dez Voglajno v Ob\u010dini \u0160tore (Foto: VOC)"},{"@type":"BreadcrumbList","@id":"https:\/\/novice.si\/page\/kdaj-bodo-celjani-po-novi-progi-lahko-prekolesarili-v-sentjur-in-zalec\/#breadcrumb","itemListElement":[{"@type":"ListItem","position":1,"name":"Home","item":"https:\/\/novice.si\/page\/"},{"@type":"ListItem","position":2,"name":"Kdaj bodo Celjani po novi progi lahko prekolesarili v \u0160entjur in \u017dalec?"}]},{"@type":"WebSite","@id":"https:\/\/novice.si\/page\/#website","url":"https:\/\/novice.si\/page\/","name":"Novice.si","description":"","publisher":{"@id":"https:\/\/novice.si\/page\/#organization"},"potentialAction":[{"@type":"SearchAction","target":{"@type":"EntryPoint","urlTemplate":"https:\/\/novice.si\/page\/?s={search_term_string}"},"query-input":{"@type":"PropertyValueSpecification","valueRequired":true,"valueName":"search_term_string"}}],"inLanguage":"sl-SI"},{"@type":"Organization","@id":"https:\/\/novice.si\/page\/#organization","name":"Novice.si","url":"https:\/\/novice.si\/page\/","logo":{"@type":"ImageObject","inLanguage":"sl-SI","@id":"https:\/\/novice.si\/page\/#\/schema\/logo\/image\/","url":"https:\/\/novice.si\/page\/wp-content\/uploads\/2023\/03\/novice_si.png","contentUrl":"https:\/\/novice.si\/page\/wp-content\/uploads\/2023\/03\/novice_si.png","width":576,"height":200,"caption":"Novice.si"},"image":{"@id":"https:\/\/novice.si\/page\/#\/schema\/logo\/image\/"}},{"@type":"Person","@id":"https:\/\/novice.si\/page\/#\/schema\/person\/51903923b50fefb075bc1cd24fe4d065","name":"Uredni\u0161tvo Celjana","image":{"@type":"ImageObject","inLanguage":"sl-SI","@id":"https:\/\/secure.gravatar.com\/avatar\/b516f102aa90b53619e09722b8ea56721c99bfcb4f1035f9b333d99f52330226?s=96&d=mm&r=g","url":"https:\/\/secure.gravatar.com\/avatar\/b516f102aa90b53619e09722b8ea56721c99bfcb4f1035f9b333d99f52330226?s=96&d=mm&r=g","contentUrl":"https:\/\/secure.gravatar.com\/avatar\/b516f102aa90b53619e09722b8ea56721c99bfcb4f1035f9b333d99f52330226?s=96&d=mm&r=g","caption":"Uredni\u0161tvo Celjana"},"url":"https:\/\/novice.si\/page\/author\/nejc\/"}]}},"_links":{"self":[{"href":"https:\/\/novice.si\/page\/wp-json\/wp\/v2\/posts\/168951","targetHints":{"allow":["GET"]}}],"collection":[{"href":"https:\/\/novice.si\/page\/wp-json\/wp\/v2\/posts"}],"about":[{"href":"https:\/\/novice.si\/page\/wp-json\/wp\/v2\/types\/post"}],"author":[{"embeddable":true,"href":"https:\/\/novice.si\/page\/wp-json\/wp\/v2\/users\/12"}],"replies":[{"embeddable":true,"href":"https:\/\/novice.si\/page\/wp-json\/wp\/v2\/comments?post=168951"}],"version-history":[{"count":2,"href":"https:\/\/novice.si\/page\/wp-json\/wp\/v2\/posts\/168951\/revisions"}],"predecessor-version":[{"id":169017,"href":"https:\/\/novice.si\/page\/wp-json\/wp\/v2\/posts\/168951\/revisions\/169017"}],"wp:featuredmedia":[{"embeddable":true,"href":"https:\/\/novice.si\/page\/wp-json\/wp\/v2\/media\/168955"}],"wp:attachment":[{"href":"https:\/\/novice.si\/page\/wp-json\/wp\/v2\/media?parent=168951"}],"wp:term":[{"taxonomy":"category","embeddable":true,"href":"https:\/\/novice.si\/page\/wp-json\/wp\/v2\/categories?post=168951"},{"taxonomy":"post_tag","embeddable":true,"href":"https:\/\/novice.si\/page\/wp-json\/wp\/v2\/tags?post=168951"}],"curies":[{"name":"wp","href":"https:\/\/api.w.org\/{rel}","templated":true}]}}