{"id":168786,"date":"2023-10-29T08:24:43","date_gmt":"2023-10-29T07:24:43","guid":{"rendered":"https:\/\/novice.si\/page\/?p=168786"},"modified":"2023-10-29T08:25:27","modified_gmt":"2023-10-29T07:25:27","slug":"v-rogaski-slatini-razglasili-najlepsi-sanson-in-podelili-jezkovi-nagradi","status":"publish","type":"post","link":"https:\/\/novice.si\/page\/v-rogaski-slatini-razglasili-najlepsi-sanson-in-podelili-jezkovi-nagradi\/","title":{"rendered":"V Roga\u0161ki Slatini razglasili najlep\u0161i \u0161anson in podelili Je\u017ekovi nagradi"},"content":{"rendered":"<p><strong>RTV Slovenija je sono\u010di v Roga\u0161ki Slatini sklenila celoletni Festival slovenskega \u0161ansona. Veliko nagrado za najbolj\u0161i \u0161anson v celoti je prejel Toma\u017e Hostnik za skladbo Dekle iz zlatih sanj. Na festivalu so podelili tudi Je\u017ekovi nagradi: za leto 2023 jo je prejel Toma\u017e Domicelj, za \u017eivljenjsko delo pa posthumno Sa\u0161o Hribar.<\/strong><\/p>\n<figure id=\"attachment_168787\" aria-describedby=\"caption-attachment-168787\" style=\"width: 311px\" class=\"wp-caption alignleft\"><img loading=\"lazy\" decoding=\"async\" class=\" wp-image-168787\" src=\"https:\/\/novice.si\/page\/wp-content\/uploads\/2023\/10\/66129193-600x400.jpg\" alt=\"\" width=\"311\" height=\"207\" srcset=\"https:\/\/novice.si\/page\/wp-content\/uploads\/2023\/10\/66129193-600x400.jpg 600w, https:\/\/novice.si\/page\/wp-content\/uploads\/2023\/10\/66129193-1024x683.jpg 1024w, https:\/\/novice.si\/page\/wp-content\/uploads\/2023\/10\/66129193-768x512.jpg 768w, https:\/\/novice.si\/page\/wp-content\/uploads\/2023\/10\/66129193-696x464.jpg 696w, https:\/\/novice.si\/page\/wp-content\/uploads\/2023\/10\/66129193-1068x712.jpg 1068w, https:\/\/novice.si\/page\/wp-content\/uploads\/2023\/10\/66129193-630x420.jpg 630w, https:\/\/novice.si\/page\/wp-content\/uploads\/2023\/10\/66129193-24x16.jpg 24w, https:\/\/novice.si\/page\/wp-content\/uploads\/2023\/10\/66129193-36x24.jpg 36w, https:\/\/novice.si\/page\/wp-content\/uploads\/2023\/10\/66129193-48x32.jpg 48w, https:\/\/novice.si\/page\/wp-content\/uploads\/2023\/10\/66129193.jpg 1200w\" sizes=\"auto, (max-width: 311px) 100vw, 311px\" \/><figcaption id=\"caption-attachment-168787\" class=\"wp-caption-text\">Foto: RTV SLO<\/figcaption><\/figure>\n<p>Zmagovalec festivala je poleg glavne nagrade prejel \u0161e nagrado za najbolj\u0161o glasbo. Nagrado za najbolj\u0161e besedilo je prejel <strong>Andrej Tom\u0161i\u010d<\/strong> za skladbo Bistro, nagrado za obetavnega avtorja oziroma izvajalca pa je dobila zasedba Zajtrk za \u0161anson Jera.<br \/>\n\u017dirija, ki je ocenjevala deset finalnih nastopov, so sestavljali pevka <strong>Mia \u017dnidari\u010d<\/strong>, multiinstrumentalist <strong>Bo\u0161tjan Gomba\u010d<\/strong>, skladatelj<strong> Leon Fir\u0161t<\/strong>, pisatelj <strong>Slavko Pregl<\/strong> in \u0161ansonjerka <strong>Vita Mavri\u010d<\/strong> kot predsednica, ki je med drugim ocenila, da je \u0161anson tudi ob vseprisotni komercialni glasbi \u017eiv in sve\u017e. Festival, ki spodbuja k ustvarjanju te zvrsti, pa je po njeni oceni lahko pokazatelj, kako veliko kreativnih ustvarjalcev premore Slovenija.<\/p>\n<p><strong>Dobitnika Je\u017ekove nagrade<\/strong><\/p>\n<p><img loading=\"lazy\" decoding=\"async\" class=\"wp-image-168788 alignleft\" src=\"https:\/\/novice.si\/page\/wp-content\/uploads\/2023\/10\/392860998_1024618975622895_1983878775168649726_n-600x374.jpg\" alt=\"\" width=\"258\" height=\"161\" srcset=\"https:\/\/novice.si\/page\/wp-content\/uploads\/2023\/10\/392860998_1024618975622895_1983878775168649726_n-600x374.jpg 600w, https:\/\/novice.si\/page\/wp-content\/uploads\/2023\/10\/392860998_1024618975622895_1983878775168649726_n-1024x639.jpg 1024w, https:\/\/novice.si\/page\/wp-content\/uploads\/2023\/10\/392860998_1024618975622895_1983878775168649726_n-768x479.jpg 768w, https:\/\/novice.si\/page\/wp-content\/uploads\/2023\/10\/392860998_1024618975622895_1983878775168649726_n-1536x959.jpg 1536w, https:\/\/novice.si\/page\/wp-content\/uploads\/2023\/10\/392860998_1024618975622895_1983878775168649726_n-696x434.jpg 696w, https:\/\/novice.si\/page\/wp-content\/uploads\/2023\/10\/392860998_1024618975622895_1983878775168649726_n-1068x666.jpg 1068w, https:\/\/novice.si\/page\/wp-content\/uploads\/2023\/10\/392860998_1024618975622895_1983878775168649726_n-673x420.jpg 673w, https:\/\/novice.si\/page\/wp-content\/uploads\/2023\/10\/392860998_1024618975622895_1983878775168649726_n-1920x1198.jpg 1920w, https:\/\/novice.si\/page\/wp-content\/uploads\/2023\/10\/392860998_1024618975622895_1983878775168649726_n-24x15.jpg 24w, https:\/\/novice.si\/page\/wp-content\/uploads\/2023\/10\/392860998_1024618975622895_1983878775168649726_n-36x22.jpg 36w, https:\/\/novice.si\/page\/wp-content\/uploads\/2023\/10\/392860998_1024618975622895_1983878775168649726_n-48x30.jpg 48w, https:\/\/novice.si\/page\/wp-content\/uploads\/2023\/10\/392860998_1024618975622895_1983878775168649726_n.jpg 2048w\" sizes=\"auto, (max-width: 258px) 100vw, 258px\" \/>Dobitnik Je\u017ekove nagrade za leto 2023 Domicelj je \u017ee ve\u010d kot 55 let stalnica na slovenskem popularnem glasbenem prizori\u0161\u010du. Slovencem je s prepesnitvami pribli\u017eal poezijo ameri\u0161kih in britanskih protestnih pesnikov in njihova \u017eivljenja. Za arhiv RTV Slovenija je nanizal ve\u010d kot 400 posnetkov, k tej \u0161tevilki pa je treba dodati \u0161e na stotine skladb na njegovih malih plo\u0161\u010dah, kasetah, albumih in kompilacijah ter posamezne koncerte.<br \/>\nZa \u017eivljenjsko delo pa je RTV Slovenija posthumno nagradila prvo ime oddaje Radio Ga-Ga Sa\u0161a Hribarja, edinstveno in enkratno osebnost slovenskega prostora z izjemno govorni\u0161ko spretnostjo, humanisti\u010dno \u0161irino, izvrstnimi igralskimi in imitacijskimi sposobnostmi ter s svojevrstnim domi\u0161ljijskim svetom. Bil je utemeljitelj imitacije v vlogi satire in najbolj prepoznavna radijska osebnost, ki se je zapisala v zgodovino razvedrilnih oddaj na Slovenskem. (STA, NK)<\/p>\n<p>&nbsp;<\/p>\n<p>&nbsp;<\/p>\n","protected":false},"excerpt":{"rendered":"<p>RTV Slovenija je sono\u010di v Roga\u0161ki Slatini sklenila celoletni Festival slovenskega \u0161ansona. Veliko nagrado za najbolj\u0161i \u0161anson v celoti je prejel Toma\u017e Hostnik za skladbo Dekle iz zlatih sanj. Na festivalu so podelili tudi Je\u017ekovi nagradi: za leto 2023 jo je prejel Toma\u017e Domicelj, za \u017eivljenjsko delo pa posthumno Sa\u0161o Hribar. Zmagovalec festivala je poleg [&hellip;]<\/p>\n","protected":false},"author":12,"featured_media":168788,"comment_status":"closed","ping_status":"closed","sticky":false,"template":"","format":"standard","meta":{"footnotes":""},"categories":[14,868,15,38,3108],"tags":[],"class_list":{"0":"post-168786","1":"post","2":"type-post","3":"status-publish","4":"format-standard","5":"has-post-thumbnail","7":"category-aktualno","8":"category-casopisi","9":"category-druzabno","10":"category-kozjansko","11":"category-radio-rogla"},"yoast_head":"<!-- This site is optimized with the Yoast SEO plugin v27.4 - https:\/\/yoast.com\/product\/yoast-seo-wordpress\/ -->\n<title>V Roga\u0161ki Slatini razglasili najlep\u0161i \u0161anson in podelili Je\u017ekovi nagradi - Novice.si<\/title>\n<meta name=\"robots\" content=\"index, follow, max-snippet:-1, max-image-preview:large, max-video-preview:-1\" \/>\n<link rel=\"canonical\" href=\"https:\/\/novice.si\/page\/v-rogaski-slatini-razglasili-najlepsi-sanson-in-podelili-jezkovi-nagradi\/\" \/>\n<meta property=\"og:locale\" content=\"sl_SI\" \/>\n<meta property=\"og:type\" content=\"article\" \/>\n<meta property=\"og:title\" content=\"V Roga\u0161ki Slatini razglasili najlep\u0161i \u0161anson in podelili Je\u017ekovi nagradi - Novice.si\" \/>\n<meta property=\"og:description\" content=\"RTV Slovenija je sono\u010di v Roga\u0161ki Slatini sklenila celoletni Festival slovenskega \u0161ansona. Veliko nagrado za najbolj\u0161i \u0161anson v celoti je prejel Toma\u017e Hostnik za skladbo Dekle iz zlatih sanj. Na festivalu so podelili tudi Je\u017ekovi nagradi: za leto 2023 jo je prejel Toma\u017e Domicelj, za \u017eivljenjsko delo pa posthumno Sa\u0161o Hribar. Zmagovalec festivala je poleg [&hellip;]\" \/>\n<meta property=\"og:url\" content=\"https:\/\/novice.si\/page\/v-rogaski-slatini-razglasili-najlepsi-sanson-in-podelili-jezkovi-nagradi\/\" \/>\n<meta property=\"og:site_name\" content=\"Novice.si\" \/>\n<meta property=\"article:published_time\" content=\"2023-10-29T07:24:43+00:00\" \/>\n<meta property=\"article:modified_time\" content=\"2023-10-29T07:25:27+00:00\" \/>\n<meta property=\"og:image\" content=\"https:\/\/novice.si\/page\/wp-content\/uploads\/2023\/10\/392860998_1024618975622895_1983878775168649726_n.jpg\" \/>\n\t<meta property=\"og:image:width\" content=\"2048\" \/>\n\t<meta property=\"og:image:height\" content=\"1278\" \/>\n\t<meta property=\"og:image:type\" content=\"image\/jpeg\" \/>\n<meta name=\"author\" content=\"Uredni\u0161tvo Celjana\" \/>\n<meta name=\"twitter:card\" content=\"summary_large_image\" \/>\n<meta name=\"twitter:label1\" content=\"Written by\" \/>\n\t<meta name=\"twitter:data1\" content=\"Uredni\u0161tvo Celjana\" \/>\n\t<meta name=\"twitter:label2\" content=\"Est. reading time\" \/>\n\t<meta name=\"twitter:data2\" content=\"2 minuti\" \/>\n<script type=\"application\/ld+json\" class=\"yoast-schema-graph\">{\"@context\":\"https:\\\/\\\/schema.org\",\"@graph\":[{\"@type\":\"Article\",\"@id\":\"https:\\\/\\\/novice.si\\\/page\\\/v-rogaski-slatini-razglasili-najlepsi-sanson-in-podelili-jezkovi-nagradi\\\/#article\",\"isPartOf\":{\"@id\":\"https:\\\/\\\/novice.si\\\/page\\\/v-rogaski-slatini-razglasili-najlepsi-sanson-in-podelili-jezkovi-nagradi\\\/\"},\"author\":{\"name\":\"Uredni\u0161tvo Celjana\",\"@id\":\"https:\\\/\\\/novice.si\\\/page\\\/#\\\/schema\\\/person\\\/51903923b50fefb075bc1cd24fe4d065\"},\"headline\":\"V Roga\u0161ki Slatini razglasili najlep\u0161i \u0161anson in podelili Je\u017ekovi nagradi\",\"datePublished\":\"2023-10-29T07:24:43+00:00\",\"dateModified\":\"2023-10-29T07:25:27+00:00\",\"mainEntityOfPage\":{\"@id\":\"https:\\\/\\\/novice.si\\\/page\\\/v-rogaski-slatini-razglasili-najlepsi-sanson-in-podelili-jezkovi-nagradi\\\/\"},\"wordCount\":322,\"publisher\":{\"@id\":\"https:\\\/\\\/novice.si\\\/page\\\/#organization\"},\"image\":{\"@id\":\"https:\\\/\\\/novice.si\\\/page\\\/v-rogaski-slatini-razglasili-najlepsi-sanson-in-podelili-jezkovi-nagradi\\\/#primaryimage\"},\"thumbnailUrl\":\"https:\\\/\\\/novice.si\\\/page\\\/wp-content\\\/uploads\\\/2023\\\/10\\\/392860998_1024618975622895_1983878775168649726_n.jpg\",\"articleSection\":[\"Aktualno\",\"\u010casopisi\",\"Dru\u017eabno\",\"Kozjansko\",\"Radio Rogla\"],\"inLanguage\":\"sl-SI\"},{\"@type\":\"WebPage\",\"@id\":\"https:\\\/\\\/novice.si\\\/page\\\/v-rogaski-slatini-razglasili-najlepsi-sanson-in-podelili-jezkovi-nagradi\\\/\",\"url\":\"https:\\\/\\\/novice.si\\\/page\\\/v-rogaski-slatini-razglasili-najlepsi-sanson-in-podelili-jezkovi-nagradi\\\/\",\"name\":\"V Roga\u0161ki Slatini razglasili najlep\u0161i \u0161anson in podelili Je\u017ekovi nagradi - Novice.si\",\"isPartOf\":{\"@id\":\"https:\\\/\\\/novice.si\\\/page\\\/#website\"},\"primaryImageOfPage\":{\"@id\":\"https:\\\/\\\/novice.si\\\/page\\\/v-rogaski-slatini-razglasili-najlepsi-sanson-in-podelili-jezkovi-nagradi\\\/#primaryimage\"},\"image\":{\"@id\":\"https:\\\/\\\/novice.si\\\/page\\\/v-rogaski-slatini-razglasili-najlepsi-sanson-in-podelili-jezkovi-nagradi\\\/#primaryimage\"},\"thumbnailUrl\":\"https:\\\/\\\/novice.si\\\/page\\\/wp-content\\\/uploads\\\/2023\\\/10\\\/392860998_1024618975622895_1983878775168649726_n.jpg\",\"datePublished\":\"2023-10-29T07:24:43+00:00\",\"dateModified\":\"2023-10-29T07:25:27+00:00\",\"breadcrumb\":{\"@id\":\"https:\\\/\\\/novice.si\\\/page\\\/v-rogaski-slatini-razglasili-najlepsi-sanson-in-podelili-jezkovi-nagradi\\\/#breadcrumb\"},\"inLanguage\":\"sl-SI\",\"potentialAction\":[{\"@type\":\"ReadAction\",\"target\":[\"https:\\\/\\\/novice.si\\\/page\\\/v-rogaski-slatini-razglasili-najlepsi-sanson-in-podelili-jezkovi-nagradi\\\/\"]}]},{\"@type\":\"ImageObject\",\"inLanguage\":\"sl-SI\",\"@id\":\"https:\\\/\\\/novice.si\\\/page\\\/v-rogaski-slatini-razglasili-najlepsi-sanson-in-podelili-jezkovi-nagradi\\\/#primaryimage\",\"url\":\"https:\\\/\\\/novice.si\\\/page\\\/wp-content\\\/uploads\\\/2023\\\/10\\\/392860998_1024618975622895_1983878775168649726_n.jpg\",\"contentUrl\":\"https:\\\/\\\/novice.si\\\/page\\\/wp-content\\\/uploads\\\/2023\\\/10\\\/392860998_1024618975622895_1983878775168649726_n.jpg\",\"width\":2048,\"height\":1278},{\"@type\":\"BreadcrumbList\",\"@id\":\"https:\\\/\\\/novice.si\\\/page\\\/v-rogaski-slatini-razglasili-najlepsi-sanson-in-podelili-jezkovi-nagradi\\\/#breadcrumb\",\"itemListElement\":[{\"@type\":\"ListItem\",\"position\":1,\"name\":\"Home\",\"item\":\"https:\\\/\\\/novice.si\\\/page\\\/\"},{\"@type\":\"ListItem\",\"position\":2,\"name\":\"V Roga\u0161ki Slatini razglasili najlep\u0161i \u0161anson in podelili Je\u017ekovi nagradi\"}]},{\"@type\":\"WebSite\",\"@id\":\"https:\\\/\\\/novice.si\\\/page\\\/#website\",\"url\":\"https:\\\/\\\/novice.si\\\/page\\\/\",\"name\":\"Novice.si\",\"description\":\"\",\"publisher\":{\"@id\":\"https:\\\/\\\/novice.si\\\/page\\\/#organization\"},\"potentialAction\":[{\"@type\":\"SearchAction\",\"target\":{\"@type\":\"EntryPoint\",\"urlTemplate\":\"https:\\\/\\\/novice.si\\\/page\\\/?s={search_term_string}\"},\"query-input\":{\"@type\":\"PropertyValueSpecification\",\"valueRequired\":true,\"valueName\":\"search_term_string\"}}],\"inLanguage\":\"sl-SI\"},{\"@type\":\"Organization\",\"@id\":\"https:\\\/\\\/novice.si\\\/page\\\/#organization\",\"name\":\"Novice.si\",\"url\":\"https:\\\/\\\/novice.si\\\/page\\\/\",\"logo\":{\"@type\":\"ImageObject\",\"inLanguage\":\"sl-SI\",\"@id\":\"https:\\\/\\\/novice.si\\\/page\\\/#\\\/schema\\\/logo\\\/image\\\/\",\"url\":\"https:\\\/\\\/novice.si\\\/page\\\/wp-content\\\/uploads\\\/2023\\\/03\\\/novice_si.png\",\"contentUrl\":\"https:\\\/\\\/novice.si\\\/page\\\/wp-content\\\/uploads\\\/2023\\\/03\\\/novice_si.png\",\"width\":576,\"height\":200,\"caption\":\"Novice.si\"},\"image\":{\"@id\":\"https:\\\/\\\/novice.si\\\/page\\\/#\\\/schema\\\/logo\\\/image\\\/\"}},{\"@type\":\"Person\",\"@id\":\"https:\\\/\\\/novice.si\\\/page\\\/#\\\/schema\\\/person\\\/51903923b50fefb075bc1cd24fe4d065\",\"name\":\"Uredni\u0161tvo Celjana\",\"image\":{\"@type\":\"ImageObject\",\"inLanguage\":\"sl-SI\",\"@id\":\"https:\\\/\\\/secure.gravatar.com\\\/avatar\\\/b516f102aa90b53619e09722b8ea56721c99bfcb4f1035f9b333d99f52330226?s=96&d=mm&r=g\",\"url\":\"https:\\\/\\\/secure.gravatar.com\\\/avatar\\\/b516f102aa90b53619e09722b8ea56721c99bfcb4f1035f9b333d99f52330226?s=96&d=mm&r=g\",\"contentUrl\":\"https:\\\/\\\/secure.gravatar.com\\\/avatar\\\/b516f102aa90b53619e09722b8ea56721c99bfcb4f1035f9b333d99f52330226?s=96&d=mm&r=g\",\"caption\":\"Uredni\u0161tvo Celjana\"},\"url\":\"https:\\\/\\\/novice.si\\\/page\\\/author\\\/nejc\\\/\"}]}<\/script>\n<!-- \/ Yoast SEO plugin. -->","yoast_head_json":{"title":"V Roga\u0161ki Slatini razglasili najlep\u0161i \u0161anson in podelili Je\u017ekovi nagradi - Novice.si","robots":{"index":"index","follow":"follow","max-snippet":"max-snippet:-1","max-image-preview":"max-image-preview:large","max-video-preview":"max-video-preview:-1"},"canonical":"https:\/\/novice.si\/page\/v-rogaski-slatini-razglasili-najlepsi-sanson-in-podelili-jezkovi-nagradi\/","og_locale":"sl_SI","og_type":"article","og_title":"V Roga\u0161ki Slatini razglasili najlep\u0161i \u0161anson in podelili Je\u017ekovi nagradi - Novice.si","og_description":"RTV Slovenija je sono\u010di v Roga\u0161ki Slatini sklenila celoletni Festival slovenskega \u0161ansona. Veliko nagrado za najbolj\u0161i \u0161anson v celoti je prejel Toma\u017e Hostnik za skladbo Dekle iz zlatih sanj. Na festivalu so podelili tudi Je\u017ekovi nagradi: za leto 2023 jo je prejel Toma\u017e Domicelj, za \u017eivljenjsko delo pa posthumno Sa\u0161o Hribar. Zmagovalec festivala je poleg [&hellip;]","og_url":"https:\/\/novice.si\/page\/v-rogaski-slatini-razglasili-najlepsi-sanson-in-podelili-jezkovi-nagradi\/","og_site_name":"Novice.si","article_published_time":"2023-10-29T07:24:43+00:00","article_modified_time":"2023-10-29T07:25:27+00:00","og_image":[{"width":2048,"height":1278,"url":"https:\/\/novice.si\/page\/wp-content\/uploads\/2023\/10\/392860998_1024618975622895_1983878775168649726_n.jpg","type":"image\/jpeg"}],"author":"Uredni\u0161tvo Celjana","twitter_card":"summary_large_image","twitter_misc":{"Written by":"Uredni\u0161tvo Celjana","Est. reading time":"2 minuti"},"schema":{"@context":"https:\/\/schema.org","@graph":[{"@type":"Article","@id":"https:\/\/novice.si\/page\/v-rogaski-slatini-razglasili-najlepsi-sanson-in-podelili-jezkovi-nagradi\/#article","isPartOf":{"@id":"https:\/\/novice.si\/page\/v-rogaski-slatini-razglasili-najlepsi-sanson-in-podelili-jezkovi-nagradi\/"},"author":{"name":"Uredni\u0161tvo Celjana","@id":"https:\/\/novice.si\/page\/#\/schema\/person\/51903923b50fefb075bc1cd24fe4d065"},"headline":"V Roga\u0161ki Slatini razglasili najlep\u0161i \u0161anson in podelili Je\u017ekovi nagradi","datePublished":"2023-10-29T07:24:43+00:00","dateModified":"2023-10-29T07:25:27+00:00","mainEntityOfPage":{"@id":"https:\/\/novice.si\/page\/v-rogaski-slatini-razglasili-najlepsi-sanson-in-podelili-jezkovi-nagradi\/"},"wordCount":322,"publisher":{"@id":"https:\/\/novice.si\/page\/#organization"},"image":{"@id":"https:\/\/novice.si\/page\/v-rogaski-slatini-razglasili-najlepsi-sanson-in-podelili-jezkovi-nagradi\/#primaryimage"},"thumbnailUrl":"https:\/\/novice.si\/page\/wp-content\/uploads\/2023\/10\/392860998_1024618975622895_1983878775168649726_n.jpg","articleSection":["Aktualno","\u010casopisi","Dru\u017eabno","Kozjansko","Radio Rogla"],"inLanguage":"sl-SI"},{"@type":"WebPage","@id":"https:\/\/novice.si\/page\/v-rogaski-slatini-razglasili-najlepsi-sanson-in-podelili-jezkovi-nagradi\/","url":"https:\/\/novice.si\/page\/v-rogaski-slatini-razglasili-najlepsi-sanson-in-podelili-jezkovi-nagradi\/","name":"V Roga\u0161ki Slatini razglasili najlep\u0161i \u0161anson in podelili Je\u017ekovi nagradi - Novice.si","isPartOf":{"@id":"https:\/\/novice.si\/page\/#website"},"primaryImageOfPage":{"@id":"https:\/\/novice.si\/page\/v-rogaski-slatini-razglasili-najlepsi-sanson-in-podelili-jezkovi-nagradi\/#primaryimage"},"image":{"@id":"https:\/\/novice.si\/page\/v-rogaski-slatini-razglasili-najlepsi-sanson-in-podelili-jezkovi-nagradi\/#primaryimage"},"thumbnailUrl":"https:\/\/novice.si\/page\/wp-content\/uploads\/2023\/10\/392860998_1024618975622895_1983878775168649726_n.jpg","datePublished":"2023-10-29T07:24:43+00:00","dateModified":"2023-10-29T07:25:27+00:00","breadcrumb":{"@id":"https:\/\/novice.si\/page\/v-rogaski-slatini-razglasili-najlepsi-sanson-in-podelili-jezkovi-nagradi\/#breadcrumb"},"inLanguage":"sl-SI","potentialAction":[{"@type":"ReadAction","target":["https:\/\/novice.si\/page\/v-rogaski-slatini-razglasili-najlepsi-sanson-in-podelili-jezkovi-nagradi\/"]}]},{"@type":"ImageObject","inLanguage":"sl-SI","@id":"https:\/\/novice.si\/page\/v-rogaski-slatini-razglasili-najlepsi-sanson-in-podelili-jezkovi-nagradi\/#primaryimage","url":"https:\/\/novice.si\/page\/wp-content\/uploads\/2023\/10\/392860998_1024618975622895_1983878775168649726_n.jpg","contentUrl":"https:\/\/novice.si\/page\/wp-content\/uploads\/2023\/10\/392860998_1024618975622895_1983878775168649726_n.jpg","width":2048,"height":1278},{"@type":"BreadcrumbList","@id":"https:\/\/novice.si\/page\/v-rogaski-slatini-razglasili-najlepsi-sanson-in-podelili-jezkovi-nagradi\/#breadcrumb","itemListElement":[{"@type":"ListItem","position":1,"name":"Home","item":"https:\/\/novice.si\/page\/"},{"@type":"ListItem","position":2,"name":"V Roga\u0161ki Slatini razglasili najlep\u0161i \u0161anson in podelili Je\u017ekovi nagradi"}]},{"@type":"WebSite","@id":"https:\/\/novice.si\/page\/#website","url":"https:\/\/novice.si\/page\/","name":"Novice.si","description":"","publisher":{"@id":"https:\/\/novice.si\/page\/#organization"},"potentialAction":[{"@type":"SearchAction","target":{"@type":"EntryPoint","urlTemplate":"https:\/\/novice.si\/page\/?s={search_term_string}"},"query-input":{"@type":"PropertyValueSpecification","valueRequired":true,"valueName":"search_term_string"}}],"inLanguage":"sl-SI"},{"@type":"Organization","@id":"https:\/\/novice.si\/page\/#organization","name":"Novice.si","url":"https:\/\/novice.si\/page\/","logo":{"@type":"ImageObject","inLanguage":"sl-SI","@id":"https:\/\/novice.si\/page\/#\/schema\/logo\/image\/","url":"https:\/\/novice.si\/page\/wp-content\/uploads\/2023\/03\/novice_si.png","contentUrl":"https:\/\/novice.si\/page\/wp-content\/uploads\/2023\/03\/novice_si.png","width":576,"height":200,"caption":"Novice.si"},"image":{"@id":"https:\/\/novice.si\/page\/#\/schema\/logo\/image\/"}},{"@type":"Person","@id":"https:\/\/novice.si\/page\/#\/schema\/person\/51903923b50fefb075bc1cd24fe4d065","name":"Uredni\u0161tvo Celjana","image":{"@type":"ImageObject","inLanguage":"sl-SI","@id":"https:\/\/secure.gravatar.com\/avatar\/b516f102aa90b53619e09722b8ea56721c99bfcb4f1035f9b333d99f52330226?s=96&d=mm&r=g","url":"https:\/\/secure.gravatar.com\/avatar\/b516f102aa90b53619e09722b8ea56721c99bfcb4f1035f9b333d99f52330226?s=96&d=mm&r=g","contentUrl":"https:\/\/secure.gravatar.com\/avatar\/b516f102aa90b53619e09722b8ea56721c99bfcb4f1035f9b333d99f52330226?s=96&d=mm&r=g","caption":"Uredni\u0161tvo Celjana"},"url":"https:\/\/novice.si\/page\/author\/nejc\/"}]}},"_links":{"self":[{"href":"https:\/\/novice.si\/page\/wp-json\/wp\/v2\/posts\/168786","targetHints":{"allow":["GET"]}}],"collection":[{"href":"https:\/\/novice.si\/page\/wp-json\/wp\/v2\/posts"}],"about":[{"href":"https:\/\/novice.si\/page\/wp-json\/wp\/v2\/types\/post"}],"author":[{"embeddable":true,"href":"https:\/\/novice.si\/page\/wp-json\/wp\/v2\/users\/12"}],"replies":[{"embeddable":true,"href":"https:\/\/novice.si\/page\/wp-json\/wp\/v2\/comments?post=168786"}],"version-history":[{"count":2,"href":"https:\/\/novice.si\/page\/wp-json\/wp\/v2\/posts\/168786\/revisions"}],"predecessor-version":[{"id":168790,"href":"https:\/\/novice.si\/page\/wp-json\/wp\/v2\/posts\/168786\/revisions\/168790"}],"wp:featuredmedia":[{"embeddable":true,"href":"https:\/\/novice.si\/page\/wp-json\/wp\/v2\/media\/168788"}],"wp:attachment":[{"href":"https:\/\/novice.si\/page\/wp-json\/wp\/v2\/media?parent=168786"}],"wp:term":[{"taxonomy":"category","embeddable":true,"href":"https:\/\/novice.si\/page\/wp-json\/wp\/v2\/categories?post=168786"},{"taxonomy":"post_tag","embeddable":true,"href":"https:\/\/novice.si\/page\/wp-json\/wp\/v2\/tags?post=168786"}],"curies":[{"name":"wp","href":"https:\/\/api.w.org\/{rel}","templated":true}]}}