{"id":168771,"date":"2023-10-27T08:39:04","date_gmt":"2023-10-27T06:39:04","guid":{"rendered":"https:\/\/novice.si\/page\/?p=168771"},"modified":"2023-10-27T08:39:04","modified_gmt":"2023-10-27T06:39:04","slug":"grobelno-mednarodni-kantavtorski-festival","status":"publish","type":"post","link":"https:\/\/novice.si\/page\/grobelno-mednarodni-kantavtorski-festival\/","title":{"rendered":"GROBELNO Mednarodni kantavtorski festival"},"content":{"rendered":"<p><img loading=\"lazy\" decoding=\"async\" class=\" wp-image-168773 alignleft\" src=\"https:\/\/novice.si\/page\/wp-content\/uploads\/2023\/10\/MAK2022-LR-photographylr.com-145-of-164-400x600.jpg\" alt=\"\" width=\"227\" height=\"341\" srcset=\"https:\/\/novice.si\/page\/wp-content\/uploads\/2023\/10\/MAK2022-LR-photographylr.com-145-of-164-400x600.jpg 400w, https:\/\/novice.si\/page\/wp-content\/uploads\/2023\/10\/MAK2022-LR-photographylr.com-145-of-164-683x1024.jpg 683w, https:\/\/novice.si\/page\/wp-content\/uploads\/2023\/10\/MAK2022-LR-photographylr.com-145-of-164-768x1152.jpg 768w, https:\/\/novice.si\/page\/wp-content\/uploads\/2023\/10\/MAK2022-LR-photographylr.com-145-of-164-1024x1536.jpg 1024w, https:\/\/novice.si\/page\/wp-content\/uploads\/2023\/10\/MAK2022-LR-photographylr.com-145-of-164-1365x2048.jpg 1365w, https:\/\/novice.si\/page\/wp-content\/uploads\/2023\/10\/MAK2022-LR-photographylr.com-145-of-164-696x1044.jpg 696w, https:\/\/novice.si\/page\/wp-content\/uploads\/2023\/10\/MAK2022-LR-photographylr.com-145-of-164-1068x1602.jpg 1068w, https:\/\/novice.si\/page\/wp-content\/uploads\/2023\/10\/MAK2022-LR-photographylr.com-145-of-164-280x420.jpg 280w, https:\/\/novice.si\/page\/wp-content\/uploads\/2023\/10\/MAK2022-LR-photographylr.com-145-of-164-1920x2880.jpg 1920w, https:\/\/novice.si\/page\/wp-content\/uploads\/2023\/10\/MAK2022-LR-photographylr.com-145-of-164-16x24.jpg 16w, https:\/\/novice.si\/page\/wp-content\/uploads\/2023\/10\/MAK2022-LR-photographylr.com-145-of-164-24x36.jpg 24w, https:\/\/novice.si\/page\/wp-content\/uploads\/2023\/10\/MAK2022-LR-photographylr.com-145-of-164-32x48.jpg 32w, https:\/\/novice.si\/page\/wp-content\/uploads\/2023\/10\/MAK2022-LR-photographylr.com-145-of-164-scaled.jpg 1707w\" sizes=\"auto, (max-width: 227px) 100vw, 227px\" \/> V Tratni pri Grobelnem bo jutri izzvenel trinajsti mednarodni kantavtorski festival. Na njem se je doslej predstavilo 60 avtorjev iz desetih dr\u017eav.<\/p>\n<p>Navkljub mednarodnemu zna\u010daju je poglavitni namen festivla MaK ponuditi prilo\u017enost doma\u010dim izvajalcem. Tako se bodo na festivalskem odru zvrstili <strong>Severa Gjurin<\/strong> ft. <strong>Dejan Lapajna<\/strong>, <strong>Balladero<\/strong>, <strong>Luka Gluvi\u010d<\/strong> in <strong>Matej Krajnc<\/strong> ter pri nas relativno neuveljavljeni hrva\u0161ki izvajalci <strong>Gordana Markovi\u0107<\/strong> ft. <strong>Tomislav Mihaljevi\u0107<\/strong> in <strong>Martin Ladika<\/strong>.<\/p>\n<p>Predsednik organizatorja Kulturnega dru\u0161tva Grobelno <strong>Gregor Po\u010dival\u0161ek<\/strong> pravi, da je izvajalcev te glasbene<img loading=\"lazy\" decoding=\"async\" class=\"wp-image-168772 alignright\" src=\"https:\/\/novice.si\/page\/wp-content\/uploads\/2023\/10\/MAK2022-LR-photographylr.com-39-of-164-400x600.jpg\" alt=\"\" width=\"195\" height=\"293\" srcset=\"https:\/\/novice.si\/page\/wp-content\/uploads\/2023\/10\/MAK2022-LR-photographylr.com-39-of-164-400x600.jpg 400w, https:\/\/novice.si\/page\/wp-content\/uploads\/2023\/10\/MAK2022-LR-photographylr.com-39-of-164-683x1024.jpg 683w, https:\/\/novice.si\/page\/wp-content\/uploads\/2023\/10\/MAK2022-LR-photographylr.com-39-of-164-768x1152.jpg 768w, https:\/\/novice.si\/page\/wp-content\/uploads\/2023\/10\/MAK2022-LR-photographylr.com-39-of-164-1024x1536.jpg 1024w, https:\/\/novice.si\/page\/wp-content\/uploads\/2023\/10\/MAK2022-LR-photographylr.com-39-of-164-1365x2048.jpg 1365w, https:\/\/novice.si\/page\/wp-content\/uploads\/2023\/10\/MAK2022-LR-photographylr.com-39-of-164-696x1044.jpg 696w, https:\/\/novice.si\/page\/wp-content\/uploads\/2023\/10\/MAK2022-LR-photographylr.com-39-of-164-1068x1602.jpg 1068w, https:\/\/novice.si\/page\/wp-content\/uploads\/2023\/10\/MAK2022-LR-photographylr.com-39-of-164-280x420.jpg 280w, https:\/\/novice.si\/page\/wp-content\/uploads\/2023\/10\/MAK2022-LR-photographylr.com-39-of-164-1920x2880.jpg 1920w, https:\/\/novice.si\/page\/wp-content\/uploads\/2023\/10\/MAK2022-LR-photographylr.com-39-of-164-16x24.jpg 16w, https:\/\/novice.si\/page\/wp-content\/uploads\/2023\/10\/MAK2022-LR-photographylr.com-39-of-164-24x36.jpg 24w, https:\/\/novice.si\/page\/wp-content\/uploads\/2023\/10\/MAK2022-LR-photographylr.com-39-of-164-32x48.jpg 32w, https:\/\/novice.si\/page\/wp-content\/uploads\/2023\/10\/MAK2022-LR-photographylr.com-39-of-164-scaled.jpg 1707w\" sizes=\"auto, (max-width: 195px) 100vw, 195px\" \/>zvrsti pri nas veliko, nimajo pa prilo\u017enosti za uveljavitev. \u00bbTako unikatnih kantavtorjev, kot je bil <strong>Toma\u017e Pengov<\/strong>, v slovenskem prostoru ni, se pa zvrst vseskozi razvija z ostalimi glasbenimi \u017eanri. Marsikdo uporablja tudi loop, neko\u010d so samo kitaro in vokal, poglavitna pa sta glasba in besedilo. Dobremu kantavtorstvu priti\u010de, da pripoveduje prvinske zgodbe, pa naj si bo to rap ali folk.\u00ab<\/p>\n<p>Po Po\u010dival\u0161kovem ljubitelji te zvrsti vselej najdejo na\u010din, kako odkriti to neposredno in iskreno glasbo, ki govori o \u017eivljenju, avtorji pa na\u010deloma tudi \u010drpajo iz lastnih vzgibov in izku\u0161enj ter to predajo v liri\u010dni in glasbeni formi.<\/p>\n<p>P\u0160, foto: Arhiv &#8211; Kulturna postaja KDG<\/p>\n","protected":false},"excerpt":{"rendered":"<p>V Tratni pri Grobelnem bo jutri izzvenel trinajsti mednarodni kantavtorski festival. Na njem se je doslej predstavilo 60 avtorjev iz desetih dr\u017eav. Navkljub mednarodnemu zna\u010daju je poglavitni namen festivla MaK ponuditi prilo\u017enost doma\u010dim izvajalcem. Tako se bodo na festivalskem odru zvrstili Severa Gjurin ft. Dejan Lapajna, Balladero, Luka Gluvi\u010d in Matej Krajnc ter pri nas [&hellip;]<\/p>\n","protected":false},"author":33,"featured_media":168774,"comment_status":"closed","ping_status":"closed","sticky":false,"template":"","format":"standard","meta":{"footnotes":""},"categories":[38,57],"tags":[19019,6088,19018,19021,19020],"class_list":{"0":"post-168771","1":"post","2":"type-post","3":"status-publish","4":"format-standard","5":"has-post-thumbnail","7":"category-kozjansko","8":"category-sentjursko","9":"tag-gregor-pocivalsek","10":"tag-mak","11":"tag-mednarodni-festival-kantavtorske-glasbe","12":"tag-severa-gjurin","13":"tag-tratna-pri-grobelnem"},"yoast_head":"<!-- This site is optimized with the Yoast SEO plugin v27.4 - https:\/\/yoast.com\/product\/yoast-seo-wordpress\/ -->\n<title>GROBELNO Mednarodni kantavtorski festival - Novice.si<\/title>\n<meta name=\"robots\" content=\"index, follow, max-snippet:-1, max-image-preview:large, max-video-preview:-1\" \/>\n<link rel=\"canonical\" href=\"https:\/\/novice.si\/page\/grobelno-mednarodni-kantavtorski-festival\/\" \/>\n<meta property=\"og:locale\" content=\"sl_SI\" \/>\n<meta property=\"og:type\" content=\"article\" \/>\n<meta property=\"og:title\" content=\"GROBELNO Mednarodni kantavtorski festival - Novice.si\" \/>\n<meta property=\"og:description\" content=\"V Tratni pri Grobelnem bo jutri izzvenel trinajsti mednarodni kantavtorski festival. Na njem se je doslej predstavilo 60 avtorjev iz desetih dr\u017eav. Navkljub mednarodnemu zna\u010daju je poglavitni namen festivla MaK ponuditi prilo\u017enost doma\u010dim izvajalcem. Tako se bodo na festivalskem odru zvrstili Severa Gjurin ft. Dejan Lapajna, Balladero, Luka Gluvi\u010d in Matej Krajnc ter pri nas [&hellip;]\" \/>\n<meta property=\"og:url\" content=\"https:\/\/novice.si\/page\/grobelno-mednarodni-kantavtorski-festival\/\" \/>\n<meta property=\"og:site_name\" content=\"Novice.si\" \/>\n<meta property=\"article:published_time\" content=\"2023-10-27T06:39:04+00:00\" \/>\n<meta property=\"og:image\" content=\"https:\/\/novice.si\/page\/wp-content\/uploads\/2023\/10\/MAK-66-scaled.jpg\" \/>\n\t<meta property=\"og:image:width\" content=\"2560\" \/>\n\t<meta property=\"og:image:height\" content=\"1707\" \/>\n\t<meta property=\"og:image:type\" content=\"image\/jpeg\" \/>\n<meta name=\"author\" content=\"Uredni\u0161tvo Celjana\" \/>\n<meta name=\"twitter:card\" content=\"summary_large_image\" \/>\n<meta name=\"twitter:label1\" content=\"Written by\" \/>\n\t<meta name=\"twitter:data1\" content=\"Uredni\u0161tvo Celjana\" \/>\n\t<meta name=\"twitter:label2\" content=\"Est. reading time\" \/>\n\t<meta name=\"twitter:data2\" content=\"2 minuti\" \/>\n<script type=\"application\/ld+json\" class=\"yoast-schema-graph\">{\"@context\":\"https:\\\/\\\/schema.org\",\"@graph\":[{\"@type\":\"Article\",\"@id\":\"https:\\\/\\\/novice.si\\\/page\\\/grobelno-mednarodni-kantavtorski-festival\\\/#article\",\"isPartOf\":{\"@id\":\"https:\\\/\\\/novice.si\\\/page\\\/grobelno-mednarodni-kantavtorski-festival\\\/\"},\"author\":{\"name\":\"Uredni\u0161tvo Celjana\",\"@id\":\"https:\\\/\\\/novice.si\\\/page\\\/#\\\/schema\\\/person\\\/57f25c9642a9541c7349c65d32032c3e\"},\"headline\":\"GROBELNO Mednarodni kantavtorski festival\",\"datePublished\":\"2023-10-27T06:39:04+00:00\",\"mainEntityOfPage\":{\"@id\":\"https:\\\/\\\/novice.si\\\/page\\\/grobelno-mednarodni-kantavtorski-festival\\\/\"},\"wordCount\":203,\"publisher\":{\"@id\":\"https:\\\/\\\/novice.si\\\/page\\\/#organization\"},\"image\":{\"@id\":\"https:\\\/\\\/novice.si\\\/page\\\/grobelno-mednarodni-kantavtorski-festival\\\/#primaryimage\"},\"thumbnailUrl\":\"https:\\\/\\\/novice.si\\\/page\\\/wp-content\\\/uploads\\\/2023\\\/10\\\/MAK-66-scaled.jpg\",\"keywords\":[\"gregor po\u010dival\u0161ek\",\"mak\",\"mednarodni festival kantavtorske glasbe\",\"Severa Gjurin\",\"Tratna pri Grobelnem\"],\"articleSection\":[\"Kozjansko\",\"\u0160entjursko\"],\"inLanguage\":\"sl-SI\"},{\"@type\":\"WebPage\",\"@id\":\"https:\\\/\\\/novice.si\\\/page\\\/grobelno-mednarodni-kantavtorski-festival\\\/\",\"url\":\"https:\\\/\\\/novice.si\\\/page\\\/grobelno-mednarodni-kantavtorski-festival\\\/\",\"name\":\"GROBELNO Mednarodni kantavtorski festival - Novice.si\",\"isPartOf\":{\"@id\":\"https:\\\/\\\/novice.si\\\/page\\\/#website\"},\"primaryImageOfPage\":{\"@id\":\"https:\\\/\\\/novice.si\\\/page\\\/grobelno-mednarodni-kantavtorski-festival\\\/#primaryimage\"},\"image\":{\"@id\":\"https:\\\/\\\/novice.si\\\/page\\\/grobelno-mednarodni-kantavtorski-festival\\\/#primaryimage\"},\"thumbnailUrl\":\"https:\\\/\\\/novice.si\\\/page\\\/wp-content\\\/uploads\\\/2023\\\/10\\\/MAK-66-scaled.jpg\",\"datePublished\":\"2023-10-27T06:39:04+00:00\",\"breadcrumb\":{\"@id\":\"https:\\\/\\\/novice.si\\\/page\\\/grobelno-mednarodni-kantavtorski-festival\\\/#breadcrumb\"},\"inLanguage\":\"sl-SI\",\"potentialAction\":[{\"@type\":\"ReadAction\",\"target\":[\"https:\\\/\\\/novice.si\\\/page\\\/grobelno-mednarodni-kantavtorski-festival\\\/\"]}]},{\"@type\":\"ImageObject\",\"inLanguage\":\"sl-SI\",\"@id\":\"https:\\\/\\\/novice.si\\\/page\\\/grobelno-mednarodni-kantavtorski-festival\\\/#primaryimage\",\"url\":\"https:\\\/\\\/novice.si\\\/page\\\/wp-content\\\/uploads\\\/2023\\\/10\\\/MAK-66-scaled.jpg\",\"contentUrl\":\"https:\\\/\\\/novice.si\\\/page\\\/wp-content\\\/uploads\\\/2023\\\/10\\\/MAK-66-scaled.jpg\",\"width\":2560,\"height\":1707},{\"@type\":\"BreadcrumbList\",\"@id\":\"https:\\\/\\\/novice.si\\\/page\\\/grobelno-mednarodni-kantavtorski-festival\\\/#breadcrumb\",\"itemListElement\":[{\"@type\":\"ListItem\",\"position\":1,\"name\":\"Home\",\"item\":\"https:\\\/\\\/novice.si\\\/page\\\/\"},{\"@type\":\"ListItem\",\"position\":2,\"name\":\"GROBELNO Mednarodni kantavtorski festival\"}]},{\"@type\":\"WebSite\",\"@id\":\"https:\\\/\\\/novice.si\\\/page\\\/#website\",\"url\":\"https:\\\/\\\/novice.si\\\/page\\\/\",\"name\":\"Novice.si\",\"description\":\"\",\"publisher\":{\"@id\":\"https:\\\/\\\/novice.si\\\/page\\\/#organization\"},\"potentialAction\":[{\"@type\":\"SearchAction\",\"target\":{\"@type\":\"EntryPoint\",\"urlTemplate\":\"https:\\\/\\\/novice.si\\\/page\\\/?s={search_term_string}\"},\"query-input\":{\"@type\":\"PropertyValueSpecification\",\"valueRequired\":true,\"valueName\":\"search_term_string\"}}],\"inLanguage\":\"sl-SI\"},{\"@type\":\"Organization\",\"@id\":\"https:\\\/\\\/novice.si\\\/page\\\/#organization\",\"name\":\"Novice.si\",\"url\":\"https:\\\/\\\/novice.si\\\/page\\\/\",\"logo\":{\"@type\":\"ImageObject\",\"inLanguage\":\"sl-SI\",\"@id\":\"https:\\\/\\\/novice.si\\\/page\\\/#\\\/schema\\\/logo\\\/image\\\/\",\"url\":\"https:\\\/\\\/novice.si\\\/page\\\/wp-content\\\/uploads\\\/2023\\\/03\\\/novice_si.png\",\"contentUrl\":\"https:\\\/\\\/novice.si\\\/page\\\/wp-content\\\/uploads\\\/2023\\\/03\\\/novice_si.png\",\"width\":576,\"height\":200,\"caption\":\"Novice.si\"},\"image\":{\"@id\":\"https:\\\/\\\/novice.si\\\/page\\\/#\\\/schema\\\/logo\\\/image\\\/\"}},{\"@type\":\"Person\",\"@id\":\"https:\\\/\\\/novice.si\\\/page\\\/#\\\/schema\\\/person\\\/57f25c9642a9541c7349c65d32032c3e\",\"name\":\"Uredni\u0161tvo Celjana\",\"image\":{\"@type\":\"ImageObject\",\"inLanguage\":\"sl-SI\",\"@id\":\"https:\\\/\\\/secure.gravatar.com\\\/avatar\\\/78e52bc4279b65f6df6345e0ef0f7b792d361361f230cf4ffecfe0afe6d5629c?s=96&d=mm&r=g\",\"url\":\"https:\\\/\\\/secure.gravatar.com\\\/avatar\\\/78e52bc4279b65f6df6345e0ef0f7b792d361361f230cf4ffecfe0afe6d5629c?s=96&d=mm&r=g\",\"contentUrl\":\"https:\\\/\\\/secure.gravatar.com\\\/avatar\\\/78e52bc4279b65f6df6345e0ef0f7b792d361361f230cf4ffecfe0afe6d5629c?s=96&d=mm&r=g\",\"caption\":\"Uredni\u0161tvo Celjana\"},\"url\":\"https:\\\/\\\/novice.si\\\/page\\\/author\\\/primoz\\\/\"}]}<\/script>\n<!-- \/ Yoast SEO plugin. -->","yoast_head_json":{"title":"GROBELNO Mednarodni kantavtorski festival - Novice.si","robots":{"index":"index","follow":"follow","max-snippet":"max-snippet:-1","max-image-preview":"max-image-preview:large","max-video-preview":"max-video-preview:-1"},"canonical":"https:\/\/novice.si\/page\/grobelno-mednarodni-kantavtorski-festival\/","og_locale":"sl_SI","og_type":"article","og_title":"GROBELNO Mednarodni kantavtorski festival - Novice.si","og_description":"V Tratni pri Grobelnem bo jutri izzvenel trinajsti mednarodni kantavtorski festival. Na njem se je doslej predstavilo 60 avtorjev iz desetih dr\u017eav. Navkljub mednarodnemu zna\u010daju je poglavitni namen festivla MaK ponuditi prilo\u017enost doma\u010dim izvajalcem. Tako se bodo na festivalskem odru zvrstili Severa Gjurin ft. Dejan Lapajna, Balladero, Luka Gluvi\u010d in Matej Krajnc ter pri nas [&hellip;]","og_url":"https:\/\/novice.si\/page\/grobelno-mednarodni-kantavtorski-festival\/","og_site_name":"Novice.si","article_published_time":"2023-10-27T06:39:04+00:00","og_image":[{"width":2560,"height":1707,"url":"https:\/\/novice.si\/page\/wp-content\/uploads\/2023\/10\/MAK-66-scaled.jpg","type":"image\/jpeg"}],"author":"Uredni\u0161tvo Celjana","twitter_card":"summary_large_image","twitter_misc":{"Written by":"Uredni\u0161tvo Celjana","Est. reading time":"2 minuti"},"schema":{"@context":"https:\/\/schema.org","@graph":[{"@type":"Article","@id":"https:\/\/novice.si\/page\/grobelno-mednarodni-kantavtorski-festival\/#article","isPartOf":{"@id":"https:\/\/novice.si\/page\/grobelno-mednarodni-kantavtorski-festival\/"},"author":{"name":"Uredni\u0161tvo Celjana","@id":"https:\/\/novice.si\/page\/#\/schema\/person\/57f25c9642a9541c7349c65d32032c3e"},"headline":"GROBELNO Mednarodni kantavtorski festival","datePublished":"2023-10-27T06:39:04+00:00","mainEntityOfPage":{"@id":"https:\/\/novice.si\/page\/grobelno-mednarodni-kantavtorski-festival\/"},"wordCount":203,"publisher":{"@id":"https:\/\/novice.si\/page\/#organization"},"image":{"@id":"https:\/\/novice.si\/page\/grobelno-mednarodni-kantavtorski-festival\/#primaryimage"},"thumbnailUrl":"https:\/\/novice.si\/page\/wp-content\/uploads\/2023\/10\/MAK-66-scaled.jpg","keywords":["gregor po\u010dival\u0161ek","mak","mednarodni festival kantavtorske glasbe","Severa Gjurin","Tratna pri Grobelnem"],"articleSection":["Kozjansko","\u0160entjursko"],"inLanguage":"sl-SI"},{"@type":"WebPage","@id":"https:\/\/novice.si\/page\/grobelno-mednarodni-kantavtorski-festival\/","url":"https:\/\/novice.si\/page\/grobelno-mednarodni-kantavtorski-festival\/","name":"GROBELNO Mednarodni kantavtorski festival - Novice.si","isPartOf":{"@id":"https:\/\/novice.si\/page\/#website"},"primaryImageOfPage":{"@id":"https:\/\/novice.si\/page\/grobelno-mednarodni-kantavtorski-festival\/#primaryimage"},"image":{"@id":"https:\/\/novice.si\/page\/grobelno-mednarodni-kantavtorski-festival\/#primaryimage"},"thumbnailUrl":"https:\/\/novice.si\/page\/wp-content\/uploads\/2023\/10\/MAK-66-scaled.jpg","datePublished":"2023-10-27T06:39:04+00:00","breadcrumb":{"@id":"https:\/\/novice.si\/page\/grobelno-mednarodni-kantavtorski-festival\/#breadcrumb"},"inLanguage":"sl-SI","potentialAction":[{"@type":"ReadAction","target":["https:\/\/novice.si\/page\/grobelno-mednarodni-kantavtorski-festival\/"]}]},{"@type":"ImageObject","inLanguage":"sl-SI","@id":"https:\/\/novice.si\/page\/grobelno-mednarodni-kantavtorski-festival\/#primaryimage","url":"https:\/\/novice.si\/page\/wp-content\/uploads\/2023\/10\/MAK-66-scaled.jpg","contentUrl":"https:\/\/novice.si\/page\/wp-content\/uploads\/2023\/10\/MAK-66-scaled.jpg","width":2560,"height":1707},{"@type":"BreadcrumbList","@id":"https:\/\/novice.si\/page\/grobelno-mednarodni-kantavtorski-festival\/#breadcrumb","itemListElement":[{"@type":"ListItem","position":1,"name":"Home","item":"https:\/\/novice.si\/page\/"},{"@type":"ListItem","position":2,"name":"GROBELNO Mednarodni kantavtorski festival"}]},{"@type":"WebSite","@id":"https:\/\/novice.si\/page\/#website","url":"https:\/\/novice.si\/page\/","name":"Novice.si","description":"","publisher":{"@id":"https:\/\/novice.si\/page\/#organization"},"potentialAction":[{"@type":"SearchAction","target":{"@type":"EntryPoint","urlTemplate":"https:\/\/novice.si\/page\/?s={search_term_string}"},"query-input":{"@type":"PropertyValueSpecification","valueRequired":true,"valueName":"search_term_string"}}],"inLanguage":"sl-SI"},{"@type":"Organization","@id":"https:\/\/novice.si\/page\/#organization","name":"Novice.si","url":"https:\/\/novice.si\/page\/","logo":{"@type":"ImageObject","inLanguage":"sl-SI","@id":"https:\/\/novice.si\/page\/#\/schema\/logo\/image\/","url":"https:\/\/novice.si\/page\/wp-content\/uploads\/2023\/03\/novice_si.png","contentUrl":"https:\/\/novice.si\/page\/wp-content\/uploads\/2023\/03\/novice_si.png","width":576,"height":200,"caption":"Novice.si"},"image":{"@id":"https:\/\/novice.si\/page\/#\/schema\/logo\/image\/"}},{"@type":"Person","@id":"https:\/\/novice.si\/page\/#\/schema\/person\/57f25c9642a9541c7349c65d32032c3e","name":"Uredni\u0161tvo Celjana","image":{"@type":"ImageObject","inLanguage":"sl-SI","@id":"https:\/\/secure.gravatar.com\/avatar\/78e52bc4279b65f6df6345e0ef0f7b792d361361f230cf4ffecfe0afe6d5629c?s=96&d=mm&r=g","url":"https:\/\/secure.gravatar.com\/avatar\/78e52bc4279b65f6df6345e0ef0f7b792d361361f230cf4ffecfe0afe6d5629c?s=96&d=mm&r=g","contentUrl":"https:\/\/secure.gravatar.com\/avatar\/78e52bc4279b65f6df6345e0ef0f7b792d361361f230cf4ffecfe0afe6d5629c?s=96&d=mm&r=g","caption":"Uredni\u0161tvo Celjana"},"url":"https:\/\/novice.si\/page\/author\/primoz\/"}]}},"_links":{"self":[{"href":"https:\/\/novice.si\/page\/wp-json\/wp\/v2\/posts\/168771","targetHints":{"allow":["GET"]}}],"collection":[{"href":"https:\/\/novice.si\/page\/wp-json\/wp\/v2\/posts"}],"about":[{"href":"https:\/\/novice.si\/page\/wp-json\/wp\/v2\/types\/post"}],"author":[{"embeddable":true,"href":"https:\/\/novice.si\/page\/wp-json\/wp\/v2\/users\/33"}],"replies":[{"embeddable":true,"href":"https:\/\/novice.si\/page\/wp-json\/wp\/v2\/comments?post=168771"}],"version-history":[{"count":1,"href":"https:\/\/novice.si\/page\/wp-json\/wp\/v2\/posts\/168771\/revisions"}],"predecessor-version":[{"id":168775,"href":"https:\/\/novice.si\/page\/wp-json\/wp\/v2\/posts\/168771\/revisions\/168775"}],"wp:featuredmedia":[{"embeddable":true,"href":"https:\/\/novice.si\/page\/wp-json\/wp\/v2\/media\/168774"}],"wp:attachment":[{"href":"https:\/\/novice.si\/page\/wp-json\/wp\/v2\/media?parent=168771"}],"wp:term":[{"taxonomy":"category","embeddable":true,"href":"https:\/\/novice.si\/page\/wp-json\/wp\/v2\/categories?post=168771"},{"taxonomy":"post_tag","embeddable":true,"href":"https:\/\/novice.si\/page\/wp-json\/wp\/v2\/tags?post=168771"}],"curies":[{"name":"wp","href":"https:\/\/api.w.org\/{rel}","templated":true}]}}