{"id":168762,"date":"2023-10-26T14:13:41","date_gmt":"2023-10-26T12:13:41","guid":{"rendered":"https:\/\/novice.si\/page\/?p=168762"},"modified":"2023-10-26T14:13:41","modified_gmt":"2023-10-26T12:13:41","slug":"celje-levski-most-od-jutri-spet-odprt","status":"publish","type":"post","link":"https:\/\/novice.si\/page\/celje-levski-most-od-jutri-spet-odprt\/","title":{"rendered":"CELJE Lev\u0161ki most od jutri spet odprt"},"content":{"rendered":"<p>\u010ceprav \u0161e niso zaklju\u010dili vseh obnovitvenih del, so se na celjski mestni ob\u010dini z jutri\u0161njim\u00a0<img loading=\"lazy\" decoding=\"async\" class=\"wp-image-168766 alignleft\" src=\"https:\/\/novice.si\/page\/wp-content\/uploads\/2023\/10\/levski-most-1-600x600.jpeg\" alt=\"\" width=\"229\" height=\"229\" srcset=\"https:\/\/novice.si\/page\/wp-content\/uploads\/2023\/10\/levski-most-1-600x600.jpeg 600w, https:\/\/novice.si\/page\/wp-content\/uploads\/2023\/10\/levski-most-1-1024x1024.jpeg 1024w, https:\/\/novice.si\/page\/wp-content\/uploads\/2023\/10\/levski-most-1-150x150.jpeg 150w, https:\/\/novice.si\/page\/wp-content\/uploads\/2023\/10\/levski-most-1-768x768.jpeg 768w, https:\/\/novice.si\/page\/wp-content\/uploads\/2023\/10\/levski-most-1-1536x1536.jpeg 1536w, https:\/\/novice.si\/page\/wp-content\/uploads\/2023\/10\/levski-most-1-696x696.jpeg 696w, https:\/\/novice.si\/page\/wp-content\/uploads\/2023\/10\/levski-most-1-1068x1068.jpeg 1068w, https:\/\/novice.si\/page\/wp-content\/uploads\/2023\/10\/levski-most-1-420x420.jpeg 420w, https:\/\/novice.si\/page\/wp-content\/uploads\/2023\/10\/levski-most-1-1920x1920.jpeg 1920w, https:\/\/novice.si\/page\/wp-content\/uploads\/2023\/10\/levski-most-1-24x24.jpeg 24w, https:\/\/novice.si\/page\/wp-content\/uploads\/2023\/10\/levski-most-1-36x36.jpeg 36w, https:\/\/novice.si\/page\/wp-content\/uploads\/2023\/10\/levski-most-1-48x48.jpeg 48w, https:\/\/novice.si\/page\/wp-content\/uploads\/2023\/10\/levski-most-1.jpeg 2048w\" sizes=\"auto, (max-width: 229px) 100vw, 229px\" \/>dnem kljub vsemu odlo\u010dili znova odpreti Lev\u0161ki most, ki je bil ve\u010d mesecev zaprt.<\/p>\n<p>V sklopu sanacije so obnovili pohodno povr\u0161ino, ki bo zagotavljala varnej\u0161i prehod med bregovoma Savinje, ena najbolj priljubljenih izletni\u0161ko\u00a0rekreativnih to\u010dk v Celju pa bo v kratkem obarvana zeleno. Za to barvo so se odlo\u010dili na osnovi ankete, kjer jo je podprlo skoraj 45 odstotkov sodelujo\u010dih.<img loading=\"lazy\" decoding=\"async\" class=\"wp-image-168764 alignright\" src=\"https:\/\/novice.si\/page\/wp-content\/uploads\/2023\/10\/levski-most-3-600x600.jpeg\" alt=\"\" width=\"207\" height=\"207\" srcset=\"https:\/\/novice.si\/page\/wp-content\/uploads\/2023\/10\/levski-most-3-600x600.jpeg 600w, https:\/\/novice.si\/page\/wp-content\/uploads\/2023\/10\/levski-most-3-1024x1024.jpeg 1024w, https:\/\/novice.si\/page\/wp-content\/uploads\/2023\/10\/levski-most-3-150x150.jpeg 150w, https:\/\/novice.si\/page\/wp-content\/uploads\/2023\/10\/levski-most-3-768x768.jpeg 768w, https:\/\/novice.si\/page\/wp-content\/uploads\/2023\/10\/levski-most-3-1536x1536.jpeg 1536w, https:\/\/novice.si\/page\/wp-content\/uploads\/2023\/10\/levski-most-3-696x696.jpeg 696w, https:\/\/novice.si\/page\/wp-content\/uploads\/2023\/10\/levski-most-3-1068x1068.jpeg 1068w, https:\/\/novice.si\/page\/wp-content\/uploads\/2023\/10\/levski-most-3-420x420.jpeg 420w, https:\/\/novice.si\/page\/wp-content\/uploads\/2023\/10\/levski-most-3-1920x1920.jpeg 1920w, https:\/\/novice.si\/page\/wp-content\/uploads\/2023\/10\/levski-most-3-24x24.jpeg 24w, https:\/\/novice.si\/page\/wp-content\/uploads\/2023\/10\/levski-most-3-36x36.jpeg 36w, https:\/\/novice.si\/page\/wp-content\/uploads\/2023\/10\/levski-most-3-48x48.jpeg 48w, https:\/\/novice.si\/page\/wp-content\/uploads\/2023\/10\/levski-most-3.jpeg 2048w\" sizes=\"auto, (max-width: 207px) 100vw, 207px\" \/><\/p>\n<p>\u010ce bodo vremenske razmere dopu\u0161\u010dale, bodo delavci JP Zelenice v naslednjih dneh pobarvali \u0161e jeklenice in spodnji del kovinske konstrukcije, za kar bo potrebno posebno dvigalo, ki ga lahko v reko namestijo le ob nizkem vodostaju.<\/p>\n<p>P\u0160<\/p>\n","protected":false},"excerpt":{"rendered":"<p>\u010ceprav \u0161e niso zaklju\u010dili vseh obnovitvenih del, so se na celjski mestni ob\u010dini z jutri\u0161njim\u00a0dnem kljub vsemu odlo\u010dili znova odpreti Lev\u0161ki most, ki je bil ve\u010d mesecev zaprt. V sklopu sanacije so obnovili pohodno povr\u0161ino, ki bo zagotavljala varnej\u0161i prehod med bregovoma Savinje, ena najbolj priljubljenih izletni\u0161ko\u00a0rekreativnih to\u010dk v Celju pa bo v kratkem obarvana [&hellip;]<\/p>\n","protected":false},"author":33,"featured_media":168763,"comment_status":"closed","ping_status":"closed","sticky":false,"template":"","format":"standard","meta":{"footnotes":""},"categories":[17],"tags":[19017,19016,97,4320,4457],"class_list":{"0":"post-168762","1":"post","2":"type-post","3":"status-publish","4":"format-standard","5":"has-post-thumbnail","7":"category-celjsko","8":"tag-izletnisko-rekreativna-tocka","9":"tag-levski-most","10":"tag-obnova","11":"tag-otvoritev","12":"tag-sanacija"},"yoast_head":"<!-- This site is optimized with the Yoast SEO plugin v27.4 - https:\/\/yoast.com\/product\/yoast-seo-wordpress\/ -->\n<title>CELJE Lev\u0161ki most od jutri spet odprt - Novice.si<\/title>\n<meta name=\"robots\" content=\"index, follow, max-snippet:-1, max-image-preview:large, max-video-preview:-1\" \/>\n<link rel=\"canonical\" href=\"https:\/\/novice.si\/page\/celje-levski-most-od-jutri-spet-odprt\/\" \/>\n<meta property=\"og:locale\" content=\"sl_SI\" \/>\n<meta property=\"og:type\" content=\"article\" \/>\n<meta property=\"og:title\" content=\"CELJE Lev\u0161ki most od jutri spet odprt - Novice.si\" \/>\n<meta property=\"og:description\" content=\"\u010ceprav \u0161e niso zaklju\u010dili vseh obnovitvenih del, so se na celjski mestni ob\u010dini z jutri\u0161njim\u00a0dnem kljub vsemu odlo\u010dili znova odpreti Lev\u0161ki most, ki je bil ve\u010d mesecev zaprt. V sklopu sanacije so obnovili pohodno povr\u0161ino, ki bo zagotavljala varnej\u0161i prehod med bregovoma Savinje, ena najbolj priljubljenih izletni\u0161ko\u00a0rekreativnih to\u010dk v Celju pa bo v kratkem obarvana [&hellip;]\" \/>\n<meta property=\"og:url\" content=\"https:\/\/novice.si\/page\/celje-levski-most-od-jutri-spet-odprt\/\" \/>\n<meta property=\"og:site_name\" content=\"Novice.si\" \/>\n<meta property=\"article:published_time\" content=\"2023-10-26T12:13:41+00:00\" \/>\n<meta property=\"og:image\" content=\"https:\/\/novice.si\/page\/wp-content\/uploads\/2023\/10\/levski-most-2.jpeg\" \/>\n\t<meta property=\"og:image:width\" content=\"2048\" \/>\n\t<meta property=\"og:image:height\" content=\"2048\" \/>\n\t<meta property=\"og:image:type\" content=\"image\/jpeg\" \/>\n<meta name=\"author\" content=\"Uredni\u0161tvo Celjana\" \/>\n<meta name=\"twitter:card\" content=\"summary_large_image\" \/>\n<meta name=\"twitter:label1\" content=\"Written by\" \/>\n\t<meta name=\"twitter:data1\" content=\"Uredni\u0161tvo Celjana\" \/>\n\t<meta name=\"twitter:label2\" content=\"Est. reading time\" \/>\n\t<meta name=\"twitter:data2\" content=\"2 minuti\" \/>\n<script type=\"application\/ld+json\" class=\"yoast-schema-graph\">{\"@context\":\"https:\\\/\\\/schema.org\",\"@graph\":[{\"@type\":\"Article\",\"@id\":\"https:\\\/\\\/novice.si\\\/page\\\/celje-levski-most-od-jutri-spet-odprt\\\/#article\",\"isPartOf\":{\"@id\":\"https:\\\/\\\/novice.si\\\/page\\\/celje-levski-most-od-jutri-spet-odprt\\\/\"},\"author\":{\"name\":\"Uredni\u0161tvo Celjana\",\"@id\":\"https:\\\/\\\/novice.si\\\/page\\\/#\\\/schema\\\/person\\\/57f25c9642a9541c7349c65d32032c3e\"},\"headline\":\"CELJE Lev\u0161ki most od jutri spet odprt\",\"datePublished\":\"2023-10-26T12:13:41+00:00\",\"mainEntityOfPage\":{\"@id\":\"https:\\\/\\\/novice.si\\\/page\\\/celje-levski-most-od-jutri-spet-odprt\\\/\"},\"wordCount\":131,\"publisher\":{\"@id\":\"https:\\\/\\\/novice.si\\\/page\\\/#organization\"},\"image\":{\"@id\":\"https:\\\/\\\/novice.si\\\/page\\\/celje-levski-most-od-jutri-spet-odprt\\\/#primaryimage\"},\"thumbnailUrl\":\"https:\\\/\\\/novice.si\\\/page\\\/wp-content\\\/uploads\\\/2023\\\/10\\\/levski-most-2.jpeg\",\"keywords\":[\"izletni\u0161ko rekreativna to\u010dka\",\"Lev\u0161ki most\",\"obnova\",\"otvoritev\",\"sanacija\"],\"articleSection\":[\"Celjsko\"],\"inLanguage\":\"sl-SI\"},{\"@type\":\"WebPage\",\"@id\":\"https:\\\/\\\/novice.si\\\/page\\\/celje-levski-most-od-jutri-spet-odprt\\\/\",\"url\":\"https:\\\/\\\/novice.si\\\/page\\\/celje-levski-most-od-jutri-spet-odprt\\\/\",\"name\":\"CELJE Lev\u0161ki most od jutri spet odprt - Novice.si\",\"isPartOf\":{\"@id\":\"https:\\\/\\\/novice.si\\\/page\\\/#website\"},\"primaryImageOfPage\":{\"@id\":\"https:\\\/\\\/novice.si\\\/page\\\/celje-levski-most-od-jutri-spet-odprt\\\/#primaryimage\"},\"image\":{\"@id\":\"https:\\\/\\\/novice.si\\\/page\\\/celje-levski-most-od-jutri-spet-odprt\\\/#primaryimage\"},\"thumbnailUrl\":\"https:\\\/\\\/novice.si\\\/page\\\/wp-content\\\/uploads\\\/2023\\\/10\\\/levski-most-2.jpeg\",\"datePublished\":\"2023-10-26T12:13:41+00:00\",\"breadcrumb\":{\"@id\":\"https:\\\/\\\/novice.si\\\/page\\\/celje-levski-most-od-jutri-spet-odprt\\\/#breadcrumb\"},\"inLanguage\":\"sl-SI\",\"potentialAction\":[{\"@type\":\"ReadAction\",\"target\":[\"https:\\\/\\\/novice.si\\\/page\\\/celje-levski-most-od-jutri-spet-odprt\\\/\"]}]},{\"@type\":\"ImageObject\",\"inLanguage\":\"sl-SI\",\"@id\":\"https:\\\/\\\/novice.si\\\/page\\\/celje-levski-most-od-jutri-spet-odprt\\\/#primaryimage\",\"url\":\"https:\\\/\\\/novice.si\\\/page\\\/wp-content\\\/uploads\\\/2023\\\/10\\\/levski-most-2.jpeg\",\"contentUrl\":\"https:\\\/\\\/novice.si\\\/page\\\/wp-content\\\/uploads\\\/2023\\\/10\\\/levski-most-2.jpeg\",\"width\":2048,\"height\":2048},{\"@type\":\"BreadcrumbList\",\"@id\":\"https:\\\/\\\/novice.si\\\/page\\\/celje-levski-most-od-jutri-spet-odprt\\\/#breadcrumb\",\"itemListElement\":[{\"@type\":\"ListItem\",\"position\":1,\"name\":\"Home\",\"item\":\"https:\\\/\\\/novice.si\\\/page\\\/\"},{\"@type\":\"ListItem\",\"position\":2,\"name\":\"CELJE Lev\u0161ki most od jutri spet odprt\"}]},{\"@type\":\"WebSite\",\"@id\":\"https:\\\/\\\/novice.si\\\/page\\\/#website\",\"url\":\"https:\\\/\\\/novice.si\\\/page\\\/\",\"name\":\"Novice.si\",\"description\":\"\",\"publisher\":{\"@id\":\"https:\\\/\\\/novice.si\\\/page\\\/#organization\"},\"potentialAction\":[{\"@type\":\"SearchAction\",\"target\":{\"@type\":\"EntryPoint\",\"urlTemplate\":\"https:\\\/\\\/novice.si\\\/page\\\/?s={search_term_string}\"},\"query-input\":{\"@type\":\"PropertyValueSpecification\",\"valueRequired\":true,\"valueName\":\"search_term_string\"}}],\"inLanguage\":\"sl-SI\"},{\"@type\":\"Organization\",\"@id\":\"https:\\\/\\\/novice.si\\\/page\\\/#organization\",\"name\":\"Novice.si\",\"url\":\"https:\\\/\\\/novice.si\\\/page\\\/\",\"logo\":{\"@type\":\"ImageObject\",\"inLanguage\":\"sl-SI\",\"@id\":\"https:\\\/\\\/novice.si\\\/page\\\/#\\\/schema\\\/logo\\\/image\\\/\",\"url\":\"https:\\\/\\\/novice.si\\\/page\\\/wp-content\\\/uploads\\\/2023\\\/03\\\/novice_si.png\",\"contentUrl\":\"https:\\\/\\\/novice.si\\\/page\\\/wp-content\\\/uploads\\\/2023\\\/03\\\/novice_si.png\",\"width\":576,\"height\":200,\"caption\":\"Novice.si\"},\"image\":{\"@id\":\"https:\\\/\\\/novice.si\\\/page\\\/#\\\/schema\\\/logo\\\/image\\\/\"}},{\"@type\":\"Person\",\"@id\":\"https:\\\/\\\/novice.si\\\/page\\\/#\\\/schema\\\/person\\\/57f25c9642a9541c7349c65d32032c3e\",\"name\":\"Uredni\u0161tvo Celjana\",\"image\":{\"@type\":\"ImageObject\",\"inLanguage\":\"sl-SI\",\"@id\":\"https:\\\/\\\/secure.gravatar.com\\\/avatar\\\/78e52bc4279b65f6df6345e0ef0f7b792d361361f230cf4ffecfe0afe6d5629c?s=96&d=mm&r=g\",\"url\":\"https:\\\/\\\/secure.gravatar.com\\\/avatar\\\/78e52bc4279b65f6df6345e0ef0f7b792d361361f230cf4ffecfe0afe6d5629c?s=96&d=mm&r=g\",\"contentUrl\":\"https:\\\/\\\/secure.gravatar.com\\\/avatar\\\/78e52bc4279b65f6df6345e0ef0f7b792d361361f230cf4ffecfe0afe6d5629c?s=96&d=mm&r=g\",\"caption\":\"Uredni\u0161tvo Celjana\"},\"url\":\"https:\\\/\\\/novice.si\\\/page\\\/author\\\/primoz\\\/\"}]}<\/script>\n<!-- \/ Yoast SEO plugin. -->","yoast_head_json":{"title":"CELJE Lev\u0161ki most od jutri spet odprt - Novice.si","robots":{"index":"index","follow":"follow","max-snippet":"max-snippet:-1","max-image-preview":"max-image-preview:large","max-video-preview":"max-video-preview:-1"},"canonical":"https:\/\/novice.si\/page\/celje-levski-most-od-jutri-spet-odprt\/","og_locale":"sl_SI","og_type":"article","og_title":"CELJE Lev\u0161ki most od jutri spet odprt - Novice.si","og_description":"\u010ceprav \u0161e niso zaklju\u010dili vseh obnovitvenih del, so se na celjski mestni ob\u010dini z jutri\u0161njim\u00a0dnem kljub vsemu odlo\u010dili znova odpreti Lev\u0161ki most, ki je bil ve\u010d mesecev zaprt. V sklopu sanacije so obnovili pohodno povr\u0161ino, ki bo zagotavljala varnej\u0161i prehod med bregovoma Savinje, ena najbolj priljubljenih izletni\u0161ko\u00a0rekreativnih to\u010dk v Celju pa bo v kratkem obarvana [&hellip;]","og_url":"https:\/\/novice.si\/page\/celje-levski-most-od-jutri-spet-odprt\/","og_site_name":"Novice.si","article_published_time":"2023-10-26T12:13:41+00:00","og_image":[{"width":2048,"height":2048,"url":"https:\/\/novice.si\/page\/wp-content\/uploads\/2023\/10\/levski-most-2.jpeg","type":"image\/jpeg"}],"author":"Uredni\u0161tvo Celjana","twitter_card":"summary_large_image","twitter_misc":{"Written by":"Uredni\u0161tvo Celjana","Est. reading time":"2 minuti"},"schema":{"@context":"https:\/\/schema.org","@graph":[{"@type":"Article","@id":"https:\/\/novice.si\/page\/celje-levski-most-od-jutri-spet-odprt\/#article","isPartOf":{"@id":"https:\/\/novice.si\/page\/celje-levski-most-od-jutri-spet-odprt\/"},"author":{"name":"Uredni\u0161tvo Celjana","@id":"https:\/\/novice.si\/page\/#\/schema\/person\/57f25c9642a9541c7349c65d32032c3e"},"headline":"CELJE Lev\u0161ki most od jutri spet odprt","datePublished":"2023-10-26T12:13:41+00:00","mainEntityOfPage":{"@id":"https:\/\/novice.si\/page\/celje-levski-most-od-jutri-spet-odprt\/"},"wordCount":131,"publisher":{"@id":"https:\/\/novice.si\/page\/#organization"},"image":{"@id":"https:\/\/novice.si\/page\/celje-levski-most-od-jutri-spet-odprt\/#primaryimage"},"thumbnailUrl":"https:\/\/novice.si\/page\/wp-content\/uploads\/2023\/10\/levski-most-2.jpeg","keywords":["izletni\u0161ko rekreativna to\u010dka","Lev\u0161ki most","obnova","otvoritev","sanacija"],"articleSection":["Celjsko"],"inLanguage":"sl-SI"},{"@type":"WebPage","@id":"https:\/\/novice.si\/page\/celje-levski-most-od-jutri-spet-odprt\/","url":"https:\/\/novice.si\/page\/celje-levski-most-od-jutri-spet-odprt\/","name":"CELJE Lev\u0161ki most od jutri spet odprt - Novice.si","isPartOf":{"@id":"https:\/\/novice.si\/page\/#website"},"primaryImageOfPage":{"@id":"https:\/\/novice.si\/page\/celje-levski-most-od-jutri-spet-odprt\/#primaryimage"},"image":{"@id":"https:\/\/novice.si\/page\/celje-levski-most-od-jutri-spet-odprt\/#primaryimage"},"thumbnailUrl":"https:\/\/novice.si\/page\/wp-content\/uploads\/2023\/10\/levski-most-2.jpeg","datePublished":"2023-10-26T12:13:41+00:00","breadcrumb":{"@id":"https:\/\/novice.si\/page\/celje-levski-most-od-jutri-spet-odprt\/#breadcrumb"},"inLanguage":"sl-SI","potentialAction":[{"@type":"ReadAction","target":["https:\/\/novice.si\/page\/celje-levski-most-od-jutri-spet-odprt\/"]}]},{"@type":"ImageObject","inLanguage":"sl-SI","@id":"https:\/\/novice.si\/page\/celje-levski-most-od-jutri-spet-odprt\/#primaryimage","url":"https:\/\/novice.si\/page\/wp-content\/uploads\/2023\/10\/levski-most-2.jpeg","contentUrl":"https:\/\/novice.si\/page\/wp-content\/uploads\/2023\/10\/levski-most-2.jpeg","width":2048,"height":2048},{"@type":"BreadcrumbList","@id":"https:\/\/novice.si\/page\/celje-levski-most-od-jutri-spet-odprt\/#breadcrumb","itemListElement":[{"@type":"ListItem","position":1,"name":"Home","item":"https:\/\/novice.si\/page\/"},{"@type":"ListItem","position":2,"name":"CELJE Lev\u0161ki most od jutri spet odprt"}]},{"@type":"WebSite","@id":"https:\/\/novice.si\/page\/#website","url":"https:\/\/novice.si\/page\/","name":"Novice.si","description":"","publisher":{"@id":"https:\/\/novice.si\/page\/#organization"},"potentialAction":[{"@type":"SearchAction","target":{"@type":"EntryPoint","urlTemplate":"https:\/\/novice.si\/page\/?s={search_term_string}"},"query-input":{"@type":"PropertyValueSpecification","valueRequired":true,"valueName":"search_term_string"}}],"inLanguage":"sl-SI"},{"@type":"Organization","@id":"https:\/\/novice.si\/page\/#organization","name":"Novice.si","url":"https:\/\/novice.si\/page\/","logo":{"@type":"ImageObject","inLanguage":"sl-SI","@id":"https:\/\/novice.si\/page\/#\/schema\/logo\/image\/","url":"https:\/\/novice.si\/page\/wp-content\/uploads\/2023\/03\/novice_si.png","contentUrl":"https:\/\/novice.si\/page\/wp-content\/uploads\/2023\/03\/novice_si.png","width":576,"height":200,"caption":"Novice.si"},"image":{"@id":"https:\/\/novice.si\/page\/#\/schema\/logo\/image\/"}},{"@type":"Person","@id":"https:\/\/novice.si\/page\/#\/schema\/person\/57f25c9642a9541c7349c65d32032c3e","name":"Uredni\u0161tvo Celjana","image":{"@type":"ImageObject","inLanguage":"sl-SI","@id":"https:\/\/secure.gravatar.com\/avatar\/78e52bc4279b65f6df6345e0ef0f7b792d361361f230cf4ffecfe0afe6d5629c?s=96&d=mm&r=g","url":"https:\/\/secure.gravatar.com\/avatar\/78e52bc4279b65f6df6345e0ef0f7b792d361361f230cf4ffecfe0afe6d5629c?s=96&d=mm&r=g","contentUrl":"https:\/\/secure.gravatar.com\/avatar\/78e52bc4279b65f6df6345e0ef0f7b792d361361f230cf4ffecfe0afe6d5629c?s=96&d=mm&r=g","caption":"Uredni\u0161tvo Celjana"},"url":"https:\/\/novice.si\/page\/author\/primoz\/"}]}},"_links":{"self":[{"href":"https:\/\/novice.si\/page\/wp-json\/wp\/v2\/posts\/168762","targetHints":{"allow":["GET"]}}],"collection":[{"href":"https:\/\/novice.si\/page\/wp-json\/wp\/v2\/posts"}],"about":[{"href":"https:\/\/novice.si\/page\/wp-json\/wp\/v2\/types\/post"}],"author":[{"embeddable":true,"href":"https:\/\/novice.si\/page\/wp-json\/wp\/v2\/users\/33"}],"replies":[{"embeddable":true,"href":"https:\/\/novice.si\/page\/wp-json\/wp\/v2\/comments?post=168762"}],"version-history":[{"count":1,"href":"https:\/\/novice.si\/page\/wp-json\/wp\/v2\/posts\/168762\/revisions"}],"predecessor-version":[{"id":168767,"href":"https:\/\/novice.si\/page\/wp-json\/wp\/v2\/posts\/168762\/revisions\/168767"}],"wp:featuredmedia":[{"embeddable":true,"href":"https:\/\/novice.si\/page\/wp-json\/wp\/v2\/media\/168763"}],"wp:attachment":[{"href":"https:\/\/novice.si\/page\/wp-json\/wp\/v2\/media?parent=168762"}],"wp:term":[{"taxonomy":"category","embeddable":true,"href":"https:\/\/novice.si\/page\/wp-json\/wp\/v2\/categories?post=168762"},{"taxonomy":"post_tag","embeddable":true,"href":"https:\/\/novice.si\/page\/wp-json\/wp\/v2\/tags?post=168762"}],"curies":[{"name":"wp","href":"https:\/\/api.w.org\/{rel}","templated":true}]}}