{"id":168737,"date":"2023-10-25T14:03:51","date_gmt":"2023-10-25T12:03:51","guid":{"rendered":"https:\/\/novice.si\/page\/?p=168737"},"modified":"2023-10-25T14:03:51","modified_gmt":"2023-10-25T12:03:51","slug":"celje-za-krkleca-tozilstvo-zahteva-30-let-zapora","status":"publish","type":"post","link":"https:\/\/novice.si\/page\/celje-za-krkleca-tozilstvo-zahteva-30-let-zapora\/","title":{"rendered":"CELJE: Za Krkleca to\u017eilstvo zahteva 30 let zapora"},"content":{"rendered":"<p>Na celjskem okro\u017enem sodi\u0161\u010du so sklenili glavno obravnavo za 67-letnega <strong>Branka Krkleca<\/strong>, obto\u017eenega umora konji\u0161kih sodnih izvr\u0161iteljev 27-letnega <strong>Aleksandra <img loading=\"lazy\" decoding=\"async\" class=\" wp-image-168739 alignleft\" src=\"https:\/\/novice.si\/page\/wp-content\/uploads\/2023\/10\/krklec-pred-sodbo-3-600x476.jpg\" alt=\"\" width=\"495\" height=\"393\" srcset=\"https:\/\/novice.si\/page\/wp-content\/uploads\/2023\/10\/krklec-pred-sodbo-3-600x476.jpg 600w, https:\/\/novice.si\/page\/wp-content\/uploads\/2023\/10\/krklec-pred-sodbo-3-1024x812.jpg 1024w, https:\/\/novice.si\/page\/wp-content\/uploads\/2023\/10\/krklec-pred-sodbo-3-768x609.jpg 768w, https:\/\/novice.si\/page\/wp-content\/uploads\/2023\/10\/krklec-pred-sodbo-3-1536x1218.jpg 1536w, https:\/\/novice.si\/page\/wp-content\/uploads\/2023\/10\/krklec-pred-sodbo-3-2048x1624.jpg 2048w, https:\/\/novice.si\/page\/wp-content\/uploads\/2023\/10\/krklec-pred-sodbo-3-696x552.jpg 696w, https:\/\/novice.si\/page\/wp-content\/uploads\/2023\/10\/krklec-pred-sodbo-3-1068x847.jpg 1068w, https:\/\/novice.si\/page\/wp-content\/uploads\/2023\/10\/krklec-pred-sodbo-3-530x420.jpg 530w, https:\/\/novice.si\/page\/wp-content\/uploads\/2023\/10\/krklec-pred-sodbo-3-1920x1523.jpg 1920w, https:\/\/novice.si\/page\/wp-content\/uploads\/2023\/10\/krklec-pred-sodbo-3-24x19.jpg 24w, https:\/\/novice.si\/page\/wp-content\/uploads\/2023\/10\/krklec-pred-sodbo-3-36x29.jpg 36w, https:\/\/novice.si\/page\/wp-content\/uploads\/2023\/10\/krklec-pred-sodbo-3-48x38.jpg 48w\" sizes=\"auto, (max-width: 495px) 100vw, 495px\" \/>Klementa<\/strong> in 42-letne <strong>Nata\u0161e Zadravec Klement<\/strong>. Nameravala sta odpeljati vozilo obto\u017een\u010deve \u017eene, ki je \u017ee bilo zase\u017eeno in bi naslednjega dne moralo na dra\u017ebo.<\/p>\n<p>To\u017eilka <strong>Maja Lajh<\/strong> je za vsako \u017ertev zahtevala po 28 let zapora oziroma enotno kazen 30 let zapora. Sodbo mu bodo izrekli v petek.<\/p>\n<p>Danes je strokovno mnenje na predlog obrambe podala \u0161e izvedenka za toksikologijo <strong>Majda Zorec Karlov\u0161ek<\/strong>, ki je potrdila, da koli\u010dina zau\u017eitega alkohola pri obto\u017eenem ni bistveno vplivala na njegovo zavest, pri \u010demer je upo\u0161tevala tudi obto\u017een\u010devo toleranco na alkohol.<\/p>\n<p>Obto\u017eeni vztraja, da je bil na svoji doma\u010diji v \u0160kofiji pri \u0160marju napaden, saj je pokojni Klement vanj usmeril curek razpr\u0161ilca, samega streljanja pa se ne spominja. \u017drtvi sta bili ustreljeni z razdalje pol drugega metra oziroma 40 centimetrov.<\/p>\n<p>Vse druge dokazne predloge obrambe je sodnica <strong>Gordana Malovi\u010d<\/strong> zavrnila.<\/p>\n<p>P\u0160<\/p>\n","protected":false},"excerpt":{"rendered":"<p>Na celjskem okro\u017enem sodi\u0161\u010du so sklenili glavno obravnavo za 67-letnega Branka Krkleca, obto\u017eenega umora konji\u0161kih sodnih izvr\u0161iteljev 27-letnega Aleksandra Klementa in 42-letne Nata\u0161e Zadravec Klement. Nameravala sta odpeljati vozilo obto\u017een\u010deve \u017eene, ki je \u017ee bilo zase\u017eeno in bi naslednjega dne moralo na dra\u017ebo. To\u017eilka Maja Lajh je za vsako \u017ertev zahtevala po 28 let zapora [&hellip;]<\/p>\n","protected":false},"author":33,"featured_media":168738,"comment_status":"closed","ping_status":"closed","sticky":false,"template":"","format":"standard","meta":{"footnotes":""},"categories":[14,17,16,29],"tags":[16894,15855,15852,5957,16445,19015,4194,356],"class_list":{"0":"post-168737","1":"post","2":"type-post","3":"status-publish","4":"format-standard","5":"has-post-thumbnail","7":"category-aktualno","8":"category-celjsko","9":"category-konjisko","10":"category-kronika","11":"tag-30-let-zapora","12":"tag-aleksander-klement","13":"tag-branko-krklec","14":"tag-gordana-malovic","15":"tag-maja-lajh","16":"tag-natasa-za","17":"tag-pred-sodbo","18":"tag-sojenje"},"yoast_head":"<!-- This site is optimized with the Yoast SEO plugin v27.4 - https:\/\/yoast.com\/product\/yoast-seo-wordpress\/ -->\n<title>CELJE: Za Krkleca to\u017eilstvo zahteva 30 let zapora - Novice.si<\/title>\n<meta name=\"robots\" content=\"index, follow, max-snippet:-1, max-image-preview:large, max-video-preview:-1\" \/>\n<link rel=\"canonical\" href=\"https:\/\/novice.si\/page\/celje-za-krkleca-tozilstvo-zahteva-30-let-zapora\/\" \/>\n<meta property=\"og:locale\" content=\"sl_SI\" \/>\n<meta property=\"og:type\" content=\"article\" \/>\n<meta property=\"og:title\" content=\"CELJE: Za Krkleca to\u017eilstvo zahteva 30 let zapora - Novice.si\" \/>\n<meta property=\"og:description\" content=\"Na celjskem okro\u017enem sodi\u0161\u010du so sklenili glavno obravnavo za 67-letnega Branka Krkleca, obto\u017eenega umora konji\u0161kih sodnih izvr\u0161iteljev 27-letnega Aleksandra Klementa in 42-letne Nata\u0161e Zadravec Klement. Nameravala sta odpeljati vozilo obto\u017een\u010deve \u017eene, ki je \u017ee bilo zase\u017eeno in bi naslednjega dne moralo na dra\u017ebo. To\u017eilka Maja Lajh je za vsako \u017ertev zahtevala po 28 let zapora [&hellip;]\" \/>\n<meta property=\"og:url\" content=\"https:\/\/novice.si\/page\/celje-za-krkleca-tozilstvo-zahteva-30-let-zapora\/\" \/>\n<meta property=\"og:site_name\" content=\"Novice.si\" \/>\n<meta property=\"article:published_time\" content=\"2023-10-25T12:03:51+00:00\" \/>\n<meta property=\"og:image\" content=\"https:\/\/novice.si\/page\/wp-content\/uploads\/2023\/10\/krklec-pred-sodbo-1-scaled.jpg\" \/>\n\t<meta property=\"og:image:width\" content=\"2560\" \/>\n\t<meta property=\"og:image:height\" content=\"2294\" \/>\n\t<meta property=\"og:image:type\" content=\"image\/jpeg\" \/>\n<meta name=\"author\" content=\"Uredni\u0161tvo Celjana\" \/>\n<meta name=\"twitter:card\" content=\"summary_large_image\" \/>\n<meta name=\"twitter:label1\" content=\"Written by\" \/>\n\t<meta name=\"twitter:data1\" content=\"Uredni\u0161tvo Celjana\" \/>\n\t<meta name=\"twitter:label2\" content=\"Est. reading time\" \/>\n\t<meta name=\"twitter:data2\" content=\"2 minuti\" \/>\n<script type=\"application\/ld+json\" class=\"yoast-schema-graph\">{\"@context\":\"https:\\\/\\\/schema.org\",\"@graph\":[{\"@type\":\"Article\",\"@id\":\"https:\\\/\\\/novice.si\\\/page\\\/celje-za-krkleca-tozilstvo-zahteva-30-let-zapora\\\/#article\",\"isPartOf\":{\"@id\":\"https:\\\/\\\/novice.si\\\/page\\\/celje-za-krkleca-tozilstvo-zahteva-30-let-zapora\\\/\"},\"author\":{\"name\":\"Uredni\u0161tvo Celjana\",\"@id\":\"https:\\\/\\\/novice.si\\\/page\\\/#\\\/schema\\\/person\\\/57f25c9642a9541c7349c65d32032c3e\"},\"headline\":\"CELJE: Za Krkleca to\u017eilstvo zahteva 30 let zapora\",\"datePublished\":\"2023-10-25T12:03:51+00:00\",\"mainEntityOfPage\":{\"@id\":\"https:\\\/\\\/novice.si\\\/page\\\/celje-za-krkleca-tozilstvo-zahteva-30-let-zapora\\\/\"},\"wordCount\":182,\"publisher\":{\"@id\":\"https:\\\/\\\/novice.si\\\/page\\\/#organization\"},\"image\":{\"@id\":\"https:\\\/\\\/novice.si\\\/page\\\/celje-za-krkleca-tozilstvo-zahteva-30-let-zapora\\\/#primaryimage\"},\"thumbnailUrl\":\"https:\\\/\\\/novice.si\\\/page\\\/wp-content\\\/uploads\\\/2023\\\/10\\\/krklec-pred-sodbo-1-scaled.jpg\",\"keywords\":[\"30 let zapora\",\"Aleksander Klement\",\"Branko Krklec\",\"Gordana Malovi\u0107\",\"Maja Lajh\",\"Nata\u0161a za\",\"pred sodbo\",\"sojenje\"],\"articleSection\":[\"Aktualno\",\"Celjsko\",\"Konji\u0161ko\",\"Kronika\"],\"inLanguage\":\"sl-SI\"},{\"@type\":\"WebPage\",\"@id\":\"https:\\\/\\\/novice.si\\\/page\\\/celje-za-krkleca-tozilstvo-zahteva-30-let-zapora\\\/\",\"url\":\"https:\\\/\\\/novice.si\\\/page\\\/celje-za-krkleca-tozilstvo-zahteva-30-let-zapora\\\/\",\"name\":\"CELJE: Za Krkleca to\u017eilstvo zahteva 30 let zapora - Novice.si\",\"isPartOf\":{\"@id\":\"https:\\\/\\\/novice.si\\\/page\\\/#website\"},\"primaryImageOfPage\":{\"@id\":\"https:\\\/\\\/novice.si\\\/page\\\/celje-za-krkleca-tozilstvo-zahteva-30-let-zapora\\\/#primaryimage\"},\"image\":{\"@id\":\"https:\\\/\\\/novice.si\\\/page\\\/celje-za-krkleca-tozilstvo-zahteva-30-let-zapora\\\/#primaryimage\"},\"thumbnailUrl\":\"https:\\\/\\\/novice.si\\\/page\\\/wp-content\\\/uploads\\\/2023\\\/10\\\/krklec-pred-sodbo-1-scaled.jpg\",\"datePublished\":\"2023-10-25T12:03:51+00:00\",\"breadcrumb\":{\"@id\":\"https:\\\/\\\/novice.si\\\/page\\\/celje-za-krkleca-tozilstvo-zahteva-30-let-zapora\\\/#breadcrumb\"},\"inLanguage\":\"sl-SI\",\"potentialAction\":[{\"@type\":\"ReadAction\",\"target\":[\"https:\\\/\\\/novice.si\\\/page\\\/celje-za-krkleca-tozilstvo-zahteva-30-let-zapora\\\/\"]}]},{\"@type\":\"ImageObject\",\"inLanguage\":\"sl-SI\",\"@id\":\"https:\\\/\\\/novice.si\\\/page\\\/celje-za-krkleca-tozilstvo-zahteva-30-let-zapora\\\/#primaryimage\",\"url\":\"https:\\\/\\\/novice.si\\\/page\\\/wp-content\\\/uploads\\\/2023\\\/10\\\/krklec-pred-sodbo-1-scaled.jpg\",\"contentUrl\":\"https:\\\/\\\/novice.si\\\/page\\\/wp-content\\\/uploads\\\/2023\\\/10\\\/krklec-pred-sodbo-1-scaled.jpg\",\"width\":2560,\"height\":2294},{\"@type\":\"BreadcrumbList\",\"@id\":\"https:\\\/\\\/novice.si\\\/page\\\/celje-za-krkleca-tozilstvo-zahteva-30-let-zapora\\\/#breadcrumb\",\"itemListElement\":[{\"@type\":\"ListItem\",\"position\":1,\"name\":\"Home\",\"item\":\"https:\\\/\\\/novice.si\\\/page\\\/\"},{\"@type\":\"ListItem\",\"position\":2,\"name\":\"CELJE: Za Krkleca to\u017eilstvo zahteva 30 let zapora\"}]},{\"@type\":\"WebSite\",\"@id\":\"https:\\\/\\\/novice.si\\\/page\\\/#website\",\"url\":\"https:\\\/\\\/novice.si\\\/page\\\/\",\"name\":\"Novice.si\",\"description\":\"\",\"publisher\":{\"@id\":\"https:\\\/\\\/novice.si\\\/page\\\/#organization\"},\"potentialAction\":[{\"@type\":\"SearchAction\",\"target\":{\"@type\":\"EntryPoint\",\"urlTemplate\":\"https:\\\/\\\/novice.si\\\/page\\\/?s={search_term_string}\"},\"query-input\":{\"@type\":\"PropertyValueSpecification\",\"valueRequired\":true,\"valueName\":\"search_term_string\"}}],\"inLanguage\":\"sl-SI\"},{\"@type\":\"Organization\",\"@id\":\"https:\\\/\\\/novice.si\\\/page\\\/#organization\",\"name\":\"Novice.si\",\"url\":\"https:\\\/\\\/novice.si\\\/page\\\/\",\"logo\":{\"@type\":\"ImageObject\",\"inLanguage\":\"sl-SI\",\"@id\":\"https:\\\/\\\/novice.si\\\/page\\\/#\\\/schema\\\/logo\\\/image\\\/\",\"url\":\"https:\\\/\\\/novice.si\\\/page\\\/wp-content\\\/uploads\\\/2023\\\/03\\\/novice_si.png\",\"contentUrl\":\"https:\\\/\\\/novice.si\\\/page\\\/wp-content\\\/uploads\\\/2023\\\/03\\\/novice_si.png\",\"width\":576,\"height\":200,\"caption\":\"Novice.si\"},\"image\":{\"@id\":\"https:\\\/\\\/novice.si\\\/page\\\/#\\\/schema\\\/logo\\\/image\\\/\"}},{\"@type\":\"Person\",\"@id\":\"https:\\\/\\\/novice.si\\\/page\\\/#\\\/schema\\\/person\\\/57f25c9642a9541c7349c65d32032c3e\",\"name\":\"Uredni\u0161tvo Celjana\",\"image\":{\"@type\":\"ImageObject\",\"inLanguage\":\"sl-SI\",\"@id\":\"https:\\\/\\\/secure.gravatar.com\\\/avatar\\\/78e52bc4279b65f6df6345e0ef0f7b792d361361f230cf4ffecfe0afe6d5629c?s=96&d=mm&r=g\",\"url\":\"https:\\\/\\\/secure.gravatar.com\\\/avatar\\\/78e52bc4279b65f6df6345e0ef0f7b792d361361f230cf4ffecfe0afe6d5629c?s=96&d=mm&r=g\",\"contentUrl\":\"https:\\\/\\\/secure.gravatar.com\\\/avatar\\\/78e52bc4279b65f6df6345e0ef0f7b792d361361f230cf4ffecfe0afe6d5629c?s=96&d=mm&r=g\",\"caption\":\"Uredni\u0161tvo Celjana\"},\"url\":\"https:\\\/\\\/novice.si\\\/page\\\/author\\\/primoz\\\/\"}]}<\/script>\n<!-- \/ Yoast SEO plugin. -->","yoast_head_json":{"title":"CELJE: Za Krkleca to\u017eilstvo zahteva 30 let zapora - Novice.si","robots":{"index":"index","follow":"follow","max-snippet":"max-snippet:-1","max-image-preview":"max-image-preview:large","max-video-preview":"max-video-preview:-1"},"canonical":"https:\/\/novice.si\/page\/celje-za-krkleca-tozilstvo-zahteva-30-let-zapora\/","og_locale":"sl_SI","og_type":"article","og_title":"CELJE: Za Krkleca to\u017eilstvo zahteva 30 let zapora - Novice.si","og_description":"Na celjskem okro\u017enem sodi\u0161\u010du so sklenili glavno obravnavo za 67-letnega Branka Krkleca, obto\u017eenega umora konji\u0161kih sodnih izvr\u0161iteljev 27-letnega Aleksandra Klementa in 42-letne Nata\u0161e Zadravec Klement. Nameravala sta odpeljati vozilo obto\u017een\u010deve \u017eene, ki je \u017ee bilo zase\u017eeno in bi naslednjega dne moralo na dra\u017ebo. To\u017eilka Maja Lajh je za vsako \u017ertev zahtevala po 28 let zapora [&hellip;]","og_url":"https:\/\/novice.si\/page\/celje-za-krkleca-tozilstvo-zahteva-30-let-zapora\/","og_site_name":"Novice.si","article_published_time":"2023-10-25T12:03:51+00:00","og_image":[{"width":2560,"height":2294,"url":"https:\/\/novice.si\/page\/wp-content\/uploads\/2023\/10\/krklec-pred-sodbo-1-scaled.jpg","type":"image\/jpeg"}],"author":"Uredni\u0161tvo Celjana","twitter_card":"summary_large_image","twitter_misc":{"Written by":"Uredni\u0161tvo Celjana","Est. reading time":"2 minuti"},"schema":{"@context":"https:\/\/schema.org","@graph":[{"@type":"Article","@id":"https:\/\/novice.si\/page\/celje-za-krkleca-tozilstvo-zahteva-30-let-zapora\/#article","isPartOf":{"@id":"https:\/\/novice.si\/page\/celje-za-krkleca-tozilstvo-zahteva-30-let-zapora\/"},"author":{"name":"Uredni\u0161tvo Celjana","@id":"https:\/\/novice.si\/page\/#\/schema\/person\/57f25c9642a9541c7349c65d32032c3e"},"headline":"CELJE: Za Krkleca to\u017eilstvo zahteva 30 let zapora","datePublished":"2023-10-25T12:03:51+00:00","mainEntityOfPage":{"@id":"https:\/\/novice.si\/page\/celje-za-krkleca-tozilstvo-zahteva-30-let-zapora\/"},"wordCount":182,"publisher":{"@id":"https:\/\/novice.si\/page\/#organization"},"image":{"@id":"https:\/\/novice.si\/page\/celje-za-krkleca-tozilstvo-zahteva-30-let-zapora\/#primaryimage"},"thumbnailUrl":"https:\/\/novice.si\/page\/wp-content\/uploads\/2023\/10\/krklec-pred-sodbo-1-scaled.jpg","keywords":["30 let zapora","Aleksander Klement","Branko Krklec","Gordana Malovi\u0107","Maja Lajh","Nata\u0161a za","pred sodbo","sojenje"],"articleSection":["Aktualno","Celjsko","Konji\u0161ko","Kronika"],"inLanguage":"sl-SI"},{"@type":"WebPage","@id":"https:\/\/novice.si\/page\/celje-za-krkleca-tozilstvo-zahteva-30-let-zapora\/","url":"https:\/\/novice.si\/page\/celje-za-krkleca-tozilstvo-zahteva-30-let-zapora\/","name":"CELJE: Za Krkleca to\u017eilstvo zahteva 30 let zapora - Novice.si","isPartOf":{"@id":"https:\/\/novice.si\/page\/#website"},"primaryImageOfPage":{"@id":"https:\/\/novice.si\/page\/celje-za-krkleca-tozilstvo-zahteva-30-let-zapora\/#primaryimage"},"image":{"@id":"https:\/\/novice.si\/page\/celje-za-krkleca-tozilstvo-zahteva-30-let-zapora\/#primaryimage"},"thumbnailUrl":"https:\/\/novice.si\/page\/wp-content\/uploads\/2023\/10\/krklec-pred-sodbo-1-scaled.jpg","datePublished":"2023-10-25T12:03:51+00:00","breadcrumb":{"@id":"https:\/\/novice.si\/page\/celje-za-krkleca-tozilstvo-zahteva-30-let-zapora\/#breadcrumb"},"inLanguage":"sl-SI","potentialAction":[{"@type":"ReadAction","target":["https:\/\/novice.si\/page\/celje-za-krkleca-tozilstvo-zahteva-30-let-zapora\/"]}]},{"@type":"ImageObject","inLanguage":"sl-SI","@id":"https:\/\/novice.si\/page\/celje-za-krkleca-tozilstvo-zahteva-30-let-zapora\/#primaryimage","url":"https:\/\/novice.si\/page\/wp-content\/uploads\/2023\/10\/krklec-pred-sodbo-1-scaled.jpg","contentUrl":"https:\/\/novice.si\/page\/wp-content\/uploads\/2023\/10\/krklec-pred-sodbo-1-scaled.jpg","width":2560,"height":2294},{"@type":"BreadcrumbList","@id":"https:\/\/novice.si\/page\/celje-za-krkleca-tozilstvo-zahteva-30-let-zapora\/#breadcrumb","itemListElement":[{"@type":"ListItem","position":1,"name":"Home","item":"https:\/\/novice.si\/page\/"},{"@type":"ListItem","position":2,"name":"CELJE: Za Krkleca to\u017eilstvo zahteva 30 let zapora"}]},{"@type":"WebSite","@id":"https:\/\/novice.si\/page\/#website","url":"https:\/\/novice.si\/page\/","name":"Novice.si","description":"","publisher":{"@id":"https:\/\/novice.si\/page\/#organization"},"potentialAction":[{"@type":"SearchAction","target":{"@type":"EntryPoint","urlTemplate":"https:\/\/novice.si\/page\/?s={search_term_string}"},"query-input":{"@type":"PropertyValueSpecification","valueRequired":true,"valueName":"search_term_string"}}],"inLanguage":"sl-SI"},{"@type":"Organization","@id":"https:\/\/novice.si\/page\/#organization","name":"Novice.si","url":"https:\/\/novice.si\/page\/","logo":{"@type":"ImageObject","inLanguage":"sl-SI","@id":"https:\/\/novice.si\/page\/#\/schema\/logo\/image\/","url":"https:\/\/novice.si\/page\/wp-content\/uploads\/2023\/03\/novice_si.png","contentUrl":"https:\/\/novice.si\/page\/wp-content\/uploads\/2023\/03\/novice_si.png","width":576,"height":200,"caption":"Novice.si"},"image":{"@id":"https:\/\/novice.si\/page\/#\/schema\/logo\/image\/"}},{"@type":"Person","@id":"https:\/\/novice.si\/page\/#\/schema\/person\/57f25c9642a9541c7349c65d32032c3e","name":"Uredni\u0161tvo Celjana","image":{"@type":"ImageObject","inLanguage":"sl-SI","@id":"https:\/\/secure.gravatar.com\/avatar\/78e52bc4279b65f6df6345e0ef0f7b792d361361f230cf4ffecfe0afe6d5629c?s=96&d=mm&r=g","url":"https:\/\/secure.gravatar.com\/avatar\/78e52bc4279b65f6df6345e0ef0f7b792d361361f230cf4ffecfe0afe6d5629c?s=96&d=mm&r=g","contentUrl":"https:\/\/secure.gravatar.com\/avatar\/78e52bc4279b65f6df6345e0ef0f7b792d361361f230cf4ffecfe0afe6d5629c?s=96&d=mm&r=g","caption":"Uredni\u0161tvo Celjana"},"url":"https:\/\/novice.si\/page\/author\/primoz\/"}]}},"_links":{"self":[{"href":"https:\/\/novice.si\/page\/wp-json\/wp\/v2\/posts\/168737","targetHints":{"allow":["GET"]}}],"collection":[{"href":"https:\/\/novice.si\/page\/wp-json\/wp\/v2\/posts"}],"about":[{"href":"https:\/\/novice.si\/page\/wp-json\/wp\/v2\/types\/post"}],"author":[{"embeddable":true,"href":"https:\/\/novice.si\/page\/wp-json\/wp\/v2\/users\/33"}],"replies":[{"embeddable":true,"href":"https:\/\/novice.si\/page\/wp-json\/wp\/v2\/comments?post=168737"}],"version-history":[{"count":1,"href":"https:\/\/novice.si\/page\/wp-json\/wp\/v2\/posts\/168737\/revisions"}],"predecessor-version":[{"id":168740,"href":"https:\/\/novice.si\/page\/wp-json\/wp\/v2\/posts\/168737\/revisions\/168740"}],"wp:featuredmedia":[{"embeddable":true,"href":"https:\/\/novice.si\/page\/wp-json\/wp\/v2\/media\/168738"}],"wp:attachment":[{"href":"https:\/\/novice.si\/page\/wp-json\/wp\/v2\/media?parent=168737"}],"wp:term":[{"taxonomy":"category","embeddable":true,"href":"https:\/\/novice.si\/page\/wp-json\/wp\/v2\/categories?post=168737"},{"taxonomy":"post_tag","embeddable":true,"href":"https:\/\/novice.si\/page\/wp-json\/wp\/v2\/tags?post=168737"}],"curies":[{"name":"wp","href":"https:\/\/api.w.org\/{rel}","templated":true}]}}