{"id":168645,"date":"2023-10-23T12:14:49","date_gmt":"2023-10-23T10:14:49","guid":{"rendered":"https:\/\/novice.si\/page\/?p=168645"},"modified":"2023-10-23T12:14:49","modified_gmt":"2023-10-23T10:14:49","slug":"dobrna-plezalna-stena-zdaj-v-uporabi","status":"publish","type":"post","link":"https:\/\/novice.si\/page\/dobrna-plezalna-stena-zdaj-v-uporabi\/","title":{"rendered":"DOBRNA Plezalna stena zdaj v uporabi"},"content":{"rendered":"<p><img loading=\"lazy\" decoding=\"async\" class=\"wp-image-168646 alignleft\" src=\"https:\/\/novice.si\/page\/wp-content\/uploads\/2023\/10\/plezalna-stena-Dobrna-2-600x345.png\" alt=\"\" width=\"419\" height=\"241\" srcset=\"https:\/\/novice.si\/page\/wp-content\/uploads\/2023\/10\/plezalna-stena-Dobrna-2-600x345.png 600w, https:\/\/novice.si\/page\/wp-content\/uploads\/2023\/10\/plezalna-stena-Dobrna-2-1024x589.png 1024w, https:\/\/novice.si\/page\/wp-content\/uploads\/2023\/10\/plezalna-stena-Dobrna-2-768x442.png 768w, https:\/\/novice.si\/page\/wp-content\/uploads\/2023\/10\/plezalna-stena-Dobrna-2-696x401.png 696w, https:\/\/novice.si\/page\/wp-content\/uploads\/2023\/10\/plezalna-stena-Dobrna-2-1068x615.png 1068w, https:\/\/novice.si\/page\/wp-content\/uploads\/2023\/10\/plezalna-stena-Dobrna-2-730x420.png 730w, https:\/\/novice.si\/page\/wp-content\/uploads\/2023\/10\/plezalna-stena-Dobrna-2-24x14.png 24w, https:\/\/novice.si\/page\/wp-content\/uploads\/2023\/10\/plezalna-stena-Dobrna-2-36x21.png 36w, https:\/\/novice.si\/page\/wp-content\/uploads\/2023\/10\/plezalna-stena-Dobrna-2-48x28.png 48w, https:\/\/novice.si\/page\/wp-content\/uploads\/2023\/10\/plezalna-stena-Dobrna-2.png 1258w\" sizes=\"auto, (max-width: 419px) 100vw, 419px\" \/>V \u0161portnem parku Fitko v bli\u017eini osnovne \u0161ole na Dobrni so namenu predali novo<\/p>\n<p>prostostoje\u010do balvansko plezalno steno.<\/p>\n<p>Ve\u010d kot 70 tiso\u010dakov vredno nalo\u017ebo so realizirali ob podpori fundacije za \u0161port, ki je primaknila 28 tiso\u010d evrov.<\/p>\n<p>Stena s 500 oprijemki omogo\u010da ve\u010d te\u017eavnostnih stopenj, primerna je tudi za za\u010detnike.<\/p>\n<p>Ob\u010dina je na obmo\u010dju, kjer nastaja \u0161portni center, predhodno \u017ee postavila fitnes na prostem.<\/p>\n<p>P\u0160, foto: posnetek zaslona TVC<\/p>\n","protected":false},"excerpt":{"rendered":"<p>V \u0161portnem parku Fitko v bli\u017eini osnovne \u0161ole na Dobrni so namenu predali novo prostostoje\u010do balvansko plezalno steno. Ve\u010d kot 70 tiso\u010dakov vredno nalo\u017ebo so realizirali ob podpori fundacije za \u0161port, ki je primaknila 28 tiso\u010d evrov. Stena s 500 oprijemki omogo\u010da ve\u010d te\u017eavnostnih stopenj, primerna je tudi za za\u010detnike. Ob\u010dina je na obmo\u010dju, kjer [&hellip;]<\/p>\n","protected":false},"author":33,"featured_media":168647,"comment_status":"closed","ping_status":"closed","sticky":false,"template":"","format":"standard","meta":{"footnotes":""},"categories":[17],"tags":[18995,363,13246,18993,18994],"class_list":{"0":"post-168645","1":"post","2":"type-post","3":"status-publish","4":"format-standard","5":"has-post-thumbnail","7":"category-celjsko","8":"tag-balvani","9":"tag-dobrna","10":"tag-fundacija-za-sport","11":"tag-plezalna-stena","12":"tag-sportni-park-fitko"},"yoast_head":"<!-- This site is optimized with the Yoast SEO plugin v27.4 - https:\/\/yoast.com\/product\/yoast-seo-wordpress\/ -->\n<title>DOBRNA Plezalna stena zdaj v uporabi - Novice.si<\/title>\n<meta name=\"robots\" content=\"index, follow, max-snippet:-1, max-image-preview:large, max-video-preview:-1\" \/>\n<link rel=\"canonical\" href=\"https:\/\/novice.si\/page\/dobrna-plezalna-stena-zdaj-v-uporabi\/\" \/>\n<meta property=\"og:locale\" content=\"sl_SI\" \/>\n<meta property=\"og:type\" content=\"article\" \/>\n<meta property=\"og:title\" content=\"DOBRNA Plezalna stena zdaj v uporabi - Novice.si\" \/>\n<meta property=\"og:description\" content=\"V \u0161portnem parku Fitko v bli\u017eini osnovne \u0161ole na Dobrni so namenu predali novo prostostoje\u010do balvansko plezalno steno. Ve\u010d kot 70 tiso\u010dakov vredno nalo\u017ebo so realizirali ob podpori fundacije za \u0161port, ki je primaknila 28 tiso\u010d evrov. Stena s 500 oprijemki omogo\u010da ve\u010d te\u017eavnostnih stopenj, primerna je tudi za za\u010detnike. Ob\u010dina je na obmo\u010dju, kjer [&hellip;]\" \/>\n<meta property=\"og:url\" content=\"https:\/\/novice.si\/page\/dobrna-plezalna-stena-zdaj-v-uporabi\/\" \/>\n<meta property=\"og:site_name\" content=\"Novice.si\" \/>\n<meta property=\"article:published_time\" content=\"2023-10-23T10:14:49+00:00\" \/>\n<meta property=\"og:image\" content=\"https:\/\/novice.si\/page\/wp-content\/uploads\/2023\/10\/plezalna-stena-Dobrna-1.png\" \/>\n\t<meta property=\"og:image:width\" content=\"1046\" \/>\n\t<meta property=\"og:image:height\" content=\"700\" \/>\n\t<meta property=\"og:image:type\" content=\"image\/png\" \/>\n<meta name=\"author\" content=\"Uredni\u0161tvo Celjana\" \/>\n<meta name=\"twitter:card\" content=\"summary_large_image\" \/>\n<meta name=\"twitter:label1\" content=\"Written by\" \/>\n\t<meta name=\"twitter:data1\" content=\"Uredni\u0161tvo Celjana\" \/>\n\t<meta name=\"twitter:label2\" content=\"Est. reading time\" \/>\n\t<meta name=\"twitter:data2\" content=\"1 minuta\" \/>\n<script type=\"application\/ld+json\" class=\"yoast-schema-graph\">{\"@context\":\"https:\\\/\\\/schema.org\",\"@graph\":[{\"@type\":\"Article\",\"@id\":\"https:\\\/\\\/novice.si\\\/page\\\/dobrna-plezalna-stena-zdaj-v-uporabi\\\/#article\",\"isPartOf\":{\"@id\":\"https:\\\/\\\/novice.si\\\/page\\\/dobrna-plezalna-stena-zdaj-v-uporabi\\\/\"},\"author\":{\"name\":\"Uredni\u0161tvo Celjana\",\"@id\":\"https:\\\/\\\/novice.si\\\/page\\\/#\\\/schema\\\/person\\\/57f25c9642a9541c7349c65d32032c3e\"},\"headline\":\"DOBRNA Plezalna stena zdaj v uporabi\",\"datePublished\":\"2023-10-23T10:14:49+00:00\",\"mainEntityOfPage\":{\"@id\":\"https:\\\/\\\/novice.si\\\/page\\\/dobrna-plezalna-stena-zdaj-v-uporabi\\\/\"},\"wordCount\":81,\"publisher\":{\"@id\":\"https:\\\/\\\/novice.si\\\/page\\\/#organization\"},\"image\":{\"@id\":\"https:\\\/\\\/novice.si\\\/page\\\/dobrna-plezalna-stena-zdaj-v-uporabi\\\/#primaryimage\"},\"thumbnailUrl\":\"https:\\\/\\\/novice.si\\\/page\\\/wp-content\\\/uploads\\\/2023\\\/10\\\/plezalna-stena-Dobrna-1.png\",\"keywords\":[\"balvani\",\"Dobrna\",\"Fundacija za \u0161port\",\"Plezalna stena\",\"\u0161portni park fitko\"],\"articleSection\":[\"Celjsko\"],\"inLanguage\":\"sl-SI\"},{\"@type\":\"WebPage\",\"@id\":\"https:\\\/\\\/novice.si\\\/page\\\/dobrna-plezalna-stena-zdaj-v-uporabi\\\/\",\"url\":\"https:\\\/\\\/novice.si\\\/page\\\/dobrna-plezalna-stena-zdaj-v-uporabi\\\/\",\"name\":\"DOBRNA Plezalna stena zdaj v uporabi - Novice.si\",\"isPartOf\":{\"@id\":\"https:\\\/\\\/novice.si\\\/page\\\/#website\"},\"primaryImageOfPage\":{\"@id\":\"https:\\\/\\\/novice.si\\\/page\\\/dobrna-plezalna-stena-zdaj-v-uporabi\\\/#primaryimage\"},\"image\":{\"@id\":\"https:\\\/\\\/novice.si\\\/page\\\/dobrna-plezalna-stena-zdaj-v-uporabi\\\/#primaryimage\"},\"thumbnailUrl\":\"https:\\\/\\\/novice.si\\\/page\\\/wp-content\\\/uploads\\\/2023\\\/10\\\/plezalna-stena-Dobrna-1.png\",\"datePublished\":\"2023-10-23T10:14:49+00:00\",\"breadcrumb\":{\"@id\":\"https:\\\/\\\/novice.si\\\/page\\\/dobrna-plezalna-stena-zdaj-v-uporabi\\\/#breadcrumb\"},\"inLanguage\":\"sl-SI\",\"potentialAction\":[{\"@type\":\"ReadAction\",\"target\":[\"https:\\\/\\\/novice.si\\\/page\\\/dobrna-plezalna-stena-zdaj-v-uporabi\\\/\"]}]},{\"@type\":\"ImageObject\",\"inLanguage\":\"sl-SI\",\"@id\":\"https:\\\/\\\/novice.si\\\/page\\\/dobrna-plezalna-stena-zdaj-v-uporabi\\\/#primaryimage\",\"url\":\"https:\\\/\\\/novice.si\\\/page\\\/wp-content\\\/uploads\\\/2023\\\/10\\\/plezalna-stena-Dobrna-1.png\",\"contentUrl\":\"https:\\\/\\\/novice.si\\\/page\\\/wp-content\\\/uploads\\\/2023\\\/10\\\/plezalna-stena-Dobrna-1.png\",\"width\":1046,\"height\":700},{\"@type\":\"BreadcrumbList\",\"@id\":\"https:\\\/\\\/novice.si\\\/page\\\/dobrna-plezalna-stena-zdaj-v-uporabi\\\/#breadcrumb\",\"itemListElement\":[{\"@type\":\"ListItem\",\"position\":1,\"name\":\"Home\",\"item\":\"https:\\\/\\\/novice.si\\\/page\\\/\"},{\"@type\":\"ListItem\",\"position\":2,\"name\":\"DOBRNA Plezalna stena zdaj v uporabi\"}]},{\"@type\":\"WebSite\",\"@id\":\"https:\\\/\\\/novice.si\\\/page\\\/#website\",\"url\":\"https:\\\/\\\/novice.si\\\/page\\\/\",\"name\":\"Novice.si\",\"description\":\"\",\"publisher\":{\"@id\":\"https:\\\/\\\/novice.si\\\/page\\\/#organization\"},\"potentialAction\":[{\"@type\":\"SearchAction\",\"target\":{\"@type\":\"EntryPoint\",\"urlTemplate\":\"https:\\\/\\\/novice.si\\\/page\\\/?s={search_term_string}\"},\"query-input\":{\"@type\":\"PropertyValueSpecification\",\"valueRequired\":true,\"valueName\":\"search_term_string\"}}],\"inLanguage\":\"sl-SI\"},{\"@type\":\"Organization\",\"@id\":\"https:\\\/\\\/novice.si\\\/page\\\/#organization\",\"name\":\"Novice.si\",\"url\":\"https:\\\/\\\/novice.si\\\/page\\\/\",\"logo\":{\"@type\":\"ImageObject\",\"inLanguage\":\"sl-SI\",\"@id\":\"https:\\\/\\\/novice.si\\\/page\\\/#\\\/schema\\\/logo\\\/image\\\/\",\"url\":\"https:\\\/\\\/novice.si\\\/page\\\/wp-content\\\/uploads\\\/2023\\\/03\\\/novice_si.png\",\"contentUrl\":\"https:\\\/\\\/novice.si\\\/page\\\/wp-content\\\/uploads\\\/2023\\\/03\\\/novice_si.png\",\"width\":576,\"height\":200,\"caption\":\"Novice.si\"},\"image\":{\"@id\":\"https:\\\/\\\/novice.si\\\/page\\\/#\\\/schema\\\/logo\\\/image\\\/\"}},{\"@type\":\"Person\",\"@id\":\"https:\\\/\\\/novice.si\\\/page\\\/#\\\/schema\\\/person\\\/57f25c9642a9541c7349c65d32032c3e\",\"name\":\"Uredni\u0161tvo Celjana\",\"image\":{\"@type\":\"ImageObject\",\"inLanguage\":\"sl-SI\",\"@id\":\"https:\\\/\\\/secure.gravatar.com\\\/avatar\\\/78e52bc4279b65f6df6345e0ef0f7b792d361361f230cf4ffecfe0afe6d5629c?s=96&d=mm&r=g\",\"url\":\"https:\\\/\\\/secure.gravatar.com\\\/avatar\\\/78e52bc4279b65f6df6345e0ef0f7b792d361361f230cf4ffecfe0afe6d5629c?s=96&d=mm&r=g\",\"contentUrl\":\"https:\\\/\\\/secure.gravatar.com\\\/avatar\\\/78e52bc4279b65f6df6345e0ef0f7b792d361361f230cf4ffecfe0afe6d5629c?s=96&d=mm&r=g\",\"caption\":\"Uredni\u0161tvo Celjana\"},\"url\":\"https:\\\/\\\/novice.si\\\/page\\\/author\\\/primoz\\\/\"}]}<\/script>\n<!-- \/ Yoast SEO plugin. -->","yoast_head_json":{"title":"DOBRNA Plezalna stena zdaj v uporabi - Novice.si","robots":{"index":"index","follow":"follow","max-snippet":"max-snippet:-1","max-image-preview":"max-image-preview:large","max-video-preview":"max-video-preview:-1"},"canonical":"https:\/\/novice.si\/page\/dobrna-plezalna-stena-zdaj-v-uporabi\/","og_locale":"sl_SI","og_type":"article","og_title":"DOBRNA Plezalna stena zdaj v uporabi - Novice.si","og_description":"V \u0161portnem parku Fitko v bli\u017eini osnovne \u0161ole na Dobrni so namenu predali novo prostostoje\u010do balvansko plezalno steno. Ve\u010d kot 70 tiso\u010dakov vredno nalo\u017ebo so realizirali ob podpori fundacije za \u0161port, ki je primaknila 28 tiso\u010d evrov. Stena s 500 oprijemki omogo\u010da ve\u010d te\u017eavnostnih stopenj, primerna je tudi za za\u010detnike. Ob\u010dina je na obmo\u010dju, kjer [&hellip;]","og_url":"https:\/\/novice.si\/page\/dobrna-plezalna-stena-zdaj-v-uporabi\/","og_site_name":"Novice.si","article_published_time":"2023-10-23T10:14:49+00:00","og_image":[{"width":1046,"height":700,"url":"https:\/\/novice.si\/page\/wp-content\/uploads\/2023\/10\/plezalna-stena-Dobrna-1.png","type":"image\/png"}],"author":"Uredni\u0161tvo Celjana","twitter_card":"summary_large_image","twitter_misc":{"Written by":"Uredni\u0161tvo Celjana","Est. reading time":"1 minuta"},"schema":{"@context":"https:\/\/schema.org","@graph":[{"@type":"Article","@id":"https:\/\/novice.si\/page\/dobrna-plezalna-stena-zdaj-v-uporabi\/#article","isPartOf":{"@id":"https:\/\/novice.si\/page\/dobrna-plezalna-stena-zdaj-v-uporabi\/"},"author":{"name":"Uredni\u0161tvo Celjana","@id":"https:\/\/novice.si\/page\/#\/schema\/person\/57f25c9642a9541c7349c65d32032c3e"},"headline":"DOBRNA Plezalna stena zdaj v uporabi","datePublished":"2023-10-23T10:14:49+00:00","mainEntityOfPage":{"@id":"https:\/\/novice.si\/page\/dobrna-plezalna-stena-zdaj-v-uporabi\/"},"wordCount":81,"publisher":{"@id":"https:\/\/novice.si\/page\/#organization"},"image":{"@id":"https:\/\/novice.si\/page\/dobrna-plezalna-stena-zdaj-v-uporabi\/#primaryimage"},"thumbnailUrl":"https:\/\/novice.si\/page\/wp-content\/uploads\/2023\/10\/plezalna-stena-Dobrna-1.png","keywords":["balvani","Dobrna","Fundacija za \u0161port","Plezalna stena","\u0161portni park fitko"],"articleSection":["Celjsko"],"inLanguage":"sl-SI"},{"@type":"WebPage","@id":"https:\/\/novice.si\/page\/dobrna-plezalna-stena-zdaj-v-uporabi\/","url":"https:\/\/novice.si\/page\/dobrna-plezalna-stena-zdaj-v-uporabi\/","name":"DOBRNA Plezalna stena zdaj v uporabi - Novice.si","isPartOf":{"@id":"https:\/\/novice.si\/page\/#website"},"primaryImageOfPage":{"@id":"https:\/\/novice.si\/page\/dobrna-plezalna-stena-zdaj-v-uporabi\/#primaryimage"},"image":{"@id":"https:\/\/novice.si\/page\/dobrna-plezalna-stena-zdaj-v-uporabi\/#primaryimage"},"thumbnailUrl":"https:\/\/novice.si\/page\/wp-content\/uploads\/2023\/10\/plezalna-stena-Dobrna-1.png","datePublished":"2023-10-23T10:14:49+00:00","breadcrumb":{"@id":"https:\/\/novice.si\/page\/dobrna-plezalna-stena-zdaj-v-uporabi\/#breadcrumb"},"inLanguage":"sl-SI","potentialAction":[{"@type":"ReadAction","target":["https:\/\/novice.si\/page\/dobrna-plezalna-stena-zdaj-v-uporabi\/"]}]},{"@type":"ImageObject","inLanguage":"sl-SI","@id":"https:\/\/novice.si\/page\/dobrna-plezalna-stena-zdaj-v-uporabi\/#primaryimage","url":"https:\/\/novice.si\/page\/wp-content\/uploads\/2023\/10\/plezalna-stena-Dobrna-1.png","contentUrl":"https:\/\/novice.si\/page\/wp-content\/uploads\/2023\/10\/plezalna-stena-Dobrna-1.png","width":1046,"height":700},{"@type":"BreadcrumbList","@id":"https:\/\/novice.si\/page\/dobrna-plezalna-stena-zdaj-v-uporabi\/#breadcrumb","itemListElement":[{"@type":"ListItem","position":1,"name":"Home","item":"https:\/\/novice.si\/page\/"},{"@type":"ListItem","position":2,"name":"DOBRNA Plezalna stena zdaj v uporabi"}]},{"@type":"WebSite","@id":"https:\/\/novice.si\/page\/#website","url":"https:\/\/novice.si\/page\/","name":"Novice.si","description":"","publisher":{"@id":"https:\/\/novice.si\/page\/#organization"},"potentialAction":[{"@type":"SearchAction","target":{"@type":"EntryPoint","urlTemplate":"https:\/\/novice.si\/page\/?s={search_term_string}"},"query-input":{"@type":"PropertyValueSpecification","valueRequired":true,"valueName":"search_term_string"}}],"inLanguage":"sl-SI"},{"@type":"Organization","@id":"https:\/\/novice.si\/page\/#organization","name":"Novice.si","url":"https:\/\/novice.si\/page\/","logo":{"@type":"ImageObject","inLanguage":"sl-SI","@id":"https:\/\/novice.si\/page\/#\/schema\/logo\/image\/","url":"https:\/\/novice.si\/page\/wp-content\/uploads\/2023\/03\/novice_si.png","contentUrl":"https:\/\/novice.si\/page\/wp-content\/uploads\/2023\/03\/novice_si.png","width":576,"height":200,"caption":"Novice.si"},"image":{"@id":"https:\/\/novice.si\/page\/#\/schema\/logo\/image\/"}},{"@type":"Person","@id":"https:\/\/novice.si\/page\/#\/schema\/person\/57f25c9642a9541c7349c65d32032c3e","name":"Uredni\u0161tvo Celjana","image":{"@type":"ImageObject","inLanguage":"sl-SI","@id":"https:\/\/secure.gravatar.com\/avatar\/78e52bc4279b65f6df6345e0ef0f7b792d361361f230cf4ffecfe0afe6d5629c?s=96&d=mm&r=g","url":"https:\/\/secure.gravatar.com\/avatar\/78e52bc4279b65f6df6345e0ef0f7b792d361361f230cf4ffecfe0afe6d5629c?s=96&d=mm&r=g","contentUrl":"https:\/\/secure.gravatar.com\/avatar\/78e52bc4279b65f6df6345e0ef0f7b792d361361f230cf4ffecfe0afe6d5629c?s=96&d=mm&r=g","caption":"Uredni\u0161tvo Celjana"},"url":"https:\/\/novice.si\/page\/author\/primoz\/"}]}},"_links":{"self":[{"href":"https:\/\/novice.si\/page\/wp-json\/wp\/v2\/posts\/168645","targetHints":{"allow":["GET"]}}],"collection":[{"href":"https:\/\/novice.si\/page\/wp-json\/wp\/v2\/posts"}],"about":[{"href":"https:\/\/novice.si\/page\/wp-json\/wp\/v2\/types\/post"}],"author":[{"embeddable":true,"href":"https:\/\/novice.si\/page\/wp-json\/wp\/v2\/users\/33"}],"replies":[{"embeddable":true,"href":"https:\/\/novice.si\/page\/wp-json\/wp\/v2\/comments?post=168645"}],"version-history":[{"count":1,"href":"https:\/\/novice.si\/page\/wp-json\/wp\/v2\/posts\/168645\/revisions"}],"predecessor-version":[{"id":168648,"href":"https:\/\/novice.si\/page\/wp-json\/wp\/v2\/posts\/168645\/revisions\/168648"}],"wp:featuredmedia":[{"embeddable":true,"href":"https:\/\/novice.si\/page\/wp-json\/wp\/v2\/media\/168647"}],"wp:attachment":[{"href":"https:\/\/novice.si\/page\/wp-json\/wp\/v2\/media?parent=168645"}],"wp:term":[{"taxonomy":"category","embeddable":true,"href":"https:\/\/novice.si\/page\/wp-json\/wp\/v2\/categories?post=168645"},{"taxonomy":"post_tag","embeddable":true,"href":"https:\/\/novice.si\/page\/wp-json\/wp\/v2\/tags?post=168645"}],"curies":[{"name":"wp","href":"https:\/\/api.w.org\/{rel}","templated":true}]}}