{"id":168533,"date":"2023-10-20T12:05:27","date_gmt":"2023-10-20T10:05:27","guid":{"rendered":"https:\/\/novice.si\/page\/?p=168533"},"modified":"2023-10-20T12:02:40","modified_gmt":"2023-10-20T10:02:40","slug":"stajerski-gospodarski-oskarji-tudi-podjetjem-v-slovenski-bistrici-na-gomilskem-in-v-mestinju","status":"publish","type":"post","link":"https:\/\/novice.si\/page\/stajerski-gospodarski-oskarji-tudi-podjetjem-v-slovenski-bistrici-na-gomilskem-in-v-mestinju\/","title":{"rendered":"\u0160tajerski gospodarski oskarji tudi podjetjem v Slovenski Bistrici, na Gomilskem in v Mestinju"},"content":{"rendered":"<p>Minulo sredo so bili v Mariboru slavnostno podeljeni prvi \u0160tajerski gospodarski oskarji in razgla\u0161en \u0160tajerski zaposlovalec 2022. Gre za nagrado, ki sta jo letos prvi\u010d skupaj podelili Regionalna gospodarska zbornica Celje in \u0160tajerska gospodarska zbornica.<\/p>\n<p><strong>Kdo so zmagovalci?<br \/>\n<\/strong>Najvi\u0161je priznanje, \u0160tajerski gospodarski oskar za leto 2022 v kategoriji velika podjetja, je prejela dru\u017eba <strong>Impol 2000 iz Slovenske Bistrice<\/strong>, ki je vodilno podjetje v trajnostni proizvodnji aluminija.<br \/>\nV kategoriji srednje velikih podjetij je gospodarskega oskarja prejel <strong>Kronoterm z Gomilskega,<\/strong> med mikro in malimi podjetji je zmago osvojilo podjetje <strong>Primius gradnje<\/strong> iz Maribora, med najperspektivnej\u0161imi podjetji pa je komisijo prepri\u010dal <strong>MOS Invest iz Mestinja. <\/strong>V kategoriji \u0161tajerski zaposlovalec je zmagala<strong> ptujska Intera.<br \/>\n<\/strong>V o\u017eji izbor nominirancev za presti\u017ene naslove se je uvrstilo \u0161e ve\u010d uglednih podjetij. Katera izveste v nadaljevanju. Pa tudi kje je imela komisija najte\u017eje delo, kaj jo je prepri\u010dalo in kako so lani poslovali dobitniki oskarjev?<\/p>\n<p><img loading=\"lazy\" decoding=\"async\" class=\"alignnone size-medium wp-image-168534\" src=\"https:\/\/novice.si\/page\/wp-content\/uploads\/2023\/10\/Stajerski-gospodarski-oskarji_18.10.2023_2-600x399.jpg\" alt=\"\" width=\"600\" height=\"399\" srcset=\"https:\/\/novice.si\/page\/wp-content\/uploads\/2023\/10\/Stajerski-gospodarski-oskarji_18.10.2023_2-600x399.jpg 600w, https:\/\/novice.si\/page\/wp-content\/uploads\/2023\/10\/Stajerski-gospodarski-oskarji_18.10.2023_2-768x511.jpg 768w, https:\/\/novice.si\/page\/wp-content\/uploads\/2023\/10\/Stajerski-gospodarski-oskarji_18.10.2023_2-696x463.jpg 696w, https:\/\/novice.si\/page\/wp-content\/uploads\/2023\/10\/Stajerski-gospodarski-oskarji_18.10.2023_2-632x420.jpg 632w, https:\/\/novice.si\/page\/wp-content\/uploads\/2023\/10\/Stajerski-gospodarski-oskarji_18.10.2023_2-24x16.jpg 24w, https:\/\/novice.si\/page\/wp-content\/uploads\/2023\/10\/Stajerski-gospodarski-oskarji_18.10.2023_2-36x24.jpg 36w, https:\/\/novice.si\/page\/wp-content\/uploads\/2023\/10\/Stajerski-gospodarski-oskarji_18.10.2023_2-48x32.jpg 48w, https:\/\/novice.si\/page\/wp-content\/uploads\/2023\/10\/Stajerski-gospodarski-oskarji_18.10.2023_2.jpg 1000w\" sizes=\"auto, (max-width: 600px) 100vw, 600px\" \/><\/p>\n<p><strong>\u0160tajerski zaposlovalec 2022 je podjetje Intera<br \/>\n<\/strong>Na razpis za \u0160tajerskega zaposlovalca 2022 se je prijavilo kar 24 podjetij, ki so izpolnjevala vse zahtevne razpisne pogoje. Vsa podjetja je komisija, ki ji je predsedoval Janez Horvat iz Zavoda RS za zaposlovanje, tudi obiskala. \u00bb\u010clani komisije smo bili pred izjemno zahtevnim izzivom, kako med dobrimi izbrati najbolj\u0161ega? Odlo\u010dale so malenkosti,\u00ab so zapisali v argumentaciji.<br \/>\n\u00bbZ zaposlenimi delamo najve\u010d, kar znamo,\u00ab je bil odgovor Petra Ladi\u010da, direktorja podjetja <strong>Intera iz Ptuja<\/strong> na vpra\u0161anje,\u00a0zakaj\u00a0bi\u00a0naj prav oni prejeli laskavi naziv \u0160tajerski zaposlovalec leta 2022. In znajo veliko! Poleg tega pa v podjetju Intera ubirajo izjemno inovativne, do sedaj \u0161e nevidene poti pri delu z zaposlenimi, s \u010dimer postajajo vzor in inspiracija za mnoga podjetja v regiji in \u0161ir\u0161e, je \u0161e zapisala komisija.<br \/>\nPoleg Intere so bila v najo\u017eji izbor za nagrado nominirana \u0161e podjetja:<strong> Zavarovalnica Sava,<\/strong> zavarovalna dru\u017eba d.d. iz Maribora, <strong>Ledinek Engineerin<\/strong> d.o.o. iz Ho\u010de,<strong> Aplast <\/strong>d.o.o iz Lo\u017enice pri \u017dalcu in<strong> Terme Olimia <\/strong>d.d., iz Pod\u010detrtka.<\/p>\n<p><strong>V kategoriji Najperspektivnej\u0161e podjetje je nagrado prejelo podjetje MOS Invest<br \/>\n<\/strong>V argumetaciji izbora je komisija zapisala: \u00bbNajperspektivnej\u0161a podjetja so tista, ki nenehno razvijajo svojo dejavnost, i\u0161\u010do\u010d vedno nove poslovne prilo\u017enosti in poslovne povezave, ki zagotavljajo rast in razvoj podjetja. Poslovni kazalci podjetja MOS Invest za leto 2022 odra\u017eajo kvalitetno rast. Odlikuje jih fleksibilnost, visok dobi\u010dek ter izjemno smeli razvojni na\u010drti tudi na podro\u010dju investicij v obnovljive vire energije, kjer \u017ee v letu 2023 pri\u010dakujejo promet v vi\u0161ini okoli milijona evrov.\u00ab<br \/>\nPodjetje <strong>MOS Invest iz Mestinja<\/strong> je v letu 2022 ustvarilo prihodkov za 902.739 evrov, neto dobi\u010dka za 431.360 evrov in dodano vrednost na zaposlenega v vi\u0161ini 338.426 evrov.<br \/>\nZa nagrado \u0160tajerski gospodarski oskar 2022 v kategoriji Najperspektivnej\u0161e podjetje sta bili nominirani \u0161e dru\u017ebi <strong>Gradnje plus<\/strong> d.o.o. iz Lenarta v Slovenskih goricah in <strong>N.E.S<\/strong>. d.o.o iz Maribora.<\/p>\n<p><strong>Med mikro in malimi podjetji nagrada podjetju Primius gradnje<br \/>\n<\/strong>Podjetje Primius gradnje je v letu 2022 ustvarilo za 10 milijonov evrov prihodkov, za 600.000 evrov neto dobi\u010dka in dodano vrednost na zaposlenega v vi\u0161ini 466.000 evrov. Ti kazalci ga ume\u0161\u010dajo na vrh te kategorije podjetij. V argumentaciji izbora je komisija med drugim zapisala tudi: \u00bbPrimius gradnje d.o.o Maribor odlikuje skrb za stalno prilagajanje zahtevam okolja in investitorjev ter trajnostni odnos do stanovanjske gradnje. To jim zagotavlja obstoj in stalni razvoj.\u00ab<br \/>\nV najo\u017eji izbor za nagrado \u0160tajerski gospodarski oskar za leto 2022 v kategoriji mikro in mala sta bila nominirani \u0161e podjetji: <strong>Ipi d.o.o. <\/strong>iz Roga\u0161ke Slatine in<strong> Mojstrovina<\/strong> d.o.o. iz Slovenske Bistrice.<\/p>\n<p><strong>V kategoriji Srednje velika podjetja nagrada podjetju Kronoterm<br \/>\n<\/strong>V najo\u017eji izbor<strong> nominirancev <\/strong>za nagrado \u0160tajerski gospodarski oskar za leto 2022 v kategoriji Srednje veliko podjetje so se uvrstila podjetja: <strong>Kronoterm <\/strong>d.o.o., Gomilsko, <strong>Merkscha <\/strong>d.o.o., Celje in <strong>Marovt <\/strong>d.o.o., Stranice.<br \/>\nZmagovalec, podjetje <strong>Kronoterm, <\/strong>je v letu 2022 ustvarilo za 42 milijonov evrov prihodkov, neto dobi\u010dka za 11 milijonov evrov in dodano vrednost na zaposlenega v vi\u0161ini 146.400 evrov. Komisija je v svoji argumentaciji med drugim zapisala: \u00bbDru\u017ebo Kronoterm odlikuje izjemno visoka u\u010dinkovitost njihovih naprav, posebno pozornost namenjajo skrbi za okolje ter uporabniku prijaznemu upravljanju z napravami, kar jim omogo\u010da vgrajena pametna inteligenca. So med vodilnimi tovrstnimi proizvajalci v svetovnem merilu.\u00ab<\/p>\n<p><strong>Presti\u017eni naslov med velikimi podjetji dru\u017ebi Impol 2000 d.d. Slovenska Bistrica<br \/>\n<\/strong>Impol 2000 d. d. je prejemnik najvi\u0161jega priznanja \u0160tajerski gospodarski oskar za leto 2022 v kategoriji velika podjetja kot vodilno podjetje v trajnostni proizvodnji aluminija.<br \/>\nDru\u017eba Impol je komisijo prepri\u010dala s svojo strategijo in premi\u0161ljenimi sklopi poslovnih odlo\u010ditev, kam in kako na dolgi rok investirati sredstva, \u010das, energijo, ve\u0161\u010dine, kreativni potencial ter druge vire organizacije. \u00bbNjihovi uspehi so plod te strategije in premi\u0161ljenega sprejemanja zahtevnih odlo\u010ditev.\u00ab<br \/>\nDru\u017eba Impol 2000 d.d. je leta 2022 proizvedla 233.000 ton izdelkov, realizirala 1.142 milijonov evrov prihodkov in ustvarila 94.530 evrov dodane vrednosti na zaposlenega. Zaposluje 2522 ljudi in je \u0161esti najve\u010dji slovenski izvoznik<em>.<br \/>\n<\/em>V najo\u017eji izbor v tej kategoriji sta bili nominirani \u0161e podjetji:<strong> Silkem Plus<\/strong> d.o.o. iz Kidri\u010devega in <strong>Perutnina Ptuj<\/strong> d.o.o.. (B.P.)20<\/p>\n<p>&nbsp;<\/p>\n","protected":false},"excerpt":{"rendered":"<p>Minulo sredo so bili v Mariboru slavnostno podeljeni prvi \u0160tajerski gospodarski oskarji in razgla\u0161en \u0160tajerski zaposlovalec 2022. Gre za nagrado, ki sta jo letos prvi\u010d skupaj podelili Regionalna gospodarska zbornica Celje in \u0160tajerska gospodarska zbornica. Kdo so zmagovalci? Najvi\u0161je priznanje, \u0160tajerski gospodarski oskar za leto 2022 v kategoriji velika podjetja, je prejela dru\u017eba Impol 2000 [&hellip;]<\/p>\n","protected":false},"author":8,"featured_media":168534,"comment_status":"closed","ping_status":"closed","sticky":false,"template":"","format":"standard","meta":{"footnotes":""},"categories":[14,32],"tags":[18959,1836,9165,8332,18960,313],"class_list":{"0":"post-168533","1":"post","2":"type-post","3":"status-publish","4":"format-standard","5":"has-post-thumbnail","7":"category-aktualno","8":"category-bistrisko","9":"tag-gospodarski-oskar","10":"tag-impol","11":"tag-kronoterm","12":"tag-mojstrovina","13":"tag-mos-invest","14":"tag-stajerska"},"yoast_head":"<!-- This site is optimized with the Yoast SEO plugin v27.4 - https:\/\/yoast.com\/product\/yoast-seo-wordpress\/ -->\n<title>\u0160tajerski gospodarski oskarji tudi podjetjem v Slovenski Bistrici, na Gomilskem in v Mestinju - Novice.si<\/title>\n<meta name=\"robots\" content=\"index, follow, max-snippet:-1, max-image-preview:large, max-video-preview:-1\" \/>\n<link rel=\"canonical\" href=\"https:\/\/novice.si\/page\/stajerski-gospodarski-oskarji-tudi-podjetjem-v-slovenski-bistrici-na-gomilskem-in-v-mestinju\/\" \/>\n<meta property=\"og:locale\" content=\"sl_SI\" \/>\n<meta property=\"og:type\" content=\"article\" \/>\n<meta property=\"og:title\" content=\"\u0160tajerski gospodarski oskarji tudi podjetjem v Slovenski Bistrici, na Gomilskem in v Mestinju - Novice.si\" \/>\n<meta property=\"og:description\" content=\"Minulo sredo so bili v Mariboru slavnostno podeljeni prvi \u0160tajerski gospodarski oskarji in razgla\u0161en \u0160tajerski zaposlovalec 2022. Gre za nagrado, ki sta jo letos prvi\u010d skupaj podelili Regionalna gospodarska zbornica Celje in \u0160tajerska gospodarska zbornica. Kdo so zmagovalci? Najvi\u0161je priznanje, \u0160tajerski gospodarski oskar za leto 2022 v kategoriji velika podjetja, je prejela dru\u017eba Impol 2000 [&hellip;]\" \/>\n<meta property=\"og:url\" content=\"https:\/\/novice.si\/page\/stajerski-gospodarski-oskarji-tudi-podjetjem-v-slovenski-bistrici-na-gomilskem-in-v-mestinju\/\" \/>\n<meta property=\"og:site_name\" content=\"Novice.si\" \/>\n<meta property=\"article:published_time\" content=\"2023-10-20T10:05:27+00:00\" \/>\n<meta property=\"og:image\" content=\"https:\/\/novice.si\/page\/wp-content\/uploads\/2023\/10\/Stajerski-gospodarski-oskarji_18.10.2023_2.jpg\" \/>\n\t<meta property=\"og:image:width\" content=\"1000\" \/>\n\t<meta property=\"og:image:height\" content=\"665\" \/>\n\t<meta property=\"og:image:type\" content=\"image\/jpeg\" \/>\n<meta name=\"author\" content=\"Uredni\u0161tvo Bistri\u0161kih novic\" \/>\n<meta name=\"twitter:card\" content=\"summary_large_image\" \/>\n<meta name=\"twitter:label1\" content=\"Written by\" \/>\n\t<meta name=\"twitter:data1\" content=\"Uredni\u0161tvo Bistri\u0161kih novic\" \/>\n\t<meta name=\"twitter:label2\" content=\"Est. reading time\" \/>\n\t<meta name=\"twitter:data2\" content=\"5 minut\" \/>\n<script type=\"application\/ld+json\" class=\"yoast-schema-graph\">{\"@context\":\"https:\\\/\\\/schema.org\",\"@graph\":[{\"@type\":\"Article\",\"@id\":\"https:\\\/\\\/novice.si\\\/page\\\/stajerski-gospodarski-oskarji-tudi-podjetjem-v-slovenski-bistrici-na-gomilskem-in-v-mestinju\\\/#article\",\"isPartOf\":{\"@id\":\"https:\\\/\\\/novice.si\\\/page\\\/stajerski-gospodarski-oskarji-tudi-podjetjem-v-slovenski-bistrici-na-gomilskem-in-v-mestinju\\\/\"},\"author\":{\"name\":\"Uredni\u0161tvo Bistri\u0161kih novic\",\"@id\":\"https:\\\/\\\/novice.si\\\/page\\\/#\\\/schema\\\/person\\\/96b32396deedcde3f7f776c306b4be21\"},\"headline\":\"\u0160tajerski gospodarski oskarji tudi podjetjem v Slovenski Bistrici, na Gomilskem in v Mestinju\",\"datePublished\":\"2023-10-20T10:05:27+00:00\",\"mainEntityOfPage\":{\"@id\":\"https:\\\/\\\/novice.si\\\/page\\\/stajerski-gospodarski-oskarji-tudi-podjetjem-v-slovenski-bistrici-na-gomilskem-in-v-mestinju\\\/\"},\"wordCount\":871,\"publisher\":{\"@id\":\"https:\\\/\\\/novice.si\\\/page\\\/#organization\"},\"image\":{\"@id\":\"https:\\\/\\\/novice.si\\\/page\\\/stajerski-gospodarski-oskarji-tudi-podjetjem-v-slovenski-bistrici-na-gomilskem-in-v-mestinju\\\/#primaryimage\"},\"thumbnailUrl\":\"https:\\\/\\\/novice.si\\\/page\\\/wp-content\\\/uploads\\\/2023\\\/10\\\/Stajerski-gospodarski-oskarji_18.10.2023_2.jpg\",\"keywords\":[\"gospodarski oskar\",\"Impol\",\"kronoterm\",\"Mojstrovina\",\"MOS Invest\",\"\u0160tajerska\"],\"articleSection\":[\"Aktualno\",\"Bistri\u0161ko\"],\"inLanguage\":\"sl-SI\"},{\"@type\":\"WebPage\",\"@id\":\"https:\\\/\\\/novice.si\\\/page\\\/stajerski-gospodarski-oskarji-tudi-podjetjem-v-slovenski-bistrici-na-gomilskem-in-v-mestinju\\\/\",\"url\":\"https:\\\/\\\/novice.si\\\/page\\\/stajerski-gospodarski-oskarji-tudi-podjetjem-v-slovenski-bistrici-na-gomilskem-in-v-mestinju\\\/\",\"name\":\"\u0160tajerski gospodarski oskarji tudi podjetjem v Slovenski Bistrici, na Gomilskem in v Mestinju - Novice.si\",\"isPartOf\":{\"@id\":\"https:\\\/\\\/novice.si\\\/page\\\/#website\"},\"primaryImageOfPage\":{\"@id\":\"https:\\\/\\\/novice.si\\\/page\\\/stajerski-gospodarski-oskarji-tudi-podjetjem-v-slovenski-bistrici-na-gomilskem-in-v-mestinju\\\/#primaryimage\"},\"image\":{\"@id\":\"https:\\\/\\\/novice.si\\\/page\\\/stajerski-gospodarski-oskarji-tudi-podjetjem-v-slovenski-bistrici-na-gomilskem-in-v-mestinju\\\/#primaryimage\"},\"thumbnailUrl\":\"https:\\\/\\\/novice.si\\\/page\\\/wp-content\\\/uploads\\\/2023\\\/10\\\/Stajerski-gospodarski-oskarji_18.10.2023_2.jpg\",\"datePublished\":\"2023-10-20T10:05:27+00:00\",\"breadcrumb\":{\"@id\":\"https:\\\/\\\/novice.si\\\/page\\\/stajerski-gospodarski-oskarji-tudi-podjetjem-v-slovenski-bistrici-na-gomilskem-in-v-mestinju\\\/#breadcrumb\"},\"inLanguage\":\"sl-SI\",\"potentialAction\":[{\"@type\":\"ReadAction\",\"target\":[\"https:\\\/\\\/novice.si\\\/page\\\/stajerski-gospodarski-oskarji-tudi-podjetjem-v-slovenski-bistrici-na-gomilskem-in-v-mestinju\\\/\"]}]},{\"@type\":\"ImageObject\",\"inLanguage\":\"sl-SI\",\"@id\":\"https:\\\/\\\/novice.si\\\/page\\\/stajerski-gospodarski-oskarji-tudi-podjetjem-v-slovenski-bistrici-na-gomilskem-in-v-mestinju\\\/#primaryimage\",\"url\":\"https:\\\/\\\/novice.si\\\/page\\\/wp-content\\\/uploads\\\/2023\\\/10\\\/Stajerski-gospodarski-oskarji_18.10.2023_2.jpg\",\"contentUrl\":\"https:\\\/\\\/novice.si\\\/page\\\/wp-content\\\/uploads\\\/2023\\\/10\\\/Stajerski-gospodarski-oskarji_18.10.2023_2.jpg\",\"width\":1000,\"height\":665},{\"@type\":\"BreadcrumbList\",\"@id\":\"https:\\\/\\\/novice.si\\\/page\\\/stajerski-gospodarski-oskarji-tudi-podjetjem-v-slovenski-bistrici-na-gomilskem-in-v-mestinju\\\/#breadcrumb\",\"itemListElement\":[{\"@type\":\"ListItem\",\"position\":1,\"name\":\"Home\",\"item\":\"https:\\\/\\\/novice.si\\\/page\\\/\"},{\"@type\":\"ListItem\",\"position\":2,\"name\":\"\u0160tajerski gospodarski oskarji tudi podjetjem v Slovenski Bistrici, na Gomilskem in v Mestinju\"}]},{\"@type\":\"WebSite\",\"@id\":\"https:\\\/\\\/novice.si\\\/page\\\/#website\",\"url\":\"https:\\\/\\\/novice.si\\\/page\\\/\",\"name\":\"Novice.si\",\"description\":\"\",\"publisher\":{\"@id\":\"https:\\\/\\\/novice.si\\\/page\\\/#organization\"},\"potentialAction\":[{\"@type\":\"SearchAction\",\"target\":{\"@type\":\"EntryPoint\",\"urlTemplate\":\"https:\\\/\\\/novice.si\\\/page\\\/?s={search_term_string}\"},\"query-input\":{\"@type\":\"PropertyValueSpecification\",\"valueRequired\":true,\"valueName\":\"search_term_string\"}}],\"inLanguage\":\"sl-SI\"},{\"@type\":\"Organization\",\"@id\":\"https:\\\/\\\/novice.si\\\/page\\\/#organization\",\"name\":\"Novice.si\",\"url\":\"https:\\\/\\\/novice.si\\\/page\\\/\",\"logo\":{\"@type\":\"ImageObject\",\"inLanguage\":\"sl-SI\",\"@id\":\"https:\\\/\\\/novice.si\\\/page\\\/#\\\/schema\\\/logo\\\/image\\\/\",\"url\":\"https:\\\/\\\/novice.si\\\/page\\\/wp-content\\\/uploads\\\/2023\\\/03\\\/novice_si.png\",\"contentUrl\":\"https:\\\/\\\/novice.si\\\/page\\\/wp-content\\\/uploads\\\/2023\\\/03\\\/novice_si.png\",\"width\":576,\"height\":200,\"caption\":\"Novice.si\"},\"image\":{\"@id\":\"https:\\\/\\\/novice.si\\\/page\\\/#\\\/schema\\\/logo\\\/image\\\/\"}},{\"@type\":\"Person\",\"@id\":\"https:\\\/\\\/novice.si\\\/page\\\/#\\\/schema\\\/person\\\/96b32396deedcde3f7f776c306b4be21\",\"name\":\"Uredni\u0161tvo Bistri\u0161kih novic\",\"image\":{\"@type\":\"ImageObject\",\"inLanguage\":\"sl-SI\",\"@id\":\"https:\\\/\\\/secure.gravatar.com\\\/avatar\\\/26c56c4b10cdb3a21e86442e5f2845a4eafdd0f3605def77ec6cff4aaef32ea4?s=96&d=mm&r=g\",\"url\":\"https:\\\/\\\/secure.gravatar.com\\\/avatar\\\/26c56c4b10cdb3a21e86442e5f2845a4eafdd0f3605def77ec6cff4aaef32ea4?s=96&d=mm&r=g\",\"contentUrl\":\"https:\\\/\\\/secure.gravatar.com\\\/avatar\\\/26c56c4b10cdb3a21e86442e5f2845a4eafdd0f3605def77ec6cff4aaef32ea4?s=96&d=mm&r=g\",\"caption\":\"Uredni\u0161tvo Bistri\u0161kih novic\"},\"url\":\"https:\\\/\\\/novice.si\\\/page\\\/author\\\/bojana\\\/\"}]}<\/script>\n<!-- \/ Yoast SEO plugin. -->","yoast_head_json":{"title":"\u0160tajerski gospodarski oskarji tudi podjetjem v Slovenski Bistrici, na Gomilskem in v Mestinju - Novice.si","robots":{"index":"index","follow":"follow","max-snippet":"max-snippet:-1","max-image-preview":"max-image-preview:large","max-video-preview":"max-video-preview:-1"},"canonical":"https:\/\/novice.si\/page\/stajerski-gospodarski-oskarji-tudi-podjetjem-v-slovenski-bistrici-na-gomilskem-in-v-mestinju\/","og_locale":"sl_SI","og_type":"article","og_title":"\u0160tajerski gospodarski oskarji tudi podjetjem v Slovenski Bistrici, na Gomilskem in v Mestinju - Novice.si","og_description":"Minulo sredo so bili v Mariboru slavnostno podeljeni prvi \u0160tajerski gospodarski oskarji in razgla\u0161en \u0160tajerski zaposlovalec 2022. Gre za nagrado, ki sta jo letos prvi\u010d skupaj podelili Regionalna gospodarska zbornica Celje in \u0160tajerska gospodarska zbornica. Kdo so zmagovalci? Najvi\u0161je priznanje, \u0160tajerski gospodarski oskar za leto 2022 v kategoriji velika podjetja, je prejela dru\u017eba Impol 2000 [&hellip;]","og_url":"https:\/\/novice.si\/page\/stajerski-gospodarski-oskarji-tudi-podjetjem-v-slovenski-bistrici-na-gomilskem-in-v-mestinju\/","og_site_name":"Novice.si","article_published_time":"2023-10-20T10:05:27+00:00","og_image":[{"width":1000,"height":665,"url":"https:\/\/novice.si\/page\/wp-content\/uploads\/2023\/10\/Stajerski-gospodarski-oskarji_18.10.2023_2.jpg","type":"image\/jpeg"}],"author":"Uredni\u0161tvo Bistri\u0161kih novic","twitter_card":"summary_large_image","twitter_misc":{"Written by":"Uredni\u0161tvo Bistri\u0161kih novic","Est. reading time":"5 minut"},"schema":{"@context":"https:\/\/schema.org","@graph":[{"@type":"Article","@id":"https:\/\/novice.si\/page\/stajerski-gospodarski-oskarji-tudi-podjetjem-v-slovenski-bistrici-na-gomilskem-in-v-mestinju\/#article","isPartOf":{"@id":"https:\/\/novice.si\/page\/stajerski-gospodarski-oskarji-tudi-podjetjem-v-slovenski-bistrici-na-gomilskem-in-v-mestinju\/"},"author":{"name":"Uredni\u0161tvo Bistri\u0161kih novic","@id":"https:\/\/novice.si\/page\/#\/schema\/person\/96b32396deedcde3f7f776c306b4be21"},"headline":"\u0160tajerski gospodarski oskarji tudi podjetjem v Slovenski Bistrici, na Gomilskem in v Mestinju","datePublished":"2023-10-20T10:05:27+00:00","mainEntityOfPage":{"@id":"https:\/\/novice.si\/page\/stajerski-gospodarski-oskarji-tudi-podjetjem-v-slovenski-bistrici-na-gomilskem-in-v-mestinju\/"},"wordCount":871,"publisher":{"@id":"https:\/\/novice.si\/page\/#organization"},"image":{"@id":"https:\/\/novice.si\/page\/stajerski-gospodarski-oskarji-tudi-podjetjem-v-slovenski-bistrici-na-gomilskem-in-v-mestinju\/#primaryimage"},"thumbnailUrl":"https:\/\/novice.si\/page\/wp-content\/uploads\/2023\/10\/Stajerski-gospodarski-oskarji_18.10.2023_2.jpg","keywords":["gospodarski oskar","Impol","kronoterm","Mojstrovina","MOS Invest","\u0160tajerska"],"articleSection":["Aktualno","Bistri\u0161ko"],"inLanguage":"sl-SI"},{"@type":"WebPage","@id":"https:\/\/novice.si\/page\/stajerski-gospodarski-oskarji-tudi-podjetjem-v-slovenski-bistrici-na-gomilskem-in-v-mestinju\/","url":"https:\/\/novice.si\/page\/stajerski-gospodarski-oskarji-tudi-podjetjem-v-slovenski-bistrici-na-gomilskem-in-v-mestinju\/","name":"\u0160tajerski gospodarski oskarji tudi podjetjem v Slovenski Bistrici, na Gomilskem in v Mestinju - Novice.si","isPartOf":{"@id":"https:\/\/novice.si\/page\/#website"},"primaryImageOfPage":{"@id":"https:\/\/novice.si\/page\/stajerski-gospodarski-oskarji-tudi-podjetjem-v-slovenski-bistrici-na-gomilskem-in-v-mestinju\/#primaryimage"},"image":{"@id":"https:\/\/novice.si\/page\/stajerski-gospodarski-oskarji-tudi-podjetjem-v-slovenski-bistrici-na-gomilskem-in-v-mestinju\/#primaryimage"},"thumbnailUrl":"https:\/\/novice.si\/page\/wp-content\/uploads\/2023\/10\/Stajerski-gospodarski-oskarji_18.10.2023_2.jpg","datePublished":"2023-10-20T10:05:27+00:00","breadcrumb":{"@id":"https:\/\/novice.si\/page\/stajerski-gospodarski-oskarji-tudi-podjetjem-v-slovenski-bistrici-na-gomilskem-in-v-mestinju\/#breadcrumb"},"inLanguage":"sl-SI","potentialAction":[{"@type":"ReadAction","target":["https:\/\/novice.si\/page\/stajerski-gospodarski-oskarji-tudi-podjetjem-v-slovenski-bistrici-na-gomilskem-in-v-mestinju\/"]}]},{"@type":"ImageObject","inLanguage":"sl-SI","@id":"https:\/\/novice.si\/page\/stajerski-gospodarski-oskarji-tudi-podjetjem-v-slovenski-bistrici-na-gomilskem-in-v-mestinju\/#primaryimage","url":"https:\/\/novice.si\/page\/wp-content\/uploads\/2023\/10\/Stajerski-gospodarski-oskarji_18.10.2023_2.jpg","contentUrl":"https:\/\/novice.si\/page\/wp-content\/uploads\/2023\/10\/Stajerski-gospodarski-oskarji_18.10.2023_2.jpg","width":1000,"height":665},{"@type":"BreadcrumbList","@id":"https:\/\/novice.si\/page\/stajerski-gospodarski-oskarji-tudi-podjetjem-v-slovenski-bistrici-na-gomilskem-in-v-mestinju\/#breadcrumb","itemListElement":[{"@type":"ListItem","position":1,"name":"Home","item":"https:\/\/novice.si\/page\/"},{"@type":"ListItem","position":2,"name":"\u0160tajerski gospodarski oskarji tudi podjetjem v Slovenski Bistrici, na Gomilskem in v Mestinju"}]},{"@type":"WebSite","@id":"https:\/\/novice.si\/page\/#website","url":"https:\/\/novice.si\/page\/","name":"Novice.si","description":"","publisher":{"@id":"https:\/\/novice.si\/page\/#organization"},"potentialAction":[{"@type":"SearchAction","target":{"@type":"EntryPoint","urlTemplate":"https:\/\/novice.si\/page\/?s={search_term_string}"},"query-input":{"@type":"PropertyValueSpecification","valueRequired":true,"valueName":"search_term_string"}}],"inLanguage":"sl-SI"},{"@type":"Organization","@id":"https:\/\/novice.si\/page\/#organization","name":"Novice.si","url":"https:\/\/novice.si\/page\/","logo":{"@type":"ImageObject","inLanguage":"sl-SI","@id":"https:\/\/novice.si\/page\/#\/schema\/logo\/image\/","url":"https:\/\/novice.si\/page\/wp-content\/uploads\/2023\/03\/novice_si.png","contentUrl":"https:\/\/novice.si\/page\/wp-content\/uploads\/2023\/03\/novice_si.png","width":576,"height":200,"caption":"Novice.si"},"image":{"@id":"https:\/\/novice.si\/page\/#\/schema\/logo\/image\/"}},{"@type":"Person","@id":"https:\/\/novice.si\/page\/#\/schema\/person\/96b32396deedcde3f7f776c306b4be21","name":"Uredni\u0161tvo Bistri\u0161kih novic","image":{"@type":"ImageObject","inLanguage":"sl-SI","@id":"https:\/\/secure.gravatar.com\/avatar\/26c56c4b10cdb3a21e86442e5f2845a4eafdd0f3605def77ec6cff4aaef32ea4?s=96&d=mm&r=g","url":"https:\/\/secure.gravatar.com\/avatar\/26c56c4b10cdb3a21e86442e5f2845a4eafdd0f3605def77ec6cff4aaef32ea4?s=96&d=mm&r=g","contentUrl":"https:\/\/secure.gravatar.com\/avatar\/26c56c4b10cdb3a21e86442e5f2845a4eafdd0f3605def77ec6cff4aaef32ea4?s=96&d=mm&r=g","caption":"Uredni\u0161tvo Bistri\u0161kih novic"},"url":"https:\/\/novice.si\/page\/author\/bojana\/"}]}},"_links":{"self":[{"href":"https:\/\/novice.si\/page\/wp-json\/wp\/v2\/posts\/168533","targetHints":{"allow":["GET"]}}],"collection":[{"href":"https:\/\/novice.si\/page\/wp-json\/wp\/v2\/posts"}],"about":[{"href":"https:\/\/novice.si\/page\/wp-json\/wp\/v2\/types\/post"}],"author":[{"embeddable":true,"href":"https:\/\/novice.si\/page\/wp-json\/wp\/v2\/users\/8"}],"replies":[{"embeddable":true,"href":"https:\/\/novice.si\/page\/wp-json\/wp\/v2\/comments?post=168533"}],"version-history":[{"count":2,"href":"https:\/\/novice.si\/page\/wp-json\/wp\/v2\/posts\/168533\/revisions"}],"predecessor-version":[{"id":168561,"href":"https:\/\/novice.si\/page\/wp-json\/wp\/v2\/posts\/168533\/revisions\/168561"}],"wp:featuredmedia":[{"embeddable":true,"href":"https:\/\/novice.si\/page\/wp-json\/wp\/v2\/media\/168534"}],"wp:attachment":[{"href":"https:\/\/novice.si\/page\/wp-json\/wp\/v2\/media?parent=168533"}],"wp:term":[{"taxonomy":"category","embeddable":true,"href":"https:\/\/novice.si\/page\/wp-json\/wp\/v2\/categories?post=168533"},{"taxonomy":"post_tag","embeddable":true,"href":"https:\/\/novice.si\/page\/wp-json\/wp\/v2\/tags?post=168533"}],"curies":[{"name":"wp","href":"https:\/\/api.w.org\/{rel}","templated":true}]}}