{"id":168501,"date":"2023-10-17T09:45:57","date_gmt":"2023-10-17T07:45:57","guid":{"rendered":"https:\/\/novice.si\/page\/?p=168501"},"modified":"2023-10-18T07:11:48","modified_gmt":"2023-10-18T05:11:48","slug":"nika-je-nazaj","status":"publish","type":"post","link":"https:\/\/novice.si\/page\/nika-je-nazaj\/","title":{"rendered":"Nika Zorjan je nazaj!"},"content":{"rendered":"<p><img loading=\"lazy\" decoding=\"async\" src=\"https:\/\/novice.si\/page\/wp-content\/uploads\/2023\/10\/20231017_083058.jpg\" alt=\"\" width=\"366\" height=\"400\" class=\"alignleft size-full wp-image-168502\" \/>Nika Zorjan se po polletni odsotnosti vra\u010da z novo pesmijo &#8216;Rojena, da mi je lepo&#8217;. Nika je spomladi ugotovila, da ima te\u017eave z glasilkami, zaradi katerih je morala hoditi k Logopedu, da se je ponovno nau\u010dila pravilno govoriti. Posledi\u010dno pol leta ni prepevala, zdaj pa se vra\u010da tako na odre kot radijske postaje. Iztok in Peter sta jo \u017ee gostila v Dobrem jutru na Radiu Rogla, kjer je z odliko opravila izziv metanja koruze v usta, prav tako pa smo v rubriki &#8216;Milimetri in zvezde&#8217; ugotovili, da ima Nika 78-milimetrskega. \ud83d\ude01<\/p>\n<p><iframe loading=\"lazy\" src=\"https:\/\/www.facebook.com\/plugins\/video.php?height=314&#038;href=https%3A%2F%2Fwww.facebook.com%2FRadioRogla%2Fvideos%2F218316857769028%2F&#038;show_text=false&#038;width=640&#038;t=0\" width=\"640\" height=\"380\" style=\"border:none;overflow:hidden\" scrolling=\"no\" frameborder=\"0\" allowfullscreen=\"true\" allow=\"autoplay; clipboard-write; encrypted-media; picture-in-picture; web-share\" allowFullScreen=\"true\"><\/iframe><br \/>\n<iframe loading=\"lazy\" src=\"https:\/\/www.facebook.com\/plugins\/video.php?height=314&#038;href=https%3A%2F%2Fwww.facebook.com%2FRadioRogla%2Fvideos%2F2100227433653475%2F&#038;show_text=false&#038;width=640&#038;t=0\" width=\"640\" height=\"380\" style=\"border:none;overflow:hidden\" scrolling=\"no\" frameborder=\"0\" allowfullscreen=\"true\" allow=\"autoplay; clipboard-write; encrypted-media; picture-in-picture; web-share\" allowFullScreen=\"true\"><\/iframe><br \/>\n<iframe loading=\"lazy\" width=\"640\" height=\"380\" src=\"https:\/\/www.youtube.com\/embed\/vj4dhmBM9KU?si=HSwnPouq75zILGls\" title=\"YouTube video player\" frameborder=\"0\" allow=\"accelerometer; autoplay; clipboard-write; encrypted-media; gyroscope; picture-in-picture; web-share\" allowfullscreen><\/iframe><\/p>\n","protected":false},"excerpt":{"rendered":"<p>Nika Zorjan se po polletni odsotnosti vra\u010da z novo pesmijo &#8216;Rojena, da mi je lepo&#8217;. Nika je spomladi ugotovila, da ima te\u017eave z glasilkami, zaradi katerih je morala hoditi k Logopedu, da se je ponovno nau\u010dila pravilno govoriti. Posledi\u010dno pol leta ni prepevala, zdaj pa se vra\u010da tako na odre kot radijske postaje. Iztok in [&hellip;]<\/p>\n","protected":false},"author":10,"featured_media":168503,"comment_status":"closed","ping_status":"closed","sticky":false,"template":"","format":"standard","meta":{"footnotes":""},"categories":[14,15,3108],"tags":[18945,18943,18944],"class_list":{"0":"post-168501","1":"post","2":"type-post","3":"status-publish","4":"format-standard","5":"has-post-thumbnail","7":"category-aktualno","8":"category-druzabno","9":"category-radio-rogla","10":"tag-da-mi-je-lepo","11":"tag-nika-zorjan","12":"tag-rojena"},"yoast_head":"<!-- This site is optimized with the Yoast SEO plugin v27.4 - https:\/\/yoast.com\/product\/yoast-seo-wordpress\/ -->\n<title>Nika Zorjan - Nika Zorjan je nazaj! - Novice.si<\/title>\n<meta name=\"description\" content=\"Nika Zorjan se po polletni odsotnosti vra\u010da z novo pesmijo &#039;Rojena, da mi je lepo&#039;. Nika je spomladi ugotovila, da ima te\u017eave z glasilkami.\" \/>\n<meta name=\"robots\" content=\"index, follow, max-snippet:-1, max-image-preview:large, max-video-preview:-1\" \/>\n<link rel=\"canonical\" href=\"https:\/\/novice.si\/page\/nika-je-nazaj\/\" \/>\n<meta property=\"og:locale\" content=\"sl_SI\" \/>\n<meta property=\"og:type\" content=\"article\" \/>\n<meta property=\"og:title\" content=\"Nika Zorjan - Nika Zorjan je nazaj! - Novice.si\" \/>\n<meta property=\"og:description\" content=\"Nika Zorjan se po polletni odsotnosti vra\u010da z novo pesmijo &#039;Rojena, da mi je lepo&#039;. Nika je spomladi ugotovila, da ima te\u017eave z glasilkami.\" \/>\n<meta property=\"og:url\" content=\"https:\/\/novice.si\/page\/nika-je-nazaj\/\" \/>\n<meta property=\"og:site_name\" content=\"Novice.si\" \/>\n<meta property=\"article:published_time\" content=\"2023-10-17T07:45:57+00:00\" \/>\n<meta property=\"article:modified_time\" content=\"2023-10-18T05:11:48+00:00\" \/>\n<meta property=\"og:image\" content=\"https:\/\/novice.si\/page\/wp-content\/uploads\/2023\/10\/20231017_083117.jpg\" \/>\n\t<meta property=\"og:image:width\" content=\"2000\" \/>\n\t<meta property=\"og:image:height\" content=\"1309\" \/>\n\t<meta property=\"og:image:type\" content=\"image\/jpeg\" \/>\n<meta name=\"author\" content=\"Iztok Krajnc\" \/>\n<meta name=\"twitter:card\" content=\"summary_large_image\" \/>\n<meta name=\"twitter:label1\" content=\"Written by\" \/>\n\t<meta name=\"twitter:data1\" content=\"Iztok Krajnc\" \/>\n\t<meta name=\"twitter:label2\" content=\"Est. reading time\" \/>\n\t<meta name=\"twitter:data2\" content=\"1 minuta\" \/>\n<script type=\"application\/ld+json\" class=\"yoast-schema-graph\">{\"@context\":\"https:\\\/\\\/schema.org\",\"@graph\":[{\"@type\":\"Article\",\"@id\":\"https:\\\/\\\/novice.si\\\/page\\\/nika-je-nazaj\\\/#article\",\"isPartOf\":{\"@id\":\"https:\\\/\\\/novice.si\\\/page\\\/nika-je-nazaj\\\/\"},\"author\":{\"name\":\"Iztok Krajnc\",\"@id\":\"https:\\\/\\\/novice.si\\\/page\\\/#\\\/schema\\\/person\\\/92fda8564875f655675c886e4df22216\"},\"headline\":\"Nika Zorjan je nazaj!\",\"datePublished\":\"2023-10-17T07:45:57+00:00\",\"dateModified\":\"2023-10-18T05:11:48+00:00\",\"mainEntityOfPage\":{\"@id\":\"https:\\\/\\\/novice.si\\\/page\\\/nika-je-nazaj\\\/\"},\"wordCount\":99,\"publisher\":{\"@id\":\"https:\\\/\\\/novice.si\\\/page\\\/#organization\"},\"image\":{\"@id\":\"https:\\\/\\\/novice.si\\\/page\\\/nika-je-nazaj\\\/#primaryimage\"},\"thumbnailUrl\":\"https:\\\/\\\/novice.si\\\/page\\\/wp-content\\\/uploads\\\/2023\\\/10\\\/20231017_083117.jpg\",\"keywords\":[\"da mi je lepo\",\"nika zorjan\",\"rojena\"],\"articleSection\":[\"Aktualno\",\"Dru\u017eabno\",\"Radio Rogla\"],\"inLanguage\":\"sl-SI\"},{\"@type\":\"WebPage\",\"@id\":\"https:\\\/\\\/novice.si\\\/page\\\/nika-je-nazaj\\\/\",\"url\":\"https:\\\/\\\/novice.si\\\/page\\\/nika-je-nazaj\\\/\",\"name\":\"Nika Zorjan - Nika Zorjan je nazaj! - Novice.si\",\"isPartOf\":{\"@id\":\"https:\\\/\\\/novice.si\\\/page\\\/#website\"},\"primaryImageOfPage\":{\"@id\":\"https:\\\/\\\/novice.si\\\/page\\\/nika-je-nazaj\\\/#primaryimage\"},\"image\":{\"@id\":\"https:\\\/\\\/novice.si\\\/page\\\/nika-je-nazaj\\\/#primaryimage\"},\"thumbnailUrl\":\"https:\\\/\\\/novice.si\\\/page\\\/wp-content\\\/uploads\\\/2023\\\/10\\\/20231017_083117.jpg\",\"datePublished\":\"2023-10-17T07:45:57+00:00\",\"dateModified\":\"2023-10-18T05:11:48+00:00\",\"description\":\"Nika Zorjan se po polletni odsotnosti vra\u010da z novo pesmijo 'Rojena, da mi je lepo'. Nika je spomladi ugotovila, da ima te\u017eave z glasilkami.\",\"breadcrumb\":{\"@id\":\"https:\\\/\\\/novice.si\\\/page\\\/nika-je-nazaj\\\/#breadcrumb\"},\"inLanguage\":\"sl-SI\",\"potentialAction\":[{\"@type\":\"ReadAction\",\"target\":[\"https:\\\/\\\/novice.si\\\/page\\\/nika-je-nazaj\\\/\"]}]},{\"@type\":\"ImageObject\",\"inLanguage\":\"sl-SI\",\"@id\":\"https:\\\/\\\/novice.si\\\/page\\\/nika-je-nazaj\\\/#primaryimage\",\"url\":\"https:\\\/\\\/novice.si\\\/page\\\/wp-content\\\/uploads\\\/2023\\\/10\\\/20231017_083117.jpg\",\"contentUrl\":\"https:\\\/\\\/novice.si\\\/page\\\/wp-content\\\/uploads\\\/2023\\\/10\\\/20231017_083117.jpg\",\"width\":2000,\"height\":1309},{\"@type\":\"BreadcrumbList\",\"@id\":\"https:\\\/\\\/novice.si\\\/page\\\/nika-je-nazaj\\\/#breadcrumb\",\"itemListElement\":[{\"@type\":\"ListItem\",\"position\":1,\"name\":\"Home\",\"item\":\"https:\\\/\\\/novice.si\\\/page\\\/\"},{\"@type\":\"ListItem\",\"position\":2,\"name\":\"Nika Zorjan je nazaj!\"}]},{\"@type\":\"WebSite\",\"@id\":\"https:\\\/\\\/novice.si\\\/page\\\/#website\",\"url\":\"https:\\\/\\\/novice.si\\\/page\\\/\",\"name\":\"Novice.si\",\"description\":\"\",\"publisher\":{\"@id\":\"https:\\\/\\\/novice.si\\\/page\\\/#organization\"},\"potentialAction\":[{\"@type\":\"SearchAction\",\"target\":{\"@type\":\"EntryPoint\",\"urlTemplate\":\"https:\\\/\\\/novice.si\\\/page\\\/?s={search_term_string}\"},\"query-input\":{\"@type\":\"PropertyValueSpecification\",\"valueRequired\":true,\"valueName\":\"search_term_string\"}}],\"inLanguage\":\"sl-SI\"},{\"@type\":\"Organization\",\"@id\":\"https:\\\/\\\/novice.si\\\/page\\\/#organization\",\"name\":\"Novice.si\",\"url\":\"https:\\\/\\\/novice.si\\\/page\\\/\",\"logo\":{\"@type\":\"ImageObject\",\"inLanguage\":\"sl-SI\",\"@id\":\"https:\\\/\\\/novice.si\\\/page\\\/#\\\/schema\\\/logo\\\/image\\\/\",\"url\":\"https:\\\/\\\/novice.si\\\/page\\\/wp-content\\\/uploads\\\/2023\\\/03\\\/novice_si.png\",\"contentUrl\":\"https:\\\/\\\/novice.si\\\/page\\\/wp-content\\\/uploads\\\/2023\\\/03\\\/novice_si.png\",\"width\":576,\"height\":200,\"caption\":\"Novice.si\"},\"image\":{\"@id\":\"https:\\\/\\\/novice.si\\\/page\\\/#\\\/schema\\\/logo\\\/image\\\/\"}},{\"@type\":\"Person\",\"@id\":\"https:\\\/\\\/novice.si\\\/page\\\/#\\\/schema\\\/person\\\/92fda8564875f655675c886e4df22216\",\"name\":\"Iztok Krajnc\",\"image\":{\"@type\":\"ImageObject\",\"inLanguage\":\"sl-SI\",\"@id\":\"https:\\\/\\\/secure.gravatar.com\\\/avatar\\\/2790ff125f883a5a9cb934a574322d28ea850f8f4494d77b487c1950e0096015?s=96&d=mm&r=g\",\"url\":\"https:\\\/\\\/secure.gravatar.com\\\/avatar\\\/2790ff125f883a5a9cb934a574322d28ea850f8f4494d77b487c1950e0096015?s=96&d=mm&r=g\",\"contentUrl\":\"https:\\\/\\\/secure.gravatar.com\\\/avatar\\\/2790ff125f883a5a9cb934a574322d28ea850f8f4494d77b487c1950e0096015?s=96&d=mm&r=g\",\"caption\":\"Iztok Krajnc\"},\"url\":\"https:\\\/\\\/novice.si\\\/page\\\/author\\\/iztok\\\/\"}]}<\/script>\n<!-- \/ Yoast SEO plugin. -->","yoast_head_json":{"title":"Nika Zorjan - Nika Zorjan je nazaj! - Novice.si","description":"Nika Zorjan se po polletni odsotnosti vra\u010da z novo pesmijo 'Rojena, da mi je lepo'. Nika je spomladi ugotovila, da ima te\u017eave z glasilkami.","robots":{"index":"index","follow":"follow","max-snippet":"max-snippet:-1","max-image-preview":"max-image-preview:large","max-video-preview":"max-video-preview:-1"},"canonical":"https:\/\/novice.si\/page\/nika-je-nazaj\/","og_locale":"sl_SI","og_type":"article","og_title":"Nika Zorjan - Nika Zorjan je nazaj! - Novice.si","og_description":"Nika Zorjan se po polletni odsotnosti vra\u010da z novo pesmijo 'Rojena, da mi je lepo'. Nika je spomladi ugotovila, da ima te\u017eave z glasilkami.","og_url":"https:\/\/novice.si\/page\/nika-je-nazaj\/","og_site_name":"Novice.si","article_published_time":"2023-10-17T07:45:57+00:00","article_modified_time":"2023-10-18T05:11:48+00:00","og_image":[{"width":2000,"height":1309,"url":"https:\/\/novice.si\/page\/wp-content\/uploads\/2023\/10\/20231017_083117.jpg","type":"image\/jpeg"}],"author":"Iztok Krajnc","twitter_card":"summary_large_image","twitter_misc":{"Written by":"Iztok Krajnc","Est. reading time":"1 minuta"},"schema":{"@context":"https:\/\/schema.org","@graph":[{"@type":"Article","@id":"https:\/\/novice.si\/page\/nika-je-nazaj\/#article","isPartOf":{"@id":"https:\/\/novice.si\/page\/nika-je-nazaj\/"},"author":{"name":"Iztok Krajnc","@id":"https:\/\/novice.si\/page\/#\/schema\/person\/92fda8564875f655675c886e4df22216"},"headline":"Nika Zorjan je nazaj!","datePublished":"2023-10-17T07:45:57+00:00","dateModified":"2023-10-18T05:11:48+00:00","mainEntityOfPage":{"@id":"https:\/\/novice.si\/page\/nika-je-nazaj\/"},"wordCount":99,"publisher":{"@id":"https:\/\/novice.si\/page\/#organization"},"image":{"@id":"https:\/\/novice.si\/page\/nika-je-nazaj\/#primaryimage"},"thumbnailUrl":"https:\/\/novice.si\/page\/wp-content\/uploads\/2023\/10\/20231017_083117.jpg","keywords":["da mi je lepo","nika zorjan","rojena"],"articleSection":["Aktualno","Dru\u017eabno","Radio Rogla"],"inLanguage":"sl-SI"},{"@type":"WebPage","@id":"https:\/\/novice.si\/page\/nika-je-nazaj\/","url":"https:\/\/novice.si\/page\/nika-je-nazaj\/","name":"Nika Zorjan - Nika Zorjan je nazaj! - Novice.si","isPartOf":{"@id":"https:\/\/novice.si\/page\/#website"},"primaryImageOfPage":{"@id":"https:\/\/novice.si\/page\/nika-je-nazaj\/#primaryimage"},"image":{"@id":"https:\/\/novice.si\/page\/nika-je-nazaj\/#primaryimage"},"thumbnailUrl":"https:\/\/novice.si\/page\/wp-content\/uploads\/2023\/10\/20231017_083117.jpg","datePublished":"2023-10-17T07:45:57+00:00","dateModified":"2023-10-18T05:11:48+00:00","description":"Nika Zorjan se po polletni odsotnosti vra\u010da z novo pesmijo 'Rojena, da mi je lepo'. Nika je spomladi ugotovila, da ima te\u017eave z glasilkami.","breadcrumb":{"@id":"https:\/\/novice.si\/page\/nika-je-nazaj\/#breadcrumb"},"inLanguage":"sl-SI","potentialAction":[{"@type":"ReadAction","target":["https:\/\/novice.si\/page\/nika-je-nazaj\/"]}]},{"@type":"ImageObject","inLanguage":"sl-SI","@id":"https:\/\/novice.si\/page\/nika-je-nazaj\/#primaryimage","url":"https:\/\/novice.si\/page\/wp-content\/uploads\/2023\/10\/20231017_083117.jpg","contentUrl":"https:\/\/novice.si\/page\/wp-content\/uploads\/2023\/10\/20231017_083117.jpg","width":2000,"height":1309},{"@type":"BreadcrumbList","@id":"https:\/\/novice.si\/page\/nika-je-nazaj\/#breadcrumb","itemListElement":[{"@type":"ListItem","position":1,"name":"Home","item":"https:\/\/novice.si\/page\/"},{"@type":"ListItem","position":2,"name":"Nika Zorjan je nazaj!"}]},{"@type":"WebSite","@id":"https:\/\/novice.si\/page\/#website","url":"https:\/\/novice.si\/page\/","name":"Novice.si","description":"","publisher":{"@id":"https:\/\/novice.si\/page\/#organization"},"potentialAction":[{"@type":"SearchAction","target":{"@type":"EntryPoint","urlTemplate":"https:\/\/novice.si\/page\/?s={search_term_string}"},"query-input":{"@type":"PropertyValueSpecification","valueRequired":true,"valueName":"search_term_string"}}],"inLanguage":"sl-SI"},{"@type":"Organization","@id":"https:\/\/novice.si\/page\/#organization","name":"Novice.si","url":"https:\/\/novice.si\/page\/","logo":{"@type":"ImageObject","inLanguage":"sl-SI","@id":"https:\/\/novice.si\/page\/#\/schema\/logo\/image\/","url":"https:\/\/novice.si\/page\/wp-content\/uploads\/2023\/03\/novice_si.png","contentUrl":"https:\/\/novice.si\/page\/wp-content\/uploads\/2023\/03\/novice_si.png","width":576,"height":200,"caption":"Novice.si"},"image":{"@id":"https:\/\/novice.si\/page\/#\/schema\/logo\/image\/"}},{"@type":"Person","@id":"https:\/\/novice.si\/page\/#\/schema\/person\/92fda8564875f655675c886e4df22216","name":"Iztok Krajnc","image":{"@type":"ImageObject","inLanguage":"sl-SI","@id":"https:\/\/secure.gravatar.com\/avatar\/2790ff125f883a5a9cb934a574322d28ea850f8f4494d77b487c1950e0096015?s=96&d=mm&r=g","url":"https:\/\/secure.gravatar.com\/avatar\/2790ff125f883a5a9cb934a574322d28ea850f8f4494d77b487c1950e0096015?s=96&d=mm&r=g","contentUrl":"https:\/\/secure.gravatar.com\/avatar\/2790ff125f883a5a9cb934a574322d28ea850f8f4494d77b487c1950e0096015?s=96&d=mm&r=g","caption":"Iztok Krajnc"},"url":"https:\/\/novice.si\/page\/author\/iztok\/"}]}},"_links":{"self":[{"href":"https:\/\/novice.si\/page\/wp-json\/wp\/v2\/posts\/168501","targetHints":{"allow":["GET"]}}],"collection":[{"href":"https:\/\/novice.si\/page\/wp-json\/wp\/v2\/posts"}],"about":[{"href":"https:\/\/novice.si\/page\/wp-json\/wp\/v2\/types\/post"}],"author":[{"embeddable":true,"href":"https:\/\/novice.si\/page\/wp-json\/wp\/v2\/users\/10"}],"replies":[{"embeddable":true,"href":"https:\/\/novice.si\/page\/wp-json\/wp\/v2\/comments?post=168501"}],"version-history":[{"count":2,"href":"https:\/\/novice.si\/page\/wp-json\/wp\/v2\/posts\/168501\/revisions"}],"predecessor-version":[{"id":168505,"href":"https:\/\/novice.si\/page\/wp-json\/wp\/v2\/posts\/168501\/revisions\/168505"}],"wp:featuredmedia":[{"embeddable":true,"href":"https:\/\/novice.si\/page\/wp-json\/wp\/v2\/media\/168503"}],"wp:attachment":[{"href":"https:\/\/novice.si\/page\/wp-json\/wp\/v2\/media?parent=168501"}],"wp:term":[{"taxonomy":"category","embeddable":true,"href":"https:\/\/novice.si\/page\/wp-json\/wp\/v2\/categories?post=168501"},{"taxonomy":"post_tag","embeddable":true,"href":"https:\/\/novice.si\/page\/wp-json\/wp\/v2\/tags?post=168501"}],"curies":[{"name":"wp","href":"https:\/\/api.w.org\/{rel}","templated":true}]}}